{"id":146167,"date":"2023-11-24T20:10:51","date_gmt":"2023-11-24T19:10:51","guid":{"rendered":"https:\/\/www.bellunopress.it\/?p=146167"},"modified":"2023-11-29T08:11:35","modified_gmt":"2023-11-29T07:11:35","slug":"25-novembre-giornata-internazionale-per-leliminazione-della-violenza-contro-le-donne-le-iniziative","status":"publish","type":"post","link":"https:\/\/www.bellunopress.it\/fr\/2023\/11\/24\/25-novembre-giornata-internazionale-per-leliminazione-della-violenza-contro-le-donne-le-iniziative\/","title":{"rendered":"25 novembre, Giornata internazionale per l&#8217;eliminazione della violenza contro le donne. Le iniziative"},"content":{"rendered":"<figure id=\"attachment_135245\" aria-describedby=\"caption-attachment-135245\" style=\"width: 803px\" class=\"wp-caption alignleft\"><img loading=\"lazy\" decoding=\"async\" class=\"size-full wp-image-135245\" src=\"https:\/\/www.bellunopress.it\/wp-content\/uploads\/2022\/07\/Oscar-De-Pellegrin-sindaco-di-Belluno_edited.jpg\" alt=\"\" width=\"803\" height=\"1000\" srcset=\"https:\/\/www.bellunopress.it\/wp-content\/uploads\/2022\/07\/Oscar-De-Pellegrin-sindaco-di-Belluno_edited.jpg 803w, https:\/\/www.bellunopress.it\/wp-content\/uploads\/2022\/07\/Oscar-De-Pellegrin-sindaco-di-Belluno_edited-402x500.jpg 402w, https:\/\/www.bellunopress.it\/wp-content\/uploads\/2022\/07\/Oscar-De-Pellegrin-sindaco-di-Belluno_edited-696x867.jpg 696w, https:\/\/www.bellunopress.it\/wp-content\/uploads\/2022\/07\/Oscar-De-Pellegrin-sindaco-di-Belluno_edited-337x420.jpg 337w\" sizes=\"auto, (max-width: 803px) 100vw, 803px\" \/><figcaption id=\"caption-attachment-135245\" class=\"wp-caption-text\">Oscar De Pellegrin, sindaco di Belluno<\/figcaption><\/figure>\n<p>Leggere i segnali, imparare a capire e a vivere le emozioni, tutte anche quelle negative, considerare le sconfitte come momenti preziosi di crescita. E poi, chiedere aiuto, condividere con famigliari e amici l\u2019esperienza, diffondere una cultura del rispetto.<\/p>\n<p>\u201cI numeri emersi in questi giorni, nazionali e anche provinciali, spaventano e ci chiamano tutti ad un senso di responsabilit\u00e0 \u2013 dichiara il sindaco di Belluno Oscar De Pellegrin -: cosa stiamo facendo perch\u00e9 la violenza non si ripeta? Il fenomeno \u00e8 diffuso, grave e complesso, va affrontato con un piano di azioni strutturato che coinvolga adulti come i giovani, va diffusa una mentalit\u00e0 nuova e occorre farlo subito. Nessuno di noi deve tirarsene fuori, la mentalit\u00e0 del rispetto \u00e8 alla base del vivere civile di una comunit\u00e0\u201d.<br \/>\n\u201cE\u2019 una lotta senza schieramenti e senza pregiudizi, quella contro la vio-lenza di genere \u2013 commenta l\u2019assessore alle pari opportunit\u00e0 del Comune di Belluno, Simonetta Buttignon -, nella quale dobbiamo sentirci coinvolti tutti. Come Comune stiamo lavorando su molti fronti\u201d.<\/p>\n<p><strong>Le iniziative\u00a0<\/strong><\/p>\n<p>Tra le iniziative di domani, sabato 25 novembre, Giornata internazionale per l\u2019eliminazione della violenza contro le donne, ci sar\u00e0 l&#8217;incontro incontro alle ore 16 nella sala della Parrocchia di Cavarzano dal titolo \u201cA voce alta\u201d organizzato dalla Cgil di Belluno. Condurr\u00e0 l\u2019incontro Loredana Brug\u00e8 della Spi Cgil. Interverranno: <a href=\"http:\/\/www.robertodenart.com\">Roberto De Nart<\/a>, autore del libro \u201cOmicidio di Emma Canton\u201d tratto dagli atti processuali dell\u2019Archivio di Stato di Venezia, Anna Cubattoli presidente dell\u2019Associazione BellunoDonna, Piermario Fop dell\u2019Associazione Libera Veneto. Trarr\u00e0 le conclusioni la segretaria generale della Cgil Belluno Denise Casanova. Ci sar\u00e0 anche il Gruppo \u201cVoci di passaggio\u201d che dar\u00e0 lettura di alcuni passaggi del libro. Ingresso gratuito al Museo Fulcis di Belluno per la mostra di Gino Tonello dedicata alla violenza di genere, la diffusione su Telebelluno di video informativi e di materiale cartaceo nelle scuole nell\u2019ambito del progetto \u201cRead the Signs\u201d proposto dal Soroptomist International Belluno Feltre e che vede il Comune collaborare per diffondere il messaggio e per partecipare agli incontri che diversi dirigenti scolastiche hanno gi\u00e0 richiesto, oltre alla diffusione dal sito istituzionale del Comune di Belluno di un video con testimonianze di vittime e di aggressori realizzato dall\u2019ULSS 1 Dolomiti in collaborazione con Comune, le associazioni Una casa per l&#8217;uomo e Belluno Donna, la Caritas e il consultorio familiare UCIPEM. Nella giornata di domani \u00e8 previsto anche il secondo appunta-mento promosso dall\u2019Assessorato alla cultura e rivolto alle scuole per guidare i ragazzi degli istituti superiori alla visita della mostra di Tonello e riflettere insieme, in un momento di dialogo e di approfondimento, sul suo significato; un primo incontro era gi\u00e0 stato il 18 novembre e un terzo seguir\u00e0 il 2 dicembre. A questi progetti si aggiunge l\u2019avvio, il prossimo 2 dicembre, della seconda edizione di \u201cEmozioniamoci\u201d, un corso gratuito rivolto ai giovani tra i 18 e i 26 anni, dedicato alla scoperta del mondo emotivo, delle sue difficolt\u00e0 e delle sue risorse, sia personali che relazionali; l\u2019iniziativa del Comune di Belluno \u2013 Assessorato alle politiche giovanili \u00e8 organizzata in collaborazione con la psicologa psicoterapeuta Giovanna Ninni.<\/p>\n<p>&nbsp;<\/p>","protected":false},"excerpt":{"rendered":"<p>Leggere i segnali, imparare a capire e a vivere le emozioni, tutte anche quelle negative, considerare le sconfitte come momenti preziosi di crescita. E poi, chiedere aiuto, condividere con famigliari e amici l\u2019esperienza, diffondere una cultura del rispetto. \u201cI numeri emersi in questi giorni, nazionali e anche provinciali, spaventano e ci chiamano tutti ad un [&hellip;]<\/p>\n","protected":false},"author":2,"featured_media":146168,"comment_status":"closed","ping_status":"open","sticky":false,"template":"","format":"standard","meta":{"footnotes":""},"categories":[27,26,8],"tags":[],"class_list":["post-146167","post","type-post","status-publish","format-standard","has-post-thumbnail","category-appuntamenti","category-prima-pagina","category-societa-istituzioni"],"yoast_head":"<!-- This site is optimized with the Yoast SEO plugin v28.4 - https:\/\/yoast.com\/product\/yoast-seo-wordpress\/ -->\n<title>25 novembre, Giornata internazionale per l&#039;eliminazione della violenza contro le donne. Le iniziative - Bellunopress - Dolomiti<\/title>\n<meta name=\"robots\" content=\"index, follow, max-snippet:-1, max-image-preview:large, max-video-preview:-1\" \/>\n<link rel=\"canonical\" href=\"https:\/\/www.bellunopress.it\/fr\/2023\/11\/24\/25-novembre-giornata-internazionale-per-leliminazione-della-violenza-contro-le-donne-le-iniziative\/\" \/>\n<meta property=\"og:locale\" content=\"fr_FR\" \/>\n<meta property=\"og:type\" content=\"article\" \/>\n<meta property=\"og:title\" content=\"25 novembre, Giornata internazionale per l&#039;eliminazione della violenza contro le donne. Le iniziative - Bellunopress - Dolomiti\" \/>\n<meta property=\"og:description\" content=\"Leggere i segnali, imparare a capire e a vivere le emozioni, tutte anche quelle negative, considerare le sconfitte come momenti preziosi di crescita. E poi, chiedere aiuto, condividere con famigliari e amici l\u2019esperienza, diffondere una cultura del rispetto. \u201cI numeri emersi in questi giorni, nazionali e anche provinciali, spaventano e ci chiamano tutti ad un [&hellip;]\" \/>\n<meta property=\"og:url\" content=\"https:\/\/www.bellunopress.it\/fr\/2023\/11\/24\/25-novembre-giornata-internazionale-per-leliminazione-della-violenza-contro-le-donne-le-iniziative\/\" \/>\n<meta property=\"og:site_name\" content=\"Bellunopress - Dolomiti\" \/>\n<meta property=\"article:publisher\" content=\"https:\/\/www.facebook.com\/profile.php?id=100008943462799\" \/>\n<meta property=\"article:published_time\" content=\"2023-11-24T19:10:51+00:00\" \/>\n<meta property=\"article:modified_time\" content=\"2023-11-29T07:11:35+00:00\" \/>\n<meta property=\"og:image\" content=\"https:\/\/www.bellunopress.it\/wp-content\/uploads\/2023\/11\/giornata-contro-violenza-sulla-donna-Scarpette-Rosse-ceramica-sul-mare-di-Albissola.jpg\" \/>\n\t<meta property=\"og:image:width\" content=\"1000\" \/>\n\t<meta property=\"og:image:height\" content=\"629\" \/>\n\t<meta property=\"og:image:type\" content=\"image\/jpeg\" \/>\n<meta name=\"author\" content=\"redazione\" \/>\n<meta name=\"twitter:card\" content=\"summary_large_image\" \/>\n<meta name=\"twitter:creator\" content=\"@bellunopress\" \/>\n<meta name=\"twitter:site\" content=\"@bellunopress\" \/>\n<meta name=\"twitter:label1\" content=\"\u00c9crit par\" \/>\n\t<meta name=\"twitter:data1\" content=\"redazione\" \/>\n\t<meta name=\"twitter:label2\" content=\"Dur\u00e9e de lecture estim\u00e9e\" \/>\n\t<meta name=\"twitter:data2\" content=\"3 minutes\" \/>\n<script type=\"application\/ld+json\" class=\"yoast-schema-graph\">{\"@context\":\"https:\\\/\\\/schema.org\",\"@graph\":[{\"@type\":\"Article\",\"@id\":\"https:\\\/\\\/www.bellunopress.it\\\/2023\\\/11\\\/24\\\/25-novembre-giornata-internazionale-per-leliminazione-della-violenza-contro-le-donne-le-iniziative\\\/#article\",\"isPartOf\":{\"@id\":\"https:\\\/\\\/www.bellunopress.it\\\/2023\\\/11\\\/24\\\/25-novembre-giornata-internazionale-per-leliminazione-della-violenza-contro-le-donne-le-iniziative\\\/\"},\"author\":{\"name\":\"redazione\",\"@id\":\"https:\\\/\\\/www.bellunopress.it\\\/#\\\/schema\\\/person\\\/79bb06722b37ece1c03d3e94beb30d73\"},\"headline\":\"25 novembre, Giornata internazionale per l&#8217;eliminazione della violenza contro le donne. Le iniziative\",\"datePublished\":\"2023-11-24T19:10:51+00:00\",\"dateModified\":\"2023-11-29T07:11:35+00:00\",\"mainEntityOfPage\":{\"@id\":\"https:\\\/\\\/www.bellunopress.it\\\/2023\\\/11\\\/24\\\/25-novembre-giornata-internazionale-per-leliminazione-della-violenza-contro-le-donne-le-iniziative\\\/\"},\"wordCount\":533,\"publisher\":{\"@id\":\"https:\\\/\\\/www.bellunopress.it\\\/#organization\"},\"image\":{\"@id\":\"https:\\\/\\\/www.bellunopress.it\\\/2023\\\/11\\\/24\\\/25-novembre-giornata-internazionale-per-leliminazione-della-violenza-contro-le-donne-le-iniziative\\\/#primaryimage\"},\"thumbnailUrl\":\"https:\\\/\\\/www.bellunopress.it\\\/wp-content\\\/uploads\\\/2023\\\/11\\\/giornata-contro-violenza-sulla-donna-Scarpette-Rosse-ceramica-sul-mare-di-Albissola.jpg\",\"articleSection\":[\"Appuntamenti, Eventi\",\"Prima Pagina\",\"Societ\u00e0, Associazioni, Istituzioni\"],\"inLanguage\":\"fr-FR\"},{\"@type\":\"WebPage\",\"@id\":\"https:\\\/\\\/www.bellunopress.it\\\/2023\\\/11\\\/24\\\/25-novembre-giornata-internazionale-per-leliminazione-della-violenza-contro-le-donne-le-iniziative\\\/\",\"url\":\"https:\\\/\\\/www.bellunopress.it\\\/2023\\\/11\\\/24\\\/25-novembre-giornata-internazionale-per-leliminazione-della-violenza-contro-le-donne-le-iniziative\\\/\",\"name\":\"25 novembre, Giornata internazionale per l'eliminazione della violenza contro le donne. Le iniziative - Bellunopress - Dolomiti\",\"isPartOf\":{\"@id\":\"https:\\\/\\\/www.bellunopress.it\\\/#website\"},\"primaryImageOfPage\":{\"@id\":\"https:\\\/\\\/www.bellunopress.it\\\/2023\\\/11\\\/24\\\/25-novembre-giornata-internazionale-per-leliminazione-della-violenza-contro-le-donne-le-iniziative\\\/#primaryimage\"},\"image\":{\"@id\":\"https:\\\/\\\/www.bellunopress.it\\\/2023\\\/11\\\/24\\\/25-novembre-giornata-internazionale-per-leliminazione-della-violenza-contro-le-donne-le-iniziative\\\/#primaryimage\"},\"thumbnailUrl\":\"https:\\\/\\\/www.bellunopress.it\\\/wp-content\\\/uploads\\\/2023\\\/11\\\/giornata-contro-violenza-sulla-donna-Scarpette-Rosse-ceramica-sul-mare-di-Albissola.jpg\",\"datePublished\":\"2023-11-24T19:10:51+00:00\",\"dateModified\":\"2023-11-29T07:11:35+00:00\",\"breadcrumb\":{\"@id\":\"https:\\\/\\\/www.bellunopress.it\\\/2023\\\/11\\\/24\\\/25-novembre-giornata-internazionale-per-leliminazione-della-violenza-contro-le-donne-le-iniziative\\\/#breadcrumb\"},\"inLanguage\":\"fr-FR\",\"potentialAction\":[{\"@type\":\"ReadAction\",\"target\":[\"https:\\\/\\\/www.bellunopress.it\\\/2023\\\/11\\\/24\\\/25-novembre-giornata-internazionale-per-leliminazione-della-violenza-contro-le-donne-le-iniziative\\\/\"]}]},{\"@type\":\"ImageObject\",\"inLanguage\":\"fr-FR\",\"@id\":\"https:\\\/\\\/www.bellunopress.it\\\/2023\\\/11\\\/24\\\/25-novembre-giornata-internazionale-per-leliminazione-della-violenza-contro-le-donne-le-iniziative\\\/#primaryimage\",\"url\":\"https:\\\/\\\/www.bellunopress.it\\\/wp-content\\\/uploads\\\/2023\\\/11\\\/giornata-contro-violenza-sulla-donna-Scarpette-Rosse-ceramica-sul-mare-di-Albissola.jpg\",\"contentUrl\":\"https:\\\/\\\/www.bellunopress.it\\\/wp-content\\\/uploads\\\/2023\\\/11\\\/giornata-contro-violenza-sulla-donna-Scarpette-Rosse-ceramica-sul-mare-di-Albissola.jpg\",\"width\":1000,\"height\":629},{\"@type\":\"BreadcrumbList\",\"@id\":\"https:\\\/\\\/www.bellunopress.it\\\/2023\\\/11\\\/24\\\/25-novembre-giornata-internazionale-per-leliminazione-della-violenza-contro-le-donne-le-iniziative\\\/#breadcrumb\",\"itemListElement\":[{\"@type\":\"ListItem\",\"position\":1,\"name\":\"Home\",\"item\":\"https:\\\/\\\/www.bellunopress.it\\\/\"},{\"@type\":\"ListItem\",\"position\":2,\"name\":\"25 novembre, Giornata internazionale per l&#8217;eliminazione della violenza contro le donne. Le iniziative\"}]},{\"@type\":\"WebSite\",\"@id\":\"https:\\\/\\\/www.bellunopress.it\\\/#website\",\"url\":\"https:\\\/\\\/www.bellunopress.it\\\/\",\"name\":\"Bellunopress - Dolomiti\",\"description\":\"e-mail: redazione@bellunopress.it\",\"publisher\":{\"@id\":\"https:\\\/\\\/www.bellunopress.it\\\/#organization\"},\"potentialAction\":[{\"@type\":\"SearchAction\",\"target\":{\"@type\":\"EntryPoint\",\"urlTemplate\":\"https:\\\/\\\/www.bellunopress.it\\\/?s={search_term_string}\"},\"query-input\":{\"@type\":\"PropertyValueSpecification\",\"valueRequired\":true,\"valueName\":\"search_term_string\"}}],\"inLanguage\":\"fr-FR\"},{\"@type\":\"Organization\",\"@id\":\"https:\\\/\\\/www.bellunopress.it\\\/#organization\",\"name\":\"Bellunopress\",\"url\":\"https:\\\/\\\/www.bellunopress.it\\\/\",\"logo\":{\"@type\":\"ImageObject\",\"inLanguage\":\"fr-FR\",\"@id\":\"https:\\\/\\\/www.bellunopress.it\\\/#\\\/schema\\\/logo\\\/image\\\/\",\"url\":\"https:\\\/\\\/www.bellunopress.it\\\/wp-content\\\/uploads\\\/2011\\\/05\\\/cropped-logo-bellunopress-.jpg\",\"contentUrl\":\"https:\\\/\\\/www.bellunopress.it\\\/wp-content\\\/uploads\\\/2011\\\/05\\\/cropped-logo-bellunopress-.jpg\",\"width\":512,\"height\":512,\"caption\":\"Bellunopress\"},\"image\":{\"@id\":\"https:\\\/\\\/www.bellunopress.it\\\/#\\\/schema\\\/logo\\\/image\\\/\"},\"sameAs\":[\"https:\\\/\\\/www.facebook.com\\\/profile.php?id=100008943462799\",\"https:\\\/\\\/x.com\\\/bellunopress\",\"https:\\\/\\\/www.linkedin.com\\\/hp\\\/?dnr=JBzUWaJfMUw8vbXJJ2tVW5-I3jZKvC4wsoxE&amp;amp;amp;amp;amp;amp;trk=nav_responsive_tab_home\",\"https:\\\/\\\/www.youtube.com\\\/channel\\\/UCxL0wu1uN0_3_7hGG0306cw\"]},{\"@type\":\"Person\",\"@id\":\"https:\\\/\\\/www.bellunopress.it\\\/#\\\/schema\\\/person\\\/79bb06722b37ece1c03d3e94beb30d73\",\"name\":\"redazione\",\"image\":{\"@type\":\"ImageObject\",\"inLanguage\":\"fr-FR\",\"@id\":\"https:\\\/\\\/secure.gravatar.com\\\/avatar\\\/37d968a2e67a6fd04c169c4bdef102d0bc5d31b2546345219e348575eb80e9a0?s=96&d=mm&r=g\",\"url\":\"https:\\\/\\\/secure.gravatar.com\\\/avatar\\\/37d968a2e67a6fd04c169c4bdef102d0bc5d31b2546345219e348575eb80e9a0?s=96&d=mm&r=g\",\"contentUrl\":\"https:\\\/\\\/secure.gravatar.com\\\/avatar\\\/37d968a2e67a6fd04c169c4bdef102d0bc5d31b2546345219e348575eb80e9a0?s=96&d=mm&r=g\",\"caption\":\"redazione\"},\"sameAs\":[\"http:\\\/\\\/www.bellunopress.it\",\"https:\\\/\\\/x.com\\\/bellunopress\"],\"url\":\"https:\\\/\\\/www.bellunopress.it\\\/fr\\\/author\\\/redazione\\\/\"}]}<\/script>\n<!-- \/ Yoast SEO plugin. -->","yoast_head_json":{"title":"25 novembre, Giornata internazionale per l'eliminazione della violenza contro le donne. Le iniziative - Bellunopress - Dolomiti","robots":{"index":"index","follow":"follow","max-snippet":"max-snippet:-1","max-image-preview":"max-image-preview:large","max-video-preview":"max-video-preview:-1"},"canonical":"https:\/\/www.bellunopress.it\/fr\/2023\/11\/24\/25-novembre-giornata-internazionale-per-leliminazione-della-violenza-contro-le-donne-le-iniziative\/","og_locale":"fr_FR","og_type":"article","og_title":"25 novembre, Giornata internazionale per l'eliminazione della violenza contro le donne. Le iniziative - Bellunopress - Dolomiti","og_description":"Leggere i segnali, imparare a capire e a vivere le emozioni, tutte anche quelle negative, considerare le sconfitte come momenti preziosi di crescita. E poi, chiedere aiuto, condividere con famigliari e amici l\u2019esperienza, diffondere una cultura del rispetto. \u201cI numeri emersi in questi giorni, nazionali e anche provinciali, spaventano e ci chiamano tutti ad un [&hellip;]","og_url":"https:\/\/www.bellunopress.it\/fr\/2023\/11\/24\/25-novembre-giornata-internazionale-per-leliminazione-della-violenza-contro-le-donne-le-iniziative\/","og_site_name":"Bellunopress - Dolomiti","article_publisher":"https:\/\/www.facebook.com\/profile.php?id=100008943462799","article_published_time":"2023-11-24T19:10:51+00:00","article_modified_time":"2023-11-29T07:11:35+00:00","og_image":[{"width":1000,"height":629,"url":"https:\/\/www.bellunopress.it\/wp-content\/uploads\/2023\/11\/giornata-contro-violenza-sulla-donna-Scarpette-Rosse-ceramica-sul-mare-di-Albissola.jpg","type":"image\/jpeg"}],"author":"redazione","twitter_card":"summary_large_image","twitter_creator":"@bellunopress","twitter_site":"@bellunopress","twitter_misc":{"\u00c9crit par":"redazione","Dur\u00e9e de lecture estim\u00e9e":"3 minutes"},"schema":{"@context":"https:\/\/schema.org","@graph":[{"@type":"Article","@id":"https:\/\/www.bellunopress.it\/2023\/11\/24\/25-novembre-giornata-internazionale-per-leliminazione-della-violenza-contro-le-donne-le-iniziative\/#article","isPartOf":{"@id":"https:\/\/www.bellunopress.it\/2023\/11\/24\/25-novembre-giornata-internazionale-per-leliminazione-della-violenza-contro-le-donne-le-iniziative\/"},"author":{"name":"redazione","@id":"https:\/\/www.bellunopress.it\/#\/schema\/person\/79bb06722b37ece1c03d3e94beb30d73"},"headline":"25 novembre, Giornata internazionale per l&#8217;eliminazione della violenza contro le donne. Le iniziative","datePublished":"2023-11-24T19:10:51+00:00","dateModified":"2023-11-29T07:11:35+00:00","mainEntityOfPage":{"@id":"https:\/\/www.bellunopress.it\/2023\/11\/24\/25-novembre-giornata-internazionale-per-leliminazione-della-violenza-contro-le-donne-le-iniziative\/"},"wordCount":533,"publisher":{"@id":"https:\/\/www.bellunopress.it\/#organization"},"image":{"@id":"https:\/\/www.bellunopress.it\/2023\/11\/24\/25-novembre-giornata-internazionale-per-leliminazione-della-violenza-contro-le-donne-le-iniziative\/#primaryimage"},"thumbnailUrl":"https:\/\/www.bellunopress.it\/wp-content\/uploads\/2023\/11\/giornata-contro-violenza-sulla-donna-Scarpette-Rosse-ceramica-sul-mare-di-Albissola.jpg","articleSection":["Appuntamenti, Eventi","Prima Pagina","Societ\u00e0, Associazioni, Istituzioni"],"inLanguage":"fr-FR"},{"@type":"WebPage","@id":"https:\/\/www.bellunopress.it\/2023\/11\/24\/25-novembre-giornata-internazionale-per-leliminazione-della-violenza-contro-le-donne-le-iniziative\/","url":"https:\/\/www.bellunopress.it\/2023\/11\/24\/25-novembre-giornata-internazionale-per-leliminazione-della-violenza-contro-le-donne-le-iniziative\/","name":"25 novembre, Giornata internazionale per l'eliminazione della violenza contro le donne. Le iniziative - Bellunopress - Dolomiti","isPartOf":{"@id":"https:\/\/www.bellunopress.it\/#website"},"primaryImageOfPage":{"@id":"https:\/\/www.bellunopress.it\/2023\/11\/24\/25-novembre-giornata-internazionale-per-leliminazione-della-violenza-contro-le-donne-le-iniziative\/#primaryimage"},"image":{"@id":"https:\/\/www.bellunopress.it\/2023\/11\/24\/25-novembre-giornata-internazionale-per-leliminazione-della-violenza-contro-le-donne-le-iniziative\/#primaryimage"},"thumbnailUrl":"https:\/\/www.bellunopress.it\/wp-content\/uploads\/2023\/11\/giornata-contro-violenza-sulla-donna-Scarpette-Rosse-ceramica-sul-mare-di-Albissola.jpg","datePublished":"2023-11-24T19:10:51+00:00","dateModified":"2023-11-29T07:11:35+00:00","breadcrumb":{"@id":"https:\/\/www.bellunopress.it\/2023\/11\/24\/25-novembre-giornata-internazionale-per-leliminazione-della-violenza-contro-le-donne-le-iniziative\/#breadcrumb"},"inLanguage":"fr-FR","potentialAction":[{"@type":"ReadAction","target":["https:\/\/www.bellunopress.it\/2023\/11\/24\/25-novembre-giornata-internazionale-per-leliminazione-della-violenza-contro-le-donne-le-iniziative\/"]}]},{"@type":"ImageObject","inLanguage":"fr-FR","@id":"https:\/\/www.bellunopress.it\/2023\/11\/24\/25-novembre-giornata-internazionale-per-leliminazione-della-violenza-contro-le-donne-le-iniziative\/#primaryimage","url":"https:\/\/www.bellunopress.it\/wp-content\/uploads\/2023\/11\/giornata-contro-violenza-sulla-donna-Scarpette-Rosse-ceramica-sul-mare-di-Albissola.jpg","contentUrl":"https:\/\/www.bellunopress.it\/wp-content\/uploads\/2023\/11\/giornata-contro-violenza-sulla-donna-Scarpette-Rosse-ceramica-sul-mare-di-Albissola.jpg","width":1000,"height":629},{"@type":"BreadcrumbList","@id":"https:\/\/www.bellunopress.it\/2023\/11\/24\/25-novembre-giornata-internazionale-per-leliminazione-della-violenza-contro-le-donne-le-iniziative\/#breadcrumb","itemListElement":[{"@type":"ListItem","position":1,"name":"Home","item":"https:\/\/www.bellunopress.it\/"},{"@type":"ListItem","position":2,"name":"25 novembre, Giornata internazionale per l&#8217;eliminazione della violenza contro le donne. Le iniziative"}]},{"@type":"WebSite","@id":"https:\/\/www.bellunopress.it\/#website","url":"https:\/\/www.bellunopress.it\/","name":"Bellunopress - Dolomiti","description":"e-mail: redazione@bellunopress.it","publisher":{"@id":"https:\/\/www.bellunopress.it\/#organization"},"potentialAction":[{"@type":"SearchAction","target":{"@type":"EntryPoint","urlTemplate":"https:\/\/www.bellunopress.it\/?s={search_term_string}"},"query-input":{"@type":"PropertyValueSpecification","valueRequired":true,"valueName":"search_term_string"}}],"inLanguage":"fr-FR"},{"@type":"Organization","@id":"https:\/\/www.bellunopress.it\/#organization","name":"Bellunopress","url":"https:\/\/www.bellunopress.it\/","logo":{"@type":"ImageObject","inLanguage":"fr-FR","@id":"https:\/\/www.bellunopress.it\/#\/schema\/logo\/image\/","url":"https:\/\/www.bellunopress.it\/wp-content\/uploads\/2011\/05\/cropped-logo-bellunopress-.jpg","contentUrl":"https:\/\/www.bellunopress.it\/wp-content\/uploads\/2011\/05\/cropped-logo-bellunopress-.jpg","width":512,"height":512,"caption":"Bellunopress"},"image":{"@id":"https:\/\/www.bellunopress.it\/#\/schema\/logo\/image\/"},"sameAs":["https:\/\/www.facebook.com\/profile.php?id=100008943462799","https:\/\/x.com\/bellunopress","https:\/\/www.linkedin.com\/hp\/?dnr=JBzUWaJfMUw8vbXJJ2tVW5-I3jZKvC4wsoxE&amp;amp;amp;amp;amp;amp;trk=nav_responsive_tab_home","https:\/\/www.youtube.com\/channel\/UCxL0wu1uN0_3_7hGG0306cw"]},{"@type":"Person","@id":"https:\/\/www.bellunopress.it\/#\/schema\/person\/79bb06722b37ece1c03d3e94beb30d73","name":"r\u00e9daction","image":{"@type":"ImageObject","inLanguage":"fr-FR","@id":"https:\/\/secure.gravatar.com\/avatar\/37d968a2e67a6fd04c169c4bdef102d0bc5d31b2546345219e348575eb80e9a0?s=96&d=mm&r=g","url":"https:\/\/secure.gravatar.com\/avatar\/37d968a2e67a6fd04c169c4bdef102d0bc5d31b2546345219e348575eb80e9a0?s=96&d=mm&r=g","contentUrl":"https:\/\/secure.gravatar.com\/avatar\/37d968a2e67a6fd04c169c4bdef102d0bc5d31b2546345219e348575eb80e9a0?s=96&d=mm&r=g","caption":"redazione"},"sameAs":["http:\/\/www.bellunopress.it","https:\/\/x.com\/bellunopress"],"url":"https:\/\/www.bellunopress.it\/fr\/author\/redazione\/"}]}},"_links":{"self":[{"href":"https:\/\/www.bellunopress.it\/fr\/wp-json\/wp\/v2\/posts\/146167","targetHints":{"allow":["GET"]}}],"collection":[{"href":"https:\/\/www.bellunopress.it\/fr\/wp-json\/wp\/v2\/posts"}],"about":[{"href":"https:\/\/www.bellunopress.it\/fr\/wp-json\/wp\/v2\/types\/post"}],"author":[{"embeddable":true,"href":"https:\/\/www.bellunopress.it\/fr\/wp-json\/wp\/v2\/users\/2"}],"replies":[{"embeddable":true,"href":"https:\/\/www.bellunopress.it\/fr\/wp-json\/wp\/v2\/comments?post=146167"}],"version-history":[{"count":2,"href":"https:\/\/www.bellunopress.it\/fr\/wp-json\/wp\/v2\/posts\/146167\/revisions"}],"predecessor-version":[{"id":146293,"href":"https:\/\/www.bellunopress.it\/fr\/wp-json\/wp\/v2\/posts\/146167\/revisions\/146293"}],"wp:featuredmedia":[{"embeddable":true,"href":"https:\/\/www.bellunopress.it\/fr\/wp-json\/wp\/v2\/media\/146168"}],"wp:attachment":[{"href":"https:\/\/www.bellunopress.it\/fr\/wp-json\/wp\/v2\/media?parent=146167"}],"wp:term":[{"taxonomy":"category","embeddable":true,"href":"https:\/\/www.bellunopress.it\/fr\/wp-json\/wp\/v2\/categories?post=146167"},{"taxonomy":"post_tag","embeddable":true,"href":"https:\/\/www.bellunopress.it\/fr\/wp-json\/wp\/v2\/tags?post=146167"}],"curies":[{"name":"wp","href":"https:\/\/api.w.org\/{rel}","templated":true}]}}