{"id":146162,"date":"2023-11-24T15:53:55","date_gmt":"2023-11-24T14:53:55","guid":{"rendered":"https:\/\/www.bellunopress.it\/?p=146162"},"modified":"2023-11-24T15:53:55","modified_gmt":"2023-11-24T14:53:55","slug":"rischio-chiusura-del-centro-antiviolenza-di-belluno","status":"publish","type":"post","link":"https:\/\/www.bellunopress.it\/fr\/2023\/11\/24\/rischio-chiusura-del-centro-antiviolenza-di-belluno\/","title":{"rendered":"Rischio chiusura del centro antiviolenza di Belluno"},"content":{"rendered":"<p><em><strong><img loading=\"lazy\" decoding=\"async\" class=\"alignleft size-full wp-image-141400\" src=\"https:\/\/www.bellunopress.it\/wp-content\/uploads\/2023\/05\/PD-partito-democratico-Belluno-Dolomiti.jpg\" alt=\"\" width=\"809\" height=\"677\" srcset=\"https:\/\/www.bellunopress.it\/wp-content\/uploads\/2023\/05\/PD-partito-democratico-Belluno-Dolomiti.jpg 809w, https:\/\/www.bellunopress.it\/wp-content\/uploads\/2023\/05\/PD-partito-democratico-Belluno-Dolomiti-500x418.jpg 500w, https:\/\/www.bellunopress.it\/wp-content\/uploads\/2023\/05\/PD-partito-democratico-Belluno-Dolomiti-696x582.jpg 696w, https:\/\/www.bellunopress.it\/wp-content\/uploads\/2023\/05\/PD-partito-democratico-Belluno-Dolomiti-502x420.jpg 502w\" sizes=\"auto, (max-width: 809px) 100vw, 809px\" \/>Il tema viene portato all\u2019attenzione dei consigli comunali in occasione del 25 novembre, Giornata Internazionale contro la violenza sulle donne<\/strong><\/em><\/p>\n<p>La prossima settimana nei Consigli Comunali di Belluno, Feltre, Limana e Pieve di Cadore<br \/>\nverr\u00e0 presentato un Ordine del Giorno per sensibilizzare i Consigli e i Sindaci sulle criticit\u00e0<br \/>\nche emergerebbero se venisse attuata l\u2019Intesa Stato-Regioni, recepita dalla Regione<br \/>\nVeneto con DGR 400 del 7 aprile 2023. L\u2019Intesa e di conseguenza la Deliberazione, infatti,<br \/>\nimpongono quale requisito essenziale per accedere ai fondi stanziati dalla regione che i<br \/>\ncentri antiviolenza assicurino la reperibilit\u00e0 24 ore su 24. Tale requisito \u00e8 impossibile da<br \/>\nsoddisfare per l\u2019unico CAV operante in Provincia di Belluno, quello gestito da Belluno<br \/>\nDonna.<\/p>\n<p>A un anno dall\u2019approvazione dell\u2019Intesa Stato-Regioni (approvata il 25\/11\/2022) e a pochi<br \/>\nmesi dall\u2019attuazione della DGR che dovrebbe diventare operativa entro marzo 2024 la<br \/>\nsituazione nella nostra provincia \u00e8 molto preoccupante, poich\u00e9 se la Legge non verr\u00e0<br \/>\nmodificata rischieremo di perdere il 100% dei CAV operanti nel territorio, situazione unica<br \/>\nin Veneto, dove altri Centri sono a rischio chiusura, ma nessun territorio rischia la perdita<br \/>\ndi tutti i presidi.<\/p>\n<p>Dopo i fatti di cronaca di queste settimane, con il femminicidio di Giulia Cecchettin, e con<br \/>\nla vicinanza della Giornata Internazionale contro la violenza sulle donne, abbiamo ritenuto<br \/>\ndi dover portare all\u2019attenzione dei Consigli questa grave situazione, gi\u00e0 emersa<br \/>\nquest\u2019estate e per la quale si \u00e8 attivata anche la Consigliera Provinciale di Parit\u00e0 con una<br \/>\nlettera alla Regione sottoscritta da molti sindaci.<\/p>\n<p>Perdere il CAV Belluno donna sarebbe<br \/>\ngravissimo per la nostra provincia: solo nel 2022 sono state ospitate 143 donne. I dati<br \/>\nforniti da Belluno donna fanno emergere una situazione drammatica, con un aumento<br \/>\ncostante degli interventi negli ultimi 19 anni, dall\u2019apertura del centro avvenuta nel 2004.<\/p>\n<p>Maria Teresa Cassol, consigliera del Pd a Belluno aggiunge: \u201cL&#8217;ordine del giorno \u00e8 stato firmato da tutti i gruppi di minoranza in comune a Belluno e sar\u00e0 discusso nel prossimo consiglio del 29 novembre. Come ricordato nel testo del documento circa un terzo delle donne che si sono rivolte in questi anni al CAV di Belluno sono del comune di Belluno, in pratica una ogni 10 giorni in media. Crediamo si tratti di un dato molto significativo che merita l\u2019attenzione di tutti\u201d.<\/p>\n<p>Marta Picinotti, consigliera comunale a Limana dichiara \u201cSono contenta di aver presentato<br \/>\nl\u2019ordine del giorno anche nel comune di Limana e fiduciosa del fatto che il consiglio non<br \/>\npossa rimanere indifferente. A un anno dall\u2019entra in vigore dell\u2019intesa stato regioni e a<br \/>\npochi mesi dalla sua attuazione, \u00e8 il momento di agire, a maggior ragione visti i dati<br \/>\npreoccupanti riguardo la violenza sulle donne e i recenti fatti di cronaca. Non possiamo<br \/>\nrischiare di perdere l\u2019unico presidio a difesa delle vittime qual \u00e8 il CAV Belluno donna.\u201d<\/p>\n<p>\u201cLa posizione periferica della Provincia di Belluno e la sua bassa densit\u00e0 demografica non<br \/>\nfanno che aumentare la condizione di isolamento delle donne vittime di violenza. In pi\u00f9<br \/>\noccasioni le operatrici del Centro Antiviolenza hanno accertato come spesso le donne non<br \/>\nriescano a raggiungere gli sportelli esistenti sul territorio a causa del tempo necessario agli<br \/>\nspostamenti, in particolare se con mezzi pubblici. Per queste ragioni \u00e8 necessario<br \/>\nincrementare le risorse destinate al Centro Antiviolenza di Belluno e non metterlo invece<br \/>\nnella condizione di rischiare la chiusura\u201d aggiunge inoltre Carla Cassol, capogruppo PD in<br \/>\nConsiglio Comunale a Feltre.<\/p>\n<p>\u201cUna presa di posizione istituzionale sul rischio di perdere il servizio del CAV di Belluno<br \/>\ndonna \u00e8 oggi quantomai necessaria. Per questo crediamo sia pi\u00f9 che opportuno portare il<br \/>\ntema anche in Consiglio Comunale. Auspico che molti comuni seguano lo stesso percorso<br \/>\nperch\u00e9 questo passaggio pu\u00f2 senza dubbio contribuire a risolvere un problema su cui<br \/>\nanche il Consiglio Regionale si \u00e8 gi\u00e0 pronunciato. Il tempo per\u00f2 stringe. Bisogna fare<br \/>\npresto\u201d conclude Sindi Manushi Sindaca di Pieve di Cadore.<\/p>\n<p>Nei prossimi giorni molti altri comuni promuoveranno nei Consigli questo appello lanciato<br \/>\ndalle amministratrici del PD Belluno Dolomiti. Il tema del contrasto alla violenza di genere<br \/>\n\u00e8 infatti di primaria importanza. Non ci possiamo concedere il lusso di abbassare<br \/>\nl\u2019attenzione.<\/p>","protected":false},"excerpt":{"rendered":"<p>Il tema viene portato all\u2019attenzione dei consigli comunali in occasione del 25 novembre, Giornata Internazionale contro la violenza sulle donne La prossima settimana nei Consigli Comunali di Belluno, Feltre, Limana e Pieve di Cadore verr\u00e0 presentato un Ordine del Giorno per sensibilizzare i Consigli e i Sindaci sulle criticit\u00e0 che emergerebbero se venisse attuata l\u2019Intesa [&hellip;]<\/p>\n","protected":false},"author":2,"featured_media":141400,"comment_status":"closed","ping_status":"open","sticky":false,"template":"","format":"standard","meta":{"footnotes":""},"categories":[5,26,8],"tags":[],"class_list":["post-146162","post","type-post","status-publish","format-standard","has-post-thumbnail","category-cronaca","category-prima-pagina","category-societa-istituzioni"],"yoast_head":"<!-- This site is optimized with the Yoast SEO plugin v28.4 - https:\/\/yoast.com\/product\/yoast-seo-wordpress\/ -->\n<title>Rischio chiusura del centro antiviolenza di Belluno - Bellunopress - Dolomiti<\/title>\n<meta name=\"robots\" content=\"index, follow, max-snippet:-1, max-image-preview:large, max-video-preview:-1\" \/>\n<link rel=\"canonical\" href=\"https:\/\/www.bellunopress.it\/fr\/2023\/11\/24\/rischio-chiusura-del-centro-antiviolenza-di-belluno\/\" \/>\n<meta property=\"og:locale\" content=\"fr_FR\" \/>\n<meta property=\"og:type\" content=\"article\" \/>\n<meta property=\"og:title\" content=\"Rischio chiusura del centro antiviolenza di Belluno - Bellunopress - Dolomiti\" \/>\n<meta property=\"og:description\" content=\"Il tema viene portato all\u2019attenzione dei consigli comunali in occasione del 25 novembre, Giornata Internazionale contro la violenza sulle donne La prossima settimana nei Consigli Comunali di Belluno, Feltre, Limana e Pieve di Cadore verr\u00e0 presentato un Ordine del Giorno per sensibilizzare i Consigli e i Sindaci sulle criticit\u00e0 che emergerebbero se venisse attuata l\u2019Intesa [&hellip;]\" \/>\n<meta property=\"og:url\" content=\"https:\/\/www.bellunopress.it\/fr\/2023\/11\/24\/rischio-chiusura-del-centro-antiviolenza-di-belluno\/\" \/>\n<meta property=\"og:site_name\" content=\"Bellunopress - Dolomiti\" \/>\n<meta property=\"article:publisher\" content=\"https:\/\/www.facebook.com\/profile.php?id=100008943462799\" \/>\n<meta property=\"article:published_time\" content=\"2023-11-24T14:53:55+00:00\" \/>\n<meta property=\"og:image\" content=\"https:\/\/www.bellunopress.it\/wp-content\/uploads\/2023\/05\/PD-partito-democratico-Belluno-Dolomiti.jpg\" \/>\n\t<meta property=\"og:image:width\" content=\"809\" \/>\n\t<meta property=\"og:image:height\" content=\"677\" \/>\n\t<meta property=\"og:image:type\" content=\"image\/jpeg\" \/>\n<meta name=\"author\" content=\"redazione\" \/>\n<meta name=\"twitter:card\" content=\"summary_large_image\" \/>\n<meta name=\"twitter:creator\" content=\"@bellunopress\" \/>\n<meta name=\"twitter:site\" content=\"@bellunopress\" \/>\n<meta name=\"twitter:label1\" content=\"Written by\" \/>\n\t<meta name=\"twitter:data1\" content=\"redazione\" \/>\n\t<meta name=\"twitter:label2\" content=\"Est. reading time\" \/>\n\t<meta name=\"twitter:data2\" content=\"3 minutes\" \/>\n<script type=\"application\/ld+json\" class=\"yoast-schema-graph\">{\"@context\":\"https:\\\/\\\/schema.org\",\"@graph\":[{\"@type\":\"Article\",\"@id\":\"https:\\\/\\\/www.bellunopress.it\\\/2023\\\/11\\\/24\\\/rischio-chiusura-del-centro-antiviolenza-di-belluno\\\/#article\",\"isPartOf\":{\"@id\":\"https:\\\/\\\/www.bellunopress.it\\\/2023\\\/11\\\/24\\\/rischio-chiusura-del-centro-antiviolenza-di-belluno\\\/\"},\"author\":{\"name\":\"redazione\",\"@id\":\"https:\\\/\\\/www.bellunopress.it\\\/#\\\/schema\\\/person\\\/79bb06722b37ece1c03d3e94beb30d73\"},\"headline\":\"Rischio chiusura del centro antiviolenza di Belluno\",\"datePublished\":\"2023-11-24T14:53:55+00:00\",\"mainEntityOfPage\":{\"@id\":\"https:\\\/\\\/www.bellunopress.it\\\/2023\\\/11\\\/24\\\/rischio-chiusura-del-centro-antiviolenza-di-belluno\\\/\"},\"wordCount\":675,\"publisher\":{\"@id\":\"https:\\\/\\\/www.bellunopress.it\\\/#organization\"},\"image\":{\"@id\":\"https:\\\/\\\/www.bellunopress.it\\\/2023\\\/11\\\/24\\\/rischio-chiusura-del-centro-antiviolenza-di-belluno\\\/#primaryimage\"},\"thumbnailUrl\":\"https:\\\/\\\/www.bellunopress.it\\\/wp-content\\\/uploads\\\/2023\\\/05\\\/PD-partito-democratico-Belluno-Dolomiti.jpg\",\"articleSection\":[\"Cronaca\\\/Politica\",\"Prima Pagina\",\"Societ\u00e0, Associazioni, Istituzioni\"],\"inLanguage\":\"fr-FR\"},{\"@type\":\"WebPage\",\"@id\":\"https:\\\/\\\/www.bellunopress.it\\\/2023\\\/11\\\/24\\\/rischio-chiusura-del-centro-antiviolenza-di-belluno\\\/\",\"url\":\"https:\\\/\\\/www.bellunopress.it\\\/2023\\\/11\\\/24\\\/rischio-chiusura-del-centro-antiviolenza-di-belluno\\\/\",\"name\":\"Rischio chiusura del centro antiviolenza di Belluno - Bellunopress - Dolomiti\",\"isPartOf\":{\"@id\":\"https:\\\/\\\/www.bellunopress.it\\\/#website\"},\"primaryImageOfPage\":{\"@id\":\"https:\\\/\\\/www.bellunopress.it\\\/2023\\\/11\\\/24\\\/rischio-chiusura-del-centro-antiviolenza-di-belluno\\\/#primaryimage\"},\"image\":{\"@id\":\"https:\\\/\\\/www.bellunopress.it\\\/2023\\\/11\\\/24\\\/rischio-chiusura-del-centro-antiviolenza-di-belluno\\\/#primaryimage\"},\"thumbnailUrl\":\"https:\\\/\\\/www.bellunopress.it\\\/wp-content\\\/uploads\\\/2023\\\/05\\\/PD-partito-democratico-Belluno-Dolomiti.jpg\",\"datePublished\":\"2023-11-24T14:53:55+00:00\",\"breadcrumb\":{\"@id\":\"https:\\\/\\\/www.bellunopress.it\\\/2023\\\/11\\\/24\\\/rischio-chiusura-del-centro-antiviolenza-di-belluno\\\/#breadcrumb\"},\"inLanguage\":\"fr-FR\",\"potentialAction\":[{\"@type\":\"ReadAction\",\"target\":[\"https:\\\/\\\/www.bellunopress.it\\\/2023\\\/11\\\/24\\\/rischio-chiusura-del-centro-antiviolenza-di-belluno\\\/\"]}]},{\"@type\":\"ImageObject\",\"inLanguage\":\"fr-FR\",\"@id\":\"https:\\\/\\\/www.bellunopress.it\\\/2023\\\/11\\\/24\\\/rischio-chiusura-del-centro-antiviolenza-di-belluno\\\/#primaryimage\",\"url\":\"https:\\\/\\\/www.bellunopress.it\\\/wp-content\\\/uploads\\\/2023\\\/05\\\/PD-partito-democratico-Belluno-Dolomiti.jpg\",\"contentUrl\":\"https:\\\/\\\/www.bellunopress.it\\\/wp-content\\\/uploads\\\/2023\\\/05\\\/PD-partito-democratico-Belluno-Dolomiti.jpg\",\"width\":809,\"height\":677},{\"@type\":\"BreadcrumbList\",\"@id\":\"https:\\\/\\\/www.bellunopress.it\\\/2023\\\/11\\\/24\\\/rischio-chiusura-del-centro-antiviolenza-di-belluno\\\/#breadcrumb\",\"itemListElement\":[{\"@type\":\"ListItem\",\"position\":1,\"name\":\"Home\",\"item\":\"https:\\\/\\\/www.bellunopress.it\\\/\"},{\"@type\":\"ListItem\",\"position\":2,\"name\":\"Rischio chiusura del centro antiviolenza di Belluno\"}]},{\"@type\":\"WebSite\",\"@id\":\"https:\\\/\\\/www.bellunopress.it\\\/#website\",\"url\":\"https:\\\/\\\/www.bellunopress.it\\\/\",\"name\":\"Bellunopress - Dolomiti\",\"description\":\"e-mail: redazione@bellunopress.it\",\"publisher\":{\"@id\":\"https:\\\/\\\/www.bellunopress.it\\\/#organization\"},\"potentialAction\":[{\"@type\":\"SearchAction\",\"target\":{\"@type\":\"EntryPoint\",\"urlTemplate\":\"https:\\\/\\\/www.bellunopress.it\\\/?s={search_term_string}\"},\"query-input\":{\"@type\":\"PropertyValueSpecification\",\"valueRequired\":true,\"valueName\":\"search_term_string\"}}],\"inLanguage\":\"fr-FR\"},{\"@type\":\"Organization\",\"@id\":\"https:\\\/\\\/www.bellunopress.it\\\/#organization\",\"name\":\"Bellunopress\",\"url\":\"https:\\\/\\\/www.bellunopress.it\\\/\",\"logo\":{\"@type\":\"ImageObject\",\"inLanguage\":\"fr-FR\",\"@id\":\"https:\\\/\\\/www.bellunopress.it\\\/#\\\/schema\\\/logo\\\/image\\\/\",\"url\":\"https:\\\/\\\/www.bellunopress.it\\\/wp-content\\\/uploads\\\/2011\\\/05\\\/cropped-logo-bellunopress-.jpg\",\"contentUrl\":\"https:\\\/\\\/www.bellunopress.it\\\/wp-content\\\/uploads\\\/2011\\\/05\\\/cropped-logo-bellunopress-.jpg\",\"width\":512,\"height\":512,\"caption\":\"Bellunopress\"},\"image\":{\"@id\":\"https:\\\/\\\/www.bellunopress.it\\\/#\\\/schema\\\/logo\\\/image\\\/\"},\"sameAs\":[\"https:\\\/\\\/www.facebook.com\\\/profile.php?id=100008943462799\",\"https:\\\/\\\/x.com\\\/bellunopress\",\"https:\\\/\\\/www.linkedin.com\\\/hp\\\/?dnr=JBzUWaJfMUw8vbXJJ2tVW5-I3jZKvC4wsoxE&amp;amp;amp;amp;amp;amp;trk=nav_responsive_tab_home\",\"https:\\\/\\\/www.youtube.com\\\/channel\\\/UCxL0wu1uN0_3_7hGG0306cw\"]},{\"@type\":\"Person\",\"@id\":\"https:\\\/\\\/www.bellunopress.it\\\/#\\\/schema\\\/person\\\/79bb06722b37ece1c03d3e94beb30d73\",\"name\":\"redazione\",\"image\":{\"@type\":\"ImageObject\",\"inLanguage\":\"fr-FR\",\"@id\":\"https:\\\/\\\/secure.gravatar.com\\\/avatar\\\/37d968a2e67a6fd04c169c4bdef102d0bc5d31b2546345219e348575eb80e9a0?s=96&d=mm&r=g\",\"url\":\"https:\\\/\\\/secure.gravatar.com\\\/avatar\\\/37d968a2e67a6fd04c169c4bdef102d0bc5d31b2546345219e348575eb80e9a0?s=96&d=mm&r=g\",\"contentUrl\":\"https:\\\/\\\/secure.gravatar.com\\\/avatar\\\/37d968a2e67a6fd04c169c4bdef102d0bc5d31b2546345219e348575eb80e9a0?s=96&d=mm&r=g\",\"caption\":\"redazione\"},\"sameAs\":[\"http:\\\/\\\/www.bellunopress.it\",\"https:\\\/\\\/x.com\\\/bellunopress\"],\"url\":\"https:\\\/\\\/www.bellunopress.it\\\/fr\\\/author\\\/redazione\\\/\"}]}<\/script>\n<!-- \/ Yoast SEO plugin. -->","yoast_head_json":{"title":"Rischio chiusura del centro antiviolenza di Belluno - Bellunopress - Dolomiti","robots":{"index":"index","follow":"follow","max-snippet":"max-snippet:-1","max-image-preview":"max-image-preview:large","max-video-preview":"max-video-preview:-1"},"canonical":"https:\/\/www.bellunopress.it\/fr\/2023\/11\/24\/rischio-chiusura-del-centro-antiviolenza-di-belluno\/","og_locale":"fr_FR","og_type":"article","og_title":"Rischio chiusura del centro antiviolenza di Belluno - Bellunopress - Dolomiti","og_description":"Il tema viene portato all\u2019attenzione dei consigli comunali in occasione del 25 novembre, Giornata Internazionale contro la violenza sulle donne La prossima settimana nei Consigli Comunali di Belluno, Feltre, Limana e Pieve di Cadore verr\u00e0 presentato un Ordine del Giorno per sensibilizzare i Consigli e i Sindaci sulle criticit\u00e0 che emergerebbero se venisse attuata l\u2019Intesa [&hellip;]","og_url":"https:\/\/www.bellunopress.it\/fr\/2023\/11\/24\/rischio-chiusura-del-centro-antiviolenza-di-belluno\/","og_site_name":"Bellunopress - Dolomiti","article_publisher":"https:\/\/www.facebook.com\/profile.php?id=100008943462799","article_published_time":"2023-11-24T14:53:55+00:00","og_image":[{"width":809,"height":677,"url":"https:\/\/www.bellunopress.it\/wp-content\/uploads\/2023\/05\/PD-partito-democratico-Belluno-Dolomiti.jpg","type":"image\/jpeg"}],"author":"redazione","twitter_card":"summary_large_image","twitter_creator":"@bellunopress","twitter_site":"@bellunopress","twitter_misc":{"Written by":"redazione","Est. reading time":"3 minutes"},"schema":{"@context":"https:\/\/schema.org","@graph":[{"@type":"Article","@id":"https:\/\/www.bellunopress.it\/2023\/11\/24\/rischio-chiusura-del-centro-antiviolenza-di-belluno\/#article","isPartOf":{"@id":"https:\/\/www.bellunopress.it\/2023\/11\/24\/rischio-chiusura-del-centro-antiviolenza-di-belluno\/"},"author":{"name":"redazione","@id":"https:\/\/www.bellunopress.it\/#\/schema\/person\/79bb06722b37ece1c03d3e94beb30d73"},"headline":"Rischio chiusura del centro antiviolenza di Belluno","datePublished":"2023-11-24T14:53:55+00:00","mainEntityOfPage":{"@id":"https:\/\/www.bellunopress.it\/2023\/11\/24\/rischio-chiusura-del-centro-antiviolenza-di-belluno\/"},"wordCount":675,"publisher":{"@id":"https:\/\/www.bellunopress.it\/#organization"},"image":{"@id":"https:\/\/www.bellunopress.it\/2023\/11\/24\/rischio-chiusura-del-centro-antiviolenza-di-belluno\/#primaryimage"},"thumbnailUrl":"https:\/\/www.bellunopress.it\/wp-content\/uploads\/2023\/05\/PD-partito-democratico-Belluno-Dolomiti.jpg","articleSection":["Cronaca\/Politica","Prima Pagina","Societ\u00e0, Associazioni, Istituzioni"],"inLanguage":"fr-FR"},{"@type":"WebPage","@id":"https:\/\/www.bellunopress.it\/2023\/11\/24\/rischio-chiusura-del-centro-antiviolenza-di-belluno\/","url":"https:\/\/www.bellunopress.it\/2023\/11\/24\/rischio-chiusura-del-centro-antiviolenza-di-belluno\/","name":"Rischio chiusura del centro antiviolenza di Belluno - Bellunopress - Dolomiti","isPartOf":{"@id":"https:\/\/www.bellunopress.it\/#website"},"primaryImageOfPage":{"@id":"https:\/\/www.bellunopress.it\/2023\/11\/24\/rischio-chiusura-del-centro-antiviolenza-di-belluno\/#primaryimage"},"image":{"@id":"https:\/\/www.bellunopress.it\/2023\/11\/24\/rischio-chiusura-del-centro-antiviolenza-di-belluno\/#primaryimage"},"thumbnailUrl":"https:\/\/www.bellunopress.it\/wp-content\/uploads\/2023\/05\/PD-partito-democratico-Belluno-Dolomiti.jpg","datePublished":"2023-11-24T14:53:55+00:00","breadcrumb":{"@id":"https:\/\/www.bellunopress.it\/2023\/11\/24\/rischio-chiusura-del-centro-antiviolenza-di-belluno\/#breadcrumb"},"inLanguage":"fr-FR","potentialAction":[{"@type":"ReadAction","target":["https:\/\/www.bellunopress.it\/2023\/11\/24\/rischio-chiusura-del-centro-antiviolenza-di-belluno\/"]}]},{"@type":"ImageObject","inLanguage":"fr-FR","@id":"https:\/\/www.bellunopress.it\/2023\/11\/24\/rischio-chiusura-del-centro-antiviolenza-di-belluno\/#primaryimage","url":"https:\/\/www.bellunopress.it\/wp-content\/uploads\/2023\/05\/PD-partito-democratico-Belluno-Dolomiti.jpg","contentUrl":"https:\/\/www.bellunopress.it\/wp-content\/uploads\/2023\/05\/PD-partito-democratico-Belluno-Dolomiti.jpg","width":809,"height":677},{"@type":"BreadcrumbList","@id":"https:\/\/www.bellunopress.it\/2023\/11\/24\/rischio-chiusura-del-centro-antiviolenza-di-belluno\/#breadcrumb","itemListElement":[{"@type":"ListItem","position":1,"name":"Home","item":"https:\/\/www.bellunopress.it\/"},{"@type":"ListItem","position":2,"name":"Rischio chiusura del centro antiviolenza di Belluno"}]},{"@type":"WebSite","@id":"https:\/\/www.bellunopress.it\/#website","url":"https:\/\/www.bellunopress.it\/","name":"Bellunopress - Dolomiti","description":"e-mail: redazione@bellunopress.it","publisher":{"@id":"https:\/\/www.bellunopress.it\/#organization"},"potentialAction":[{"@type":"SearchAction","target":{"@type":"EntryPoint","urlTemplate":"https:\/\/www.bellunopress.it\/?s={search_term_string}"},"query-input":{"@type":"PropertyValueSpecification","valueRequired":true,"valueName":"search_term_string"}}],"inLanguage":"fr-FR"},{"@type":"Organization","@id":"https:\/\/www.bellunopress.it\/#organization","name":"Bellunopress","url":"https:\/\/www.bellunopress.it\/","logo":{"@type":"ImageObject","inLanguage":"fr-FR","@id":"https:\/\/www.bellunopress.it\/#\/schema\/logo\/image\/","url":"https:\/\/www.bellunopress.it\/wp-content\/uploads\/2011\/05\/cropped-logo-bellunopress-.jpg","contentUrl":"https:\/\/www.bellunopress.it\/wp-content\/uploads\/2011\/05\/cropped-logo-bellunopress-.jpg","width":512,"height":512,"caption":"Bellunopress"},"image":{"@id":"https:\/\/www.bellunopress.it\/#\/schema\/logo\/image\/"},"sameAs":["https:\/\/www.facebook.com\/profile.php?id=100008943462799","https:\/\/x.com\/bellunopress","https:\/\/www.linkedin.com\/hp\/?dnr=JBzUWaJfMUw8vbXJJ2tVW5-I3jZKvC4wsoxE&amp;amp;amp;amp;amp;amp;trk=nav_responsive_tab_home","https:\/\/www.youtube.com\/channel\/UCxL0wu1uN0_3_7hGG0306cw"]},{"@type":"Person","@id":"https:\/\/www.bellunopress.it\/#\/schema\/person\/79bb06722b37ece1c03d3e94beb30d73","name":"r\u00e9daction","image":{"@type":"ImageObject","inLanguage":"fr-FR","@id":"https:\/\/secure.gravatar.com\/avatar\/37d968a2e67a6fd04c169c4bdef102d0bc5d31b2546345219e348575eb80e9a0?s=96&d=mm&r=g","url":"https:\/\/secure.gravatar.com\/avatar\/37d968a2e67a6fd04c169c4bdef102d0bc5d31b2546345219e348575eb80e9a0?s=96&d=mm&r=g","contentUrl":"https:\/\/secure.gravatar.com\/avatar\/37d968a2e67a6fd04c169c4bdef102d0bc5d31b2546345219e348575eb80e9a0?s=96&d=mm&r=g","caption":"redazione"},"sameAs":["http:\/\/www.bellunopress.it","https:\/\/x.com\/bellunopress"],"url":"https:\/\/www.bellunopress.it\/fr\/author\/redazione\/"}]}},"_links":{"self":[{"href":"https:\/\/www.bellunopress.it\/fr\/wp-json\/wp\/v2\/posts\/146162","targetHints":{"allow":["GET"]}}],"collection":[{"href":"https:\/\/www.bellunopress.it\/fr\/wp-json\/wp\/v2\/posts"}],"about":[{"href":"https:\/\/www.bellunopress.it\/fr\/wp-json\/wp\/v2\/types\/post"}],"author":[{"embeddable":true,"href":"https:\/\/www.bellunopress.it\/fr\/wp-json\/wp\/v2\/users\/2"}],"replies":[{"embeddable":true,"href":"https:\/\/www.bellunopress.it\/fr\/wp-json\/wp\/v2\/comments?post=146162"}],"version-history":[{"count":1,"href":"https:\/\/www.bellunopress.it\/fr\/wp-json\/wp\/v2\/posts\/146162\/revisions"}],"predecessor-version":[{"id":146163,"href":"https:\/\/www.bellunopress.it\/fr\/wp-json\/wp\/v2\/posts\/146162\/revisions\/146163"}],"wp:featuredmedia":[{"embeddable":true,"href":"https:\/\/www.bellunopress.it\/fr\/wp-json\/wp\/v2\/media\/141400"}],"wp:attachment":[{"href":"https:\/\/www.bellunopress.it\/fr\/wp-json\/wp\/v2\/media?parent=146162"}],"wp:term":[{"taxonomy":"category","embeddable":true,"href":"https:\/\/www.bellunopress.it\/fr\/wp-json\/wp\/v2\/categories?post=146162"},{"taxonomy":"post_tag","embeddable":true,"href":"https:\/\/www.bellunopress.it\/fr\/wp-json\/wp\/v2\/tags?post=146162"}],"curies":[{"name":"wp","href":"https:\/\/api.w.org\/{rel}","templated":true}]}}