{"id":146159,"date":"2023-11-24T14:30:23","date_gmt":"2023-11-24T13:30:23","guid":{"rendered":"https:\/\/www.bellunopress.it\/?p=146159"},"modified":"2023-11-24T14:30:23","modified_gmt":"2023-11-24T13:30:23","slug":"antichi-mestieri-del-futuro-il-2-dicembre-al-palasport-il-pomeriggio-di-orientamento-scolastico-per-gli-studenti-di-3a-media","status":"publish","type":"post","link":"https:\/\/www.bellunopress.it\/fr\/2023\/11\/24\/antichi-mestieri-del-futuro-il-2-dicembre-al-palasport-il-pomeriggio-di-orientamento-scolastico-per-gli-studenti-di-3a-media\/","title":{"rendered":"Antichi mestieri del futuro. Il 2 dicembre al Palasport il pomeriggio di orientamento scolastico per gli studenti di 3a Media"},"content":{"rendered":"<figure id=\"attachment_146160\" aria-describedby=\"caption-attachment-146160\" style=\"width: 1000px\" class=\"wp-caption alignleft\"><img loading=\"lazy\" decoding=\"async\" class=\"size-full wp-image-146160\" src=\"https:\/\/www.bellunopress.it\/wp-content\/uploads\/2023\/11\/Camera-commercio.jpg\" alt=\"\" width=\"1000\" height=\"577\" srcset=\"https:\/\/www.bellunopress.it\/wp-content\/uploads\/2023\/11\/Camera-commercio.jpg 1000w, https:\/\/www.bellunopress.it\/wp-content\/uploads\/2023\/11\/Camera-commercio-500x289.jpg 500w, https:\/\/www.bellunopress.it\/wp-content\/uploads\/2023\/11\/Camera-commercio-696x402.jpg 696w\" sizes=\"auto, (max-width: 1000px) 100vw, 1000px\" \/><figcaption id=\"caption-attachment-146160\" class=\"wp-caption-text\">Federico Callegari, Mario Pozza, Ivana De Pizzol<\/figcaption><\/figure>\n<p><em><strong>Pozza: &#8220;Un evento speciale e inedito che coinvolger\u00e0 i ragazzi con i genitori, riaffermando il ruolo primario della famiglia nell&#8217;orientamento scolastico&#8221;<\/strong><\/em><\/p>\n<p><strong>&#8220;Antichi mestieri del futuro&#8221;: a Belluno l&#8217; evento-spettacolo di orientamento scolastico rivolto a studenti e genitori. L&#8217;iniziativa \u00e8 promossa dalla Camera di Commercio di Treviso &#8211; Belluno|Dolomiti ed \u00e8 rivolta agli studenti e studentesse delle classi terze delle Scuole secondarie di primo grado<\/strong><\/p>\n<p class=\"v1MsoNormal\"><b>L&#8217;evento si svolger\u00e0 sabato 2 dicembre dalle ore 15:00 alle 18:00 al Palasport A. De Mas di Belluno\u00a0<\/b><\/p>\n<p class=\"v1MsoNormal\"><b> I<\/b><b>scrizione online gratuita a\u00a0 <a href=\"https:\/\/www.eventbrite.com\/e\/biglietti-antichi-mestieri-del-futuro-belluno-740696090947?aff=ebdsoporgprofile\" target=\"_blank\" rel=\"noopener noreferrer\">questo link<\/a><\/b><\/p>\n<p>Belluno, 24 novembre 2023 &#8211; &#8220;L&#8217;artigianato \u00e8 uno dei volani fondamentali dell&#8217;economia nazionale, uno dei prodotti pi\u00f9 copiati al mondo del Made in Italy, fondato su segreti tramandati da generazioni&#8221;.<\/p>\n<p>Lo ha detto il presidente della Camera di Commercio di Treviso-Belluno|Dolomiti Mario Pozza\u00a0 stamane in apertura della conferenza di presentazione tenutasi in Sala Luciani nella sede camerale di Belluno.<\/p>\n<p>\u00c8 indispensabile comunicare l&#8217;innovazione alle giovani generazioni. Siamo convinti che il dialogo e la conoscenza diretta siano la via migliore per raccontare quei mestieri percepiti come solo tradizionali e gi\u00e0 visti, ma che invece, oggi, sono innovativi, creativi e di valore internazionale per la loro unicit\u00e0 e di rappresentanza del Made in Italy. Stiamo dando la massima importanza ai giovani, evidenziando l&#8217;assoluta importanza della giusta scelta scolastica \u2013 evidenzia il presidente Pozza \u2013. &#8216;Antichi mestieri del futuro&#8217; \u00e8 un evento di orientamento scolastico e la cosa significativa \u00e8 che si svolger\u00e0 con il coinvolgimento diretto dei ragazzi, ma anche dei loro genitori riaffermando il ruolo primario della famiglia nel percorso dell&#8217;orientamento scolastico. Altra importante novit\u00e0 \u00e8 che i ragazzi avranno la grande occasione d&#8217;incontrare gli imprenditori di sei aziende bellunesi ed esperti dell&#8217;orientamento. L&#8217;obiettivo che si prefigge l&#8217;evento \u00e8 quello di trasmettere agli studenti e ai genitori che i lavori oramai considerati &#8216;antichi&#8217; stanno invece vivendo una rivoluzione alla luce del progresso scientifico e tecnologico, aprendo a molteplici opportunit\u00e0 di interesse e di futura occupazione&#8221;.<\/p>\n<p>&#8220;Vogliamo raccontare mestieri nei quali, grazie alle tecnologie e a contesti aziendali evoluti, saltano i confini tra lavoro intellettuale e operativo \u2013 sottolinea Federico Callegari responsabile del settore Studi e Orientamento al lavoro dell&#8217;Ente camerale. Il falegname di oggi, che lavora nel segmento del lusso, esercita un&#8217;attivit\u00e0 completamente diversa da quella del &#8216;Geppetto&#8217; di ieri! Studenti e genitori potranno cos\u00ec conoscere il fascino del bello e ben fatto, reinterpretato dalle tecnologie digitali e da mercati sempre pi\u00f9 esigenti. Lo faranno interagendo con persone, imprenditori e tecnici, che ogni giorno, dalla meccanica, all&#8217;arredo, alla moda, affermano nel mondo l&#8217;eccellenza delle nostre produzioni&#8221;.<\/p>\n<p>Ivana Del Pizzol, presidente di Donne Impresa del Veneto, ha sottolineato l&#8217;importanza di questa giornata di orientamento per gli studenti uscenti dalle Scuole secondarie di primo grado, poich\u00e9 i ragazzi avranno modo di conoscere l&#8217;offerta didattica prima della scelta definitiva di quello che sar\u00e0 il loro percorso didattico futuro.<\/p>\n<p><strong>Le aziende coinvolte:<\/strong><\/p>\n<p>\u2022 Ci.A.Gi. Compressori Srl (Mel \u2013 Borgo Valbelluna): Fornitura e assistenza di sistemi per produzione e trattamento di aria compressa. Con quest\u2019azienda si potr\u00e0 conoscere come evolvono le funzioni di Responsabile commerciale e responsabile tecnico manutenzioni, con attenzione ai temi della sostenibilit\u00e0 ambientale e dell\u2019uso di tecnologie digitali per l\u2019assistenza in remoto ai clienti<br \/>\n\u2022 Dolomites Dream di Farenzena Lucia &amp; C. S.A.S. \u2013 (Rocca Pietore): \u00e8 l\u2019azienda che abbiamo scelto per parlare di turismo e di come cambiano le professioni nel turismo, quando reinterpreti il business di affitti case e appartamenti e ne fai la base per progettare esperienze turistiche su misura;<br \/>\n\u2022 Falegnameria Hermann Di Hermann Sala &amp; C. Sas (Taibon Agordino): qui parleremo dell\u2019antico mestiere del falegname, ma dalla prospettiva di un\u2019azienda che fa arredi su misura e di pregio, e raccontato da due giovani: una progettista e, per l\u2019appunto, da chi poi cura la messa in opera degli arredi.<br \/>\n\u2022 Ikona Film, di Marco Recalchi (Feltre): In tempi in cui si pensa che basta avere in mano un telefonino per fare un video, noi andremo a raccontare il vero mestiere artigiano di un videomaker, la cui vita professionale \u00e8 divisa tra Feltre, Los Angeles e Londra. Tante le professioni che ruotano dietro un video professionale. Tanti i cambiamenti che stanno accadendo e che \u00e8 bene che le famiglie conoscano.<br \/>\n\u2022 Maricell (Longarone): E\u2019 un\u2019altra unicit\u00e0 del nostro territorio. E\u2019 fra le 6 aziende al mondo, di cui 2 in Europa, che lavorano materiali polimerici per applicazioni piuttosto complesse, quali ad esempio \u201canime\u201d di pale eoliche. Chi verr\u00e0 all\u2019evento potr\u00e0 interagire con il titolare, con periti chimici che hanno ruoli responsabile ricerca e sviluppo e responsabile impianti industriali.<br \/>\n\u2022 Thema Optical (Domegge di Cadore): infine, l\u2019occhialeria e il mondo delle professioni che ci ruota attorno, sar\u00e0 visto attraverso le \u201clenti\u201d &#8211; \u00e8 il caso di dirlo \u2013 di questa media azienda, localizzata in Cadore, il cui modello di business \u00e8 tutto incentrato sull\u2019occhiale su misura e con il ricorso alle nuove tecnologie digitali. Interverranno due giovani ragazze con profili di ottici, una che lavora nel laboratorio ottico, l\u2019altra in ambito produzione.<\/p>\n<p>&nbsp;<\/p>\n<p><strong>Come di svolger\u00e0 l&#8217;evento<\/strong><\/p>\n<p>Durante gli incontri, i ragazzi assisteranno a uno spettacolo di Edutainment (Education ed Entertainment), durante il quale psicologi dell&#8217;orientamento e del lavoro e attori professionisti condurranno i ragazzi in un percorso tanto istruttivo quanto divertente attraverso sketch e momenti di dibattito.<\/p>\n<p>Lo psicologo Angelo Boccato affronter\u00e0 il tema &#8220;La curiosit\u00e0 come antidoto alla paura di sbagliare&#8221;<\/p>\n<p>L&#8217;evento \u2013 spiega Boccato \u2013 \u00e8 pensato per genitori, studenti e studentesse che incontreranno imprenditori di diversi settori i quali racconteranno quello che sono i mestieri tradizionali e le loro evoluzioni, in un gioco fra passato e futuro L&#8217;obiettivo \u00e8 quello di incuriosire i ragazzi, invitarli a conoscere quei mestieri mettendo a fuoco le competenze e le capacit\u00e0 richieste oggi in un mondo del lavoro che subisce continui cambiamenti. Questo continuo ridisegnarsi di certi lavori, sempre pi\u00f9 articolati o, per usare un termine tecnico, &#8216;ibridi&#8217;, richiedono competenze ed esperienze molto eterogenee che devono essere valutate anche alla luce degli interessi personali dei giovani.<\/p>\n<p>&#8220;Nel percorso di orientamento \u2013 continua Boccato &#8211; la scuola e in particolare l&#8217;insegnante svolge un ruolo fondamentale, come lo \u00e8 quello dei genitori a cui spetta il compito di affiancare i ragazzi e le ragazze. Da qui la presenza dei genitori ad &#8216;Antichi mestieri del futuro&#8217; che potranno intervenire nel dialogo con le aziende assieme ai loro figli&#8221;.<\/p>\n<p>&nbsp;<\/p>\n<p><strong>Il programma<\/strong><\/p>\n<p>14:30 Apertura porte<\/p>\n<p>15:00 Accoglienza e saluti istituzionali<\/p>\n<p>15:15 &#8211; 16:00 Spettacolo di edutainment &#8211; Momento coinvolgente ed istruttivo volto a rompere gli stereotipi presenti ancora oggi in molti lavori<\/p>\n<p>16:00 &#8211; 17:45 Antichi mestieri del futuro Incontri con gli imprenditori e professionisti presenti. Le aziende partecipanti rappresenteranno gli ambiti di: arredo, comunicazione, materiali innovativi, meccanica 4.0, occhialeria e turismo.<\/p>\n<p>17:45 &#8211; 18:00 Monologo finale e saluti. Verr\u00e0 consegnata a ciascuno studente una scheda che verr\u00e0 compilata per evidenziare i punti cardine raccontati durante gli incontri. Tutto questo al fine di poter &#8220;portarsi a casa&#8221; una serie di informazioni ed idee, utili per la loro scelta &#8220;orientata&#8221; in modo realistico e consapevole.<\/p>\n<p>&nbsp;<\/p>","protected":false},"excerpt":{"rendered":"<p>Pozza: &#8220;Un evento speciale e inedito che coinvolger\u00e0 i ragazzi con i genitori, riaffermando il ruolo primario della famiglia nell&#8217;orientamento scolastico&#8221; &#8220;Antichi mestieri del futuro&#8221;: a Belluno l&#8217; evento-spettacolo di orientamento scolastico rivolto a studenti e genitori. L&#8217;iniziativa \u00e8 promossa dalla Camera di Commercio di Treviso &#8211; Belluno|Dolomiti ed \u00e8 rivolta agli studenti e studentesse [&hellip;]<\/p>\n","protected":false},"author":2,"featured_media":146160,"comment_status":"closed","ping_status":"open","sticky":false,"template":"","format":"standard","meta":{"footnotes":""},"categories":[26,15,8],"tags":[],"class_list":["post-146159","post","type-post","status-publish","format-standard","has-post-thumbnail","category-prima-pagina","category-scuola","category-societa-istituzioni"],"yoast_head":"<!-- This site is optimized with the Yoast SEO plugin v28.4 - https:\/\/yoast.com\/product\/yoast-seo-wordpress\/ -->\n<title>Antichi mestieri del futuro. Il 2 dicembre al Palasport il pomeriggio di orientamento scolastico per gli studenti di 3a Media - Bellunopress - Dolomiti<\/title>\n<meta name=\"robots\" content=\"index, follow, max-snippet:-1, max-image-preview:large, max-video-preview:-1\" \/>\n<link rel=\"canonical\" href=\"https:\/\/www.bellunopress.it\/fr\/2023\/11\/24\/antichi-mestieri-del-futuro-il-2-dicembre-al-palasport-il-pomeriggio-di-orientamento-scolastico-per-gli-studenti-di-3a-media\/\" \/>\n<meta property=\"og:locale\" content=\"fr_FR\" \/>\n<meta property=\"og:type\" content=\"article\" \/>\n<meta property=\"og:title\" content=\"Antichi mestieri del futuro. Il 2 dicembre al Palasport il pomeriggio di orientamento scolastico per gli studenti di 3a Media - Bellunopress - Dolomiti\" \/>\n<meta property=\"og:description\" content=\"Pozza: &#8220;Un evento speciale e inedito che coinvolger\u00e0 i ragazzi con i genitori, riaffermando il ruolo primario della famiglia nell&#8217;orientamento scolastico&#8221; &#8220;Antichi mestieri del futuro&#8221;: a Belluno l&#8217; evento-spettacolo di orientamento scolastico rivolto a studenti e genitori. L&#8217;iniziativa \u00e8 promossa dalla Camera di Commercio di Treviso &#8211; Belluno|Dolomiti ed \u00e8 rivolta agli studenti e studentesse [&hellip;]\" \/>\n<meta property=\"og:url\" content=\"https:\/\/www.bellunopress.it\/fr\/2023\/11\/24\/antichi-mestieri-del-futuro-il-2-dicembre-al-palasport-il-pomeriggio-di-orientamento-scolastico-per-gli-studenti-di-3a-media\/\" \/>\n<meta property=\"og:site_name\" content=\"Bellunopress - Dolomiti\" \/>\n<meta property=\"article:publisher\" content=\"https:\/\/www.facebook.com\/profile.php?id=100008943462799\" \/>\n<meta property=\"article:published_time\" content=\"2023-11-24T13:30:23+00:00\" \/>\n<meta property=\"og:image\" content=\"https:\/\/www.bellunopress.it\/wp-content\/uploads\/2023\/11\/Camera-commercio.jpg\" \/>\n\t<meta property=\"og:image:width\" content=\"1000\" \/>\n\t<meta property=\"og:image:height\" content=\"577\" \/>\n\t<meta property=\"og:image:type\" content=\"image\/jpeg\" \/>\n<meta name=\"author\" content=\"redazione\" \/>\n<meta name=\"twitter:card\" content=\"summary_large_image\" \/>\n<meta name=\"twitter:creator\" content=\"@bellunopress\" \/>\n<meta name=\"twitter:site\" content=\"@bellunopress\" \/>\n<meta name=\"twitter:label1\" content=\"Written by\" \/>\n\t<meta name=\"twitter:data1\" content=\"redazione\" \/>\n\t<meta name=\"twitter:label2\" content=\"Est. reading time\" \/>\n\t<meta name=\"twitter:data2\" content=\"6 minutes\" \/>\n<script type=\"application\/ld+json\" class=\"yoast-schema-graph\">{\"@context\":\"https:\\\/\\\/schema.org\",\"@graph\":[{\"@type\":\"Article\",\"@id\":\"https:\\\/\\\/www.bellunopress.it\\\/2023\\\/11\\\/24\\\/antichi-mestieri-del-futuro-il-2-dicembre-al-palasport-il-pomeriggio-di-orientamento-scolastico-per-gli-studenti-di-3a-media\\\/#article\",\"isPartOf\":{\"@id\":\"https:\\\/\\\/www.bellunopress.it\\\/2023\\\/11\\\/24\\\/antichi-mestieri-del-futuro-il-2-dicembre-al-palasport-il-pomeriggio-di-orientamento-scolastico-per-gli-studenti-di-3a-media\\\/\"},\"author\":{\"name\":\"redazione\",\"@id\":\"https:\\\/\\\/www.bellunopress.it\\\/#\\\/schema\\\/person\\\/79bb06722b37ece1c03d3e94beb30d73\"},\"headline\":\"Antichi mestieri del futuro. Il 2 dicembre al Palasport il pomeriggio di orientamento scolastico per gli studenti di 3a Media\",\"datePublished\":\"2023-11-24T13:30:23+00:00\",\"mainEntityOfPage\":{\"@id\":\"https:\\\/\\\/www.bellunopress.it\\\/2023\\\/11\\\/24\\\/antichi-mestieri-del-futuro-il-2-dicembre-al-palasport-il-pomeriggio-di-orientamento-scolastico-per-gli-studenti-di-3a-media\\\/\"},\"wordCount\":1196,\"publisher\":{\"@id\":\"https:\\\/\\\/www.bellunopress.it\\\/#organization\"},\"image\":{\"@id\":\"https:\\\/\\\/www.bellunopress.it\\\/2023\\\/11\\\/24\\\/antichi-mestieri-del-futuro-il-2-dicembre-al-palasport-il-pomeriggio-di-orientamento-scolastico-per-gli-studenti-di-3a-media\\\/#primaryimage\"},\"thumbnailUrl\":\"https:\\\/\\\/www.bellunopress.it\\\/wp-content\\\/uploads\\\/2023\\\/11\\\/Camera-commercio.jpg\",\"articleSection\":[\"Prima Pagina\",\"Scuola\",\"Societ\u00e0, Associazioni, Istituzioni\"],\"inLanguage\":\"fr-FR\"},{\"@type\":\"WebPage\",\"@id\":\"https:\\\/\\\/www.bellunopress.it\\\/2023\\\/11\\\/24\\\/antichi-mestieri-del-futuro-il-2-dicembre-al-palasport-il-pomeriggio-di-orientamento-scolastico-per-gli-studenti-di-3a-media\\\/\",\"url\":\"https:\\\/\\\/www.bellunopress.it\\\/2023\\\/11\\\/24\\\/antichi-mestieri-del-futuro-il-2-dicembre-al-palasport-il-pomeriggio-di-orientamento-scolastico-per-gli-studenti-di-3a-media\\\/\",\"name\":\"Antichi mestieri del futuro. Il 2 dicembre al Palasport il pomeriggio di orientamento scolastico per gli studenti di 3a Media - Bellunopress - Dolomiti\",\"isPartOf\":{\"@id\":\"https:\\\/\\\/www.bellunopress.it\\\/#website\"},\"primaryImageOfPage\":{\"@id\":\"https:\\\/\\\/www.bellunopress.it\\\/2023\\\/11\\\/24\\\/antichi-mestieri-del-futuro-il-2-dicembre-al-palasport-il-pomeriggio-di-orientamento-scolastico-per-gli-studenti-di-3a-media\\\/#primaryimage\"},\"image\":{\"@id\":\"https:\\\/\\\/www.bellunopress.it\\\/2023\\\/11\\\/24\\\/antichi-mestieri-del-futuro-il-2-dicembre-al-palasport-il-pomeriggio-di-orientamento-scolastico-per-gli-studenti-di-3a-media\\\/#primaryimage\"},\"thumbnailUrl\":\"https:\\\/\\\/www.bellunopress.it\\\/wp-content\\\/uploads\\\/2023\\\/11\\\/Camera-commercio.jpg\",\"datePublished\":\"2023-11-24T13:30:23+00:00\",\"breadcrumb\":{\"@id\":\"https:\\\/\\\/www.bellunopress.it\\\/2023\\\/11\\\/24\\\/antichi-mestieri-del-futuro-il-2-dicembre-al-palasport-il-pomeriggio-di-orientamento-scolastico-per-gli-studenti-di-3a-media\\\/#breadcrumb\"},\"inLanguage\":\"fr-FR\",\"potentialAction\":[{\"@type\":\"ReadAction\",\"target\":[\"https:\\\/\\\/www.bellunopress.it\\\/2023\\\/11\\\/24\\\/antichi-mestieri-del-futuro-il-2-dicembre-al-palasport-il-pomeriggio-di-orientamento-scolastico-per-gli-studenti-di-3a-media\\\/\"]}]},{\"@type\":\"ImageObject\",\"inLanguage\":\"fr-FR\",\"@id\":\"https:\\\/\\\/www.bellunopress.it\\\/2023\\\/11\\\/24\\\/antichi-mestieri-del-futuro-il-2-dicembre-al-palasport-il-pomeriggio-di-orientamento-scolastico-per-gli-studenti-di-3a-media\\\/#primaryimage\",\"url\":\"https:\\\/\\\/www.bellunopress.it\\\/wp-content\\\/uploads\\\/2023\\\/11\\\/Camera-commercio.jpg\",\"contentUrl\":\"https:\\\/\\\/www.bellunopress.it\\\/wp-content\\\/uploads\\\/2023\\\/11\\\/Camera-commercio.jpg\",\"width\":1000,\"height\":577,\"caption\":\"Federico Callegari, Mario Pozza, Ivana De Pizzol\"},{\"@type\":\"BreadcrumbList\",\"@id\":\"https:\\\/\\\/www.bellunopress.it\\\/2023\\\/11\\\/24\\\/antichi-mestieri-del-futuro-il-2-dicembre-al-palasport-il-pomeriggio-di-orientamento-scolastico-per-gli-studenti-di-3a-media\\\/#breadcrumb\",\"itemListElement\":[{\"@type\":\"ListItem\",\"position\":1,\"name\":\"Home\",\"item\":\"https:\\\/\\\/www.bellunopress.it\\\/\"},{\"@type\":\"ListItem\",\"position\":2,\"name\":\"Antichi mestieri del futuro. Il 2 dicembre al Palasport il pomeriggio di orientamento scolastico per gli studenti di 3a Media\"}]},{\"@type\":\"WebSite\",\"@id\":\"https:\\\/\\\/www.bellunopress.it\\\/#website\",\"url\":\"https:\\\/\\\/www.bellunopress.it\\\/\",\"name\":\"Bellunopress - Dolomiti\",\"description\":\"e-mail: redazione@bellunopress.it\",\"publisher\":{\"@id\":\"https:\\\/\\\/www.bellunopress.it\\\/#organization\"},\"potentialAction\":[{\"@type\":\"SearchAction\",\"target\":{\"@type\":\"EntryPoint\",\"urlTemplate\":\"https:\\\/\\\/www.bellunopress.it\\\/?s={search_term_string}\"},\"query-input\":{\"@type\":\"PropertyValueSpecification\",\"valueRequired\":true,\"valueName\":\"search_term_string\"}}],\"inLanguage\":\"fr-FR\"},{\"@type\":\"Organization\",\"@id\":\"https:\\\/\\\/www.bellunopress.it\\\/#organization\",\"name\":\"Bellunopress\",\"url\":\"https:\\\/\\\/www.bellunopress.it\\\/\",\"logo\":{\"@type\":\"ImageObject\",\"inLanguage\":\"fr-FR\",\"@id\":\"https:\\\/\\\/www.bellunopress.it\\\/#\\\/schema\\\/logo\\\/image\\\/\",\"url\":\"https:\\\/\\\/www.bellunopress.it\\\/wp-content\\\/uploads\\\/2011\\\/05\\\/cropped-logo-bellunopress-.jpg\",\"contentUrl\":\"https:\\\/\\\/www.bellunopress.it\\\/wp-content\\\/uploads\\\/2011\\\/05\\\/cropped-logo-bellunopress-.jpg\",\"width\":512,\"height\":512,\"caption\":\"Bellunopress\"},\"image\":{\"@id\":\"https:\\\/\\\/www.bellunopress.it\\\/#\\\/schema\\\/logo\\\/image\\\/\"},\"sameAs\":[\"https:\\\/\\\/www.facebook.com\\\/profile.php?id=100008943462799\",\"https:\\\/\\\/x.com\\\/bellunopress\",\"https:\\\/\\\/www.linkedin.com\\\/hp\\\/?dnr=JBzUWaJfMUw8vbXJJ2tVW5-I3jZKvC4wsoxE&amp;amp;amp;amp;amp;amp;trk=nav_responsive_tab_home\",\"https:\\\/\\\/www.youtube.com\\\/channel\\\/UCxL0wu1uN0_3_7hGG0306cw\"]},{\"@type\":\"Person\",\"@id\":\"https:\\\/\\\/www.bellunopress.it\\\/#\\\/schema\\\/person\\\/79bb06722b37ece1c03d3e94beb30d73\",\"name\":\"redazione\",\"image\":{\"@type\":\"ImageObject\",\"inLanguage\":\"fr-FR\",\"@id\":\"https:\\\/\\\/secure.gravatar.com\\\/avatar\\\/37d968a2e67a6fd04c169c4bdef102d0bc5d31b2546345219e348575eb80e9a0?s=96&d=mm&r=g\",\"url\":\"https:\\\/\\\/secure.gravatar.com\\\/avatar\\\/37d968a2e67a6fd04c169c4bdef102d0bc5d31b2546345219e348575eb80e9a0?s=96&d=mm&r=g\",\"contentUrl\":\"https:\\\/\\\/secure.gravatar.com\\\/avatar\\\/37d968a2e67a6fd04c169c4bdef102d0bc5d31b2546345219e348575eb80e9a0?s=96&d=mm&r=g\",\"caption\":\"redazione\"},\"sameAs\":[\"http:\\\/\\\/www.bellunopress.it\",\"https:\\\/\\\/x.com\\\/bellunopress\"],\"url\":\"https:\\\/\\\/www.bellunopress.it\\\/fr\\\/author\\\/redazione\\\/\"}]}<\/script>\n<!-- \/ Yoast SEO plugin. -->","yoast_head_json":{"title":"Antichi mestieri del futuro. Il 2 dicembre al Palasport il pomeriggio di orientamento scolastico per gli studenti di 3a Media - Bellunopress - Dolomiti","robots":{"index":"index","follow":"follow","max-snippet":"max-snippet:-1","max-image-preview":"max-image-preview:large","max-video-preview":"max-video-preview:-1"},"canonical":"https:\/\/www.bellunopress.it\/fr\/2023\/11\/24\/antichi-mestieri-del-futuro-il-2-dicembre-al-palasport-il-pomeriggio-di-orientamento-scolastico-per-gli-studenti-di-3a-media\/","og_locale":"fr_FR","og_type":"article","og_title":"Antichi mestieri del futuro. Il 2 dicembre al Palasport il pomeriggio di orientamento scolastico per gli studenti di 3a Media - Bellunopress - Dolomiti","og_description":"Pozza: &#8220;Un evento speciale e inedito che coinvolger\u00e0 i ragazzi con i genitori, riaffermando il ruolo primario della famiglia nell&#8217;orientamento scolastico&#8221; &#8220;Antichi mestieri del futuro&#8221;: a Belluno l&#8217; evento-spettacolo di orientamento scolastico rivolto a studenti e genitori. L&#8217;iniziativa \u00e8 promossa dalla Camera di Commercio di Treviso &#8211; Belluno|Dolomiti ed \u00e8 rivolta agli studenti e studentesse [&hellip;]","og_url":"https:\/\/www.bellunopress.it\/fr\/2023\/11\/24\/antichi-mestieri-del-futuro-il-2-dicembre-al-palasport-il-pomeriggio-di-orientamento-scolastico-per-gli-studenti-di-3a-media\/","og_site_name":"Bellunopress - Dolomiti","article_publisher":"https:\/\/www.facebook.com\/profile.php?id=100008943462799","article_published_time":"2023-11-24T13:30:23+00:00","og_image":[{"width":1000,"height":577,"url":"https:\/\/www.bellunopress.it\/wp-content\/uploads\/2023\/11\/Camera-commercio.jpg","type":"image\/jpeg"}],"author":"redazione","twitter_card":"summary_large_image","twitter_creator":"@bellunopress","twitter_site":"@bellunopress","twitter_misc":{"Written by":"redazione","Est. reading time":"6 minutes"},"schema":{"@context":"https:\/\/schema.org","@graph":[{"@type":"Article","@id":"https:\/\/www.bellunopress.it\/2023\/11\/24\/antichi-mestieri-del-futuro-il-2-dicembre-al-palasport-il-pomeriggio-di-orientamento-scolastico-per-gli-studenti-di-3a-media\/#article","isPartOf":{"@id":"https:\/\/www.bellunopress.it\/2023\/11\/24\/antichi-mestieri-del-futuro-il-2-dicembre-al-palasport-il-pomeriggio-di-orientamento-scolastico-per-gli-studenti-di-3a-media\/"},"author":{"name":"redazione","@id":"https:\/\/www.bellunopress.it\/#\/schema\/person\/79bb06722b37ece1c03d3e94beb30d73"},"headline":"Antichi mestieri del futuro. Il 2 dicembre al Palasport il pomeriggio di orientamento scolastico per gli studenti di 3a Media","datePublished":"2023-11-24T13:30:23+00:00","mainEntityOfPage":{"@id":"https:\/\/www.bellunopress.it\/2023\/11\/24\/antichi-mestieri-del-futuro-il-2-dicembre-al-palasport-il-pomeriggio-di-orientamento-scolastico-per-gli-studenti-di-3a-media\/"},"wordCount":1196,"publisher":{"@id":"https:\/\/www.bellunopress.it\/#organization"},"image":{"@id":"https:\/\/www.bellunopress.it\/2023\/11\/24\/antichi-mestieri-del-futuro-il-2-dicembre-al-palasport-il-pomeriggio-di-orientamento-scolastico-per-gli-studenti-di-3a-media\/#primaryimage"},"thumbnailUrl":"https:\/\/www.bellunopress.it\/wp-content\/uploads\/2023\/11\/Camera-commercio.jpg","articleSection":["Prima Pagina","Scuola","Societ\u00e0, Associazioni, Istituzioni"],"inLanguage":"fr-FR"},{"@type":"WebPage","@id":"https:\/\/www.bellunopress.it\/2023\/11\/24\/antichi-mestieri-del-futuro-il-2-dicembre-al-palasport-il-pomeriggio-di-orientamento-scolastico-per-gli-studenti-di-3a-media\/","url":"https:\/\/www.bellunopress.it\/2023\/11\/24\/antichi-mestieri-del-futuro-il-2-dicembre-al-palasport-il-pomeriggio-di-orientamento-scolastico-per-gli-studenti-di-3a-media\/","name":"Antichi mestieri del futuro. Il 2 dicembre al Palasport il pomeriggio di orientamento scolastico per gli studenti di 3a Media - Bellunopress - Dolomiti","isPartOf":{"@id":"https:\/\/www.bellunopress.it\/#website"},"primaryImageOfPage":{"@id":"https:\/\/www.bellunopress.it\/2023\/11\/24\/antichi-mestieri-del-futuro-il-2-dicembre-al-palasport-il-pomeriggio-di-orientamento-scolastico-per-gli-studenti-di-3a-media\/#primaryimage"},"image":{"@id":"https:\/\/www.bellunopress.it\/2023\/11\/24\/antichi-mestieri-del-futuro-il-2-dicembre-al-palasport-il-pomeriggio-di-orientamento-scolastico-per-gli-studenti-di-3a-media\/#primaryimage"},"thumbnailUrl":"https:\/\/www.bellunopress.it\/wp-content\/uploads\/2023\/11\/Camera-commercio.jpg","datePublished":"2023-11-24T13:30:23+00:00","breadcrumb":{"@id":"https:\/\/www.bellunopress.it\/2023\/11\/24\/antichi-mestieri-del-futuro-il-2-dicembre-al-palasport-il-pomeriggio-di-orientamento-scolastico-per-gli-studenti-di-3a-media\/#breadcrumb"},"inLanguage":"fr-FR","potentialAction":[{"@type":"ReadAction","target":["https:\/\/www.bellunopress.it\/2023\/11\/24\/antichi-mestieri-del-futuro-il-2-dicembre-al-palasport-il-pomeriggio-di-orientamento-scolastico-per-gli-studenti-di-3a-media\/"]}]},{"@type":"ImageObject","inLanguage":"fr-FR","@id":"https:\/\/www.bellunopress.it\/2023\/11\/24\/antichi-mestieri-del-futuro-il-2-dicembre-al-palasport-il-pomeriggio-di-orientamento-scolastico-per-gli-studenti-di-3a-media\/#primaryimage","url":"https:\/\/www.bellunopress.it\/wp-content\/uploads\/2023\/11\/Camera-commercio.jpg","contentUrl":"https:\/\/www.bellunopress.it\/wp-content\/uploads\/2023\/11\/Camera-commercio.jpg","width":1000,"height":577,"caption":"Federico Callegari, Mario Pozza, Ivana De Pizzol"},{"@type":"BreadcrumbList","@id":"https:\/\/www.bellunopress.it\/2023\/11\/24\/antichi-mestieri-del-futuro-il-2-dicembre-al-palasport-il-pomeriggio-di-orientamento-scolastico-per-gli-studenti-di-3a-media\/#breadcrumb","itemListElement":[{"@type":"ListItem","position":1,"name":"Home","item":"https:\/\/www.bellunopress.it\/"},{"@type":"ListItem","position":2,"name":"Antichi mestieri del futuro. Il 2 dicembre al Palasport il pomeriggio di orientamento scolastico per gli studenti di 3a Media"}]},{"@type":"WebSite","@id":"https:\/\/www.bellunopress.it\/#website","url":"https:\/\/www.bellunopress.it\/","name":"Bellunopress - Dolomiti","description":"e-mail: redazione@bellunopress.it","publisher":{"@id":"https:\/\/www.bellunopress.it\/#organization"},"potentialAction":[{"@type":"SearchAction","target":{"@type":"EntryPoint","urlTemplate":"https:\/\/www.bellunopress.it\/?s={search_term_string}"},"query-input":{"@type":"PropertyValueSpecification","valueRequired":true,"valueName":"search_term_string"}}],"inLanguage":"fr-FR"},{"@type":"Organization","@id":"https:\/\/www.bellunopress.it\/#organization","name":"Bellunopress","url":"https:\/\/www.bellunopress.it\/","logo":{"@type":"ImageObject","inLanguage":"fr-FR","@id":"https:\/\/www.bellunopress.it\/#\/schema\/logo\/image\/","url":"https:\/\/www.bellunopress.it\/wp-content\/uploads\/2011\/05\/cropped-logo-bellunopress-.jpg","contentUrl":"https:\/\/www.bellunopress.it\/wp-content\/uploads\/2011\/05\/cropped-logo-bellunopress-.jpg","width":512,"height":512,"caption":"Bellunopress"},"image":{"@id":"https:\/\/www.bellunopress.it\/#\/schema\/logo\/image\/"},"sameAs":["https:\/\/www.facebook.com\/profile.php?id=100008943462799","https:\/\/x.com\/bellunopress","https:\/\/www.linkedin.com\/hp\/?dnr=JBzUWaJfMUw8vbXJJ2tVW5-I3jZKvC4wsoxE&amp;amp;amp;amp;amp;amp;trk=nav_responsive_tab_home","https:\/\/www.youtube.com\/channel\/UCxL0wu1uN0_3_7hGG0306cw"]},{"@type":"Person","@id":"https:\/\/www.bellunopress.it\/#\/schema\/person\/79bb06722b37ece1c03d3e94beb30d73","name":"r\u00e9daction","image":{"@type":"ImageObject","inLanguage":"fr-FR","@id":"https:\/\/secure.gravatar.com\/avatar\/37d968a2e67a6fd04c169c4bdef102d0bc5d31b2546345219e348575eb80e9a0?s=96&d=mm&r=g","url":"https:\/\/secure.gravatar.com\/avatar\/37d968a2e67a6fd04c169c4bdef102d0bc5d31b2546345219e348575eb80e9a0?s=96&d=mm&r=g","contentUrl":"https:\/\/secure.gravatar.com\/avatar\/37d968a2e67a6fd04c169c4bdef102d0bc5d31b2546345219e348575eb80e9a0?s=96&d=mm&r=g","caption":"redazione"},"sameAs":["http:\/\/www.bellunopress.it","https:\/\/x.com\/bellunopress"],"url":"https:\/\/www.bellunopress.it\/fr\/author\/redazione\/"}]}},"_links":{"self":[{"href":"https:\/\/www.bellunopress.it\/fr\/wp-json\/wp\/v2\/posts\/146159","targetHints":{"allow":["GET"]}}],"collection":[{"href":"https:\/\/www.bellunopress.it\/fr\/wp-json\/wp\/v2\/posts"}],"about":[{"href":"https:\/\/www.bellunopress.it\/fr\/wp-json\/wp\/v2\/types\/post"}],"author":[{"embeddable":true,"href":"https:\/\/www.bellunopress.it\/fr\/wp-json\/wp\/v2\/users\/2"}],"replies":[{"embeddable":true,"href":"https:\/\/www.bellunopress.it\/fr\/wp-json\/wp\/v2\/comments?post=146159"}],"version-history":[{"count":1,"href":"https:\/\/www.bellunopress.it\/fr\/wp-json\/wp\/v2\/posts\/146159\/revisions"}],"predecessor-version":[{"id":146161,"href":"https:\/\/www.bellunopress.it\/fr\/wp-json\/wp\/v2\/posts\/146159\/revisions\/146161"}],"wp:featuredmedia":[{"embeddable":true,"href":"https:\/\/www.bellunopress.it\/fr\/wp-json\/wp\/v2\/media\/146160"}],"wp:attachment":[{"href":"https:\/\/www.bellunopress.it\/fr\/wp-json\/wp\/v2\/media?parent=146159"}],"wp:term":[{"taxonomy":"category","embeddable":true,"href":"https:\/\/www.bellunopress.it\/fr\/wp-json\/wp\/v2\/categories?post=146159"},{"taxonomy":"post_tag","embeddable":true,"href":"https:\/\/www.bellunopress.it\/fr\/wp-json\/wp\/v2\/tags?post=146159"}],"curies":[{"name":"wp","href":"https:\/\/api.w.org\/{rel}","templated":true}]}}