{"id":146157,"date":"2023-11-24T13:25:04","date_gmt":"2023-11-24T12:25:04","guid":{"rendered":"https:\/\/www.bellunopress.it\/?p=146157"},"modified":"2023-11-24T13:25:04","modified_gmt":"2023-11-24T12:25:04","slug":"dolomiti-ambiente-deola-il-tema-non-e-la-strategicita-in-base-al-piano-regionale-in-quanto-non-stiamo-parlando-di-indifferenziato-lha-deliberata-il-consiglio-di-bacino","status":"publish","type":"post","link":"https:\/\/www.bellunopress.it\/fr\/2023\/11\/24\/dolomiti-ambiente-deola-il-tema-non-e-la-strategicita-in-base-al-piano-regionale-in-quanto-non-stiamo-parlando-di-indifferenziato-lha-deliberata-il-consiglio-di-bacino\/","title":{"rendered":"Dolomiti Ambiente, Deola: \u00abIl tema non \u00e8 la strategicit\u00e0 in base al piano regionale in quanto non stiamo parlando di indifferenziato. L\u2019ha deliberata il Consiglio di Bacino\u00bb"},"content":{"rendered":"<figure id=\"attachment_114439\" aria-describedby=\"caption-attachment-114439\" style=\"width: 564px\" class=\"wp-caption alignleft\"><img loading=\"lazy\" decoding=\"async\" class=\"size-full wp-image-114439\" src=\"https:\/\/www.bellunopress.it\/wp-content\/uploads\/2020\/05\/simone-deola_edited.jpg\" alt=\"\" width=\"564\" height=\"659\" srcset=\"https:\/\/www.bellunopress.it\/wp-content\/uploads\/2020\/05\/simone-deola_edited.jpg 564w, https:\/\/www.bellunopress.it\/wp-content\/uploads\/2020\/05\/simone-deola_edited-428x500.jpg 428w, https:\/\/www.bellunopress.it\/wp-content\/uploads\/2020\/05\/simone-deola_edited-359x420.jpg 359w\" sizes=\"auto, (max-width: 564px) 100vw, 564px\" \/><figcaption id=\"caption-attachment-114439\" class=\"wp-caption-text\">Simone Deola &#8211; Assessore<\/figcaption><\/figure>\n<p>\u00abNel tema Dolomiti Ambiente sono pi\u00f9 che mai al centro l&#8217;attenzione al territorio e ai cittadini e quindi una politica che persegue il bene comune come interesse supremo. Nessuno ha mai messo in discussione il piano regionale dei rifiuti in quanto il tema non \u00e8 il trattamento del rifiuto indifferenziato, normato dalla Regione, ma il rifiuto organico e pi\u00f9 in generale l\u2019organizzazione logistica del bacino. Nasce da qui quello che l\u2019assessore regionale Bottacin definisce \u201clivore\u201d\u00bb.<\/p>\n<p>Lo afferma il consigliere provinciale delegato all\u2019ambiente, Simone Deola, rispondendo alle dichiarazioni dell\u2019assessore regionale, in merito alla cessione delle quote di Dolomiti Ambiente.<\/p>\n<p>\u00abLa strategicit\u00e0 del Maserot \u00e8 stata deliberata dall\u2019assemblea dei sindaci all\u2019unanimit\u00e0 nel 2021, con l\u2019obiettivo di arrivare a un affidamento integrato dei rifiuti nel bacino bellunese; citando la stessa delibera: \u201cTale prospettiva (l\u2019integrazione della Dolomiti Ambiente nel processo di affidamento) prevede l\u2019estensione del perimetro di affidamento anche all\u2019impiantistica di bacino\u2026inoltre l\u2019integrazione della societ\u00e0 impiantistica consente l\u2019autonomia di trattamento sulla frazione organica e lascia spazio a forme di interessante gestione del sito di Maserot quale piattaforma logistica in grado di massimizzare le raccolte differenziate. Tutti aspetti che favoriscono dal punto di vista industriale lo scenario\u201d\u00bb.<\/p>\n<p>\u00abDobbiamo ritenere che le delibere del Consiglio di Bacino degli ultimi quattro anni siano di fatto non pi\u00f9 valide?\u00bb chiede il consigliere Deola. \u00ab\u00c8 evidente &#8211; e credo converr\u00e0 con me l\u2019assessore Bottacin &#8211; che un bacino che riesce ad affidare non solo raccolta, ma che ha in dotazione anche un impianto per la lavorazione del rifiuto organico con la possibilit\u00e0 di investire e sviluppare nuove linee e nuova logistica anche dal punto di vista della produzione energetica, \u00e8 pi\u00f9 forte e pi\u00f9 autonomo di un bacino che affida solo un mero servizio di raccolta. E questo determina l\u2019autonomia anche in scelte di investimento di un bacino e quindi di un territorio provinciale. Nessuno ha mai messo in discussione il piano regionale dei rifiuti, non \u00e8 questo il tema. Come il tema non pu\u00f2 essere l\u2019economicit\u00e0, dato che questo criterio fondante per la gestione dei rifiuti non \u00e8 stabilito n\u00e9 dalla Regione n\u00e9 dalla Provincia, bens\u00ec dalla stessa normativa nazionale ed europea: ed \u00e8 qui che comunque deve essere ricercata la legittimit\u00e0 dell\u2019affidamento in house providing che si vuole perseguire\u00bb.<\/p>\n<p>\u00abL\u2019assessore Bottacin ritiene che il Maserot non sia strategico, ma il trattamento intermedio del rifiuto come potrebbe essere sostituito? A che prezzo? Con quali ricadute dal punto di vista ambientale?\u00bb prosegue il consigliere Deola.<\/p>\n<p>\u00abPer il Maserot non rileva affatto il ciclo del secco, per il quale Dolomiti Ambiente rende disponibile la propria fossa Rsu ai fini dell&#8217;attivit\u00e0 di travaso che, nel medio-lungo periodo, far\u00e0 convergere il rifiuto su uno dei tre termovalorizzatori veneti destinati a residuare dopo la chiusura delle discariche. Il fatto di avere una linea di lavorazione del Rsu in fase di dismissione apre altre prospettive di utilizzo di macchinari e attrezzature in lavorazioni alternative, gi\u00e0 individuate, richieste dal mercato, con ipotesi concrete di collaborazione e da implementare in tempi brevi. Per la Forsu il problema del digestato liquido \u00e8 concreto, ma si tratta di affrontarlo con un investimento che si ripaga in 4-5 anni; dopo 12 anni dall&#8217;introduzione del digestore le tecnologie che migliorano il processo non mancano. In ogni caso, credo sia necessario parlare dei miglioramenti logistici che sarebbero possibili al Maserot senza ricorrere a nuove costruzioni, indispensabili invece se venisse dismesso l\u2019impianto, dato che servirebbero stazioni di travaso del rifiuto. Questo credo debbano pensare gli amministratori bellunesi, soprattutto in un\u2019ottica di sviluppo e pianificazione\u00bb.<\/p>","protected":false},"excerpt":{"rendered":"<p>\u00abNel tema Dolomiti Ambiente sono pi\u00f9 che mai al centro l&#8217;attenzione al territorio e ai cittadini e quindi una politica che persegue il bene comune come interesse supremo. Nessuno ha mai messo in discussione il piano regionale dei rifiuti in quanto il tema non \u00e8 il trattamento del rifiuto indifferenziato, normato dalla Regione, ma il [&hellip;]<\/p>\n","protected":false},"author":2,"featured_media":114439,"comment_status":"closed","ping_status":"open","sticky":false,"template":"","format":"standard","meta":{"footnotes":""},"categories":[5,26],"tags":[],"class_list":["post-146157","post","type-post","status-publish","format-standard","has-post-thumbnail","category-cronaca","category-prima-pagina"],"yoast_head":"<!-- This site is optimized with the Yoast SEO plugin v28.4 - https:\/\/yoast.com\/product\/yoast-seo-wordpress\/ -->\n<title>Dolomiti Ambiente, Deola: \u00abIl tema non \u00e8 la strategicit\u00e0 in base al piano regionale in quanto non stiamo parlando di indifferenziato. L\u2019ha deliberata il Consiglio di Bacino\u00bb - Bellunopress - Dolomiti<\/title>\n<meta name=\"robots\" content=\"index, follow, max-snippet:-1, max-image-preview:large, max-video-preview:-1\" \/>\n<link rel=\"canonical\" href=\"https:\/\/www.bellunopress.it\/fr\/2023\/11\/24\/dolomiti-ambiente-deola-il-tema-non-e-la-strategicita-in-base-al-piano-regionale-in-quanto-non-stiamo-parlando-di-indifferenziato-lha-deliberata-il-consiglio-di-bacino\/\" \/>\n<meta property=\"og:locale\" content=\"fr_FR\" \/>\n<meta property=\"og:type\" content=\"article\" \/>\n<meta property=\"og:title\" content=\"Dolomiti Ambiente, Deola: \u00abIl tema non \u00e8 la strategicit\u00e0 in base al piano regionale in quanto non stiamo parlando di indifferenziato. L\u2019ha deliberata il Consiglio di Bacino\u00bb - Bellunopress - Dolomiti\" \/>\n<meta property=\"og:description\" content=\"\u00abNel tema Dolomiti Ambiente sono pi\u00f9 che mai al centro l&#8217;attenzione al territorio e ai cittadini e quindi una politica che persegue il bene comune come interesse supremo. Nessuno ha mai messo in discussione il piano regionale dei rifiuti in quanto il tema non \u00e8 il trattamento del rifiuto indifferenziato, normato dalla Regione, ma il [&hellip;]\" \/>\n<meta property=\"og:url\" content=\"https:\/\/www.bellunopress.it\/fr\/2023\/11\/24\/dolomiti-ambiente-deola-il-tema-non-e-la-strategicita-in-base-al-piano-regionale-in-quanto-non-stiamo-parlando-di-indifferenziato-lha-deliberata-il-consiglio-di-bacino\/\" \/>\n<meta property=\"og:site_name\" content=\"Bellunopress - Dolomiti\" \/>\n<meta property=\"article:publisher\" content=\"https:\/\/www.facebook.com\/profile.php?id=100008943462799\" \/>\n<meta property=\"article:published_time\" content=\"2023-11-24T12:25:04+00:00\" \/>\n<meta property=\"og:image\" content=\"https:\/\/www.bellunopress.it\/wp-content\/uploads\/2020\/05\/simone-deola_edited.jpg\" \/>\n\t<meta property=\"og:image:width\" content=\"564\" \/>\n\t<meta property=\"og:image:height\" content=\"659\" \/>\n\t<meta property=\"og:image:type\" content=\"image\/jpeg\" \/>\n<meta name=\"author\" content=\"redazione\" \/>\n<meta name=\"twitter:card\" content=\"summary_large_image\" \/>\n<meta name=\"twitter:creator\" content=\"@bellunopress\" \/>\n<meta name=\"twitter:site\" content=\"@bellunopress\" \/>\n<meta name=\"twitter:label1\" content=\"Written by\" \/>\n\t<meta name=\"twitter:data1\" content=\"redazione\" \/>\n\t<meta name=\"twitter:label2\" content=\"Est. reading time\" \/>\n\t<meta name=\"twitter:data2\" content=\"3 minutes\" \/>\n<script type=\"application\/ld+json\" class=\"yoast-schema-graph\">{\"@context\":\"https:\\\/\\\/schema.org\",\"@graph\":[{\"@type\":\"Article\",\"@id\":\"https:\\\/\\\/www.bellunopress.it\\\/2023\\\/11\\\/24\\\/dolomiti-ambiente-deola-il-tema-non-e-la-strategicita-in-base-al-piano-regionale-in-quanto-non-stiamo-parlando-di-indifferenziato-lha-deliberata-il-consiglio-di-bacino\\\/#article\",\"isPartOf\":{\"@id\":\"https:\\\/\\\/www.bellunopress.it\\\/2023\\\/11\\\/24\\\/dolomiti-ambiente-deola-il-tema-non-e-la-strategicita-in-base-al-piano-regionale-in-quanto-non-stiamo-parlando-di-indifferenziato-lha-deliberata-il-consiglio-di-bacino\\\/\"},\"author\":{\"name\":\"redazione\",\"@id\":\"https:\\\/\\\/www.bellunopress.it\\\/#\\\/schema\\\/person\\\/79bb06722b37ece1c03d3e94beb30d73\"},\"headline\":\"Dolomiti Ambiente, Deola: \u00abIl tema non \u00e8 la strategicit\u00e0 in base al piano regionale in quanto non stiamo parlando di indifferenziato. L\u2019ha deliberata il Consiglio di Bacino\u00bb\",\"datePublished\":\"2023-11-24T12:25:04+00:00\",\"mainEntityOfPage\":{\"@id\":\"https:\\\/\\\/www.bellunopress.it\\\/2023\\\/11\\\/24\\\/dolomiti-ambiente-deola-il-tema-non-e-la-strategicita-in-base-al-piano-regionale-in-quanto-non-stiamo-parlando-di-indifferenziato-lha-deliberata-il-consiglio-di-bacino\\\/\"},\"wordCount\":633,\"publisher\":{\"@id\":\"https:\\\/\\\/www.bellunopress.it\\\/#organization\"},\"image\":{\"@id\":\"https:\\\/\\\/www.bellunopress.it\\\/2023\\\/11\\\/24\\\/dolomiti-ambiente-deola-il-tema-non-e-la-strategicita-in-base-al-piano-regionale-in-quanto-non-stiamo-parlando-di-indifferenziato-lha-deliberata-il-consiglio-di-bacino\\\/#primaryimage\"},\"thumbnailUrl\":\"https:\\\/\\\/www.bellunopress.it\\\/wp-content\\\/uploads\\\/2020\\\/05\\\/simone-deola_edited.jpg\",\"articleSection\":[\"Cronaca\\\/Politica\",\"Prima Pagina\"],\"inLanguage\":\"fr-FR\"},{\"@type\":\"WebPage\",\"@id\":\"https:\\\/\\\/www.bellunopress.it\\\/2023\\\/11\\\/24\\\/dolomiti-ambiente-deola-il-tema-non-e-la-strategicita-in-base-al-piano-regionale-in-quanto-non-stiamo-parlando-di-indifferenziato-lha-deliberata-il-consiglio-di-bacino\\\/\",\"url\":\"https:\\\/\\\/www.bellunopress.it\\\/2023\\\/11\\\/24\\\/dolomiti-ambiente-deola-il-tema-non-e-la-strategicita-in-base-al-piano-regionale-in-quanto-non-stiamo-parlando-di-indifferenziato-lha-deliberata-il-consiglio-di-bacino\\\/\",\"name\":\"Dolomiti Ambiente, Deola: \u00abIl tema non \u00e8 la strategicit\u00e0 in base al piano regionale in quanto non stiamo parlando di indifferenziato. L\u2019ha deliberata il Consiglio di Bacino\u00bb - Bellunopress - Dolomiti\",\"isPartOf\":{\"@id\":\"https:\\\/\\\/www.bellunopress.it\\\/#website\"},\"primaryImageOfPage\":{\"@id\":\"https:\\\/\\\/www.bellunopress.it\\\/2023\\\/11\\\/24\\\/dolomiti-ambiente-deola-il-tema-non-e-la-strategicita-in-base-al-piano-regionale-in-quanto-non-stiamo-parlando-di-indifferenziato-lha-deliberata-il-consiglio-di-bacino\\\/#primaryimage\"},\"image\":{\"@id\":\"https:\\\/\\\/www.bellunopress.it\\\/2023\\\/11\\\/24\\\/dolomiti-ambiente-deola-il-tema-non-e-la-strategicita-in-base-al-piano-regionale-in-quanto-non-stiamo-parlando-di-indifferenziato-lha-deliberata-il-consiglio-di-bacino\\\/#primaryimage\"},\"thumbnailUrl\":\"https:\\\/\\\/www.bellunopress.it\\\/wp-content\\\/uploads\\\/2020\\\/05\\\/simone-deola_edited.jpg\",\"datePublished\":\"2023-11-24T12:25:04+00:00\",\"breadcrumb\":{\"@id\":\"https:\\\/\\\/www.bellunopress.it\\\/2023\\\/11\\\/24\\\/dolomiti-ambiente-deola-il-tema-non-e-la-strategicita-in-base-al-piano-regionale-in-quanto-non-stiamo-parlando-di-indifferenziato-lha-deliberata-il-consiglio-di-bacino\\\/#breadcrumb\"},\"inLanguage\":\"fr-FR\",\"potentialAction\":[{\"@type\":\"ReadAction\",\"target\":[\"https:\\\/\\\/www.bellunopress.it\\\/2023\\\/11\\\/24\\\/dolomiti-ambiente-deola-il-tema-non-e-la-strategicita-in-base-al-piano-regionale-in-quanto-non-stiamo-parlando-di-indifferenziato-lha-deliberata-il-consiglio-di-bacino\\\/\"]}]},{\"@type\":\"ImageObject\",\"inLanguage\":\"fr-FR\",\"@id\":\"https:\\\/\\\/www.bellunopress.it\\\/2023\\\/11\\\/24\\\/dolomiti-ambiente-deola-il-tema-non-e-la-strategicita-in-base-al-piano-regionale-in-quanto-non-stiamo-parlando-di-indifferenziato-lha-deliberata-il-consiglio-di-bacino\\\/#primaryimage\",\"url\":\"https:\\\/\\\/www.bellunopress.it\\\/wp-content\\\/uploads\\\/2020\\\/05\\\/simone-deola_edited.jpg\",\"contentUrl\":\"https:\\\/\\\/www.bellunopress.it\\\/wp-content\\\/uploads\\\/2020\\\/05\\\/simone-deola_edited.jpg\",\"width\":564,\"height\":659,\"caption\":\"Simone Deola - Assessore\"},{\"@type\":\"BreadcrumbList\",\"@id\":\"https:\\\/\\\/www.bellunopress.it\\\/2023\\\/11\\\/24\\\/dolomiti-ambiente-deola-il-tema-non-e-la-strategicita-in-base-al-piano-regionale-in-quanto-non-stiamo-parlando-di-indifferenziato-lha-deliberata-il-consiglio-di-bacino\\\/#breadcrumb\",\"itemListElement\":[{\"@type\":\"ListItem\",\"position\":1,\"name\":\"Home\",\"item\":\"https:\\\/\\\/www.bellunopress.it\\\/\"},{\"@type\":\"ListItem\",\"position\":2,\"name\":\"Dolomiti Ambiente, Deola: \u00abIl tema non \u00e8 la strategicit\u00e0 in base al piano regionale in quanto non stiamo parlando di indifferenziato. L\u2019ha deliberata il Consiglio di Bacino\u00bb\"}]},{\"@type\":\"WebSite\",\"@id\":\"https:\\\/\\\/www.bellunopress.it\\\/#website\",\"url\":\"https:\\\/\\\/www.bellunopress.it\\\/\",\"name\":\"Bellunopress - Dolomiti\",\"description\":\"e-mail: redazione@bellunopress.it\",\"publisher\":{\"@id\":\"https:\\\/\\\/www.bellunopress.it\\\/#organization\"},\"potentialAction\":[{\"@type\":\"SearchAction\",\"target\":{\"@type\":\"EntryPoint\",\"urlTemplate\":\"https:\\\/\\\/www.bellunopress.it\\\/?s={search_term_string}\"},\"query-input\":{\"@type\":\"PropertyValueSpecification\",\"valueRequired\":true,\"valueName\":\"search_term_string\"}}],\"inLanguage\":\"fr-FR\"},{\"@type\":\"Organization\",\"@id\":\"https:\\\/\\\/www.bellunopress.it\\\/#organization\",\"name\":\"Bellunopress\",\"url\":\"https:\\\/\\\/www.bellunopress.it\\\/\",\"logo\":{\"@type\":\"ImageObject\",\"inLanguage\":\"fr-FR\",\"@id\":\"https:\\\/\\\/www.bellunopress.it\\\/#\\\/schema\\\/logo\\\/image\\\/\",\"url\":\"https:\\\/\\\/www.bellunopress.it\\\/wp-content\\\/uploads\\\/2011\\\/05\\\/cropped-logo-bellunopress-.jpg\",\"contentUrl\":\"https:\\\/\\\/www.bellunopress.it\\\/wp-content\\\/uploads\\\/2011\\\/05\\\/cropped-logo-bellunopress-.jpg\",\"width\":512,\"height\":512,\"caption\":\"Bellunopress\"},\"image\":{\"@id\":\"https:\\\/\\\/www.bellunopress.it\\\/#\\\/schema\\\/logo\\\/image\\\/\"},\"sameAs\":[\"https:\\\/\\\/www.facebook.com\\\/profile.php?id=100008943462799\",\"https:\\\/\\\/x.com\\\/bellunopress\",\"https:\\\/\\\/www.linkedin.com\\\/hp\\\/?dnr=JBzUWaJfMUw8vbXJJ2tVW5-I3jZKvC4wsoxE&amp;amp;amp;amp;amp;amp;trk=nav_responsive_tab_home\",\"https:\\\/\\\/www.youtube.com\\\/channel\\\/UCxL0wu1uN0_3_7hGG0306cw\"]},{\"@type\":\"Person\",\"@id\":\"https:\\\/\\\/www.bellunopress.it\\\/#\\\/schema\\\/person\\\/79bb06722b37ece1c03d3e94beb30d73\",\"name\":\"redazione\",\"image\":{\"@type\":\"ImageObject\",\"inLanguage\":\"fr-FR\",\"@id\":\"https:\\\/\\\/secure.gravatar.com\\\/avatar\\\/37d968a2e67a6fd04c169c4bdef102d0bc5d31b2546345219e348575eb80e9a0?s=96&d=mm&r=g\",\"url\":\"https:\\\/\\\/secure.gravatar.com\\\/avatar\\\/37d968a2e67a6fd04c169c4bdef102d0bc5d31b2546345219e348575eb80e9a0?s=96&d=mm&r=g\",\"contentUrl\":\"https:\\\/\\\/secure.gravatar.com\\\/avatar\\\/37d968a2e67a6fd04c169c4bdef102d0bc5d31b2546345219e348575eb80e9a0?s=96&d=mm&r=g\",\"caption\":\"redazione\"},\"sameAs\":[\"http:\\\/\\\/www.bellunopress.it\",\"https:\\\/\\\/x.com\\\/bellunopress\"],\"url\":\"https:\\\/\\\/www.bellunopress.it\\\/fr\\\/author\\\/redazione\\\/\"}]}<\/script>\n<!-- \/ Yoast SEO plugin. -->","yoast_head_json":{"title":"Dolomiti Ambiente, Deola: \u00abIl tema non \u00e8 la strategicit\u00e0 in base al piano regionale in quanto non stiamo parlando di indifferenziato. L\u2019ha deliberata il Consiglio di Bacino\u00bb - Bellunopress - Dolomiti","robots":{"index":"index","follow":"follow","max-snippet":"max-snippet:-1","max-image-preview":"max-image-preview:large","max-video-preview":"max-video-preview:-1"},"canonical":"https:\/\/www.bellunopress.it\/fr\/2023\/11\/24\/dolomiti-ambiente-deola-il-tema-non-e-la-strategicita-in-base-al-piano-regionale-in-quanto-non-stiamo-parlando-di-indifferenziato-lha-deliberata-il-consiglio-di-bacino\/","og_locale":"fr_FR","og_type":"article","og_title":"Dolomiti Ambiente, Deola: \u00abIl tema non \u00e8 la strategicit\u00e0 in base al piano regionale in quanto non stiamo parlando di indifferenziato. L\u2019ha deliberata il Consiglio di Bacino\u00bb - Bellunopress - Dolomiti","og_description":"\u00abNel tema Dolomiti Ambiente sono pi\u00f9 che mai al centro l&#8217;attenzione al territorio e ai cittadini e quindi una politica che persegue il bene comune come interesse supremo. Nessuno ha mai messo in discussione il piano regionale dei rifiuti in quanto il tema non \u00e8 il trattamento del rifiuto indifferenziato, normato dalla Regione, ma il [&hellip;]","og_url":"https:\/\/www.bellunopress.it\/fr\/2023\/11\/24\/dolomiti-ambiente-deola-il-tema-non-e-la-strategicita-in-base-al-piano-regionale-in-quanto-non-stiamo-parlando-di-indifferenziato-lha-deliberata-il-consiglio-di-bacino\/","og_site_name":"Bellunopress - Dolomiti","article_publisher":"https:\/\/www.facebook.com\/profile.php?id=100008943462799","article_published_time":"2023-11-24T12:25:04+00:00","og_image":[{"width":564,"height":659,"url":"https:\/\/www.bellunopress.it\/wp-content\/uploads\/2020\/05\/simone-deola_edited.jpg","type":"image\/jpeg"}],"author":"redazione","twitter_card":"summary_large_image","twitter_creator":"@bellunopress","twitter_site":"@bellunopress","twitter_misc":{"Written by":"redazione","Est. reading time":"3 minutes"},"schema":{"@context":"https:\/\/schema.org","@graph":[{"@type":"Article","@id":"https:\/\/www.bellunopress.it\/2023\/11\/24\/dolomiti-ambiente-deola-il-tema-non-e-la-strategicita-in-base-al-piano-regionale-in-quanto-non-stiamo-parlando-di-indifferenziato-lha-deliberata-il-consiglio-di-bacino\/#article","isPartOf":{"@id":"https:\/\/www.bellunopress.it\/2023\/11\/24\/dolomiti-ambiente-deola-il-tema-non-e-la-strategicita-in-base-al-piano-regionale-in-quanto-non-stiamo-parlando-di-indifferenziato-lha-deliberata-il-consiglio-di-bacino\/"},"author":{"name":"redazione","@id":"https:\/\/www.bellunopress.it\/#\/schema\/person\/79bb06722b37ece1c03d3e94beb30d73"},"headline":"Dolomiti Ambiente, Deola: \u00abIl tema non \u00e8 la strategicit\u00e0 in base al piano regionale in quanto non stiamo parlando di indifferenziato. L\u2019ha deliberata il Consiglio di Bacino\u00bb","datePublished":"2023-11-24T12:25:04+00:00","mainEntityOfPage":{"@id":"https:\/\/www.bellunopress.it\/2023\/11\/24\/dolomiti-ambiente-deola-il-tema-non-e-la-strategicita-in-base-al-piano-regionale-in-quanto-non-stiamo-parlando-di-indifferenziato-lha-deliberata-il-consiglio-di-bacino\/"},"wordCount":633,"publisher":{"@id":"https:\/\/www.bellunopress.it\/#organization"},"image":{"@id":"https:\/\/www.bellunopress.it\/2023\/11\/24\/dolomiti-ambiente-deola-il-tema-non-e-la-strategicita-in-base-al-piano-regionale-in-quanto-non-stiamo-parlando-di-indifferenziato-lha-deliberata-il-consiglio-di-bacino\/#primaryimage"},"thumbnailUrl":"https:\/\/www.bellunopress.it\/wp-content\/uploads\/2020\/05\/simone-deola_edited.jpg","articleSection":["Cronaca\/Politica","Prima Pagina"],"inLanguage":"fr-FR"},{"@type":"WebPage","@id":"https:\/\/www.bellunopress.it\/2023\/11\/24\/dolomiti-ambiente-deola-il-tema-non-e-la-strategicita-in-base-al-piano-regionale-in-quanto-non-stiamo-parlando-di-indifferenziato-lha-deliberata-il-consiglio-di-bacino\/","url":"https:\/\/www.bellunopress.it\/2023\/11\/24\/dolomiti-ambiente-deola-il-tema-non-e-la-strategicita-in-base-al-piano-regionale-in-quanto-non-stiamo-parlando-di-indifferenziato-lha-deliberata-il-consiglio-di-bacino\/","name":"Dolomiti Ambiente, Deola: \u00abIl tema non \u00e8 la strategicit\u00e0 in base al piano regionale in quanto non stiamo parlando di indifferenziato. L\u2019ha deliberata il Consiglio di Bacino\u00bb - Bellunopress - Dolomiti","isPartOf":{"@id":"https:\/\/www.bellunopress.it\/#website"},"primaryImageOfPage":{"@id":"https:\/\/www.bellunopress.it\/2023\/11\/24\/dolomiti-ambiente-deola-il-tema-non-e-la-strategicita-in-base-al-piano-regionale-in-quanto-non-stiamo-parlando-di-indifferenziato-lha-deliberata-il-consiglio-di-bacino\/#primaryimage"},"image":{"@id":"https:\/\/www.bellunopress.it\/2023\/11\/24\/dolomiti-ambiente-deola-il-tema-non-e-la-strategicita-in-base-al-piano-regionale-in-quanto-non-stiamo-parlando-di-indifferenziato-lha-deliberata-il-consiglio-di-bacino\/#primaryimage"},"thumbnailUrl":"https:\/\/www.bellunopress.it\/wp-content\/uploads\/2020\/05\/simone-deola_edited.jpg","datePublished":"2023-11-24T12:25:04+00:00","breadcrumb":{"@id":"https:\/\/www.bellunopress.it\/2023\/11\/24\/dolomiti-ambiente-deola-il-tema-non-e-la-strategicita-in-base-al-piano-regionale-in-quanto-non-stiamo-parlando-di-indifferenziato-lha-deliberata-il-consiglio-di-bacino\/#breadcrumb"},"inLanguage":"fr-FR","potentialAction":[{"@type":"ReadAction","target":["https:\/\/www.bellunopress.it\/2023\/11\/24\/dolomiti-ambiente-deola-il-tema-non-e-la-strategicita-in-base-al-piano-regionale-in-quanto-non-stiamo-parlando-di-indifferenziato-lha-deliberata-il-consiglio-di-bacino\/"]}]},{"@type":"ImageObject","inLanguage":"fr-FR","@id":"https:\/\/www.bellunopress.it\/2023\/11\/24\/dolomiti-ambiente-deola-il-tema-non-e-la-strategicita-in-base-al-piano-regionale-in-quanto-non-stiamo-parlando-di-indifferenziato-lha-deliberata-il-consiglio-di-bacino\/#primaryimage","url":"https:\/\/www.bellunopress.it\/wp-content\/uploads\/2020\/05\/simone-deola_edited.jpg","contentUrl":"https:\/\/www.bellunopress.it\/wp-content\/uploads\/2020\/05\/simone-deola_edited.jpg","width":564,"height":659,"caption":"Simone Deola - Assessore"},{"@type":"BreadcrumbList","@id":"https:\/\/www.bellunopress.it\/2023\/11\/24\/dolomiti-ambiente-deola-il-tema-non-e-la-strategicita-in-base-al-piano-regionale-in-quanto-non-stiamo-parlando-di-indifferenziato-lha-deliberata-il-consiglio-di-bacino\/#breadcrumb","itemListElement":[{"@type":"ListItem","position":1,"name":"Home","item":"https:\/\/www.bellunopress.it\/"},{"@type":"ListItem","position":2,"name":"Dolomiti Ambiente, Deola: \u00abIl tema non \u00e8 la strategicit\u00e0 in base al piano regionale in quanto non stiamo parlando di indifferenziato. L\u2019ha deliberata il Consiglio di Bacino\u00bb"}]},{"@type":"WebSite","@id":"https:\/\/www.bellunopress.it\/#website","url":"https:\/\/www.bellunopress.it\/","name":"Bellunopress - Dolomiti","description":"e-mail: redazione@bellunopress.it","publisher":{"@id":"https:\/\/www.bellunopress.it\/#organization"},"potentialAction":[{"@type":"SearchAction","target":{"@type":"EntryPoint","urlTemplate":"https:\/\/www.bellunopress.it\/?s={search_term_string}"},"query-input":{"@type":"PropertyValueSpecification","valueRequired":true,"valueName":"search_term_string"}}],"inLanguage":"fr-FR"},{"@type":"Organization","@id":"https:\/\/www.bellunopress.it\/#organization","name":"Bellunopress","url":"https:\/\/www.bellunopress.it\/","logo":{"@type":"ImageObject","inLanguage":"fr-FR","@id":"https:\/\/www.bellunopress.it\/#\/schema\/logo\/image\/","url":"https:\/\/www.bellunopress.it\/wp-content\/uploads\/2011\/05\/cropped-logo-bellunopress-.jpg","contentUrl":"https:\/\/www.bellunopress.it\/wp-content\/uploads\/2011\/05\/cropped-logo-bellunopress-.jpg","width":512,"height":512,"caption":"Bellunopress"},"image":{"@id":"https:\/\/www.bellunopress.it\/#\/schema\/logo\/image\/"},"sameAs":["https:\/\/www.facebook.com\/profile.php?id=100008943462799","https:\/\/x.com\/bellunopress","https:\/\/www.linkedin.com\/hp\/?dnr=JBzUWaJfMUw8vbXJJ2tVW5-I3jZKvC4wsoxE&amp;amp;amp;amp;amp;amp;trk=nav_responsive_tab_home","https:\/\/www.youtube.com\/channel\/UCxL0wu1uN0_3_7hGG0306cw"]},{"@type":"Person","@id":"https:\/\/www.bellunopress.it\/#\/schema\/person\/79bb06722b37ece1c03d3e94beb30d73","name":"r\u00e9daction","image":{"@type":"ImageObject","inLanguage":"fr-FR","@id":"https:\/\/secure.gravatar.com\/avatar\/37d968a2e67a6fd04c169c4bdef102d0bc5d31b2546345219e348575eb80e9a0?s=96&d=mm&r=g","url":"https:\/\/secure.gravatar.com\/avatar\/37d968a2e67a6fd04c169c4bdef102d0bc5d31b2546345219e348575eb80e9a0?s=96&d=mm&r=g","contentUrl":"https:\/\/secure.gravatar.com\/avatar\/37d968a2e67a6fd04c169c4bdef102d0bc5d31b2546345219e348575eb80e9a0?s=96&d=mm&r=g","caption":"redazione"},"sameAs":["http:\/\/www.bellunopress.it","https:\/\/x.com\/bellunopress"],"url":"https:\/\/www.bellunopress.it\/fr\/author\/redazione\/"}]}},"_links":{"self":[{"href":"https:\/\/www.bellunopress.it\/fr\/wp-json\/wp\/v2\/posts\/146157","targetHints":{"allow":["GET"]}}],"collection":[{"href":"https:\/\/www.bellunopress.it\/fr\/wp-json\/wp\/v2\/posts"}],"about":[{"href":"https:\/\/www.bellunopress.it\/fr\/wp-json\/wp\/v2\/types\/post"}],"author":[{"embeddable":true,"href":"https:\/\/www.bellunopress.it\/fr\/wp-json\/wp\/v2\/users\/2"}],"replies":[{"embeddable":true,"href":"https:\/\/www.bellunopress.it\/fr\/wp-json\/wp\/v2\/comments?post=146157"}],"version-history":[{"count":1,"href":"https:\/\/www.bellunopress.it\/fr\/wp-json\/wp\/v2\/posts\/146157\/revisions"}],"predecessor-version":[{"id":146158,"href":"https:\/\/www.bellunopress.it\/fr\/wp-json\/wp\/v2\/posts\/146157\/revisions\/146158"}],"wp:featuredmedia":[{"embeddable":true,"href":"https:\/\/www.bellunopress.it\/fr\/wp-json\/wp\/v2\/media\/114439"}],"wp:attachment":[{"href":"https:\/\/www.bellunopress.it\/fr\/wp-json\/wp\/v2\/media?parent=146157"}],"wp:term":[{"taxonomy":"category","embeddable":true,"href":"https:\/\/www.bellunopress.it\/fr\/wp-json\/wp\/v2\/categories?post=146157"},{"taxonomy":"post_tag","embeddable":true,"href":"https:\/\/www.bellunopress.it\/fr\/wp-json\/wp\/v2\/tags?post=146157"}],"curies":[{"name":"wp","href":"https:\/\/api.w.org\/{rel}","templated":true}]}}