{"id":146155,"date":"2023-11-24T10:47:38","date_gmt":"2023-11-24T09:47:38","guid":{"rendered":"https:\/\/www.bellunopress.it\/?p=146155"},"modified":"2023-11-24T10:47:38","modified_gmt":"2023-11-24T09:47:38","slug":"flavia-monego-la-lotta-per-leliminazione-della-violenza-contro-le-donne-si-allarghi-a-tutti-i-giorni-dellanno","status":"publish","type":"post","link":"https:\/\/www.bellunopress.it\/fr\/2023\/11\/24\/flavia-monego-la-lotta-per-leliminazione-della-violenza-contro-le-donne-si-allarghi-a-tutti-i-giorni-dellanno\/","title":{"rendered":"Flavia Monego: la lotta per l&#8217;eliminazione della violenza contro le donne si allarghi a tutti i giorni dell&#8217;anno"},"content":{"rendered":"<figure id=\"attachment_118902\" aria-describedby=\"caption-attachment-118902\" style=\"width: 800px\" class=\"wp-caption alignleft\"><img loading=\"lazy\" decoding=\"async\" class=\"size-full wp-image-118902\" src=\"https:\/\/www.bellunopress.it\/wp-content\/uploads\/2020\/10\/Flavia-Monego-Consigliera-di-parita_edited.jpg\" alt=\"\" width=\"800\" height=\"716\" srcset=\"https:\/\/www.bellunopress.it\/wp-content\/uploads\/2020\/10\/Flavia-Monego-Consigliera-di-parita_edited.jpg 800w, https:\/\/www.bellunopress.it\/wp-content\/uploads\/2020\/10\/Flavia-Monego-Consigliera-di-parita_edited-500x448.jpg 500w, https:\/\/www.bellunopress.it\/wp-content\/uploads\/2020\/10\/Flavia-Monego-Consigliera-di-parita_edited-696x623.jpg 696w, https:\/\/www.bellunopress.it\/wp-content\/uploads\/2020\/10\/Flavia-Monego-Consigliera-di-parita_edited-469x420.jpg 469w\" sizes=\"auto, (max-width: 800px) 100vw, 800px\" \/><figcaption id=\"caption-attachment-118902\" class=\"wp-caption-text\">Flavia Monego &#8211; Consigliera di parit\u00e0 della Provincia<\/figcaption><\/figure>\n<p>Il mondo che vorrei non ha bisogno del 25 novembre. Non ha bisogno di scarpe rosse, di manifestazioni, di fiaccolate, di prese di posizione. \u00c8 un mondo in cui la parit\u00e0 uomo-donna \u00e8 tanto normale quanto scontata. E in cui la violenza di genere non solo non esiste, ma \u00e8 addirittura uno scandalo assoluto anche solo immaginarla.<\/p>\n<p>\u00c8 il mondo che vorrei e il mondo di cui avremmo tutti bisogno, ma purtroppo non \u00e8 il mondo in cui viviamo. E non serve scomodare la memoria della povera Giulia Cecchettin per ricordare qual \u00e8 la situazione reale.<\/p>\n<p>Ecco perch\u00e9 abbiamo bisogno del 25 novembre. E abbiamo bisogno che questa giornata &#8211; diventata simbolo della lotta per l&#8217;eliminazione della violenza contro le donne &#8211; si allarghi agli altri 364 giorni dell&#8217;anno, per creare una societ\u00e0 inclusiva.<\/p>\n<p>Da dove si parte? Dalla quotidianit\u00e0. Dalla scuola e dai luoghi di lavoro. Ed \u00e8 per questo che la Consigliera di Parit\u00e0 in questi anni di incarico si \u00e8 impegnata attivamente per entrare nei luoghi di lavoro. In collaborazione con i sindacati e con le associazioni di categoria, sono stati organizzati corsi e convegni per prevenire le molestie e le discriminazioni, nella consapevolezza che solo attraverso l&#8217;informazione, la conoscenza, la cultura e l&#8217;impegno attivo si possono superare certe barriere.<\/p>\n<p>Basta? Ovviamente no. Serve una sinergia ampia, serve l&#8217;apporto di tutti, cittadini, famiglie, mondo produttivo, scuole e istituzioni. Sinergia su cui stiamo lavorando per la soluzione di un caso complicato, quello della sopravvivenza del Centro Antiviolenza bellunese gestito dall&#8217;Associazione Onlus Belluno Donna, che offre un servizio essenziale per il territorio, capace di dare risposte immediate e di farsi carico delle urgenze e della gestione a lungo raggio del supporto alle donne vittime di violenza. Il problema \u00e8 che con l&#8217;entrata in vigore dell&#8217;intesa Stato-Regioni, \u00e8 richiesta la reperibilit\u00e0 H24 per avere accesso ai finanziamenti; un requisito insormontabile per una realt\u00e0 basata sul volontariato che rischia di compromettere il servizio, a tutto danno delle donne vittime di violenza. Stiamo lavorando per avere una deroga e credo che sarebbe splendido se proprio il 25 novembre arrivassero buone notizie in tal senso.<\/p>\n<p>Lavoriamo anche per la diffusione di una cultura di inclusione e parit\u00e0, scevra di violenza. E per questo invito tutti a visitare la mostra &#8220;Non chiamatelo raptus&#8221;, che ho voluto allestire in questi giorni a Palazzo Piloni. Un&#8217;esposizione di vignette di Anarkikka per stigmatizzare la violenza di genere. L&#8217;obiettivo \u00e8 sensibilizzare il pubblico, stimolare la riflessione e la discussione su come combattere &#8211; tutti insieme &#8211; questo problema sociale.<\/p>\n<p><strong>Flavia Monego &#8211;\u00a0Consigliera Parit\u00e0<\/strong><\/p>","protected":false},"excerpt":{"rendered":"<p>Il mondo che vorrei non ha bisogno del 25 novembre. Non ha bisogno di scarpe rosse, di manifestazioni, di fiaccolate, di prese di posizione. \u00c8 un mondo in cui la parit\u00e0 uomo-donna \u00e8 tanto normale quanto scontata. E in cui la violenza di genere non solo non esiste, ma \u00e8 addirittura uno scandalo assoluto anche [&hellip;]<\/p>\n","protected":false},"author":2,"featured_media":118902,"comment_status":"closed","ping_status":"open","sticky":false,"template":"","format":"standard","meta":{"footnotes":""},"categories":[26,8],"tags":[],"class_list":["post-146155","post","type-post","status-publish","format-standard","has-post-thumbnail","category-prima-pagina","category-societa-istituzioni"],"yoast_head":"<!-- This site is optimized with the Yoast SEO plugin v28.4 - https:\/\/yoast.com\/product\/yoast-seo-wordpress\/ -->\n<title>Flavia Monego: la lotta per l&#039;eliminazione della violenza contro le donne si allarghi a tutti i giorni dell&#039;anno - Bellunopress - Dolomiti<\/title>\n<meta name=\"robots\" content=\"index, follow, max-snippet:-1, max-image-preview:large, max-video-preview:-1\" \/>\n<link rel=\"canonical\" href=\"https:\/\/www.bellunopress.it\/fr\/2023\/11\/24\/flavia-monego-la-lotta-per-leliminazione-della-violenza-contro-le-donne-si-allarghi-a-tutti-i-giorni-dellanno\/\" \/>\n<meta property=\"og:locale\" content=\"fr_FR\" \/>\n<meta property=\"og:type\" content=\"article\" \/>\n<meta property=\"og:title\" content=\"Flavia Monego: la lotta per l&#039;eliminazione della violenza contro le donne si allarghi a tutti i giorni dell&#039;anno - Bellunopress - Dolomiti\" \/>\n<meta property=\"og:description\" content=\"Il mondo che vorrei non ha bisogno del 25 novembre. Non ha bisogno di scarpe rosse, di manifestazioni, di fiaccolate, di prese di posizione. \u00c8 un mondo in cui la parit\u00e0 uomo-donna \u00e8 tanto normale quanto scontata. E in cui la violenza di genere non solo non esiste, ma \u00e8 addirittura uno scandalo assoluto anche [&hellip;]\" \/>\n<meta property=\"og:url\" content=\"https:\/\/www.bellunopress.it\/fr\/2023\/11\/24\/flavia-monego-la-lotta-per-leliminazione-della-violenza-contro-le-donne-si-allarghi-a-tutti-i-giorni-dellanno\/\" \/>\n<meta property=\"og:site_name\" content=\"Bellunopress - Dolomiti\" \/>\n<meta property=\"article:publisher\" content=\"https:\/\/www.facebook.com\/profile.php?id=100008943462799\" \/>\n<meta property=\"article:published_time\" content=\"2023-11-24T09:47:38+00:00\" \/>\n<meta property=\"og:image\" content=\"https:\/\/www.bellunopress.it\/wp-content\/uploads\/2020\/10\/Flavia-Monego-Consigliera-di-parita_edited.jpg\" \/>\n\t<meta property=\"og:image:width\" content=\"800\" \/>\n\t<meta property=\"og:image:height\" content=\"716\" \/>\n\t<meta property=\"og:image:type\" content=\"image\/jpeg\" \/>\n<meta name=\"author\" content=\"redazione\" \/>\n<meta name=\"twitter:card\" content=\"summary_large_image\" \/>\n<meta name=\"twitter:creator\" content=\"@bellunopress\" \/>\n<meta name=\"twitter:site\" content=\"@bellunopress\" \/>\n<meta name=\"twitter:label1\" content=\"Written by\" \/>\n\t<meta name=\"twitter:data1\" content=\"redazione\" \/>\n\t<meta name=\"twitter:label2\" content=\"Est. reading time\" \/>\n\t<meta name=\"twitter:data2\" content=\"2 minutes\" \/>\n<script type=\"application\/ld+json\" class=\"yoast-schema-graph\">{\"@context\":\"https:\\\/\\\/schema.org\",\"@graph\":[{\"@type\":\"Article\",\"@id\":\"https:\\\/\\\/www.bellunopress.it\\\/2023\\\/11\\\/24\\\/flavia-monego-la-lotta-per-leliminazione-della-violenza-contro-le-donne-si-allarghi-a-tutti-i-giorni-dellanno\\\/#article\",\"isPartOf\":{\"@id\":\"https:\\\/\\\/www.bellunopress.it\\\/2023\\\/11\\\/24\\\/flavia-monego-la-lotta-per-leliminazione-della-violenza-contro-le-donne-si-allarghi-a-tutti-i-giorni-dellanno\\\/\"},\"author\":{\"name\":\"redazione\",\"@id\":\"https:\\\/\\\/www.bellunopress.it\\\/#\\\/schema\\\/person\\\/79bb06722b37ece1c03d3e94beb30d73\"},\"headline\":\"Flavia Monego: la lotta per l&#8217;eliminazione della violenza contro le donne si allarghi a tutti i giorni dell&#8217;anno\",\"datePublished\":\"2023-11-24T09:47:38+00:00\",\"mainEntityOfPage\":{\"@id\":\"https:\\\/\\\/www.bellunopress.it\\\/2023\\\/11\\\/24\\\/flavia-monego-la-lotta-per-leliminazione-della-violenza-contro-le-donne-si-allarghi-a-tutti-i-giorni-dellanno\\\/\"},\"wordCount\":456,\"publisher\":{\"@id\":\"https:\\\/\\\/www.bellunopress.it\\\/#organization\"},\"image\":{\"@id\":\"https:\\\/\\\/www.bellunopress.it\\\/2023\\\/11\\\/24\\\/flavia-monego-la-lotta-per-leliminazione-della-violenza-contro-le-donne-si-allarghi-a-tutti-i-giorni-dellanno\\\/#primaryimage\"},\"thumbnailUrl\":\"https:\\\/\\\/www.bellunopress.it\\\/wp-content\\\/uploads\\\/2020\\\/10\\\/Flavia-Monego-Consigliera-di-parita_edited.jpg\",\"articleSection\":[\"Prima Pagina\",\"Societ\u00e0, Associazioni, Istituzioni\"],\"inLanguage\":\"fr-FR\"},{\"@type\":\"WebPage\",\"@id\":\"https:\\\/\\\/www.bellunopress.it\\\/2023\\\/11\\\/24\\\/flavia-monego-la-lotta-per-leliminazione-della-violenza-contro-le-donne-si-allarghi-a-tutti-i-giorni-dellanno\\\/\",\"url\":\"https:\\\/\\\/www.bellunopress.it\\\/2023\\\/11\\\/24\\\/flavia-monego-la-lotta-per-leliminazione-della-violenza-contro-le-donne-si-allarghi-a-tutti-i-giorni-dellanno\\\/\",\"name\":\"Flavia Monego: la lotta per l'eliminazione della violenza contro le donne si allarghi a tutti i giorni dell'anno - Bellunopress - Dolomiti\",\"isPartOf\":{\"@id\":\"https:\\\/\\\/www.bellunopress.it\\\/#website\"},\"primaryImageOfPage\":{\"@id\":\"https:\\\/\\\/www.bellunopress.it\\\/2023\\\/11\\\/24\\\/flavia-monego-la-lotta-per-leliminazione-della-violenza-contro-le-donne-si-allarghi-a-tutti-i-giorni-dellanno\\\/#primaryimage\"},\"image\":{\"@id\":\"https:\\\/\\\/www.bellunopress.it\\\/2023\\\/11\\\/24\\\/flavia-monego-la-lotta-per-leliminazione-della-violenza-contro-le-donne-si-allarghi-a-tutti-i-giorni-dellanno\\\/#primaryimage\"},\"thumbnailUrl\":\"https:\\\/\\\/www.bellunopress.it\\\/wp-content\\\/uploads\\\/2020\\\/10\\\/Flavia-Monego-Consigliera-di-parita_edited.jpg\",\"datePublished\":\"2023-11-24T09:47:38+00:00\",\"breadcrumb\":{\"@id\":\"https:\\\/\\\/www.bellunopress.it\\\/2023\\\/11\\\/24\\\/flavia-monego-la-lotta-per-leliminazione-della-violenza-contro-le-donne-si-allarghi-a-tutti-i-giorni-dellanno\\\/#breadcrumb\"},\"inLanguage\":\"fr-FR\",\"potentialAction\":[{\"@type\":\"ReadAction\",\"target\":[\"https:\\\/\\\/www.bellunopress.it\\\/2023\\\/11\\\/24\\\/flavia-monego-la-lotta-per-leliminazione-della-violenza-contro-le-donne-si-allarghi-a-tutti-i-giorni-dellanno\\\/\"]}]},{\"@type\":\"ImageObject\",\"inLanguage\":\"fr-FR\",\"@id\":\"https:\\\/\\\/www.bellunopress.it\\\/2023\\\/11\\\/24\\\/flavia-monego-la-lotta-per-leliminazione-della-violenza-contro-le-donne-si-allarghi-a-tutti-i-giorni-dellanno\\\/#primaryimage\",\"url\":\"https:\\\/\\\/www.bellunopress.it\\\/wp-content\\\/uploads\\\/2020\\\/10\\\/Flavia-Monego-Consigliera-di-parita_edited.jpg\",\"contentUrl\":\"https:\\\/\\\/www.bellunopress.it\\\/wp-content\\\/uploads\\\/2020\\\/10\\\/Flavia-Monego-Consigliera-di-parita_edited.jpg\",\"width\":800,\"height\":716,\"caption\":\"Flavia Monego - Consigliera di parit\u00e0 della Provincia di Belluno\"},{\"@type\":\"BreadcrumbList\",\"@id\":\"https:\\\/\\\/www.bellunopress.it\\\/2023\\\/11\\\/24\\\/flavia-monego-la-lotta-per-leliminazione-della-violenza-contro-le-donne-si-allarghi-a-tutti-i-giorni-dellanno\\\/#breadcrumb\",\"itemListElement\":[{\"@type\":\"ListItem\",\"position\":1,\"name\":\"Home\",\"item\":\"https:\\\/\\\/www.bellunopress.it\\\/\"},{\"@type\":\"ListItem\",\"position\":2,\"name\":\"Flavia Monego: la lotta per l&#8217;eliminazione della violenza contro le donne si allarghi a tutti i giorni dell&#8217;anno\"}]},{\"@type\":\"WebSite\",\"@id\":\"https:\\\/\\\/www.bellunopress.it\\\/#website\",\"url\":\"https:\\\/\\\/www.bellunopress.it\\\/\",\"name\":\"Bellunopress - Dolomiti\",\"description\":\"e-mail: redazione@bellunopress.it\",\"publisher\":{\"@id\":\"https:\\\/\\\/www.bellunopress.it\\\/#organization\"},\"potentialAction\":[{\"@type\":\"SearchAction\",\"target\":{\"@type\":\"EntryPoint\",\"urlTemplate\":\"https:\\\/\\\/www.bellunopress.it\\\/?s={search_term_string}\"},\"query-input\":{\"@type\":\"PropertyValueSpecification\",\"valueRequired\":true,\"valueName\":\"search_term_string\"}}],\"inLanguage\":\"fr-FR\"},{\"@type\":\"Organization\",\"@id\":\"https:\\\/\\\/www.bellunopress.it\\\/#organization\",\"name\":\"Bellunopress\",\"url\":\"https:\\\/\\\/www.bellunopress.it\\\/\",\"logo\":{\"@type\":\"ImageObject\",\"inLanguage\":\"fr-FR\",\"@id\":\"https:\\\/\\\/www.bellunopress.it\\\/#\\\/schema\\\/logo\\\/image\\\/\",\"url\":\"https:\\\/\\\/www.bellunopress.it\\\/wp-content\\\/uploads\\\/2011\\\/05\\\/cropped-logo-bellunopress-.jpg\",\"contentUrl\":\"https:\\\/\\\/www.bellunopress.it\\\/wp-content\\\/uploads\\\/2011\\\/05\\\/cropped-logo-bellunopress-.jpg\",\"width\":512,\"height\":512,\"caption\":\"Bellunopress\"},\"image\":{\"@id\":\"https:\\\/\\\/www.bellunopress.it\\\/#\\\/schema\\\/logo\\\/image\\\/\"},\"sameAs\":[\"https:\\\/\\\/www.facebook.com\\\/profile.php?id=100008943462799\",\"https:\\\/\\\/x.com\\\/bellunopress\",\"https:\\\/\\\/www.linkedin.com\\\/hp\\\/?dnr=JBzUWaJfMUw8vbXJJ2tVW5-I3jZKvC4wsoxE&amp;amp;amp;amp;amp;amp;trk=nav_responsive_tab_home\",\"https:\\\/\\\/www.youtube.com\\\/channel\\\/UCxL0wu1uN0_3_7hGG0306cw\"]},{\"@type\":\"Person\",\"@id\":\"https:\\\/\\\/www.bellunopress.it\\\/#\\\/schema\\\/person\\\/79bb06722b37ece1c03d3e94beb30d73\",\"name\":\"redazione\",\"image\":{\"@type\":\"ImageObject\",\"inLanguage\":\"fr-FR\",\"@id\":\"https:\\\/\\\/secure.gravatar.com\\\/avatar\\\/37d968a2e67a6fd04c169c4bdef102d0bc5d31b2546345219e348575eb80e9a0?s=96&d=mm&r=g\",\"url\":\"https:\\\/\\\/secure.gravatar.com\\\/avatar\\\/37d968a2e67a6fd04c169c4bdef102d0bc5d31b2546345219e348575eb80e9a0?s=96&d=mm&r=g\",\"contentUrl\":\"https:\\\/\\\/secure.gravatar.com\\\/avatar\\\/37d968a2e67a6fd04c169c4bdef102d0bc5d31b2546345219e348575eb80e9a0?s=96&d=mm&r=g\",\"caption\":\"redazione\"},\"sameAs\":[\"http:\\\/\\\/www.bellunopress.it\",\"https:\\\/\\\/x.com\\\/bellunopress\"],\"url\":\"https:\\\/\\\/www.bellunopress.it\\\/fr\\\/author\\\/redazione\\\/\"}]}<\/script>\n<!-- \/ Yoast SEO plugin. -->","yoast_head_json":{"title":"Flavia Monego: la lotta per l'eliminazione della violenza contro le donne si allarghi a tutti i giorni dell'anno - Bellunopress - Dolomiti","robots":{"index":"index","follow":"follow","max-snippet":"max-snippet:-1","max-image-preview":"max-image-preview:large","max-video-preview":"max-video-preview:-1"},"canonical":"https:\/\/www.bellunopress.it\/fr\/2023\/11\/24\/flavia-monego-la-lotta-per-leliminazione-della-violenza-contro-le-donne-si-allarghi-a-tutti-i-giorni-dellanno\/","og_locale":"fr_FR","og_type":"article","og_title":"Flavia Monego: la lotta per l'eliminazione della violenza contro le donne si allarghi a tutti i giorni dell'anno - Bellunopress - Dolomiti","og_description":"Il mondo che vorrei non ha bisogno del 25 novembre. Non ha bisogno di scarpe rosse, di manifestazioni, di fiaccolate, di prese di posizione. \u00c8 un mondo in cui la parit\u00e0 uomo-donna \u00e8 tanto normale quanto scontata. E in cui la violenza di genere non solo non esiste, ma \u00e8 addirittura uno scandalo assoluto anche [&hellip;]","og_url":"https:\/\/www.bellunopress.it\/fr\/2023\/11\/24\/flavia-monego-la-lotta-per-leliminazione-della-violenza-contro-le-donne-si-allarghi-a-tutti-i-giorni-dellanno\/","og_site_name":"Bellunopress - Dolomiti","article_publisher":"https:\/\/www.facebook.com\/profile.php?id=100008943462799","article_published_time":"2023-11-24T09:47:38+00:00","og_image":[{"width":800,"height":716,"url":"https:\/\/www.bellunopress.it\/wp-content\/uploads\/2020\/10\/Flavia-Monego-Consigliera-di-parita_edited.jpg","type":"image\/jpeg"}],"author":"redazione","twitter_card":"summary_large_image","twitter_creator":"@bellunopress","twitter_site":"@bellunopress","twitter_misc":{"Written by":"redazione","Est. reading time":"2 minutes"},"schema":{"@context":"https:\/\/schema.org","@graph":[{"@type":"Article","@id":"https:\/\/www.bellunopress.it\/2023\/11\/24\/flavia-monego-la-lotta-per-leliminazione-della-violenza-contro-le-donne-si-allarghi-a-tutti-i-giorni-dellanno\/#article","isPartOf":{"@id":"https:\/\/www.bellunopress.it\/2023\/11\/24\/flavia-monego-la-lotta-per-leliminazione-della-violenza-contro-le-donne-si-allarghi-a-tutti-i-giorni-dellanno\/"},"author":{"name":"redazione","@id":"https:\/\/www.bellunopress.it\/#\/schema\/person\/79bb06722b37ece1c03d3e94beb30d73"},"headline":"Flavia Monego: la lotta per l&#8217;eliminazione della violenza contro le donne si allarghi a tutti i giorni dell&#8217;anno","datePublished":"2023-11-24T09:47:38+00:00","mainEntityOfPage":{"@id":"https:\/\/www.bellunopress.it\/2023\/11\/24\/flavia-monego-la-lotta-per-leliminazione-della-violenza-contro-le-donne-si-allarghi-a-tutti-i-giorni-dellanno\/"},"wordCount":456,"publisher":{"@id":"https:\/\/www.bellunopress.it\/#organization"},"image":{"@id":"https:\/\/www.bellunopress.it\/2023\/11\/24\/flavia-monego-la-lotta-per-leliminazione-della-violenza-contro-le-donne-si-allarghi-a-tutti-i-giorni-dellanno\/#primaryimage"},"thumbnailUrl":"https:\/\/www.bellunopress.it\/wp-content\/uploads\/2020\/10\/Flavia-Monego-Consigliera-di-parita_edited.jpg","articleSection":["Prima Pagina","Societ\u00e0, Associazioni, Istituzioni"],"inLanguage":"fr-FR"},{"@type":"WebPage","@id":"https:\/\/www.bellunopress.it\/2023\/11\/24\/flavia-monego-la-lotta-per-leliminazione-della-violenza-contro-le-donne-si-allarghi-a-tutti-i-giorni-dellanno\/","url":"https:\/\/www.bellunopress.it\/2023\/11\/24\/flavia-monego-la-lotta-per-leliminazione-della-violenza-contro-le-donne-si-allarghi-a-tutti-i-giorni-dellanno\/","name":"Flavia Monego: la lotta per l'eliminazione della violenza contro le donne si allarghi a tutti i giorni dell'anno - Bellunopress - Dolomiti","isPartOf":{"@id":"https:\/\/www.bellunopress.it\/#website"},"primaryImageOfPage":{"@id":"https:\/\/www.bellunopress.it\/2023\/11\/24\/flavia-monego-la-lotta-per-leliminazione-della-violenza-contro-le-donne-si-allarghi-a-tutti-i-giorni-dellanno\/#primaryimage"},"image":{"@id":"https:\/\/www.bellunopress.it\/2023\/11\/24\/flavia-monego-la-lotta-per-leliminazione-della-violenza-contro-le-donne-si-allarghi-a-tutti-i-giorni-dellanno\/#primaryimage"},"thumbnailUrl":"https:\/\/www.bellunopress.it\/wp-content\/uploads\/2020\/10\/Flavia-Monego-Consigliera-di-parita_edited.jpg","datePublished":"2023-11-24T09:47:38+00:00","breadcrumb":{"@id":"https:\/\/www.bellunopress.it\/2023\/11\/24\/flavia-monego-la-lotta-per-leliminazione-della-violenza-contro-le-donne-si-allarghi-a-tutti-i-giorni-dellanno\/#breadcrumb"},"inLanguage":"fr-FR","potentialAction":[{"@type":"ReadAction","target":["https:\/\/www.bellunopress.it\/2023\/11\/24\/flavia-monego-la-lotta-per-leliminazione-della-violenza-contro-le-donne-si-allarghi-a-tutti-i-giorni-dellanno\/"]}]},{"@type":"ImageObject","inLanguage":"fr-FR","@id":"https:\/\/www.bellunopress.it\/2023\/11\/24\/flavia-monego-la-lotta-per-leliminazione-della-violenza-contro-le-donne-si-allarghi-a-tutti-i-giorni-dellanno\/#primaryimage","url":"https:\/\/www.bellunopress.it\/wp-content\/uploads\/2020\/10\/Flavia-Monego-Consigliera-di-parita_edited.jpg","contentUrl":"https:\/\/www.bellunopress.it\/wp-content\/uploads\/2020\/10\/Flavia-Monego-Consigliera-di-parita_edited.jpg","width":800,"height":716,"caption":"Flavia Monego - Consigliera di parit\u00e0 della Provincia di Belluno"},{"@type":"BreadcrumbList","@id":"https:\/\/www.bellunopress.it\/2023\/11\/24\/flavia-monego-la-lotta-per-leliminazione-della-violenza-contro-le-donne-si-allarghi-a-tutti-i-giorni-dellanno\/#breadcrumb","itemListElement":[{"@type":"ListItem","position":1,"name":"Home","item":"https:\/\/www.bellunopress.it\/"},{"@type":"ListItem","position":2,"name":"Flavia Monego: la lotta per l&#8217;eliminazione della violenza contro le donne si allarghi a tutti i giorni dell&#8217;anno"}]},{"@type":"WebSite","@id":"https:\/\/www.bellunopress.it\/#website","url":"https:\/\/www.bellunopress.it\/","name":"Bellunopress - Dolomiti","description":"e-mail: redazione@bellunopress.it","publisher":{"@id":"https:\/\/www.bellunopress.it\/#organization"},"potentialAction":[{"@type":"SearchAction","target":{"@type":"EntryPoint","urlTemplate":"https:\/\/www.bellunopress.it\/?s={search_term_string}"},"query-input":{"@type":"PropertyValueSpecification","valueRequired":true,"valueName":"search_term_string"}}],"inLanguage":"fr-FR"},{"@type":"Organization","@id":"https:\/\/www.bellunopress.it\/#organization","name":"Bellunopress","url":"https:\/\/www.bellunopress.it\/","logo":{"@type":"ImageObject","inLanguage":"fr-FR","@id":"https:\/\/www.bellunopress.it\/#\/schema\/logo\/image\/","url":"https:\/\/www.bellunopress.it\/wp-content\/uploads\/2011\/05\/cropped-logo-bellunopress-.jpg","contentUrl":"https:\/\/www.bellunopress.it\/wp-content\/uploads\/2011\/05\/cropped-logo-bellunopress-.jpg","width":512,"height":512,"caption":"Bellunopress"},"image":{"@id":"https:\/\/www.bellunopress.it\/#\/schema\/logo\/image\/"},"sameAs":["https:\/\/www.facebook.com\/profile.php?id=100008943462799","https:\/\/x.com\/bellunopress","https:\/\/www.linkedin.com\/hp\/?dnr=JBzUWaJfMUw8vbXJJ2tVW5-I3jZKvC4wsoxE&amp;amp;amp;amp;amp;amp;trk=nav_responsive_tab_home","https:\/\/www.youtube.com\/channel\/UCxL0wu1uN0_3_7hGG0306cw"]},{"@type":"Person","@id":"https:\/\/www.bellunopress.it\/#\/schema\/person\/79bb06722b37ece1c03d3e94beb30d73","name":"r\u00e9daction","image":{"@type":"ImageObject","inLanguage":"fr-FR","@id":"https:\/\/secure.gravatar.com\/avatar\/37d968a2e67a6fd04c169c4bdef102d0bc5d31b2546345219e348575eb80e9a0?s=96&d=mm&r=g","url":"https:\/\/secure.gravatar.com\/avatar\/37d968a2e67a6fd04c169c4bdef102d0bc5d31b2546345219e348575eb80e9a0?s=96&d=mm&r=g","contentUrl":"https:\/\/secure.gravatar.com\/avatar\/37d968a2e67a6fd04c169c4bdef102d0bc5d31b2546345219e348575eb80e9a0?s=96&d=mm&r=g","caption":"redazione"},"sameAs":["http:\/\/www.bellunopress.it","https:\/\/x.com\/bellunopress"],"url":"https:\/\/www.bellunopress.it\/fr\/author\/redazione\/"}]}},"_links":{"self":[{"href":"https:\/\/www.bellunopress.it\/fr\/wp-json\/wp\/v2\/posts\/146155","targetHints":{"allow":["GET"]}}],"collection":[{"href":"https:\/\/www.bellunopress.it\/fr\/wp-json\/wp\/v2\/posts"}],"about":[{"href":"https:\/\/www.bellunopress.it\/fr\/wp-json\/wp\/v2\/types\/post"}],"author":[{"embeddable":true,"href":"https:\/\/www.bellunopress.it\/fr\/wp-json\/wp\/v2\/users\/2"}],"replies":[{"embeddable":true,"href":"https:\/\/www.bellunopress.it\/fr\/wp-json\/wp\/v2\/comments?post=146155"}],"version-history":[{"count":1,"href":"https:\/\/www.bellunopress.it\/fr\/wp-json\/wp\/v2\/posts\/146155\/revisions"}],"predecessor-version":[{"id":146156,"href":"https:\/\/www.bellunopress.it\/fr\/wp-json\/wp\/v2\/posts\/146155\/revisions\/146156"}],"wp:featuredmedia":[{"embeddable":true,"href":"https:\/\/www.bellunopress.it\/fr\/wp-json\/wp\/v2\/media\/118902"}],"wp:attachment":[{"href":"https:\/\/www.bellunopress.it\/fr\/wp-json\/wp\/v2\/media?parent=146155"}],"wp:term":[{"taxonomy":"category","embeddable":true,"href":"https:\/\/www.bellunopress.it\/fr\/wp-json\/wp\/v2\/categories?post=146155"},{"taxonomy":"post_tag","embeddable":true,"href":"https:\/\/www.bellunopress.it\/fr\/wp-json\/wp\/v2\/tags?post=146155"}],"curies":[{"name":"wp","href":"https:\/\/api.w.org\/{rel}","templated":true}]}}