{"id":146153,"date":"2023-11-26T08:09:28","date_gmt":"2023-11-26T07:09:28","guid":{"rendered":"https:\/\/www.bellunopress.it\/?p=146153"},"modified":"2023-11-24T08:14:36","modified_gmt":"2023-11-24T07:14:36","slug":"strada-del-prosecco-museo-diffuso-martedi-la-presentazione-della-ricerca-iuav-a-villa-brandolini-di-solighetto","status":"publish","type":"post","link":"https:\/\/www.bellunopress.it\/fr\/2023\/11\/26\/strada-del-prosecco-museo-diffuso-martedi-la-presentazione-della-ricerca-iuav-a-villa-brandolini-di-solighetto\/","title":{"rendered":"Strada del Prosecco: museo diffuso. Marted\u00ec la presentazione della ricerca Iuav a Villa Brandolini di Solighetto"},"content":{"rendered":"<figure id=\"attachment_80873\" aria-describedby=\"caption-attachment-80873\" style=\"width: 350px\" class=\"wp-caption alignleft\"><img loading=\"lazy\" decoding=\"async\" class=\"size-full wp-image-80873\" src=\"https:\/\/www.bellunopress.it\/wp-content\/uploads\/2016\/09\/colline-prosecco.jpg\" alt=\"\" width=\"350\" height=\"169\" \/><figcaption id=\"caption-attachment-80873\" class=\"wp-caption-text\">Colline del Prosecco<\/figcaption><\/figure>\n<p>Isidoro Rebuli, da pochi giorni nuovo presidente del Coordinamento veneto delle Strade del Vino: \u201cUn\u2019occasione per riflettere sul futuro e sulla valorizzazione di una delle pi\u00f9 importanti forme di turismo emergente\u201d.<\/p>\n<p>Una ricerca articolata che punta alla valorizzazione delle potenzialit\u00e0 di un territorio; un libro che contiene le strategie possibili per la rigenerazione del tracciato della Strada del Vino pi\u00f9 antica d\u2019Italia, con particolare riferimento alle Botteghe del Vino, autentiche icone identitarie.<\/p>\n<p>Marted\u00ec 28 novembre 2023 alle ore 18:00 presso Villa Brandolini d&#8217;Adda a Solighetto di Pieve di Soligo sar\u00e0 presentata alla cittadinanza, e soprattutto ai soci dell\u2019Associazione Strada del Prosecco e Vini dei Colli Conegliano Valdobbiadene la ricerca, contenuta nel volume \u201cStrada del Prosecco: un museo diffuso\u201d, frutto del lavoro di PierAntonio Val professore allo Iuav di Venezia e di Gian Maria Casadei Dottore di ricerca sempre allo Iuav di Venezia.<\/p>\n<p>Sar\u00e0 l\u2019occasione per passare in rassegna, valutare e discutere dei \u201cprogetti di rigenerazione\u201d proposti per una \u201carchitettura dialogante\u201d. Interverranno tra gli altri, Marta Mazza, segretaria regionale del Ministero della Cultura per il Veneto e Isidoro Rebuli, presidente della Strada del Prosecco e Vini dei Colli Conegliano Valdobbiadene e di fresca nomina alla presidenza del Coordinamento delle Strade del Vino del Veneto: \u201cUn\u2019ottima occasione per puntare i riflettori su una realt\u00e0, quella della Strada del Prosecco e Vini dei Colli di Conegliano e Valdobbiadene &#8211; spiega Rebuli \u2013 che vanta un primato a livello nazionale, visti i suoi 57 anni di vita, e che \u00e8 stata al centro di un importante protocollo tra IPA Terre Alte della Marca Trevigiana e l\u2019ateneo Iuav di Venezia, dal quale \u00e8 nata una ricerca preziosa per l\u2019impatto che potr\u00e0 avere a livello comunicativo e di percezione, oltre naturalmente per la promozione sostenibile del paesaggio e per un incremento delle microeconomie locali\u201d.<\/p>\n<p>Tutti concetti fondamentali per innescare una modifica delle dinamiche turistiche facendo leva sugli elementi qualificanti per la promozione sostenibile del paesaggio, della sua storia, delle sue tradizioni e dei suoi prodotti: \u201cSono onorato di essere stato nominato presidente del Coordinamento veneto delle Strade del Vino \u2013 continua Isidoro Rebuli \u2013 che riunisce nove realt\u00e0 e che si pone l\u2019obiettivo di sostenere e valorizzare una delle pi\u00f9 importanti forme di turismo emergente. L\u2019intento \u00e8 quello di operare, in stretta collaborazione con la Regione, per promuovere un\u2019offerta turistica integrata, senza dimenticare l\u2019importanza della formazione degli addetti ai lavori. Stiamo lavorando alla bozza di programma del Coordinamento, che diffonderemo quanto prima. Colgo l\u2019occasione per ringraziare il presidente uscente Paolo Menapace per l\u2019impegno profuso\u201d.<\/p>\n<p>Memoria-paesaggio e rigenerazione sostenibile sono le parole chiave della ricerca contenuta nel libro \u201cStrada del Prosecco: un museo diffuso\u201d, che prevede nelle sue linee di intervento la riqualificazione dell&#8217;itinerario stradale, possibili ampliamenti architettonici alle Botteghe del Vino per integrare nuove funzioni legate alla sosta e infine diverse strategie di rigenerazione. Lo scopo \u00e8 quello di aumentare il valore percepito della Strada del Prosecco e del marchio come elementi qualificanti per concorrere a realizzare una avanzata narrazione efficace e sostenibile del paesaggio, oggi patrimonio UNESCO.<\/p>\n<p>Il volume, oggetto di una veloce ristampa, a misura del successo della pubblicazione &#8211; Anteferma Edizioni (casa editrice specializzata in architettura, con una spiccata attenzione per i temi della sostenibilit\u00e0 e dell\u2019innovazione) -, sar\u00e0 presentato dal professor PierAntonio Val. Dialogher\u00e0 con l\u2019autore il giornalista e conduttore televisivo Daniele Marcassa.<br \/>\nInterverranno inoltre Marta Mazza, segretaria regionale del Ministero della Cultura per il Veneto, Stefano Soldan, Sindaco di Pieve di Soligo e presidente dell\u2019IPA Terre Alte della Marca Trevigiana e Giuliano Vantaggi, site manager dell\u2019Associazione per il Patrimonio delle Colline del Prosecco di Conegliano e Valdobbiadene. Ingresso libero.<\/p>","protected":false},"excerpt":{"rendered":"<p>Isidoro Rebuli, da pochi giorni nuovo presidente del Coordinamento veneto delle Strade del Vino: \u201cUn\u2019occasione per riflettere sul futuro e sulla valorizzazione di una delle pi\u00f9 importanti forme di turismo emergente\u201d. Una ricerca articolata che punta alla valorizzazione delle potenzialit\u00e0 di un territorio; un libro che contiene le strategie possibili per la rigenerazione del tracciato [&hellip;]<\/p>\n","protected":false},"author":2,"featured_media":125653,"comment_status":"closed","ping_status":"open","sticky":false,"template":"","format":"standard","meta":{"footnotes":""},"categories":[27],"tags":[],"class_list":["post-146153","post","type-post","status-publish","format-standard","has-post-thumbnail","category-appuntamenti"],"yoast_head":"<!-- This site is optimized with the Yoast SEO plugin v28.4 - https:\/\/yoast.com\/product\/yoast-seo-wordpress\/ -->\n<title>Strada del Prosecco: museo diffuso. Marted\u00ec la presentazione della ricerca Iuav a Villa Brandolini di Solighetto - Bellunopress - Dolomiti<\/title>\n<meta name=\"robots\" content=\"index, follow, max-snippet:-1, max-image-preview:large, max-video-preview:-1\" \/>\n<link rel=\"canonical\" href=\"https:\/\/www.bellunopress.it\/fr\/2023\/11\/26\/strada-del-prosecco-museo-diffuso-martedi-la-presentazione-della-ricerca-iuav-a-villa-brandolini-di-solighetto\/\" \/>\n<meta property=\"og:locale\" content=\"fr_FR\" \/>\n<meta property=\"og:type\" content=\"article\" \/>\n<meta property=\"og:title\" content=\"Strada del Prosecco: museo diffuso. Marted\u00ec la presentazione della ricerca Iuav a Villa Brandolini di Solighetto - Bellunopress - Dolomiti\" \/>\n<meta property=\"og:description\" content=\"Isidoro Rebuli, da pochi giorni nuovo presidente del Coordinamento veneto delle Strade del Vino: \u201cUn\u2019occasione per riflettere sul futuro e sulla valorizzazione di una delle pi\u00f9 importanti forme di turismo emergente\u201d. Una ricerca articolata che punta alla valorizzazione delle potenzialit\u00e0 di un territorio; un libro che contiene le strategie possibili per la rigenerazione del tracciato [&hellip;]\" \/>\n<meta property=\"og:url\" content=\"https:\/\/www.bellunopress.it\/fr\/2023\/11\/26\/strada-del-prosecco-museo-diffuso-martedi-la-presentazione-della-ricerca-iuav-a-villa-brandolini-di-solighetto\/\" \/>\n<meta property=\"og:site_name\" content=\"Bellunopress - Dolomiti\" \/>\n<meta property=\"article:publisher\" content=\"https:\/\/www.facebook.com\/profile.php?id=100008943462799\" \/>\n<meta property=\"article:published_time\" content=\"2023-11-26T07:09:28+00:00\" \/>\n<meta property=\"og:image\" content=\"https:\/\/www.bellunopress.it\/wp-content\/uploads\/2021\/07\/Colline-prosecco_edited.jpg\" \/>\n\t<meta property=\"og:image:width\" content=\"800\" \/>\n\t<meta property=\"og:image:height\" content=\"479\" \/>\n\t<meta property=\"og:image:type\" content=\"image\/jpeg\" \/>\n<meta name=\"author\" content=\"redazione\" \/>\n<meta name=\"twitter:card\" content=\"summary_large_image\" \/>\n<meta name=\"twitter:creator\" content=\"@bellunopress\" \/>\n<meta name=\"twitter:site\" content=\"@bellunopress\" \/>\n<meta name=\"twitter:label1\" content=\"\u00c9crit par\" \/>\n\t<meta name=\"twitter:data1\" content=\"redazione\" \/>\n\t<meta name=\"twitter:label2\" content=\"Dur\u00e9e de lecture estim\u00e9e\" \/>\n\t<meta name=\"twitter:data2\" content=\"3 minutes\" \/>\n<script type=\"application\/ld+json\" class=\"yoast-schema-graph\">{\"@context\":\"https:\\\/\\\/schema.org\",\"@graph\":[{\"@type\":\"Article\",\"@id\":\"https:\\\/\\\/www.bellunopress.it\\\/2023\\\/11\\\/26\\\/strada-del-prosecco-museo-diffuso-martedi-la-presentazione-della-ricerca-iuav-a-villa-brandolini-di-solighetto\\\/#article\",\"isPartOf\":{\"@id\":\"https:\\\/\\\/www.bellunopress.it\\\/2023\\\/11\\\/26\\\/strada-del-prosecco-museo-diffuso-martedi-la-presentazione-della-ricerca-iuav-a-villa-brandolini-di-solighetto\\\/\"},\"author\":{\"name\":\"redazione\",\"@id\":\"https:\\\/\\\/www.bellunopress.it\\\/#\\\/schema\\\/person\\\/79bb06722b37ece1c03d3e94beb30d73\"},\"headline\":\"Strada del Prosecco: museo diffuso. Marted\u00ec la presentazione della ricerca Iuav a Villa Brandolini di Solighetto\",\"datePublished\":\"2023-11-26T07:09:28+00:00\",\"mainEntityOfPage\":{\"@id\":\"https:\\\/\\\/www.bellunopress.it\\\/2023\\\/11\\\/26\\\/strada-del-prosecco-museo-diffuso-martedi-la-presentazione-della-ricerca-iuav-a-villa-brandolini-di-solighetto\\\/\"},\"wordCount\":632,\"publisher\":{\"@id\":\"https:\\\/\\\/www.bellunopress.it\\\/#organization\"},\"image\":{\"@id\":\"https:\\\/\\\/www.bellunopress.it\\\/2023\\\/11\\\/26\\\/strada-del-prosecco-museo-diffuso-martedi-la-presentazione-della-ricerca-iuav-a-villa-brandolini-di-solighetto\\\/#primaryimage\"},\"thumbnailUrl\":\"https:\\\/\\\/www.bellunopress.it\\\/wp-content\\\/uploads\\\/2021\\\/07\\\/Colline-prosecco_edited.jpg\",\"articleSection\":[\"Appuntamenti, Eventi\"],\"inLanguage\":\"fr-FR\"},{\"@type\":\"WebPage\",\"@id\":\"https:\\\/\\\/www.bellunopress.it\\\/2023\\\/11\\\/26\\\/strada-del-prosecco-museo-diffuso-martedi-la-presentazione-della-ricerca-iuav-a-villa-brandolini-di-solighetto\\\/\",\"url\":\"https:\\\/\\\/www.bellunopress.it\\\/2023\\\/11\\\/26\\\/strada-del-prosecco-museo-diffuso-martedi-la-presentazione-della-ricerca-iuav-a-villa-brandolini-di-solighetto\\\/\",\"name\":\"Strada del Prosecco: museo diffuso. Marted\u00ec la presentazione della ricerca Iuav a Villa Brandolini di Solighetto - Bellunopress - Dolomiti\",\"isPartOf\":{\"@id\":\"https:\\\/\\\/www.bellunopress.it\\\/#website\"},\"primaryImageOfPage\":{\"@id\":\"https:\\\/\\\/www.bellunopress.it\\\/2023\\\/11\\\/26\\\/strada-del-prosecco-museo-diffuso-martedi-la-presentazione-della-ricerca-iuav-a-villa-brandolini-di-solighetto\\\/#primaryimage\"},\"image\":{\"@id\":\"https:\\\/\\\/www.bellunopress.it\\\/2023\\\/11\\\/26\\\/strada-del-prosecco-museo-diffuso-martedi-la-presentazione-della-ricerca-iuav-a-villa-brandolini-di-solighetto\\\/#primaryimage\"},\"thumbnailUrl\":\"https:\\\/\\\/www.bellunopress.it\\\/wp-content\\\/uploads\\\/2021\\\/07\\\/Colline-prosecco_edited.jpg\",\"datePublished\":\"2023-11-26T07:09:28+00:00\",\"breadcrumb\":{\"@id\":\"https:\\\/\\\/www.bellunopress.it\\\/2023\\\/11\\\/26\\\/strada-del-prosecco-museo-diffuso-martedi-la-presentazione-della-ricerca-iuav-a-villa-brandolini-di-solighetto\\\/#breadcrumb\"},\"inLanguage\":\"fr-FR\",\"potentialAction\":[{\"@type\":\"ReadAction\",\"target\":[\"https:\\\/\\\/www.bellunopress.it\\\/2023\\\/11\\\/26\\\/strada-del-prosecco-museo-diffuso-martedi-la-presentazione-della-ricerca-iuav-a-villa-brandolini-di-solighetto\\\/\"]}]},{\"@type\":\"ImageObject\",\"inLanguage\":\"fr-FR\",\"@id\":\"https:\\\/\\\/www.bellunopress.it\\\/2023\\\/11\\\/26\\\/strada-del-prosecco-museo-diffuso-martedi-la-presentazione-della-ricerca-iuav-a-villa-brandolini-di-solighetto\\\/#primaryimage\",\"url\":\"https:\\\/\\\/www.bellunopress.it\\\/wp-content\\\/uploads\\\/2021\\\/07\\\/Colline-prosecco_edited.jpg\",\"contentUrl\":\"https:\\\/\\\/www.bellunopress.it\\\/wp-content\\\/uploads\\\/2021\\\/07\\\/Colline-prosecco_edited.jpg\",\"width\":800,\"height\":479},{\"@type\":\"BreadcrumbList\",\"@id\":\"https:\\\/\\\/www.bellunopress.it\\\/2023\\\/11\\\/26\\\/strada-del-prosecco-museo-diffuso-martedi-la-presentazione-della-ricerca-iuav-a-villa-brandolini-di-solighetto\\\/#breadcrumb\",\"itemListElement\":[{\"@type\":\"ListItem\",\"position\":1,\"name\":\"Home\",\"item\":\"https:\\\/\\\/www.bellunopress.it\\\/\"},{\"@type\":\"ListItem\",\"position\":2,\"name\":\"Strada del Prosecco: museo diffuso. Marted\u00ec la presentazione della ricerca Iuav a Villa Brandolini di Solighetto\"}]},{\"@type\":\"WebSite\",\"@id\":\"https:\\\/\\\/www.bellunopress.it\\\/#website\",\"url\":\"https:\\\/\\\/www.bellunopress.it\\\/\",\"name\":\"Bellunopress - Dolomiti\",\"description\":\"e-mail: redazione@bellunopress.it\",\"publisher\":{\"@id\":\"https:\\\/\\\/www.bellunopress.it\\\/#organization\"},\"potentialAction\":[{\"@type\":\"SearchAction\",\"target\":{\"@type\":\"EntryPoint\",\"urlTemplate\":\"https:\\\/\\\/www.bellunopress.it\\\/?s={search_term_string}\"},\"query-input\":{\"@type\":\"PropertyValueSpecification\",\"valueRequired\":true,\"valueName\":\"search_term_string\"}}],\"inLanguage\":\"fr-FR\"},{\"@type\":\"Organization\",\"@id\":\"https:\\\/\\\/www.bellunopress.it\\\/#organization\",\"name\":\"Bellunopress\",\"url\":\"https:\\\/\\\/www.bellunopress.it\\\/\",\"logo\":{\"@type\":\"ImageObject\",\"inLanguage\":\"fr-FR\",\"@id\":\"https:\\\/\\\/www.bellunopress.it\\\/#\\\/schema\\\/logo\\\/image\\\/\",\"url\":\"https:\\\/\\\/www.bellunopress.it\\\/wp-content\\\/uploads\\\/2011\\\/05\\\/cropped-logo-bellunopress-.jpg\",\"contentUrl\":\"https:\\\/\\\/www.bellunopress.it\\\/wp-content\\\/uploads\\\/2011\\\/05\\\/cropped-logo-bellunopress-.jpg\",\"width\":512,\"height\":512,\"caption\":\"Bellunopress\"},\"image\":{\"@id\":\"https:\\\/\\\/www.bellunopress.it\\\/#\\\/schema\\\/logo\\\/image\\\/\"},\"sameAs\":[\"https:\\\/\\\/www.facebook.com\\\/profile.php?id=100008943462799\",\"https:\\\/\\\/x.com\\\/bellunopress\",\"https:\\\/\\\/www.linkedin.com\\\/hp\\\/?dnr=JBzUWaJfMUw8vbXJJ2tVW5-I3jZKvC4wsoxE&amp;amp;amp;amp;amp;amp;trk=nav_responsive_tab_home\",\"https:\\\/\\\/www.youtube.com\\\/channel\\\/UCxL0wu1uN0_3_7hGG0306cw\"]},{\"@type\":\"Person\",\"@id\":\"https:\\\/\\\/www.bellunopress.it\\\/#\\\/schema\\\/person\\\/79bb06722b37ece1c03d3e94beb30d73\",\"name\":\"redazione\",\"image\":{\"@type\":\"ImageObject\",\"inLanguage\":\"fr-FR\",\"@id\":\"https:\\\/\\\/secure.gravatar.com\\\/avatar\\\/37d968a2e67a6fd04c169c4bdef102d0bc5d31b2546345219e348575eb80e9a0?s=96&d=mm&r=g\",\"url\":\"https:\\\/\\\/secure.gravatar.com\\\/avatar\\\/37d968a2e67a6fd04c169c4bdef102d0bc5d31b2546345219e348575eb80e9a0?s=96&d=mm&r=g\",\"contentUrl\":\"https:\\\/\\\/secure.gravatar.com\\\/avatar\\\/37d968a2e67a6fd04c169c4bdef102d0bc5d31b2546345219e348575eb80e9a0?s=96&d=mm&r=g\",\"caption\":\"redazione\"},\"sameAs\":[\"http:\\\/\\\/www.bellunopress.it\",\"https:\\\/\\\/x.com\\\/bellunopress\"],\"url\":\"https:\\\/\\\/www.bellunopress.it\\\/fr\\\/author\\\/redazione\\\/\"}]}<\/script>\n<!-- \/ Yoast SEO plugin. -->","yoast_head_json":{"title":"Strada del Prosecco: museo diffuso. Marted\u00ec la presentazione della ricerca Iuav a Villa Brandolini di Solighetto - Bellunopress - Dolomiti","robots":{"index":"index","follow":"follow","max-snippet":"max-snippet:-1","max-image-preview":"max-image-preview:large","max-video-preview":"max-video-preview:-1"},"canonical":"https:\/\/www.bellunopress.it\/fr\/2023\/11\/26\/strada-del-prosecco-museo-diffuso-martedi-la-presentazione-della-ricerca-iuav-a-villa-brandolini-di-solighetto\/","og_locale":"fr_FR","og_type":"article","og_title":"Strada del Prosecco: museo diffuso. Marted\u00ec la presentazione della ricerca Iuav a Villa Brandolini di Solighetto - Bellunopress - Dolomiti","og_description":"Isidoro Rebuli, da pochi giorni nuovo presidente del Coordinamento veneto delle Strade del Vino: \u201cUn\u2019occasione per riflettere sul futuro e sulla valorizzazione di una delle pi\u00f9 importanti forme di turismo emergente\u201d. Una ricerca articolata che punta alla valorizzazione delle potenzialit\u00e0 di un territorio; un libro che contiene le strategie possibili per la rigenerazione del tracciato [&hellip;]","og_url":"https:\/\/www.bellunopress.it\/fr\/2023\/11\/26\/strada-del-prosecco-museo-diffuso-martedi-la-presentazione-della-ricerca-iuav-a-villa-brandolini-di-solighetto\/","og_site_name":"Bellunopress - Dolomiti","article_publisher":"https:\/\/www.facebook.com\/profile.php?id=100008943462799","article_published_time":"2023-11-26T07:09:28+00:00","og_image":[{"width":800,"height":479,"url":"https:\/\/www.bellunopress.it\/wp-content\/uploads\/2021\/07\/Colline-prosecco_edited.jpg","type":"image\/jpeg"}],"author":"redazione","twitter_card":"summary_large_image","twitter_creator":"@bellunopress","twitter_site":"@bellunopress","twitter_misc":{"\u00c9crit par":"redazione","Dur\u00e9e de lecture estim\u00e9e":"3 minutes"},"schema":{"@context":"https:\/\/schema.org","@graph":[{"@type":"Article","@id":"https:\/\/www.bellunopress.it\/2023\/11\/26\/strada-del-prosecco-museo-diffuso-martedi-la-presentazione-della-ricerca-iuav-a-villa-brandolini-di-solighetto\/#article","isPartOf":{"@id":"https:\/\/www.bellunopress.it\/2023\/11\/26\/strada-del-prosecco-museo-diffuso-martedi-la-presentazione-della-ricerca-iuav-a-villa-brandolini-di-solighetto\/"},"author":{"name":"redazione","@id":"https:\/\/www.bellunopress.it\/#\/schema\/person\/79bb06722b37ece1c03d3e94beb30d73"},"headline":"Strada del Prosecco: museo diffuso. Marted\u00ec la presentazione della ricerca Iuav a Villa Brandolini di Solighetto","datePublished":"2023-11-26T07:09:28+00:00","mainEntityOfPage":{"@id":"https:\/\/www.bellunopress.it\/2023\/11\/26\/strada-del-prosecco-museo-diffuso-martedi-la-presentazione-della-ricerca-iuav-a-villa-brandolini-di-solighetto\/"},"wordCount":632,"publisher":{"@id":"https:\/\/www.bellunopress.it\/#organization"},"image":{"@id":"https:\/\/www.bellunopress.it\/2023\/11\/26\/strada-del-prosecco-museo-diffuso-martedi-la-presentazione-della-ricerca-iuav-a-villa-brandolini-di-solighetto\/#primaryimage"},"thumbnailUrl":"https:\/\/www.bellunopress.it\/wp-content\/uploads\/2021\/07\/Colline-prosecco_edited.jpg","articleSection":["Appuntamenti, Eventi"],"inLanguage":"fr-FR"},{"@type":"WebPage","@id":"https:\/\/www.bellunopress.it\/2023\/11\/26\/strada-del-prosecco-museo-diffuso-martedi-la-presentazione-della-ricerca-iuav-a-villa-brandolini-di-solighetto\/","url":"https:\/\/www.bellunopress.it\/2023\/11\/26\/strada-del-prosecco-museo-diffuso-martedi-la-presentazione-della-ricerca-iuav-a-villa-brandolini-di-solighetto\/","name":"Strada del Prosecco: museo diffuso. Marted\u00ec la presentazione della ricerca Iuav a Villa Brandolini di Solighetto - Bellunopress - Dolomiti","isPartOf":{"@id":"https:\/\/www.bellunopress.it\/#website"},"primaryImageOfPage":{"@id":"https:\/\/www.bellunopress.it\/2023\/11\/26\/strada-del-prosecco-museo-diffuso-martedi-la-presentazione-della-ricerca-iuav-a-villa-brandolini-di-solighetto\/#primaryimage"},"image":{"@id":"https:\/\/www.bellunopress.it\/2023\/11\/26\/strada-del-prosecco-museo-diffuso-martedi-la-presentazione-della-ricerca-iuav-a-villa-brandolini-di-solighetto\/#primaryimage"},"thumbnailUrl":"https:\/\/www.bellunopress.it\/wp-content\/uploads\/2021\/07\/Colline-prosecco_edited.jpg","datePublished":"2023-11-26T07:09:28+00:00","breadcrumb":{"@id":"https:\/\/www.bellunopress.it\/2023\/11\/26\/strada-del-prosecco-museo-diffuso-martedi-la-presentazione-della-ricerca-iuav-a-villa-brandolini-di-solighetto\/#breadcrumb"},"inLanguage":"fr-FR","potentialAction":[{"@type":"ReadAction","target":["https:\/\/www.bellunopress.it\/2023\/11\/26\/strada-del-prosecco-museo-diffuso-martedi-la-presentazione-della-ricerca-iuav-a-villa-brandolini-di-solighetto\/"]}]},{"@type":"ImageObject","inLanguage":"fr-FR","@id":"https:\/\/www.bellunopress.it\/2023\/11\/26\/strada-del-prosecco-museo-diffuso-martedi-la-presentazione-della-ricerca-iuav-a-villa-brandolini-di-solighetto\/#primaryimage","url":"https:\/\/www.bellunopress.it\/wp-content\/uploads\/2021\/07\/Colline-prosecco_edited.jpg","contentUrl":"https:\/\/www.bellunopress.it\/wp-content\/uploads\/2021\/07\/Colline-prosecco_edited.jpg","width":800,"height":479},{"@type":"BreadcrumbList","@id":"https:\/\/www.bellunopress.it\/2023\/11\/26\/strada-del-prosecco-museo-diffuso-martedi-la-presentazione-della-ricerca-iuav-a-villa-brandolini-di-solighetto\/#breadcrumb","itemListElement":[{"@type":"ListItem","position":1,"name":"Home","item":"https:\/\/www.bellunopress.it\/"},{"@type":"ListItem","position":2,"name":"Strada del Prosecco: museo diffuso. Marted\u00ec la presentazione della ricerca Iuav a Villa Brandolini di Solighetto"}]},{"@type":"WebSite","@id":"https:\/\/www.bellunopress.it\/#website","url":"https:\/\/www.bellunopress.it\/","name":"Bellunopress - Dolomiti","description":"e-mail: redazione@bellunopress.it","publisher":{"@id":"https:\/\/www.bellunopress.it\/#organization"},"potentialAction":[{"@type":"SearchAction","target":{"@type":"EntryPoint","urlTemplate":"https:\/\/www.bellunopress.it\/?s={search_term_string}"},"query-input":{"@type":"PropertyValueSpecification","valueRequired":true,"valueName":"search_term_string"}}],"inLanguage":"fr-FR"},{"@type":"Organization","@id":"https:\/\/www.bellunopress.it\/#organization","name":"Bellunopress","url":"https:\/\/www.bellunopress.it\/","logo":{"@type":"ImageObject","inLanguage":"fr-FR","@id":"https:\/\/www.bellunopress.it\/#\/schema\/logo\/image\/","url":"https:\/\/www.bellunopress.it\/wp-content\/uploads\/2011\/05\/cropped-logo-bellunopress-.jpg","contentUrl":"https:\/\/www.bellunopress.it\/wp-content\/uploads\/2011\/05\/cropped-logo-bellunopress-.jpg","width":512,"height":512,"caption":"Bellunopress"},"image":{"@id":"https:\/\/www.bellunopress.it\/#\/schema\/logo\/image\/"},"sameAs":["https:\/\/www.facebook.com\/profile.php?id=100008943462799","https:\/\/x.com\/bellunopress","https:\/\/www.linkedin.com\/hp\/?dnr=JBzUWaJfMUw8vbXJJ2tVW5-I3jZKvC4wsoxE&amp;amp;amp;amp;amp;amp;trk=nav_responsive_tab_home","https:\/\/www.youtube.com\/channel\/UCxL0wu1uN0_3_7hGG0306cw"]},{"@type":"Person","@id":"https:\/\/www.bellunopress.it\/#\/schema\/person\/79bb06722b37ece1c03d3e94beb30d73","name":"r\u00e9daction","image":{"@type":"ImageObject","inLanguage":"fr-FR","@id":"https:\/\/secure.gravatar.com\/avatar\/37d968a2e67a6fd04c169c4bdef102d0bc5d31b2546345219e348575eb80e9a0?s=96&d=mm&r=g","url":"https:\/\/secure.gravatar.com\/avatar\/37d968a2e67a6fd04c169c4bdef102d0bc5d31b2546345219e348575eb80e9a0?s=96&d=mm&r=g","contentUrl":"https:\/\/secure.gravatar.com\/avatar\/37d968a2e67a6fd04c169c4bdef102d0bc5d31b2546345219e348575eb80e9a0?s=96&d=mm&r=g","caption":"redazione"},"sameAs":["http:\/\/www.bellunopress.it","https:\/\/x.com\/bellunopress"],"url":"https:\/\/www.bellunopress.it\/fr\/author\/redazione\/"}]}},"_links":{"self":[{"href":"https:\/\/www.bellunopress.it\/fr\/wp-json\/wp\/v2\/posts\/146153","targetHints":{"allow":["GET"]}}],"collection":[{"href":"https:\/\/www.bellunopress.it\/fr\/wp-json\/wp\/v2\/posts"}],"about":[{"href":"https:\/\/www.bellunopress.it\/fr\/wp-json\/wp\/v2\/types\/post"}],"author":[{"embeddable":true,"href":"https:\/\/www.bellunopress.it\/fr\/wp-json\/wp\/v2\/users\/2"}],"replies":[{"embeddable":true,"href":"https:\/\/www.bellunopress.it\/fr\/wp-json\/wp\/v2\/comments?post=146153"}],"version-history":[{"count":1,"href":"https:\/\/www.bellunopress.it\/fr\/wp-json\/wp\/v2\/posts\/146153\/revisions"}],"predecessor-version":[{"id":146154,"href":"https:\/\/www.bellunopress.it\/fr\/wp-json\/wp\/v2\/posts\/146153\/revisions\/146154"}],"wp:featuredmedia":[{"embeddable":true,"href":"https:\/\/www.bellunopress.it\/fr\/wp-json\/wp\/v2\/media\/125653"}],"wp:attachment":[{"href":"https:\/\/www.bellunopress.it\/fr\/wp-json\/wp\/v2\/media?parent=146153"}],"wp:term":[{"taxonomy":"category","embeddable":true,"href":"https:\/\/www.bellunopress.it\/fr\/wp-json\/wp\/v2\/categories?post=146153"},{"taxonomy":"post_tag","embeddable":true,"href":"https:\/\/www.bellunopress.it\/fr\/wp-json\/wp\/v2\/tags?post=146153"}],"curies":[{"name":"wp","href":"https:\/\/api.w.org\/{rel}","templated":true}]}}