{"id":146142,"date":"2023-11-23T18:44:17","date_gmt":"2023-11-23T17:44:17","guid":{"rendered":"https:\/\/www.bellunopress.it\/?p=146142"},"modified":"2023-11-23T18:44:17","modified_gmt":"2023-11-23T17:44:17","slug":"tre-giorni-di-festa-allhotel-de-la-poste-di-cortina-per-il-ponte-di-santambrogio","status":"publish","type":"post","link":"https:\/\/www.bellunopress.it\/fr\/2023\/11\/23\/tre-giorni-di-festa-allhotel-de-la-poste-di-cortina-per-il-ponte-di-santambrogio\/","title":{"rendered":"Tre giorni di festa all&#8217;Hotel de la Poste di Cortina per il ponte di Sant&#8217;Ambrogio"},"content":{"rendered":"<figure id=\"attachment_127227\" aria-describedby=\"caption-attachment-127227\" style=\"width: 800px\" class=\"wp-caption alignleft\"><img loading=\"lazy\" decoding=\"async\" class=\"size-full wp-image-127227\" src=\"https:\/\/www.bellunopress.it\/wp-content\/uploads\/2021\/08\/Hotel-de-la-Poste-Cortina_edited.jpg\" alt=\"\" width=\"800\" height=\"579\" srcset=\"https:\/\/www.bellunopress.it\/wp-content\/uploads\/2021\/08\/Hotel-de-la-Poste-Cortina_edited.jpg 800w, https:\/\/www.bellunopress.it\/wp-content\/uploads\/2021\/08\/Hotel-de-la-Poste-Cortina_edited-500x362.jpg 500w, https:\/\/www.bellunopress.it\/wp-content\/uploads\/2021\/08\/Hotel-de-la-Poste-Cortina_edited-696x504.jpg 696w, https:\/\/www.bellunopress.it\/wp-content\/uploads\/2021\/08\/Hotel-de-la-Poste-Cortina_edited-580x420.jpg 580w, https:\/\/www.bellunopress.it\/wp-content\/uploads\/2021\/08\/Hotel-de-la-Poste-Cortina_edited-324x235.jpg 324w\" sizes=\"auto, (max-width: 800px) 100vw, 800px\" \/><figcaption id=\"caption-attachment-127227\" class=\"wp-caption-text\">Hotel de la Poste &#8211; Cortina d&#8217;Ampezzo<\/figcaption><\/figure>\n<p><strong>Le luci del Posta si accendono gioved\u00ec 30 novembre ma il vero kickoff di stagione dialoga con gli appuntamenti del Cortina Fashion Weekend<\/strong><\/p>\n<p>Durante il ponte di Sant&#8217;Ambrogio l&#8217;hotel sar\u00e0 casa di una serie di appuntamenti &#8220;ad alto tasso di glamour&#8221; aperti al pubblico: gioved\u00ec 7 dicembre party per il lancio del nuovo numero del patinatissimo Cortina Discover the Dolomites e vernice dell&#8217;artista Urbano Marano nella VilleVenete Lounge; venerd\u00ec 8 dicembre si festeggia il debutto della collaborazione con Radio Cecchetto, in hotel tutti i venerd\u00ec della stagione invernale fino a primavera, e sfilata &#8220;guerrilla&#8221; della nuova capsule collection di Lorenza Desiata. Sabato 9 dicembre, infine, brindisi a base di Cortina Mountain Gin, che presenta un&#8217;edizione limitata di bottiglie dedicate ad Enrico Vanzina, ospite d&#8217;onore della grande festa in calendario al Posta il weekend successivo.<\/p>\n<p>Cortina d&#8217;Ampezzo, 23 novembre 2023_ Un debutto di stagione in grande stile all&#8217;Hotel de la Poste. Lo storico hotel di Cortina \u00e8 pronto ad accogliere nuovamente i suoi ospiti a partire da gioved\u00ec 30 novembre e a dare il via alla sua stagione di eventi durante la settimana del ponte di Sant&#8217;Ambrogio e del Cortina Fashion Weekend, l&#8217;evento che trasforma il centro e le piste in un palcoscenico di moda, design, arte e musica.<\/p>\n<p>&nbsp;<\/p>\n<p><strong>Gioved\u00ec 7 dicembre<\/strong><\/p>\n<p>La stagione inizia subito con un cocktail party in programma gioved\u00ec 7 dicembre nella VilleVenete Lounge: l&#8217;occasione \u00e8 il lancio del nuovo numero di Cortina -Discover the Dolomites, il magazine patinato che presenta le novit\u00e0 di Cortina nelle localit\u00e0 pi\u00f9 blasonate, da Forte dei Marmi a Capri alla Costa Smeralda passando per Venezia, Firenze, Milano, Roma e Dubai. Edito da Gruppo Editoriale in collaborazione con l&#8217;agenzia di comunicazione DOC-COM, racconta storie, personaggi, inaugurazioni, ed eventi della conca ampezzana. Sempre a partire dal 7 dicembre gli ospiti possono ammirare la nuova veste, artisticamente rinnovata, della VilleVenete Lounge, che ospita Icon, una collezione firmata da Urbano Marano: ritratti &#8220;astratti&#8221; e geometrici, carichi di colore ed espressivit\u00e0.<\/p>\n<p>&nbsp;<\/p>\n<p><strong>Venerd\u00ec 8 dicembre<\/strong><\/p>\n<p>Al via la collaborazione con Radio Cecchetto, la nuova creatura di Claudio Cecchetto, l&#8217;uomo che ha lanciato Radio Deejay e Radio Capital. L&#8217;emittente &#8211; che trasmette nel web e in Dab e si pu\u00f2 ascoltare dall&#8217;APP Android e iOS \u2013 si trasferisce all&#8217;Hotel de la Poste tutti i venerd\u00ec, con una programmazione che proseguir\u00e0 per tutta la stagione, trasportata dalla voce di Riccardo Piermattei. Per Cecchetto, talent scout di talenti come Fiorello, Jovanotti e Jerry Scotti, \u00e8 un ritorno alle origini radiofoniche, per un format che prende vita direttamente dal centro di Cortina. L&#8217;inaugurazione di questa avventura \u00e8 anche l&#8217;occasione per applaudire \u2013 nei giorni del Cortina Fashion Weekend \u2013 i nuovi capi firmati Lorenza Desiata: tra fastosi ricami, stampe e tessuti ricercati sfila la nuova capsule collection della stilista e designer, in un&#8217;esplosione di colore, stile e raffinatezza.<\/p>\n<p>&nbsp;<\/p>\n<p><strong>Sabato 9 dicembre<\/strong><\/p>\n<p>L&#8217;essenza di Cortina concentrata in una bottiglia: protagonista della serata di sabato \u00e8 il Cortina Mountain Gin, prodotto in esclusiva dall&#8217;Hotel de la Poste, un elisir dalle botaniche uniche, con note di mirtillo nero e pino mugo &#8211; raccolti direttamente nei boschi circostanti. Per l&#8217;occasione il direttore del Posta e inventore del Cortina Mountain Gin, Gherardo Manaigo, lancia una speciale limited edition in soli 500 esemplari dedicata a Enrico Vanzina: un omaggio per il regista che il weekend successivo, dal 15 al 17 dicembre, sar\u00e0 al centro di una grande festa in hotel. Sono passati infatti 40 anni dall&#8217;uscita nelle sale di Vacanze di Natale &#8217;83: \u00e8 l&#8217;occasione perfetta per un viaggio nel tempo verso gli anni &#8217;80 che include una gara di sci, serate al pianoforte con Enrico Vanzina e Jerry Cal\u00e0, dj set dedicati alla colonna sonora del film. Tutto questo per ricordare, aspettando le Vacanze di Natale 2024, un decennio spensierato e dall&#8217;estetica inimitabile.<\/p>\n<p>&nbsp;<\/p>","protected":false},"excerpt":{"rendered":"<p>Le luci del Posta si accendono gioved\u00ec 30 novembre ma il vero kickoff di stagione dialoga con gli appuntamenti del Cortina Fashion Weekend Durante il ponte di Sant&#8217;Ambrogio l&#8217;hotel sar\u00e0 casa di una serie di appuntamenti &#8220;ad alto tasso di glamour&#8221; aperti al pubblico: gioved\u00ec 7 dicembre party per il lancio del nuovo numero del [&hellip;]<\/p>\n","protected":false},"author":2,"featured_media":127227,"comment_status":"closed","ping_status":"open","sticky":false,"template":"","format":"standard","meta":{"footnotes":""},"categories":[27,25,4],"tags":[],"class_list":["post-146142","post","type-post","status-publish","format-standard","has-post-thumbnail","category-appuntamenti","category-pausa-caffe","category-sport"],"yoast_head":"<!-- This site is optimized with the Yoast SEO plugin v28.4 - https:\/\/yoast.com\/product\/yoast-seo-wordpress\/ -->\n<title>Tre giorni di festa all&#039;Hotel de la Poste di Cortina per il ponte di Sant&#039;Ambrogio - Bellunopress - Dolomiti<\/title>\n<meta name=\"robots\" content=\"index, follow, max-snippet:-1, max-image-preview:large, max-video-preview:-1\" \/>\n<link rel=\"canonical\" href=\"https:\/\/www.bellunopress.it\/fr\/2023\/11\/23\/tre-giorni-di-festa-allhotel-de-la-poste-di-cortina-per-il-ponte-di-santambrogio\/\" \/>\n<meta property=\"og:locale\" content=\"fr_FR\" \/>\n<meta property=\"og:type\" content=\"article\" \/>\n<meta property=\"og:title\" content=\"Tre giorni di festa all&#039;Hotel de la Poste di Cortina per il ponte di Sant&#039;Ambrogio - Bellunopress - Dolomiti\" \/>\n<meta property=\"og:description\" content=\"Le luci del Posta si accendono gioved\u00ec 30 novembre ma il vero kickoff di stagione dialoga con gli appuntamenti del Cortina Fashion Weekend Durante il ponte di Sant&#8217;Ambrogio l&#8217;hotel sar\u00e0 casa di una serie di appuntamenti &#8220;ad alto tasso di glamour&#8221; aperti al pubblico: gioved\u00ec 7 dicembre party per il lancio del nuovo numero del [&hellip;]\" \/>\n<meta property=\"og:url\" content=\"https:\/\/www.bellunopress.it\/fr\/2023\/11\/23\/tre-giorni-di-festa-allhotel-de-la-poste-di-cortina-per-il-ponte-di-santambrogio\/\" \/>\n<meta property=\"og:site_name\" content=\"Bellunopress - Dolomiti\" \/>\n<meta property=\"article:publisher\" content=\"https:\/\/www.facebook.com\/profile.php?id=100008943462799\" \/>\n<meta property=\"article:published_time\" content=\"2023-11-23T17:44:17+00:00\" \/>\n<meta property=\"og:image\" content=\"https:\/\/www.bellunopress.it\/wp-content\/uploads\/2021\/08\/Hotel-de-la-Poste-Cortina_edited.jpg\" \/>\n\t<meta property=\"og:image:width\" content=\"800\" \/>\n\t<meta property=\"og:image:height\" content=\"579\" \/>\n\t<meta property=\"og:image:type\" content=\"image\/jpeg\" \/>\n<meta name=\"author\" content=\"redazione\" \/>\n<meta name=\"twitter:card\" content=\"summary_large_image\" \/>\n<meta name=\"twitter:creator\" content=\"@bellunopress\" \/>\n<meta name=\"twitter:site\" content=\"@bellunopress\" \/>\n<meta name=\"twitter:label1\" content=\"\u00c9crit par\" \/>\n\t<meta name=\"twitter:data1\" content=\"redazione\" \/>\n\t<meta name=\"twitter:label2\" content=\"Dur\u00e9e de lecture estim\u00e9e\" \/>\n\t<meta name=\"twitter:data2\" content=\"3 minutes\" \/>\n<script type=\"application\/ld+json\" class=\"yoast-schema-graph\">{\"@context\":\"https:\\\/\\\/schema.org\",\"@graph\":[{\"@type\":\"Article\",\"@id\":\"https:\\\/\\\/www.bellunopress.it\\\/2023\\\/11\\\/23\\\/tre-giorni-di-festa-allhotel-de-la-poste-di-cortina-per-il-ponte-di-santambrogio\\\/#article\",\"isPartOf\":{\"@id\":\"https:\\\/\\\/www.bellunopress.it\\\/2023\\\/11\\\/23\\\/tre-giorni-di-festa-allhotel-de-la-poste-di-cortina-per-il-ponte-di-santambrogio\\\/\"},\"author\":{\"name\":\"redazione\",\"@id\":\"https:\\\/\\\/www.bellunopress.it\\\/#\\\/schema\\\/person\\\/79bb06722b37ece1c03d3e94beb30d73\"},\"headline\":\"Tre giorni di festa all&#8217;Hotel de la Poste di Cortina per il ponte di Sant&#8217;Ambrogio\",\"datePublished\":\"2023-11-23T17:44:17+00:00\",\"mainEntityOfPage\":{\"@id\":\"https:\\\/\\\/www.bellunopress.it\\\/2023\\\/11\\\/23\\\/tre-giorni-di-festa-allhotel-de-la-poste-di-cortina-per-il-ponte-di-santambrogio\\\/\"},\"wordCount\":659,\"publisher\":{\"@id\":\"https:\\\/\\\/www.bellunopress.it\\\/#organization\"},\"image\":{\"@id\":\"https:\\\/\\\/www.bellunopress.it\\\/2023\\\/11\\\/23\\\/tre-giorni-di-festa-allhotel-de-la-poste-di-cortina-per-il-ponte-di-santambrogio\\\/#primaryimage\"},\"thumbnailUrl\":\"https:\\\/\\\/www.bellunopress.it\\\/wp-content\\\/uploads\\\/2021\\\/08\\\/Hotel-de-la-Poste-Cortina_edited.jpg\",\"articleSection\":[\"Appuntamenti, Eventi\",\"Pausa Caff\u00e8\",\"Sport, tempo libero\"],\"inLanguage\":\"fr-FR\"},{\"@type\":\"WebPage\",\"@id\":\"https:\\\/\\\/www.bellunopress.it\\\/2023\\\/11\\\/23\\\/tre-giorni-di-festa-allhotel-de-la-poste-di-cortina-per-il-ponte-di-santambrogio\\\/\",\"url\":\"https:\\\/\\\/www.bellunopress.it\\\/2023\\\/11\\\/23\\\/tre-giorni-di-festa-allhotel-de-la-poste-di-cortina-per-il-ponte-di-santambrogio\\\/\",\"name\":\"Tre giorni di festa all'Hotel de la Poste di Cortina per il ponte di Sant'Ambrogio - Bellunopress - Dolomiti\",\"isPartOf\":{\"@id\":\"https:\\\/\\\/www.bellunopress.it\\\/#website\"},\"primaryImageOfPage\":{\"@id\":\"https:\\\/\\\/www.bellunopress.it\\\/2023\\\/11\\\/23\\\/tre-giorni-di-festa-allhotel-de-la-poste-di-cortina-per-il-ponte-di-santambrogio\\\/#primaryimage\"},\"image\":{\"@id\":\"https:\\\/\\\/www.bellunopress.it\\\/2023\\\/11\\\/23\\\/tre-giorni-di-festa-allhotel-de-la-poste-di-cortina-per-il-ponte-di-santambrogio\\\/#primaryimage\"},\"thumbnailUrl\":\"https:\\\/\\\/www.bellunopress.it\\\/wp-content\\\/uploads\\\/2021\\\/08\\\/Hotel-de-la-Poste-Cortina_edited.jpg\",\"datePublished\":\"2023-11-23T17:44:17+00:00\",\"breadcrumb\":{\"@id\":\"https:\\\/\\\/www.bellunopress.it\\\/2023\\\/11\\\/23\\\/tre-giorni-di-festa-allhotel-de-la-poste-di-cortina-per-il-ponte-di-santambrogio\\\/#breadcrumb\"},\"inLanguage\":\"fr-FR\",\"potentialAction\":[{\"@type\":\"ReadAction\",\"target\":[\"https:\\\/\\\/www.bellunopress.it\\\/2023\\\/11\\\/23\\\/tre-giorni-di-festa-allhotel-de-la-poste-di-cortina-per-il-ponte-di-santambrogio\\\/\"]}]},{\"@type\":\"ImageObject\",\"inLanguage\":\"fr-FR\",\"@id\":\"https:\\\/\\\/www.bellunopress.it\\\/2023\\\/11\\\/23\\\/tre-giorni-di-festa-allhotel-de-la-poste-di-cortina-per-il-ponte-di-santambrogio\\\/#primaryimage\",\"url\":\"https:\\\/\\\/www.bellunopress.it\\\/wp-content\\\/uploads\\\/2021\\\/08\\\/Hotel-de-la-Poste-Cortina_edited.jpg\",\"contentUrl\":\"https:\\\/\\\/www.bellunopress.it\\\/wp-content\\\/uploads\\\/2021\\\/08\\\/Hotel-de-la-Poste-Cortina_edited.jpg\",\"width\":800,\"height\":579,\"caption\":\"Hotel de la Poste - Cortina d'Ampezzo\"},{\"@type\":\"BreadcrumbList\",\"@id\":\"https:\\\/\\\/www.bellunopress.it\\\/2023\\\/11\\\/23\\\/tre-giorni-di-festa-allhotel-de-la-poste-di-cortina-per-il-ponte-di-santambrogio\\\/#breadcrumb\",\"itemListElement\":[{\"@type\":\"ListItem\",\"position\":1,\"name\":\"Home\",\"item\":\"https:\\\/\\\/www.bellunopress.it\\\/\"},{\"@type\":\"ListItem\",\"position\":2,\"name\":\"Tre giorni di festa all&#8217;Hotel de la Poste di Cortina per il ponte di Sant&#8217;Ambrogio\"}]},{\"@type\":\"WebSite\",\"@id\":\"https:\\\/\\\/www.bellunopress.it\\\/#website\",\"url\":\"https:\\\/\\\/www.bellunopress.it\\\/\",\"name\":\"Bellunopress - Dolomiti\",\"description\":\"e-mail: redazione@bellunopress.it\",\"publisher\":{\"@id\":\"https:\\\/\\\/www.bellunopress.it\\\/#organization\"},\"potentialAction\":[{\"@type\":\"SearchAction\",\"target\":{\"@type\":\"EntryPoint\",\"urlTemplate\":\"https:\\\/\\\/www.bellunopress.it\\\/?s={search_term_string}\"},\"query-input\":{\"@type\":\"PropertyValueSpecification\",\"valueRequired\":true,\"valueName\":\"search_term_string\"}}],\"inLanguage\":\"fr-FR\"},{\"@type\":\"Organization\",\"@id\":\"https:\\\/\\\/www.bellunopress.it\\\/#organization\",\"name\":\"Bellunopress\",\"url\":\"https:\\\/\\\/www.bellunopress.it\\\/\",\"logo\":{\"@type\":\"ImageObject\",\"inLanguage\":\"fr-FR\",\"@id\":\"https:\\\/\\\/www.bellunopress.it\\\/#\\\/schema\\\/logo\\\/image\\\/\",\"url\":\"https:\\\/\\\/www.bellunopress.it\\\/wp-content\\\/uploads\\\/2011\\\/05\\\/cropped-logo-bellunopress-.jpg\",\"contentUrl\":\"https:\\\/\\\/www.bellunopress.it\\\/wp-content\\\/uploads\\\/2011\\\/05\\\/cropped-logo-bellunopress-.jpg\",\"width\":512,\"height\":512,\"caption\":\"Bellunopress\"},\"image\":{\"@id\":\"https:\\\/\\\/www.bellunopress.it\\\/#\\\/schema\\\/logo\\\/image\\\/\"},\"sameAs\":[\"https:\\\/\\\/www.facebook.com\\\/profile.php?id=100008943462799\",\"https:\\\/\\\/x.com\\\/bellunopress\",\"https:\\\/\\\/www.linkedin.com\\\/hp\\\/?dnr=JBzUWaJfMUw8vbXJJ2tVW5-I3jZKvC4wsoxE&amp;amp;amp;amp;amp;amp;trk=nav_responsive_tab_home\",\"https:\\\/\\\/www.youtube.com\\\/channel\\\/UCxL0wu1uN0_3_7hGG0306cw\"]},{\"@type\":\"Person\",\"@id\":\"https:\\\/\\\/www.bellunopress.it\\\/#\\\/schema\\\/person\\\/79bb06722b37ece1c03d3e94beb30d73\",\"name\":\"redazione\",\"image\":{\"@type\":\"ImageObject\",\"inLanguage\":\"fr-FR\",\"@id\":\"https:\\\/\\\/secure.gravatar.com\\\/avatar\\\/37d968a2e67a6fd04c169c4bdef102d0bc5d31b2546345219e348575eb80e9a0?s=96&d=mm&r=g\",\"url\":\"https:\\\/\\\/secure.gravatar.com\\\/avatar\\\/37d968a2e67a6fd04c169c4bdef102d0bc5d31b2546345219e348575eb80e9a0?s=96&d=mm&r=g\",\"contentUrl\":\"https:\\\/\\\/secure.gravatar.com\\\/avatar\\\/37d968a2e67a6fd04c169c4bdef102d0bc5d31b2546345219e348575eb80e9a0?s=96&d=mm&r=g\",\"caption\":\"redazione\"},\"sameAs\":[\"http:\\\/\\\/www.bellunopress.it\",\"https:\\\/\\\/x.com\\\/bellunopress\"],\"url\":\"https:\\\/\\\/www.bellunopress.it\\\/fr\\\/author\\\/redazione\\\/\"}]}<\/script>\n<!-- \/ Yoast SEO plugin. -->","yoast_head_json":{"title":"Tre giorni di festa all'Hotel de la Poste di Cortina per il ponte di Sant'Ambrogio - Bellunopress - Dolomiti","robots":{"index":"index","follow":"follow","max-snippet":"max-snippet:-1","max-image-preview":"max-image-preview:large","max-video-preview":"max-video-preview:-1"},"canonical":"https:\/\/www.bellunopress.it\/fr\/2023\/11\/23\/tre-giorni-di-festa-allhotel-de-la-poste-di-cortina-per-il-ponte-di-santambrogio\/","og_locale":"fr_FR","og_type":"article","og_title":"Tre giorni di festa all'Hotel de la Poste di Cortina per il ponte di Sant'Ambrogio - Bellunopress - Dolomiti","og_description":"Le luci del Posta si accendono gioved\u00ec 30 novembre ma il vero kickoff di stagione dialoga con gli appuntamenti del Cortina Fashion Weekend Durante il ponte di Sant&#8217;Ambrogio l&#8217;hotel sar\u00e0 casa di una serie di appuntamenti &#8220;ad alto tasso di glamour&#8221; aperti al pubblico: gioved\u00ec 7 dicembre party per il lancio del nuovo numero del [&hellip;]","og_url":"https:\/\/www.bellunopress.it\/fr\/2023\/11\/23\/tre-giorni-di-festa-allhotel-de-la-poste-di-cortina-per-il-ponte-di-santambrogio\/","og_site_name":"Bellunopress - Dolomiti","article_publisher":"https:\/\/www.facebook.com\/profile.php?id=100008943462799","article_published_time":"2023-11-23T17:44:17+00:00","og_image":[{"width":800,"height":579,"url":"https:\/\/www.bellunopress.it\/wp-content\/uploads\/2021\/08\/Hotel-de-la-Poste-Cortina_edited.jpg","type":"image\/jpeg"}],"author":"redazione","twitter_card":"summary_large_image","twitter_creator":"@bellunopress","twitter_site":"@bellunopress","twitter_misc":{"\u00c9crit par":"redazione","Dur\u00e9e de lecture estim\u00e9e":"3 minutes"},"schema":{"@context":"https:\/\/schema.org","@graph":[{"@type":"Article","@id":"https:\/\/www.bellunopress.it\/2023\/11\/23\/tre-giorni-di-festa-allhotel-de-la-poste-di-cortina-per-il-ponte-di-santambrogio\/#article","isPartOf":{"@id":"https:\/\/www.bellunopress.it\/2023\/11\/23\/tre-giorni-di-festa-allhotel-de-la-poste-di-cortina-per-il-ponte-di-santambrogio\/"},"author":{"name":"redazione","@id":"https:\/\/www.bellunopress.it\/#\/schema\/person\/79bb06722b37ece1c03d3e94beb30d73"},"headline":"Tre giorni di festa all&#8217;Hotel de la Poste di Cortina per il ponte di Sant&#8217;Ambrogio","datePublished":"2023-11-23T17:44:17+00:00","mainEntityOfPage":{"@id":"https:\/\/www.bellunopress.it\/2023\/11\/23\/tre-giorni-di-festa-allhotel-de-la-poste-di-cortina-per-il-ponte-di-santambrogio\/"},"wordCount":659,"publisher":{"@id":"https:\/\/www.bellunopress.it\/#organization"},"image":{"@id":"https:\/\/www.bellunopress.it\/2023\/11\/23\/tre-giorni-di-festa-allhotel-de-la-poste-di-cortina-per-il-ponte-di-santambrogio\/#primaryimage"},"thumbnailUrl":"https:\/\/www.bellunopress.it\/wp-content\/uploads\/2021\/08\/Hotel-de-la-Poste-Cortina_edited.jpg","articleSection":["Appuntamenti, Eventi","Pausa Caff\u00e8","Sport, tempo libero"],"inLanguage":"fr-FR"},{"@type":"WebPage","@id":"https:\/\/www.bellunopress.it\/2023\/11\/23\/tre-giorni-di-festa-allhotel-de-la-poste-di-cortina-per-il-ponte-di-santambrogio\/","url":"https:\/\/www.bellunopress.it\/2023\/11\/23\/tre-giorni-di-festa-allhotel-de-la-poste-di-cortina-per-il-ponte-di-santambrogio\/","name":"Tre giorni di festa all'Hotel de la Poste di Cortina per il ponte di Sant'Ambrogio - Bellunopress - Dolomiti","isPartOf":{"@id":"https:\/\/www.bellunopress.it\/#website"},"primaryImageOfPage":{"@id":"https:\/\/www.bellunopress.it\/2023\/11\/23\/tre-giorni-di-festa-allhotel-de-la-poste-di-cortina-per-il-ponte-di-santambrogio\/#primaryimage"},"image":{"@id":"https:\/\/www.bellunopress.it\/2023\/11\/23\/tre-giorni-di-festa-allhotel-de-la-poste-di-cortina-per-il-ponte-di-santambrogio\/#primaryimage"},"thumbnailUrl":"https:\/\/www.bellunopress.it\/wp-content\/uploads\/2021\/08\/Hotel-de-la-Poste-Cortina_edited.jpg","datePublished":"2023-11-23T17:44:17+00:00","breadcrumb":{"@id":"https:\/\/www.bellunopress.it\/2023\/11\/23\/tre-giorni-di-festa-allhotel-de-la-poste-di-cortina-per-il-ponte-di-santambrogio\/#breadcrumb"},"inLanguage":"fr-FR","potentialAction":[{"@type":"ReadAction","target":["https:\/\/www.bellunopress.it\/2023\/11\/23\/tre-giorni-di-festa-allhotel-de-la-poste-di-cortina-per-il-ponte-di-santambrogio\/"]}]},{"@type":"ImageObject","inLanguage":"fr-FR","@id":"https:\/\/www.bellunopress.it\/2023\/11\/23\/tre-giorni-di-festa-allhotel-de-la-poste-di-cortina-per-il-ponte-di-santambrogio\/#primaryimage","url":"https:\/\/www.bellunopress.it\/wp-content\/uploads\/2021\/08\/Hotel-de-la-Poste-Cortina_edited.jpg","contentUrl":"https:\/\/www.bellunopress.it\/wp-content\/uploads\/2021\/08\/Hotel-de-la-Poste-Cortina_edited.jpg","width":800,"height":579,"caption":"Hotel de la Poste - Cortina d'Ampezzo"},{"@type":"BreadcrumbList","@id":"https:\/\/www.bellunopress.it\/2023\/11\/23\/tre-giorni-di-festa-allhotel-de-la-poste-di-cortina-per-il-ponte-di-santambrogio\/#breadcrumb","itemListElement":[{"@type":"ListItem","position":1,"name":"Home","item":"https:\/\/www.bellunopress.it\/"},{"@type":"ListItem","position":2,"name":"Tre giorni di festa all&#8217;Hotel de la Poste di Cortina per il ponte di Sant&#8217;Ambrogio"}]},{"@type":"WebSite","@id":"https:\/\/www.bellunopress.it\/#website","url":"https:\/\/www.bellunopress.it\/","name":"Bellunopress - Dolomiti","description":"e-mail: redazione@bellunopress.it","publisher":{"@id":"https:\/\/www.bellunopress.it\/#organization"},"potentialAction":[{"@type":"SearchAction","target":{"@type":"EntryPoint","urlTemplate":"https:\/\/www.bellunopress.it\/?s={search_term_string}"},"query-input":{"@type":"PropertyValueSpecification","valueRequired":true,"valueName":"search_term_string"}}],"inLanguage":"fr-FR"},{"@type":"Organization","@id":"https:\/\/www.bellunopress.it\/#organization","name":"Bellunopress","url":"https:\/\/www.bellunopress.it\/","logo":{"@type":"ImageObject","inLanguage":"fr-FR","@id":"https:\/\/www.bellunopress.it\/#\/schema\/logo\/image\/","url":"https:\/\/www.bellunopress.it\/wp-content\/uploads\/2011\/05\/cropped-logo-bellunopress-.jpg","contentUrl":"https:\/\/www.bellunopress.it\/wp-content\/uploads\/2011\/05\/cropped-logo-bellunopress-.jpg","width":512,"height":512,"caption":"Bellunopress"},"image":{"@id":"https:\/\/www.bellunopress.it\/#\/schema\/logo\/image\/"},"sameAs":["https:\/\/www.facebook.com\/profile.php?id=100008943462799","https:\/\/x.com\/bellunopress","https:\/\/www.linkedin.com\/hp\/?dnr=JBzUWaJfMUw8vbXJJ2tVW5-I3jZKvC4wsoxE&amp;amp;amp;amp;amp;amp;trk=nav_responsive_tab_home","https:\/\/www.youtube.com\/channel\/UCxL0wu1uN0_3_7hGG0306cw"]},{"@type":"Person","@id":"https:\/\/www.bellunopress.it\/#\/schema\/person\/79bb06722b37ece1c03d3e94beb30d73","name":"r\u00e9daction","image":{"@type":"ImageObject","inLanguage":"fr-FR","@id":"https:\/\/secure.gravatar.com\/avatar\/37d968a2e67a6fd04c169c4bdef102d0bc5d31b2546345219e348575eb80e9a0?s=96&d=mm&r=g","url":"https:\/\/secure.gravatar.com\/avatar\/37d968a2e67a6fd04c169c4bdef102d0bc5d31b2546345219e348575eb80e9a0?s=96&d=mm&r=g","contentUrl":"https:\/\/secure.gravatar.com\/avatar\/37d968a2e67a6fd04c169c4bdef102d0bc5d31b2546345219e348575eb80e9a0?s=96&d=mm&r=g","caption":"redazione"},"sameAs":["http:\/\/www.bellunopress.it","https:\/\/x.com\/bellunopress"],"url":"https:\/\/www.bellunopress.it\/fr\/author\/redazione\/"}]}},"_links":{"self":[{"href":"https:\/\/www.bellunopress.it\/fr\/wp-json\/wp\/v2\/posts\/146142","targetHints":{"allow":["GET"]}}],"collection":[{"href":"https:\/\/www.bellunopress.it\/fr\/wp-json\/wp\/v2\/posts"}],"about":[{"href":"https:\/\/www.bellunopress.it\/fr\/wp-json\/wp\/v2\/types\/post"}],"author":[{"embeddable":true,"href":"https:\/\/www.bellunopress.it\/fr\/wp-json\/wp\/v2\/users\/2"}],"replies":[{"embeddable":true,"href":"https:\/\/www.bellunopress.it\/fr\/wp-json\/wp\/v2\/comments?post=146142"}],"version-history":[{"count":1,"href":"https:\/\/www.bellunopress.it\/fr\/wp-json\/wp\/v2\/posts\/146142\/revisions"}],"predecessor-version":[{"id":146143,"href":"https:\/\/www.bellunopress.it\/fr\/wp-json\/wp\/v2\/posts\/146142\/revisions\/146143"}],"wp:featuredmedia":[{"embeddable":true,"href":"https:\/\/www.bellunopress.it\/fr\/wp-json\/wp\/v2\/media\/127227"}],"wp:attachment":[{"href":"https:\/\/www.bellunopress.it\/fr\/wp-json\/wp\/v2\/media?parent=146142"}],"wp:term":[{"taxonomy":"category","embeddable":true,"href":"https:\/\/www.bellunopress.it\/fr\/wp-json\/wp\/v2\/categories?post=146142"},{"taxonomy":"post_tag","embeddable":true,"href":"https:\/\/www.bellunopress.it\/fr\/wp-json\/wp\/v2\/tags?post=146142"}],"curies":[{"name":"wp","href":"https:\/\/api.w.org\/{rel}","templated":true}]}}