{"id":146138,"date":"2023-11-23T18:09:15","date_gmt":"2023-11-23T17:09:15","guid":{"rendered":"https:\/\/www.bellunopress.it\/?p=146138"},"modified":"2023-11-23T18:09:15","modified_gmt":"2023-11-23T17:09:15","slug":"per-la-rassegna-parole-e-pensieri-il-10-dicembre-concerto-di-mario-biondi-al-teatro-comunale","status":"publish","type":"post","link":"https:\/\/www.bellunopress.it\/fr\/2023\/11\/23\/per-la-rassegna-parole-e-pensieri-il-10-dicembre-concerto-di-mario-biondi-al-teatro-comunale\/","title":{"rendered":"Per la rassegna Parole e Pensieri, il 10 dicembre concerto di Mario Biondi al Teatro Comunale"},"content":{"rendered":"<p><img loading=\"lazy\" decoding=\"async\" class=\"alignleft size-full wp-image-125311\" src=\"https:\/\/www.bellunopress.it\/wp-content\/uploads\/2021\/06\/teatro-comunale-1-piano_edited.jpg\" alt=\"\" width=\"800\" height=\"600\" srcset=\"https:\/\/www.bellunopress.it\/wp-content\/uploads\/2021\/06\/teatro-comunale-1-piano_edited.jpg 800w, https:\/\/www.bellunopress.it\/wp-content\/uploads\/2021\/06\/teatro-comunale-1-piano_edited-500x375.jpg 500w, https:\/\/www.bellunopress.it\/wp-content\/uploads\/2021\/06\/teatro-comunale-1-piano_edited-696x522.jpg 696w, https:\/\/www.bellunopress.it\/wp-content\/uploads\/2021\/06\/teatro-comunale-1-piano_edited-560x420.jpg 560w, https:\/\/www.bellunopress.it\/wp-content\/uploads\/2021\/06\/teatro-comunale-1-piano_edited-80x60.jpg 80w, https:\/\/www.bellunopress.it\/wp-content\/uploads\/2021\/06\/teatro-comunale-1-piano_edited-265x198.jpg 265w\" sizes=\"auto, (max-width: 800px) 100vw, 800px\" \/>Verso il &#8220;tutto esaurito&#8221; anche il terzo evento della rassegna &#8220;Parole e Pensieri&#8221;, in corso di svolgimento per il 28\u00b0 anno al Teatro cittadino per iniziativa di Scoppio Spettacoli.<\/p>\n<p>Per il concerto di Mario Biondi in programma il prossimo 10 dicembre infatti, rimane disponibile solamente una manciata di biglietti. L&#8217;esibizione del popolare interprete \u00e8 attesa con grande interesse; tra l&#8217;altro sar\u00e0 a Belluno per la prima volta in assoluto e l&#8217;appuntamento del Comunale sar\u00e0 l&#8217;unico in Veneto della sua tourn\u00e9e.<\/p>\n<p>A ritmo elevato anche le vendite degli altri spettacoli in rassegna (Il Lago dei Cigni il 28\/12, Geppi Cucciari 23\/2, Massimo Ranieri 24\/2, Ale e Franz 28\/2, Queenmania 4\/4); da tempo esauriti i biglietti per la conferenza di Paolo Crepet del 8 marzo.<\/p>\n<p>Annunciati inoltre due appuntamenti all&#8217;Auditorium Canossiano di Feltre: il 12 gennaio in Napo canta De Andr\u00e8, una delle band tributo maggiormente accreditate render\u00e0 omaggio al genio di Faber a venticinque anni dalla scomparsa. Il 4 febbraio sar\u00e0 la volta de La Compagnia, che proporr\u00e0 il proprio tributo a Lucio Battisti.<\/p>\n<p>Per concludere questa panoramica, segnaliamo l&#8217;intensa e crescente attivit\u00e0 di Scoppio Spettacoli al di fuori dei confini provinciali; sono infatti oltre sessanta gli appuntamenti a oggi programmati in vari teatri del nord est; in particolare nella vicina Conegliano \u00e8 prevista una rassegna che comprende il gruppo gospel di Harlem &#8211; Antony Morgan, i giovani e acclamatissimi youtuber Awed-Dadda-Dose con Esperienze D.M., il fisico idolo del web Vincenzo Schettini, i musical Alice in Wonderland e Grease, il comico Giuseppe Giacobazzi e l&#8217;autorevole filosofo e saggista Umberto Galimberti.<\/p>\n<p>I biglietti sono acquistabili su VivaTicket.com, TicketOne.it, nei punti vendita abilitati e presso gli uffici di Scoppio Spettacoli.<br \/>\nTutte le informazioni sono disponibili su www.scoppiospettacoli.it .<\/p>","protected":false},"excerpt":{"rendered":"<p>Verso il &#8220;tutto esaurito&#8221; anche il terzo evento della rassegna &#8220;Parole e Pensieri&#8221;, in corso di svolgimento per il 28\u00b0 anno al Teatro cittadino per iniziativa di Scoppio Spettacoli. Per il concerto di Mario Biondi in programma il prossimo 10 dicembre infatti, rimane disponibile solamente una manciata di biglietti. L&#8217;esibizione del popolare interprete \u00e8 attesa [&hellip;]<\/p>\n","protected":false},"author":2,"featured_media":124507,"comment_status":"closed","ping_status":"open","sticky":false,"template":"","format":"standard","meta":{"footnotes":""},"categories":[27,3,25],"tags":[],"class_list":["post-146138","post","type-post","status-publish","format-standard","has-post-thumbnail","category-appuntamenti","category-arte-cultura-spettacoli-scienza-archivi","category-pausa-caffe"],"yoast_head":"<!-- This site is optimized with the Yoast SEO plugin v28.4 - https:\/\/yoast.com\/product\/yoast-seo-wordpress\/ -->\n<title>Per la rassegna Parole e Pensieri, il 10 dicembre concerto di Mario Biondi al Teatro Comunale - Bellunopress - Dolomiti<\/title>\n<meta name=\"robots\" content=\"index, follow, max-snippet:-1, max-image-preview:large, max-video-preview:-1\" \/>\n<link rel=\"canonical\" href=\"https:\/\/www.bellunopress.it\/fr\/2023\/11\/23\/per-la-rassegna-parole-e-pensieri-il-10-dicembre-concerto-di-mario-biondi-al-teatro-comunale\/\" \/>\n<meta property=\"og:locale\" content=\"fr_FR\" \/>\n<meta property=\"og:type\" content=\"article\" \/>\n<meta property=\"og:title\" content=\"Per la rassegna Parole e Pensieri, il 10 dicembre concerto di Mario Biondi al Teatro Comunale - Bellunopress - Dolomiti\" \/>\n<meta property=\"og:description\" content=\"Verso il &#8220;tutto esaurito&#8221; anche il terzo evento della rassegna &#8220;Parole e Pensieri&#8221;, in corso di svolgimento per il 28\u00b0 anno al Teatro cittadino per iniziativa di Scoppio Spettacoli. Per il concerto di Mario Biondi in programma il prossimo 10 dicembre infatti, rimane disponibile solamente una manciata di biglietti. L&#8217;esibizione del popolare interprete \u00e8 attesa [&hellip;]\" \/>\n<meta property=\"og:url\" content=\"https:\/\/www.bellunopress.it\/fr\/2023\/11\/23\/per-la-rassegna-parole-e-pensieri-il-10-dicembre-concerto-di-mario-biondi-al-teatro-comunale\/\" \/>\n<meta property=\"og:site_name\" content=\"Bellunopress - Dolomiti\" \/>\n<meta property=\"article:publisher\" content=\"https:\/\/www.facebook.com\/profile.php?id=100008943462799\" \/>\n<meta property=\"article:published_time\" content=\"2023-11-23T17:09:15+00:00\" \/>\n<meta property=\"og:image\" content=\"https:\/\/www.bellunopress.it\/wp-content\/uploads\/2021\/05\/teatro-comunale_edited.jpg\" \/>\n\t<meta property=\"og:image:width\" content=\"1000\" \/>\n\t<meta property=\"og:image:height\" content=\"743\" \/>\n\t<meta property=\"og:image:type\" content=\"image\/jpeg\" \/>\n<meta name=\"author\" content=\"redazione\" \/>\n<meta name=\"twitter:card\" content=\"summary_large_image\" \/>\n<meta name=\"twitter:creator\" content=\"@bellunopress\" \/>\n<meta name=\"twitter:site\" content=\"@bellunopress\" \/>\n<meta name=\"twitter:label1\" content=\"Written by\" \/>\n\t<meta name=\"twitter:data1\" content=\"redazione\" \/>\n\t<meta name=\"twitter:label2\" content=\"Est. reading time\" \/>\n\t<meta name=\"twitter:data2\" content=\"1 minute\" \/>\n<script type=\"application\/ld+json\" class=\"yoast-schema-graph\">{\"@context\":\"https:\\\/\\\/schema.org\",\"@graph\":[{\"@type\":\"Article\",\"@id\":\"https:\\\/\\\/www.bellunopress.it\\\/2023\\\/11\\\/23\\\/per-la-rassegna-parole-e-pensieri-il-10-dicembre-concerto-di-mario-biondi-al-teatro-comunale\\\/#article\",\"isPartOf\":{\"@id\":\"https:\\\/\\\/www.bellunopress.it\\\/2023\\\/11\\\/23\\\/per-la-rassegna-parole-e-pensieri-il-10-dicembre-concerto-di-mario-biondi-al-teatro-comunale\\\/\"},\"author\":{\"name\":\"redazione\",\"@id\":\"https:\\\/\\\/www.bellunopress.it\\\/#\\\/schema\\\/person\\\/79bb06722b37ece1c03d3e94beb30d73\"},\"headline\":\"Per la rassegna Parole e Pensieri, il 10 dicembre concerto di Mario Biondi al Teatro Comunale\",\"datePublished\":\"2023-11-23T17:09:15+00:00\",\"mainEntityOfPage\":{\"@id\":\"https:\\\/\\\/www.bellunopress.it\\\/2023\\\/11\\\/23\\\/per-la-rassegna-parole-e-pensieri-il-10-dicembre-concerto-di-mario-biondi-al-teatro-comunale\\\/\"},\"wordCount\":300,\"publisher\":{\"@id\":\"https:\\\/\\\/www.bellunopress.it\\\/#organization\"},\"image\":{\"@id\":\"https:\\\/\\\/www.bellunopress.it\\\/2023\\\/11\\\/23\\\/per-la-rassegna-parole-e-pensieri-il-10-dicembre-concerto-di-mario-biondi-al-teatro-comunale\\\/#primaryimage\"},\"thumbnailUrl\":\"https:\\\/\\\/www.bellunopress.it\\\/wp-content\\\/uploads\\\/2021\\\/05\\\/teatro-comunale_edited.jpg\",\"articleSection\":[\"Appuntamenti, Eventi\",\"Arte, Cultura, Spettacoli, Scienza\",\"Pausa Caff\u00e8\"],\"inLanguage\":\"fr-FR\"},{\"@type\":\"WebPage\",\"@id\":\"https:\\\/\\\/www.bellunopress.it\\\/2023\\\/11\\\/23\\\/per-la-rassegna-parole-e-pensieri-il-10-dicembre-concerto-di-mario-biondi-al-teatro-comunale\\\/\",\"url\":\"https:\\\/\\\/www.bellunopress.it\\\/2023\\\/11\\\/23\\\/per-la-rassegna-parole-e-pensieri-il-10-dicembre-concerto-di-mario-biondi-al-teatro-comunale\\\/\",\"name\":\"Per la rassegna Parole e Pensieri, il 10 dicembre concerto di Mario Biondi al Teatro Comunale - Bellunopress - Dolomiti\",\"isPartOf\":{\"@id\":\"https:\\\/\\\/www.bellunopress.it\\\/#website\"},\"primaryImageOfPage\":{\"@id\":\"https:\\\/\\\/www.bellunopress.it\\\/2023\\\/11\\\/23\\\/per-la-rassegna-parole-e-pensieri-il-10-dicembre-concerto-di-mario-biondi-al-teatro-comunale\\\/#primaryimage\"},\"image\":{\"@id\":\"https:\\\/\\\/www.bellunopress.it\\\/2023\\\/11\\\/23\\\/per-la-rassegna-parole-e-pensieri-il-10-dicembre-concerto-di-mario-biondi-al-teatro-comunale\\\/#primaryimage\"},\"thumbnailUrl\":\"https:\\\/\\\/www.bellunopress.it\\\/wp-content\\\/uploads\\\/2021\\\/05\\\/teatro-comunale_edited.jpg\",\"datePublished\":\"2023-11-23T17:09:15+00:00\",\"breadcrumb\":{\"@id\":\"https:\\\/\\\/www.bellunopress.it\\\/2023\\\/11\\\/23\\\/per-la-rassegna-parole-e-pensieri-il-10-dicembre-concerto-di-mario-biondi-al-teatro-comunale\\\/#breadcrumb\"},\"inLanguage\":\"fr-FR\",\"potentialAction\":[{\"@type\":\"ReadAction\",\"target\":[\"https:\\\/\\\/www.bellunopress.it\\\/2023\\\/11\\\/23\\\/per-la-rassegna-parole-e-pensieri-il-10-dicembre-concerto-di-mario-biondi-al-teatro-comunale\\\/\"]}]},{\"@type\":\"ImageObject\",\"inLanguage\":\"fr-FR\",\"@id\":\"https:\\\/\\\/www.bellunopress.it\\\/2023\\\/11\\\/23\\\/per-la-rassegna-parole-e-pensieri-il-10-dicembre-concerto-di-mario-biondi-al-teatro-comunale\\\/#primaryimage\",\"url\":\"https:\\\/\\\/www.bellunopress.it\\\/wp-content\\\/uploads\\\/2021\\\/05\\\/teatro-comunale_edited.jpg\",\"contentUrl\":\"https:\\\/\\\/www.bellunopress.it\\\/wp-content\\\/uploads\\\/2021\\\/05\\\/teatro-comunale_edited.jpg\",\"width\":1000,\"height\":743,\"caption\":\"Teatro Comunale di Belluno\"},{\"@type\":\"BreadcrumbList\",\"@id\":\"https:\\\/\\\/www.bellunopress.it\\\/2023\\\/11\\\/23\\\/per-la-rassegna-parole-e-pensieri-il-10-dicembre-concerto-di-mario-biondi-al-teatro-comunale\\\/#breadcrumb\",\"itemListElement\":[{\"@type\":\"ListItem\",\"position\":1,\"name\":\"Home\",\"item\":\"https:\\\/\\\/www.bellunopress.it\\\/\"},{\"@type\":\"ListItem\",\"position\":2,\"name\":\"Per la rassegna Parole e Pensieri, il 10 dicembre concerto di Mario Biondi al Teatro Comunale\"}]},{\"@type\":\"WebSite\",\"@id\":\"https:\\\/\\\/www.bellunopress.it\\\/#website\",\"url\":\"https:\\\/\\\/www.bellunopress.it\\\/\",\"name\":\"Bellunopress - Dolomiti\",\"description\":\"e-mail: redazione@bellunopress.it\",\"publisher\":{\"@id\":\"https:\\\/\\\/www.bellunopress.it\\\/#organization\"},\"potentialAction\":[{\"@type\":\"SearchAction\",\"target\":{\"@type\":\"EntryPoint\",\"urlTemplate\":\"https:\\\/\\\/www.bellunopress.it\\\/?s={search_term_string}\"},\"query-input\":{\"@type\":\"PropertyValueSpecification\",\"valueRequired\":true,\"valueName\":\"search_term_string\"}}],\"inLanguage\":\"fr-FR\"},{\"@type\":\"Organization\",\"@id\":\"https:\\\/\\\/www.bellunopress.it\\\/#organization\",\"name\":\"Bellunopress\",\"url\":\"https:\\\/\\\/www.bellunopress.it\\\/\",\"logo\":{\"@type\":\"ImageObject\",\"inLanguage\":\"fr-FR\",\"@id\":\"https:\\\/\\\/www.bellunopress.it\\\/#\\\/schema\\\/logo\\\/image\\\/\",\"url\":\"https:\\\/\\\/www.bellunopress.it\\\/wp-content\\\/uploads\\\/2011\\\/05\\\/cropped-logo-bellunopress-.jpg\",\"contentUrl\":\"https:\\\/\\\/www.bellunopress.it\\\/wp-content\\\/uploads\\\/2011\\\/05\\\/cropped-logo-bellunopress-.jpg\",\"width\":512,\"height\":512,\"caption\":\"Bellunopress\"},\"image\":{\"@id\":\"https:\\\/\\\/www.bellunopress.it\\\/#\\\/schema\\\/logo\\\/image\\\/\"},\"sameAs\":[\"https:\\\/\\\/www.facebook.com\\\/profile.php?id=100008943462799\",\"https:\\\/\\\/x.com\\\/bellunopress\",\"https:\\\/\\\/www.linkedin.com\\\/hp\\\/?dnr=JBzUWaJfMUw8vbXJJ2tVW5-I3jZKvC4wsoxE&amp;amp;amp;amp;amp;amp;trk=nav_responsive_tab_home\",\"https:\\\/\\\/www.youtube.com\\\/channel\\\/UCxL0wu1uN0_3_7hGG0306cw\"]},{\"@type\":\"Person\",\"@id\":\"https:\\\/\\\/www.bellunopress.it\\\/#\\\/schema\\\/person\\\/79bb06722b37ece1c03d3e94beb30d73\",\"name\":\"redazione\",\"image\":{\"@type\":\"ImageObject\",\"inLanguage\":\"fr-FR\",\"@id\":\"https:\\\/\\\/secure.gravatar.com\\\/avatar\\\/37d968a2e67a6fd04c169c4bdef102d0bc5d31b2546345219e348575eb80e9a0?s=96&d=mm&r=g\",\"url\":\"https:\\\/\\\/secure.gravatar.com\\\/avatar\\\/37d968a2e67a6fd04c169c4bdef102d0bc5d31b2546345219e348575eb80e9a0?s=96&d=mm&r=g\",\"contentUrl\":\"https:\\\/\\\/secure.gravatar.com\\\/avatar\\\/37d968a2e67a6fd04c169c4bdef102d0bc5d31b2546345219e348575eb80e9a0?s=96&d=mm&r=g\",\"caption\":\"redazione\"},\"sameAs\":[\"http:\\\/\\\/www.bellunopress.it\",\"https:\\\/\\\/x.com\\\/bellunopress\"],\"url\":\"https:\\\/\\\/www.bellunopress.it\\\/fr\\\/author\\\/redazione\\\/\"}]}<\/script>\n<!-- \/ Yoast SEO plugin. -->","yoast_head_json":{"title":"Per la rassegna Parole e Pensieri, il 10 dicembre concerto di Mario Biondi al Teatro Comunale - Bellunopress - Dolomiti","robots":{"index":"index","follow":"follow","max-snippet":"max-snippet:-1","max-image-preview":"max-image-preview:large","max-video-preview":"max-video-preview:-1"},"canonical":"https:\/\/www.bellunopress.it\/fr\/2023\/11\/23\/per-la-rassegna-parole-e-pensieri-il-10-dicembre-concerto-di-mario-biondi-al-teatro-comunale\/","og_locale":"fr_FR","og_type":"article","og_title":"Per la rassegna Parole e Pensieri, il 10 dicembre concerto di Mario Biondi al Teatro Comunale - Bellunopress - Dolomiti","og_description":"Verso il &#8220;tutto esaurito&#8221; anche il terzo evento della rassegna &#8220;Parole e Pensieri&#8221;, in corso di svolgimento per il 28\u00b0 anno al Teatro cittadino per iniziativa di Scoppio Spettacoli. Per il concerto di Mario Biondi in programma il prossimo 10 dicembre infatti, rimane disponibile solamente una manciata di biglietti. L&#8217;esibizione del popolare interprete \u00e8 attesa [&hellip;]","og_url":"https:\/\/www.bellunopress.it\/fr\/2023\/11\/23\/per-la-rassegna-parole-e-pensieri-il-10-dicembre-concerto-di-mario-biondi-al-teatro-comunale\/","og_site_name":"Bellunopress - Dolomiti","article_publisher":"https:\/\/www.facebook.com\/profile.php?id=100008943462799","article_published_time":"2023-11-23T17:09:15+00:00","og_image":[{"width":1000,"height":743,"url":"https:\/\/www.bellunopress.it\/wp-content\/uploads\/2021\/05\/teatro-comunale_edited.jpg","type":"image\/jpeg"}],"author":"redazione","twitter_card":"summary_large_image","twitter_creator":"@bellunopress","twitter_site":"@bellunopress","twitter_misc":{"Written by":"redazione","Est. reading time":"1 minute"},"schema":{"@context":"https:\/\/schema.org","@graph":[{"@type":"Article","@id":"https:\/\/www.bellunopress.it\/2023\/11\/23\/per-la-rassegna-parole-e-pensieri-il-10-dicembre-concerto-di-mario-biondi-al-teatro-comunale\/#article","isPartOf":{"@id":"https:\/\/www.bellunopress.it\/2023\/11\/23\/per-la-rassegna-parole-e-pensieri-il-10-dicembre-concerto-di-mario-biondi-al-teatro-comunale\/"},"author":{"name":"redazione","@id":"https:\/\/www.bellunopress.it\/#\/schema\/person\/79bb06722b37ece1c03d3e94beb30d73"},"headline":"Per la rassegna Parole e Pensieri, il 10 dicembre concerto di Mario Biondi al Teatro Comunale","datePublished":"2023-11-23T17:09:15+00:00","mainEntityOfPage":{"@id":"https:\/\/www.bellunopress.it\/2023\/11\/23\/per-la-rassegna-parole-e-pensieri-il-10-dicembre-concerto-di-mario-biondi-al-teatro-comunale\/"},"wordCount":300,"publisher":{"@id":"https:\/\/www.bellunopress.it\/#organization"},"image":{"@id":"https:\/\/www.bellunopress.it\/2023\/11\/23\/per-la-rassegna-parole-e-pensieri-il-10-dicembre-concerto-di-mario-biondi-al-teatro-comunale\/#primaryimage"},"thumbnailUrl":"https:\/\/www.bellunopress.it\/wp-content\/uploads\/2021\/05\/teatro-comunale_edited.jpg","articleSection":["Appuntamenti, Eventi","Arte, Cultura, Spettacoli, Scienza","Pausa Caff\u00e8"],"inLanguage":"fr-FR"},{"@type":"WebPage","@id":"https:\/\/www.bellunopress.it\/2023\/11\/23\/per-la-rassegna-parole-e-pensieri-il-10-dicembre-concerto-di-mario-biondi-al-teatro-comunale\/","url":"https:\/\/www.bellunopress.it\/2023\/11\/23\/per-la-rassegna-parole-e-pensieri-il-10-dicembre-concerto-di-mario-biondi-al-teatro-comunale\/","name":"Per la rassegna Parole e Pensieri, il 10 dicembre concerto di Mario Biondi al Teatro Comunale - Bellunopress - Dolomiti","isPartOf":{"@id":"https:\/\/www.bellunopress.it\/#website"},"primaryImageOfPage":{"@id":"https:\/\/www.bellunopress.it\/2023\/11\/23\/per-la-rassegna-parole-e-pensieri-il-10-dicembre-concerto-di-mario-biondi-al-teatro-comunale\/#primaryimage"},"image":{"@id":"https:\/\/www.bellunopress.it\/2023\/11\/23\/per-la-rassegna-parole-e-pensieri-il-10-dicembre-concerto-di-mario-biondi-al-teatro-comunale\/#primaryimage"},"thumbnailUrl":"https:\/\/www.bellunopress.it\/wp-content\/uploads\/2021\/05\/teatro-comunale_edited.jpg","datePublished":"2023-11-23T17:09:15+00:00","breadcrumb":{"@id":"https:\/\/www.bellunopress.it\/2023\/11\/23\/per-la-rassegna-parole-e-pensieri-il-10-dicembre-concerto-di-mario-biondi-al-teatro-comunale\/#breadcrumb"},"inLanguage":"fr-FR","potentialAction":[{"@type":"ReadAction","target":["https:\/\/www.bellunopress.it\/2023\/11\/23\/per-la-rassegna-parole-e-pensieri-il-10-dicembre-concerto-di-mario-biondi-al-teatro-comunale\/"]}]},{"@type":"ImageObject","inLanguage":"fr-FR","@id":"https:\/\/www.bellunopress.it\/2023\/11\/23\/per-la-rassegna-parole-e-pensieri-il-10-dicembre-concerto-di-mario-biondi-al-teatro-comunale\/#primaryimage","url":"https:\/\/www.bellunopress.it\/wp-content\/uploads\/2021\/05\/teatro-comunale_edited.jpg","contentUrl":"https:\/\/www.bellunopress.it\/wp-content\/uploads\/2021\/05\/teatro-comunale_edited.jpg","width":1000,"height":743,"caption":"Teatro Comunale di Belluno"},{"@type":"BreadcrumbList","@id":"https:\/\/www.bellunopress.it\/2023\/11\/23\/per-la-rassegna-parole-e-pensieri-il-10-dicembre-concerto-di-mario-biondi-al-teatro-comunale\/#breadcrumb","itemListElement":[{"@type":"ListItem","position":1,"name":"Home","item":"https:\/\/www.bellunopress.it\/"},{"@type":"ListItem","position":2,"name":"Per la rassegna Parole e Pensieri, il 10 dicembre concerto di Mario Biondi al Teatro Comunale"}]},{"@type":"WebSite","@id":"https:\/\/www.bellunopress.it\/#website","url":"https:\/\/www.bellunopress.it\/","name":"Bellunopress - Dolomiti","description":"e-mail: redazione@bellunopress.it","publisher":{"@id":"https:\/\/www.bellunopress.it\/#organization"},"potentialAction":[{"@type":"SearchAction","target":{"@type":"EntryPoint","urlTemplate":"https:\/\/www.bellunopress.it\/?s={search_term_string}"},"query-input":{"@type":"PropertyValueSpecification","valueRequired":true,"valueName":"search_term_string"}}],"inLanguage":"fr-FR"},{"@type":"Organization","@id":"https:\/\/www.bellunopress.it\/#organization","name":"Bellunopress","url":"https:\/\/www.bellunopress.it\/","logo":{"@type":"ImageObject","inLanguage":"fr-FR","@id":"https:\/\/www.bellunopress.it\/#\/schema\/logo\/image\/","url":"https:\/\/www.bellunopress.it\/wp-content\/uploads\/2011\/05\/cropped-logo-bellunopress-.jpg","contentUrl":"https:\/\/www.bellunopress.it\/wp-content\/uploads\/2011\/05\/cropped-logo-bellunopress-.jpg","width":512,"height":512,"caption":"Bellunopress"},"image":{"@id":"https:\/\/www.bellunopress.it\/#\/schema\/logo\/image\/"},"sameAs":["https:\/\/www.facebook.com\/profile.php?id=100008943462799","https:\/\/x.com\/bellunopress","https:\/\/www.linkedin.com\/hp\/?dnr=JBzUWaJfMUw8vbXJJ2tVW5-I3jZKvC4wsoxE&amp;amp;amp;amp;amp;amp;trk=nav_responsive_tab_home","https:\/\/www.youtube.com\/channel\/UCxL0wu1uN0_3_7hGG0306cw"]},{"@type":"Person","@id":"https:\/\/www.bellunopress.it\/#\/schema\/person\/79bb06722b37ece1c03d3e94beb30d73","name":"r\u00e9daction","image":{"@type":"ImageObject","inLanguage":"fr-FR","@id":"https:\/\/secure.gravatar.com\/avatar\/37d968a2e67a6fd04c169c4bdef102d0bc5d31b2546345219e348575eb80e9a0?s=96&d=mm&r=g","url":"https:\/\/secure.gravatar.com\/avatar\/37d968a2e67a6fd04c169c4bdef102d0bc5d31b2546345219e348575eb80e9a0?s=96&d=mm&r=g","contentUrl":"https:\/\/secure.gravatar.com\/avatar\/37d968a2e67a6fd04c169c4bdef102d0bc5d31b2546345219e348575eb80e9a0?s=96&d=mm&r=g","caption":"redazione"},"sameAs":["http:\/\/www.bellunopress.it","https:\/\/x.com\/bellunopress"],"url":"https:\/\/www.bellunopress.it\/fr\/author\/redazione\/"}]}},"_links":{"self":[{"href":"https:\/\/www.bellunopress.it\/fr\/wp-json\/wp\/v2\/posts\/146138","targetHints":{"allow":["GET"]}}],"collection":[{"href":"https:\/\/www.bellunopress.it\/fr\/wp-json\/wp\/v2\/posts"}],"about":[{"href":"https:\/\/www.bellunopress.it\/fr\/wp-json\/wp\/v2\/types\/post"}],"author":[{"embeddable":true,"href":"https:\/\/www.bellunopress.it\/fr\/wp-json\/wp\/v2\/users\/2"}],"replies":[{"embeddable":true,"href":"https:\/\/www.bellunopress.it\/fr\/wp-json\/wp\/v2\/comments?post=146138"}],"version-history":[{"count":1,"href":"https:\/\/www.bellunopress.it\/fr\/wp-json\/wp\/v2\/posts\/146138\/revisions"}],"predecessor-version":[{"id":146139,"href":"https:\/\/www.bellunopress.it\/fr\/wp-json\/wp\/v2\/posts\/146138\/revisions\/146139"}],"wp:featuredmedia":[{"embeddable":true,"href":"https:\/\/www.bellunopress.it\/fr\/wp-json\/wp\/v2\/media\/124507"}],"wp:attachment":[{"href":"https:\/\/www.bellunopress.it\/fr\/wp-json\/wp\/v2\/media?parent=146138"}],"wp:term":[{"taxonomy":"category","embeddable":true,"href":"https:\/\/www.bellunopress.it\/fr\/wp-json\/wp\/v2\/categories?post=146138"},{"taxonomy":"post_tag","embeddable":true,"href":"https:\/\/www.bellunopress.it\/fr\/wp-json\/wp\/v2\/tags?post=146138"}],"curies":[{"name":"wp","href":"https:\/\/api.w.org\/{rel}","templated":true}]}}