{"id":146136,"date":"2023-11-23T17:59:21","date_gmt":"2023-11-23T16:59:21","guid":{"rendered":"https:\/\/www.bellunopress.it\/?p=146136"},"modified":"2023-11-23T17:59:21","modified_gmt":"2023-11-23T16:59:21","slug":"slowmachine-annulla-la-stagione-teatrale-2023-2024-belluno-miraggi","status":"publish","type":"post","link":"https:\/\/www.bellunopress.it\/fr\/2023\/11\/23\/slowmachine-annulla-la-stagione-teatrale-2023-2024-belluno-miraggi\/","title":{"rendered":"SlowMachine annulla la Stagione teatrale 2023\/2024 Belluno Miraggi"},"content":{"rendered":"<figure id=\"attachment_119366\" aria-describedby=\"caption-attachment-119366\" style=\"width: 800px\" class=\"wp-caption alignleft\"><img loading=\"lazy\" decoding=\"async\" class=\"size-full wp-image-119366\" src=\"https:\/\/www.bellunopress.it\/wp-content\/uploads\/2020\/11\/Rajeev-Badhan-e-Elena-Strada_edited.jpg\" alt=\"\" width=\"800\" height=\"533\" srcset=\"https:\/\/www.bellunopress.it\/wp-content\/uploads\/2020\/11\/Rajeev-Badhan-e-Elena-Strada_edited.jpg 800w, https:\/\/www.bellunopress.it\/wp-content\/uploads\/2020\/11\/Rajeev-Badhan-e-Elena-Strada_edited-500x333.jpg 500w, https:\/\/www.bellunopress.it\/wp-content\/uploads\/2020\/11\/Rajeev-Badhan-e-Elena-Strada_edited-696x464.jpg 696w, https:\/\/www.bellunopress.it\/wp-content\/uploads\/2020\/11\/Rajeev-Badhan-e-Elena-Strada_edited-630x420.jpg 630w\" sizes=\"auto, (max-width: 800px) 100vw, 800px\" \/><figcaption id=\"caption-attachment-119366\" class=\"wp-caption-text\">Elena Strada e Rajeev Badhan<\/figcaption><\/figure>\n<p>Dopo le molte richieste da parte degli spettatori, purtroppo dobbiamo comunicare che la stagione BELLUNO MIRAGGI, che ha portato a Belluno e nel Veneto importanti artisti e prime regionali di livello nazionale e internazionale, non avr\u00e0 la sua IX edizione.<\/p>\n<p>Belluno avr\u00e0 un inverno un po\u2019 pi\u00f9 buio quest\u2019anno, il primo dal 2014 senza Miraggi.<\/p>\n<p>Con l\u2019esiguo stanziamento confermato dalla Fondazione Teatri delle Dolomiti, \u00e8 ovviamente impossibile realizzare una stagione teatrale e programmare sei titoli come nelle scorse edizioni. Lo stop avviene proprio ad un passo dal traguardo dei dieci anni.<br \/>\nA seguito di varie interlocuzioni, il Comune di Belluno non ha stanziato risorse specifiche e il progetto presentato da SlowMachine per l\u2019anno 2023 nell\u2019ambito del bando regionale per il sostegno allo spettacolo dal vivo professionale (ai sensi della L.R. 17\/2019), non \u00e8 stato finanziato per esaurimento delle risorse disponibili.<\/p>\n<p>Come si pu\u00f2 realizzare una stagione teatrale con 6.000 euro? Una cifra che non \u00e8 neanche la met\u00e0 delle nuove indennit\u00e0 mensili di sindaci delle citt\u00e0 metropolitane.<br \/>\nIl sostegno a Belluno Miraggi era stato ridotto drasticamente a causa della difficile situazione economica della Fondazione Teatri delle Dolomiti, che per\u00f2 realizza una propria programmazione dove ospiter\u00e0 anche Marco Paolini, gi\u00e0 contattato da SlowMachine per la nuova stagione di Miraggi, data cancellata visto il bassissimo contributo assegnato dalla Fondazione Teatri. Contributo sicuramente anche inferiore a quello messo in campo per il sostegno di un singolo evento, il progetto VajontS realizzato al Teatro Comunale dalla Fondazione stessa.<\/p>\n<p>Insomma il ruolo della Fondazione Teatri, invece di sostenere l\u2019attivit\u00e0 portata avanti per quasi 10 anni con fatica da SlowMachine, sembra ad oggi quasi concorrenziale.<\/p>\n<p>SlowMachine, realt\u00e0 bellunese nata nel 2012, in questi anni \u00e8 cresciuta, ha ottenuto importanti riconoscimenti a livello nazionale per i suoi progetti innovativi e di alto livello qualitativo. Proprio questa settimana \u00e8 reduce dalle repliche dello spettacolo \u201cNotti\u201d programmato con successo &#8211; oltre che in molti importanti teatri nazionali &#8211; al Teatro Rossetti di Trieste con tre serate sold out. SlowMachine inoltre, nella Regione Veneto, \u00e8 l\u2019unica Impresa di Produzione teatrale nell\u2019ambito dell\u2019innovazione e sperimentazione riconosciuta dal Ministero della Cultura per le prime istanze triennali. Il Ministero della Cultura ha premiato in regione solo tre realt\u00e0 emergenti: SlowMachine, Stivalaccio Teatro e l\u2019Accademia da Ponte in tre ambiti diversi per il triennio 22-24. Senza considerare l\u2019incarico di Direttore Artistico e Amministrativo del Teatro Chiabrera di Savona che Rajeev Badhan sta svolgendo con successo e riconoscimento nazionale, realizzando una stagione che spazia dalla prosa alla danza, dal contemporaneo alla musica classica non tralasciando il teatro ragazzi e che in questo 23\/24 conta pi\u00f9 di 50 eventi ed importanti prime regionali.<br \/>\nMa le attivit\u00e0 a livello nazionale di Badhan e della sua compagnia non trascurano comunque il territorio Bellunese, nel quale crede, investe, produce e dove continua a progettare e portare linfa di rinnovamento e risorse. Sono infatti proprio di questi mesi autunnali le assegnazioni a vari bandi in sinergia con diversi soggetti territoriali e non, da Cultura in rete-Ultracosmi nel quale SlowMachine \u00e8 coinvolta, che prevede una ricca progettualit\u00e0 artistica e culturale tra il Bellunese e Treviso nel 2024, al bando Rigenerazione di Cariverona insieme a Casa dei Beni Comuni, Tib, al progetto sulle Comunit\u00e0 Energetiche che vede coinvolta la Caserma Piave nel suo insieme e il Comune di Belluno, oltre al progetto formativo con il Circolo Cultura e Stampa Bellunese dal titolo Pari.<\/p>\n<p>Ma tutti questi riconoscimenti probabilmente non vengono considerati sul territorio come un valore aggiunto e, invece di coltivare una realt\u00e0 di grande successo locale e riconosciuta a livello nazionale, si sceglie di limitarne le possibilit\u00e0 di azione sul territorio stesso e, alla soglia della 10a edizione di Belluno Miraggi, la stagione viene sospesa. Con il contributo stanziato sar\u00e0 possibile con difficolt\u00e0 realizzare solamente un evento.<\/p>\n<p>Il progetto Belluno Miraggi, ideato ed organizzato da SlowMachine, ha portato a Belluno e in Regione Veneto per anni, grazie ad una direzione preparata, lungimirante, attenta e con un progetto artistico innovativo e chiaro, grandi artisti &#8211; come Terzopoulos, Familie Fl\u00f6z, RezzaMastrella, Ascanio Celestini, Alessandro Bergonzoni, Agrupacion Senor Serrano, Silvia Gribaudi, Compagnia Finzi Pasca, Julia Kent, Deflorian\/Tagliarini, Alessandro Sciarroni, Il Teatro Delle Albe, Motus, la Societas, Abbondanza\/Bertoni, Elio Germano, Balletto Civile, Carrozzeria Orfeo, Fabiana Iacozzilli e molti altri &#8211; prime regionali di livello internazionale, ha aperto ai nuovi linguaggi del contemporaneo il palco del Teatro Comunale (oggi Dino Buzzati), ricollocando il territorio e il suo Teatro in una posizione di rilievo nel panorama nazionale, dando luce alla citt\u00e0 di Belluno e stimolando la voglia di andare a teatro dei cittadini in maniera trasversale anche grazie agli approfondimenti culturali, ai laboratori e agli incontri con gli artisti.<\/p>\n<p>Ecco, tutto questo nella prossima stagione non ci sar\u00e0, o meglio SlowMachine sar\u00e0 in grado di realizzare un solo evento ad aprile 2024 perch\u00e9, nonostante la situazione avversa, ha Cura del territorio e crede nelle potenzialit\u00e0 di Belluno. Diventa fondamentale quindi una sorta di resistenza culturale per salutare il tanto pubblico che ha seguito, amato e sostenuto la programmazione di Belluno Miraggi dal 2014 e ritiene sia fondamentale farlo in presenza.<\/p>\n<p>Non \u00e8 mai stato nel nostro stile parlare delle problematiche gestionali che ci siamo trovati ad affrontare in questi anni e questa lettera \u00e8 stata scritta per spiegare in maniera profonda a chi ha seguito, da varie parti d\u2019Italia e non solo, la nostra progettualit\u00e0 di programmazione, perch\u00e9 Belluno Miraggi, che abbiamo iniziato quando avevamo 30 anni, il prossimo anno non ci sar\u00e0.<br \/>\nLa IX Edizione della stagione Belluno Miraggi era pronta a febbraio 2023. Abbiamo cercato in tutti i modi di convincere a sostenere questa progettualit\u00e0 chi nella nostra citt\u00e0 ha in mano in questo momento le risorse dedicate alla cultura, al teatro, ma non siamo stati ascoltati. Ci \u00e8 sempre stato detto che c\u2019era un buco da risanare nelle casse della Fondazione Teatri, ma le risorse, per scelta, sono andate in un\u2019altra direzione e sicuramente i cittadini e il Consiglio Comunale lo potranno vedere quando verr\u00e0 presentato il bilancio, visto che l\u2019unico socio della Fondazione Teatri \u00e8, ad oggi, il Comune di Belluno, quindi equiparabile ad una partecipata\u2026<br \/>\nNon siamo qui per fare polemica, siamo dei professionisti con chiari compiti, capacit\u00e0 e riconoscimenti dei nostri progetti in vari ambiti, ma per cercare di imparare dalle possibilit\u00e0 mancate, per aprire ai pi\u00f9 l\u2019interesse verso una visione e un confronto culturale del territorio che coinvolge tutti i suoi abitanti e non solo, per rilanciare riflessioni necessarie sul futuro che ci lega.<br \/>\nCon affetto ed estremo dispiacere salutiamo per questa stagione tutto il pubblico di Belluno, della Provincia e della Regione e anche quello che veniva da fuori Regione e ringraziamo gli artisti e i collaboratori che sono stati parte integrante di questo progetto e linfa vitale non solo artistica.<br \/>\nNoi ci siamo e continueremo a lavorare e a rinnovare la nostra volont\u00e0 di far crescere insieme a noi questo territorio. Per il futuro siamo disponibili a riprendere il progetto, ma con risorse adeguate per realizzare una progettualit\u00e0 artistica da Capoluogo di Provincia.<br \/>\nPer il momento vi diamo appuntamento al 6 aprile 2024 al Teatro Dino Buzzati con una delle compagnie che abbiamo fatto conoscere, la Familie Fl\u00f6z con \u201cINFINITA\u201d. Uno spettacolo non a caso sul ciclo della vita.<br \/>\nPer tutti quelli che ci scrivono e ci chiedono come si potrebbe salvare ancora questa stagione 23\/24 e probabilmente anche quelle future, ipotizziamo la via di una formale convenzione diretta con il Comune di Belluno per istituzionalizzare questa Stagione. Perch\u00e9 riteniamo la cultura e il suo accesso un servizio fondamentale per i cittadini.<\/p>\n<p>\u2026Chiss\u00e0 se il grande Dino Buzzati sarebbe felice che i Miraggi svanissero nel teatro a lui appena intitolato\u2026.<\/p>\n<p><strong>SlowMachine<\/strong><\/p>\n<p>Di seguito un estratto da un articolo uscito su un\u2019importante piattaforma nazionale riguardante lo spettacolo dal vivo, dopo la realizzazione dello spettacolo \u201cNotti\u201d di SlowMachine a chiusura dell\u2019VIII edizione di Belluno Miraggi:<\/p>\n<p>\u201c\u2026Grazie a SlowMachine, in questa citt\u00e0 ai piedi delle Dolomiti, sono transitati protagonisti di grande rilievo del teatro contemporaneo: Familie Fl\u00f6z, Agrupacion Senor Serrano, Chiara Guidi, Roberto Latini, Motus\u2026 e si potrebbe continuare con un lungo elenco di nomi che pi\u00f9 in generale nell\u2019area veneta hanno sporadica circolazione.<br \/>\nLa progettualit\u00e0 di SlowMachine \u00e8 risultata senz\u2019altro coraggiosa e raffinata per sensibilit\u00e0, vista la capacit\u00e0 di coniugare innovazione scenica e leggibilit\u00e0: un pubblico numeroso ed eterogeneo sembra aver premiato quest\u2019audacia e la qualit\u00e0 teatrale. Ma ad oggi la prosecuzione della collaborazione con gli enti bellunesi pare a rischio, ed incerto il futuro della prossima edizione di Miraggi, con una perdita che non riguarderebbe esclusivamente la citt\u00e0 ma una pi\u00f9 ampia regione.\u201d<\/p>","protected":false},"excerpt":{"rendered":"<p>Dopo le molte richieste da parte degli spettatori, purtroppo dobbiamo comunicare che la stagione BELLUNO MIRAGGI, che ha portato a Belluno e nel Veneto importanti artisti e prime regionali di livello nazionale e internazionale, non avr\u00e0 la sua IX edizione. Belluno avr\u00e0 un inverno un po\u2019 pi\u00f9 buio quest\u2019anno, il primo dal 2014 senza Miraggi. [&hellip;]<\/p>\n","protected":false},"author":2,"featured_media":119366,"comment_status":"closed","ping_status":"open","sticky":false,"template":"","format":"standard","meta":{"footnotes":""},"categories":[3,1,26],"tags":[],"class_list":["post-146136","post","type-post","status-publish","format-standard","has-post-thumbnail","category-arte-cultura-spettacoli-scienza-archivi","category-leo","category-prima-pagina"],"yoast_head":"<!-- This site is optimized with the Yoast SEO plugin v28.4 - https:\/\/yoast.com\/product\/yoast-seo-wordpress\/ -->\n<title>SlowMachine annulla la Stagione teatrale 2023\/2024 Belluno Miraggi - Bellunopress - Dolomiti<\/title>\n<meta name=\"robots\" content=\"index, follow, max-snippet:-1, max-image-preview:large, max-video-preview:-1\" \/>\n<link rel=\"canonical\" href=\"https:\/\/www.bellunopress.it\/fr\/2023\/11\/23\/slowmachine-annulla-la-stagione-teatrale-2023-2024-belluno-miraggi\/\" \/>\n<meta property=\"og:locale\" content=\"fr_FR\" \/>\n<meta property=\"og:type\" content=\"article\" \/>\n<meta property=\"og:title\" content=\"SlowMachine annulla la Stagione teatrale 2023\/2024 Belluno Miraggi - Bellunopress - Dolomiti\" \/>\n<meta property=\"og:description\" content=\"Dopo le molte richieste da parte degli spettatori, purtroppo dobbiamo comunicare che la stagione BELLUNO MIRAGGI, che ha portato a Belluno e nel Veneto importanti artisti e prime regionali di livello nazionale e internazionale, non avr\u00e0 la sua IX edizione. Belluno avr\u00e0 un inverno un po\u2019 pi\u00f9 buio quest\u2019anno, il primo dal 2014 senza Miraggi. [&hellip;]\" \/>\n<meta property=\"og:url\" content=\"https:\/\/www.bellunopress.it\/fr\/2023\/11\/23\/slowmachine-annulla-la-stagione-teatrale-2023-2024-belluno-miraggi\/\" \/>\n<meta property=\"og:site_name\" content=\"Bellunopress - Dolomiti\" \/>\n<meta property=\"article:publisher\" content=\"https:\/\/www.facebook.com\/profile.php?id=100008943462799\" \/>\n<meta property=\"article:published_time\" content=\"2023-11-23T16:59:21+00:00\" \/>\n<meta property=\"og:image\" content=\"https:\/\/www.bellunopress.it\/wp-content\/uploads\/2020\/11\/Rajeev-Badhan-e-Elena-Strada_edited.jpg\" \/>\n\t<meta property=\"og:image:width\" content=\"800\" \/>\n\t<meta property=\"og:image:height\" content=\"533\" \/>\n\t<meta property=\"og:image:type\" content=\"image\/jpeg\" \/>\n<meta name=\"author\" content=\"redazione\" \/>\n<meta name=\"twitter:card\" content=\"summary_large_image\" \/>\n<meta name=\"twitter:creator\" content=\"@bellunopress\" \/>\n<meta name=\"twitter:site\" content=\"@bellunopress\" \/>\n<meta name=\"twitter:label1\" content=\"Written by\" \/>\n\t<meta name=\"twitter:data1\" content=\"redazione\" \/>\n\t<meta name=\"twitter:label2\" content=\"Est. reading time\" \/>\n\t<meta name=\"twitter:data2\" content=\"7 minutes\" \/>\n<script type=\"application\/ld+json\" class=\"yoast-schema-graph\">{\"@context\":\"https:\\\/\\\/schema.org\",\"@graph\":[{\"@type\":\"Article\",\"@id\":\"https:\\\/\\\/www.bellunopress.it\\\/2023\\\/11\\\/23\\\/slowmachine-annulla-la-stagione-teatrale-2023-2024-belluno-miraggi\\\/#article\",\"isPartOf\":{\"@id\":\"https:\\\/\\\/www.bellunopress.it\\\/2023\\\/11\\\/23\\\/slowmachine-annulla-la-stagione-teatrale-2023-2024-belluno-miraggi\\\/\"},\"author\":{\"name\":\"redazione\",\"@id\":\"https:\\\/\\\/www.bellunopress.it\\\/#\\\/schema\\\/person\\\/79bb06722b37ece1c03d3e94beb30d73\"},\"headline\":\"SlowMachine annulla la Stagione teatrale 2023\\\/2024 Belluno Miraggi\",\"datePublished\":\"2023-11-23T16:59:21+00:00\",\"mainEntityOfPage\":{\"@id\":\"https:\\\/\\\/www.bellunopress.it\\\/2023\\\/11\\\/23\\\/slowmachine-annulla-la-stagione-teatrale-2023-2024-belluno-miraggi\\\/\"},\"wordCount\":1441,\"publisher\":{\"@id\":\"https:\\\/\\\/www.bellunopress.it\\\/#organization\"},\"image\":{\"@id\":\"https:\\\/\\\/www.bellunopress.it\\\/2023\\\/11\\\/23\\\/slowmachine-annulla-la-stagione-teatrale-2023-2024-belluno-miraggi\\\/#primaryimage\"},\"thumbnailUrl\":\"https:\\\/\\\/www.bellunopress.it\\\/wp-content\\\/uploads\\\/2020\\\/11\\\/Rajeev-Badhan-e-Elena-Strada_edited.jpg\",\"articleSection\":[\"Arte, Cultura, Spettacoli, Scienza\",\"Lettere Opinioni\",\"Prima Pagina\"],\"inLanguage\":\"fr-FR\"},{\"@type\":\"WebPage\",\"@id\":\"https:\\\/\\\/www.bellunopress.it\\\/2023\\\/11\\\/23\\\/slowmachine-annulla-la-stagione-teatrale-2023-2024-belluno-miraggi\\\/\",\"url\":\"https:\\\/\\\/www.bellunopress.it\\\/2023\\\/11\\\/23\\\/slowmachine-annulla-la-stagione-teatrale-2023-2024-belluno-miraggi\\\/\",\"name\":\"SlowMachine annulla la Stagione teatrale 2023\\\/2024 Belluno Miraggi - Bellunopress - Dolomiti\",\"isPartOf\":{\"@id\":\"https:\\\/\\\/www.bellunopress.it\\\/#website\"},\"primaryImageOfPage\":{\"@id\":\"https:\\\/\\\/www.bellunopress.it\\\/2023\\\/11\\\/23\\\/slowmachine-annulla-la-stagione-teatrale-2023-2024-belluno-miraggi\\\/#primaryimage\"},\"image\":{\"@id\":\"https:\\\/\\\/www.bellunopress.it\\\/2023\\\/11\\\/23\\\/slowmachine-annulla-la-stagione-teatrale-2023-2024-belluno-miraggi\\\/#primaryimage\"},\"thumbnailUrl\":\"https:\\\/\\\/www.bellunopress.it\\\/wp-content\\\/uploads\\\/2020\\\/11\\\/Rajeev-Badhan-e-Elena-Strada_edited.jpg\",\"datePublished\":\"2023-11-23T16:59:21+00:00\",\"breadcrumb\":{\"@id\":\"https:\\\/\\\/www.bellunopress.it\\\/2023\\\/11\\\/23\\\/slowmachine-annulla-la-stagione-teatrale-2023-2024-belluno-miraggi\\\/#breadcrumb\"},\"inLanguage\":\"fr-FR\",\"potentialAction\":[{\"@type\":\"ReadAction\",\"target\":[\"https:\\\/\\\/www.bellunopress.it\\\/2023\\\/11\\\/23\\\/slowmachine-annulla-la-stagione-teatrale-2023-2024-belluno-miraggi\\\/\"]}]},{\"@type\":\"ImageObject\",\"inLanguage\":\"fr-FR\",\"@id\":\"https:\\\/\\\/www.bellunopress.it\\\/2023\\\/11\\\/23\\\/slowmachine-annulla-la-stagione-teatrale-2023-2024-belluno-miraggi\\\/#primaryimage\",\"url\":\"https:\\\/\\\/www.bellunopress.it\\\/wp-content\\\/uploads\\\/2020\\\/11\\\/Rajeev-Badhan-e-Elena-Strada_edited.jpg\",\"contentUrl\":\"https:\\\/\\\/www.bellunopress.it\\\/wp-content\\\/uploads\\\/2020\\\/11\\\/Rajeev-Badhan-e-Elena-Strada_edited.jpg\",\"width\":800,\"height\":533,\"caption\":\"Elena Strada e Rajeev Badhan\"},{\"@type\":\"BreadcrumbList\",\"@id\":\"https:\\\/\\\/www.bellunopress.it\\\/2023\\\/11\\\/23\\\/slowmachine-annulla-la-stagione-teatrale-2023-2024-belluno-miraggi\\\/#breadcrumb\",\"itemListElement\":[{\"@type\":\"ListItem\",\"position\":1,\"name\":\"Home\",\"item\":\"https:\\\/\\\/www.bellunopress.it\\\/\"},{\"@type\":\"ListItem\",\"position\":2,\"name\":\"SlowMachine annulla la Stagione teatrale 2023\\\/2024 Belluno Miraggi\"}]},{\"@type\":\"WebSite\",\"@id\":\"https:\\\/\\\/www.bellunopress.it\\\/#website\",\"url\":\"https:\\\/\\\/www.bellunopress.it\\\/\",\"name\":\"Bellunopress - Dolomiti\",\"description\":\"e-mail: redazione@bellunopress.it\",\"publisher\":{\"@id\":\"https:\\\/\\\/www.bellunopress.it\\\/#organization\"},\"potentialAction\":[{\"@type\":\"SearchAction\",\"target\":{\"@type\":\"EntryPoint\",\"urlTemplate\":\"https:\\\/\\\/www.bellunopress.it\\\/?s={search_term_string}\"},\"query-input\":{\"@type\":\"PropertyValueSpecification\",\"valueRequired\":true,\"valueName\":\"search_term_string\"}}],\"inLanguage\":\"fr-FR\"},{\"@type\":\"Organization\",\"@id\":\"https:\\\/\\\/www.bellunopress.it\\\/#organization\",\"name\":\"Bellunopress\",\"url\":\"https:\\\/\\\/www.bellunopress.it\\\/\",\"logo\":{\"@type\":\"ImageObject\",\"inLanguage\":\"fr-FR\",\"@id\":\"https:\\\/\\\/www.bellunopress.it\\\/#\\\/schema\\\/logo\\\/image\\\/\",\"url\":\"https:\\\/\\\/www.bellunopress.it\\\/wp-content\\\/uploads\\\/2011\\\/05\\\/cropped-logo-bellunopress-.jpg\",\"contentUrl\":\"https:\\\/\\\/www.bellunopress.it\\\/wp-content\\\/uploads\\\/2011\\\/05\\\/cropped-logo-bellunopress-.jpg\",\"width\":512,\"height\":512,\"caption\":\"Bellunopress\"},\"image\":{\"@id\":\"https:\\\/\\\/www.bellunopress.it\\\/#\\\/schema\\\/logo\\\/image\\\/\"},\"sameAs\":[\"https:\\\/\\\/www.facebook.com\\\/profile.php?id=100008943462799\",\"https:\\\/\\\/x.com\\\/bellunopress\",\"https:\\\/\\\/www.linkedin.com\\\/hp\\\/?dnr=JBzUWaJfMUw8vbXJJ2tVW5-I3jZKvC4wsoxE&amp;amp;amp;amp;amp;amp;trk=nav_responsive_tab_home\",\"https:\\\/\\\/www.youtube.com\\\/channel\\\/UCxL0wu1uN0_3_7hGG0306cw\"]},{\"@type\":\"Person\",\"@id\":\"https:\\\/\\\/www.bellunopress.it\\\/#\\\/schema\\\/person\\\/79bb06722b37ece1c03d3e94beb30d73\",\"name\":\"redazione\",\"image\":{\"@type\":\"ImageObject\",\"inLanguage\":\"fr-FR\",\"@id\":\"https:\\\/\\\/secure.gravatar.com\\\/avatar\\\/37d968a2e67a6fd04c169c4bdef102d0bc5d31b2546345219e348575eb80e9a0?s=96&d=mm&r=g\",\"url\":\"https:\\\/\\\/secure.gravatar.com\\\/avatar\\\/37d968a2e67a6fd04c169c4bdef102d0bc5d31b2546345219e348575eb80e9a0?s=96&d=mm&r=g\",\"contentUrl\":\"https:\\\/\\\/secure.gravatar.com\\\/avatar\\\/37d968a2e67a6fd04c169c4bdef102d0bc5d31b2546345219e348575eb80e9a0?s=96&d=mm&r=g\",\"caption\":\"redazione\"},\"sameAs\":[\"http:\\\/\\\/www.bellunopress.it\",\"https:\\\/\\\/x.com\\\/bellunopress\"],\"url\":\"https:\\\/\\\/www.bellunopress.it\\\/fr\\\/author\\\/redazione\\\/\"}]}<\/script>\n<!-- \/ Yoast SEO plugin. -->","yoast_head_json":{"title":"SlowMachine annulla la Stagione teatrale 2023\/2024 Belluno Miraggi - Bellunopress - Dolomiti","robots":{"index":"index","follow":"follow","max-snippet":"max-snippet:-1","max-image-preview":"max-image-preview:large","max-video-preview":"max-video-preview:-1"},"canonical":"https:\/\/www.bellunopress.it\/fr\/2023\/11\/23\/slowmachine-annulla-la-stagione-teatrale-2023-2024-belluno-miraggi\/","og_locale":"fr_FR","og_type":"article","og_title":"SlowMachine annulla la Stagione teatrale 2023\/2024 Belluno Miraggi - Bellunopress - Dolomiti","og_description":"Dopo le molte richieste da parte degli spettatori, purtroppo dobbiamo comunicare che la stagione BELLUNO MIRAGGI, che ha portato a Belluno e nel Veneto importanti artisti e prime regionali di livello nazionale e internazionale, non avr\u00e0 la sua IX edizione. Belluno avr\u00e0 un inverno un po\u2019 pi\u00f9 buio quest\u2019anno, il primo dal 2014 senza Miraggi. [&hellip;]","og_url":"https:\/\/www.bellunopress.it\/fr\/2023\/11\/23\/slowmachine-annulla-la-stagione-teatrale-2023-2024-belluno-miraggi\/","og_site_name":"Bellunopress - Dolomiti","article_publisher":"https:\/\/www.facebook.com\/profile.php?id=100008943462799","article_published_time":"2023-11-23T16:59:21+00:00","og_image":[{"width":800,"height":533,"url":"https:\/\/www.bellunopress.it\/wp-content\/uploads\/2020\/11\/Rajeev-Badhan-e-Elena-Strada_edited.jpg","type":"image\/jpeg"}],"author":"redazione","twitter_card":"summary_large_image","twitter_creator":"@bellunopress","twitter_site":"@bellunopress","twitter_misc":{"Written by":"redazione","Est. reading time":"7 minutes"},"schema":{"@context":"https:\/\/schema.org","@graph":[{"@type":"Article","@id":"https:\/\/www.bellunopress.it\/2023\/11\/23\/slowmachine-annulla-la-stagione-teatrale-2023-2024-belluno-miraggi\/#article","isPartOf":{"@id":"https:\/\/www.bellunopress.it\/2023\/11\/23\/slowmachine-annulla-la-stagione-teatrale-2023-2024-belluno-miraggi\/"},"author":{"name":"redazione","@id":"https:\/\/www.bellunopress.it\/#\/schema\/person\/79bb06722b37ece1c03d3e94beb30d73"},"headline":"SlowMachine annulla la Stagione teatrale 2023\/2024 Belluno Miraggi","datePublished":"2023-11-23T16:59:21+00:00","mainEntityOfPage":{"@id":"https:\/\/www.bellunopress.it\/2023\/11\/23\/slowmachine-annulla-la-stagione-teatrale-2023-2024-belluno-miraggi\/"},"wordCount":1441,"publisher":{"@id":"https:\/\/www.bellunopress.it\/#organization"},"image":{"@id":"https:\/\/www.bellunopress.it\/2023\/11\/23\/slowmachine-annulla-la-stagione-teatrale-2023-2024-belluno-miraggi\/#primaryimage"},"thumbnailUrl":"https:\/\/www.bellunopress.it\/wp-content\/uploads\/2020\/11\/Rajeev-Badhan-e-Elena-Strada_edited.jpg","articleSection":["Arte, Cultura, Spettacoli, Scienza","Lettere Opinioni","Prima Pagina"],"inLanguage":"fr-FR"},{"@type":"WebPage","@id":"https:\/\/www.bellunopress.it\/2023\/11\/23\/slowmachine-annulla-la-stagione-teatrale-2023-2024-belluno-miraggi\/","url":"https:\/\/www.bellunopress.it\/2023\/11\/23\/slowmachine-annulla-la-stagione-teatrale-2023-2024-belluno-miraggi\/","name":"SlowMachine annulla la Stagione teatrale 2023\/2024 Belluno Miraggi - Bellunopress - Dolomiti","isPartOf":{"@id":"https:\/\/www.bellunopress.it\/#website"},"primaryImageOfPage":{"@id":"https:\/\/www.bellunopress.it\/2023\/11\/23\/slowmachine-annulla-la-stagione-teatrale-2023-2024-belluno-miraggi\/#primaryimage"},"image":{"@id":"https:\/\/www.bellunopress.it\/2023\/11\/23\/slowmachine-annulla-la-stagione-teatrale-2023-2024-belluno-miraggi\/#primaryimage"},"thumbnailUrl":"https:\/\/www.bellunopress.it\/wp-content\/uploads\/2020\/11\/Rajeev-Badhan-e-Elena-Strada_edited.jpg","datePublished":"2023-11-23T16:59:21+00:00","breadcrumb":{"@id":"https:\/\/www.bellunopress.it\/2023\/11\/23\/slowmachine-annulla-la-stagione-teatrale-2023-2024-belluno-miraggi\/#breadcrumb"},"inLanguage":"fr-FR","potentialAction":[{"@type":"ReadAction","target":["https:\/\/www.bellunopress.it\/2023\/11\/23\/slowmachine-annulla-la-stagione-teatrale-2023-2024-belluno-miraggi\/"]}]},{"@type":"ImageObject","inLanguage":"fr-FR","@id":"https:\/\/www.bellunopress.it\/2023\/11\/23\/slowmachine-annulla-la-stagione-teatrale-2023-2024-belluno-miraggi\/#primaryimage","url":"https:\/\/www.bellunopress.it\/wp-content\/uploads\/2020\/11\/Rajeev-Badhan-e-Elena-Strada_edited.jpg","contentUrl":"https:\/\/www.bellunopress.it\/wp-content\/uploads\/2020\/11\/Rajeev-Badhan-e-Elena-Strada_edited.jpg","width":800,"height":533,"caption":"Elena Strada e Rajeev Badhan"},{"@type":"BreadcrumbList","@id":"https:\/\/www.bellunopress.it\/2023\/11\/23\/slowmachine-annulla-la-stagione-teatrale-2023-2024-belluno-miraggi\/#breadcrumb","itemListElement":[{"@type":"ListItem","position":1,"name":"Home","item":"https:\/\/www.bellunopress.it\/"},{"@type":"ListItem","position":2,"name":"SlowMachine annulla la Stagione teatrale 2023\/2024 Belluno Miraggi"}]},{"@type":"WebSite","@id":"https:\/\/www.bellunopress.it\/#website","url":"https:\/\/www.bellunopress.it\/","name":"Bellunopress - Dolomiti","description":"e-mail: redazione@bellunopress.it","publisher":{"@id":"https:\/\/www.bellunopress.it\/#organization"},"potentialAction":[{"@type":"SearchAction","target":{"@type":"EntryPoint","urlTemplate":"https:\/\/www.bellunopress.it\/?s={search_term_string}"},"query-input":{"@type":"PropertyValueSpecification","valueRequired":true,"valueName":"search_term_string"}}],"inLanguage":"fr-FR"},{"@type":"Organization","@id":"https:\/\/www.bellunopress.it\/#organization","name":"Bellunopress","url":"https:\/\/www.bellunopress.it\/","logo":{"@type":"ImageObject","inLanguage":"fr-FR","@id":"https:\/\/www.bellunopress.it\/#\/schema\/logo\/image\/","url":"https:\/\/www.bellunopress.it\/wp-content\/uploads\/2011\/05\/cropped-logo-bellunopress-.jpg","contentUrl":"https:\/\/www.bellunopress.it\/wp-content\/uploads\/2011\/05\/cropped-logo-bellunopress-.jpg","width":512,"height":512,"caption":"Bellunopress"},"image":{"@id":"https:\/\/www.bellunopress.it\/#\/schema\/logo\/image\/"},"sameAs":["https:\/\/www.facebook.com\/profile.php?id=100008943462799","https:\/\/x.com\/bellunopress","https:\/\/www.linkedin.com\/hp\/?dnr=JBzUWaJfMUw8vbXJJ2tVW5-I3jZKvC4wsoxE&amp;amp;amp;amp;amp;amp;trk=nav_responsive_tab_home","https:\/\/www.youtube.com\/channel\/UCxL0wu1uN0_3_7hGG0306cw"]},{"@type":"Person","@id":"https:\/\/www.bellunopress.it\/#\/schema\/person\/79bb06722b37ece1c03d3e94beb30d73","name":"r\u00e9daction","image":{"@type":"ImageObject","inLanguage":"fr-FR","@id":"https:\/\/secure.gravatar.com\/avatar\/37d968a2e67a6fd04c169c4bdef102d0bc5d31b2546345219e348575eb80e9a0?s=96&d=mm&r=g","url":"https:\/\/secure.gravatar.com\/avatar\/37d968a2e67a6fd04c169c4bdef102d0bc5d31b2546345219e348575eb80e9a0?s=96&d=mm&r=g","contentUrl":"https:\/\/secure.gravatar.com\/avatar\/37d968a2e67a6fd04c169c4bdef102d0bc5d31b2546345219e348575eb80e9a0?s=96&d=mm&r=g","caption":"redazione"},"sameAs":["http:\/\/www.bellunopress.it","https:\/\/x.com\/bellunopress"],"url":"https:\/\/www.bellunopress.it\/fr\/author\/redazione\/"}]}},"_links":{"self":[{"href":"https:\/\/www.bellunopress.it\/fr\/wp-json\/wp\/v2\/posts\/146136","targetHints":{"allow":["GET"]}}],"collection":[{"href":"https:\/\/www.bellunopress.it\/fr\/wp-json\/wp\/v2\/posts"}],"about":[{"href":"https:\/\/www.bellunopress.it\/fr\/wp-json\/wp\/v2\/types\/post"}],"author":[{"embeddable":true,"href":"https:\/\/www.bellunopress.it\/fr\/wp-json\/wp\/v2\/users\/2"}],"replies":[{"embeddable":true,"href":"https:\/\/www.bellunopress.it\/fr\/wp-json\/wp\/v2\/comments?post=146136"}],"version-history":[{"count":1,"href":"https:\/\/www.bellunopress.it\/fr\/wp-json\/wp\/v2\/posts\/146136\/revisions"}],"predecessor-version":[{"id":146137,"href":"https:\/\/www.bellunopress.it\/fr\/wp-json\/wp\/v2\/posts\/146136\/revisions\/146137"}],"wp:featuredmedia":[{"embeddable":true,"href":"https:\/\/www.bellunopress.it\/fr\/wp-json\/wp\/v2\/media\/119366"}],"wp:attachment":[{"href":"https:\/\/www.bellunopress.it\/fr\/wp-json\/wp\/v2\/media?parent=146136"}],"wp:term":[{"taxonomy":"category","embeddable":true,"href":"https:\/\/www.bellunopress.it\/fr\/wp-json\/wp\/v2\/categories?post=146136"},{"taxonomy":"post_tag","embeddable":true,"href":"https:\/\/www.bellunopress.it\/fr\/wp-json\/wp\/v2\/tags?post=146136"}],"curies":[{"name":"wp","href":"https:\/\/api.w.org\/{rel}","templated":true}]}}