{"id":146134,"date":"2023-11-23T10:33:37","date_gmt":"2023-11-23T09:33:37","guid":{"rendered":"https:\/\/www.bellunopress.it\/?p=146134"},"modified":"2023-11-23T10:33:37","modified_gmt":"2023-11-23T09:33:37","slug":"taglio-di-58-corse-di-dolomitibus-interrogazione-di-jacopo-massaro","status":"publish","type":"post","link":"https:\/\/www.bellunopress.it\/fr\/2023\/11\/23\/taglio-di-58-corse-di-dolomitibus-interrogazione-di-jacopo-massaro\/","title":{"rendered":"Taglio di 58 corse di Dolomitibus. Interrogazione di Jacopo Massaro"},"content":{"rendered":"<figure id=\"attachment_117913\" aria-describedby=\"caption-attachment-117913\" style=\"width: 800px\" class=\"wp-caption alignleft\"><img loading=\"lazy\" decoding=\"async\" class=\"size-full wp-image-117913\" src=\"https:\/\/www.bellunopress.it\/wp-content\/uploads\/2020\/09\/Jacopo-Massaro_edited.jpg\" alt=\"\" width=\"800\" height=\"575\" srcset=\"https:\/\/www.bellunopress.it\/wp-content\/uploads\/2020\/09\/Jacopo-Massaro_edited.jpg 800w, https:\/\/www.bellunopress.it\/wp-content\/uploads\/2020\/09\/Jacopo-Massaro_edited-500x359.jpg 500w, https:\/\/www.bellunopress.it\/wp-content\/uploads\/2020\/09\/Jacopo-Massaro_edited-696x500.jpg 696w, https:\/\/www.bellunopress.it\/wp-content\/uploads\/2020\/09\/Jacopo-Massaro_edited-584x420.jpg 584w\" sizes=\"auto, (max-width: 800px) 100vw, 800px\" \/><figcaption id=\"caption-attachment-117913\" class=\"wp-caption-text\">Jacopo Massaro &#8211; gi\u00e0 sindaco di Belluno<\/figcaption><\/figure>\n<p>Se in campagna elettorale aveva sottolineato l\u2019importanza del collegamento con le<br \/>\nfrazioni, perch\u00e9 l\u2019Amministrazione ha approvato il taglio, per sempre, di 58 corse di Dolomitibus, quasi tutte riguardanti la Citt\u00e0 di Belluno?<\/p>\n<p>Lo chiede il consigliere di opposizione ed ex Primo cittadino di Belluno Jacopo Massaro in una interrogazione presentata ieri al sindaco.<\/p>\n<p>Premesso che &#8211; scrive Massaro &#8211; :<br \/>\n\u25cf nel programma elettorale del Sindaco Oscar De Pellegrin, alla voce \u201cUrbanistica, Viabilit\u00e0 e Trasporti\u201d si leggeva: \u201cla rete del trasporto pubblico locale va ripensata per rispondere alle esigenze attuali. La mobilit\u00e0 interna e quella di collegamento con i comuni limitrofi rivestono un ruolo strategico. Esse non possono pi\u00f9 essere oggetto di interventi scollegati ed estemporanei, con ripercussioni incerte sul resto del sistema. \u00c8 invece necessario<br \/>\nrealizzare un\u2019azione coordinata, capace di ridisegnare la mobilit\u00e0 urbana in modo efficace e<br \/>\nnel rispetto del territorio. Per questa ragione realizzeremo da subito uno studio accurato,<br \/>\nbasato su rilevazioni statistiche dettagliate, finalizzate a inquadrare lo stato di fatto.<br \/>\nPartendo dai dati raccolti potremo procedere alla simulazione di differenti scenari di<br \/>\nintervento, con l\u2019analisi delle nuove distribuzioni dei flussi, per giungere a soluzioni che<br \/>\ndovranno essere individuate anche attraverso l\u2019ascolto e il confronto con le persone che<br \/>\nabitano nei territori interessati\u201d;<br \/>\n\u25cf allo scrivente non risulta per\u00f2 che il Comune abbia prodotto n\u00e9 lo studio complessivo<br \/>\npromesso, n\u00e9 i momenti di \u201cconfronto che abitano nei territori\u201d;<br \/>\n\u25cf ci\u00f2 nonostante, dieci giorni fa sono state tagliate, per sempre, 22 corse urbane nella sola<br \/>\nCitt\u00e0 di Belluno e 38 corse extraurbane, quasi tutte interessanti anche la Citt\u00e0 di Belluno;<br \/>\n\u25cf i disservizi conseguenti sono numerosi, e solo a scopo di esempio \u00e8 opportuno ricordare:<br \/>\no che dopo che per anni la frazione di Levego era rimasta senza corse urbane,<br \/>\nfaticosamente alcuni anni fa si era riusciti ad inserire il ripristino del collegamento<br \/>\nper non tagliare fuori la frazione; tuttavia con i tagli appena approvati viene<br \/>\ncancellata la corsa Belluno-Sagrogna cosicch\u00e9 adesso gli unici collegamenti di fatto<br \/>\nsono alle 13.15 (andata) e alle 16.53 (ritorno) con buona pace di tutti, ed in<br \/>\nparticolare di studenti e lavoratori;<br \/>\no le cose non vanno meglio nelle altre frazioni: ad esempio non si pu\u00f2 pi\u00f9<br \/>\nandare\/venire a\/da Cirvoi tra le 13.15 e le 15.15, non si pu\u00f2 pi\u00f9 rientrare la sera<br \/>\n(cancellata la corsa delle 19.50), ai residenti di Madeago \u00e8 imposto l\u2019aperitivo a<br \/>\ncasa (ora si pu\u00f2 tornare al massimo alle 18.45), gli studenti invece devono<br \/>\ndiventare pi\u00f9 atletici, perch\u00e9 se non riescono a prendere la linea celeste delle 13.15<br \/>\nnon possono pi\u00f9 contare su quella delle 14.30;<br \/>\n\u25cf Inoltre, ci sono stati altri interventi del Comune di Belluno in tema di mobilit\u00e0 attraverso<br \/>\nautobus:<br \/>\n&#8211;\u00a0 alla fiera di San Martino, quest\u2019anno il comune non ha messo a disposizione le<br \/>\nnavette;<br \/>\n&#8211;\u00a0 per la prima volta in tanti anni, il Comune ha soppresso la linea N &#8211; Nera &#8211; per il<br \/>\nNevegal;<br \/>\n&#8211;\u00a0 dopo anni di autobus domenicale, faticosamente voluto e finanziato dal Comune per<br \/>\nconsentire a turisti, anziani e ragazzi di potersi spostare, adesso in Citt\u00e0 ci si deve<br \/>\narrangiare a spostarsi;<\/p>\n<p>Ricordato che:<br \/>\n\u25cf il Comune di Belluno \u00e8 il secondo principale \u201cazionista\u201d dell\u2019ente di Governo per il trasporto<br \/>\npubblico locale che deve approvare il piano del trasporto pubblico locale e le rispettive<br \/>\ncorse;<\/p>\n<p>CHIEDE all\u2019amministrazione comunale<br \/>\n\u25cf quando si \u00e8 svolta l\u2019assemblea ente di Governo per il trasporto pubblico locale che ha<br \/>\ntagliato strutturalmente le suddette corse;<br \/>\n\u25cf quale sia il voto espresso dal Comune di Belluno in tale assemblea;<br \/>\n\u25cf perch\u00e9 il Comune non abbia realizzato il promesso studio complessivo della mobilit\u00e0;<br \/>\n\u25cf perch\u00e9 il Comune abbia tagliato le corse delle frazioni e della citt\u00e0 senza confrontarsi &#8211;<br \/>\ncome invece promesso nel programma elettorale &#8211; con gli abitanti che avrebbero subito i<br \/>\ndisservizi dovuti ai tagli;<\/p>","protected":false},"excerpt":{"rendered":"<p>Se in campagna elettorale aveva sottolineato l\u2019importanza del collegamento con le frazioni, perch\u00e9 l\u2019Amministrazione ha approvato il taglio, per sempre, di 58 corse di Dolomitibus, quasi tutte riguardanti la Citt\u00e0 di Belluno? Lo chiede il consigliere di opposizione ed ex Primo cittadino di Belluno Jacopo Massaro in una interrogazione presentata ieri al sindaco. Premesso che [&hellip;]<\/p>\n","protected":false},"author":2,"featured_media":117913,"comment_status":"closed","ping_status":"open","sticky":false,"template":"","format":"standard","meta":{"footnotes":""},"categories":[5,26],"tags":[],"class_list":["post-146134","post","type-post","status-publish","format-standard","has-post-thumbnail","category-cronaca","category-prima-pagina"],"yoast_head":"<!-- This site is optimized with the Yoast SEO plugin v28.4 - https:\/\/yoast.com\/product\/yoast-seo-wordpress\/ -->\n<title>Taglio di 58 corse di Dolomitibus. Interrogazione di Jacopo Massaro - Bellunopress - Dolomiti<\/title>\n<meta name=\"robots\" content=\"index, follow, max-snippet:-1, max-image-preview:large, max-video-preview:-1\" \/>\n<link rel=\"canonical\" href=\"https:\/\/www.bellunopress.it\/fr\/2023\/11\/23\/taglio-di-58-corse-di-dolomitibus-interrogazione-di-jacopo-massaro\/\" \/>\n<meta property=\"og:locale\" content=\"fr_FR\" \/>\n<meta property=\"og:type\" content=\"article\" \/>\n<meta property=\"og:title\" content=\"Taglio di 58 corse di Dolomitibus. Interrogazione di Jacopo Massaro - Bellunopress - Dolomiti\" \/>\n<meta property=\"og:description\" content=\"Se in campagna elettorale aveva sottolineato l\u2019importanza del collegamento con le frazioni, perch\u00e9 l\u2019Amministrazione ha approvato il taglio, per sempre, di 58 corse di Dolomitibus, quasi tutte riguardanti la Citt\u00e0 di Belluno? Lo chiede il consigliere di opposizione ed ex Primo cittadino di Belluno Jacopo Massaro in una interrogazione presentata ieri al sindaco. Premesso che [&hellip;]\" \/>\n<meta property=\"og:url\" content=\"https:\/\/www.bellunopress.it\/fr\/2023\/11\/23\/taglio-di-58-corse-di-dolomitibus-interrogazione-di-jacopo-massaro\/\" \/>\n<meta property=\"og:site_name\" content=\"Bellunopress - Dolomiti\" \/>\n<meta property=\"article:publisher\" content=\"https:\/\/www.facebook.com\/profile.php?id=100008943462799\" \/>\n<meta property=\"article:published_time\" content=\"2023-11-23T09:33:37+00:00\" \/>\n<meta property=\"og:image\" content=\"https:\/\/www.bellunopress.it\/wp-content\/uploads\/2020\/09\/Jacopo-Massaro_edited.jpg\" \/>\n\t<meta property=\"og:image:width\" content=\"800\" \/>\n\t<meta property=\"og:image:height\" content=\"575\" \/>\n\t<meta property=\"og:image:type\" content=\"image\/jpeg\" \/>\n<meta name=\"author\" content=\"redazione\" \/>\n<meta name=\"twitter:card\" content=\"summary_large_image\" \/>\n<meta name=\"twitter:creator\" content=\"@bellunopress\" \/>\n<meta name=\"twitter:site\" content=\"@bellunopress\" \/>\n<meta name=\"twitter:label1\" content=\"Written by\" \/>\n\t<meta name=\"twitter:data1\" content=\"redazione\" \/>\n\t<meta name=\"twitter:label2\" content=\"Est. reading time\" \/>\n\t<meta name=\"twitter:data2\" content=\"3 minutes\" \/>\n<script type=\"application\/ld+json\" class=\"yoast-schema-graph\">{\"@context\":\"https:\\\/\\\/schema.org\",\"@graph\":[{\"@type\":\"Article\",\"@id\":\"https:\\\/\\\/www.bellunopress.it\\\/2023\\\/11\\\/23\\\/taglio-di-58-corse-di-dolomitibus-interrogazione-di-jacopo-massaro\\\/#article\",\"isPartOf\":{\"@id\":\"https:\\\/\\\/www.bellunopress.it\\\/2023\\\/11\\\/23\\\/taglio-di-58-corse-di-dolomitibus-interrogazione-di-jacopo-massaro\\\/\"},\"author\":{\"name\":\"redazione\",\"@id\":\"https:\\\/\\\/www.bellunopress.it\\\/#\\\/schema\\\/person\\\/79bb06722b37ece1c03d3e94beb30d73\"},\"headline\":\"Taglio di 58 corse di Dolomitibus. Interrogazione di Jacopo Massaro\",\"datePublished\":\"2023-11-23T09:33:37+00:00\",\"mainEntityOfPage\":{\"@id\":\"https:\\\/\\\/www.bellunopress.it\\\/2023\\\/11\\\/23\\\/taglio-di-58-corse-di-dolomitibus-interrogazione-di-jacopo-massaro\\\/\"},\"wordCount\":638,\"publisher\":{\"@id\":\"https:\\\/\\\/www.bellunopress.it\\\/#organization\"},\"image\":{\"@id\":\"https:\\\/\\\/www.bellunopress.it\\\/2023\\\/11\\\/23\\\/taglio-di-58-corse-di-dolomitibus-interrogazione-di-jacopo-massaro\\\/#primaryimage\"},\"thumbnailUrl\":\"https:\\\/\\\/www.bellunopress.it\\\/wp-content\\\/uploads\\\/2020\\\/09\\\/Jacopo-Massaro_edited.jpg\",\"articleSection\":[\"Cronaca\\\/Politica\",\"Prima Pagina\"],\"inLanguage\":\"fr-FR\"},{\"@type\":\"WebPage\",\"@id\":\"https:\\\/\\\/www.bellunopress.it\\\/2023\\\/11\\\/23\\\/taglio-di-58-corse-di-dolomitibus-interrogazione-di-jacopo-massaro\\\/\",\"url\":\"https:\\\/\\\/www.bellunopress.it\\\/2023\\\/11\\\/23\\\/taglio-di-58-corse-di-dolomitibus-interrogazione-di-jacopo-massaro\\\/\",\"name\":\"Taglio di 58 corse di Dolomitibus. Interrogazione di Jacopo Massaro - Bellunopress - Dolomiti\",\"isPartOf\":{\"@id\":\"https:\\\/\\\/www.bellunopress.it\\\/#website\"},\"primaryImageOfPage\":{\"@id\":\"https:\\\/\\\/www.bellunopress.it\\\/2023\\\/11\\\/23\\\/taglio-di-58-corse-di-dolomitibus-interrogazione-di-jacopo-massaro\\\/#primaryimage\"},\"image\":{\"@id\":\"https:\\\/\\\/www.bellunopress.it\\\/2023\\\/11\\\/23\\\/taglio-di-58-corse-di-dolomitibus-interrogazione-di-jacopo-massaro\\\/#primaryimage\"},\"thumbnailUrl\":\"https:\\\/\\\/www.bellunopress.it\\\/wp-content\\\/uploads\\\/2020\\\/09\\\/Jacopo-Massaro_edited.jpg\",\"datePublished\":\"2023-11-23T09:33:37+00:00\",\"breadcrumb\":{\"@id\":\"https:\\\/\\\/www.bellunopress.it\\\/2023\\\/11\\\/23\\\/taglio-di-58-corse-di-dolomitibus-interrogazione-di-jacopo-massaro\\\/#breadcrumb\"},\"inLanguage\":\"fr-FR\",\"potentialAction\":[{\"@type\":\"ReadAction\",\"target\":[\"https:\\\/\\\/www.bellunopress.it\\\/2023\\\/11\\\/23\\\/taglio-di-58-corse-di-dolomitibus-interrogazione-di-jacopo-massaro\\\/\"]}]},{\"@type\":\"ImageObject\",\"inLanguage\":\"fr-FR\",\"@id\":\"https:\\\/\\\/www.bellunopress.it\\\/2023\\\/11\\\/23\\\/taglio-di-58-corse-di-dolomitibus-interrogazione-di-jacopo-massaro\\\/#primaryimage\",\"url\":\"https:\\\/\\\/www.bellunopress.it\\\/wp-content\\\/uploads\\\/2020\\\/09\\\/Jacopo-Massaro_edited.jpg\",\"contentUrl\":\"https:\\\/\\\/www.bellunopress.it\\\/wp-content\\\/uploads\\\/2020\\\/09\\\/Jacopo-Massaro_edited.jpg\",\"width\":800,\"height\":575,\"caption\":\"Jacopo Massaro - gi\u00e0 sindaco di Belluno\"},{\"@type\":\"BreadcrumbList\",\"@id\":\"https:\\\/\\\/www.bellunopress.it\\\/2023\\\/11\\\/23\\\/taglio-di-58-corse-di-dolomitibus-interrogazione-di-jacopo-massaro\\\/#breadcrumb\",\"itemListElement\":[{\"@type\":\"ListItem\",\"position\":1,\"name\":\"Home\",\"item\":\"https:\\\/\\\/www.bellunopress.it\\\/\"},{\"@type\":\"ListItem\",\"position\":2,\"name\":\"Taglio di 58 corse di Dolomitibus. Interrogazione di Jacopo Massaro\"}]},{\"@type\":\"WebSite\",\"@id\":\"https:\\\/\\\/www.bellunopress.it\\\/#website\",\"url\":\"https:\\\/\\\/www.bellunopress.it\\\/\",\"name\":\"Bellunopress - Dolomiti\",\"description\":\"e-mail: redazione@bellunopress.it\",\"publisher\":{\"@id\":\"https:\\\/\\\/www.bellunopress.it\\\/#organization\"},\"potentialAction\":[{\"@type\":\"SearchAction\",\"target\":{\"@type\":\"EntryPoint\",\"urlTemplate\":\"https:\\\/\\\/www.bellunopress.it\\\/?s={search_term_string}\"},\"query-input\":{\"@type\":\"PropertyValueSpecification\",\"valueRequired\":true,\"valueName\":\"search_term_string\"}}],\"inLanguage\":\"fr-FR\"},{\"@type\":\"Organization\",\"@id\":\"https:\\\/\\\/www.bellunopress.it\\\/#organization\",\"name\":\"Bellunopress\",\"url\":\"https:\\\/\\\/www.bellunopress.it\\\/\",\"logo\":{\"@type\":\"ImageObject\",\"inLanguage\":\"fr-FR\",\"@id\":\"https:\\\/\\\/www.bellunopress.it\\\/#\\\/schema\\\/logo\\\/image\\\/\",\"url\":\"https:\\\/\\\/www.bellunopress.it\\\/wp-content\\\/uploads\\\/2011\\\/05\\\/cropped-logo-bellunopress-.jpg\",\"contentUrl\":\"https:\\\/\\\/www.bellunopress.it\\\/wp-content\\\/uploads\\\/2011\\\/05\\\/cropped-logo-bellunopress-.jpg\",\"width\":512,\"height\":512,\"caption\":\"Bellunopress\"},\"image\":{\"@id\":\"https:\\\/\\\/www.bellunopress.it\\\/#\\\/schema\\\/logo\\\/image\\\/\"},\"sameAs\":[\"https:\\\/\\\/www.facebook.com\\\/profile.php?id=100008943462799\",\"https:\\\/\\\/x.com\\\/bellunopress\",\"https:\\\/\\\/www.linkedin.com\\\/hp\\\/?dnr=JBzUWaJfMUw8vbXJJ2tVW5-I3jZKvC4wsoxE&amp;amp;amp;amp;amp;amp;trk=nav_responsive_tab_home\",\"https:\\\/\\\/www.youtube.com\\\/channel\\\/UCxL0wu1uN0_3_7hGG0306cw\"]},{\"@type\":\"Person\",\"@id\":\"https:\\\/\\\/www.bellunopress.it\\\/#\\\/schema\\\/person\\\/79bb06722b37ece1c03d3e94beb30d73\",\"name\":\"redazione\",\"image\":{\"@type\":\"ImageObject\",\"inLanguage\":\"fr-FR\",\"@id\":\"https:\\\/\\\/secure.gravatar.com\\\/avatar\\\/37d968a2e67a6fd04c169c4bdef102d0bc5d31b2546345219e348575eb80e9a0?s=96&d=mm&r=g\",\"url\":\"https:\\\/\\\/secure.gravatar.com\\\/avatar\\\/37d968a2e67a6fd04c169c4bdef102d0bc5d31b2546345219e348575eb80e9a0?s=96&d=mm&r=g\",\"contentUrl\":\"https:\\\/\\\/secure.gravatar.com\\\/avatar\\\/37d968a2e67a6fd04c169c4bdef102d0bc5d31b2546345219e348575eb80e9a0?s=96&d=mm&r=g\",\"caption\":\"redazione\"},\"sameAs\":[\"http:\\\/\\\/www.bellunopress.it\",\"https:\\\/\\\/x.com\\\/bellunopress\"],\"url\":\"https:\\\/\\\/www.bellunopress.it\\\/fr\\\/author\\\/redazione\\\/\"}]}<\/script>\n<!-- \/ Yoast SEO plugin. -->","yoast_head_json":{"title":"Taglio di 58 corse di Dolomitibus. Interrogazione di Jacopo Massaro - Bellunopress - Dolomiti","robots":{"index":"index","follow":"follow","max-snippet":"max-snippet:-1","max-image-preview":"max-image-preview:large","max-video-preview":"max-video-preview:-1"},"canonical":"https:\/\/www.bellunopress.it\/fr\/2023\/11\/23\/taglio-di-58-corse-di-dolomitibus-interrogazione-di-jacopo-massaro\/","og_locale":"fr_FR","og_type":"article","og_title":"Taglio di 58 corse di Dolomitibus. Interrogazione di Jacopo Massaro - Bellunopress - Dolomiti","og_description":"Se in campagna elettorale aveva sottolineato l\u2019importanza del collegamento con le frazioni, perch\u00e9 l\u2019Amministrazione ha approvato il taglio, per sempre, di 58 corse di Dolomitibus, quasi tutte riguardanti la Citt\u00e0 di Belluno? Lo chiede il consigliere di opposizione ed ex Primo cittadino di Belluno Jacopo Massaro in una interrogazione presentata ieri al sindaco. Premesso che [&hellip;]","og_url":"https:\/\/www.bellunopress.it\/fr\/2023\/11\/23\/taglio-di-58-corse-di-dolomitibus-interrogazione-di-jacopo-massaro\/","og_site_name":"Bellunopress - Dolomiti","article_publisher":"https:\/\/www.facebook.com\/profile.php?id=100008943462799","article_published_time":"2023-11-23T09:33:37+00:00","og_image":[{"width":800,"height":575,"url":"https:\/\/www.bellunopress.it\/wp-content\/uploads\/2020\/09\/Jacopo-Massaro_edited.jpg","type":"image\/jpeg"}],"author":"redazione","twitter_card":"summary_large_image","twitter_creator":"@bellunopress","twitter_site":"@bellunopress","twitter_misc":{"Written by":"redazione","Est. reading time":"3 minutes"},"schema":{"@context":"https:\/\/schema.org","@graph":[{"@type":"Article","@id":"https:\/\/www.bellunopress.it\/2023\/11\/23\/taglio-di-58-corse-di-dolomitibus-interrogazione-di-jacopo-massaro\/#article","isPartOf":{"@id":"https:\/\/www.bellunopress.it\/2023\/11\/23\/taglio-di-58-corse-di-dolomitibus-interrogazione-di-jacopo-massaro\/"},"author":{"name":"redazione","@id":"https:\/\/www.bellunopress.it\/#\/schema\/person\/79bb06722b37ece1c03d3e94beb30d73"},"headline":"Taglio di 58 corse di Dolomitibus. Interrogazione di Jacopo Massaro","datePublished":"2023-11-23T09:33:37+00:00","mainEntityOfPage":{"@id":"https:\/\/www.bellunopress.it\/2023\/11\/23\/taglio-di-58-corse-di-dolomitibus-interrogazione-di-jacopo-massaro\/"},"wordCount":638,"publisher":{"@id":"https:\/\/www.bellunopress.it\/#organization"},"image":{"@id":"https:\/\/www.bellunopress.it\/2023\/11\/23\/taglio-di-58-corse-di-dolomitibus-interrogazione-di-jacopo-massaro\/#primaryimage"},"thumbnailUrl":"https:\/\/www.bellunopress.it\/wp-content\/uploads\/2020\/09\/Jacopo-Massaro_edited.jpg","articleSection":["Cronaca\/Politica","Prima Pagina"],"inLanguage":"fr-FR"},{"@type":"WebPage","@id":"https:\/\/www.bellunopress.it\/2023\/11\/23\/taglio-di-58-corse-di-dolomitibus-interrogazione-di-jacopo-massaro\/","url":"https:\/\/www.bellunopress.it\/2023\/11\/23\/taglio-di-58-corse-di-dolomitibus-interrogazione-di-jacopo-massaro\/","name":"Taglio di 58 corse di Dolomitibus. Interrogazione di Jacopo Massaro - Bellunopress - Dolomiti","isPartOf":{"@id":"https:\/\/www.bellunopress.it\/#website"},"primaryImageOfPage":{"@id":"https:\/\/www.bellunopress.it\/2023\/11\/23\/taglio-di-58-corse-di-dolomitibus-interrogazione-di-jacopo-massaro\/#primaryimage"},"image":{"@id":"https:\/\/www.bellunopress.it\/2023\/11\/23\/taglio-di-58-corse-di-dolomitibus-interrogazione-di-jacopo-massaro\/#primaryimage"},"thumbnailUrl":"https:\/\/www.bellunopress.it\/wp-content\/uploads\/2020\/09\/Jacopo-Massaro_edited.jpg","datePublished":"2023-11-23T09:33:37+00:00","breadcrumb":{"@id":"https:\/\/www.bellunopress.it\/2023\/11\/23\/taglio-di-58-corse-di-dolomitibus-interrogazione-di-jacopo-massaro\/#breadcrumb"},"inLanguage":"fr-FR","potentialAction":[{"@type":"ReadAction","target":["https:\/\/www.bellunopress.it\/2023\/11\/23\/taglio-di-58-corse-di-dolomitibus-interrogazione-di-jacopo-massaro\/"]}]},{"@type":"ImageObject","inLanguage":"fr-FR","@id":"https:\/\/www.bellunopress.it\/2023\/11\/23\/taglio-di-58-corse-di-dolomitibus-interrogazione-di-jacopo-massaro\/#primaryimage","url":"https:\/\/www.bellunopress.it\/wp-content\/uploads\/2020\/09\/Jacopo-Massaro_edited.jpg","contentUrl":"https:\/\/www.bellunopress.it\/wp-content\/uploads\/2020\/09\/Jacopo-Massaro_edited.jpg","width":800,"height":575,"caption":"Jacopo Massaro - gi\u00e0 sindaco di Belluno"},{"@type":"BreadcrumbList","@id":"https:\/\/www.bellunopress.it\/2023\/11\/23\/taglio-di-58-corse-di-dolomitibus-interrogazione-di-jacopo-massaro\/#breadcrumb","itemListElement":[{"@type":"ListItem","position":1,"name":"Home","item":"https:\/\/www.bellunopress.it\/"},{"@type":"ListItem","position":2,"name":"Taglio di 58 corse di Dolomitibus. Interrogazione di Jacopo Massaro"}]},{"@type":"WebSite","@id":"https:\/\/www.bellunopress.it\/#website","url":"https:\/\/www.bellunopress.it\/","name":"Bellunopress - Dolomiti","description":"e-mail: redazione@bellunopress.it","publisher":{"@id":"https:\/\/www.bellunopress.it\/#organization"},"potentialAction":[{"@type":"SearchAction","target":{"@type":"EntryPoint","urlTemplate":"https:\/\/www.bellunopress.it\/?s={search_term_string}"},"query-input":{"@type":"PropertyValueSpecification","valueRequired":true,"valueName":"search_term_string"}}],"inLanguage":"fr-FR"},{"@type":"Organization","@id":"https:\/\/www.bellunopress.it\/#organization","name":"Bellunopress","url":"https:\/\/www.bellunopress.it\/","logo":{"@type":"ImageObject","inLanguage":"fr-FR","@id":"https:\/\/www.bellunopress.it\/#\/schema\/logo\/image\/","url":"https:\/\/www.bellunopress.it\/wp-content\/uploads\/2011\/05\/cropped-logo-bellunopress-.jpg","contentUrl":"https:\/\/www.bellunopress.it\/wp-content\/uploads\/2011\/05\/cropped-logo-bellunopress-.jpg","width":512,"height":512,"caption":"Bellunopress"},"image":{"@id":"https:\/\/www.bellunopress.it\/#\/schema\/logo\/image\/"},"sameAs":["https:\/\/www.facebook.com\/profile.php?id=100008943462799","https:\/\/x.com\/bellunopress","https:\/\/www.linkedin.com\/hp\/?dnr=JBzUWaJfMUw8vbXJJ2tVW5-I3jZKvC4wsoxE&amp;amp;amp;amp;amp;amp;trk=nav_responsive_tab_home","https:\/\/www.youtube.com\/channel\/UCxL0wu1uN0_3_7hGG0306cw"]},{"@type":"Person","@id":"https:\/\/www.bellunopress.it\/#\/schema\/person\/79bb06722b37ece1c03d3e94beb30d73","name":"r\u00e9daction","image":{"@type":"ImageObject","inLanguage":"fr-FR","@id":"https:\/\/secure.gravatar.com\/avatar\/37d968a2e67a6fd04c169c4bdef102d0bc5d31b2546345219e348575eb80e9a0?s=96&d=mm&r=g","url":"https:\/\/secure.gravatar.com\/avatar\/37d968a2e67a6fd04c169c4bdef102d0bc5d31b2546345219e348575eb80e9a0?s=96&d=mm&r=g","contentUrl":"https:\/\/secure.gravatar.com\/avatar\/37d968a2e67a6fd04c169c4bdef102d0bc5d31b2546345219e348575eb80e9a0?s=96&d=mm&r=g","caption":"redazione"},"sameAs":["http:\/\/www.bellunopress.it","https:\/\/x.com\/bellunopress"],"url":"https:\/\/www.bellunopress.it\/fr\/author\/redazione\/"}]}},"_links":{"self":[{"href":"https:\/\/www.bellunopress.it\/fr\/wp-json\/wp\/v2\/posts\/146134","targetHints":{"allow":["GET"]}}],"collection":[{"href":"https:\/\/www.bellunopress.it\/fr\/wp-json\/wp\/v2\/posts"}],"about":[{"href":"https:\/\/www.bellunopress.it\/fr\/wp-json\/wp\/v2\/types\/post"}],"author":[{"embeddable":true,"href":"https:\/\/www.bellunopress.it\/fr\/wp-json\/wp\/v2\/users\/2"}],"replies":[{"embeddable":true,"href":"https:\/\/www.bellunopress.it\/fr\/wp-json\/wp\/v2\/comments?post=146134"}],"version-history":[{"count":1,"href":"https:\/\/www.bellunopress.it\/fr\/wp-json\/wp\/v2\/posts\/146134\/revisions"}],"predecessor-version":[{"id":146135,"href":"https:\/\/www.bellunopress.it\/fr\/wp-json\/wp\/v2\/posts\/146134\/revisions\/146135"}],"wp:featuredmedia":[{"embeddable":true,"href":"https:\/\/www.bellunopress.it\/fr\/wp-json\/wp\/v2\/media\/117913"}],"wp:attachment":[{"href":"https:\/\/www.bellunopress.it\/fr\/wp-json\/wp\/v2\/media?parent=146134"}],"wp:term":[{"taxonomy":"category","embeddable":true,"href":"https:\/\/www.bellunopress.it\/fr\/wp-json\/wp\/v2\/categories?post=146134"},{"taxonomy":"post_tag","embeddable":true,"href":"https:\/\/www.bellunopress.it\/fr\/wp-json\/wp\/v2\/tags?post=146134"}],"curies":[{"name":"wp","href":"https:\/\/api.w.org\/{rel}","templated":true}]}}