{"id":146130,"date":"2023-11-23T08:49:05","date_gmt":"2023-11-23T07:49:05","guid":{"rendered":"https:\/\/www.bellunopress.it\/?p=146130"},"modified":"2023-11-23T07:55:08","modified_gmt":"2023-11-23T06:55:08","slug":"archeologia-a-borgo-valbelluna-laboratori-e-archeotrekking","status":"publish","type":"post","link":"https:\/\/www.bellunopress.it\/fr\/2023\/11\/23\/archeologia-a-borgo-valbelluna-laboratori-e-archeotrekking\/","title":{"rendered":"Archeologia a Borgo Valbelluna: laboratori e archeotrekking"},"content":{"rendered":"<p>Proseguono gli appuntamenti di &#8220;Archeologia a Borgo Valbelluna&#8221;, il ciclo di iniziative promosso dal Museo Civico Archeologico di Mel e dall&#8217;Amministrazione comunale di Borgo Valbelluna volte alla conoscenza, divulgazione e promozione del ricco patrimonio archeologico Bellunese.<\/p>\n<figure id=\"attachment_33844\" aria-describedby=\"caption-attachment-33844\" style=\"width: 131px\" class=\"wp-caption alignleft\"><img loading=\"lazy\" decoding=\"async\" class=\"size-full wp-image-33844\" src=\"https:\/\/www.bellunopress.it\/wp-content\/uploads\/2012\/01\/eugenio-padovan.jpg\" alt=\"\" width=\"131\" height=\"144\" \/><figcaption id=\"caption-attachment-33844\" class=\"wp-caption-text\">Eugenio Padovan<\/figcaption><\/figure>\n<p>Il progetto \u00e8 dedicato alla figura di Eugenio Padovan, recentemente scomparso. Giornalista, per anni assistente tecnico della Soprintendenza Archeologica del Veneto, ma soprattutto appassionato e cultore locale, a lui si devono numerose segnalazioni archeologiche frutto della sua presenza attenta e determinata sul territorio.<\/p>\n<p>Si parte con un laboratorio per adulti a cura della ceramista Paola Nard, articolato in due appuntamenti serali, mercoled\u00ec 22 e venerd\u00ec 24 novembre. Si unir\u00e0 la visita del Museo all&#8217;arte della ceramica, per realizzare con la tecnica a colombino una ciotolina ispirata ai manufatti dei Veneti Antichi.<\/p>\n<p>Venerd\u00ec 24 pomeriggio dalle ore 16.00 alle 17.30, spazio invece alla creativit\u00e0 dei bambini, con un attivit\u00e0 di sbalzo su rame. Scopriremo quest&#8217;antica tecnica di lavorazione usata nell&#8217;et\u00e0 del Ferro per la realizzazione di monili, gioielli e soprattutto per le raffigurazioni dell&#8217;arte delle situle. Attivit\u00e0 dedicata ai bambini dai 7 ai 10 anni.<\/p>\n<p>Sabato 25 novembre la seconda uscita sul territorio. L&#8217;appuntamento \u00e8 alle ore 9.00 alla casetta dello sci club di Lentiai sul monte Artent. Accompagnati dalla guida ambientale naturalistica Ester Andrich e dall&#8217;archeologa Chiara De Biasio ripercorreremo la dolce dorsale che conduce al monte Garda sulle tracce lasciate dai gruppi di cacciatori-raccoglitori preistorici.<\/p>\n<p>Durata indicativa: 2 ore, si consiglia abbigliamento adeguato. In caso di maltempo l&#8217;uscita verr\u00e0 spostata a data da destinarsi.<\/p>\n<p>Tutti gli appuntamenti sono su prenotazione. Per iscrizioni, informazioni e per i costi dei laboratori: info@museomel.it<\/p>\n<p>&nbsp;<\/p>","protected":false},"excerpt":{"rendered":"<p>Proseguono gli appuntamenti di &#8220;Archeologia a Borgo Valbelluna&#8221;, il ciclo di iniziative promosso dal Museo Civico Archeologico di Mel e dall&#8217;Amministrazione comunale di Borgo Valbelluna volte alla conoscenza, divulgazione e promozione del ricco patrimonio archeologico Bellunese. Il progetto \u00e8 dedicato alla figura di Eugenio Padovan, recentemente scomparso. Giornalista, per anni assistente tecnico della Soprintendenza Archeologica [&hellip;]<\/p>\n","protected":false},"author":2,"featured_media":107794,"comment_status":"closed","ping_status":"open","sticky":false,"template":"","format":"standard","meta":{"footnotes":""},"categories":[25,8],"tags":[],"class_list":["post-146130","post","type-post","status-publish","format-standard","has-post-thumbnail","category-pausa-caffe","category-societa-istituzioni"],"yoast_head":"<!-- This site is optimized with the Yoast SEO plugin v28.4 - https:\/\/yoast.com\/product\/yoast-seo-wordpress\/ -->\n<title>Archeologia a Borgo Valbelluna: laboratori e archeotrekking - Bellunopress - Dolomiti<\/title>\n<meta name=\"robots\" content=\"index, follow, max-snippet:-1, max-image-preview:large, max-video-preview:-1\" \/>\n<link rel=\"canonical\" href=\"https:\/\/www.bellunopress.it\/fr\/2023\/11\/23\/archeologia-a-borgo-valbelluna-laboratori-e-archeotrekking\/\" \/>\n<meta property=\"og:locale\" content=\"fr_FR\" \/>\n<meta property=\"og:type\" content=\"article\" \/>\n<meta property=\"og:title\" content=\"Archeologia a Borgo Valbelluna: laboratori e archeotrekking - Bellunopress - Dolomiti\" \/>\n<meta property=\"og:description\" content=\"Proseguono gli appuntamenti di &#8220;Archeologia a Borgo Valbelluna&#8221;, il ciclo di iniziative promosso dal Museo Civico Archeologico di Mel e dall&#8217;Amministrazione comunale di Borgo Valbelluna volte alla conoscenza, divulgazione e promozione del ricco patrimonio archeologico Bellunese. Il progetto \u00e8 dedicato alla figura di Eugenio Padovan, recentemente scomparso. Giornalista, per anni assistente tecnico della Soprintendenza Archeologica [&hellip;]\" \/>\n<meta property=\"og:url\" content=\"https:\/\/www.bellunopress.it\/fr\/2023\/11\/23\/archeologia-a-borgo-valbelluna-laboratori-e-archeotrekking\/\" \/>\n<meta property=\"og:site_name\" content=\"Bellunopress - Dolomiti\" \/>\n<meta property=\"article:publisher\" content=\"https:\/\/www.facebook.com\/profile.php?id=100008943462799\" \/>\n<meta property=\"article:published_time\" content=\"2023-11-23T07:49:05+00:00\" \/>\n<meta property=\"og:image\" content=\"https:\/\/www.bellunopress.it\/wp-content\/uploads\/2019\/09\/municipio-borgo-valbelluna-mel.jpg\" \/>\n\t<meta property=\"og:image:width\" content=\"300\" \/>\n\t<meta property=\"og:image:height\" content=\"225\" \/>\n\t<meta property=\"og:image:type\" content=\"image\/jpeg\" \/>\n<meta name=\"author\" content=\"redazione\" \/>\n<meta name=\"twitter:card\" content=\"summary_large_image\" \/>\n<meta name=\"twitter:creator\" content=\"@bellunopress\" \/>\n<meta name=\"twitter:site\" content=\"@bellunopress\" \/>\n<meta name=\"twitter:label1\" content=\"\u00c9crit par\" \/>\n\t<meta name=\"twitter:data1\" content=\"redazione\" \/>\n\t<meta name=\"twitter:label2\" content=\"Dur\u00e9e de lecture estim\u00e9e\" \/>\n\t<meta name=\"twitter:data2\" content=\"1 minute\" \/>\n<script type=\"application\/ld+json\" class=\"yoast-schema-graph\">{\"@context\":\"https:\\\/\\\/schema.org\",\"@graph\":[{\"@type\":\"Article\",\"@id\":\"https:\\\/\\\/www.bellunopress.it\\\/2023\\\/11\\\/23\\\/archeologia-a-borgo-valbelluna-laboratori-e-archeotrekking\\\/#article\",\"isPartOf\":{\"@id\":\"https:\\\/\\\/www.bellunopress.it\\\/2023\\\/11\\\/23\\\/archeologia-a-borgo-valbelluna-laboratori-e-archeotrekking\\\/\"},\"author\":{\"name\":\"redazione\",\"@id\":\"https:\\\/\\\/www.bellunopress.it\\\/#\\\/schema\\\/person\\\/79bb06722b37ece1c03d3e94beb30d73\"},\"headline\":\"Archeologia a Borgo Valbelluna: laboratori e archeotrekking\",\"datePublished\":\"2023-11-23T07:49:05+00:00\",\"mainEntityOfPage\":{\"@id\":\"https:\\\/\\\/www.bellunopress.it\\\/2023\\\/11\\\/23\\\/archeologia-a-borgo-valbelluna-laboratori-e-archeotrekking\\\/\"},\"wordCount\":282,\"publisher\":{\"@id\":\"https:\\\/\\\/www.bellunopress.it\\\/#organization\"},\"image\":{\"@id\":\"https:\\\/\\\/www.bellunopress.it\\\/2023\\\/11\\\/23\\\/archeologia-a-borgo-valbelluna-laboratori-e-archeotrekking\\\/#primaryimage\"},\"thumbnailUrl\":\"https:\\\/\\\/www.bellunopress.it\\\/wp-content\\\/uploads\\\/2019\\\/09\\\/municipio-borgo-valbelluna-mel.jpg\",\"articleSection\":[\"Pausa Caff\u00e8\",\"Societ\u00e0, Associazioni, Istituzioni\"],\"inLanguage\":\"fr-FR\"},{\"@type\":\"WebPage\",\"@id\":\"https:\\\/\\\/www.bellunopress.it\\\/2023\\\/11\\\/23\\\/archeologia-a-borgo-valbelluna-laboratori-e-archeotrekking\\\/\",\"url\":\"https:\\\/\\\/www.bellunopress.it\\\/2023\\\/11\\\/23\\\/archeologia-a-borgo-valbelluna-laboratori-e-archeotrekking\\\/\",\"name\":\"Archeologia a Borgo Valbelluna: laboratori e archeotrekking - Bellunopress - Dolomiti\",\"isPartOf\":{\"@id\":\"https:\\\/\\\/www.bellunopress.it\\\/#website\"},\"primaryImageOfPage\":{\"@id\":\"https:\\\/\\\/www.bellunopress.it\\\/2023\\\/11\\\/23\\\/archeologia-a-borgo-valbelluna-laboratori-e-archeotrekking\\\/#primaryimage\"},\"image\":{\"@id\":\"https:\\\/\\\/www.bellunopress.it\\\/2023\\\/11\\\/23\\\/archeologia-a-borgo-valbelluna-laboratori-e-archeotrekking\\\/#primaryimage\"},\"thumbnailUrl\":\"https:\\\/\\\/www.bellunopress.it\\\/wp-content\\\/uploads\\\/2019\\\/09\\\/municipio-borgo-valbelluna-mel.jpg\",\"datePublished\":\"2023-11-23T07:49:05+00:00\",\"breadcrumb\":{\"@id\":\"https:\\\/\\\/www.bellunopress.it\\\/2023\\\/11\\\/23\\\/archeologia-a-borgo-valbelluna-laboratori-e-archeotrekking\\\/#breadcrumb\"},\"inLanguage\":\"fr-FR\",\"potentialAction\":[{\"@type\":\"ReadAction\",\"target\":[\"https:\\\/\\\/www.bellunopress.it\\\/2023\\\/11\\\/23\\\/archeologia-a-borgo-valbelluna-laboratori-e-archeotrekking\\\/\"]}]},{\"@type\":\"ImageObject\",\"inLanguage\":\"fr-FR\",\"@id\":\"https:\\\/\\\/www.bellunopress.it\\\/2023\\\/11\\\/23\\\/archeologia-a-borgo-valbelluna-laboratori-e-archeotrekking\\\/#primaryimage\",\"url\":\"https:\\\/\\\/www.bellunopress.it\\\/wp-content\\\/uploads\\\/2019\\\/09\\\/municipio-borgo-valbelluna-mel.jpg\",\"contentUrl\":\"https:\\\/\\\/www.bellunopress.it\\\/wp-content\\\/uploads\\\/2019\\\/09\\\/municipio-borgo-valbelluna-mel.jpg\",\"width\":300,\"height\":225,\"caption\":\"Municipio Borgo Valbelluna, Mel\"},{\"@type\":\"BreadcrumbList\",\"@id\":\"https:\\\/\\\/www.bellunopress.it\\\/2023\\\/11\\\/23\\\/archeologia-a-borgo-valbelluna-laboratori-e-archeotrekking\\\/#breadcrumb\",\"itemListElement\":[{\"@type\":\"ListItem\",\"position\":1,\"name\":\"Home\",\"item\":\"https:\\\/\\\/www.bellunopress.it\\\/\"},{\"@type\":\"ListItem\",\"position\":2,\"name\":\"Archeologia a Borgo Valbelluna: laboratori e archeotrekking\"}]},{\"@type\":\"WebSite\",\"@id\":\"https:\\\/\\\/www.bellunopress.it\\\/#website\",\"url\":\"https:\\\/\\\/www.bellunopress.it\\\/\",\"name\":\"Bellunopress - Dolomiti\",\"description\":\"e-mail: redazione@bellunopress.it\",\"publisher\":{\"@id\":\"https:\\\/\\\/www.bellunopress.it\\\/#organization\"},\"potentialAction\":[{\"@type\":\"SearchAction\",\"target\":{\"@type\":\"EntryPoint\",\"urlTemplate\":\"https:\\\/\\\/www.bellunopress.it\\\/?s={search_term_string}\"},\"query-input\":{\"@type\":\"PropertyValueSpecification\",\"valueRequired\":true,\"valueName\":\"search_term_string\"}}],\"inLanguage\":\"fr-FR\"},{\"@type\":\"Organization\",\"@id\":\"https:\\\/\\\/www.bellunopress.it\\\/#organization\",\"name\":\"Bellunopress\",\"url\":\"https:\\\/\\\/www.bellunopress.it\\\/\",\"logo\":{\"@type\":\"ImageObject\",\"inLanguage\":\"fr-FR\",\"@id\":\"https:\\\/\\\/www.bellunopress.it\\\/#\\\/schema\\\/logo\\\/image\\\/\",\"url\":\"https:\\\/\\\/www.bellunopress.it\\\/wp-content\\\/uploads\\\/2011\\\/05\\\/cropped-logo-bellunopress-.jpg\",\"contentUrl\":\"https:\\\/\\\/www.bellunopress.it\\\/wp-content\\\/uploads\\\/2011\\\/05\\\/cropped-logo-bellunopress-.jpg\",\"width\":512,\"height\":512,\"caption\":\"Bellunopress\"},\"image\":{\"@id\":\"https:\\\/\\\/www.bellunopress.it\\\/#\\\/schema\\\/logo\\\/image\\\/\"},\"sameAs\":[\"https:\\\/\\\/www.facebook.com\\\/profile.php?id=100008943462799\",\"https:\\\/\\\/x.com\\\/bellunopress\",\"https:\\\/\\\/www.linkedin.com\\\/hp\\\/?dnr=JBzUWaJfMUw8vbXJJ2tVW5-I3jZKvC4wsoxE&amp;amp;amp;amp;amp;amp;trk=nav_responsive_tab_home\",\"https:\\\/\\\/www.youtube.com\\\/channel\\\/UCxL0wu1uN0_3_7hGG0306cw\"]},{\"@type\":\"Person\",\"@id\":\"https:\\\/\\\/www.bellunopress.it\\\/#\\\/schema\\\/person\\\/79bb06722b37ece1c03d3e94beb30d73\",\"name\":\"redazione\",\"image\":{\"@type\":\"ImageObject\",\"inLanguage\":\"fr-FR\",\"@id\":\"https:\\\/\\\/secure.gravatar.com\\\/avatar\\\/37d968a2e67a6fd04c169c4bdef102d0bc5d31b2546345219e348575eb80e9a0?s=96&d=mm&r=g\",\"url\":\"https:\\\/\\\/secure.gravatar.com\\\/avatar\\\/37d968a2e67a6fd04c169c4bdef102d0bc5d31b2546345219e348575eb80e9a0?s=96&d=mm&r=g\",\"contentUrl\":\"https:\\\/\\\/secure.gravatar.com\\\/avatar\\\/37d968a2e67a6fd04c169c4bdef102d0bc5d31b2546345219e348575eb80e9a0?s=96&d=mm&r=g\",\"caption\":\"redazione\"},\"sameAs\":[\"http:\\\/\\\/www.bellunopress.it\",\"https:\\\/\\\/x.com\\\/bellunopress\"],\"url\":\"https:\\\/\\\/www.bellunopress.it\\\/fr\\\/author\\\/redazione\\\/\"}]}<\/script>\n<!-- \/ Yoast SEO plugin. -->","yoast_head_json":{"title":"Archeologia a Borgo Valbelluna: laboratori e archeotrekking - Bellunopress - Dolomiti","robots":{"index":"index","follow":"follow","max-snippet":"max-snippet:-1","max-image-preview":"max-image-preview:large","max-video-preview":"max-video-preview:-1"},"canonical":"https:\/\/www.bellunopress.it\/fr\/2023\/11\/23\/archeologia-a-borgo-valbelluna-laboratori-e-archeotrekking\/","og_locale":"fr_FR","og_type":"article","og_title":"Archeologia a Borgo Valbelluna: laboratori e archeotrekking - Bellunopress - Dolomiti","og_description":"Proseguono gli appuntamenti di &#8220;Archeologia a Borgo Valbelluna&#8221;, il ciclo di iniziative promosso dal Museo Civico Archeologico di Mel e dall&#8217;Amministrazione comunale di Borgo Valbelluna volte alla conoscenza, divulgazione e promozione del ricco patrimonio archeologico Bellunese. Il progetto \u00e8 dedicato alla figura di Eugenio Padovan, recentemente scomparso. Giornalista, per anni assistente tecnico della Soprintendenza Archeologica [&hellip;]","og_url":"https:\/\/www.bellunopress.it\/fr\/2023\/11\/23\/archeologia-a-borgo-valbelluna-laboratori-e-archeotrekking\/","og_site_name":"Bellunopress - Dolomiti","article_publisher":"https:\/\/www.facebook.com\/profile.php?id=100008943462799","article_published_time":"2023-11-23T07:49:05+00:00","og_image":[{"width":300,"height":225,"url":"https:\/\/www.bellunopress.it\/wp-content\/uploads\/2019\/09\/municipio-borgo-valbelluna-mel.jpg","type":"image\/jpeg"}],"author":"redazione","twitter_card":"summary_large_image","twitter_creator":"@bellunopress","twitter_site":"@bellunopress","twitter_misc":{"\u00c9crit par":"redazione","Dur\u00e9e de lecture estim\u00e9e":"1 minute"},"schema":{"@context":"https:\/\/schema.org","@graph":[{"@type":"Article","@id":"https:\/\/www.bellunopress.it\/2023\/11\/23\/archeologia-a-borgo-valbelluna-laboratori-e-archeotrekking\/#article","isPartOf":{"@id":"https:\/\/www.bellunopress.it\/2023\/11\/23\/archeologia-a-borgo-valbelluna-laboratori-e-archeotrekking\/"},"author":{"name":"redazione","@id":"https:\/\/www.bellunopress.it\/#\/schema\/person\/79bb06722b37ece1c03d3e94beb30d73"},"headline":"Archeologia a Borgo Valbelluna: laboratori e archeotrekking","datePublished":"2023-11-23T07:49:05+00:00","mainEntityOfPage":{"@id":"https:\/\/www.bellunopress.it\/2023\/11\/23\/archeologia-a-borgo-valbelluna-laboratori-e-archeotrekking\/"},"wordCount":282,"publisher":{"@id":"https:\/\/www.bellunopress.it\/#organization"},"image":{"@id":"https:\/\/www.bellunopress.it\/2023\/11\/23\/archeologia-a-borgo-valbelluna-laboratori-e-archeotrekking\/#primaryimage"},"thumbnailUrl":"https:\/\/www.bellunopress.it\/wp-content\/uploads\/2019\/09\/municipio-borgo-valbelluna-mel.jpg","articleSection":["Pausa Caff\u00e8","Societ\u00e0, Associazioni, Istituzioni"],"inLanguage":"fr-FR"},{"@type":"WebPage","@id":"https:\/\/www.bellunopress.it\/2023\/11\/23\/archeologia-a-borgo-valbelluna-laboratori-e-archeotrekking\/","url":"https:\/\/www.bellunopress.it\/2023\/11\/23\/archeologia-a-borgo-valbelluna-laboratori-e-archeotrekking\/","name":"Archeologia a Borgo Valbelluna: laboratori e archeotrekking - Bellunopress - Dolomiti","isPartOf":{"@id":"https:\/\/www.bellunopress.it\/#website"},"primaryImageOfPage":{"@id":"https:\/\/www.bellunopress.it\/2023\/11\/23\/archeologia-a-borgo-valbelluna-laboratori-e-archeotrekking\/#primaryimage"},"image":{"@id":"https:\/\/www.bellunopress.it\/2023\/11\/23\/archeologia-a-borgo-valbelluna-laboratori-e-archeotrekking\/#primaryimage"},"thumbnailUrl":"https:\/\/www.bellunopress.it\/wp-content\/uploads\/2019\/09\/municipio-borgo-valbelluna-mel.jpg","datePublished":"2023-11-23T07:49:05+00:00","breadcrumb":{"@id":"https:\/\/www.bellunopress.it\/2023\/11\/23\/archeologia-a-borgo-valbelluna-laboratori-e-archeotrekking\/#breadcrumb"},"inLanguage":"fr-FR","potentialAction":[{"@type":"ReadAction","target":["https:\/\/www.bellunopress.it\/2023\/11\/23\/archeologia-a-borgo-valbelluna-laboratori-e-archeotrekking\/"]}]},{"@type":"ImageObject","inLanguage":"fr-FR","@id":"https:\/\/www.bellunopress.it\/2023\/11\/23\/archeologia-a-borgo-valbelluna-laboratori-e-archeotrekking\/#primaryimage","url":"https:\/\/www.bellunopress.it\/wp-content\/uploads\/2019\/09\/municipio-borgo-valbelluna-mel.jpg","contentUrl":"https:\/\/www.bellunopress.it\/wp-content\/uploads\/2019\/09\/municipio-borgo-valbelluna-mel.jpg","width":300,"height":225,"caption":"Municipio Borgo Valbelluna, Mel"},{"@type":"BreadcrumbList","@id":"https:\/\/www.bellunopress.it\/2023\/11\/23\/archeologia-a-borgo-valbelluna-laboratori-e-archeotrekking\/#breadcrumb","itemListElement":[{"@type":"ListItem","position":1,"name":"Home","item":"https:\/\/www.bellunopress.it\/"},{"@type":"ListItem","position":2,"name":"Archeologia a Borgo Valbelluna: laboratori e archeotrekking"}]},{"@type":"WebSite","@id":"https:\/\/www.bellunopress.it\/#website","url":"https:\/\/www.bellunopress.it\/","name":"Bellunopress - Dolomiti","description":"e-mail: redazione@bellunopress.it","publisher":{"@id":"https:\/\/www.bellunopress.it\/#organization"},"potentialAction":[{"@type":"SearchAction","target":{"@type":"EntryPoint","urlTemplate":"https:\/\/www.bellunopress.it\/?s={search_term_string}"},"query-input":{"@type":"PropertyValueSpecification","valueRequired":true,"valueName":"search_term_string"}}],"inLanguage":"fr-FR"},{"@type":"Organization","@id":"https:\/\/www.bellunopress.it\/#organization","name":"Bellunopress","url":"https:\/\/www.bellunopress.it\/","logo":{"@type":"ImageObject","inLanguage":"fr-FR","@id":"https:\/\/www.bellunopress.it\/#\/schema\/logo\/image\/","url":"https:\/\/www.bellunopress.it\/wp-content\/uploads\/2011\/05\/cropped-logo-bellunopress-.jpg","contentUrl":"https:\/\/www.bellunopress.it\/wp-content\/uploads\/2011\/05\/cropped-logo-bellunopress-.jpg","width":512,"height":512,"caption":"Bellunopress"},"image":{"@id":"https:\/\/www.bellunopress.it\/#\/schema\/logo\/image\/"},"sameAs":["https:\/\/www.facebook.com\/profile.php?id=100008943462799","https:\/\/x.com\/bellunopress","https:\/\/www.linkedin.com\/hp\/?dnr=JBzUWaJfMUw8vbXJJ2tVW5-I3jZKvC4wsoxE&amp;amp;amp;amp;amp;amp;trk=nav_responsive_tab_home","https:\/\/www.youtube.com\/channel\/UCxL0wu1uN0_3_7hGG0306cw"]},{"@type":"Person","@id":"https:\/\/www.bellunopress.it\/#\/schema\/person\/79bb06722b37ece1c03d3e94beb30d73","name":"r\u00e9daction","image":{"@type":"ImageObject","inLanguage":"fr-FR","@id":"https:\/\/secure.gravatar.com\/avatar\/37d968a2e67a6fd04c169c4bdef102d0bc5d31b2546345219e348575eb80e9a0?s=96&d=mm&r=g","url":"https:\/\/secure.gravatar.com\/avatar\/37d968a2e67a6fd04c169c4bdef102d0bc5d31b2546345219e348575eb80e9a0?s=96&d=mm&r=g","contentUrl":"https:\/\/secure.gravatar.com\/avatar\/37d968a2e67a6fd04c169c4bdef102d0bc5d31b2546345219e348575eb80e9a0?s=96&d=mm&r=g","caption":"redazione"},"sameAs":["http:\/\/www.bellunopress.it","https:\/\/x.com\/bellunopress"],"url":"https:\/\/www.bellunopress.it\/fr\/author\/redazione\/"}]}},"_links":{"self":[{"href":"https:\/\/www.bellunopress.it\/fr\/wp-json\/wp\/v2\/posts\/146130","targetHints":{"allow":["GET"]}}],"collection":[{"href":"https:\/\/www.bellunopress.it\/fr\/wp-json\/wp\/v2\/posts"}],"about":[{"href":"https:\/\/www.bellunopress.it\/fr\/wp-json\/wp\/v2\/types\/post"}],"author":[{"embeddable":true,"href":"https:\/\/www.bellunopress.it\/fr\/wp-json\/wp\/v2\/users\/2"}],"replies":[{"embeddable":true,"href":"https:\/\/www.bellunopress.it\/fr\/wp-json\/wp\/v2\/comments?post=146130"}],"version-history":[{"count":1,"href":"https:\/\/www.bellunopress.it\/fr\/wp-json\/wp\/v2\/posts\/146130\/revisions"}],"predecessor-version":[{"id":146131,"href":"https:\/\/www.bellunopress.it\/fr\/wp-json\/wp\/v2\/posts\/146130\/revisions\/146131"}],"wp:featuredmedia":[{"embeddable":true,"href":"https:\/\/www.bellunopress.it\/fr\/wp-json\/wp\/v2\/media\/107794"}],"wp:attachment":[{"href":"https:\/\/www.bellunopress.it\/fr\/wp-json\/wp\/v2\/media?parent=146130"}],"wp:term":[{"taxonomy":"category","embeddable":true,"href":"https:\/\/www.bellunopress.it\/fr\/wp-json\/wp\/v2\/categories?post=146130"},{"taxonomy":"post_tag","embeddable":true,"href":"https:\/\/www.bellunopress.it\/fr\/wp-json\/wp\/v2\/tags?post=146130"}],"curies":[{"name":"wp","href":"https:\/\/api.w.org\/{rel}","templated":true}]}}