{"id":146127,"date":"2023-11-23T08:40:20","date_gmt":"2023-11-23T07:40:20","guid":{"rendered":"https:\/\/www.bellunopress.it\/?p=146127"},"modified":"2023-11-23T07:43:49","modified_gmt":"2023-11-23T06:43:49","slug":"confcommercio-fidi-impresa-turismo-veneto-e-fondazione-dmo-incontrano-le-imprese-turistiche","status":"publish","type":"post","link":"https:\/\/www.bellunopress.it\/fr\/2023\/11\/23\/confcommercio-fidi-impresa-turismo-veneto-e-fondazione-dmo-incontrano-le-imprese-turistiche\/","title":{"rendered":"Confcommercio, Fidi Impresa &#038; Turismo Veneto e Fondazione DMO incontrano le imprese turistiche"},"content":{"rendered":"<p>Confcommercio Belluno, insieme a Fidi Impresa &amp; Turismo Veneto &#8211; Ufficio Bandi, ha programmato, da qui a fine novembre, una serie di incontri dedicati alle imprese turistiche ricettive che verranno introdotti dal presidente di Federalberghi Belluno Dolomiti Walter De Cassan.<\/p>\n<figure id=\"attachment_103029\" aria-describedby=\"caption-attachment-103029\" style=\"width: 180px\" class=\"wp-caption alignleft\"><img loading=\"lazy\" decoding=\"async\" class=\"size-full wp-image-103029\" src=\"https:\/\/www.bellunopress.it\/wp-content\/uploads\/2019\/03\/Walter-De-Cassan.jpg\" alt=\"\" width=\"180\" height=\"280\" \/><figcaption id=\"caption-attachment-103029\" class=\"wp-caption-text\">Walter De Cassan, presidente Federalberghi Belluno Dolomiti<\/figcaption><\/figure>\n<p>\u00abCon queste riunioni &#8211; afferma De Cassan &#8211; dando seguito alle prime notizie che la Regione Veneto ci ha anticipato durante Arredamont, intendiamo avviare un processo di informazione rispetto agli scenari collegati ai prossimi bandi ai quali le imprese turistiche potranno rivolgere la propria attenzione per ricevere contributi a fondo perduto a fronte<br \/>\ndi investimenti tesi a riqualificare le strutture e l&#8217;offerta turistica. Non solo per\u00f2; i funzionari di Fidimpresa illustreranno anche altre opportunit\u00e0 tra le quali, in primis, il fondo di rotazione provinciale\u00bb.<br \/>\nIn parallelo, cogliendo l&#8217;occasione degli incontri, \u00e8 stata avviata una sinergia con la Fondazione DMO Dolomiti Bellunesi che, durante gli stessi, presenter\u00e0 alle imprese il portale di destinazione www.visitdolomitibellunesi.com e le funzionalit\u00e0 utili per il territorio e per gli operatori che vi potranno attivamente e gratuitamente &#8220;partecipare&#8221;<br \/>\ninserendo riferimenti ed informazioni delle proprie strutture e collegandosi alle funzioni di prenotazione online.<br \/>\nPer la DMO interverr\u00e0 la responsabile marketing Elisa Calcamuggi.<br \/>\nGli appuntamenti ad oggi fissati sono:<br \/>\n\u2022 il 24 novembre alle ore 15:00 a Falcade (in Municipio);<br \/>\n\u2022 il 29 novembre alle ore 15:00 a Calalzo di Cadore (Hotel Ferrovia);<br \/>\n\u2022 il 30 novembre alle ore 10:00 a Val di Zoldo (sala riunioni di Fusine);<br \/>\n\u2022 il 30 novembre alle ore 15:00 a Rocca Pietore (sala \u201cEl Teaz\u201d).<br \/>\nGli incontri sono aperti alle imprese della ricettivit\u00e0 territoriale che potranno partecipare dove pi\u00f9 sar\u00e0 a loro comodo.<br \/>\nConfcommercio\/Fidimpresa e la DMO ringraziano quanti gentilmente hanno dato disponibilit\u00e0 delle sale ed i Consorzi turistici per il supporto informativo sul territorio.<\/p>","protected":false},"excerpt":{"rendered":"<p>Confcommercio Belluno, insieme a Fidi Impresa &amp; Turismo Veneto &#8211; Ufficio Bandi, ha programmato, da qui a fine novembre, una serie di incontri dedicati alle imprese turistiche ricettive che verranno introdotti dal presidente di Federalberghi Belluno Dolomiti Walter De Cassan. \u00abCon queste riunioni &#8211; afferma De Cassan &#8211; dando seguito alle prime notizie che la [&hellip;]<\/p>\n","protected":false},"author":2,"featured_media":113826,"comment_status":"closed","ping_status":"open","sticky":false,"template":"","format":"standard","meta":{"footnotes":""},"categories":[36],"tags":[],"class_list":["post-146127","post","type-post","status-publish","format-standard","has-post-thumbnail","category-lavoro-economia"],"yoast_head":"<!-- This site is optimized with the Yoast SEO plugin v28.4 - https:\/\/yoast.com\/product\/yoast-seo-wordpress\/ -->\n<title>Confcommercio, Fidi Impresa &amp; Turismo Veneto e Fondazione DMO incontrano le imprese turistiche - Bellunopress - Dolomiti<\/title>\n<meta name=\"robots\" content=\"index, follow, max-snippet:-1, max-image-preview:large, max-video-preview:-1\" \/>\n<link rel=\"canonical\" href=\"https:\/\/www.bellunopress.it\/fr\/2023\/11\/23\/confcommercio-fidi-impresa-turismo-veneto-e-fondazione-dmo-incontrano-le-imprese-turistiche\/\" \/>\n<meta property=\"og:locale\" content=\"fr_FR\" \/>\n<meta property=\"og:type\" content=\"article\" \/>\n<meta property=\"og:title\" content=\"Confcommercio, Fidi Impresa &amp; Turismo Veneto e Fondazione DMO incontrano le imprese turistiche - Bellunopress - Dolomiti\" \/>\n<meta property=\"og:description\" content=\"Confcommercio Belluno, insieme a Fidi Impresa &amp; Turismo Veneto &#8211; Ufficio Bandi, ha programmato, da qui a fine novembre, una serie di incontri dedicati alle imprese turistiche ricettive che verranno introdotti dal presidente di Federalberghi Belluno Dolomiti Walter De Cassan. \u00abCon queste riunioni &#8211; afferma De Cassan &#8211; dando seguito alle prime notizie che la [&hellip;]\" \/>\n<meta property=\"og:url\" content=\"https:\/\/www.bellunopress.it\/fr\/2023\/11\/23\/confcommercio-fidi-impresa-turismo-veneto-e-fondazione-dmo-incontrano-le-imprese-turistiche\/\" \/>\n<meta property=\"og:site_name\" content=\"Bellunopress - Dolomiti\" \/>\n<meta property=\"article:publisher\" content=\"https:\/\/www.facebook.com\/profile.php?id=100008943462799\" \/>\n<meta property=\"article:published_time\" content=\"2023-11-23T07:40:20+00:00\" \/>\n<meta property=\"og:image\" content=\"https:\/\/www.bellunopress.it\/wp-content\/uploads\/2020\/04\/Ascom-Confcommercio-Belluno_edited.jpg\" \/>\n\t<meta property=\"og:image:width\" content=\"579\" \/>\n\t<meta property=\"og:image:height\" content=\"346\" \/>\n\t<meta property=\"og:image:type\" content=\"image\/jpeg\" \/>\n<meta name=\"author\" content=\"redazione\" \/>\n<meta name=\"twitter:card\" content=\"summary_large_image\" \/>\n<meta name=\"twitter:creator\" content=\"@bellunopress\" \/>\n<meta name=\"twitter:site\" content=\"@bellunopress\" \/>\n<meta name=\"twitter:label1\" content=\"\u00c9crit par\" \/>\n\t<meta name=\"twitter:data1\" content=\"redazione\" \/>\n\t<meta name=\"twitter:label2\" content=\"Dur\u00e9e de lecture estim\u00e9e\" \/>\n\t<meta name=\"twitter:data2\" content=\"1 minute\" \/>\n<script type=\"application\/ld+json\" class=\"yoast-schema-graph\">{\"@context\":\"https:\\\/\\\/schema.org\",\"@graph\":[{\"@type\":\"Article\",\"@id\":\"https:\\\/\\\/www.bellunopress.it\\\/2023\\\/11\\\/23\\\/confcommercio-fidi-impresa-turismo-veneto-e-fondazione-dmo-incontrano-le-imprese-turistiche\\\/#article\",\"isPartOf\":{\"@id\":\"https:\\\/\\\/www.bellunopress.it\\\/2023\\\/11\\\/23\\\/confcommercio-fidi-impresa-turismo-veneto-e-fondazione-dmo-incontrano-le-imprese-turistiche\\\/\"},\"author\":{\"name\":\"redazione\",\"@id\":\"https:\\\/\\\/www.bellunopress.it\\\/#\\\/schema\\\/person\\\/79bb06722b37ece1c03d3e94beb30d73\"},\"headline\":\"Confcommercio, Fidi Impresa &#038; Turismo Veneto e Fondazione DMO incontrano le imprese turistiche\",\"datePublished\":\"2023-11-23T07:40:20+00:00\",\"mainEntityOfPage\":{\"@id\":\"https:\\\/\\\/www.bellunopress.it\\\/2023\\\/11\\\/23\\\/confcommercio-fidi-impresa-turismo-veneto-e-fondazione-dmo-incontrano-le-imprese-turistiche\\\/\"},\"wordCount\":310,\"publisher\":{\"@id\":\"https:\\\/\\\/www.bellunopress.it\\\/#organization\"},\"image\":{\"@id\":\"https:\\\/\\\/www.bellunopress.it\\\/2023\\\/11\\\/23\\\/confcommercio-fidi-impresa-turismo-veneto-e-fondazione-dmo-incontrano-le-imprese-turistiche\\\/#primaryimage\"},\"thumbnailUrl\":\"https:\\\/\\\/www.bellunopress.it\\\/wp-content\\\/uploads\\\/2020\\\/04\\\/Ascom-Confcommercio-Belluno_edited.jpg\",\"articleSection\":[\"Lavoro, Economia, Turismo\"],\"inLanguage\":\"fr-FR\"},{\"@type\":\"WebPage\",\"@id\":\"https:\\\/\\\/www.bellunopress.it\\\/2023\\\/11\\\/23\\\/confcommercio-fidi-impresa-turismo-veneto-e-fondazione-dmo-incontrano-le-imprese-turistiche\\\/\",\"url\":\"https:\\\/\\\/www.bellunopress.it\\\/2023\\\/11\\\/23\\\/confcommercio-fidi-impresa-turismo-veneto-e-fondazione-dmo-incontrano-le-imprese-turistiche\\\/\",\"name\":\"Confcommercio, Fidi Impresa & Turismo Veneto e Fondazione DMO incontrano le imprese turistiche - Bellunopress - Dolomiti\",\"isPartOf\":{\"@id\":\"https:\\\/\\\/www.bellunopress.it\\\/#website\"},\"primaryImageOfPage\":{\"@id\":\"https:\\\/\\\/www.bellunopress.it\\\/2023\\\/11\\\/23\\\/confcommercio-fidi-impresa-turismo-veneto-e-fondazione-dmo-incontrano-le-imprese-turistiche\\\/#primaryimage\"},\"image\":{\"@id\":\"https:\\\/\\\/www.bellunopress.it\\\/2023\\\/11\\\/23\\\/confcommercio-fidi-impresa-turismo-veneto-e-fondazione-dmo-incontrano-le-imprese-turistiche\\\/#primaryimage\"},\"thumbnailUrl\":\"https:\\\/\\\/www.bellunopress.it\\\/wp-content\\\/uploads\\\/2020\\\/04\\\/Ascom-Confcommercio-Belluno_edited.jpg\",\"datePublished\":\"2023-11-23T07:40:20+00:00\",\"breadcrumb\":{\"@id\":\"https:\\\/\\\/www.bellunopress.it\\\/2023\\\/11\\\/23\\\/confcommercio-fidi-impresa-turismo-veneto-e-fondazione-dmo-incontrano-le-imprese-turistiche\\\/#breadcrumb\"},\"inLanguage\":\"fr-FR\",\"potentialAction\":[{\"@type\":\"ReadAction\",\"target\":[\"https:\\\/\\\/www.bellunopress.it\\\/2023\\\/11\\\/23\\\/confcommercio-fidi-impresa-turismo-veneto-e-fondazione-dmo-incontrano-le-imprese-turistiche\\\/\"]}]},{\"@type\":\"ImageObject\",\"inLanguage\":\"fr-FR\",\"@id\":\"https:\\\/\\\/www.bellunopress.it\\\/2023\\\/11\\\/23\\\/confcommercio-fidi-impresa-turismo-veneto-e-fondazione-dmo-incontrano-le-imprese-turistiche\\\/#primaryimage\",\"url\":\"https:\\\/\\\/www.bellunopress.it\\\/wp-content\\\/uploads\\\/2020\\\/04\\\/Ascom-Confcommercio-Belluno_edited.jpg\",\"contentUrl\":\"https:\\\/\\\/www.bellunopress.it\\\/wp-content\\\/uploads\\\/2020\\\/04\\\/Ascom-Confcommercio-Belluno_edited.jpg\",\"width\":579,\"height\":346},{\"@type\":\"BreadcrumbList\",\"@id\":\"https:\\\/\\\/www.bellunopress.it\\\/2023\\\/11\\\/23\\\/confcommercio-fidi-impresa-turismo-veneto-e-fondazione-dmo-incontrano-le-imprese-turistiche\\\/#breadcrumb\",\"itemListElement\":[{\"@type\":\"ListItem\",\"position\":1,\"name\":\"Home\",\"item\":\"https:\\\/\\\/www.bellunopress.it\\\/\"},{\"@type\":\"ListItem\",\"position\":2,\"name\":\"Confcommercio, Fidi Impresa &#038; Turismo Veneto e Fondazione DMO incontrano le imprese turistiche\"}]},{\"@type\":\"WebSite\",\"@id\":\"https:\\\/\\\/www.bellunopress.it\\\/#website\",\"url\":\"https:\\\/\\\/www.bellunopress.it\\\/\",\"name\":\"Bellunopress - Dolomiti\",\"description\":\"e-mail: redazione@bellunopress.it\",\"publisher\":{\"@id\":\"https:\\\/\\\/www.bellunopress.it\\\/#organization\"},\"potentialAction\":[{\"@type\":\"SearchAction\",\"target\":{\"@type\":\"EntryPoint\",\"urlTemplate\":\"https:\\\/\\\/www.bellunopress.it\\\/?s={search_term_string}\"},\"query-input\":{\"@type\":\"PropertyValueSpecification\",\"valueRequired\":true,\"valueName\":\"search_term_string\"}}],\"inLanguage\":\"fr-FR\"},{\"@type\":\"Organization\",\"@id\":\"https:\\\/\\\/www.bellunopress.it\\\/#organization\",\"name\":\"Bellunopress\",\"url\":\"https:\\\/\\\/www.bellunopress.it\\\/\",\"logo\":{\"@type\":\"ImageObject\",\"inLanguage\":\"fr-FR\",\"@id\":\"https:\\\/\\\/www.bellunopress.it\\\/#\\\/schema\\\/logo\\\/image\\\/\",\"url\":\"https:\\\/\\\/www.bellunopress.it\\\/wp-content\\\/uploads\\\/2011\\\/05\\\/cropped-logo-bellunopress-.jpg\",\"contentUrl\":\"https:\\\/\\\/www.bellunopress.it\\\/wp-content\\\/uploads\\\/2011\\\/05\\\/cropped-logo-bellunopress-.jpg\",\"width\":512,\"height\":512,\"caption\":\"Bellunopress\"},\"image\":{\"@id\":\"https:\\\/\\\/www.bellunopress.it\\\/#\\\/schema\\\/logo\\\/image\\\/\"},\"sameAs\":[\"https:\\\/\\\/www.facebook.com\\\/profile.php?id=100008943462799\",\"https:\\\/\\\/x.com\\\/bellunopress\",\"https:\\\/\\\/www.linkedin.com\\\/hp\\\/?dnr=JBzUWaJfMUw8vbXJJ2tVW5-I3jZKvC4wsoxE&amp;amp;amp;amp;amp;amp;trk=nav_responsive_tab_home\",\"https:\\\/\\\/www.youtube.com\\\/channel\\\/UCxL0wu1uN0_3_7hGG0306cw\"]},{\"@type\":\"Person\",\"@id\":\"https:\\\/\\\/www.bellunopress.it\\\/#\\\/schema\\\/person\\\/79bb06722b37ece1c03d3e94beb30d73\",\"name\":\"redazione\",\"image\":{\"@type\":\"ImageObject\",\"inLanguage\":\"fr-FR\",\"@id\":\"https:\\\/\\\/secure.gravatar.com\\\/avatar\\\/37d968a2e67a6fd04c169c4bdef102d0bc5d31b2546345219e348575eb80e9a0?s=96&d=mm&r=g\",\"url\":\"https:\\\/\\\/secure.gravatar.com\\\/avatar\\\/37d968a2e67a6fd04c169c4bdef102d0bc5d31b2546345219e348575eb80e9a0?s=96&d=mm&r=g\",\"contentUrl\":\"https:\\\/\\\/secure.gravatar.com\\\/avatar\\\/37d968a2e67a6fd04c169c4bdef102d0bc5d31b2546345219e348575eb80e9a0?s=96&d=mm&r=g\",\"caption\":\"redazione\"},\"sameAs\":[\"http:\\\/\\\/www.bellunopress.it\",\"https:\\\/\\\/x.com\\\/bellunopress\"],\"url\":\"https:\\\/\\\/www.bellunopress.it\\\/fr\\\/author\\\/redazione\\\/\"}]}<\/script>\n<!-- \/ Yoast SEO plugin. -->","yoast_head_json":{"title":"Confcommercio, Fidi Impresa & Turismo Veneto e Fondazione DMO incontrano le imprese turistiche - Bellunopress - Dolomiti","robots":{"index":"index","follow":"follow","max-snippet":"max-snippet:-1","max-image-preview":"max-image-preview:large","max-video-preview":"max-video-preview:-1"},"canonical":"https:\/\/www.bellunopress.it\/fr\/2023\/11\/23\/confcommercio-fidi-impresa-turismo-veneto-e-fondazione-dmo-incontrano-le-imprese-turistiche\/","og_locale":"fr_FR","og_type":"article","og_title":"Confcommercio, Fidi Impresa & Turismo Veneto e Fondazione DMO incontrano le imprese turistiche - Bellunopress - Dolomiti","og_description":"Confcommercio Belluno, insieme a Fidi Impresa &amp; Turismo Veneto &#8211; Ufficio Bandi, ha programmato, da qui a fine novembre, una serie di incontri dedicati alle imprese turistiche ricettive che verranno introdotti dal presidente di Federalberghi Belluno Dolomiti Walter De Cassan. \u00abCon queste riunioni &#8211; afferma De Cassan &#8211; dando seguito alle prime notizie che la [&hellip;]","og_url":"https:\/\/www.bellunopress.it\/fr\/2023\/11\/23\/confcommercio-fidi-impresa-turismo-veneto-e-fondazione-dmo-incontrano-le-imprese-turistiche\/","og_site_name":"Bellunopress - Dolomiti","article_publisher":"https:\/\/www.facebook.com\/profile.php?id=100008943462799","article_published_time":"2023-11-23T07:40:20+00:00","og_image":[{"width":579,"height":346,"url":"https:\/\/www.bellunopress.it\/wp-content\/uploads\/2020\/04\/Ascom-Confcommercio-Belluno_edited.jpg","type":"image\/jpeg"}],"author":"redazione","twitter_card":"summary_large_image","twitter_creator":"@bellunopress","twitter_site":"@bellunopress","twitter_misc":{"\u00c9crit par":"redazione","Dur\u00e9e de lecture estim\u00e9e":"1 minute"},"schema":{"@context":"https:\/\/schema.org","@graph":[{"@type":"Article","@id":"https:\/\/www.bellunopress.it\/2023\/11\/23\/confcommercio-fidi-impresa-turismo-veneto-e-fondazione-dmo-incontrano-le-imprese-turistiche\/#article","isPartOf":{"@id":"https:\/\/www.bellunopress.it\/2023\/11\/23\/confcommercio-fidi-impresa-turismo-veneto-e-fondazione-dmo-incontrano-le-imprese-turistiche\/"},"author":{"name":"redazione","@id":"https:\/\/www.bellunopress.it\/#\/schema\/person\/79bb06722b37ece1c03d3e94beb30d73"},"headline":"Confcommercio, Fidi Impresa &#038; Turismo Veneto e Fondazione DMO incontrano le imprese turistiche","datePublished":"2023-11-23T07:40:20+00:00","mainEntityOfPage":{"@id":"https:\/\/www.bellunopress.it\/2023\/11\/23\/confcommercio-fidi-impresa-turismo-veneto-e-fondazione-dmo-incontrano-le-imprese-turistiche\/"},"wordCount":310,"publisher":{"@id":"https:\/\/www.bellunopress.it\/#organization"},"image":{"@id":"https:\/\/www.bellunopress.it\/2023\/11\/23\/confcommercio-fidi-impresa-turismo-veneto-e-fondazione-dmo-incontrano-le-imprese-turistiche\/#primaryimage"},"thumbnailUrl":"https:\/\/www.bellunopress.it\/wp-content\/uploads\/2020\/04\/Ascom-Confcommercio-Belluno_edited.jpg","articleSection":["Lavoro, Economia, Turismo"],"inLanguage":"fr-FR"},{"@type":"WebPage","@id":"https:\/\/www.bellunopress.it\/2023\/11\/23\/confcommercio-fidi-impresa-turismo-veneto-e-fondazione-dmo-incontrano-le-imprese-turistiche\/","url":"https:\/\/www.bellunopress.it\/2023\/11\/23\/confcommercio-fidi-impresa-turismo-veneto-e-fondazione-dmo-incontrano-le-imprese-turistiche\/","name":"Confcommercio, Fidi Impresa & Turismo Veneto e Fondazione DMO incontrano le imprese turistiche - Bellunopress - Dolomiti","isPartOf":{"@id":"https:\/\/www.bellunopress.it\/#website"},"primaryImageOfPage":{"@id":"https:\/\/www.bellunopress.it\/2023\/11\/23\/confcommercio-fidi-impresa-turismo-veneto-e-fondazione-dmo-incontrano-le-imprese-turistiche\/#primaryimage"},"image":{"@id":"https:\/\/www.bellunopress.it\/2023\/11\/23\/confcommercio-fidi-impresa-turismo-veneto-e-fondazione-dmo-incontrano-le-imprese-turistiche\/#primaryimage"},"thumbnailUrl":"https:\/\/www.bellunopress.it\/wp-content\/uploads\/2020\/04\/Ascom-Confcommercio-Belluno_edited.jpg","datePublished":"2023-11-23T07:40:20+00:00","breadcrumb":{"@id":"https:\/\/www.bellunopress.it\/2023\/11\/23\/confcommercio-fidi-impresa-turismo-veneto-e-fondazione-dmo-incontrano-le-imprese-turistiche\/#breadcrumb"},"inLanguage":"fr-FR","potentialAction":[{"@type":"ReadAction","target":["https:\/\/www.bellunopress.it\/2023\/11\/23\/confcommercio-fidi-impresa-turismo-veneto-e-fondazione-dmo-incontrano-le-imprese-turistiche\/"]}]},{"@type":"ImageObject","inLanguage":"fr-FR","@id":"https:\/\/www.bellunopress.it\/2023\/11\/23\/confcommercio-fidi-impresa-turismo-veneto-e-fondazione-dmo-incontrano-le-imprese-turistiche\/#primaryimage","url":"https:\/\/www.bellunopress.it\/wp-content\/uploads\/2020\/04\/Ascom-Confcommercio-Belluno_edited.jpg","contentUrl":"https:\/\/www.bellunopress.it\/wp-content\/uploads\/2020\/04\/Ascom-Confcommercio-Belluno_edited.jpg","width":579,"height":346},{"@type":"BreadcrumbList","@id":"https:\/\/www.bellunopress.it\/2023\/11\/23\/confcommercio-fidi-impresa-turismo-veneto-e-fondazione-dmo-incontrano-le-imprese-turistiche\/#breadcrumb","itemListElement":[{"@type":"ListItem","position":1,"name":"Home","item":"https:\/\/www.bellunopress.it\/"},{"@type":"ListItem","position":2,"name":"Confcommercio, Fidi Impresa &#038; Turismo Veneto e Fondazione DMO incontrano le imprese turistiche"}]},{"@type":"WebSite","@id":"https:\/\/www.bellunopress.it\/#website","url":"https:\/\/www.bellunopress.it\/","name":"Bellunopress - Dolomiti","description":"e-mail: redazione@bellunopress.it","publisher":{"@id":"https:\/\/www.bellunopress.it\/#organization"},"potentialAction":[{"@type":"SearchAction","target":{"@type":"EntryPoint","urlTemplate":"https:\/\/www.bellunopress.it\/?s={search_term_string}"},"query-input":{"@type":"PropertyValueSpecification","valueRequired":true,"valueName":"search_term_string"}}],"inLanguage":"fr-FR"},{"@type":"Organization","@id":"https:\/\/www.bellunopress.it\/#organization","name":"Bellunopress","url":"https:\/\/www.bellunopress.it\/","logo":{"@type":"ImageObject","inLanguage":"fr-FR","@id":"https:\/\/www.bellunopress.it\/#\/schema\/logo\/image\/","url":"https:\/\/www.bellunopress.it\/wp-content\/uploads\/2011\/05\/cropped-logo-bellunopress-.jpg","contentUrl":"https:\/\/www.bellunopress.it\/wp-content\/uploads\/2011\/05\/cropped-logo-bellunopress-.jpg","width":512,"height":512,"caption":"Bellunopress"},"image":{"@id":"https:\/\/www.bellunopress.it\/#\/schema\/logo\/image\/"},"sameAs":["https:\/\/www.facebook.com\/profile.php?id=100008943462799","https:\/\/x.com\/bellunopress","https:\/\/www.linkedin.com\/hp\/?dnr=JBzUWaJfMUw8vbXJJ2tVW5-I3jZKvC4wsoxE&amp;amp;amp;amp;amp;amp;trk=nav_responsive_tab_home","https:\/\/www.youtube.com\/channel\/UCxL0wu1uN0_3_7hGG0306cw"]},{"@type":"Person","@id":"https:\/\/www.bellunopress.it\/#\/schema\/person\/79bb06722b37ece1c03d3e94beb30d73","name":"r\u00e9daction","image":{"@type":"ImageObject","inLanguage":"fr-FR","@id":"https:\/\/secure.gravatar.com\/avatar\/37d968a2e67a6fd04c169c4bdef102d0bc5d31b2546345219e348575eb80e9a0?s=96&d=mm&r=g","url":"https:\/\/secure.gravatar.com\/avatar\/37d968a2e67a6fd04c169c4bdef102d0bc5d31b2546345219e348575eb80e9a0?s=96&d=mm&r=g","contentUrl":"https:\/\/secure.gravatar.com\/avatar\/37d968a2e67a6fd04c169c4bdef102d0bc5d31b2546345219e348575eb80e9a0?s=96&d=mm&r=g","caption":"redazione"},"sameAs":["http:\/\/www.bellunopress.it","https:\/\/x.com\/bellunopress"],"url":"https:\/\/www.bellunopress.it\/fr\/author\/redazione\/"}]}},"_links":{"self":[{"href":"https:\/\/www.bellunopress.it\/fr\/wp-json\/wp\/v2\/posts\/146127","targetHints":{"allow":["GET"]}}],"collection":[{"href":"https:\/\/www.bellunopress.it\/fr\/wp-json\/wp\/v2\/posts"}],"about":[{"href":"https:\/\/www.bellunopress.it\/fr\/wp-json\/wp\/v2\/types\/post"}],"author":[{"embeddable":true,"href":"https:\/\/www.bellunopress.it\/fr\/wp-json\/wp\/v2\/users\/2"}],"replies":[{"embeddable":true,"href":"https:\/\/www.bellunopress.it\/fr\/wp-json\/wp\/v2\/comments?post=146127"}],"version-history":[{"count":1,"href":"https:\/\/www.bellunopress.it\/fr\/wp-json\/wp\/v2\/posts\/146127\/revisions"}],"predecessor-version":[{"id":146128,"href":"https:\/\/www.bellunopress.it\/fr\/wp-json\/wp\/v2\/posts\/146127\/revisions\/146128"}],"wp:featuredmedia":[{"embeddable":true,"href":"https:\/\/www.bellunopress.it\/fr\/wp-json\/wp\/v2\/media\/113826"}],"wp:attachment":[{"href":"https:\/\/www.bellunopress.it\/fr\/wp-json\/wp\/v2\/media?parent=146127"}],"wp:term":[{"taxonomy":"category","embeddable":true,"href":"https:\/\/www.bellunopress.it\/fr\/wp-json\/wp\/v2\/categories?post=146127"},{"taxonomy":"post_tag","embeddable":true,"href":"https:\/\/www.bellunopress.it\/fr\/wp-json\/wp\/v2\/tags?post=146127"}],"curies":[{"name":"wp","href":"https:\/\/api.w.org\/{rel}","templated":true}]}}