{"id":146119,"date":"2023-11-22T20:34:46","date_gmt":"2023-11-22T19:34:46","guid":{"rendered":"https:\/\/www.bellunopress.it\/?p=146119"},"modified":"2023-11-23T07:46:26","modified_gmt":"2023-11-23T06:46:26","slug":"comune-e-cgil-dicono-no-alla-fusione-dellistituto-comprensivo-dante-alighieri-dei-comuni-di-val-di-zoldo-e-zoppe-di-cadore-con-listituto-comprensivo-di-longarone","status":"publish","type":"post","link":"https:\/\/www.bellunopress.it\/fr\/2023\/11\/22\/comune-e-cgil-dicono-no-alla-fusione-dellistituto-comprensivo-dante-alighieri-dei-comuni-di-val-di-zoldo-e-zoppe-di-cadore-con-listituto-comprensivo-di-longarone\/","title":{"rendered":"Comune, Cgil e Pd dicono No alla fusione dell\u2019Istituto Comprensivo Dante Alighieri dei Comuni di Val di Zoldo e Zopp\u00e8 di Cadore con l\u2019Istituto comprensivo di Longarone"},"content":{"rendered":"<figure id=\"attachment_139254\" aria-describedby=\"caption-attachment-139254\" style=\"width: 219px\" class=\"wp-caption alignleft\"><img loading=\"lazy\" decoding=\"async\" class=\"size-full wp-image-139254\" src=\"https:\/\/www.bellunopress.it\/wp-content\/uploads\/2023\/01\/Camillo-De-Pellegrin_edited.jpg\" alt=\"\" width=\"219\" height=\"339\" \/><figcaption id=\"caption-attachment-139254\" class=\"wp-caption-text\">Camillo De Pellegrin, presidente del Consiglio di Bacino Dolomiti Bellunesi Ambito Territoriale Ottimale \u201cAlto Veneto\u201d e sindaco di Val di Zoldo<\/figcaption><\/figure>\n<p>Il consiglio comunale di Val di Zoldo si oppone alla paventata fusione dell\u2019Istituto Comprensivo \u201cDante Alighieri\u201d dei Comuni di Val di Zoldo e Zopp\u00e8 di Cadore con l\u2019Istituto comprensivo di Longarone. Poich\u00e9 ritiene che tale decisione vada nella direzione opposta agli obiettivi della Strategia Nazionale Aree Interne e del Disegno Legge sulla montagna e a quanto stabilito dal Decreto Interministeriale 127 del 30 giugno 2023, pi\u00f9 volte richiamati nei provvedimenti regionali relativi al dimensionamento scolastico, contribuendo alla marginalizzazione e allo spopolamento del territorio della Val di Zoldo e di Zopp\u00e8 di Cadore e aumentando la disparit\u00e0 di offerta per gli studenti.<br \/>\nIl mantenimento dei servizi essenziali, fra i quali l\u2019istruzione, in territori gi\u00e0 svantaggiati per criticit\u00e0 ambientali e sociali \u00e8 imprescindibile per combattere lo spopolamento e puntare ud uno sviluppo sostenibile del territorio.<br \/>\nPer queste ragioni, il consiglio comunale all&#8217;unanimit\u00e0 impegna il sindaco e la giunta a contrastare nelle sedi pi\u00f9 opportune e con gli strumenti pi\u00f9 adeguati l\u2019accorpamento dell\u2019Istituto Comprensivo \u201cDante Alighieri\u201d dei comuni di Val di Zoldo e Zopp\u00e8 di Cadore con l\u2019Istituto Comprensivo di Longarone, chiedendone il mantenimento dell\u2019autonomia. a sensibilizzare i parlamentari eletti in Veneto affinch\u00e9 il contrasto alla marginalizzazione dei comuni montani non rimanga un tema ideologico ma si concretizzi in azioni a garanzia del mantenimento e del rafforzamento dei servizi essenziali: ISTRUZIONE, SALUTE, MOBILITA\u2019, precondizioni per lo sviluppo dei territori e per il contrasto allo spopolamento.<\/p>\n<figure id=\"attachment_73959\" aria-describedby=\"caption-attachment-73959\" style=\"width: 166px\" class=\"wp-caption alignleft\"><img loading=\"lazy\" decoding=\"async\" class=\"size-full wp-image-73959\" src=\"https:\/\/www.bellunopress.it\/wp-content\/uploads\/2015\/12\/Denise-Casanova-segretario-generale-Filctem-Cgil-BL.jpg\" alt=\"\" width=\"166\" height=\"190\" \/><figcaption id=\"caption-attachment-73959\" class=\"wp-caption-text\">Denise Casanova, segretaria generale Cgil Belluno<\/figcaption><\/figure>\n<p>Sulla stessa linea la Federazione dei Lavoratori della Conoscenza di Belluno, che esprime la sua totale contrariet\u00e0 all\u2019accorpamento dell\u2019Istituto Dante Alighieri di Forno di Zoldo con l\u2019Istituto Comprensivo di Longarone. Come gi\u00e0 evidenziato nelle ultime settimane, si unisce alla manifestazione di sabato 25 novembre, promossa a Forno di Zoldo dal Consiglio di Istituto del Comprensivo.<br \/>\nLe istituzioni unite alla popolazione e alle organizzazioni sindacali non possono rimanere inermi di fronte all\u2019ennesimo taglio, che va a ferire la montagna e le nuove generazioni.<br \/>\n\u00c8 evidente che la riorganizzazione, cos\u00ec come prospettata, acuir\u00e0 i problemi e impoverir\u00e0 ulteriormente la qualit\u00e0 dell\u2019offerta formativa.<br \/>\nAlla soppressione degli uffici di segreteria situati a Forno di Zoldo, con la conseguente<br \/>\nperdita di posti di lavoro per il personale amministrativo, si aggiunger\u00e0 la riduzione<br \/>\ncomplessiva di unit\u00e0 di collaboratori scolastici, a cui competono i compiti di vigilanza e pulizia dei locali, di assistenza agli allievi (in particolare i disabili), di supporto alle segreterie e ai docenti; questa diminuzione porter\u00e0 a un depotenziamento dei servizi aggiuntivi, ora offerti dal personale ausiliario, con necessario intervento di supporto in capo agli Enti Locali e a generare finanche la necessit\u00e0 di chiudere i plessi scolastici pi\u00f9 piccoli e\/o pi\u00f9 periferici.<br \/>\nI risparmi che ne deriveranno sono esclusivamente imputabili al taglio del personale e<br \/>\nnon rimarranno a disposizione del territorio per nuovi investimenti qualitativi.<br \/>\nL\u2019istruzione, che necessita di maggiori risorse proprio per assicurare a tutte e tutti uno<br \/>\nstandard di formazione che garantisca pari opportunit\u00e0 e una qualit\u00e0 dell\u2019insegnamento<br \/>\nmigliore, viene in questo modo penalizzata e con essa i nostri ragazzi.<br \/>\nSi auspica che la Regione riveda la sua decisione rispetto agli accorpamenti previsti per<br \/>\nla nostra provincia.<\/p>\n<figure id=\"attachment_140442\" aria-describedby=\"caption-attachment-140442\" style=\"width: 683px\" class=\"wp-caption alignleft\"><img loading=\"lazy\" decoding=\"async\" class=\"size-full wp-image-140442\" src=\"https:\/\/www.bellunopress.it\/wp-content\/uploads\/2023\/03\/Alessandro-Del-Bianco-segr-prov-PD.jpg\" alt=\"\" width=\"683\" height=\"553\" srcset=\"https:\/\/www.bellunopress.it\/wp-content\/uploads\/2023\/03\/Alessandro-Del-Bianco-segr-prov-PD.jpg 683w, https:\/\/www.bellunopress.it\/wp-content\/uploads\/2023\/03\/Alessandro-Del-Bianco-segr-prov-PD-500x405.jpg 500w, https:\/\/www.bellunopress.it\/wp-content\/uploads\/2023\/03\/Alessandro-Del-Bianco-segr-prov-PD-519x420.jpg 519w\" sizes=\"auto, (max-width: 683px) 100vw, 683px\" \/><figcaption id=\"caption-attachment-140442\" class=\"wp-caption-text\">Alessandro Del Bianco, segretario provinciale PD<\/figcaption><\/figure>\n<p>No alla soppressione dell\u2019Istituto comprensivo di Zoldo. Cos\u00ec si uccide la montagna.<br \/>\n&#8220;Parlare di specificit\u00e0 montana e poi sopprimere le scuole di montagna \u00e8 una<br \/>\ncontraddizione in termini&#8221;. Queste le dichiarazioni del segretario provinciale del PD<br \/>\nBelluno Dolomiti Alessandro Del Bianco che chiede un intervento diretto della Regione per<br \/>\nscongiurare il rischio dell&#8217;accorpamento degli istituti di Zoldo e Longarone.<br \/>\n&#8220;Tagliare dei servizi scolastici nelle zone montane non aiuta certo a frenare lo<br \/>\nspopolamento in corso nella nostra provincia. Con l&#8217;accorpamento degli istituti segreteria e<br \/>\ndirigenza verrebbero \u201cunificati\u201d a Longarone, creando cos\u00ec non pochi disagi ad alunni,<br \/>\ngenitori e insegnanti di Zoldo. Per questo siamo vicini ai sindaci e a tutti i cittadini che si<br \/>\nstanno impegnando in questa battaglia e sabato saremo con loro alla manifestazione.&#8221;<br \/>\nIl tema del dimensionamento degli istituti scolastici sar\u00e0 sicuramente d&#8217;attualit\u00e0 anche nel<br \/>\npreannunciato ddl montagna. In questi territori Stato e Regione devono fare uno sforzo in<br \/>\npi\u00f9 se non ci si vuole rassegnare alla prospettiva che la montagna diventi unicamente un<br \/>\ngrande villaggio vacanze.<br \/>\nCi aspettiamo che la Regione del Veneto e l&#8217;assessore Donazzan battano un colpo e si<br \/>\nschierino a fianco del territorio.<\/p>","protected":false},"excerpt":{"rendered":"<p>Il consiglio comunale di Val di Zoldo si oppone alla paventata fusione dell\u2019Istituto Comprensivo \u201cDante Alighieri\u201d dei Comuni di Val di Zoldo e Zopp\u00e8 di Cadore con l\u2019Istituto comprensivo di Longarone. Poich\u00e9 ritiene che tale decisione vada nella direzione opposta agli obiettivi della Strategia Nazionale Aree Interne e del Disegno Legge sulla montagna e a [&hellip;]<\/p>\n","protected":false},"author":2,"featured_media":139254,"comment_status":"closed","ping_status":"open","sticky":false,"template":"","format":"standard","meta":{"footnotes":""},"categories":[5,15],"tags":[],"class_list":["post-146119","post","type-post","status-publish","format-standard","has-post-thumbnail","category-cronaca","category-scuola"],"yoast_head":"<!-- This site is optimized with the Yoast SEO plugin v28.4 - https:\/\/yoast.com\/product\/yoast-seo-wordpress\/ -->\n<title>Comune, Cgil e Pd dicono No alla fusione dell\u2019Istituto Comprensivo Dante Alighieri dei Comuni di Val di Zoldo e Zopp\u00e8 di Cadore con l\u2019Istituto comprensivo di Longarone - Bellunopress - Dolomiti<\/title>\n<meta name=\"robots\" content=\"index, follow, max-snippet:-1, max-image-preview:large, max-video-preview:-1\" \/>\n<link rel=\"canonical\" href=\"https:\/\/www.bellunopress.it\/fr\/2023\/11\/22\/comune-e-cgil-dicono-no-alla-fusione-dellistituto-comprensivo-dante-alighieri-dei-comuni-di-val-di-zoldo-e-zoppe-di-cadore-con-listituto-comprensivo-di-longarone\/\" \/>\n<meta property=\"og:locale\" content=\"fr_FR\" \/>\n<meta property=\"og:type\" content=\"article\" \/>\n<meta property=\"og:title\" content=\"Comune, Cgil e Pd dicono No alla fusione dell\u2019Istituto Comprensivo Dante Alighieri dei Comuni di Val di Zoldo e Zopp\u00e8 di Cadore con l\u2019Istituto comprensivo di Longarone - Bellunopress - Dolomiti\" \/>\n<meta property=\"og:description\" content=\"Il consiglio comunale di Val di Zoldo si oppone alla paventata fusione dell\u2019Istituto Comprensivo \u201cDante Alighieri\u201d dei Comuni di Val di Zoldo e Zopp\u00e8 di Cadore con l\u2019Istituto comprensivo di Longarone. Poich\u00e9 ritiene che tale decisione vada nella direzione opposta agli obiettivi della Strategia Nazionale Aree Interne e del Disegno Legge sulla montagna e a [&hellip;]\" \/>\n<meta property=\"og:url\" content=\"https:\/\/www.bellunopress.it\/fr\/2023\/11\/22\/comune-e-cgil-dicono-no-alla-fusione-dellistituto-comprensivo-dante-alighieri-dei-comuni-di-val-di-zoldo-e-zoppe-di-cadore-con-listituto-comprensivo-di-longarone\/\" \/>\n<meta property=\"og:site_name\" content=\"Bellunopress - Dolomiti\" \/>\n<meta property=\"article:publisher\" content=\"https:\/\/www.facebook.com\/profile.php?id=100008943462799\" \/>\n<meta property=\"article:published_time\" content=\"2023-11-22T19:34:46+00:00\" \/>\n<meta property=\"article:modified_time\" content=\"2023-11-23T06:46:26+00:00\" \/>\n<meta property=\"og:image\" content=\"https:\/\/www.bellunopress.it\/wp-content\/uploads\/2023\/01\/Camillo-De-Pellegrin_edited.jpg\" \/>\n\t<meta property=\"og:image:width\" content=\"219\" \/>\n\t<meta property=\"og:image:height\" content=\"339\" \/>\n\t<meta property=\"og:image:type\" content=\"image\/jpeg\" \/>\n<meta name=\"author\" content=\"redazione\" \/>\n<meta name=\"twitter:card\" content=\"summary_large_image\" \/>\n<meta name=\"twitter:creator\" content=\"@bellunopress\" \/>\n<meta name=\"twitter:site\" content=\"@bellunopress\" \/>\n<meta name=\"twitter:label1\" content=\"\u00c9crit par\" \/>\n\t<meta name=\"twitter:data1\" content=\"redazione\" \/>\n\t<meta name=\"twitter:label2\" content=\"Dur\u00e9e de lecture estim\u00e9e\" \/>\n\t<meta name=\"twitter:data2\" content=\"4 minutes\" \/>\n<script type=\"application\/ld+json\" class=\"yoast-schema-graph\">{\"@context\":\"https:\\\/\\\/schema.org\",\"@graph\":[{\"@type\":\"Article\",\"@id\":\"https:\\\/\\\/www.bellunopress.it\\\/2023\\\/11\\\/22\\\/comune-e-cgil-dicono-no-alla-fusione-dellistituto-comprensivo-dante-alighieri-dei-comuni-di-val-di-zoldo-e-zoppe-di-cadore-con-listituto-comprensivo-di-longarone\\\/#article\",\"isPartOf\":{\"@id\":\"https:\\\/\\\/www.bellunopress.it\\\/2023\\\/11\\\/22\\\/comune-e-cgil-dicono-no-alla-fusione-dellistituto-comprensivo-dante-alighieri-dei-comuni-di-val-di-zoldo-e-zoppe-di-cadore-con-listituto-comprensivo-di-longarone\\\/\"},\"author\":{\"name\":\"redazione\",\"@id\":\"https:\\\/\\\/www.bellunopress.it\\\/#\\\/schema\\\/person\\\/79bb06722b37ece1c03d3e94beb30d73\"},\"headline\":\"Comune, Cgil e Pd dicono No alla fusione dell\u2019Istituto Comprensivo Dante Alighieri dei Comuni di Val di Zoldo e Zopp\u00e8 di Cadore con l\u2019Istituto comprensivo di Longarone\",\"datePublished\":\"2023-11-22T19:34:46+00:00\",\"dateModified\":\"2023-11-23T06:46:26+00:00\",\"mainEntityOfPage\":{\"@id\":\"https:\\\/\\\/www.bellunopress.it\\\/2023\\\/11\\\/22\\\/comune-e-cgil-dicono-no-alla-fusione-dellistituto-comprensivo-dante-alighieri-dei-comuni-di-val-di-zoldo-e-zoppe-di-cadore-con-listituto-comprensivo-di-longarone\\\/\"},\"wordCount\":795,\"publisher\":{\"@id\":\"https:\\\/\\\/www.bellunopress.it\\\/#organization\"},\"image\":{\"@id\":\"https:\\\/\\\/www.bellunopress.it\\\/2023\\\/11\\\/22\\\/comune-e-cgil-dicono-no-alla-fusione-dellistituto-comprensivo-dante-alighieri-dei-comuni-di-val-di-zoldo-e-zoppe-di-cadore-con-listituto-comprensivo-di-longarone\\\/#primaryimage\"},\"thumbnailUrl\":\"https:\\\/\\\/www.bellunopress.it\\\/wp-content\\\/uploads\\\/2023\\\/01\\\/Camillo-De-Pellegrin_edited.jpg\",\"articleSection\":[\"Cronaca\\\/Politica\",\"Scuola\"],\"inLanguage\":\"fr-FR\"},{\"@type\":\"WebPage\",\"@id\":\"https:\\\/\\\/www.bellunopress.it\\\/2023\\\/11\\\/22\\\/comune-e-cgil-dicono-no-alla-fusione-dellistituto-comprensivo-dante-alighieri-dei-comuni-di-val-di-zoldo-e-zoppe-di-cadore-con-listituto-comprensivo-di-longarone\\\/\",\"url\":\"https:\\\/\\\/www.bellunopress.it\\\/2023\\\/11\\\/22\\\/comune-e-cgil-dicono-no-alla-fusione-dellistituto-comprensivo-dante-alighieri-dei-comuni-di-val-di-zoldo-e-zoppe-di-cadore-con-listituto-comprensivo-di-longarone\\\/\",\"name\":\"Comune, Cgil e Pd dicono No alla fusione dell\u2019Istituto Comprensivo Dante Alighieri dei Comuni di Val di Zoldo e Zopp\u00e8 di Cadore con l\u2019Istituto comprensivo di Longarone - Bellunopress - Dolomiti\",\"isPartOf\":{\"@id\":\"https:\\\/\\\/www.bellunopress.it\\\/#website\"},\"primaryImageOfPage\":{\"@id\":\"https:\\\/\\\/www.bellunopress.it\\\/2023\\\/11\\\/22\\\/comune-e-cgil-dicono-no-alla-fusione-dellistituto-comprensivo-dante-alighieri-dei-comuni-di-val-di-zoldo-e-zoppe-di-cadore-con-listituto-comprensivo-di-longarone\\\/#primaryimage\"},\"image\":{\"@id\":\"https:\\\/\\\/www.bellunopress.it\\\/2023\\\/11\\\/22\\\/comune-e-cgil-dicono-no-alla-fusione-dellistituto-comprensivo-dante-alighieri-dei-comuni-di-val-di-zoldo-e-zoppe-di-cadore-con-listituto-comprensivo-di-longarone\\\/#primaryimage\"},\"thumbnailUrl\":\"https:\\\/\\\/www.bellunopress.it\\\/wp-content\\\/uploads\\\/2023\\\/01\\\/Camillo-De-Pellegrin_edited.jpg\",\"datePublished\":\"2023-11-22T19:34:46+00:00\",\"dateModified\":\"2023-11-23T06:46:26+00:00\",\"breadcrumb\":{\"@id\":\"https:\\\/\\\/www.bellunopress.it\\\/2023\\\/11\\\/22\\\/comune-e-cgil-dicono-no-alla-fusione-dellistituto-comprensivo-dante-alighieri-dei-comuni-di-val-di-zoldo-e-zoppe-di-cadore-con-listituto-comprensivo-di-longarone\\\/#breadcrumb\"},\"inLanguage\":\"fr-FR\",\"potentialAction\":[{\"@type\":\"ReadAction\",\"target\":[\"https:\\\/\\\/www.bellunopress.it\\\/2023\\\/11\\\/22\\\/comune-e-cgil-dicono-no-alla-fusione-dellistituto-comprensivo-dante-alighieri-dei-comuni-di-val-di-zoldo-e-zoppe-di-cadore-con-listituto-comprensivo-di-longarone\\\/\"]}]},{\"@type\":\"ImageObject\",\"inLanguage\":\"fr-FR\",\"@id\":\"https:\\\/\\\/www.bellunopress.it\\\/2023\\\/11\\\/22\\\/comune-e-cgil-dicono-no-alla-fusione-dellistituto-comprensivo-dante-alighieri-dei-comuni-di-val-di-zoldo-e-zoppe-di-cadore-con-listituto-comprensivo-di-longarone\\\/#primaryimage\",\"url\":\"https:\\\/\\\/www.bellunopress.it\\\/wp-content\\\/uploads\\\/2023\\\/01\\\/Camillo-De-Pellegrin_edited.jpg\",\"contentUrl\":\"https:\\\/\\\/www.bellunopress.it\\\/wp-content\\\/uploads\\\/2023\\\/01\\\/Camillo-De-Pellegrin_edited.jpg\",\"width\":219,\"height\":339,\"caption\":\"Camillo De Pellegrin, sindaco di Val di Zoldo\"},{\"@type\":\"BreadcrumbList\",\"@id\":\"https:\\\/\\\/www.bellunopress.it\\\/2023\\\/11\\\/22\\\/comune-e-cgil-dicono-no-alla-fusione-dellistituto-comprensivo-dante-alighieri-dei-comuni-di-val-di-zoldo-e-zoppe-di-cadore-con-listituto-comprensivo-di-longarone\\\/#breadcrumb\",\"itemListElement\":[{\"@type\":\"ListItem\",\"position\":1,\"name\":\"Home\",\"item\":\"https:\\\/\\\/www.bellunopress.it\\\/\"},{\"@type\":\"ListItem\",\"position\":2,\"name\":\"Comune, Cgil e Pd dicono No alla fusione dell\u2019Istituto Comprensivo Dante Alighieri dei Comuni di Val di Zoldo e Zopp\u00e8 di Cadore con l\u2019Istituto comprensivo di Longarone\"}]},{\"@type\":\"WebSite\",\"@id\":\"https:\\\/\\\/www.bellunopress.it\\\/#website\",\"url\":\"https:\\\/\\\/www.bellunopress.it\\\/\",\"name\":\"Bellunopress - Dolomiti\",\"description\":\"e-mail: redazione@bellunopress.it\",\"publisher\":{\"@id\":\"https:\\\/\\\/www.bellunopress.it\\\/#organization\"},\"potentialAction\":[{\"@type\":\"SearchAction\",\"target\":{\"@type\":\"EntryPoint\",\"urlTemplate\":\"https:\\\/\\\/www.bellunopress.it\\\/?s={search_term_string}\"},\"query-input\":{\"@type\":\"PropertyValueSpecification\",\"valueRequired\":true,\"valueName\":\"search_term_string\"}}],\"inLanguage\":\"fr-FR\"},{\"@type\":\"Organization\",\"@id\":\"https:\\\/\\\/www.bellunopress.it\\\/#organization\",\"name\":\"Bellunopress\",\"url\":\"https:\\\/\\\/www.bellunopress.it\\\/\",\"logo\":{\"@type\":\"ImageObject\",\"inLanguage\":\"fr-FR\",\"@id\":\"https:\\\/\\\/www.bellunopress.it\\\/#\\\/schema\\\/logo\\\/image\\\/\",\"url\":\"https:\\\/\\\/www.bellunopress.it\\\/wp-content\\\/uploads\\\/2011\\\/05\\\/cropped-logo-bellunopress-.jpg\",\"contentUrl\":\"https:\\\/\\\/www.bellunopress.it\\\/wp-content\\\/uploads\\\/2011\\\/05\\\/cropped-logo-bellunopress-.jpg\",\"width\":512,\"height\":512,\"caption\":\"Bellunopress\"},\"image\":{\"@id\":\"https:\\\/\\\/www.bellunopress.it\\\/#\\\/schema\\\/logo\\\/image\\\/\"},\"sameAs\":[\"https:\\\/\\\/www.facebook.com\\\/profile.php?id=100008943462799\",\"https:\\\/\\\/x.com\\\/bellunopress\",\"https:\\\/\\\/www.linkedin.com\\\/hp\\\/?dnr=JBzUWaJfMUw8vbXJJ2tVW5-I3jZKvC4wsoxE&amp;amp;amp;amp;amp;amp;trk=nav_responsive_tab_home\",\"https:\\\/\\\/www.youtube.com\\\/channel\\\/UCxL0wu1uN0_3_7hGG0306cw\"]},{\"@type\":\"Person\",\"@id\":\"https:\\\/\\\/www.bellunopress.it\\\/#\\\/schema\\\/person\\\/79bb06722b37ece1c03d3e94beb30d73\",\"name\":\"redazione\",\"image\":{\"@type\":\"ImageObject\",\"inLanguage\":\"fr-FR\",\"@id\":\"https:\\\/\\\/secure.gravatar.com\\\/avatar\\\/37d968a2e67a6fd04c169c4bdef102d0bc5d31b2546345219e348575eb80e9a0?s=96&d=mm&r=g\",\"url\":\"https:\\\/\\\/secure.gravatar.com\\\/avatar\\\/37d968a2e67a6fd04c169c4bdef102d0bc5d31b2546345219e348575eb80e9a0?s=96&d=mm&r=g\",\"contentUrl\":\"https:\\\/\\\/secure.gravatar.com\\\/avatar\\\/37d968a2e67a6fd04c169c4bdef102d0bc5d31b2546345219e348575eb80e9a0?s=96&d=mm&r=g\",\"caption\":\"redazione\"},\"sameAs\":[\"http:\\\/\\\/www.bellunopress.it\",\"https:\\\/\\\/x.com\\\/bellunopress\"],\"url\":\"https:\\\/\\\/www.bellunopress.it\\\/fr\\\/author\\\/redazione\\\/\"}]}<\/script>\n<!-- \/ Yoast SEO plugin. -->","yoast_head_json":{"title":"Comune, Cgil e Pd dicono No alla fusione dell\u2019Istituto Comprensivo Dante Alighieri dei Comuni di Val di Zoldo e Zopp\u00e8 di Cadore con l\u2019Istituto comprensivo di Longarone - Bellunopress - Dolomiti","robots":{"index":"index","follow":"follow","max-snippet":"max-snippet:-1","max-image-preview":"max-image-preview:large","max-video-preview":"max-video-preview:-1"},"canonical":"https:\/\/www.bellunopress.it\/fr\/2023\/11\/22\/comune-e-cgil-dicono-no-alla-fusione-dellistituto-comprensivo-dante-alighieri-dei-comuni-di-val-di-zoldo-e-zoppe-di-cadore-con-listituto-comprensivo-di-longarone\/","og_locale":"fr_FR","og_type":"article","og_title":"Comune, Cgil e Pd dicono No alla fusione dell\u2019Istituto Comprensivo Dante Alighieri dei Comuni di Val di Zoldo e Zopp\u00e8 di Cadore con l\u2019Istituto comprensivo di Longarone - Bellunopress - Dolomiti","og_description":"Il consiglio comunale di Val di Zoldo si oppone alla paventata fusione dell\u2019Istituto Comprensivo \u201cDante Alighieri\u201d dei Comuni di Val di Zoldo e Zopp\u00e8 di Cadore con l\u2019Istituto comprensivo di Longarone. Poich\u00e9 ritiene che tale decisione vada nella direzione opposta agli obiettivi della Strategia Nazionale Aree Interne e del Disegno Legge sulla montagna e a [&hellip;]","og_url":"https:\/\/www.bellunopress.it\/fr\/2023\/11\/22\/comune-e-cgil-dicono-no-alla-fusione-dellistituto-comprensivo-dante-alighieri-dei-comuni-di-val-di-zoldo-e-zoppe-di-cadore-con-listituto-comprensivo-di-longarone\/","og_site_name":"Bellunopress - Dolomiti","article_publisher":"https:\/\/www.facebook.com\/profile.php?id=100008943462799","article_published_time":"2023-11-22T19:34:46+00:00","article_modified_time":"2023-11-23T06:46:26+00:00","og_image":[{"width":219,"height":339,"url":"https:\/\/www.bellunopress.it\/wp-content\/uploads\/2023\/01\/Camillo-De-Pellegrin_edited.jpg","type":"image\/jpeg"}],"author":"redazione","twitter_card":"summary_large_image","twitter_creator":"@bellunopress","twitter_site":"@bellunopress","twitter_misc":{"\u00c9crit par":"redazione","Dur\u00e9e de lecture estim\u00e9e":"4 minutes"},"schema":{"@context":"https:\/\/schema.org","@graph":[{"@type":"Article","@id":"https:\/\/www.bellunopress.it\/2023\/11\/22\/comune-e-cgil-dicono-no-alla-fusione-dellistituto-comprensivo-dante-alighieri-dei-comuni-di-val-di-zoldo-e-zoppe-di-cadore-con-listituto-comprensivo-di-longarone\/#article","isPartOf":{"@id":"https:\/\/www.bellunopress.it\/2023\/11\/22\/comune-e-cgil-dicono-no-alla-fusione-dellistituto-comprensivo-dante-alighieri-dei-comuni-di-val-di-zoldo-e-zoppe-di-cadore-con-listituto-comprensivo-di-longarone\/"},"author":{"name":"redazione","@id":"https:\/\/www.bellunopress.it\/#\/schema\/person\/79bb06722b37ece1c03d3e94beb30d73"},"headline":"Comune, Cgil e Pd dicono No alla fusione dell\u2019Istituto Comprensivo Dante Alighieri dei Comuni di Val di Zoldo e Zopp\u00e8 di Cadore con l\u2019Istituto comprensivo di Longarone","datePublished":"2023-11-22T19:34:46+00:00","dateModified":"2023-11-23T06:46:26+00:00","mainEntityOfPage":{"@id":"https:\/\/www.bellunopress.it\/2023\/11\/22\/comune-e-cgil-dicono-no-alla-fusione-dellistituto-comprensivo-dante-alighieri-dei-comuni-di-val-di-zoldo-e-zoppe-di-cadore-con-listituto-comprensivo-di-longarone\/"},"wordCount":795,"publisher":{"@id":"https:\/\/www.bellunopress.it\/#organization"},"image":{"@id":"https:\/\/www.bellunopress.it\/2023\/11\/22\/comune-e-cgil-dicono-no-alla-fusione-dellistituto-comprensivo-dante-alighieri-dei-comuni-di-val-di-zoldo-e-zoppe-di-cadore-con-listituto-comprensivo-di-longarone\/#primaryimage"},"thumbnailUrl":"https:\/\/www.bellunopress.it\/wp-content\/uploads\/2023\/01\/Camillo-De-Pellegrin_edited.jpg","articleSection":["Cronaca\/Politica","Scuola"],"inLanguage":"fr-FR"},{"@type":"WebPage","@id":"https:\/\/www.bellunopress.it\/2023\/11\/22\/comune-e-cgil-dicono-no-alla-fusione-dellistituto-comprensivo-dante-alighieri-dei-comuni-di-val-di-zoldo-e-zoppe-di-cadore-con-listituto-comprensivo-di-longarone\/","url":"https:\/\/www.bellunopress.it\/2023\/11\/22\/comune-e-cgil-dicono-no-alla-fusione-dellistituto-comprensivo-dante-alighieri-dei-comuni-di-val-di-zoldo-e-zoppe-di-cadore-con-listituto-comprensivo-di-longarone\/","name":"Comune, Cgil e Pd dicono No alla fusione dell\u2019Istituto Comprensivo Dante Alighieri dei Comuni di Val di Zoldo e Zopp\u00e8 di Cadore con l\u2019Istituto comprensivo di Longarone - Bellunopress - Dolomiti","isPartOf":{"@id":"https:\/\/www.bellunopress.it\/#website"},"primaryImageOfPage":{"@id":"https:\/\/www.bellunopress.it\/2023\/11\/22\/comune-e-cgil-dicono-no-alla-fusione-dellistituto-comprensivo-dante-alighieri-dei-comuni-di-val-di-zoldo-e-zoppe-di-cadore-con-listituto-comprensivo-di-longarone\/#primaryimage"},"image":{"@id":"https:\/\/www.bellunopress.it\/2023\/11\/22\/comune-e-cgil-dicono-no-alla-fusione-dellistituto-comprensivo-dante-alighieri-dei-comuni-di-val-di-zoldo-e-zoppe-di-cadore-con-listituto-comprensivo-di-longarone\/#primaryimage"},"thumbnailUrl":"https:\/\/www.bellunopress.it\/wp-content\/uploads\/2023\/01\/Camillo-De-Pellegrin_edited.jpg","datePublished":"2023-11-22T19:34:46+00:00","dateModified":"2023-11-23T06:46:26+00:00","breadcrumb":{"@id":"https:\/\/www.bellunopress.it\/2023\/11\/22\/comune-e-cgil-dicono-no-alla-fusione-dellistituto-comprensivo-dante-alighieri-dei-comuni-di-val-di-zoldo-e-zoppe-di-cadore-con-listituto-comprensivo-di-longarone\/#breadcrumb"},"inLanguage":"fr-FR","potentialAction":[{"@type":"ReadAction","target":["https:\/\/www.bellunopress.it\/2023\/11\/22\/comune-e-cgil-dicono-no-alla-fusione-dellistituto-comprensivo-dante-alighieri-dei-comuni-di-val-di-zoldo-e-zoppe-di-cadore-con-listituto-comprensivo-di-longarone\/"]}]},{"@type":"ImageObject","inLanguage":"fr-FR","@id":"https:\/\/www.bellunopress.it\/2023\/11\/22\/comune-e-cgil-dicono-no-alla-fusione-dellistituto-comprensivo-dante-alighieri-dei-comuni-di-val-di-zoldo-e-zoppe-di-cadore-con-listituto-comprensivo-di-longarone\/#primaryimage","url":"https:\/\/www.bellunopress.it\/wp-content\/uploads\/2023\/01\/Camillo-De-Pellegrin_edited.jpg","contentUrl":"https:\/\/www.bellunopress.it\/wp-content\/uploads\/2023\/01\/Camillo-De-Pellegrin_edited.jpg","width":219,"height":339,"caption":"Camillo De Pellegrin, sindaco di Val di Zoldo"},{"@type":"BreadcrumbList","@id":"https:\/\/www.bellunopress.it\/2023\/11\/22\/comune-e-cgil-dicono-no-alla-fusione-dellistituto-comprensivo-dante-alighieri-dei-comuni-di-val-di-zoldo-e-zoppe-di-cadore-con-listituto-comprensivo-di-longarone\/#breadcrumb","itemListElement":[{"@type":"ListItem","position":1,"name":"Home","item":"https:\/\/www.bellunopress.it\/"},{"@type":"ListItem","position":2,"name":"Comune, Cgil e Pd dicono No alla fusione dell\u2019Istituto Comprensivo Dante Alighieri dei Comuni di Val di Zoldo e Zopp\u00e8 di Cadore con l\u2019Istituto comprensivo di Longarone"}]},{"@type":"WebSite","@id":"https:\/\/www.bellunopress.it\/#website","url":"https:\/\/www.bellunopress.it\/","name":"Bellunopress - Dolomiti","description":"e-mail: redazione@bellunopress.it","publisher":{"@id":"https:\/\/www.bellunopress.it\/#organization"},"potentialAction":[{"@type":"SearchAction","target":{"@type":"EntryPoint","urlTemplate":"https:\/\/www.bellunopress.it\/?s={search_term_string}"},"query-input":{"@type":"PropertyValueSpecification","valueRequired":true,"valueName":"search_term_string"}}],"inLanguage":"fr-FR"},{"@type":"Organization","@id":"https:\/\/www.bellunopress.it\/#organization","name":"Bellunopress","url":"https:\/\/www.bellunopress.it\/","logo":{"@type":"ImageObject","inLanguage":"fr-FR","@id":"https:\/\/www.bellunopress.it\/#\/schema\/logo\/image\/","url":"https:\/\/www.bellunopress.it\/wp-content\/uploads\/2011\/05\/cropped-logo-bellunopress-.jpg","contentUrl":"https:\/\/www.bellunopress.it\/wp-content\/uploads\/2011\/05\/cropped-logo-bellunopress-.jpg","width":512,"height":512,"caption":"Bellunopress"},"image":{"@id":"https:\/\/www.bellunopress.it\/#\/schema\/logo\/image\/"},"sameAs":["https:\/\/www.facebook.com\/profile.php?id=100008943462799","https:\/\/x.com\/bellunopress","https:\/\/www.linkedin.com\/hp\/?dnr=JBzUWaJfMUw8vbXJJ2tVW5-I3jZKvC4wsoxE&amp;amp;amp;amp;amp;amp;trk=nav_responsive_tab_home","https:\/\/www.youtube.com\/channel\/UCxL0wu1uN0_3_7hGG0306cw"]},{"@type":"Person","@id":"https:\/\/www.bellunopress.it\/#\/schema\/person\/79bb06722b37ece1c03d3e94beb30d73","name":"r\u00e9daction","image":{"@type":"ImageObject","inLanguage":"fr-FR","@id":"https:\/\/secure.gravatar.com\/avatar\/37d968a2e67a6fd04c169c4bdef102d0bc5d31b2546345219e348575eb80e9a0?s=96&d=mm&r=g","url":"https:\/\/secure.gravatar.com\/avatar\/37d968a2e67a6fd04c169c4bdef102d0bc5d31b2546345219e348575eb80e9a0?s=96&d=mm&r=g","contentUrl":"https:\/\/secure.gravatar.com\/avatar\/37d968a2e67a6fd04c169c4bdef102d0bc5d31b2546345219e348575eb80e9a0?s=96&d=mm&r=g","caption":"redazione"},"sameAs":["http:\/\/www.bellunopress.it","https:\/\/x.com\/bellunopress"],"url":"https:\/\/www.bellunopress.it\/fr\/author\/redazione\/"}]}},"_links":{"self":[{"href":"https:\/\/www.bellunopress.it\/fr\/wp-json\/wp\/v2\/posts\/146119","targetHints":{"allow":["GET"]}}],"collection":[{"href":"https:\/\/www.bellunopress.it\/fr\/wp-json\/wp\/v2\/posts"}],"about":[{"href":"https:\/\/www.bellunopress.it\/fr\/wp-json\/wp\/v2\/types\/post"}],"author":[{"embeddable":true,"href":"https:\/\/www.bellunopress.it\/fr\/wp-json\/wp\/v2\/users\/2"}],"replies":[{"embeddable":true,"href":"https:\/\/www.bellunopress.it\/fr\/wp-json\/wp\/v2\/comments?post=146119"}],"version-history":[{"count":3,"href":"https:\/\/www.bellunopress.it\/fr\/wp-json\/wp\/v2\/posts\/146119\/revisions"}],"predecessor-version":[{"id":146129,"href":"https:\/\/www.bellunopress.it\/fr\/wp-json\/wp\/v2\/posts\/146119\/revisions\/146129"}],"wp:featuredmedia":[{"embeddable":true,"href":"https:\/\/www.bellunopress.it\/fr\/wp-json\/wp\/v2\/media\/139254"}],"wp:attachment":[{"href":"https:\/\/www.bellunopress.it\/fr\/wp-json\/wp\/v2\/media?parent=146119"}],"wp:term":[{"taxonomy":"category","embeddable":true,"href":"https:\/\/www.bellunopress.it\/fr\/wp-json\/wp\/v2\/categories?post=146119"},{"taxonomy":"post_tag","embeddable":true,"href":"https:\/\/www.bellunopress.it\/fr\/wp-json\/wp\/v2\/tags?post=146119"}],"curies":[{"name":"wp","href":"https:\/\/api.w.org\/{rel}","templated":true}]}}