{"id":146115,"date":"2023-11-22T16:38:36","date_gmt":"2023-11-22T15:38:36","guid":{"rendered":"https:\/\/www.bellunopress.it\/?p=146115"},"modified":"2023-11-22T16:38:36","modified_gmt":"2023-11-22T15:38:36","slug":"nevegal-gruppo-belluno-al-centro-guardiamo-ai-fatti-e-al-progetto-complessivo-silenzio-sul-mancato-acquisto-dellolivier-dalla-nevegal365","status":"publish","type":"post","link":"https:\/\/www.bellunopress.it\/fr\/2023\/11\/22\/nevegal-gruppo-belluno-al-centro-guardiamo-ai-fatti-e-al-progetto-complessivo-silenzio-sul-mancato-acquisto-dellolivier-dalla-nevegal365\/","title":{"rendered":"Nevegal. Gruppo Belluno al centro: &#8220;Guardiamo ai fatti e al progetto complessivo&#8221;. Silenzio sul mancato acquisto dell&#8217;Olivier dalla Nevegal365"},"content":{"rendered":"<figure id=\"attachment_113617\" aria-describedby=\"caption-attachment-113617\" style=\"width: 800px\" class=\"wp-caption alignleft\"><img loading=\"lazy\" decoding=\"async\" class=\"size-full wp-image-113617\" src=\"https:\/\/www.bellunopress.it\/wp-content\/uploads\/2020\/04\/palazzo-rosso_edited.jpg\" alt=\"\" width=\"800\" height=\"563\" srcset=\"https:\/\/www.bellunopress.it\/wp-content\/uploads\/2020\/04\/palazzo-rosso_edited.jpg 800w, https:\/\/www.bellunopress.it\/wp-content\/uploads\/2020\/04\/palazzo-rosso_edited-500x352.jpg 500w, https:\/\/www.bellunopress.it\/wp-content\/uploads\/2020\/04\/palazzo-rosso_edited-696x490.jpg 696w, https:\/\/www.bellunopress.it\/wp-content\/uploads\/2020\/04\/palazzo-rosso_edited-597x420.jpg 597w, https:\/\/www.bellunopress.it\/wp-content\/uploads\/2020\/04\/palazzo-rosso_edited-100x70.jpg 100w\" sizes=\"auto, (max-width: 800px) 100vw, 800px\" \/><figcaption id=\"caption-attachment-113617\" class=\"wp-caption-text\">Palazzo Rosso, sede dell&#8217;amministrazione comunale di Belluno<\/figcaption><\/figure>\n<p>Belluno, 22 novembre 2023 &#8211; La notizia che ha acceso le polveri ieri, era quella dell&#8217;asta andata deserta per l&#8217;acquisto dell&#8217;albergo Olivier, a fronte delle dichiarazioni rilasciate in conferenza di presentazione del progetto di rilancio del Nevegal dai rappresentanti della Nevegal365 srl. In particolare la dichiarazione che era stata fatta di voler rilevare le quattro strutture alberghiere presenti in Nevegal.\u00a0 Le perplessit\u00e0 e gli attacchi delle opposizioni nascono dunque da questo episodio. La volont\u00e0 di acquisire gli alberghi del Nevegal, insomma, non sembra pi\u00f9 sorretta da fatti concreti, visto che alla prima occasione buona di acquistare l&#8217;Hotel Olivier a un prezzo di un quarto della perizia iniziale, la Nevegal365 srl non si \u00e8 fatta avanti.<\/p>\n<p><img loading=\"lazy\" decoding=\"async\" class=\"alignleft  wp-image-140186\" src=\"https:\/\/www.bellunopress.it\/wp-content\/uploads\/2023\/03\/belluno-al-centro_edited.jpg\" alt=\"\" width=\"238\" height=\"238\" srcset=\"https:\/\/www.bellunopress.it\/wp-content\/uploads\/2023\/03\/belluno-al-centro_edited.jpg 512w, https:\/\/www.bellunopress.it\/wp-content\/uploads\/2023\/03\/belluno-al-centro_edited-500x500.jpg 500w, https:\/\/www.bellunopress.it\/wp-content\/uploads\/2023\/03\/belluno-al-centro_edited-300x300.jpg 300w, https:\/\/www.bellunopress.it\/wp-content\/uploads\/2023\/03\/belluno-al-centro_edited-420x420.jpg 420w\" sizes=\"auto, (max-width: 238px) 100vw, 238px\" \/>Tuttavia il Gruppo di maggioranza Belluno al Centro appare infastidito da queste elementari osservazioni e dichiara: &#8220;Si contino i risultati ottenuti e si smetta di gufare contro il Nevegal e il lavoro dell&#8217;Amministrazione&#8221;.<\/p>\n<p>E sposta l&#8217;attenzione su altri temi che nulla hanno a che vedere con il mancato acquisto dell&#8217;Olivier.<\/p>\n<p>&#8220;In 15 mesi &#8211; dichiarano i consiglieri di maggioranza &#8211; sono state sbrogliate matasse importanti, questioni complesse che erano ferme, irrisolte, da anni. Il progetto Nevegal 365 \u00e8 uno dei progetti parte del piano complessivo di riqualificazione di questa localit\u00e0 pensato dall&#8217;Amministrazione, ma non \u00e8 il solo&#8221;.<\/p>\n<p>I consiglieri di maggioranza riassumono il lavoro della giunta De Pellegrin in questi 15 mesi di amministrazione.<\/p>\n<p>&#8220;L&#8217;affidamento in gestione degli impianti di risalita, se ne parla dal 2021, e questa amministrazione \u00e8 riuscita ad aggiudicare la gara, seppure con riserva. La stagione invernale \u00e8 assicurata grazie allo sforzo di Nevegal 2021 che ringraziamo, l&#8217;indotto turistico del Colle avr\u00e0 la sua continuit\u00e0 e questo grazie al lavoro certosino condotto in questi mesi. Ha trovato una soluzione anche il problema dell&#8217;approvvigionamento idrico a scopo innevamento: in vent&#8217;anni perch\u00e9 nessuno ha mai cercato di analizzare il problema e trovarvi una soluzione? Grazie al dialogo con Provincia, Gsp e Autorit\u00e0 di Bacino il Colle ora pu\u00f2 contare sulla concessione di acqua a scopo di innevamento, fondamentale per dare concretezza al progetto del laghetto artificiale.\u00a0&#8220;A proposito del laghetto per antincendio e innevamento, sono state superate le difficolt\u00e0 iniziali e i pareri negativi di Genio Civile e Soprintendenza \u2013 prosegue il gruppo di maggioranza \u2013 e ora siamo nella fase di aggiudicazione della gara. Un altro bel risultato portato a casa e che va ad aggiungersi alla riqualificazione del piazzale, il cui cantiere \u00e8 gi\u00e0 stato assegnato e i lavori partiti.<br \/>\nInfine, vogliamo parlare dell&#8217;acquisto da parte di un imprenditore privato dell&#8217;arrivo della vecchia cabinovia? Verranno realizzati un bar e un ristorante e questo solo grazie agli investimenti messi in moto dal Comune in questi mesi e al grande progetto Nevegal 365 che sta attirando l&#8217;attenzione di altri, nuovi, investitori. Non \u00e8 quello che tutti noi abbiamo sempre sperato per il Colle? Non \u00e8 quello che chiunque ama questa localit\u00e0 e ne vuole lo sviluppo, auspicava? Allora perch\u00e9 tutto questo gufare continuo contro l&#8217;operato di persone che da mesi stanno lavorando a testa bassa per assicurare un futuro alla localit\u00e0? Perch\u00e9 ancora una volta si fa del Nevegal territorio di scontro politico?&#8221;<\/p>\n<p>&#8220;Il progetto Nevegal 365 con il fondo di investimento straniero e il grande piano di rilancio della localit\u00e0 sono un sogno per tutti, un&#8217;ambizione che tutti noi vorremmo vedere realizzata e sui quali stiamo lavorando da un anno \u2013 concludono i consiglieri -. Si tratta di investimenti privati, non pubblici. L&#8217;Amministrazione, da parte sua, si \u00e8 preoccupata di far firmare ai soggetti una lettera d&#8217;intenti che impegna la societ\u00e0 a investire sul Colle, ora siamo nella fase di perfezionamento degli importi di investimento annunciati mesi fa. La giunta ha lavorato con assoluta trasparenza, portando un rappresentante di questa societ\u00e0 anche in Consiglio comunale affinch\u00e9 potesse spiegare ai consiglieri gli intenti, con chiarezza e disponibilit\u00e0 al dialogo; si tratta di cifre importanti che necessitano di iter lunghi e complessi. Il progetto degli investitori privati \u00e8 solo una parte, seppure considerevole, della riqualificazione del Colle ma non \u00e8 l&#8217;unica azione portata avanti da questa Amministrazione che sta dimostrando di credere pi\u00f9 di tanti altri nel futuro della nostra montagna&#8221;.<\/p>\n<p>Una lunga difesa che ahim\u00e8 non spiega e non poteva del resto spiegare le intenzioni della Nevegal365 srl che al primo esame tangibile, \u00e8 rimasta latitante.<\/p>\n<p>Ma non si pu\u00f2 che condividere il pensiero dei consiglieri di maggioranza dove affermano: &#8220;Il progetto Nevegal 365 con il fondo di investimento straniero e il grande piano di rilancio della localit\u00e0 sono un sogno per tutti&#8221;.<\/p>","protected":false},"excerpt":{"rendered":"<p>Belluno, 22 novembre 2023 &#8211; La notizia che ha acceso le polveri ieri, era quella dell&#8217;asta andata deserta per l&#8217;acquisto dell&#8217;albergo Olivier, a fronte delle dichiarazioni rilasciate in conferenza di presentazione del progetto di rilancio del Nevegal dai rappresentanti della Nevegal365 srl. In particolare la dichiarazione che era stata fatta di voler rilevare le quattro [&hellip;]<\/p>\n","protected":false},"author":2,"featured_media":140186,"comment_status":"closed","ping_status":"open","sticky":false,"template":"","format":"standard","meta":{"footnotes":""},"categories":[5,26],"tags":[],"class_list":["post-146115","post","type-post","status-publish","format-standard","has-post-thumbnail","category-cronaca","category-prima-pagina"],"yoast_head":"<!-- This site is optimized with the Yoast SEO plugin v28.4 - https:\/\/yoast.com\/product\/yoast-seo-wordpress\/ -->\n<title>Nevegal. Gruppo Belluno al centro: &quot;Guardiamo ai fatti e al progetto complessivo&quot;. Silenzio sul mancato acquisto dell&#039;Olivier dalla Nevegal365 - Bellunopress - Dolomiti<\/title>\n<meta name=\"robots\" content=\"index, follow, max-snippet:-1, max-image-preview:large, max-video-preview:-1\" \/>\n<link rel=\"canonical\" href=\"https:\/\/www.bellunopress.it\/fr\/2023\/11\/22\/nevegal-gruppo-belluno-al-centro-guardiamo-ai-fatti-e-al-progetto-complessivo-silenzio-sul-mancato-acquisto-dellolivier-dalla-nevegal365\/\" \/>\n<meta property=\"og:locale\" content=\"fr_FR\" \/>\n<meta property=\"og:type\" content=\"article\" \/>\n<meta property=\"og:title\" content=\"Nevegal. Gruppo Belluno al centro: &quot;Guardiamo ai fatti e al progetto complessivo&quot;. Silenzio sul mancato acquisto dell&#039;Olivier dalla Nevegal365 - Bellunopress - Dolomiti\" \/>\n<meta property=\"og:description\" content=\"Belluno, 22 novembre 2023 &#8211; La notizia che ha acceso le polveri ieri, era quella dell&#8217;asta andata deserta per l&#8217;acquisto dell&#8217;albergo Olivier, a fronte delle dichiarazioni rilasciate in conferenza di presentazione del progetto di rilancio del Nevegal dai rappresentanti della Nevegal365 srl. In particolare la dichiarazione che era stata fatta di voler rilevare le quattro [&hellip;]\" \/>\n<meta property=\"og:url\" content=\"https:\/\/www.bellunopress.it\/fr\/2023\/11\/22\/nevegal-gruppo-belluno-al-centro-guardiamo-ai-fatti-e-al-progetto-complessivo-silenzio-sul-mancato-acquisto-dellolivier-dalla-nevegal365\/\" \/>\n<meta property=\"og:site_name\" content=\"Bellunopress - Dolomiti\" \/>\n<meta property=\"article:publisher\" content=\"https:\/\/www.facebook.com\/profile.php?id=100008943462799\" \/>\n<meta property=\"article:published_time\" content=\"2023-11-22T15:38:36+00:00\" \/>\n<meta property=\"og:image\" content=\"https:\/\/www.bellunopress.it\/wp-content\/uploads\/2023\/03\/belluno-al-centro_edited.jpg\" \/>\n\t<meta property=\"og:image:width\" content=\"512\" \/>\n\t<meta property=\"og:image:height\" content=\"512\" \/>\n\t<meta property=\"og:image:type\" content=\"image\/jpeg\" \/>\n<meta name=\"author\" content=\"redazione\" \/>\n<meta name=\"twitter:card\" content=\"summary_large_image\" \/>\n<meta name=\"twitter:creator\" content=\"@bellunopress\" \/>\n<meta name=\"twitter:site\" content=\"@bellunopress\" \/>\n<meta name=\"twitter:label1\" content=\"\u00c9crit par\" \/>\n\t<meta name=\"twitter:data1\" content=\"redazione\" \/>\n\t<meta name=\"twitter:label2\" content=\"Dur\u00e9e de lecture estim\u00e9e\" \/>\n\t<meta name=\"twitter:data2\" content=\"4 minutes\" \/>\n<script type=\"application\/ld+json\" class=\"yoast-schema-graph\">{\"@context\":\"https:\\\/\\\/schema.org\",\"@graph\":[{\"@type\":\"Article\",\"@id\":\"https:\\\/\\\/www.bellunopress.it\\\/2023\\\/11\\\/22\\\/nevegal-gruppo-belluno-al-centro-guardiamo-ai-fatti-e-al-progetto-complessivo-silenzio-sul-mancato-acquisto-dellolivier-dalla-nevegal365\\\/#article\",\"isPartOf\":{\"@id\":\"https:\\\/\\\/www.bellunopress.it\\\/2023\\\/11\\\/22\\\/nevegal-gruppo-belluno-al-centro-guardiamo-ai-fatti-e-al-progetto-complessivo-silenzio-sul-mancato-acquisto-dellolivier-dalla-nevegal365\\\/\"},\"author\":{\"name\":\"redazione\",\"@id\":\"https:\\\/\\\/www.bellunopress.it\\\/#\\\/schema\\\/person\\\/79bb06722b37ece1c03d3e94beb30d73\"},\"headline\":\"Nevegal. Gruppo Belluno al centro: &#8220;Guardiamo ai fatti e al progetto complessivo&#8221;. Silenzio sul mancato acquisto dell&#8217;Olivier dalla Nevegal365\",\"datePublished\":\"2023-11-22T15:38:36+00:00\",\"mainEntityOfPage\":{\"@id\":\"https:\\\/\\\/www.bellunopress.it\\\/2023\\\/11\\\/22\\\/nevegal-gruppo-belluno-al-centro-guardiamo-ai-fatti-e-al-progetto-complessivo-silenzio-sul-mancato-acquisto-dellolivier-dalla-nevegal365\\\/\"},\"wordCount\":780,\"publisher\":{\"@id\":\"https:\\\/\\\/www.bellunopress.it\\\/#organization\"},\"image\":{\"@id\":\"https:\\\/\\\/www.bellunopress.it\\\/2023\\\/11\\\/22\\\/nevegal-gruppo-belluno-al-centro-guardiamo-ai-fatti-e-al-progetto-complessivo-silenzio-sul-mancato-acquisto-dellolivier-dalla-nevegal365\\\/#primaryimage\"},\"thumbnailUrl\":\"https:\\\/\\\/www.bellunopress.it\\\/wp-content\\\/uploads\\\/2023\\\/03\\\/belluno-al-centro_edited.jpg\",\"articleSection\":[\"Cronaca\\\/Politica\",\"Prima Pagina\"],\"inLanguage\":\"fr-FR\"},{\"@type\":\"WebPage\",\"@id\":\"https:\\\/\\\/www.bellunopress.it\\\/2023\\\/11\\\/22\\\/nevegal-gruppo-belluno-al-centro-guardiamo-ai-fatti-e-al-progetto-complessivo-silenzio-sul-mancato-acquisto-dellolivier-dalla-nevegal365\\\/\",\"url\":\"https:\\\/\\\/www.bellunopress.it\\\/2023\\\/11\\\/22\\\/nevegal-gruppo-belluno-al-centro-guardiamo-ai-fatti-e-al-progetto-complessivo-silenzio-sul-mancato-acquisto-dellolivier-dalla-nevegal365\\\/\",\"name\":\"Nevegal. Gruppo Belluno al centro: \\\"Guardiamo ai fatti e al progetto complessivo\\\". Silenzio sul mancato acquisto dell'Olivier dalla Nevegal365 - Bellunopress - Dolomiti\",\"isPartOf\":{\"@id\":\"https:\\\/\\\/www.bellunopress.it\\\/#website\"},\"primaryImageOfPage\":{\"@id\":\"https:\\\/\\\/www.bellunopress.it\\\/2023\\\/11\\\/22\\\/nevegal-gruppo-belluno-al-centro-guardiamo-ai-fatti-e-al-progetto-complessivo-silenzio-sul-mancato-acquisto-dellolivier-dalla-nevegal365\\\/#primaryimage\"},\"image\":{\"@id\":\"https:\\\/\\\/www.bellunopress.it\\\/2023\\\/11\\\/22\\\/nevegal-gruppo-belluno-al-centro-guardiamo-ai-fatti-e-al-progetto-complessivo-silenzio-sul-mancato-acquisto-dellolivier-dalla-nevegal365\\\/#primaryimage\"},\"thumbnailUrl\":\"https:\\\/\\\/www.bellunopress.it\\\/wp-content\\\/uploads\\\/2023\\\/03\\\/belluno-al-centro_edited.jpg\",\"datePublished\":\"2023-11-22T15:38:36+00:00\",\"breadcrumb\":{\"@id\":\"https:\\\/\\\/www.bellunopress.it\\\/2023\\\/11\\\/22\\\/nevegal-gruppo-belluno-al-centro-guardiamo-ai-fatti-e-al-progetto-complessivo-silenzio-sul-mancato-acquisto-dellolivier-dalla-nevegal365\\\/#breadcrumb\"},\"inLanguage\":\"fr-FR\",\"potentialAction\":[{\"@type\":\"ReadAction\",\"target\":[\"https:\\\/\\\/www.bellunopress.it\\\/2023\\\/11\\\/22\\\/nevegal-gruppo-belluno-al-centro-guardiamo-ai-fatti-e-al-progetto-complessivo-silenzio-sul-mancato-acquisto-dellolivier-dalla-nevegal365\\\/\"]}]},{\"@type\":\"ImageObject\",\"inLanguage\":\"fr-FR\",\"@id\":\"https:\\\/\\\/www.bellunopress.it\\\/2023\\\/11\\\/22\\\/nevegal-gruppo-belluno-al-centro-guardiamo-ai-fatti-e-al-progetto-complessivo-silenzio-sul-mancato-acquisto-dellolivier-dalla-nevegal365\\\/#primaryimage\",\"url\":\"https:\\\/\\\/www.bellunopress.it\\\/wp-content\\\/uploads\\\/2023\\\/03\\\/belluno-al-centro_edited.jpg\",\"contentUrl\":\"https:\\\/\\\/www.bellunopress.it\\\/wp-content\\\/uploads\\\/2023\\\/03\\\/belluno-al-centro_edited.jpg\",\"width\":512,\"height\":512},{\"@type\":\"BreadcrumbList\",\"@id\":\"https:\\\/\\\/www.bellunopress.it\\\/2023\\\/11\\\/22\\\/nevegal-gruppo-belluno-al-centro-guardiamo-ai-fatti-e-al-progetto-complessivo-silenzio-sul-mancato-acquisto-dellolivier-dalla-nevegal365\\\/#breadcrumb\",\"itemListElement\":[{\"@type\":\"ListItem\",\"position\":1,\"name\":\"Home\",\"item\":\"https:\\\/\\\/www.bellunopress.it\\\/\"},{\"@type\":\"ListItem\",\"position\":2,\"name\":\"Nevegal. Gruppo Belluno al centro: &#8220;Guardiamo ai fatti e al progetto complessivo&#8221;. Silenzio sul mancato acquisto dell&#8217;Olivier dalla Nevegal365\"}]},{\"@type\":\"WebSite\",\"@id\":\"https:\\\/\\\/www.bellunopress.it\\\/#website\",\"url\":\"https:\\\/\\\/www.bellunopress.it\\\/\",\"name\":\"Bellunopress - Dolomiti\",\"description\":\"e-mail: redazione@bellunopress.it\",\"publisher\":{\"@id\":\"https:\\\/\\\/www.bellunopress.it\\\/#organization\"},\"potentialAction\":[{\"@type\":\"SearchAction\",\"target\":{\"@type\":\"EntryPoint\",\"urlTemplate\":\"https:\\\/\\\/www.bellunopress.it\\\/?s={search_term_string}\"},\"query-input\":{\"@type\":\"PropertyValueSpecification\",\"valueRequired\":true,\"valueName\":\"search_term_string\"}}],\"inLanguage\":\"fr-FR\"},{\"@type\":\"Organization\",\"@id\":\"https:\\\/\\\/www.bellunopress.it\\\/#organization\",\"name\":\"Bellunopress\",\"url\":\"https:\\\/\\\/www.bellunopress.it\\\/\",\"logo\":{\"@type\":\"ImageObject\",\"inLanguage\":\"fr-FR\",\"@id\":\"https:\\\/\\\/www.bellunopress.it\\\/#\\\/schema\\\/logo\\\/image\\\/\",\"url\":\"https:\\\/\\\/www.bellunopress.it\\\/wp-content\\\/uploads\\\/2011\\\/05\\\/cropped-logo-bellunopress-.jpg\",\"contentUrl\":\"https:\\\/\\\/www.bellunopress.it\\\/wp-content\\\/uploads\\\/2011\\\/05\\\/cropped-logo-bellunopress-.jpg\",\"width\":512,\"height\":512,\"caption\":\"Bellunopress\"},\"image\":{\"@id\":\"https:\\\/\\\/www.bellunopress.it\\\/#\\\/schema\\\/logo\\\/image\\\/\"},\"sameAs\":[\"https:\\\/\\\/www.facebook.com\\\/profile.php?id=100008943462799\",\"https:\\\/\\\/x.com\\\/bellunopress\",\"https:\\\/\\\/www.linkedin.com\\\/hp\\\/?dnr=JBzUWaJfMUw8vbXJJ2tVW5-I3jZKvC4wsoxE&amp;amp;amp;amp;amp;amp;trk=nav_responsive_tab_home\",\"https:\\\/\\\/www.youtube.com\\\/channel\\\/UCxL0wu1uN0_3_7hGG0306cw\"]},{\"@type\":\"Person\",\"@id\":\"https:\\\/\\\/www.bellunopress.it\\\/#\\\/schema\\\/person\\\/79bb06722b37ece1c03d3e94beb30d73\",\"name\":\"redazione\",\"image\":{\"@type\":\"ImageObject\",\"inLanguage\":\"fr-FR\",\"@id\":\"https:\\\/\\\/secure.gravatar.com\\\/avatar\\\/37d968a2e67a6fd04c169c4bdef102d0bc5d31b2546345219e348575eb80e9a0?s=96&d=mm&r=g\",\"url\":\"https:\\\/\\\/secure.gravatar.com\\\/avatar\\\/37d968a2e67a6fd04c169c4bdef102d0bc5d31b2546345219e348575eb80e9a0?s=96&d=mm&r=g\",\"contentUrl\":\"https:\\\/\\\/secure.gravatar.com\\\/avatar\\\/37d968a2e67a6fd04c169c4bdef102d0bc5d31b2546345219e348575eb80e9a0?s=96&d=mm&r=g\",\"caption\":\"redazione\"},\"sameAs\":[\"http:\\\/\\\/www.bellunopress.it\",\"https:\\\/\\\/x.com\\\/bellunopress\"],\"url\":\"https:\\\/\\\/www.bellunopress.it\\\/fr\\\/author\\\/redazione\\\/\"}]}<\/script>\n<!-- \/ Yoast SEO plugin. -->","yoast_head_json":{"title":"Nevegal. Gruppo Belluno al centro: \"Guardiamo ai fatti e al progetto complessivo\". Silenzio sul mancato acquisto dell'Olivier dalla Nevegal365 - Bellunopress - Dolomiti","robots":{"index":"index","follow":"follow","max-snippet":"max-snippet:-1","max-image-preview":"max-image-preview:large","max-video-preview":"max-video-preview:-1"},"canonical":"https:\/\/www.bellunopress.it\/fr\/2023\/11\/22\/nevegal-gruppo-belluno-al-centro-guardiamo-ai-fatti-e-al-progetto-complessivo-silenzio-sul-mancato-acquisto-dellolivier-dalla-nevegal365\/","og_locale":"fr_FR","og_type":"article","og_title":"Nevegal. Gruppo Belluno al centro: \"Guardiamo ai fatti e al progetto complessivo\". Silenzio sul mancato acquisto dell'Olivier dalla Nevegal365 - Bellunopress - Dolomiti","og_description":"Belluno, 22 novembre 2023 &#8211; La notizia che ha acceso le polveri ieri, era quella dell&#8217;asta andata deserta per l&#8217;acquisto dell&#8217;albergo Olivier, a fronte delle dichiarazioni rilasciate in conferenza di presentazione del progetto di rilancio del Nevegal dai rappresentanti della Nevegal365 srl. In particolare la dichiarazione che era stata fatta di voler rilevare le quattro [&hellip;]","og_url":"https:\/\/www.bellunopress.it\/fr\/2023\/11\/22\/nevegal-gruppo-belluno-al-centro-guardiamo-ai-fatti-e-al-progetto-complessivo-silenzio-sul-mancato-acquisto-dellolivier-dalla-nevegal365\/","og_site_name":"Bellunopress - Dolomiti","article_publisher":"https:\/\/www.facebook.com\/profile.php?id=100008943462799","article_published_time":"2023-11-22T15:38:36+00:00","og_image":[{"width":512,"height":512,"url":"https:\/\/www.bellunopress.it\/wp-content\/uploads\/2023\/03\/belluno-al-centro_edited.jpg","type":"image\/jpeg"}],"author":"redazione","twitter_card":"summary_large_image","twitter_creator":"@bellunopress","twitter_site":"@bellunopress","twitter_misc":{"\u00c9crit par":"redazione","Dur\u00e9e de lecture estim\u00e9e":"4 minutes"},"schema":{"@context":"https:\/\/schema.org","@graph":[{"@type":"Article","@id":"https:\/\/www.bellunopress.it\/2023\/11\/22\/nevegal-gruppo-belluno-al-centro-guardiamo-ai-fatti-e-al-progetto-complessivo-silenzio-sul-mancato-acquisto-dellolivier-dalla-nevegal365\/#article","isPartOf":{"@id":"https:\/\/www.bellunopress.it\/2023\/11\/22\/nevegal-gruppo-belluno-al-centro-guardiamo-ai-fatti-e-al-progetto-complessivo-silenzio-sul-mancato-acquisto-dellolivier-dalla-nevegal365\/"},"author":{"name":"redazione","@id":"https:\/\/www.bellunopress.it\/#\/schema\/person\/79bb06722b37ece1c03d3e94beb30d73"},"headline":"Nevegal. Gruppo Belluno al centro: &#8220;Guardiamo ai fatti e al progetto complessivo&#8221;. Silenzio sul mancato acquisto dell&#8217;Olivier dalla Nevegal365","datePublished":"2023-11-22T15:38:36+00:00","mainEntityOfPage":{"@id":"https:\/\/www.bellunopress.it\/2023\/11\/22\/nevegal-gruppo-belluno-al-centro-guardiamo-ai-fatti-e-al-progetto-complessivo-silenzio-sul-mancato-acquisto-dellolivier-dalla-nevegal365\/"},"wordCount":780,"publisher":{"@id":"https:\/\/www.bellunopress.it\/#organization"},"image":{"@id":"https:\/\/www.bellunopress.it\/2023\/11\/22\/nevegal-gruppo-belluno-al-centro-guardiamo-ai-fatti-e-al-progetto-complessivo-silenzio-sul-mancato-acquisto-dellolivier-dalla-nevegal365\/#primaryimage"},"thumbnailUrl":"https:\/\/www.bellunopress.it\/wp-content\/uploads\/2023\/03\/belluno-al-centro_edited.jpg","articleSection":["Cronaca\/Politica","Prima Pagina"],"inLanguage":"fr-FR"},{"@type":"WebPage","@id":"https:\/\/www.bellunopress.it\/2023\/11\/22\/nevegal-gruppo-belluno-al-centro-guardiamo-ai-fatti-e-al-progetto-complessivo-silenzio-sul-mancato-acquisto-dellolivier-dalla-nevegal365\/","url":"https:\/\/www.bellunopress.it\/2023\/11\/22\/nevegal-gruppo-belluno-al-centro-guardiamo-ai-fatti-e-al-progetto-complessivo-silenzio-sul-mancato-acquisto-dellolivier-dalla-nevegal365\/","name":"Nevegal. Gruppo Belluno al centro: \"Guardiamo ai fatti e al progetto complessivo\". Silenzio sul mancato acquisto dell'Olivier dalla Nevegal365 - Bellunopress - Dolomiti","isPartOf":{"@id":"https:\/\/www.bellunopress.it\/#website"},"primaryImageOfPage":{"@id":"https:\/\/www.bellunopress.it\/2023\/11\/22\/nevegal-gruppo-belluno-al-centro-guardiamo-ai-fatti-e-al-progetto-complessivo-silenzio-sul-mancato-acquisto-dellolivier-dalla-nevegal365\/#primaryimage"},"image":{"@id":"https:\/\/www.bellunopress.it\/2023\/11\/22\/nevegal-gruppo-belluno-al-centro-guardiamo-ai-fatti-e-al-progetto-complessivo-silenzio-sul-mancato-acquisto-dellolivier-dalla-nevegal365\/#primaryimage"},"thumbnailUrl":"https:\/\/www.bellunopress.it\/wp-content\/uploads\/2023\/03\/belluno-al-centro_edited.jpg","datePublished":"2023-11-22T15:38:36+00:00","breadcrumb":{"@id":"https:\/\/www.bellunopress.it\/2023\/11\/22\/nevegal-gruppo-belluno-al-centro-guardiamo-ai-fatti-e-al-progetto-complessivo-silenzio-sul-mancato-acquisto-dellolivier-dalla-nevegal365\/#breadcrumb"},"inLanguage":"fr-FR","potentialAction":[{"@type":"ReadAction","target":["https:\/\/www.bellunopress.it\/2023\/11\/22\/nevegal-gruppo-belluno-al-centro-guardiamo-ai-fatti-e-al-progetto-complessivo-silenzio-sul-mancato-acquisto-dellolivier-dalla-nevegal365\/"]}]},{"@type":"ImageObject","inLanguage":"fr-FR","@id":"https:\/\/www.bellunopress.it\/2023\/11\/22\/nevegal-gruppo-belluno-al-centro-guardiamo-ai-fatti-e-al-progetto-complessivo-silenzio-sul-mancato-acquisto-dellolivier-dalla-nevegal365\/#primaryimage","url":"https:\/\/www.bellunopress.it\/wp-content\/uploads\/2023\/03\/belluno-al-centro_edited.jpg","contentUrl":"https:\/\/www.bellunopress.it\/wp-content\/uploads\/2023\/03\/belluno-al-centro_edited.jpg","width":512,"height":512},{"@type":"BreadcrumbList","@id":"https:\/\/www.bellunopress.it\/2023\/11\/22\/nevegal-gruppo-belluno-al-centro-guardiamo-ai-fatti-e-al-progetto-complessivo-silenzio-sul-mancato-acquisto-dellolivier-dalla-nevegal365\/#breadcrumb","itemListElement":[{"@type":"ListItem","position":1,"name":"Home","item":"https:\/\/www.bellunopress.it\/"},{"@type":"ListItem","position":2,"name":"Nevegal. Gruppo Belluno al centro: &#8220;Guardiamo ai fatti e al progetto complessivo&#8221;. Silenzio sul mancato acquisto dell&#8217;Olivier dalla Nevegal365"}]},{"@type":"WebSite","@id":"https:\/\/www.bellunopress.it\/#website","url":"https:\/\/www.bellunopress.it\/","name":"Bellunopress - Dolomiti","description":"e-mail: redazione@bellunopress.it","publisher":{"@id":"https:\/\/www.bellunopress.it\/#organization"},"potentialAction":[{"@type":"SearchAction","target":{"@type":"EntryPoint","urlTemplate":"https:\/\/www.bellunopress.it\/?s={search_term_string}"},"query-input":{"@type":"PropertyValueSpecification","valueRequired":true,"valueName":"search_term_string"}}],"inLanguage":"fr-FR"},{"@type":"Organization","@id":"https:\/\/www.bellunopress.it\/#organization","name":"Bellunopress","url":"https:\/\/www.bellunopress.it\/","logo":{"@type":"ImageObject","inLanguage":"fr-FR","@id":"https:\/\/www.bellunopress.it\/#\/schema\/logo\/image\/","url":"https:\/\/www.bellunopress.it\/wp-content\/uploads\/2011\/05\/cropped-logo-bellunopress-.jpg","contentUrl":"https:\/\/www.bellunopress.it\/wp-content\/uploads\/2011\/05\/cropped-logo-bellunopress-.jpg","width":512,"height":512,"caption":"Bellunopress"},"image":{"@id":"https:\/\/www.bellunopress.it\/#\/schema\/logo\/image\/"},"sameAs":["https:\/\/www.facebook.com\/profile.php?id=100008943462799","https:\/\/x.com\/bellunopress","https:\/\/www.linkedin.com\/hp\/?dnr=JBzUWaJfMUw8vbXJJ2tVW5-I3jZKvC4wsoxE&amp;amp;amp;amp;amp;amp;trk=nav_responsive_tab_home","https:\/\/www.youtube.com\/channel\/UCxL0wu1uN0_3_7hGG0306cw"]},{"@type":"Person","@id":"https:\/\/www.bellunopress.it\/#\/schema\/person\/79bb06722b37ece1c03d3e94beb30d73","name":"r\u00e9daction","image":{"@type":"ImageObject","inLanguage":"fr-FR","@id":"https:\/\/secure.gravatar.com\/avatar\/37d968a2e67a6fd04c169c4bdef102d0bc5d31b2546345219e348575eb80e9a0?s=96&d=mm&r=g","url":"https:\/\/secure.gravatar.com\/avatar\/37d968a2e67a6fd04c169c4bdef102d0bc5d31b2546345219e348575eb80e9a0?s=96&d=mm&r=g","contentUrl":"https:\/\/secure.gravatar.com\/avatar\/37d968a2e67a6fd04c169c4bdef102d0bc5d31b2546345219e348575eb80e9a0?s=96&d=mm&r=g","caption":"redazione"},"sameAs":["http:\/\/www.bellunopress.it","https:\/\/x.com\/bellunopress"],"url":"https:\/\/www.bellunopress.it\/fr\/author\/redazione\/"}]}},"_links":{"self":[{"href":"https:\/\/www.bellunopress.it\/fr\/wp-json\/wp\/v2\/posts\/146115","targetHints":{"allow":["GET"]}}],"collection":[{"href":"https:\/\/www.bellunopress.it\/fr\/wp-json\/wp\/v2\/posts"}],"about":[{"href":"https:\/\/www.bellunopress.it\/fr\/wp-json\/wp\/v2\/types\/post"}],"author":[{"embeddable":true,"href":"https:\/\/www.bellunopress.it\/fr\/wp-json\/wp\/v2\/users\/2"}],"replies":[{"embeddable":true,"href":"https:\/\/www.bellunopress.it\/fr\/wp-json\/wp\/v2\/comments?post=146115"}],"version-history":[{"count":1,"href":"https:\/\/www.bellunopress.it\/fr\/wp-json\/wp\/v2\/posts\/146115\/revisions"}],"predecessor-version":[{"id":146116,"href":"https:\/\/www.bellunopress.it\/fr\/wp-json\/wp\/v2\/posts\/146115\/revisions\/146116"}],"wp:featuredmedia":[{"embeddable":true,"href":"https:\/\/www.bellunopress.it\/fr\/wp-json\/wp\/v2\/media\/140186"}],"wp:attachment":[{"href":"https:\/\/www.bellunopress.it\/fr\/wp-json\/wp\/v2\/media?parent=146115"}],"wp:term":[{"taxonomy":"category","embeddable":true,"href":"https:\/\/www.bellunopress.it\/fr\/wp-json\/wp\/v2\/categories?post=146115"},{"taxonomy":"post_tag","embeddable":true,"href":"https:\/\/www.bellunopress.it\/fr\/wp-json\/wp\/v2\/tags?post=146115"}],"curies":[{"name":"wp","href":"https:\/\/api.w.org\/{rel}","templated":true}]}}