{"id":146106,"date":"2023-11-22T11:36:50","date_gmt":"2023-11-22T10:36:50","guid":{"rendered":"https:\/\/www.bellunopress.it\/?p=146106"},"modified":"2023-11-22T11:36:50","modified_gmt":"2023-11-22T10:36:50","slug":"longarone-inaugurazione-delle-panchine-rosse-e-fiaccolata-in-memoria-di-giulia-cecchettin","status":"publish","type":"post","link":"https:\/\/www.bellunopress.it\/fr\/2023\/11\/22\/longarone-inaugurazione-delle-panchine-rosse-e-fiaccolata-in-memoria-di-giulia-cecchettin\/","title":{"rendered":"Longarone. Inaugurazione delle panchine rosse e fiaccolata in memoria di Giulia Cecchettin"},"content":{"rendered":"<p><img loading=\"lazy\" decoding=\"async\" class=\"alignleft size-full wp-image-146107\" src=\"https:\/\/www.bellunopress.it\/wp-content\/uploads\/2023\/11\/panchina-rossa-stop-violenza_edited.jpg\" alt=\"\" width=\"959\" height=\"631\" srcset=\"https:\/\/www.bellunopress.it\/wp-content\/uploads\/2023\/11\/panchina-rossa-stop-violenza_edited.jpg 959w, https:\/\/www.bellunopress.it\/wp-content\/uploads\/2023\/11\/panchina-rossa-stop-violenza_edited-500x329.jpg 500w, https:\/\/www.bellunopress.it\/wp-content\/uploads\/2023\/11\/panchina-rossa-stop-violenza_edited-696x458.jpg 696w\" sizes=\"auto, (max-width: 959px) 100vw, 959px\" \/>Anche Longarone celebra il 25 novembre. Nella Giornata Internazionale per l\u2019eliminazione della violenza contro le donne, l\u2019Amministrazione comunale vuole ricordare Giulia Cecchettin, la giovane veneta ammazzata dall\u2019ex fidanzato nei giorni scorsi, e insieme a lei tutte le donne vittime di femminicidio.<br \/>\n\u00abStiamo preparando una fiaccolata, per accendere una luce sul triste fenomeno della violenza di genere\u00bb spiega il sindaco di Longarone, Roberto Padrin, insieme alla sua giunta. \u00abL\u2019assessore con delega alle pari opportunit\u00e0 Manola Sacchet ha proposto questa iniziativa che tutta l\u2019Amministrazione ha accolto. Sar\u00e0 il nostro segno di ricordo per Giulia, nella giornata di inaugurazione delle panchine rosse che abbiamo preparato e installato in centro e nelle frazioni\u00bb.<br \/>\nL\u2019appuntamento \u00e8 per sabato pomeriggio (25 novembre) alle 17 nella sala consiliare del Municipio. \u00c8 previsto un intervento di Flavia Monego, consigliera di parit\u00e0 della provincia di Belluno, insieme a un saluto di Ida Bortoluzzi, dell\u2019associazione Belluno Donna. A seguire, la fiaccolata dal Municipio a una delle due panchine rosse del centro, in piazzetta Urussanga.<br \/>\n\u00abIl Comune di Longarone quest&#8217;anno ha deciso di aderire all&#8217;iniziativa &#8220;Panchine Rosse&#8221;, collocando un panchina in ogni frazione. In tutto sono 16 le panchine rosse che abbiamo installato: due in centro e una per ogni frazione\u00bb spiega l\u2019assessore Sacchet. \u00abL&#8217;iniziativa vuole porre l&#8217;accento sul ruolo e sul valore che le donne hanno nella societ\u00e0, educando al contempo al rispetto e alla riflessione. La panchina rossa \u00e8 divenuta il simbolo del percorso di sensibilizzazione dell&#8217;eliminazione della violenza contro le donne. Siamo consapevoli che non basta una panchina per risolvere il problema delle violenze di genere. Ma vogliamo tenere alta l\u2019attenzione e sensibilizzare le nostre comunit\u00e0 locali su un fenomeno il cui contrasto \u00e8 possibile solo attraverso formazione, informazione e cultura\u00bb.<\/p>\n<p>&nbsp;<\/p>","protected":false},"excerpt":{"rendered":"<p>Anche Longarone celebra il 25 novembre. Nella Giornata Internazionale per l\u2019eliminazione della violenza contro le donne, l\u2019Amministrazione comunale vuole ricordare Giulia Cecchettin, la giovane veneta ammazzata dall\u2019ex fidanzato nei giorni scorsi, e insieme a lei tutte le donne vittime di femminicidio. \u00abStiamo preparando una fiaccolata, per accendere una luce sul triste fenomeno della violenza di [&hellip;]<\/p>\n","protected":false},"author":2,"featured_media":146107,"comment_status":"closed","ping_status":"open","sticky":false,"template":"","format":"standard","meta":{"footnotes":""},"categories":[27,26],"tags":[],"class_list":["post-146106","post","type-post","status-publish","format-standard","has-post-thumbnail","category-appuntamenti","category-prima-pagina"],"yoast_head":"<!-- This site is optimized with the Yoast SEO plugin v28.4 - https:\/\/yoast.com\/product\/yoast-seo-wordpress\/ -->\n<title>Longarone. Inaugurazione delle panchine rosse e fiaccolata in memoria di Giulia Cecchettin - Bellunopress - Dolomiti<\/title>\n<meta name=\"robots\" content=\"index, follow, max-snippet:-1, max-image-preview:large, max-video-preview:-1\" \/>\n<link rel=\"canonical\" href=\"https:\/\/www.bellunopress.it\/fr\/2023\/11\/22\/longarone-inaugurazione-delle-panchine-rosse-e-fiaccolata-in-memoria-di-giulia-cecchettin\/\" \/>\n<meta property=\"og:locale\" content=\"fr_FR\" \/>\n<meta property=\"og:type\" content=\"article\" \/>\n<meta property=\"og:title\" content=\"Longarone. Inaugurazione delle panchine rosse e fiaccolata in memoria di Giulia Cecchettin - Bellunopress - Dolomiti\" \/>\n<meta property=\"og:description\" content=\"Anche Longarone celebra il 25 novembre. Nella Giornata Internazionale per l\u2019eliminazione della violenza contro le donne, l\u2019Amministrazione comunale vuole ricordare Giulia Cecchettin, la giovane veneta ammazzata dall\u2019ex fidanzato nei giorni scorsi, e insieme a lei tutte le donne vittime di femminicidio. \u00abStiamo preparando una fiaccolata, per accendere una luce sul triste fenomeno della violenza di [&hellip;]\" \/>\n<meta property=\"og:url\" content=\"https:\/\/www.bellunopress.it\/fr\/2023\/11\/22\/longarone-inaugurazione-delle-panchine-rosse-e-fiaccolata-in-memoria-di-giulia-cecchettin\/\" \/>\n<meta property=\"og:site_name\" content=\"Bellunopress - Dolomiti\" \/>\n<meta property=\"article:publisher\" content=\"https:\/\/www.facebook.com\/profile.php?id=100008943462799\" \/>\n<meta property=\"article:published_time\" content=\"2023-11-22T10:36:50+00:00\" \/>\n<meta property=\"og:image\" content=\"https:\/\/www.bellunopress.it\/wp-content\/uploads\/2023\/11\/panchina-rossa-stop-violenza_edited.jpg\" \/>\n\t<meta property=\"og:image:width\" content=\"959\" \/>\n\t<meta property=\"og:image:height\" content=\"631\" \/>\n\t<meta property=\"og:image:type\" content=\"image\/jpeg\" \/>\n<meta name=\"author\" content=\"redazione\" \/>\n<meta name=\"twitter:card\" content=\"summary_large_image\" \/>\n<meta name=\"twitter:creator\" content=\"@bellunopress\" \/>\n<meta name=\"twitter:site\" content=\"@bellunopress\" \/>\n<meta name=\"twitter:label1\" content=\"\u00c9crit par\" \/>\n\t<meta name=\"twitter:data1\" content=\"redazione\" \/>\n\t<meta name=\"twitter:label2\" content=\"Dur\u00e9e de lecture estim\u00e9e\" \/>\n\t<meta name=\"twitter:data2\" content=\"1 minute\" \/>\n<script type=\"application\/ld+json\" class=\"yoast-schema-graph\">{\"@context\":\"https:\\\/\\\/schema.org\",\"@graph\":[{\"@type\":\"Article\",\"@id\":\"https:\\\/\\\/www.bellunopress.it\\\/2023\\\/11\\\/22\\\/longarone-inaugurazione-delle-panchine-rosse-e-fiaccolata-in-memoria-di-giulia-cecchettin\\\/#article\",\"isPartOf\":{\"@id\":\"https:\\\/\\\/www.bellunopress.it\\\/2023\\\/11\\\/22\\\/longarone-inaugurazione-delle-panchine-rosse-e-fiaccolata-in-memoria-di-giulia-cecchettin\\\/\"},\"author\":{\"name\":\"redazione\",\"@id\":\"https:\\\/\\\/www.bellunopress.it\\\/#\\\/schema\\\/person\\\/79bb06722b37ece1c03d3e94beb30d73\"},\"headline\":\"Longarone. Inaugurazione delle panchine rosse e fiaccolata in memoria di Giulia Cecchettin\",\"datePublished\":\"2023-11-22T10:36:50+00:00\",\"mainEntityOfPage\":{\"@id\":\"https:\\\/\\\/www.bellunopress.it\\\/2023\\\/11\\\/22\\\/longarone-inaugurazione-delle-panchine-rosse-e-fiaccolata-in-memoria-di-giulia-cecchettin\\\/\"},\"wordCount\":302,\"publisher\":{\"@id\":\"https:\\\/\\\/www.bellunopress.it\\\/#organization\"},\"image\":{\"@id\":\"https:\\\/\\\/www.bellunopress.it\\\/2023\\\/11\\\/22\\\/longarone-inaugurazione-delle-panchine-rosse-e-fiaccolata-in-memoria-di-giulia-cecchettin\\\/#primaryimage\"},\"thumbnailUrl\":\"https:\\\/\\\/www.bellunopress.it\\\/wp-content\\\/uploads\\\/2023\\\/11\\\/panchina-rossa-stop-violenza_edited.jpg\",\"articleSection\":[\"Appuntamenti, Eventi\",\"Prima Pagina\"],\"inLanguage\":\"fr-FR\"},{\"@type\":\"WebPage\",\"@id\":\"https:\\\/\\\/www.bellunopress.it\\\/2023\\\/11\\\/22\\\/longarone-inaugurazione-delle-panchine-rosse-e-fiaccolata-in-memoria-di-giulia-cecchettin\\\/\",\"url\":\"https:\\\/\\\/www.bellunopress.it\\\/2023\\\/11\\\/22\\\/longarone-inaugurazione-delle-panchine-rosse-e-fiaccolata-in-memoria-di-giulia-cecchettin\\\/\",\"name\":\"Longarone. Inaugurazione delle panchine rosse e fiaccolata in memoria di Giulia Cecchettin - Bellunopress - Dolomiti\",\"isPartOf\":{\"@id\":\"https:\\\/\\\/www.bellunopress.it\\\/#website\"},\"primaryImageOfPage\":{\"@id\":\"https:\\\/\\\/www.bellunopress.it\\\/2023\\\/11\\\/22\\\/longarone-inaugurazione-delle-panchine-rosse-e-fiaccolata-in-memoria-di-giulia-cecchettin\\\/#primaryimage\"},\"image\":{\"@id\":\"https:\\\/\\\/www.bellunopress.it\\\/2023\\\/11\\\/22\\\/longarone-inaugurazione-delle-panchine-rosse-e-fiaccolata-in-memoria-di-giulia-cecchettin\\\/#primaryimage\"},\"thumbnailUrl\":\"https:\\\/\\\/www.bellunopress.it\\\/wp-content\\\/uploads\\\/2023\\\/11\\\/panchina-rossa-stop-violenza_edited.jpg\",\"datePublished\":\"2023-11-22T10:36:50+00:00\",\"breadcrumb\":{\"@id\":\"https:\\\/\\\/www.bellunopress.it\\\/2023\\\/11\\\/22\\\/longarone-inaugurazione-delle-panchine-rosse-e-fiaccolata-in-memoria-di-giulia-cecchettin\\\/#breadcrumb\"},\"inLanguage\":\"fr-FR\",\"potentialAction\":[{\"@type\":\"ReadAction\",\"target\":[\"https:\\\/\\\/www.bellunopress.it\\\/2023\\\/11\\\/22\\\/longarone-inaugurazione-delle-panchine-rosse-e-fiaccolata-in-memoria-di-giulia-cecchettin\\\/\"]}]},{\"@type\":\"ImageObject\",\"inLanguage\":\"fr-FR\",\"@id\":\"https:\\\/\\\/www.bellunopress.it\\\/2023\\\/11\\\/22\\\/longarone-inaugurazione-delle-panchine-rosse-e-fiaccolata-in-memoria-di-giulia-cecchettin\\\/#primaryimage\",\"url\":\"https:\\\/\\\/www.bellunopress.it\\\/wp-content\\\/uploads\\\/2023\\\/11\\\/panchina-rossa-stop-violenza_edited.jpg\",\"contentUrl\":\"https:\\\/\\\/www.bellunopress.it\\\/wp-content\\\/uploads\\\/2023\\\/11\\\/panchina-rossa-stop-violenza_edited.jpg\",\"width\":959,\"height\":631},{\"@type\":\"BreadcrumbList\",\"@id\":\"https:\\\/\\\/www.bellunopress.it\\\/2023\\\/11\\\/22\\\/longarone-inaugurazione-delle-panchine-rosse-e-fiaccolata-in-memoria-di-giulia-cecchettin\\\/#breadcrumb\",\"itemListElement\":[{\"@type\":\"ListItem\",\"position\":1,\"name\":\"Home\",\"item\":\"https:\\\/\\\/www.bellunopress.it\\\/\"},{\"@type\":\"ListItem\",\"position\":2,\"name\":\"Longarone. Inaugurazione delle panchine rosse e fiaccolata in memoria di Giulia Cecchettin\"}]},{\"@type\":\"WebSite\",\"@id\":\"https:\\\/\\\/www.bellunopress.it\\\/#website\",\"url\":\"https:\\\/\\\/www.bellunopress.it\\\/\",\"name\":\"Bellunopress - Dolomiti\",\"description\":\"e-mail: redazione@bellunopress.it\",\"publisher\":{\"@id\":\"https:\\\/\\\/www.bellunopress.it\\\/#organization\"},\"potentialAction\":[{\"@type\":\"SearchAction\",\"target\":{\"@type\":\"EntryPoint\",\"urlTemplate\":\"https:\\\/\\\/www.bellunopress.it\\\/?s={search_term_string}\"},\"query-input\":{\"@type\":\"PropertyValueSpecification\",\"valueRequired\":true,\"valueName\":\"search_term_string\"}}],\"inLanguage\":\"fr-FR\"},{\"@type\":\"Organization\",\"@id\":\"https:\\\/\\\/www.bellunopress.it\\\/#organization\",\"name\":\"Bellunopress\",\"url\":\"https:\\\/\\\/www.bellunopress.it\\\/\",\"logo\":{\"@type\":\"ImageObject\",\"inLanguage\":\"fr-FR\",\"@id\":\"https:\\\/\\\/www.bellunopress.it\\\/#\\\/schema\\\/logo\\\/image\\\/\",\"url\":\"https:\\\/\\\/www.bellunopress.it\\\/wp-content\\\/uploads\\\/2011\\\/05\\\/cropped-logo-bellunopress-.jpg\",\"contentUrl\":\"https:\\\/\\\/www.bellunopress.it\\\/wp-content\\\/uploads\\\/2011\\\/05\\\/cropped-logo-bellunopress-.jpg\",\"width\":512,\"height\":512,\"caption\":\"Bellunopress\"},\"image\":{\"@id\":\"https:\\\/\\\/www.bellunopress.it\\\/#\\\/schema\\\/logo\\\/image\\\/\"},\"sameAs\":[\"https:\\\/\\\/www.facebook.com\\\/profile.php?id=100008943462799\",\"https:\\\/\\\/x.com\\\/bellunopress\",\"https:\\\/\\\/www.linkedin.com\\\/hp\\\/?dnr=JBzUWaJfMUw8vbXJJ2tVW5-I3jZKvC4wsoxE&amp;amp;amp;amp;amp;amp;trk=nav_responsive_tab_home\",\"https:\\\/\\\/www.youtube.com\\\/channel\\\/UCxL0wu1uN0_3_7hGG0306cw\"]},{\"@type\":\"Person\",\"@id\":\"https:\\\/\\\/www.bellunopress.it\\\/#\\\/schema\\\/person\\\/79bb06722b37ece1c03d3e94beb30d73\",\"name\":\"redazione\",\"image\":{\"@type\":\"ImageObject\",\"inLanguage\":\"fr-FR\",\"@id\":\"https:\\\/\\\/secure.gravatar.com\\\/avatar\\\/37d968a2e67a6fd04c169c4bdef102d0bc5d31b2546345219e348575eb80e9a0?s=96&d=mm&r=g\",\"url\":\"https:\\\/\\\/secure.gravatar.com\\\/avatar\\\/37d968a2e67a6fd04c169c4bdef102d0bc5d31b2546345219e348575eb80e9a0?s=96&d=mm&r=g\",\"contentUrl\":\"https:\\\/\\\/secure.gravatar.com\\\/avatar\\\/37d968a2e67a6fd04c169c4bdef102d0bc5d31b2546345219e348575eb80e9a0?s=96&d=mm&r=g\",\"caption\":\"redazione\"},\"sameAs\":[\"http:\\\/\\\/www.bellunopress.it\",\"https:\\\/\\\/x.com\\\/bellunopress\"],\"url\":\"https:\\\/\\\/www.bellunopress.it\\\/fr\\\/author\\\/redazione\\\/\"}]}<\/script>\n<!-- \/ Yoast SEO plugin. -->","yoast_head_json":{"title":"Longarone. Inaugurazione delle panchine rosse e fiaccolata in memoria di Giulia Cecchettin - Bellunopress - Dolomiti","robots":{"index":"index","follow":"follow","max-snippet":"max-snippet:-1","max-image-preview":"max-image-preview:large","max-video-preview":"max-video-preview:-1"},"canonical":"https:\/\/www.bellunopress.it\/fr\/2023\/11\/22\/longarone-inaugurazione-delle-panchine-rosse-e-fiaccolata-in-memoria-di-giulia-cecchettin\/","og_locale":"fr_FR","og_type":"article","og_title":"Longarone. Inaugurazione delle panchine rosse e fiaccolata in memoria di Giulia Cecchettin - Bellunopress - Dolomiti","og_description":"Anche Longarone celebra il 25 novembre. Nella Giornata Internazionale per l\u2019eliminazione della violenza contro le donne, l\u2019Amministrazione comunale vuole ricordare Giulia Cecchettin, la giovane veneta ammazzata dall\u2019ex fidanzato nei giorni scorsi, e insieme a lei tutte le donne vittime di femminicidio. \u00abStiamo preparando una fiaccolata, per accendere una luce sul triste fenomeno della violenza di [&hellip;]","og_url":"https:\/\/www.bellunopress.it\/fr\/2023\/11\/22\/longarone-inaugurazione-delle-panchine-rosse-e-fiaccolata-in-memoria-di-giulia-cecchettin\/","og_site_name":"Bellunopress - Dolomiti","article_publisher":"https:\/\/www.facebook.com\/profile.php?id=100008943462799","article_published_time":"2023-11-22T10:36:50+00:00","og_image":[{"width":959,"height":631,"url":"https:\/\/www.bellunopress.it\/wp-content\/uploads\/2023\/11\/panchina-rossa-stop-violenza_edited.jpg","type":"image\/jpeg"}],"author":"redazione","twitter_card":"summary_large_image","twitter_creator":"@bellunopress","twitter_site":"@bellunopress","twitter_misc":{"\u00c9crit par":"redazione","Dur\u00e9e de lecture estim\u00e9e":"1 minute"},"schema":{"@context":"https:\/\/schema.org","@graph":[{"@type":"Article","@id":"https:\/\/www.bellunopress.it\/2023\/11\/22\/longarone-inaugurazione-delle-panchine-rosse-e-fiaccolata-in-memoria-di-giulia-cecchettin\/#article","isPartOf":{"@id":"https:\/\/www.bellunopress.it\/2023\/11\/22\/longarone-inaugurazione-delle-panchine-rosse-e-fiaccolata-in-memoria-di-giulia-cecchettin\/"},"author":{"name":"redazione","@id":"https:\/\/www.bellunopress.it\/#\/schema\/person\/79bb06722b37ece1c03d3e94beb30d73"},"headline":"Longarone. Inaugurazione delle panchine rosse e fiaccolata in memoria di Giulia Cecchettin","datePublished":"2023-11-22T10:36:50+00:00","mainEntityOfPage":{"@id":"https:\/\/www.bellunopress.it\/2023\/11\/22\/longarone-inaugurazione-delle-panchine-rosse-e-fiaccolata-in-memoria-di-giulia-cecchettin\/"},"wordCount":302,"publisher":{"@id":"https:\/\/www.bellunopress.it\/#organization"},"image":{"@id":"https:\/\/www.bellunopress.it\/2023\/11\/22\/longarone-inaugurazione-delle-panchine-rosse-e-fiaccolata-in-memoria-di-giulia-cecchettin\/#primaryimage"},"thumbnailUrl":"https:\/\/www.bellunopress.it\/wp-content\/uploads\/2023\/11\/panchina-rossa-stop-violenza_edited.jpg","articleSection":["Appuntamenti, Eventi","Prima Pagina"],"inLanguage":"fr-FR"},{"@type":"WebPage","@id":"https:\/\/www.bellunopress.it\/2023\/11\/22\/longarone-inaugurazione-delle-panchine-rosse-e-fiaccolata-in-memoria-di-giulia-cecchettin\/","url":"https:\/\/www.bellunopress.it\/2023\/11\/22\/longarone-inaugurazione-delle-panchine-rosse-e-fiaccolata-in-memoria-di-giulia-cecchettin\/","name":"Longarone. Inaugurazione delle panchine rosse e fiaccolata in memoria di Giulia Cecchettin - Bellunopress - Dolomiti","isPartOf":{"@id":"https:\/\/www.bellunopress.it\/#website"},"primaryImageOfPage":{"@id":"https:\/\/www.bellunopress.it\/2023\/11\/22\/longarone-inaugurazione-delle-panchine-rosse-e-fiaccolata-in-memoria-di-giulia-cecchettin\/#primaryimage"},"image":{"@id":"https:\/\/www.bellunopress.it\/2023\/11\/22\/longarone-inaugurazione-delle-panchine-rosse-e-fiaccolata-in-memoria-di-giulia-cecchettin\/#primaryimage"},"thumbnailUrl":"https:\/\/www.bellunopress.it\/wp-content\/uploads\/2023\/11\/panchina-rossa-stop-violenza_edited.jpg","datePublished":"2023-11-22T10:36:50+00:00","breadcrumb":{"@id":"https:\/\/www.bellunopress.it\/2023\/11\/22\/longarone-inaugurazione-delle-panchine-rosse-e-fiaccolata-in-memoria-di-giulia-cecchettin\/#breadcrumb"},"inLanguage":"fr-FR","potentialAction":[{"@type":"ReadAction","target":["https:\/\/www.bellunopress.it\/2023\/11\/22\/longarone-inaugurazione-delle-panchine-rosse-e-fiaccolata-in-memoria-di-giulia-cecchettin\/"]}]},{"@type":"ImageObject","inLanguage":"fr-FR","@id":"https:\/\/www.bellunopress.it\/2023\/11\/22\/longarone-inaugurazione-delle-panchine-rosse-e-fiaccolata-in-memoria-di-giulia-cecchettin\/#primaryimage","url":"https:\/\/www.bellunopress.it\/wp-content\/uploads\/2023\/11\/panchina-rossa-stop-violenza_edited.jpg","contentUrl":"https:\/\/www.bellunopress.it\/wp-content\/uploads\/2023\/11\/panchina-rossa-stop-violenza_edited.jpg","width":959,"height":631},{"@type":"BreadcrumbList","@id":"https:\/\/www.bellunopress.it\/2023\/11\/22\/longarone-inaugurazione-delle-panchine-rosse-e-fiaccolata-in-memoria-di-giulia-cecchettin\/#breadcrumb","itemListElement":[{"@type":"ListItem","position":1,"name":"Home","item":"https:\/\/www.bellunopress.it\/"},{"@type":"ListItem","position":2,"name":"Longarone. Inaugurazione delle panchine rosse e fiaccolata in memoria di Giulia Cecchettin"}]},{"@type":"WebSite","@id":"https:\/\/www.bellunopress.it\/#website","url":"https:\/\/www.bellunopress.it\/","name":"Bellunopress - Dolomiti","description":"e-mail: redazione@bellunopress.it","publisher":{"@id":"https:\/\/www.bellunopress.it\/#organization"},"potentialAction":[{"@type":"SearchAction","target":{"@type":"EntryPoint","urlTemplate":"https:\/\/www.bellunopress.it\/?s={search_term_string}"},"query-input":{"@type":"PropertyValueSpecification","valueRequired":true,"valueName":"search_term_string"}}],"inLanguage":"fr-FR"},{"@type":"Organization","@id":"https:\/\/www.bellunopress.it\/#organization","name":"Bellunopress","url":"https:\/\/www.bellunopress.it\/","logo":{"@type":"ImageObject","inLanguage":"fr-FR","@id":"https:\/\/www.bellunopress.it\/#\/schema\/logo\/image\/","url":"https:\/\/www.bellunopress.it\/wp-content\/uploads\/2011\/05\/cropped-logo-bellunopress-.jpg","contentUrl":"https:\/\/www.bellunopress.it\/wp-content\/uploads\/2011\/05\/cropped-logo-bellunopress-.jpg","width":512,"height":512,"caption":"Bellunopress"},"image":{"@id":"https:\/\/www.bellunopress.it\/#\/schema\/logo\/image\/"},"sameAs":["https:\/\/www.facebook.com\/profile.php?id=100008943462799","https:\/\/x.com\/bellunopress","https:\/\/www.linkedin.com\/hp\/?dnr=JBzUWaJfMUw8vbXJJ2tVW5-I3jZKvC4wsoxE&amp;amp;amp;amp;amp;amp;trk=nav_responsive_tab_home","https:\/\/www.youtube.com\/channel\/UCxL0wu1uN0_3_7hGG0306cw"]},{"@type":"Person","@id":"https:\/\/www.bellunopress.it\/#\/schema\/person\/79bb06722b37ece1c03d3e94beb30d73","name":"r\u00e9daction","image":{"@type":"ImageObject","inLanguage":"fr-FR","@id":"https:\/\/secure.gravatar.com\/avatar\/37d968a2e67a6fd04c169c4bdef102d0bc5d31b2546345219e348575eb80e9a0?s=96&d=mm&r=g","url":"https:\/\/secure.gravatar.com\/avatar\/37d968a2e67a6fd04c169c4bdef102d0bc5d31b2546345219e348575eb80e9a0?s=96&d=mm&r=g","contentUrl":"https:\/\/secure.gravatar.com\/avatar\/37d968a2e67a6fd04c169c4bdef102d0bc5d31b2546345219e348575eb80e9a0?s=96&d=mm&r=g","caption":"redazione"},"sameAs":["http:\/\/www.bellunopress.it","https:\/\/x.com\/bellunopress"],"url":"https:\/\/www.bellunopress.it\/fr\/author\/redazione\/"}]}},"_links":{"self":[{"href":"https:\/\/www.bellunopress.it\/fr\/wp-json\/wp\/v2\/posts\/146106","targetHints":{"allow":["GET"]}}],"collection":[{"href":"https:\/\/www.bellunopress.it\/fr\/wp-json\/wp\/v2\/posts"}],"about":[{"href":"https:\/\/www.bellunopress.it\/fr\/wp-json\/wp\/v2\/types\/post"}],"author":[{"embeddable":true,"href":"https:\/\/www.bellunopress.it\/fr\/wp-json\/wp\/v2\/users\/2"}],"replies":[{"embeddable":true,"href":"https:\/\/www.bellunopress.it\/fr\/wp-json\/wp\/v2\/comments?post=146106"}],"version-history":[{"count":1,"href":"https:\/\/www.bellunopress.it\/fr\/wp-json\/wp\/v2\/posts\/146106\/revisions"}],"predecessor-version":[{"id":146108,"href":"https:\/\/www.bellunopress.it\/fr\/wp-json\/wp\/v2\/posts\/146106\/revisions\/146108"}],"wp:featuredmedia":[{"embeddable":true,"href":"https:\/\/www.bellunopress.it\/fr\/wp-json\/wp\/v2\/media\/146107"}],"wp:attachment":[{"href":"https:\/\/www.bellunopress.it\/fr\/wp-json\/wp\/v2\/media?parent=146106"}],"wp:term":[{"taxonomy":"category","embeddable":true,"href":"https:\/\/www.bellunopress.it\/fr\/wp-json\/wp\/v2\/categories?post=146106"},{"taxonomy":"post_tag","embeddable":true,"href":"https:\/\/www.bellunopress.it\/fr\/wp-json\/wp\/v2\/tags?post=146106"}],"curies":[{"name":"wp","href":"https:\/\/api.w.org\/{rel}","templated":true}]}}