{"id":146103,"date":"2023-11-22T10:15:17","date_gmt":"2023-11-22T09:15:17","guid":{"rendered":"https:\/\/www.bellunopress.it\/?p=146103"},"modified":"2023-11-22T07:07:32","modified_gmt":"2023-11-22T06:07:32","slug":"capodanno-2024-a-jesolo-con-radio-bellla-monella-e-radio-piterpan-eventi-gratuiti","status":"publish","type":"post","link":"https:\/\/www.bellunopress.it\/fr\/2023\/11\/22\/capodanno-2024-a-jesolo-con-radio-bellla-monella-e-radio-piterpan-eventi-gratuiti\/","title":{"rendered":"Capodanno 2024 a Jesolo con Radio Bellla &#038; Monella e Radio Piterpan. Eventi gratuiti"},"content":{"rendered":"<p><img loading=\"lazy\" decoding=\"async\" class=\"alignleft size-full wp-image-146104\" src=\"https:\/\/www.bellunopress.it\/wp-content\/uploads\/2023\/11\/capodanno-Jesolo-2024_edited.jpg\" alt=\"\" width=\"801\" height=\"321\" srcset=\"https:\/\/www.bellunopress.it\/wp-content\/uploads\/2023\/11\/capodanno-Jesolo-2024_edited.jpg 801w, https:\/\/www.bellunopress.it\/wp-content\/uploads\/2023\/11\/capodanno-Jesolo-2024_edited-500x200.jpg 500w, https:\/\/www.bellunopress.it\/wp-content\/uploads\/2023\/11\/capodanno-Jesolo-2024_edited-696x279.jpg 696w\" sizes=\"auto, (max-width: 801px) 100vw, 801px\" \/>Il giudice di X-Factor accompagner\u00e0 la citt\u00e0 balneare pi\u00f9 famosa dell&#8217;alto Adriatico nel primo giorno del 2024<br \/>\nQuest\u2019anno Radio Bellla &amp; Monella e Radio Piterpan raddoppiano il Capodanno.<br \/>\nSi comincia la sera del 31 dicembre, si finir\u00e0 di divertirsi, cantare e ballare il pomeriggio del primo gennaio.<\/p>\n<p>Sulla scia del grande successo dell\u2019anno scorso, Piazza Kennedy diventer\u00e0 il palcoscenico per le esibizioni musicali dei dj delle radio ufficiali del &#8216;Villaggio di Natale&#8217; e dell\u2019intera &#8216;Jesolo Citt\u00e0 del Natale&#8217;, e il live con i &#8220;Tributo Italiano&#8221;, storica showband, impostasi ormai a livello nazionale, avr\u00e0 modo di far attendere la mezzanotte con quintali di musica per tutti i gusti.<br \/>\nIl duo Marco Baxo-Fedro, mattatori dello &#8216;Sfogatoio&#8217; di Piterpan, sar\u00e0 sul palcoscenico della notte jesolana. Con il calice in mano, allo scoccare della mezzanotte, dopo l&#8217;immancabile countdown, il cielo sar\u00e0 carico di colori per l&#8217;ormai tradizionale spettacolo pirotecnico.<br \/>\nMa, come da titolo, dal pomeriggio del 1\u00b0 gennaio, la festa di benvenuto al 2024 continua con l&#8217;imperdibile showcase del super ospite Dargen D\u2019amico, il cantautore milanese reduce dal successo dell\u2019album \u201cNei sogni nessuno \u00e8 monogamo\u201d, contenente la hit \u201cDove si balla\u201d portata al successo dal Festival di Sanremo 2022.<\/p>\n<p>I due eventi saranno ad ingresso gratuito.<\/p>\n<p>Biografia Dargen D\u2019Amico.<br \/>\nRapper, cantautore e produttore, Dargen D\u2019Amico \u00e8 tra i rappresentanti pi\u00f9 eclettici e poetici della scena cantautorale italiana contemporanea. Nel suo percorso dieci album, tra cui due episodi che hanno cambiato la storia dell\u2019hip hop italiano: \u201cMusica senza musicisti\u201d (2006) e \u201cDi vizi di forma virt\u00f9\u201d (2008). Ha spostato i confini di genere fondendo, per la prima volta in Italia, il rap con la musica colta italiana. Uno stile unico caratterizzato dalla destrutturazione del linguaggio e da giochi di equilibrio tra i sensi delle parole. Ha ripetutamente collaborato con Fedez, Fabri Fibra, Marracash, Rkomi, Benny Benassi, Enrico Ruggeri, 883, Tedua.<br \/>\n\u00c8 impegnato in qualit\u00e0 di giudice nella 17^ edizione del programma televisivo X Factor.<\/p>","protected":false},"excerpt":{"rendered":"<p>Il giudice di X-Factor accompagner\u00e0 la citt\u00e0 balneare pi\u00f9 famosa dell&#8217;alto Adriatico nel primo giorno del 2024 Quest\u2019anno Radio Bellla &amp; Monella e Radio Piterpan raddoppiano il Capodanno. Si comincia la sera del 31 dicembre, si finir\u00e0 di divertirsi, cantare e ballare il pomeriggio del primo gennaio. Sulla scia del grande successo dell\u2019anno scorso, Piazza [&hellip;]<\/p>\n","protected":false},"author":2,"featured_media":146104,"comment_status":"closed","ping_status":"open","sticky":false,"template":"","format":"standard","meta":{"footnotes":""},"categories":[26,4],"tags":[3596],"class_list":["post-146103","post","type-post","status-publish","format-standard","has-post-thumbnail","category-prima-pagina","category-sport","tag-capodanno-2024-a-jesolo-con-radio-bellla-monella-e-radio-piterpan"],"yoast_head":"<!-- This site is optimized with the Yoast SEO plugin v28.4 - https:\/\/yoast.com\/product\/yoast-seo-wordpress\/ -->\n<title>Capodanno 2024 a Jesolo con Radio Bellla &amp; Monella e Radio Piterpan. Eventi gratuiti - Bellunopress - Dolomiti<\/title>\n<meta name=\"robots\" content=\"index, follow, max-snippet:-1, max-image-preview:large, max-video-preview:-1\" \/>\n<link rel=\"canonical\" href=\"https:\/\/www.bellunopress.it\/fr\/2023\/11\/22\/capodanno-2024-a-jesolo-con-radio-bellla-monella-e-radio-piterpan-eventi-gratuiti\/\" \/>\n<meta property=\"og:locale\" content=\"fr_FR\" \/>\n<meta property=\"og:type\" content=\"article\" \/>\n<meta property=\"og:title\" content=\"Capodanno 2024 a Jesolo con Radio Bellla &amp; Monella e Radio Piterpan. Eventi gratuiti - Bellunopress - Dolomiti\" \/>\n<meta property=\"og:description\" content=\"Il giudice di X-Factor accompagner\u00e0 la citt\u00e0 balneare pi\u00f9 famosa dell&#8217;alto Adriatico nel primo giorno del 2024 Quest\u2019anno Radio Bellla &amp; Monella e Radio Piterpan raddoppiano il Capodanno. Si comincia la sera del 31 dicembre, si finir\u00e0 di divertirsi, cantare e ballare il pomeriggio del primo gennaio. Sulla scia del grande successo dell\u2019anno scorso, Piazza [&hellip;]\" \/>\n<meta property=\"og:url\" content=\"https:\/\/www.bellunopress.it\/fr\/2023\/11\/22\/capodanno-2024-a-jesolo-con-radio-bellla-monella-e-radio-piterpan-eventi-gratuiti\/\" \/>\n<meta property=\"og:site_name\" content=\"Bellunopress - Dolomiti\" \/>\n<meta property=\"article:publisher\" content=\"https:\/\/www.facebook.com\/profile.php?id=100008943462799\" \/>\n<meta property=\"article:published_time\" content=\"2023-11-22T09:15:17+00:00\" \/>\n<meta property=\"og:image\" content=\"https:\/\/www.bellunopress.it\/wp-content\/uploads\/2023\/11\/capodanno-Jesolo-2024_edited.jpg\" \/>\n\t<meta property=\"og:image:width\" content=\"801\" \/>\n\t<meta property=\"og:image:height\" content=\"321\" \/>\n\t<meta property=\"og:image:type\" content=\"image\/jpeg\" \/>\n<meta name=\"author\" content=\"redazione\" \/>\n<meta name=\"twitter:card\" content=\"summary_large_image\" \/>\n<meta name=\"twitter:creator\" content=\"@bellunopress\" \/>\n<meta name=\"twitter:site\" content=\"@bellunopress\" \/>\n<meta name=\"twitter:label1\" content=\"\u00c9crit par\" \/>\n\t<meta name=\"twitter:data1\" content=\"redazione\" \/>\n\t<meta name=\"twitter:label2\" content=\"Dur\u00e9e de lecture estim\u00e9e\" \/>\n\t<meta name=\"twitter:data2\" content=\"2 minutes\" \/>\n<script type=\"application\/ld+json\" class=\"yoast-schema-graph\">{\"@context\":\"https:\\\/\\\/schema.org\",\"@graph\":[{\"@type\":\"Article\",\"@id\":\"https:\\\/\\\/www.bellunopress.it\\\/2023\\\/11\\\/22\\\/capodanno-2024-a-jesolo-con-radio-bellla-monella-e-radio-piterpan-eventi-gratuiti\\\/#article\",\"isPartOf\":{\"@id\":\"https:\\\/\\\/www.bellunopress.it\\\/2023\\\/11\\\/22\\\/capodanno-2024-a-jesolo-con-radio-bellla-monella-e-radio-piterpan-eventi-gratuiti\\\/\"},\"author\":{\"name\":\"redazione\",\"@id\":\"https:\\\/\\\/www.bellunopress.it\\\/#\\\/schema\\\/person\\\/79bb06722b37ece1c03d3e94beb30d73\"},\"headline\":\"Capodanno 2024 a Jesolo con Radio Bellla &#038; Monella e Radio Piterpan. Eventi gratuiti\",\"datePublished\":\"2023-11-22T09:15:17+00:00\",\"mainEntityOfPage\":{\"@id\":\"https:\\\/\\\/www.bellunopress.it\\\/2023\\\/11\\\/22\\\/capodanno-2024-a-jesolo-con-radio-bellla-monella-e-radio-piterpan-eventi-gratuiti\\\/\"},\"wordCount\":331,\"publisher\":{\"@id\":\"https:\\\/\\\/www.bellunopress.it\\\/#organization\"},\"image\":{\"@id\":\"https:\\\/\\\/www.bellunopress.it\\\/2023\\\/11\\\/22\\\/capodanno-2024-a-jesolo-con-radio-bellla-monella-e-radio-piterpan-eventi-gratuiti\\\/#primaryimage\"},\"thumbnailUrl\":\"https:\\\/\\\/www.bellunopress.it\\\/wp-content\\\/uploads\\\/2023\\\/11\\\/capodanno-Jesolo-2024_edited.jpg\",\"keywords\":[\"Capodanno 2024 a Jesolo con Radio Bellla &amp; Monella e Radio Piterpan\"],\"articleSection\":[\"Prima Pagina\",\"Sport, tempo libero\"],\"inLanguage\":\"fr-FR\"},{\"@type\":\"WebPage\",\"@id\":\"https:\\\/\\\/www.bellunopress.it\\\/2023\\\/11\\\/22\\\/capodanno-2024-a-jesolo-con-radio-bellla-monella-e-radio-piterpan-eventi-gratuiti\\\/\",\"url\":\"https:\\\/\\\/www.bellunopress.it\\\/2023\\\/11\\\/22\\\/capodanno-2024-a-jesolo-con-radio-bellla-monella-e-radio-piterpan-eventi-gratuiti\\\/\",\"name\":\"Capodanno 2024 a Jesolo con Radio Bellla & Monella e Radio Piterpan. Eventi gratuiti - Bellunopress - Dolomiti\",\"isPartOf\":{\"@id\":\"https:\\\/\\\/www.bellunopress.it\\\/#website\"},\"primaryImageOfPage\":{\"@id\":\"https:\\\/\\\/www.bellunopress.it\\\/2023\\\/11\\\/22\\\/capodanno-2024-a-jesolo-con-radio-bellla-monella-e-radio-piterpan-eventi-gratuiti\\\/#primaryimage\"},\"image\":{\"@id\":\"https:\\\/\\\/www.bellunopress.it\\\/2023\\\/11\\\/22\\\/capodanno-2024-a-jesolo-con-radio-bellla-monella-e-radio-piterpan-eventi-gratuiti\\\/#primaryimage\"},\"thumbnailUrl\":\"https:\\\/\\\/www.bellunopress.it\\\/wp-content\\\/uploads\\\/2023\\\/11\\\/capodanno-Jesolo-2024_edited.jpg\",\"datePublished\":\"2023-11-22T09:15:17+00:00\",\"breadcrumb\":{\"@id\":\"https:\\\/\\\/www.bellunopress.it\\\/2023\\\/11\\\/22\\\/capodanno-2024-a-jesolo-con-radio-bellla-monella-e-radio-piterpan-eventi-gratuiti\\\/#breadcrumb\"},\"inLanguage\":\"fr-FR\",\"potentialAction\":[{\"@type\":\"ReadAction\",\"target\":[\"https:\\\/\\\/www.bellunopress.it\\\/2023\\\/11\\\/22\\\/capodanno-2024-a-jesolo-con-radio-bellla-monella-e-radio-piterpan-eventi-gratuiti\\\/\"]}]},{\"@type\":\"ImageObject\",\"inLanguage\":\"fr-FR\",\"@id\":\"https:\\\/\\\/www.bellunopress.it\\\/2023\\\/11\\\/22\\\/capodanno-2024-a-jesolo-con-radio-bellla-monella-e-radio-piterpan-eventi-gratuiti\\\/#primaryimage\",\"url\":\"https:\\\/\\\/www.bellunopress.it\\\/wp-content\\\/uploads\\\/2023\\\/11\\\/capodanno-Jesolo-2024_edited.jpg\",\"contentUrl\":\"https:\\\/\\\/www.bellunopress.it\\\/wp-content\\\/uploads\\\/2023\\\/11\\\/capodanno-Jesolo-2024_edited.jpg\",\"width\":801,\"height\":321},{\"@type\":\"BreadcrumbList\",\"@id\":\"https:\\\/\\\/www.bellunopress.it\\\/2023\\\/11\\\/22\\\/capodanno-2024-a-jesolo-con-radio-bellla-monella-e-radio-piterpan-eventi-gratuiti\\\/#breadcrumb\",\"itemListElement\":[{\"@type\":\"ListItem\",\"position\":1,\"name\":\"Home\",\"item\":\"https:\\\/\\\/www.bellunopress.it\\\/\"},{\"@type\":\"ListItem\",\"position\":2,\"name\":\"Capodanno 2024 a Jesolo con Radio Bellla &#038; Monella e Radio Piterpan. Eventi gratuiti\"}]},{\"@type\":\"WebSite\",\"@id\":\"https:\\\/\\\/www.bellunopress.it\\\/#website\",\"url\":\"https:\\\/\\\/www.bellunopress.it\\\/\",\"name\":\"Bellunopress - Dolomiti\",\"description\":\"e-mail: redazione@bellunopress.it\",\"publisher\":{\"@id\":\"https:\\\/\\\/www.bellunopress.it\\\/#organization\"},\"potentialAction\":[{\"@type\":\"SearchAction\",\"target\":{\"@type\":\"EntryPoint\",\"urlTemplate\":\"https:\\\/\\\/www.bellunopress.it\\\/?s={search_term_string}\"},\"query-input\":{\"@type\":\"PropertyValueSpecification\",\"valueRequired\":true,\"valueName\":\"search_term_string\"}}],\"inLanguage\":\"fr-FR\"},{\"@type\":\"Organization\",\"@id\":\"https:\\\/\\\/www.bellunopress.it\\\/#organization\",\"name\":\"Bellunopress\",\"url\":\"https:\\\/\\\/www.bellunopress.it\\\/\",\"logo\":{\"@type\":\"ImageObject\",\"inLanguage\":\"fr-FR\",\"@id\":\"https:\\\/\\\/www.bellunopress.it\\\/#\\\/schema\\\/logo\\\/image\\\/\",\"url\":\"https:\\\/\\\/www.bellunopress.it\\\/wp-content\\\/uploads\\\/2011\\\/05\\\/cropped-logo-bellunopress-.jpg\",\"contentUrl\":\"https:\\\/\\\/www.bellunopress.it\\\/wp-content\\\/uploads\\\/2011\\\/05\\\/cropped-logo-bellunopress-.jpg\",\"width\":512,\"height\":512,\"caption\":\"Bellunopress\"},\"image\":{\"@id\":\"https:\\\/\\\/www.bellunopress.it\\\/#\\\/schema\\\/logo\\\/image\\\/\"},\"sameAs\":[\"https:\\\/\\\/www.facebook.com\\\/profile.php?id=100008943462799\",\"https:\\\/\\\/x.com\\\/bellunopress\",\"https:\\\/\\\/www.linkedin.com\\\/hp\\\/?dnr=JBzUWaJfMUw8vbXJJ2tVW5-I3jZKvC4wsoxE&amp;amp;amp;amp;amp;amp;trk=nav_responsive_tab_home\",\"https:\\\/\\\/www.youtube.com\\\/channel\\\/UCxL0wu1uN0_3_7hGG0306cw\"]},{\"@type\":\"Person\",\"@id\":\"https:\\\/\\\/www.bellunopress.it\\\/#\\\/schema\\\/person\\\/79bb06722b37ece1c03d3e94beb30d73\",\"name\":\"redazione\",\"image\":{\"@type\":\"ImageObject\",\"inLanguage\":\"fr-FR\",\"@id\":\"https:\\\/\\\/secure.gravatar.com\\\/avatar\\\/37d968a2e67a6fd04c169c4bdef102d0bc5d31b2546345219e348575eb80e9a0?s=96&d=mm&r=g\",\"url\":\"https:\\\/\\\/secure.gravatar.com\\\/avatar\\\/37d968a2e67a6fd04c169c4bdef102d0bc5d31b2546345219e348575eb80e9a0?s=96&d=mm&r=g\",\"contentUrl\":\"https:\\\/\\\/secure.gravatar.com\\\/avatar\\\/37d968a2e67a6fd04c169c4bdef102d0bc5d31b2546345219e348575eb80e9a0?s=96&d=mm&r=g\",\"caption\":\"redazione\"},\"sameAs\":[\"http:\\\/\\\/www.bellunopress.it\",\"https:\\\/\\\/x.com\\\/bellunopress\"],\"url\":\"https:\\\/\\\/www.bellunopress.it\\\/fr\\\/author\\\/redazione\\\/\"}]}<\/script>\n<!-- \/ Yoast SEO plugin. -->","yoast_head_json":{"title":"Capodanno 2024 a Jesolo con Radio Bellla & Monella e Radio Piterpan. Eventi gratuiti - Bellunopress - Dolomiti","robots":{"index":"index","follow":"follow","max-snippet":"max-snippet:-1","max-image-preview":"max-image-preview:large","max-video-preview":"max-video-preview:-1"},"canonical":"https:\/\/www.bellunopress.it\/fr\/2023\/11\/22\/capodanno-2024-a-jesolo-con-radio-bellla-monella-e-radio-piterpan-eventi-gratuiti\/","og_locale":"fr_FR","og_type":"article","og_title":"Capodanno 2024 a Jesolo con Radio Bellla & Monella e Radio Piterpan. Eventi gratuiti - Bellunopress - Dolomiti","og_description":"Il giudice di X-Factor accompagner\u00e0 la citt\u00e0 balneare pi\u00f9 famosa dell&#8217;alto Adriatico nel primo giorno del 2024 Quest\u2019anno Radio Bellla &amp; Monella e Radio Piterpan raddoppiano il Capodanno. Si comincia la sera del 31 dicembre, si finir\u00e0 di divertirsi, cantare e ballare il pomeriggio del primo gennaio. Sulla scia del grande successo dell\u2019anno scorso, Piazza [&hellip;]","og_url":"https:\/\/www.bellunopress.it\/fr\/2023\/11\/22\/capodanno-2024-a-jesolo-con-radio-bellla-monella-e-radio-piterpan-eventi-gratuiti\/","og_site_name":"Bellunopress - Dolomiti","article_publisher":"https:\/\/www.facebook.com\/profile.php?id=100008943462799","article_published_time":"2023-11-22T09:15:17+00:00","og_image":[{"width":801,"height":321,"url":"https:\/\/www.bellunopress.it\/wp-content\/uploads\/2023\/11\/capodanno-Jesolo-2024_edited.jpg","type":"image\/jpeg"}],"author":"redazione","twitter_card":"summary_large_image","twitter_creator":"@bellunopress","twitter_site":"@bellunopress","twitter_misc":{"\u00c9crit par":"redazione","Dur\u00e9e de lecture estim\u00e9e":"2 minutes"},"schema":{"@context":"https:\/\/schema.org","@graph":[{"@type":"Article","@id":"https:\/\/www.bellunopress.it\/2023\/11\/22\/capodanno-2024-a-jesolo-con-radio-bellla-monella-e-radio-piterpan-eventi-gratuiti\/#article","isPartOf":{"@id":"https:\/\/www.bellunopress.it\/2023\/11\/22\/capodanno-2024-a-jesolo-con-radio-bellla-monella-e-radio-piterpan-eventi-gratuiti\/"},"author":{"name":"redazione","@id":"https:\/\/www.bellunopress.it\/#\/schema\/person\/79bb06722b37ece1c03d3e94beb30d73"},"headline":"Capodanno 2024 a Jesolo con Radio Bellla &#038; Monella e Radio Piterpan. Eventi gratuiti","datePublished":"2023-11-22T09:15:17+00:00","mainEntityOfPage":{"@id":"https:\/\/www.bellunopress.it\/2023\/11\/22\/capodanno-2024-a-jesolo-con-radio-bellla-monella-e-radio-piterpan-eventi-gratuiti\/"},"wordCount":331,"publisher":{"@id":"https:\/\/www.bellunopress.it\/#organization"},"image":{"@id":"https:\/\/www.bellunopress.it\/2023\/11\/22\/capodanno-2024-a-jesolo-con-radio-bellla-monella-e-radio-piterpan-eventi-gratuiti\/#primaryimage"},"thumbnailUrl":"https:\/\/www.bellunopress.it\/wp-content\/uploads\/2023\/11\/capodanno-Jesolo-2024_edited.jpg","keywords":["Capodanno 2024 a Jesolo con Radio Bellla &amp; Monella e Radio Piterpan"],"articleSection":["Prima Pagina","Sport, tempo libero"],"inLanguage":"fr-FR"},{"@type":"WebPage","@id":"https:\/\/www.bellunopress.it\/2023\/11\/22\/capodanno-2024-a-jesolo-con-radio-bellla-monella-e-radio-piterpan-eventi-gratuiti\/","url":"https:\/\/www.bellunopress.it\/2023\/11\/22\/capodanno-2024-a-jesolo-con-radio-bellla-monella-e-radio-piterpan-eventi-gratuiti\/","name":"Capodanno 2024 a Jesolo con Radio Bellla & Monella e Radio Piterpan. Eventi gratuiti - Bellunopress - Dolomiti","isPartOf":{"@id":"https:\/\/www.bellunopress.it\/#website"},"primaryImageOfPage":{"@id":"https:\/\/www.bellunopress.it\/2023\/11\/22\/capodanno-2024-a-jesolo-con-radio-bellla-monella-e-radio-piterpan-eventi-gratuiti\/#primaryimage"},"image":{"@id":"https:\/\/www.bellunopress.it\/2023\/11\/22\/capodanno-2024-a-jesolo-con-radio-bellla-monella-e-radio-piterpan-eventi-gratuiti\/#primaryimage"},"thumbnailUrl":"https:\/\/www.bellunopress.it\/wp-content\/uploads\/2023\/11\/capodanno-Jesolo-2024_edited.jpg","datePublished":"2023-11-22T09:15:17+00:00","breadcrumb":{"@id":"https:\/\/www.bellunopress.it\/2023\/11\/22\/capodanno-2024-a-jesolo-con-radio-bellla-monella-e-radio-piterpan-eventi-gratuiti\/#breadcrumb"},"inLanguage":"fr-FR","potentialAction":[{"@type":"ReadAction","target":["https:\/\/www.bellunopress.it\/2023\/11\/22\/capodanno-2024-a-jesolo-con-radio-bellla-monella-e-radio-piterpan-eventi-gratuiti\/"]}]},{"@type":"ImageObject","inLanguage":"fr-FR","@id":"https:\/\/www.bellunopress.it\/2023\/11\/22\/capodanno-2024-a-jesolo-con-radio-bellla-monella-e-radio-piterpan-eventi-gratuiti\/#primaryimage","url":"https:\/\/www.bellunopress.it\/wp-content\/uploads\/2023\/11\/capodanno-Jesolo-2024_edited.jpg","contentUrl":"https:\/\/www.bellunopress.it\/wp-content\/uploads\/2023\/11\/capodanno-Jesolo-2024_edited.jpg","width":801,"height":321},{"@type":"BreadcrumbList","@id":"https:\/\/www.bellunopress.it\/2023\/11\/22\/capodanno-2024-a-jesolo-con-radio-bellla-monella-e-radio-piterpan-eventi-gratuiti\/#breadcrumb","itemListElement":[{"@type":"ListItem","position":1,"name":"Home","item":"https:\/\/www.bellunopress.it\/"},{"@type":"ListItem","position":2,"name":"Capodanno 2024 a Jesolo con Radio Bellla &#038; Monella e Radio Piterpan. Eventi gratuiti"}]},{"@type":"WebSite","@id":"https:\/\/www.bellunopress.it\/#website","url":"https:\/\/www.bellunopress.it\/","name":"Bellunopress - Dolomiti","description":"e-mail: redazione@bellunopress.it","publisher":{"@id":"https:\/\/www.bellunopress.it\/#organization"},"potentialAction":[{"@type":"SearchAction","target":{"@type":"EntryPoint","urlTemplate":"https:\/\/www.bellunopress.it\/?s={search_term_string}"},"query-input":{"@type":"PropertyValueSpecification","valueRequired":true,"valueName":"search_term_string"}}],"inLanguage":"fr-FR"},{"@type":"Organization","@id":"https:\/\/www.bellunopress.it\/#organization","name":"Bellunopress","url":"https:\/\/www.bellunopress.it\/","logo":{"@type":"ImageObject","inLanguage":"fr-FR","@id":"https:\/\/www.bellunopress.it\/#\/schema\/logo\/image\/","url":"https:\/\/www.bellunopress.it\/wp-content\/uploads\/2011\/05\/cropped-logo-bellunopress-.jpg","contentUrl":"https:\/\/www.bellunopress.it\/wp-content\/uploads\/2011\/05\/cropped-logo-bellunopress-.jpg","width":512,"height":512,"caption":"Bellunopress"},"image":{"@id":"https:\/\/www.bellunopress.it\/#\/schema\/logo\/image\/"},"sameAs":["https:\/\/www.facebook.com\/profile.php?id=100008943462799","https:\/\/x.com\/bellunopress","https:\/\/www.linkedin.com\/hp\/?dnr=JBzUWaJfMUw8vbXJJ2tVW5-I3jZKvC4wsoxE&amp;amp;amp;amp;amp;amp;trk=nav_responsive_tab_home","https:\/\/www.youtube.com\/channel\/UCxL0wu1uN0_3_7hGG0306cw"]},{"@type":"Person","@id":"https:\/\/www.bellunopress.it\/#\/schema\/person\/79bb06722b37ece1c03d3e94beb30d73","name":"r\u00e9daction","image":{"@type":"ImageObject","inLanguage":"fr-FR","@id":"https:\/\/secure.gravatar.com\/avatar\/37d968a2e67a6fd04c169c4bdef102d0bc5d31b2546345219e348575eb80e9a0?s=96&d=mm&r=g","url":"https:\/\/secure.gravatar.com\/avatar\/37d968a2e67a6fd04c169c4bdef102d0bc5d31b2546345219e348575eb80e9a0?s=96&d=mm&r=g","contentUrl":"https:\/\/secure.gravatar.com\/avatar\/37d968a2e67a6fd04c169c4bdef102d0bc5d31b2546345219e348575eb80e9a0?s=96&d=mm&r=g","caption":"redazione"},"sameAs":["http:\/\/www.bellunopress.it","https:\/\/x.com\/bellunopress"],"url":"https:\/\/www.bellunopress.it\/fr\/author\/redazione\/"}]}},"_links":{"self":[{"href":"https:\/\/www.bellunopress.it\/fr\/wp-json\/wp\/v2\/posts\/146103","targetHints":{"allow":["GET"]}}],"collection":[{"href":"https:\/\/www.bellunopress.it\/fr\/wp-json\/wp\/v2\/posts"}],"about":[{"href":"https:\/\/www.bellunopress.it\/fr\/wp-json\/wp\/v2\/types\/post"}],"author":[{"embeddable":true,"href":"https:\/\/www.bellunopress.it\/fr\/wp-json\/wp\/v2\/users\/2"}],"replies":[{"embeddable":true,"href":"https:\/\/www.bellunopress.it\/fr\/wp-json\/wp\/v2\/comments?post=146103"}],"version-history":[{"count":1,"href":"https:\/\/www.bellunopress.it\/fr\/wp-json\/wp\/v2\/posts\/146103\/revisions"}],"predecessor-version":[{"id":146105,"href":"https:\/\/www.bellunopress.it\/fr\/wp-json\/wp\/v2\/posts\/146103\/revisions\/146105"}],"wp:featuredmedia":[{"embeddable":true,"href":"https:\/\/www.bellunopress.it\/fr\/wp-json\/wp\/v2\/media\/146104"}],"wp:attachment":[{"href":"https:\/\/www.bellunopress.it\/fr\/wp-json\/wp\/v2\/media?parent=146103"}],"wp:term":[{"taxonomy":"category","embeddable":true,"href":"https:\/\/www.bellunopress.it\/fr\/wp-json\/wp\/v2\/categories?post=146103"},{"taxonomy":"post_tag","embeddable":true,"href":"https:\/\/www.bellunopress.it\/fr\/wp-json\/wp\/v2\/tags?post=146103"}],"curies":[{"name":"wp","href":"https:\/\/api.w.org\/{rel}","templated":true}]}}