{"id":14610,"date":"2010-04-21T12:15:23","date_gmt":"2010-04-21T11:15:23","guid":{"rendered":"http:\/\/www.bellunopress.it\/?p=14610"},"modified":"2010-04-21T12:15:23","modified_gmt":"2010-04-21T11:15:23","slug":"contributo-regionale-%e2%80%9cbuono-scuola%e2%80%9d-domande-dal-1%c2%b0-al-31-maggio","status":"publish","type":"post","link":"https:\/\/www.bellunopress.it\/fr\/2010\/04\/21\/contributo-regionale-%e2%80%9cbuono-scuola%e2%80%9d-domande-dal-1%c2%b0-al-31-maggio\/","title":{"rendered":"Contributo regionale \u201cBuono scuola\u201d, domande dal 1\u00b0 al 31 maggio"},"content":{"rendered":"<p>La Regione Veneto ha emesso il bando per la presentazione delle domande per accedere al contributo \u201cBuono scuola\u201d, finalizzato alla copertura delle spese di iscrizione e frequenza e per le attivit\u00e0 di sostegno per gli studenti diversamente abili. Possono richiedere il contributo le famiglie degli studenti residenti nella Regione Veneto che frequentino, nell&#8217;anno scolastico 2009\/10, istituzioni scolastiche statali, paritarie, non paritarie e le istituzioni accreditate dalla Regione del Veneto, che svolgono i percorsi sperimentali di istruzione e formazione professionale realizzati sulla base dell&#8217;accordo in sede di Conferenza unificata del 19\/06\/2003. Il contributo pu\u00f2 essere concesso per le spese relative a tasse, rette, contributi di iscrizione e frequenza, che il richiedente ha gi\u00e0 sostenuto o che si \u00e8 impegnato a sostenere, in riferimento all\u2019anno 2009\/2010. Potr\u00e0 essere concesso solo se il richiedente e il suo nucleo familiare hanno una situazione economica equivalente inferiore o uguale a \u20ac 40.000. In caso di studenti diversamente abili, il contributo pu\u00f2, invece, essere concesso qualunque sia la situazione economica equivalente e pu\u00f2 riguardare anche le spese sostenute direttamente dalle famiglie per il personale insegnante impegnato, durante l&#8217;orario scolastico o formativo, in attivit\u00e0 didattica di sostegno. Per l&#8217;ammontare del contributo, esistono 3 fasce di reddito: da \u20ac 0 a 17.000, da \u20ac 17.000,01 a 30.000 e da \u20ac 30.000,01 a 40.000. La domanda deve essere presentata a partire dal 1\u00b0 maggio e entro il 31 maggio, esclusivamente via WEB, collegandosi all&#8217;indirizzo Internet\u00a0 <a href=\"http:\/\/www.regione.veneto.it\/istruzione\">www.regione.veneto.it\/istruzione<\/a>. Una volta compilati tutti i campi del modulo web di domanda, occorrer\u00e0 \u201csalvare\u201d il procedimento effettuato, ottenendo cos\u00ec un codice identificativo della domanda stessa. Tale codice dovr\u00e0 essere comunicato presentandosi presso l&#8217;istituzione scolastica o formativa frequentata dallo studente, con un documento di identit\u00e0 valido. Sar\u00e0 la scuola a confermare alcuni dati del dichiarante e a inoltrare la domanda alla Regione Veneto. Per chi non disponesse di un computer con collegamento a Internet, sar\u00e0 possibile recarsi presso l&#8217;Ufficio Relazioni con il Pubblico della Regione Veneto, nella sede di Belluno, in via Caffi 33.<\/p>","protected":false},"excerpt":{"rendered":"<p>La Regione Veneto ha emesso il bando per la presentazione delle domande per accedere al contributo \u201cBuono scuola\u201d, finalizzato alla copertura delle spese di iscrizione e frequenza e per le attivit\u00e0 di sostegno per gli studenti diversamente abili. Possono richiedere il contributo le famiglie degli studenti residenti nella Regione Veneto che frequentino, nell&#8217;anno scolastico 2009\/10, [&hellip;]<\/p>\n","protected":false},"author":2,"featured_media":0,"comment_status":"closed","ping_status":"open","sticky":false,"template":"","format":"standard","meta":{"footnotes":""},"categories":[26,15],"tags":[1306],"class_list":["post-14610","post","type-post","status-publish","format-standard","category-prima-pagina","category-scuola","tag-buono-scuola"],"yoast_head":"<!-- This site is optimized with the Yoast SEO plugin v28.4 - https:\/\/yoast.com\/product\/yoast-seo-wordpress\/ -->\n<title>Contributo regionale \u201cBuono scuola\u201d, domande dal 1\u00b0 al 31 maggio  - Bellunopress - Dolomiti<\/title>\n<meta name=\"robots\" content=\"index, follow, max-snippet:-1, max-image-preview:large, max-video-preview:-1\" \/>\n<link rel=\"canonical\" href=\"https:\/\/www.bellunopress.it\/fr\/2010\/04\/21\/contributo-regionale-\u201cbuono-scuola\u201d-domande-dal-1\u00b0-al-31-maggio\/\" \/>\n<meta property=\"og:locale\" content=\"fr_FR\" \/>\n<meta property=\"og:type\" content=\"article\" \/>\n<meta property=\"og:title\" content=\"Contributo regionale \u201cBuono scuola\u201d, domande dal 1\u00b0 al 31 maggio  - Bellunopress - Dolomiti\" \/>\n<meta property=\"og:description\" content=\"La Regione Veneto ha emesso il bando per la presentazione delle domande per accedere al contributo \u201cBuono scuola\u201d, finalizzato alla copertura delle spese di iscrizione e frequenza e per le attivit\u00e0 di sostegno per gli studenti diversamente abili. Possono richiedere il contributo le famiglie degli studenti residenti nella Regione Veneto che frequentino, nell&#8217;anno scolastico 2009\/10, [&hellip;]\" \/>\n<meta property=\"og:url\" content=\"https:\/\/www.bellunopress.it\/fr\/2010\/04\/21\/contributo-regionale-\u201cbuono-scuola\u201d-domande-dal-1\u00b0-al-31-maggio\/\" \/>\n<meta property=\"og:site_name\" content=\"Bellunopress - Dolomiti\" \/>\n<meta property=\"article:publisher\" content=\"https:\/\/www.facebook.com\/profile.php?id=100008943462799\" \/>\n<meta property=\"article:published_time\" content=\"2010-04-21T11:15:23+00:00\" \/>\n<meta property=\"og:image\" content=\"http:\/\/www.bellunopress.it\/wp-content\/uploads\/2012\/07\/logo-bellunopress-250x250-2012.jpg\" \/>\n<meta name=\"author\" content=\"redazione\" \/>\n<meta name=\"twitter:card\" content=\"summary_large_image\" \/>\n<meta name=\"twitter:creator\" content=\"@bellunopress\" \/>\n<meta name=\"twitter:site\" content=\"@bellunopress\" \/>\n<meta name=\"twitter:label1\" content=\"\u00c9crit par\" \/>\n\t<meta name=\"twitter:data1\" content=\"redazione\" \/>\n\t<meta name=\"twitter:label2\" content=\"Dur\u00e9e de lecture estim\u00e9e\" \/>\n\t<meta name=\"twitter:data2\" content=\"2 minutes\" \/>\n<script type=\"application\/ld+json\" class=\"yoast-schema-graph\">{\"@context\":\"https:\\\/\\\/schema.org\",\"@graph\":[{\"@type\":\"Article\",\"@id\":\"https:\\\/\\\/www.bellunopress.it\\\/2010\\\/04\\\/21\\\/contributo-regionale-%e2%80%9cbuono-scuola%e2%80%9d-domande-dal-1%c2%b0-al-31-maggio\\\/#article\",\"isPartOf\":{\"@id\":\"https:\\\/\\\/www.bellunopress.it\\\/2010\\\/04\\\/21\\\/contributo-regionale-%e2%80%9cbuono-scuola%e2%80%9d-domande-dal-1%c2%b0-al-31-maggio\\\/\"},\"author\":{\"name\":\"redazione\",\"@id\":\"https:\\\/\\\/www.bellunopress.it\\\/#\\\/schema\\\/person\\\/79bb06722b37ece1c03d3e94beb30d73\"},\"headline\":\"Contributo regionale \u201cBuono scuola\u201d, domande dal 1\u00b0 al 31 maggio\",\"datePublished\":\"2010-04-21T11:15:23+00:00\",\"mainEntityOfPage\":{\"@id\":\"https:\\\/\\\/www.bellunopress.it\\\/2010\\\/04\\\/21\\\/contributo-regionale-%e2%80%9cbuono-scuola%e2%80%9d-domande-dal-1%c2%b0-al-31-maggio\\\/\"},\"wordCount\":330,\"publisher\":{\"@id\":\"https:\\\/\\\/www.bellunopress.it\\\/#organization\"},\"keywords\":[\"Buono scuola\"],\"articleSection\":[\"Prima Pagina\",\"Scuola\"],\"inLanguage\":\"fr-FR\"},{\"@type\":\"WebPage\",\"@id\":\"https:\\\/\\\/www.bellunopress.it\\\/2010\\\/04\\\/21\\\/contributo-regionale-%e2%80%9cbuono-scuola%e2%80%9d-domande-dal-1%c2%b0-al-31-maggio\\\/\",\"url\":\"https:\\\/\\\/www.bellunopress.it\\\/2010\\\/04\\\/21\\\/contributo-regionale-%e2%80%9cbuono-scuola%e2%80%9d-domande-dal-1%c2%b0-al-31-maggio\\\/\",\"name\":\"Contributo regionale \u201cBuono scuola\u201d, domande dal 1\u00b0 al 31 maggio - Bellunopress - Dolomiti\",\"isPartOf\":{\"@id\":\"https:\\\/\\\/www.bellunopress.it\\\/#website\"},\"datePublished\":\"2010-04-21T11:15:23+00:00\",\"breadcrumb\":{\"@id\":\"https:\\\/\\\/www.bellunopress.it\\\/2010\\\/04\\\/21\\\/contributo-regionale-%e2%80%9cbuono-scuola%e2%80%9d-domande-dal-1%c2%b0-al-31-maggio\\\/#breadcrumb\"},\"inLanguage\":\"fr-FR\",\"potentialAction\":[{\"@type\":\"ReadAction\",\"target\":[\"https:\\\/\\\/www.bellunopress.it\\\/2010\\\/04\\\/21\\\/contributo-regionale-%e2%80%9cbuono-scuola%e2%80%9d-domande-dal-1%c2%b0-al-31-maggio\\\/\"]}]},{\"@type\":\"BreadcrumbList\",\"@id\":\"https:\\\/\\\/www.bellunopress.it\\\/2010\\\/04\\\/21\\\/contributo-regionale-%e2%80%9cbuono-scuola%e2%80%9d-domande-dal-1%c2%b0-al-31-maggio\\\/#breadcrumb\",\"itemListElement\":[{\"@type\":\"ListItem\",\"position\":1,\"name\":\"Home\",\"item\":\"https:\\\/\\\/www.bellunopress.it\\\/\"},{\"@type\":\"ListItem\",\"position\":2,\"name\":\"Contributo regionale \u201cBuono scuola\u201d, domande dal 1\u00b0 al 31 maggio\"}]},{\"@type\":\"WebSite\",\"@id\":\"https:\\\/\\\/www.bellunopress.it\\\/#website\",\"url\":\"https:\\\/\\\/www.bellunopress.it\\\/\",\"name\":\"Bellunopress - Dolomiti\",\"description\":\"e-mail: redazione@bellunopress.it\",\"publisher\":{\"@id\":\"https:\\\/\\\/www.bellunopress.it\\\/#organization\"},\"potentialAction\":[{\"@type\":\"SearchAction\",\"target\":{\"@type\":\"EntryPoint\",\"urlTemplate\":\"https:\\\/\\\/www.bellunopress.it\\\/?s={search_term_string}\"},\"query-input\":{\"@type\":\"PropertyValueSpecification\",\"valueRequired\":true,\"valueName\":\"search_term_string\"}}],\"inLanguage\":\"fr-FR\"},{\"@type\":\"Organization\",\"@id\":\"https:\\\/\\\/www.bellunopress.it\\\/#organization\",\"name\":\"Bellunopress\",\"url\":\"https:\\\/\\\/www.bellunopress.it\\\/\",\"logo\":{\"@type\":\"ImageObject\",\"inLanguage\":\"fr-FR\",\"@id\":\"https:\\\/\\\/www.bellunopress.it\\\/#\\\/schema\\\/logo\\\/image\\\/\",\"url\":\"https:\\\/\\\/www.bellunopress.it\\\/wp-content\\\/uploads\\\/2011\\\/05\\\/cropped-logo-bellunopress-.jpg\",\"contentUrl\":\"https:\\\/\\\/www.bellunopress.it\\\/wp-content\\\/uploads\\\/2011\\\/05\\\/cropped-logo-bellunopress-.jpg\",\"width\":512,\"height\":512,\"caption\":\"Bellunopress\"},\"image\":{\"@id\":\"https:\\\/\\\/www.bellunopress.it\\\/#\\\/schema\\\/logo\\\/image\\\/\"},\"sameAs\":[\"https:\\\/\\\/www.facebook.com\\\/profile.php?id=100008943462799\",\"https:\\\/\\\/x.com\\\/bellunopress\",\"https:\\\/\\\/www.linkedin.com\\\/hp\\\/?dnr=JBzUWaJfMUw8vbXJJ2tVW5-I3jZKvC4wsoxE&amp;amp;amp;amp;amp;amp;trk=nav_responsive_tab_home\",\"https:\\\/\\\/www.youtube.com\\\/channel\\\/UCxL0wu1uN0_3_7hGG0306cw\"]},{\"@type\":\"Person\",\"@id\":\"https:\\\/\\\/www.bellunopress.it\\\/#\\\/schema\\\/person\\\/79bb06722b37ece1c03d3e94beb30d73\",\"name\":\"redazione\",\"image\":{\"@type\":\"ImageObject\",\"inLanguage\":\"fr-FR\",\"@id\":\"https:\\\/\\\/secure.gravatar.com\\\/avatar\\\/37d968a2e67a6fd04c169c4bdef102d0bc5d31b2546345219e348575eb80e9a0?s=96&d=mm&r=g\",\"url\":\"https:\\\/\\\/secure.gravatar.com\\\/avatar\\\/37d968a2e67a6fd04c169c4bdef102d0bc5d31b2546345219e348575eb80e9a0?s=96&d=mm&r=g\",\"contentUrl\":\"https:\\\/\\\/secure.gravatar.com\\\/avatar\\\/37d968a2e67a6fd04c169c4bdef102d0bc5d31b2546345219e348575eb80e9a0?s=96&d=mm&r=g\",\"caption\":\"redazione\"},\"sameAs\":[\"http:\\\/\\\/www.bellunopress.it\",\"https:\\\/\\\/x.com\\\/bellunopress\"],\"url\":\"https:\\\/\\\/www.bellunopress.it\\\/fr\\\/author\\\/redazione\\\/\"}]}<\/script>\n<!-- \/ Yoast SEO plugin. -->","yoast_head_json":{"title":"Contributo regionale \u201cBuono scuola\u201d, domande dal 1\u00b0 al 31 maggio  - Bellunopress - Dolomiti","robots":{"index":"index","follow":"follow","max-snippet":"max-snippet:-1","max-image-preview":"max-image-preview:large","max-video-preview":"max-video-preview:-1"},"canonical":"https:\/\/www.bellunopress.it\/fr\/2010\/04\/21\/contributo-regionale-\u201cbuono-scuola\u201d-domande-dal-1\u00b0-al-31-maggio\/","og_locale":"fr_FR","og_type":"article","og_title":"Contributo regionale \u201cBuono scuola\u201d, domande dal 1\u00b0 al 31 maggio  - Bellunopress - Dolomiti","og_description":"La Regione Veneto ha emesso il bando per la presentazione delle domande per accedere al contributo \u201cBuono scuola\u201d, finalizzato alla copertura delle spese di iscrizione e frequenza e per le attivit\u00e0 di sostegno per gli studenti diversamente abili. Possono richiedere il contributo le famiglie degli studenti residenti nella Regione Veneto che frequentino, nell&#8217;anno scolastico 2009\/10, [&hellip;]","og_url":"https:\/\/www.bellunopress.it\/fr\/2010\/04\/21\/contributo-regionale-\u201cbuono-scuola\u201d-domande-dal-1\u00b0-al-31-maggio\/","og_site_name":"Bellunopress - Dolomiti","article_publisher":"https:\/\/www.facebook.com\/profile.php?id=100008943462799","article_published_time":"2010-04-21T11:15:23+00:00","og_image":[{"url":"http:\/\/www.bellunopress.it\/wp-content\/uploads\/2012\/07\/logo-bellunopress-250x250-2012.jpg","type":"","width":"","height":""}],"author":"redazione","twitter_card":"summary_large_image","twitter_creator":"@bellunopress","twitter_site":"@bellunopress","twitter_misc":{"\u00c9crit par":"redazione","Dur\u00e9e de lecture estim\u00e9e":"2 minutes"},"schema":{"@context":"https:\/\/schema.org","@graph":[{"@type":"Article","@id":"https:\/\/www.bellunopress.it\/2010\/04\/21\/contributo-regionale-%e2%80%9cbuono-scuola%e2%80%9d-domande-dal-1%c2%b0-al-31-maggio\/#article","isPartOf":{"@id":"https:\/\/www.bellunopress.it\/2010\/04\/21\/contributo-regionale-%e2%80%9cbuono-scuola%e2%80%9d-domande-dal-1%c2%b0-al-31-maggio\/"},"author":{"name":"redazione","@id":"https:\/\/www.bellunopress.it\/#\/schema\/person\/79bb06722b37ece1c03d3e94beb30d73"},"headline":"Contributo regionale \u201cBuono scuola\u201d, domande dal 1\u00b0 al 31 maggio","datePublished":"2010-04-21T11:15:23+00:00","mainEntityOfPage":{"@id":"https:\/\/www.bellunopress.it\/2010\/04\/21\/contributo-regionale-%e2%80%9cbuono-scuola%e2%80%9d-domande-dal-1%c2%b0-al-31-maggio\/"},"wordCount":330,"publisher":{"@id":"https:\/\/www.bellunopress.it\/#organization"},"keywords":["Buono scuola"],"articleSection":["Prima Pagina","Scuola"],"inLanguage":"fr-FR"},{"@type":"WebPage","@id":"https:\/\/www.bellunopress.it\/2010\/04\/21\/contributo-regionale-%e2%80%9cbuono-scuola%e2%80%9d-domande-dal-1%c2%b0-al-31-maggio\/","url":"https:\/\/www.bellunopress.it\/2010\/04\/21\/contributo-regionale-%e2%80%9cbuono-scuola%e2%80%9d-domande-dal-1%c2%b0-al-31-maggio\/","name":"Contributo regionale \u201cBuono scuola\u201d, domande dal 1\u00b0 al 31 maggio - Bellunopress - Dolomiti","isPartOf":{"@id":"https:\/\/www.bellunopress.it\/#website"},"datePublished":"2010-04-21T11:15:23+00:00","breadcrumb":{"@id":"https:\/\/www.bellunopress.it\/2010\/04\/21\/contributo-regionale-%e2%80%9cbuono-scuola%e2%80%9d-domande-dal-1%c2%b0-al-31-maggio\/#breadcrumb"},"inLanguage":"fr-FR","potentialAction":[{"@type":"ReadAction","target":["https:\/\/www.bellunopress.it\/2010\/04\/21\/contributo-regionale-%e2%80%9cbuono-scuola%e2%80%9d-domande-dal-1%c2%b0-al-31-maggio\/"]}]},{"@type":"BreadcrumbList","@id":"https:\/\/www.bellunopress.it\/2010\/04\/21\/contributo-regionale-%e2%80%9cbuono-scuola%e2%80%9d-domande-dal-1%c2%b0-al-31-maggio\/#breadcrumb","itemListElement":[{"@type":"ListItem","position":1,"name":"Home","item":"https:\/\/www.bellunopress.it\/"},{"@type":"ListItem","position":2,"name":"Contributo regionale \u201cBuono scuola\u201d, domande dal 1\u00b0 al 31 maggio"}]},{"@type":"WebSite","@id":"https:\/\/www.bellunopress.it\/#website","url":"https:\/\/www.bellunopress.it\/","name":"Bellunopress - Dolomiti","description":"e-mail: redazione@bellunopress.it","publisher":{"@id":"https:\/\/www.bellunopress.it\/#organization"},"potentialAction":[{"@type":"SearchAction","target":{"@type":"EntryPoint","urlTemplate":"https:\/\/www.bellunopress.it\/?s={search_term_string}"},"query-input":{"@type":"PropertyValueSpecification","valueRequired":true,"valueName":"search_term_string"}}],"inLanguage":"fr-FR"},{"@type":"Organization","@id":"https:\/\/www.bellunopress.it\/#organization","name":"Bellunopress","url":"https:\/\/www.bellunopress.it\/","logo":{"@type":"ImageObject","inLanguage":"fr-FR","@id":"https:\/\/www.bellunopress.it\/#\/schema\/logo\/image\/","url":"https:\/\/www.bellunopress.it\/wp-content\/uploads\/2011\/05\/cropped-logo-bellunopress-.jpg","contentUrl":"https:\/\/www.bellunopress.it\/wp-content\/uploads\/2011\/05\/cropped-logo-bellunopress-.jpg","width":512,"height":512,"caption":"Bellunopress"},"image":{"@id":"https:\/\/www.bellunopress.it\/#\/schema\/logo\/image\/"},"sameAs":["https:\/\/www.facebook.com\/profile.php?id=100008943462799","https:\/\/x.com\/bellunopress","https:\/\/www.linkedin.com\/hp\/?dnr=JBzUWaJfMUw8vbXJJ2tVW5-I3jZKvC4wsoxE&amp;amp;amp;amp;amp;amp;trk=nav_responsive_tab_home","https:\/\/www.youtube.com\/channel\/UCxL0wu1uN0_3_7hGG0306cw"]},{"@type":"Person","@id":"https:\/\/www.bellunopress.it\/#\/schema\/person\/79bb06722b37ece1c03d3e94beb30d73","name":"r\u00e9daction","image":{"@type":"ImageObject","inLanguage":"fr-FR","@id":"https:\/\/secure.gravatar.com\/avatar\/37d968a2e67a6fd04c169c4bdef102d0bc5d31b2546345219e348575eb80e9a0?s=96&d=mm&r=g","url":"https:\/\/secure.gravatar.com\/avatar\/37d968a2e67a6fd04c169c4bdef102d0bc5d31b2546345219e348575eb80e9a0?s=96&d=mm&r=g","contentUrl":"https:\/\/secure.gravatar.com\/avatar\/37d968a2e67a6fd04c169c4bdef102d0bc5d31b2546345219e348575eb80e9a0?s=96&d=mm&r=g","caption":"redazione"},"sameAs":["http:\/\/www.bellunopress.it","https:\/\/x.com\/bellunopress"],"url":"https:\/\/www.bellunopress.it\/fr\/author\/redazione\/"}]}},"_links":{"self":[{"href":"https:\/\/www.bellunopress.it\/fr\/wp-json\/wp\/v2\/posts\/14610","targetHints":{"allow":["GET"]}}],"collection":[{"href":"https:\/\/www.bellunopress.it\/fr\/wp-json\/wp\/v2\/posts"}],"about":[{"href":"https:\/\/www.bellunopress.it\/fr\/wp-json\/wp\/v2\/types\/post"}],"author":[{"embeddable":true,"href":"https:\/\/www.bellunopress.it\/fr\/wp-json\/wp\/v2\/users\/2"}],"replies":[{"embeddable":true,"href":"https:\/\/www.bellunopress.it\/fr\/wp-json\/wp\/v2\/comments?post=14610"}],"version-history":[{"count":1,"href":"https:\/\/www.bellunopress.it\/fr\/wp-json\/wp\/v2\/posts\/14610\/revisions"}],"predecessor-version":[{"id":14611,"href":"https:\/\/www.bellunopress.it\/fr\/wp-json\/wp\/v2\/posts\/14610\/revisions\/14611"}],"wp:attachment":[{"href":"https:\/\/www.bellunopress.it\/fr\/wp-json\/wp\/v2\/media?parent=14610"}],"wp:term":[{"taxonomy":"category","embeddable":true,"href":"https:\/\/www.bellunopress.it\/fr\/wp-json\/wp\/v2\/categories?post=14610"},{"taxonomy":"post_tag","embeddable":true,"href":"https:\/\/www.bellunopress.it\/fr\/wp-json\/wp\/v2\/tags?post=14610"}],"curies":[{"name":"wp","href":"https:\/\/api.w.org\/{rel}","templated":true}]}}