{"id":146098,"date":"2023-11-22T10:00:16","date_gmt":"2023-11-22T09:00:16","guid":{"rendered":"https:\/\/www.bellunopress.it\/?p=146098"},"modified":"2023-11-22T06:21:25","modified_gmt":"2023-11-22T05:21:25","slug":"premiazioni-wigwam-stampa-gelato-alla-63ma-mostra-internazionale-del-gelato-di-longarone","status":"publish","type":"post","link":"https:\/\/www.bellunopress.it\/fr\/2023\/11\/22\/premiazioni-wigwam-stampa-gelato-alla-63ma-mostra-internazionale-del-gelato-di-longarone\/","title":{"rendered":"Premiazioni Wigwam stampa gelato alla 63ma Mostra internazionale del gelato di Longarone"},"content":{"rendered":"<p><img loading=\"lazy\" decoding=\"async\" class=\"alignleft size-full wp-image-54508\" src=\"https:\/\/www.bellunopress.it\/wp-content\/uploads\/2013\/11\/mostra-gelato-longarone.jpg\" alt=\"\" width=\"166\" height=\"118\" \/>L\u2019inaugurazione della 63ma MIG \u2013 Mostra Internazionale del Gelato a Longarone, domenica 26 novembre 2023, sar\u00e0 anche l\u2019occasione per la cerimonia di consegna dei riconoscimenti della 2^ Edizione del Premio Wigwam Stampa Italiana \u2013 sezione \u201cItalian Gelato\u201d.<\/p>\n<p>Il Premio Wigwam Stampa Italiana, che prende il nome dall\u2019omonima Associazione &#8211; tra le primissime organizzazioni di tutela ambientale tra quelle riconosciute con decreto ministeriale &#8211; nata da radici bellunesi nel 1971 con il Primo Campo Rimboschimento Malga Mariech \u2013 cui parteciparono giovani da tutt\u2019Italia &#8211; organizzato con l\u2019allora Direzione dell\u2019Azienda di Stato per le Foreste Demaniali di Belluno, \u00e8 anche l\u2019unica con origini in Veneto, ed \u00e8 oggi estesa in 21 Paesi nel Mondo.<\/p>\n<p>Partner e componenti della giuria, tutte le organizzazioni della stampa del Veneto e nazionali: la Federazione della Stampa Italiana, l\u2019Ordine dei Giornalisti, l\u2019UNARGA e l\u2019ARGAV e poi ancora, l\u2019Ufficio Italiano del Consiglio d\u2019Europa, il Parco Nazionale delle Dolomiti Bellunesi, la Provincia di Belluno, l\u2019ANCI del Veneto e molti comuni, associazioni e istituzioni scolastiche.<\/p>\n<p>Il Premio, si compone di svariate sezioni e quella del \u201cGelato\u201d rappresenta una tra le pi\u00f9 emblematiche, perci\u00f2 \u00e8 stato scelto Longarone e il 63.MIG per la cerimonia di consegna dei riconoscimenti. \u201cIl Premio infatti &#8211; dice Efrem Tassinato, fondatore e presidente di Wigwam &#8211; si pone l\u2019obbiettivo di creare una staffetta tra le generazioni nella trasmissione della memoria delle Comunit\u00e0 Locali e in questo 2023 ricorre il 60.mo anniversario della tragedia del Vajont. Tragedia causata dalla prevaricazione del business sugli interessi e la sicurezza delle Comunit\u00e0 Locali, dalla insostenibilit\u00e0 di un modello di sviluppo che mette il profitto in cima alle priorit\u00e0. E qui a Longarone troviamo invece che un diverso modello di sviluppo basato sulla valorizzazione delle peculiarit\u00e0 ambientali, culturali e produttive dei territori, non solo \u00e8 possibile ma anche molto pi\u00f9 vantaggioso e duraturo nel tempo. E, il successo del Gelato e del suo indotto, di cui il MIG \u00e8 diventata la vetrina mondiale lo sta a dimostrare\u201d.<\/p>\n<p><strong>Tutti i premiati<\/strong><\/p>\n<p>&#8211; 1\u00b0 Premio nazionale al CEP 2023 \u2013 al miglior insieme di elaborati del gruppo di Euro<br \/>\n600,00 Gruppo \u201cIn Cilento, scopriamo Orria\u201d. Wigwam News (raccolta) n. 248 del 5 sett 2023<br \/>\n&#8211; 2\u00b0 Premio nazionale al CEP 2023 \u2013 al secondo miglior insieme di elaborati del gruppo di<br \/>\nEuro 500,00 Gruppo \u201cNon solo Venezia\u201c. Wigwam News (raccolta) n. 249 del 6 settembre 2023<br \/>\n&#8211; Premio nazionale under 13 anni 2023 \u2013 al miglior elaborato singolo di Euro 300,00<br \/>\nMaria Vittoria Ceccato (anni 12) di Bassano del Grappa (Vi) per il componimento dal titolo<br \/>\n\u201cUn\u2019esperienza di Venerd\u00ec Santo, la Fede \u00e8 resilienza\u201d. Wigwam News n. 97 del 7 aprile 2023<br \/>\n&#8211; Premio nazionale 14-18 anni 2023 \u2013 al miglior elaborato singolo di Euro 300,00<br \/>\nEmilio Berton (anni 17) di Mirano (Ve) per il componimento dal titolo \u201cA Lio Piccolo c\u2019\u00e8 il<br \/>\nparadiso dei fenicotteri rosa\u201d. Wigwam News n. 225 del 13 agosto 2023<br \/>\n&#8211; Premio nazionale 19-25 anni 2023 \u2013 al miglior elaborato singolo di Euro 300,00<br \/>\nAsia Rizzini (anni 19) di Cavalgese della Riviera (Bs) per il componimento dal titolo \u201cEreditare<br \/>\nuna professione, il Vivaio del Garda a Padenghe\u201d. Wigwam News n. 216 del 4 agosto 2023<br \/>\n&#8211; Menzioni della Giuria<br \/>\nGiovanni Malvestio (anni 13) di Venezia per il componimento dal titolo \u201cAttivismo e<br \/>\nvolontariato per salvare l\u2019ambiente veneziano\u201d. Wigwam News n. 205 del 24 luglio 2023<br \/>\nGiada Luise (anni 17) di Mirano (Ve) per il componimento dal titolo \u201cDel Grest di Martellago<br \/>\ni sorrisi non si dimenticano\u201d. Wigwam News n. 221 del 9 agosto 2023<br \/>\nGabriele Ballan (anni 23) di Lonigo (Vi) per il componimento dal titolo \u201cI fiocchi di luce che<br \/>\nlegano le generazioni tra di loro\u201d. Wigwam News n. 89 del 30 marzo 2023<br \/>\nJacopo Bertocchi (anni 11) di Trieste per il componimento \u201cFerriera di Servola a Trieste,<br \/>\nnascita, morte, riconversione\u201d. Wigwam News n. 190 del 9 luglio 2023<br \/>\nDaniele Xodo (anni 17) di Piove di Sacco (Pd) per il componimento \u201cPontelongo la capitale<br \/>\ndello zucchero italiano\u201d. Wigwam News n. 192 del 11 luglio 2023<br \/>\nFilippo Favarin (anni 20) di Piove di Sacco (Pd) per il componimento \u201cSaccisica un territorio<br \/>\ndi natura e cultura da amare\u201d. Wigwam News n. 213 del 1\u00b0 agosto 2023<br \/>\nDiana Lungu (anni 13), Giorgia Giarolo (anni 13) e Ludovico Rigon (anni 13) di San<br \/>\nBonifacio (Vr) per il componimento \u201cDiana, Giorgia e Ludovico e antiche storie di bisnonni\u201d.<br \/>\nWigwam News n. 219 del 7 agosto 2023<br \/>\nAlessia Michiante (anni 24) di Arzergrande (Pd) maestra (menzione speciale per il<br \/>\ncoordinamento del lavoro della scuola dell\u2019infanzia) per il componimento \u201cAlla scoperta delle<br \/>\npiante con la scuola dell\u2019infanzia\u201d. Wigwam News n.92 del 2 aprile 2023<br \/>\nChiara Pengo (anni 23) di Piove di Sacco (pd) per il componimento \u201cFratello Sole sorella<br \/>\nDown, di fratr\u00eca &amp; di diversabilit\u00e0\u201d. Wigwam News n. 152 del 1 giugno 2023<br \/>\nJamila Scrivano (anni 18) di Orria (Sa) per il componimento \u201cUn paradiso controverso e la<br \/>\nleggendaria fontana vecchia\u201d. Wigwam News n. 241 del 29 agosto 2023<br \/>\nGaia Vecchiato (anni 18) di Mirano (Ve) per il componimento \u201cA Stigliano c\u2019\u00e8 un bel castello, marcondiro \u2018ndirondello\u201d. Wigwam News n. 234 del 22 agosto 2023<br \/>\nGabriel Artusi (anni 18) di Mirano (Ve) per il componimento \u201cL\u2019arte della vendemmia e la<br \/>\ncura del vigneto\u201d. Wigwam News n. 227 del 15 agosto 2023<br \/>\nAbel e Joseph Rehinard, Filippo Bressan, Davide Hu, Nicol\u00f2 Mion, Edoardo Sella,<br \/>\nManuel Dicolombi, Erik Rehinard, Anna Lo Prete, Lisa Hu, Alexandrina Curmei, Sara<br \/>\nFriso, Sophi Nastasa, Giovanni Medoro, Kristal Rehinard, Samantha Giantin, Noemi<br \/>\nLupo, Gioia Pellizzaro, Evelin Eric, Matteo Tollin, Riccardo Fulmini e Zac Romanin<br \/>\nClasse 3 F (anni 13) alunni della Scuola Levi Civita di Padova-Camin (Pd) per la Raccolta di<br \/>\n\u201cPagine partigiane\u201d Wigwam News n. 139 del 19 maggio 2023, n. 142 del 22 maggio 2023,<br \/>\nn.145 del 25 maggio 2023, n. 149 del 29 maggio 2023, n. 153 del 2 giugno 2023, n. 156 del 5 giugno 2023<br \/>\nMattia Musumeci (anni 13) e Lorenzo Toti (anni 13) di San Bonifacio (Vr) per il<br \/>\ncomponimento \u201cMattia, Lorenzo e i racconti della giovent\u00f9 dei nonni\u201d. Wigwam News n. 224<br \/>\ndel 12 agosto 2023<br \/>\nEmma Rostello (anni 11) di Thiene (Vi) per il componimento \u201cA Lugo non solo arte e dove le ville han fatto la storia\u201d. Wigwam News n. 77 del 18 marzo 2023<br \/>\nSouhaib El Faouzaoui, (11 anni) di Pontelongo (Pd) classe 1^ AP &#8211; Scuola Secondaria I\u00b0 \u201cG.<br \/>\nLeopardi\u201d di Pontelongo (Pd) per il componimento \u201cI pomodori\u201d &#8211; Wigwam News n. 178 del<br \/>\n27 giugno 2023<br \/>\nGli alunni delle classi 1E e 1F del plesso \u201cLevi Civita\u201d del VII Istituto Comprensivo Statale<br \/>\n\u201cSan Camillo\u201d di Padova-Camin (anni 11-12) per il progetto \u201cBuona notte Camin, favolette di un paesello nascosto\u201d. Wigwam News n. 78 del 19 marzo 2023, n. 81 del 22 marzo 2023, n. 83 del 24 marzo 2023, n. 87 del 28 marzo 2023, n. 91 del 1\u00b0 aprile 2023, n. 95 del 5 aprile 2023, n. 100 del 10 aprile 2023, n. 102 del 12 aprile 2023, n. 104 del 14 aprile 2023, n. 106 del 16 aprile 2023, n. 108 del 18 aprile 2023, n. 111 del 21 aprile 2023, n. 113 del 23 aprile 2023, n.116 del 20 aprile 2023, n. 117 del 27 aprile 2023, n.118 del 28 aprile 2023, n. 119 del 29 aprile 2023<br \/>\nGli alunni della classe 5^ della Scuola Primaria \u201cG. Marconi\u201d di Arzerello (Pd) (anni 11-12),<br \/>\nper il progetto \u201cIo rispetto il mare\u201d. Wigwam News n. 123 del 3 maggio 2023, n. 130 del 10<br \/>\nmaggio 2023, n. 158 del 7 giugno 2023, n. 161 del 10 giugno 2023, n. 174 del 23 giugno 2023, n. 185 del 4 luglio 2023, n. 196 del 15 luglio 2023, n. 201 del 20 luglio 2023, n. 209 del 28 luglio 2023, n. 212 del 31 luglio 2023, n. 220 del 8 luglio 2023<br \/>\nChiara Zanin (anni 20) di Brugine (Pd) per il componimento \u201cL\u2019albero del pane, ovvero non<br \/>\nesistono storie normali\u201d. Wigwam News n. 155 del 4 giugno 2023<br \/>\nBianca Ungureanu (anni 13) e Greta Treccani (anni 13) di San Bonifacio (Vr) per il<br \/>\ncomponimento \u201cBianca e Greta, e la scoperta del Piubello dei matti beati\u201d. Wigwam News n.<br \/>\n235 del 23 agosto 2023<br \/>\nEmilio Bertan (anni 17) di Mirano (Ve) per il componimento \u201cA Lio Piccolo c\u2019\u00e8 il paradiso<br \/>\ndei fenicotteri rosa\u201d. Wigwam News n. 225 del 13 agosto 2023<br \/>\nPer Pagine partigiane \u201cEpilogo triste\u201d<\/p>\n<p>PREMIO SPECIALE \u201cCONTEST ILLUSTRAZIONE\u201d<br \/>\n&#8211; Primo classificato: al miglior elaborato singolo di Euro 300,00<br \/>\nBryan Poddie (anni 13) di San Bonifacio (Vr) per il disegno \u201cL\u2019Abbazia di Villanova\u201d.<br \/>\nWigwam News n. 228 del 16 agosto 2023<br \/>\nNicolas Bertin (anni 11) di Piove di Sacco (Pd) per il disegno \u201cIo rispetto il mare\u201d. Wigwam<br \/>\nNews n. 130 del 10 maggio 2023<br \/>\nAlessandro Di Fiore (anni 11) di Orria (Sa) per il disegno \u201cCinema Kursaal di Orria\u201d. Wigwam News n. 222 del 10 agosto 2023<br \/>\n&#8211; Secondo classificato: al miglior elaborato singolo, l\u2019iscrizione al primo anno di un corso<br \/>\nserale 18:30-21:30 di Fumetto o Illustrazione da seguire a Scuola internazionale di Comics<br \/>\nPadova (del valore di Euro 3.000,00)<br \/>\nLudovico Rigon (anni 13) di San Bonifacio (Vr) per il disegno \u201cRitratto di Giovanni Piubello\u201d.<br \/>\nWigwam News n. 219 del 7 agosto 2023<\/p>\n<p>&#8211; Menzioni della Giuria<br \/>\nDiana Lungu, (13 anni) Classe 2^ B; Giorgia Giarolo (13 anni) Classe 2^ B; Ludovico Rigon<br \/>\nClasse (anni 13) 2B della Scuola Media \u201cBonturi\u201d di San Bonifacio (Vr) per il componimento<br \/>\n\u201cDiana, Gioria e Ludovico e antiche storie di bisnonni\u201d &#8211; Wigwam News n. 219 del 7 agosto<br \/>\n2023<\/p>\n<p>PREMIO SPECIALE \u201cSUGAR CONTEST\u201d<br \/>\n&#8211; Scuola primaria (elementare): Euro 50,00<br \/>\nTommaso Crescente (anni 10) di Pontelongo (Pd) per la poesia \u201czucchero, dolce e salato\u201d.<br \/>\nWigwam News n. 173 del 22 giugno 2023<br \/>\n&#8211; Scuola secondaria di primo grado (medie): Euro 100,00<br \/>\nMichele Jihao Huang (anni 15) terza media \u2013 di Pontelongo (Pd) per il componimento \u201cUn<br \/>\ndolce viaggio a Pontelongo\u201d. Wigwam News n. 177 del 26 giugno 2023<br \/>\n&#8211; Scuola secondaria di secondo grado (superiore) e Universit\u00e0 fino a 25 anni: Euro<br \/>\n150,00<br \/>\nDaniele Xodo (anni 17) Istituto tecnico \u2013 di Piove di Sacco (Pd) per il componimento<br \/>\n\u201cPontelongo, la capitale dello zucchero italiano\u201d. Wigwam News n. 192 del 11 luglio 2023<\/p>\n<p>&#8211; Menzioni della Giuria<br \/>\nHiba Aatouf Idrissi (anni 14) di Pontelongo (Pd) per il componimento \u201cPenso\u201d. Wigwam<br \/>\nNews n. 175 del 24 giugno 2023<br \/>\nHiba El Aidi (anni 12) di Pontelongo (Pd) per il componimento \u201cPontelongo, il paese dello<br \/>\nzucchero e dell\u2019agricoltura sostenibile\u201d. Wigwam News n. 172 del 21 giugno 2023<br \/>\nRyan el Aidi (anni 12) di Pontelongo (Pd) per il componimento \u201cIntervista alla maestra<br \/>\nAntonella\u201d. Wigwam News n. 172 del 21 giugno 2023<br \/>\nKleris Lacka (anni 14) di Pontelongo (Pd) per il componimento \u201cLa fabbrica e la produzione<br \/>\ndello zucchero\u201d. Wigwam News n. 175 del 24 giugno 2023<br \/>\nElena Pinato (12 anni) di Pontelongo (Pd) per il componimento \u201cMilo e il mistero della<br \/>\nbarbabietola da zucchero\u201d. Wigwam News n. 181 del 30 giugno 2023<br \/>\nIrene Zampieri (anni 12) di Pontelongo (Pd) per il componimento \u201cLe barbabietole da<br \/>\nzucchero hanno anche un direttore\u201d. Wigwam News n. 204 del 23 luglio 2023<br \/>\nAlessia Trisca (anni 10) di Pontelongo (Pd) per il componimento \u201cLo zucchero aiuta\u201d.<br \/>\nWigwam News n. 173 del 22 giugno 2023<br \/>\nMarouan El Akkaoui (anni 11) di Pontelongo (Pd) per il componimento \u201cLo zucchero e il<br \/>\npomodoro, una coppia dal buongusto\u201d. Wigwam News n. 178 del 27 giugno 2023<br \/>\nGaia Vansiempsen (anni 20) di Arzergrande (Pd) per il componimento \u201cStorie di bietole: che ci fa un Vansiempsen a Pontelongo?\u201d. Wigwam News n. 187 del 6 luglio 2023<\/p>\n<figure id=\"attachment_146099\" aria-describedby=\"caption-attachment-146099\" style=\"width: 750px\" class=\"wp-caption alignleft\"><img loading=\"lazy\" decoding=\"async\" class=\"size-full wp-image-146099\" src=\"https:\/\/www.bellunopress.it\/wp-content\/uploads\/2023\/11\/Emma-Barontini-con-la-nonna-Maria-Ribon_edited.jpg\" alt=\"\" width=\"750\" height=\"1000\" srcset=\"https:\/\/www.bellunopress.it\/wp-content\/uploads\/2023\/11\/Emma-Barontini-con-la-nonna-Maria-Ribon_edited.jpg 750w, https:\/\/www.bellunopress.it\/wp-content\/uploads\/2023\/11\/Emma-Barontini-con-la-nonna-Maria-Ribon_edited-375x500.jpg 375w, https:\/\/www.bellunopress.it\/wp-content\/uploads\/2023\/11\/Emma-Barontini-con-la-nonna-Maria-Ribon_edited-696x928.jpg 696w\" sizes=\"auto, (max-width: 750px) 100vw, 750px\" \/><figcaption id=\"caption-attachment-146099\" class=\"wp-caption-text\">Emma Barontini con la nonna Maria Ribon di Belluno<\/figcaption><\/figure>\n<p>PREMIO SPECIALE \u201cICE CREAM &amp; SWEET CONTEST\u201d<br \/>\n&#8211; Fino a tutto il ciclo della scuola primaria: Euro 100,00<br \/>\nEmma Barontini (anni 5) di Firenze per il componimento dal titolo \u201cIntervista alla mia nonna, di cetrioli, gelati, torte e altro\u201d. Wigwam News n. 184 del 3 luglio 2023<\/p>\n<p>&#8211; Scuola secondaria di primo grado: Euro 150,00<br \/>\nEdoardo Ceccato (anni 11) di Bassano del Grappa (Vi) per il componimento dal titolo<br \/>\n\u201cLacrime di zucchero nel sogno di Teresa, una favola vera\u201d. Wigwam News n. 134 del 14<br \/>\nmaggio 2023<br \/>\n&#8211; Scuola secondaria di secondo grado e Universit\u00e0 fino a 25 anni: Euro 250,00<br \/>\nMatteo Benedetti (anni 18) Classe 4^ A CAT dell\u2019Istituto di Istruzione Superiore \u201c8Marzo K.<br \/>\nLorenz\u201d Mirano (Ve) per il componimento dal titolo \u201cAndar per b\u00e0cari a Venezia, finger food<br \/>\ndella Serenissima\u201d. Wigwam News n. 238 del 26 agosto 2023<\/p>\n<p><strong> <img loading=\"lazy\" decoding=\"async\" class=\"alignleft  wp-image-146100\" src=\"https:\/\/www.bellunopress.it\/wp-content\/uploads\/2023\/11\/wigwam.jpg\" alt=\"\" width=\"300\" height=\"134\" srcset=\"https:\/\/www.bellunopress.it\/wp-content\/uploads\/2023\/11\/wigwam.jpg 606w, https:\/\/www.bellunopress.it\/wp-content\/uploads\/2023\/11\/wigwam-500x224.jpg 500w\" sizes=\"auto, (max-width: 300px) 100vw, 300px\" \/>Wigwam: chi siamo<\/strong><br \/>\nWigwam, associazione per la salvaguardia dell\u2019ambiente, nasce tra il 1971 e il 1972 tra Veneto e Lombardia. Fondamentale fu il contributo dato, proprio all\u2019inizio della sua storia, alla battaglia per la chiusura delle cave sui Colli Euganei vinta con la Legge 29 novembre 1971, n. 1097 \u201cNorme per la tutela delle bellezze naturali ed ambientali e per le attivit\u00e0 estrattive nel territorio dei Colli Euganei\u201d, che fu la prima legge in materia di tutela ambientale varata dal parlamento italiano.<br \/>\nOggi, nel 2023 Wigwam, costituisce una rete di 142 territori \u2013 organizzati in Comunit\u00e0 Locali di Offerta e Interscambio \u2013 diffusa in 21 Paesi nel Mondo (103 in Italia e 39 in 20 altri Paesi). Offre supporto sia per l\u2019organizzazione dei territori, i cui portatori di interesse locali decidano di attuare politiche e azioni orientate allo sviluppo equo e sostenibile e, alla facilitazione della loro connessione, del dialogo e delle attivit\u00e0 di scambio con tutte le altre gi\u00e0 istituite.<br \/>\nWigwam Clubs Italia APS risulta tra le primissime associazioni eminentemente ecologiste nate in Italia e nel mondo riconosciuta con Decreto dell\u2019allora Ministero dell\u2019Ambiente quale Associazione Nazionale di Protezione Ambientale ai sensi dell\u2019art. 13 della legge n. 349\/1986. Tra le referenze internazionali, \u00e8 in Mountain Partnership, l\u2019organizzazione della FAO composta da 350 organizzazioni governative e ONG che si occupa di temi della montagna. Delle pi\u00f9 recenti, la presenza nel gruppo di associazioni ambientaliste nazionali di affiancamento alla governance delle Olimpiadi Invernali Milano-Cortina 2026, sulle problematiche della sostenibilit\u00e0.<\/p>","protected":false},"excerpt":{"rendered":"<p>L\u2019inaugurazione della 63ma MIG \u2013 Mostra Internazionale del Gelato a Longarone, domenica 26 novembre 2023, sar\u00e0 anche l\u2019occasione per la cerimonia di consegna dei riconoscimenti della 2^ Edizione del Premio Wigwam Stampa Italiana \u2013 sezione \u201cItalian Gelato\u201d. Il Premio Wigwam Stampa Italiana, che prende il nome dall\u2019omonima Associazione &#8211; tra le primissime organizzazioni di tutela [&hellip;]<\/p>\n","protected":false},"author":2,"featured_media":73587,"comment_status":"closed","ping_status":"open","sticky":false,"template":"","format":"standard","meta":{"footnotes":""},"categories":[36],"tags":[],"class_list":["post-146098","post","type-post","status-publish","format-standard","has-post-thumbnail","category-lavoro-economia"],"yoast_head":"<!-- This site is optimized with the Yoast SEO plugin v28.4 - https:\/\/yoast.com\/product\/yoast-seo-wordpress\/ -->\n<title>Premiazioni Wigwam stampa gelato alla 63ma Mostra internazionale del gelato di Longarone - Bellunopress - Dolomiti<\/title>\n<meta name=\"robots\" content=\"index, follow, max-snippet:-1, max-image-preview:large, max-video-preview:-1\" \/>\n<link rel=\"canonical\" href=\"https:\/\/www.bellunopress.it\/fr\/2023\/11\/22\/premiazioni-wigwam-stampa-gelato-alla-63ma-mostra-internazionale-del-gelato-di-longarone\/\" \/>\n<meta property=\"og:locale\" content=\"fr_FR\" \/>\n<meta property=\"og:type\" content=\"article\" \/>\n<meta property=\"og:title\" content=\"Premiazioni Wigwam stampa gelato alla 63ma Mostra internazionale del gelato di Longarone - Bellunopress - Dolomiti\" \/>\n<meta property=\"og:description\" content=\"L\u2019inaugurazione della 63ma MIG \u2013 Mostra Internazionale del Gelato a Longarone, domenica 26 novembre 2023, sar\u00e0 anche l\u2019occasione per la cerimonia di consegna dei riconoscimenti della 2^ Edizione del Premio Wigwam Stampa Italiana \u2013 sezione \u201cItalian Gelato\u201d. Il Premio Wigwam Stampa Italiana, che prende il nome dall\u2019omonima Associazione &#8211; tra le primissime organizzazioni di tutela [&hellip;]\" \/>\n<meta property=\"og:url\" content=\"https:\/\/www.bellunopress.it\/fr\/2023\/11\/22\/premiazioni-wigwam-stampa-gelato-alla-63ma-mostra-internazionale-del-gelato-di-longarone\/\" \/>\n<meta property=\"og:site_name\" content=\"Bellunopress - Dolomiti\" \/>\n<meta property=\"article:publisher\" content=\"https:\/\/www.facebook.com\/profile.php?id=100008943462799\" \/>\n<meta property=\"article:published_time\" content=\"2023-11-22T09:00:16+00:00\" \/>\n<meta property=\"og:image\" content=\"https:\/\/www.bellunopress.it\/wp-content\/uploads\/2015\/12\/MIG-mostra-internazionale-gelato.jpg\" \/>\n\t<meta property=\"og:image:width\" content=\"300\" \/>\n\t<meta property=\"og:image:height\" content=\"199\" \/>\n\t<meta property=\"og:image:type\" content=\"image\/jpeg\" \/>\n<meta name=\"author\" content=\"redazione\" \/>\n<meta name=\"twitter:card\" content=\"summary_large_image\" \/>\n<meta name=\"twitter:creator\" content=\"@bellunopress\" \/>\n<meta name=\"twitter:site\" content=\"@bellunopress\" \/>\n<meta name=\"twitter:label1\" content=\"Written by\" \/>\n\t<meta name=\"twitter:data1\" content=\"redazione\" \/>\n\t<meta name=\"twitter:label2\" content=\"Est. reading time\" \/>\n\t<meta name=\"twitter:data2\" content=\"10 minutes\" \/>\n<script type=\"application\/ld+json\" class=\"yoast-schema-graph\">{\"@context\":\"https:\\\/\\\/schema.org\",\"@graph\":[{\"@type\":\"Article\",\"@id\":\"https:\\\/\\\/www.bellunopress.it\\\/2023\\\/11\\\/22\\\/premiazioni-wigwam-stampa-gelato-alla-63ma-mostra-internazionale-del-gelato-di-longarone\\\/#article\",\"isPartOf\":{\"@id\":\"https:\\\/\\\/www.bellunopress.it\\\/2023\\\/11\\\/22\\\/premiazioni-wigwam-stampa-gelato-alla-63ma-mostra-internazionale-del-gelato-di-longarone\\\/\"},\"author\":{\"name\":\"redazione\",\"@id\":\"https:\\\/\\\/www.bellunopress.it\\\/#\\\/schema\\\/person\\\/79bb06722b37ece1c03d3e94beb30d73\"},\"headline\":\"Premiazioni Wigwam stampa gelato alla 63ma Mostra internazionale del gelato di Longarone\",\"datePublished\":\"2023-11-22T09:00:16+00:00\",\"mainEntityOfPage\":{\"@id\":\"https:\\\/\\\/www.bellunopress.it\\\/2023\\\/11\\\/22\\\/premiazioni-wigwam-stampa-gelato-alla-63ma-mostra-internazionale-del-gelato-di-longarone\\\/\"},\"wordCount\":2031,\"publisher\":{\"@id\":\"https:\\\/\\\/www.bellunopress.it\\\/#organization\"},\"image\":{\"@id\":\"https:\\\/\\\/www.bellunopress.it\\\/2023\\\/11\\\/22\\\/premiazioni-wigwam-stampa-gelato-alla-63ma-mostra-internazionale-del-gelato-di-longarone\\\/#primaryimage\"},\"thumbnailUrl\":\"https:\\\/\\\/www.bellunopress.it\\\/wp-content\\\/uploads\\\/2015\\\/12\\\/MIG-mostra-internazionale-gelato.jpg\",\"articleSection\":[\"Lavoro, Economia, Turismo\"],\"inLanguage\":\"fr-FR\"},{\"@type\":\"WebPage\",\"@id\":\"https:\\\/\\\/www.bellunopress.it\\\/2023\\\/11\\\/22\\\/premiazioni-wigwam-stampa-gelato-alla-63ma-mostra-internazionale-del-gelato-di-longarone\\\/\",\"url\":\"https:\\\/\\\/www.bellunopress.it\\\/2023\\\/11\\\/22\\\/premiazioni-wigwam-stampa-gelato-alla-63ma-mostra-internazionale-del-gelato-di-longarone\\\/\",\"name\":\"Premiazioni Wigwam stampa gelato alla 63ma Mostra internazionale del gelato di Longarone - Bellunopress - Dolomiti\",\"isPartOf\":{\"@id\":\"https:\\\/\\\/www.bellunopress.it\\\/#website\"},\"primaryImageOfPage\":{\"@id\":\"https:\\\/\\\/www.bellunopress.it\\\/2023\\\/11\\\/22\\\/premiazioni-wigwam-stampa-gelato-alla-63ma-mostra-internazionale-del-gelato-di-longarone\\\/#primaryimage\"},\"image\":{\"@id\":\"https:\\\/\\\/www.bellunopress.it\\\/2023\\\/11\\\/22\\\/premiazioni-wigwam-stampa-gelato-alla-63ma-mostra-internazionale-del-gelato-di-longarone\\\/#primaryimage\"},\"thumbnailUrl\":\"https:\\\/\\\/www.bellunopress.it\\\/wp-content\\\/uploads\\\/2015\\\/12\\\/MIG-mostra-internazionale-gelato.jpg\",\"datePublished\":\"2023-11-22T09:00:16+00:00\",\"breadcrumb\":{\"@id\":\"https:\\\/\\\/www.bellunopress.it\\\/2023\\\/11\\\/22\\\/premiazioni-wigwam-stampa-gelato-alla-63ma-mostra-internazionale-del-gelato-di-longarone\\\/#breadcrumb\"},\"inLanguage\":\"fr-FR\",\"potentialAction\":[{\"@type\":\"ReadAction\",\"target\":[\"https:\\\/\\\/www.bellunopress.it\\\/2023\\\/11\\\/22\\\/premiazioni-wigwam-stampa-gelato-alla-63ma-mostra-internazionale-del-gelato-di-longarone\\\/\"]}]},{\"@type\":\"ImageObject\",\"inLanguage\":\"fr-FR\",\"@id\":\"https:\\\/\\\/www.bellunopress.it\\\/2023\\\/11\\\/22\\\/premiazioni-wigwam-stampa-gelato-alla-63ma-mostra-internazionale-del-gelato-di-longarone\\\/#primaryimage\",\"url\":\"https:\\\/\\\/www.bellunopress.it\\\/wp-content\\\/uploads\\\/2015\\\/12\\\/MIG-mostra-internazionale-gelato.jpg\",\"contentUrl\":\"https:\\\/\\\/www.bellunopress.it\\\/wp-content\\\/uploads\\\/2015\\\/12\\\/MIG-mostra-internazionale-gelato.jpg\",\"width\":300,\"height\":199},{\"@type\":\"BreadcrumbList\",\"@id\":\"https:\\\/\\\/www.bellunopress.it\\\/2023\\\/11\\\/22\\\/premiazioni-wigwam-stampa-gelato-alla-63ma-mostra-internazionale-del-gelato-di-longarone\\\/#breadcrumb\",\"itemListElement\":[{\"@type\":\"ListItem\",\"position\":1,\"name\":\"Home\",\"item\":\"https:\\\/\\\/www.bellunopress.it\\\/\"},{\"@type\":\"ListItem\",\"position\":2,\"name\":\"Premiazioni Wigwam stampa gelato alla 63ma Mostra internazionale del gelato di Longarone\"}]},{\"@type\":\"WebSite\",\"@id\":\"https:\\\/\\\/www.bellunopress.it\\\/#website\",\"url\":\"https:\\\/\\\/www.bellunopress.it\\\/\",\"name\":\"Bellunopress - Dolomiti\",\"description\":\"e-mail: redazione@bellunopress.it\",\"publisher\":{\"@id\":\"https:\\\/\\\/www.bellunopress.it\\\/#organization\"},\"potentialAction\":[{\"@type\":\"SearchAction\",\"target\":{\"@type\":\"EntryPoint\",\"urlTemplate\":\"https:\\\/\\\/www.bellunopress.it\\\/?s={search_term_string}\"},\"query-input\":{\"@type\":\"PropertyValueSpecification\",\"valueRequired\":true,\"valueName\":\"search_term_string\"}}],\"inLanguage\":\"fr-FR\"},{\"@type\":\"Organization\",\"@id\":\"https:\\\/\\\/www.bellunopress.it\\\/#organization\",\"name\":\"Bellunopress\",\"url\":\"https:\\\/\\\/www.bellunopress.it\\\/\",\"logo\":{\"@type\":\"ImageObject\",\"inLanguage\":\"fr-FR\",\"@id\":\"https:\\\/\\\/www.bellunopress.it\\\/#\\\/schema\\\/logo\\\/image\\\/\",\"url\":\"https:\\\/\\\/www.bellunopress.it\\\/wp-content\\\/uploads\\\/2011\\\/05\\\/cropped-logo-bellunopress-.jpg\",\"contentUrl\":\"https:\\\/\\\/www.bellunopress.it\\\/wp-content\\\/uploads\\\/2011\\\/05\\\/cropped-logo-bellunopress-.jpg\",\"width\":512,\"height\":512,\"caption\":\"Bellunopress\"},\"image\":{\"@id\":\"https:\\\/\\\/www.bellunopress.it\\\/#\\\/schema\\\/logo\\\/image\\\/\"},\"sameAs\":[\"https:\\\/\\\/www.facebook.com\\\/profile.php?id=100008943462799\",\"https:\\\/\\\/x.com\\\/bellunopress\",\"https:\\\/\\\/www.linkedin.com\\\/hp\\\/?dnr=JBzUWaJfMUw8vbXJJ2tVW5-I3jZKvC4wsoxE&amp;amp;amp;amp;amp;amp;trk=nav_responsive_tab_home\",\"https:\\\/\\\/www.youtube.com\\\/channel\\\/UCxL0wu1uN0_3_7hGG0306cw\"]},{\"@type\":\"Person\",\"@id\":\"https:\\\/\\\/www.bellunopress.it\\\/#\\\/schema\\\/person\\\/79bb06722b37ece1c03d3e94beb30d73\",\"name\":\"redazione\",\"image\":{\"@type\":\"ImageObject\",\"inLanguage\":\"fr-FR\",\"@id\":\"https:\\\/\\\/secure.gravatar.com\\\/avatar\\\/37d968a2e67a6fd04c169c4bdef102d0bc5d31b2546345219e348575eb80e9a0?s=96&d=mm&r=g\",\"url\":\"https:\\\/\\\/secure.gravatar.com\\\/avatar\\\/37d968a2e67a6fd04c169c4bdef102d0bc5d31b2546345219e348575eb80e9a0?s=96&d=mm&r=g\",\"contentUrl\":\"https:\\\/\\\/secure.gravatar.com\\\/avatar\\\/37d968a2e67a6fd04c169c4bdef102d0bc5d31b2546345219e348575eb80e9a0?s=96&d=mm&r=g\",\"caption\":\"redazione\"},\"sameAs\":[\"http:\\\/\\\/www.bellunopress.it\",\"https:\\\/\\\/x.com\\\/bellunopress\"],\"url\":\"https:\\\/\\\/www.bellunopress.it\\\/fr\\\/author\\\/redazione\\\/\"}]}<\/script>\n<!-- \/ Yoast SEO plugin. -->","yoast_head_json":{"title":"Premiazioni Wigwam stampa gelato alla 63ma Mostra internazionale del gelato di Longarone - Bellunopress - Dolomiti","robots":{"index":"index","follow":"follow","max-snippet":"max-snippet:-1","max-image-preview":"max-image-preview:large","max-video-preview":"max-video-preview:-1"},"canonical":"https:\/\/www.bellunopress.it\/fr\/2023\/11\/22\/premiazioni-wigwam-stampa-gelato-alla-63ma-mostra-internazionale-del-gelato-di-longarone\/","og_locale":"fr_FR","og_type":"article","og_title":"Premiazioni Wigwam stampa gelato alla 63ma Mostra internazionale del gelato di Longarone - Bellunopress - Dolomiti","og_description":"L\u2019inaugurazione della 63ma MIG \u2013 Mostra Internazionale del Gelato a Longarone, domenica 26 novembre 2023, sar\u00e0 anche l\u2019occasione per la cerimonia di consegna dei riconoscimenti della 2^ Edizione del Premio Wigwam Stampa Italiana \u2013 sezione \u201cItalian Gelato\u201d. Il Premio Wigwam Stampa Italiana, che prende il nome dall\u2019omonima Associazione &#8211; tra le primissime organizzazioni di tutela [&hellip;]","og_url":"https:\/\/www.bellunopress.it\/fr\/2023\/11\/22\/premiazioni-wigwam-stampa-gelato-alla-63ma-mostra-internazionale-del-gelato-di-longarone\/","og_site_name":"Bellunopress - Dolomiti","article_publisher":"https:\/\/www.facebook.com\/profile.php?id=100008943462799","article_published_time":"2023-11-22T09:00:16+00:00","og_image":[{"width":300,"height":199,"url":"https:\/\/www.bellunopress.it\/wp-content\/uploads\/2015\/12\/MIG-mostra-internazionale-gelato.jpg","type":"image\/jpeg"}],"author":"redazione","twitter_card":"summary_large_image","twitter_creator":"@bellunopress","twitter_site":"@bellunopress","twitter_misc":{"Written by":"redazione","Est. reading time":"10 minutes"},"schema":{"@context":"https:\/\/schema.org","@graph":[{"@type":"Article","@id":"https:\/\/www.bellunopress.it\/2023\/11\/22\/premiazioni-wigwam-stampa-gelato-alla-63ma-mostra-internazionale-del-gelato-di-longarone\/#article","isPartOf":{"@id":"https:\/\/www.bellunopress.it\/2023\/11\/22\/premiazioni-wigwam-stampa-gelato-alla-63ma-mostra-internazionale-del-gelato-di-longarone\/"},"author":{"name":"redazione","@id":"https:\/\/www.bellunopress.it\/#\/schema\/person\/79bb06722b37ece1c03d3e94beb30d73"},"headline":"Premiazioni Wigwam stampa gelato alla 63ma Mostra internazionale del gelato di Longarone","datePublished":"2023-11-22T09:00:16+00:00","mainEntityOfPage":{"@id":"https:\/\/www.bellunopress.it\/2023\/11\/22\/premiazioni-wigwam-stampa-gelato-alla-63ma-mostra-internazionale-del-gelato-di-longarone\/"},"wordCount":2031,"publisher":{"@id":"https:\/\/www.bellunopress.it\/#organization"},"image":{"@id":"https:\/\/www.bellunopress.it\/2023\/11\/22\/premiazioni-wigwam-stampa-gelato-alla-63ma-mostra-internazionale-del-gelato-di-longarone\/#primaryimage"},"thumbnailUrl":"https:\/\/www.bellunopress.it\/wp-content\/uploads\/2015\/12\/MIG-mostra-internazionale-gelato.jpg","articleSection":["Lavoro, Economia, Turismo"],"inLanguage":"fr-FR"},{"@type":"WebPage","@id":"https:\/\/www.bellunopress.it\/2023\/11\/22\/premiazioni-wigwam-stampa-gelato-alla-63ma-mostra-internazionale-del-gelato-di-longarone\/","url":"https:\/\/www.bellunopress.it\/2023\/11\/22\/premiazioni-wigwam-stampa-gelato-alla-63ma-mostra-internazionale-del-gelato-di-longarone\/","name":"Premiazioni Wigwam stampa gelato alla 63ma Mostra internazionale del gelato di Longarone - Bellunopress - Dolomiti","isPartOf":{"@id":"https:\/\/www.bellunopress.it\/#website"},"primaryImageOfPage":{"@id":"https:\/\/www.bellunopress.it\/2023\/11\/22\/premiazioni-wigwam-stampa-gelato-alla-63ma-mostra-internazionale-del-gelato-di-longarone\/#primaryimage"},"image":{"@id":"https:\/\/www.bellunopress.it\/2023\/11\/22\/premiazioni-wigwam-stampa-gelato-alla-63ma-mostra-internazionale-del-gelato-di-longarone\/#primaryimage"},"thumbnailUrl":"https:\/\/www.bellunopress.it\/wp-content\/uploads\/2015\/12\/MIG-mostra-internazionale-gelato.jpg","datePublished":"2023-11-22T09:00:16+00:00","breadcrumb":{"@id":"https:\/\/www.bellunopress.it\/2023\/11\/22\/premiazioni-wigwam-stampa-gelato-alla-63ma-mostra-internazionale-del-gelato-di-longarone\/#breadcrumb"},"inLanguage":"fr-FR","potentialAction":[{"@type":"ReadAction","target":["https:\/\/www.bellunopress.it\/2023\/11\/22\/premiazioni-wigwam-stampa-gelato-alla-63ma-mostra-internazionale-del-gelato-di-longarone\/"]}]},{"@type":"ImageObject","inLanguage":"fr-FR","@id":"https:\/\/www.bellunopress.it\/2023\/11\/22\/premiazioni-wigwam-stampa-gelato-alla-63ma-mostra-internazionale-del-gelato-di-longarone\/#primaryimage","url":"https:\/\/www.bellunopress.it\/wp-content\/uploads\/2015\/12\/MIG-mostra-internazionale-gelato.jpg","contentUrl":"https:\/\/www.bellunopress.it\/wp-content\/uploads\/2015\/12\/MIG-mostra-internazionale-gelato.jpg","width":300,"height":199},{"@type":"BreadcrumbList","@id":"https:\/\/www.bellunopress.it\/2023\/11\/22\/premiazioni-wigwam-stampa-gelato-alla-63ma-mostra-internazionale-del-gelato-di-longarone\/#breadcrumb","itemListElement":[{"@type":"ListItem","position":1,"name":"Home","item":"https:\/\/www.bellunopress.it\/"},{"@type":"ListItem","position":2,"name":"Premiazioni Wigwam stampa gelato alla 63ma Mostra internazionale del gelato di Longarone"}]},{"@type":"WebSite","@id":"https:\/\/www.bellunopress.it\/#website","url":"https:\/\/www.bellunopress.it\/","name":"Bellunopress - Dolomiti","description":"e-mail: redazione@bellunopress.it","publisher":{"@id":"https:\/\/www.bellunopress.it\/#organization"},"potentialAction":[{"@type":"SearchAction","target":{"@type":"EntryPoint","urlTemplate":"https:\/\/www.bellunopress.it\/?s={search_term_string}"},"query-input":{"@type":"PropertyValueSpecification","valueRequired":true,"valueName":"search_term_string"}}],"inLanguage":"fr-FR"},{"@type":"Organization","@id":"https:\/\/www.bellunopress.it\/#organization","name":"Bellunopress","url":"https:\/\/www.bellunopress.it\/","logo":{"@type":"ImageObject","inLanguage":"fr-FR","@id":"https:\/\/www.bellunopress.it\/#\/schema\/logo\/image\/","url":"https:\/\/www.bellunopress.it\/wp-content\/uploads\/2011\/05\/cropped-logo-bellunopress-.jpg","contentUrl":"https:\/\/www.bellunopress.it\/wp-content\/uploads\/2011\/05\/cropped-logo-bellunopress-.jpg","width":512,"height":512,"caption":"Bellunopress"},"image":{"@id":"https:\/\/www.bellunopress.it\/#\/schema\/logo\/image\/"},"sameAs":["https:\/\/www.facebook.com\/profile.php?id=100008943462799","https:\/\/x.com\/bellunopress","https:\/\/www.linkedin.com\/hp\/?dnr=JBzUWaJfMUw8vbXJJ2tVW5-I3jZKvC4wsoxE&amp;amp;amp;amp;amp;amp;trk=nav_responsive_tab_home","https:\/\/www.youtube.com\/channel\/UCxL0wu1uN0_3_7hGG0306cw"]},{"@type":"Person","@id":"https:\/\/www.bellunopress.it\/#\/schema\/person\/79bb06722b37ece1c03d3e94beb30d73","name":"r\u00e9daction","image":{"@type":"ImageObject","inLanguage":"fr-FR","@id":"https:\/\/secure.gravatar.com\/avatar\/37d968a2e67a6fd04c169c4bdef102d0bc5d31b2546345219e348575eb80e9a0?s=96&d=mm&r=g","url":"https:\/\/secure.gravatar.com\/avatar\/37d968a2e67a6fd04c169c4bdef102d0bc5d31b2546345219e348575eb80e9a0?s=96&d=mm&r=g","contentUrl":"https:\/\/secure.gravatar.com\/avatar\/37d968a2e67a6fd04c169c4bdef102d0bc5d31b2546345219e348575eb80e9a0?s=96&d=mm&r=g","caption":"redazione"},"sameAs":["http:\/\/www.bellunopress.it","https:\/\/x.com\/bellunopress"],"url":"https:\/\/www.bellunopress.it\/fr\/author\/redazione\/"}]}},"_links":{"self":[{"href":"https:\/\/www.bellunopress.it\/fr\/wp-json\/wp\/v2\/posts\/146098","targetHints":{"allow":["GET"]}}],"collection":[{"href":"https:\/\/www.bellunopress.it\/fr\/wp-json\/wp\/v2\/posts"}],"about":[{"href":"https:\/\/www.bellunopress.it\/fr\/wp-json\/wp\/v2\/types\/post"}],"author":[{"embeddable":true,"href":"https:\/\/www.bellunopress.it\/fr\/wp-json\/wp\/v2\/users\/2"}],"replies":[{"embeddable":true,"href":"https:\/\/www.bellunopress.it\/fr\/wp-json\/wp\/v2\/comments?post=146098"}],"version-history":[{"count":1,"href":"https:\/\/www.bellunopress.it\/fr\/wp-json\/wp\/v2\/posts\/146098\/revisions"}],"predecessor-version":[{"id":146101,"href":"https:\/\/www.bellunopress.it\/fr\/wp-json\/wp\/v2\/posts\/146098\/revisions\/146101"}],"wp:featuredmedia":[{"embeddable":true,"href":"https:\/\/www.bellunopress.it\/fr\/wp-json\/wp\/v2\/media\/73587"}],"wp:attachment":[{"href":"https:\/\/www.bellunopress.it\/fr\/wp-json\/wp\/v2\/media?parent=146098"}],"wp:term":[{"taxonomy":"category","embeddable":true,"href":"https:\/\/www.bellunopress.it\/fr\/wp-json\/wp\/v2\/categories?post=146098"},{"taxonomy":"post_tag","embeddable":true,"href":"https:\/\/www.bellunopress.it\/fr\/wp-json\/wp\/v2\/tags?post=146098"}],"curies":[{"name":"wp","href":"https:\/\/api.w.org\/{rel}","templated":true}]}}