{"id":146095,"date":"2023-11-22T10:12:32","date_gmt":"2023-11-22T09:12:32","guid":{"rendered":"https:\/\/www.bellunopress.it\/?p=146095"},"modified":"2023-11-22T05:25:37","modified_gmt":"2023-11-22T04:25:37","slug":"seminare-consapevolezza-conferenza-a-cura-dei-gas-gruppi-di-acquisto-solidale-venerdi-ore-2030-sala-parrocchiale-di-cavarzano","status":"publish","type":"post","link":"https:\/\/www.bellunopress.it\/fr\/2023\/11\/22\/seminare-consapevolezza-conferenza-a-cura-dei-gas-gruppi-di-acquisto-solidale-venerdi-ore-2030-sala-parrocchiale-di-cavarzano\/","title":{"rendered":"Seminare  consapevolezza. Conferenza a cura dei Gas, Gruppi di acquisto solidale, venerd\u00ec ore 20:30 sala parrocchiale di Cavarzano"},"content":{"rendered":"<p><img loading=\"lazy\" decoding=\"async\" class=\"alignleft size-full wp-image-146096\" src=\"https:\/\/www.bellunopress.it\/wp-content\/uploads\/2023\/11\/gas-gruppo-di-acquisto-solidale_edited.jpg\" alt=\"\" width=\"826\" height=\"597\" srcset=\"https:\/\/www.bellunopress.it\/wp-content\/uploads\/2023\/11\/gas-gruppo-di-acquisto-solidale_edited.jpg 826w, https:\/\/www.bellunopress.it\/wp-content\/uploads\/2023\/11\/gas-gruppo-di-acquisto-solidale_edited-500x361.jpg 500w, https:\/\/www.bellunopress.it\/wp-content\/uploads\/2023\/11\/gas-gruppo-di-acquisto-solidale_edited-696x503.jpg 696w\" sizes=\"auto, (max-width: 826px) 100vw, 826px\" \/>Venerd\u00ec 24 novembre 2023 ore 20.30 in Sala parrocchiale di Cavarzano &#8211; Belluno si terr\u00e0 la conferenza dal titolo &#8220;Seminare consapevolezza&#8221;. A cura dei 10 Gruppi di acquisto solidale (GAS) presenti in Provincia di Belluno, da Cortina al Comelico, al Cadore, all\u2019Agordino, al Feltrino e alla Valbelluna.<\/p>\n<p>I Gruppi di Acquisto Solidale sono associazioni di cittadini che si organizzano insieme per<br \/>\nacquistare prodotti alimentari o di uso quotidiano, la loro unicit\u00e0 sta nel principio della<br \/>\nsolidariet\u00e0, che promuove una stretta relazione con piccoli produttori locali che rispettano<br \/>\nl&#8217;ambiente e le persone, privilegiando prodotti biologici o ecologici.<br \/>\nMa tra le finalit\u00e0 principali dei GAS una delle pi\u00f9 importanti \u00e8 quella di lavorare per creare \u201ccultura del cibo sano e della tutela dell\u2019ambiente\u201d proprio basandosi su un aspetto fondamentale:<br \/>\nla collettivit\u00e0, attraverso la quale si vuole favorire lo scambio di informazioni e idee, conferendo cos\u00ec maggior efficacia all\u2019azione dei consumatori che devono essere principalmente \u201ccittadini consapevoli\u201d promuovendo quindi uno stile di vita ispirato ad una &#8220;controcultura del consumo\u201d ovvero una forma di consumo responsabile coerente sotto il profilo della sostenibilit\u00e0 ambientale e sociale.<\/p>\n<p>Nasce cos\u00ec, dopo le varie iniziative portate avanti dai singoli GAS, una proposta comune,<br \/>\norganizzata da tutti i GAS della Provincia dal titolo SEMINARE CONSAPEVOLEZZA Venerd\u00ec 24 novembre 2023 ore 20.30 Sala parrocchiale di Cavarzano \u2013 Belluno che vedr\u00e0 la presenza di Bruno Sebastianelli, fondatore della Cooperativa biologica \u201cLa terra e il cielo\u201d, degli agronomi e genetisti Salvatore Ceccarelli e Stefania Grando che discuteranno sul tema \u201cAmbiente, cibo e salute\u201d. La serata vedr\u00e0 anche la partecipazione di Valter Bonan del Comitato promotore Biodistretto Terre Bellunesi, sar\u00e0 l\u2019occasione per presentare il Biodistretto, un progetto che riguarda tutta la Comunit\u00e0 bellunese, un innovativo strumento dove condividere e sperimentare nuovi modelli di cooperazione sociale ed economica e di gestione territoriale.<\/p>","protected":false},"excerpt":{"rendered":"<p>Venerd\u00ec 24 novembre 2023 ore 20.30 in Sala parrocchiale di Cavarzano &#8211; Belluno si terr\u00e0 la conferenza dal titolo &#8220;Seminare consapevolezza&#8221;. A cura dei 10 Gruppi di acquisto solidale (GAS) presenti in Provincia di Belluno, da Cortina al Comelico, al Cadore, all\u2019Agordino, al Feltrino e alla Valbelluna. I Gruppi di Acquisto Solidale sono associazioni di [&hellip;]<\/p>\n","protected":false},"author":2,"featured_media":146096,"comment_status":"closed","ping_status":"open","sticky":false,"template":"","format":"standard","meta":{"footnotes":""},"categories":[25,8],"tags":[],"class_list":["post-146095","post","type-post","status-publish","format-standard","has-post-thumbnail","category-pausa-caffe","category-societa-istituzioni"],"yoast_head":"<!-- This site is optimized with the Yoast SEO plugin v28.4 - https:\/\/yoast.com\/product\/yoast-seo-wordpress\/ -->\n<title>Seminare consapevolezza. Conferenza a cura dei Gas, Gruppi di acquisto solidale, venerd\u00ec ore 20:30 sala parrocchiale di Cavarzano - Bellunopress - Dolomiti<\/title>\n<meta name=\"robots\" content=\"index, follow, max-snippet:-1, max-image-preview:large, max-video-preview:-1\" \/>\n<link rel=\"canonical\" href=\"https:\/\/www.bellunopress.it\/fr\/2023\/11\/22\/seminare-consapevolezza-conferenza-a-cura-dei-gas-gruppi-di-acquisto-solidale-venerdi-ore-2030-sala-parrocchiale-di-cavarzano\/\" \/>\n<meta property=\"og:locale\" content=\"fr_FR\" \/>\n<meta property=\"og:type\" content=\"article\" \/>\n<meta property=\"og:title\" content=\"Seminare consapevolezza. Conferenza a cura dei Gas, Gruppi di acquisto solidale, venerd\u00ec ore 20:30 sala parrocchiale di Cavarzano - Bellunopress - Dolomiti\" \/>\n<meta property=\"og:description\" content=\"Venerd\u00ec 24 novembre 2023 ore 20.30 in Sala parrocchiale di Cavarzano &#8211; Belluno si terr\u00e0 la conferenza dal titolo &#8220;Seminare consapevolezza&#8221;. A cura dei 10 Gruppi di acquisto solidale (GAS) presenti in Provincia di Belluno, da Cortina al Comelico, al Cadore, all\u2019Agordino, al Feltrino e alla Valbelluna. I Gruppi di Acquisto Solidale sono associazioni di [&hellip;]\" \/>\n<meta property=\"og:url\" content=\"https:\/\/www.bellunopress.it\/fr\/2023\/11\/22\/seminare-consapevolezza-conferenza-a-cura-dei-gas-gruppi-di-acquisto-solidale-venerdi-ore-2030-sala-parrocchiale-di-cavarzano\/\" \/>\n<meta property=\"og:site_name\" content=\"Bellunopress - Dolomiti\" \/>\n<meta property=\"article:publisher\" content=\"https:\/\/www.facebook.com\/profile.php?id=100008943462799\" \/>\n<meta property=\"article:published_time\" content=\"2023-11-22T09:12:32+00:00\" \/>\n<meta property=\"og:image\" content=\"https:\/\/www.bellunopress.it\/wp-content\/uploads\/2023\/11\/gas-gruppo-di-acquisto-solidale_edited.jpg\" \/>\n\t<meta property=\"og:image:width\" content=\"826\" \/>\n\t<meta property=\"og:image:height\" content=\"597\" \/>\n\t<meta property=\"og:image:type\" content=\"image\/jpeg\" \/>\n<meta name=\"author\" content=\"redazione\" \/>\n<meta name=\"twitter:card\" content=\"summary_large_image\" \/>\n<meta name=\"twitter:creator\" content=\"@bellunopress\" \/>\n<meta name=\"twitter:site\" content=\"@bellunopress\" \/>\n<meta name=\"twitter:label1\" content=\"\u00c9crit par\" \/>\n\t<meta name=\"twitter:data1\" content=\"redazione\" \/>\n\t<meta name=\"twitter:label2\" content=\"Dur\u00e9e de lecture estim\u00e9e\" \/>\n\t<meta name=\"twitter:data2\" content=\"1 minute\" \/>\n<script type=\"application\/ld+json\" class=\"yoast-schema-graph\">{\"@context\":\"https:\\\/\\\/schema.org\",\"@graph\":[{\"@type\":\"Article\",\"@id\":\"https:\\\/\\\/www.bellunopress.it\\\/2023\\\/11\\\/22\\\/seminare-consapevolezza-conferenza-a-cura-dei-gas-gruppi-di-acquisto-solidale-venerdi-ore-2030-sala-parrocchiale-di-cavarzano\\\/#article\",\"isPartOf\":{\"@id\":\"https:\\\/\\\/www.bellunopress.it\\\/2023\\\/11\\\/22\\\/seminare-consapevolezza-conferenza-a-cura-dei-gas-gruppi-di-acquisto-solidale-venerdi-ore-2030-sala-parrocchiale-di-cavarzano\\\/\"},\"author\":{\"name\":\"redazione\",\"@id\":\"https:\\\/\\\/www.bellunopress.it\\\/#\\\/schema\\\/person\\\/79bb06722b37ece1c03d3e94beb30d73\"},\"headline\":\"Seminare consapevolezza. Conferenza a cura dei Gas, Gruppi di acquisto solidale, venerd\u00ec ore 20:30 sala parrocchiale di Cavarzano\",\"datePublished\":\"2023-11-22T09:12:32+00:00\",\"mainEntityOfPage\":{\"@id\":\"https:\\\/\\\/www.bellunopress.it\\\/2023\\\/11\\\/22\\\/seminare-consapevolezza-conferenza-a-cura-dei-gas-gruppi-di-acquisto-solidale-venerdi-ore-2030-sala-parrocchiale-di-cavarzano\\\/\"},\"wordCount\":311,\"publisher\":{\"@id\":\"https:\\\/\\\/www.bellunopress.it\\\/#organization\"},\"image\":{\"@id\":\"https:\\\/\\\/www.bellunopress.it\\\/2023\\\/11\\\/22\\\/seminare-consapevolezza-conferenza-a-cura-dei-gas-gruppi-di-acquisto-solidale-venerdi-ore-2030-sala-parrocchiale-di-cavarzano\\\/#primaryimage\"},\"thumbnailUrl\":\"https:\\\/\\\/www.bellunopress.it\\\/wp-content\\\/uploads\\\/2023\\\/11\\\/gas-gruppo-di-acquisto-solidale_edited.jpg\",\"articleSection\":[\"Pausa Caff\u00e8\",\"Societ\u00e0, Associazioni, Istituzioni\"],\"inLanguage\":\"fr-FR\"},{\"@type\":\"WebPage\",\"@id\":\"https:\\\/\\\/www.bellunopress.it\\\/2023\\\/11\\\/22\\\/seminare-consapevolezza-conferenza-a-cura-dei-gas-gruppi-di-acquisto-solidale-venerdi-ore-2030-sala-parrocchiale-di-cavarzano\\\/\",\"url\":\"https:\\\/\\\/www.bellunopress.it\\\/2023\\\/11\\\/22\\\/seminare-consapevolezza-conferenza-a-cura-dei-gas-gruppi-di-acquisto-solidale-venerdi-ore-2030-sala-parrocchiale-di-cavarzano\\\/\",\"name\":\"Seminare consapevolezza. Conferenza a cura dei Gas, Gruppi di acquisto solidale, venerd\u00ec ore 20:30 sala parrocchiale di Cavarzano - Bellunopress - Dolomiti\",\"isPartOf\":{\"@id\":\"https:\\\/\\\/www.bellunopress.it\\\/#website\"},\"primaryImageOfPage\":{\"@id\":\"https:\\\/\\\/www.bellunopress.it\\\/2023\\\/11\\\/22\\\/seminare-consapevolezza-conferenza-a-cura-dei-gas-gruppi-di-acquisto-solidale-venerdi-ore-2030-sala-parrocchiale-di-cavarzano\\\/#primaryimage\"},\"image\":{\"@id\":\"https:\\\/\\\/www.bellunopress.it\\\/2023\\\/11\\\/22\\\/seminare-consapevolezza-conferenza-a-cura-dei-gas-gruppi-di-acquisto-solidale-venerdi-ore-2030-sala-parrocchiale-di-cavarzano\\\/#primaryimage\"},\"thumbnailUrl\":\"https:\\\/\\\/www.bellunopress.it\\\/wp-content\\\/uploads\\\/2023\\\/11\\\/gas-gruppo-di-acquisto-solidale_edited.jpg\",\"datePublished\":\"2023-11-22T09:12:32+00:00\",\"breadcrumb\":{\"@id\":\"https:\\\/\\\/www.bellunopress.it\\\/2023\\\/11\\\/22\\\/seminare-consapevolezza-conferenza-a-cura-dei-gas-gruppi-di-acquisto-solidale-venerdi-ore-2030-sala-parrocchiale-di-cavarzano\\\/#breadcrumb\"},\"inLanguage\":\"fr-FR\",\"potentialAction\":[{\"@type\":\"ReadAction\",\"target\":[\"https:\\\/\\\/www.bellunopress.it\\\/2023\\\/11\\\/22\\\/seminare-consapevolezza-conferenza-a-cura-dei-gas-gruppi-di-acquisto-solidale-venerdi-ore-2030-sala-parrocchiale-di-cavarzano\\\/\"]}]},{\"@type\":\"ImageObject\",\"inLanguage\":\"fr-FR\",\"@id\":\"https:\\\/\\\/www.bellunopress.it\\\/2023\\\/11\\\/22\\\/seminare-consapevolezza-conferenza-a-cura-dei-gas-gruppi-di-acquisto-solidale-venerdi-ore-2030-sala-parrocchiale-di-cavarzano\\\/#primaryimage\",\"url\":\"https:\\\/\\\/www.bellunopress.it\\\/wp-content\\\/uploads\\\/2023\\\/11\\\/gas-gruppo-di-acquisto-solidale_edited.jpg\",\"contentUrl\":\"https:\\\/\\\/www.bellunopress.it\\\/wp-content\\\/uploads\\\/2023\\\/11\\\/gas-gruppo-di-acquisto-solidale_edited.jpg\",\"width\":826,\"height\":597},{\"@type\":\"BreadcrumbList\",\"@id\":\"https:\\\/\\\/www.bellunopress.it\\\/2023\\\/11\\\/22\\\/seminare-consapevolezza-conferenza-a-cura-dei-gas-gruppi-di-acquisto-solidale-venerdi-ore-2030-sala-parrocchiale-di-cavarzano\\\/#breadcrumb\",\"itemListElement\":[{\"@type\":\"ListItem\",\"position\":1,\"name\":\"Home\",\"item\":\"https:\\\/\\\/www.bellunopress.it\\\/\"},{\"@type\":\"ListItem\",\"position\":2,\"name\":\"Seminare consapevolezza. Conferenza a cura dei Gas, Gruppi di acquisto solidale, venerd\u00ec ore 20:30 sala parrocchiale di Cavarzano\"}]},{\"@type\":\"WebSite\",\"@id\":\"https:\\\/\\\/www.bellunopress.it\\\/#website\",\"url\":\"https:\\\/\\\/www.bellunopress.it\\\/\",\"name\":\"Bellunopress - Dolomiti\",\"description\":\"e-mail: redazione@bellunopress.it\",\"publisher\":{\"@id\":\"https:\\\/\\\/www.bellunopress.it\\\/#organization\"},\"potentialAction\":[{\"@type\":\"SearchAction\",\"target\":{\"@type\":\"EntryPoint\",\"urlTemplate\":\"https:\\\/\\\/www.bellunopress.it\\\/?s={search_term_string}\"},\"query-input\":{\"@type\":\"PropertyValueSpecification\",\"valueRequired\":true,\"valueName\":\"search_term_string\"}}],\"inLanguage\":\"fr-FR\"},{\"@type\":\"Organization\",\"@id\":\"https:\\\/\\\/www.bellunopress.it\\\/#organization\",\"name\":\"Bellunopress\",\"url\":\"https:\\\/\\\/www.bellunopress.it\\\/\",\"logo\":{\"@type\":\"ImageObject\",\"inLanguage\":\"fr-FR\",\"@id\":\"https:\\\/\\\/www.bellunopress.it\\\/#\\\/schema\\\/logo\\\/image\\\/\",\"url\":\"https:\\\/\\\/www.bellunopress.it\\\/wp-content\\\/uploads\\\/2011\\\/05\\\/cropped-logo-bellunopress-.jpg\",\"contentUrl\":\"https:\\\/\\\/www.bellunopress.it\\\/wp-content\\\/uploads\\\/2011\\\/05\\\/cropped-logo-bellunopress-.jpg\",\"width\":512,\"height\":512,\"caption\":\"Bellunopress\"},\"image\":{\"@id\":\"https:\\\/\\\/www.bellunopress.it\\\/#\\\/schema\\\/logo\\\/image\\\/\"},\"sameAs\":[\"https:\\\/\\\/www.facebook.com\\\/profile.php?id=100008943462799\",\"https:\\\/\\\/x.com\\\/bellunopress\",\"https:\\\/\\\/www.linkedin.com\\\/hp\\\/?dnr=JBzUWaJfMUw8vbXJJ2tVW5-I3jZKvC4wsoxE&amp;amp;amp;amp;amp;amp;trk=nav_responsive_tab_home\",\"https:\\\/\\\/www.youtube.com\\\/channel\\\/UCxL0wu1uN0_3_7hGG0306cw\"]},{\"@type\":\"Person\",\"@id\":\"https:\\\/\\\/www.bellunopress.it\\\/#\\\/schema\\\/person\\\/79bb06722b37ece1c03d3e94beb30d73\",\"name\":\"redazione\",\"image\":{\"@type\":\"ImageObject\",\"inLanguage\":\"fr-FR\",\"@id\":\"https:\\\/\\\/secure.gravatar.com\\\/avatar\\\/37d968a2e67a6fd04c169c4bdef102d0bc5d31b2546345219e348575eb80e9a0?s=96&d=mm&r=g\",\"url\":\"https:\\\/\\\/secure.gravatar.com\\\/avatar\\\/37d968a2e67a6fd04c169c4bdef102d0bc5d31b2546345219e348575eb80e9a0?s=96&d=mm&r=g\",\"contentUrl\":\"https:\\\/\\\/secure.gravatar.com\\\/avatar\\\/37d968a2e67a6fd04c169c4bdef102d0bc5d31b2546345219e348575eb80e9a0?s=96&d=mm&r=g\",\"caption\":\"redazione\"},\"sameAs\":[\"http:\\\/\\\/www.bellunopress.it\",\"https:\\\/\\\/x.com\\\/bellunopress\"],\"url\":\"https:\\\/\\\/www.bellunopress.it\\\/fr\\\/author\\\/redazione\\\/\"}]}<\/script>\n<!-- \/ Yoast SEO plugin. -->","yoast_head_json":{"title":"Seminare consapevolezza. Conferenza a cura dei Gas, Gruppi di acquisto solidale, venerd\u00ec ore 20:30 sala parrocchiale di Cavarzano - Bellunopress - Dolomiti","robots":{"index":"index","follow":"follow","max-snippet":"max-snippet:-1","max-image-preview":"max-image-preview:large","max-video-preview":"max-video-preview:-1"},"canonical":"https:\/\/www.bellunopress.it\/fr\/2023\/11\/22\/seminare-consapevolezza-conferenza-a-cura-dei-gas-gruppi-di-acquisto-solidale-venerdi-ore-2030-sala-parrocchiale-di-cavarzano\/","og_locale":"fr_FR","og_type":"article","og_title":"Seminare consapevolezza. Conferenza a cura dei Gas, Gruppi di acquisto solidale, venerd\u00ec ore 20:30 sala parrocchiale di Cavarzano - Bellunopress - Dolomiti","og_description":"Venerd\u00ec 24 novembre 2023 ore 20.30 in Sala parrocchiale di Cavarzano &#8211; Belluno si terr\u00e0 la conferenza dal titolo &#8220;Seminare consapevolezza&#8221;. A cura dei 10 Gruppi di acquisto solidale (GAS) presenti in Provincia di Belluno, da Cortina al Comelico, al Cadore, all\u2019Agordino, al Feltrino e alla Valbelluna. I Gruppi di Acquisto Solidale sono associazioni di [&hellip;]","og_url":"https:\/\/www.bellunopress.it\/fr\/2023\/11\/22\/seminare-consapevolezza-conferenza-a-cura-dei-gas-gruppi-di-acquisto-solidale-venerdi-ore-2030-sala-parrocchiale-di-cavarzano\/","og_site_name":"Bellunopress - Dolomiti","article_publisher":"https:\/\/www.facebook.com\/profile.php?id=100008943462799","article_published_time":"2023-11-22T09:12:32+00:00","og_image":[{"width":826,"height":597,"url":"https:\/\/www.bellunopress.it\/wp-content\/uploads\/2023\/11\/gas-gruppo-di-acquisto-solidale_edited.jpg","type":"image\/jpeg"}],"author":"redazione","twitter_card":"summary_large_image","twitter_creator":"@bellunopress","twitter_site":"@bellunopress","twitter_misc":{"\u00c9crit par":"redazione","Dur\u00e9e de lecture estim\u00e9e":"1 minute"},"schema":{"@context":"https:\/\/schema.org","@graph":[{"@type":"Article","@id":"https:\/\/www.bellunopress.it\/2023\/11\/22\/seminare-consapevolezza-conferenza-a-cura-dei-gas-gruppi-di-acquisto-solidale-venerdi-ore-2030-sala-parrocchiale-di-cavarzano\/#article","isPartOf":{"@id":"https:\/\/www.bellunopress.it\/2023\/11\/22\/seminare-consapevolezza-conferenza-a-cura-dei-gas-gruppi-di-acquisto-solidale-venerdi-ore-2030-sala-parrocchiale-di-cavarzano\/"},"author":{"name":"redazione","@id":"https:\/\/www.bellunopress.it\/#\/schema\/person\/79bb06722b37ece1c03d3e94beb30d73"},"headline":"Seminare consapevolezza. Conferenza a cura dei Gas, Gruppi di acquisto solidale, venerd\u00ec ore 20:30 sala parrocchiale di Cavarzano","datePublished":"2023-11-22T09:12:32+00:00","mainEntityOfPage":{"@id":"https:\/\/www.bellunopress.it\/2023\/11\/22\/seminare-consapevolezza-conferenza-a-cura-dei-gas-gruppi-di-acquisto-solidale-venerdi-ore-2030-sala-parrocchiale-di-cavarzano\/"},"wordCount":311,"publisher":{"@id":"https:\/\/www.bellunopress.it\/#organization"},"image":{"@id":"https:\/\/www.bellunopress.it\/2023\/11\/22\/seminare-consapevolezza-conferenza-a-cura-dei-gas-gruppi-di-acquisto-solidale-venerdi-ore-2030-sala-parrocchiale-di-cavarzano\/#primaryimage"},"thumbnailUrl":"https:\/\/www.bellunopress.it\/wp-content\/uploads\/2023\/11\/gas-gruppo-di-acquisto-solidale_edited.jpg","articleSection":["Pausa Caff\u00e8","Societ\u00e0, Associazioni, Istituzioni"],"inLanguage":"fr-FR"},{"@type":"WebPage","@id":"https:\/\/www.bellunopress.it\/2023\/11\/22\/seminare-consapevolezza-conferenza-a-cura-dei-gas-gruppi-di-acquisto-solidale-venerdi-ore-2030-sala-parrocchiale-di-cavarzano\/","url":"https:\/\/www.bellunopress.it\/2023\/11\/22\/seminare-consapevolezza-conferenza-a-cura-dei-gas-gruppi-di-acquisto-solidale-venerdi-ore-2030-sala-parrocchiale-di-cavarzano\/","name":"Seminare consapevolezza. Conferenza a cura dei Gas, Gruppi di acquisto solidale, venerd\u00ec ore 20:30 sala parrocchiale di Cavarzano - Bellunopress - Dolomiti","isPartOf":{"@id":"https:\/\/www.bellunopress.it\/#website"},"primaryImageOfPage":{"@id":"https:\/\/www.bellunopress.it\/2023\/11\/22\/seminare-consapevolezza-conferenza-a-cura-dei-gas-gruppi-di-acquisto-solidale-venerdi-ore-2030-sala-parrocchiale-di-cavarzano\/#primaryimage"},"image":{"@id":"https:\/\/www.bellunopress.it\/2023\/11\/22\/seminare-consapevolezza-conferenza-a-cura-dei-gas-gruppi-di-acquisto-solidale-venerdi-ore-2030-sala-parrocchiale-di-cavarzano\/#primaryimage"},"thumbnailUrl":"https:\/\/www.bellunopress.it\/wp-content\/uploads\/2023\/11\/gas-gruppo-di-acquisto-solidale_edited.jpg","datePublished":"2023-11-22T09:12:32+00:00","breadcrumb":{"@id":"https:\/\/www.bellunopress.it\/2023\/11\/22\/seminare-consapevolezza-conferenza-a-cura-dei-gas-gruppi-di-acquisto-solidale-venerdi-ore-2030-sala-parrocchiale-di-cavarzano\/#breadcrumb"},"inLanguage":"fr-FR","potentialAction":[{"@type":"ReadAction","target":["https:\/\/www.bellunopress.it\/2023\/11\/22\/seminare-consapevolezza-conferenza-a-cura-dei-gas-gruppi-di-acquisto-solidale-venerdi-ore-2030-sala-parrocchiale-di-cavarzano\/"]}]},{"@type":"ImageObject","inLanguage":"fr-FR","@id":"https:\/\/www.bellunopress.it\/2023\/11\/22\/seminare-consapevolezza-conferenza-a-cura-dei-gas-gruppi-di-acquisto-solidale-venerdi-ore-2030-sala-parrocchiale-di-cavarzano\/#primaryimage","url":"https:\/\/www.bellunopress.it\/wp-content\/uploads\/2023\/11\/gas-gruppo-di-acquisto-solidale_edited.jpg","contentUrl":"https:\/\/www.bellunopress.it\/wp-content\/uploads\/2023\/11\/gas-gruppo-di-acquisto-solidale_edited.jpg","width":826,"height":597},{"@type":"BreadcrumbList","@id":"https:\/\/www.bellunopress.it\/2023\/11\/22\/seminare-consapevolezza-conferenza-a-cura-dei-gas-gruppi-di-acquisto-solidale-venerdi-ore-2030-sala-parrocchiale-di-cavarzano\/#breadcrumb","itemListElement":[{"@type":"ListItem","position":1,"name":"Home","item":"https:\/\/www.bellunopress.it\/"},{"@type":"ListItem","position":2,"name":"Seminare consapevolezza. Conferenza a cura dei Gas, Gruppi di acquisto solidale, venerd\u00ec ore 20:30 sala parrocchiale di Cavarzano"}]},{"@type":"WebSite","@id":"https:\/\/www.bellunopress.it\/#website","url":"https:\/\/www.bellunopress.it\/","name":"Bellunopress - Dolomiti","description":"e-mail: redazione@bellunopress.it","publisher":{"@id":"https:\/\/www.bellunopress.it\/#organization"},"potentialAction":[{"@type":"SearchAction","target":{"@type":"EntryPoint","urlTemplate":"https:\/\/www.bellunopress.it\/?s={search_term_string}"},"query-input":{"@type":"PropertyValueSpecification","valueRequired":true,"valueName":"search_term_string"}}],"inLanguage":"fr-FR"},{"@type":"Organization","@id":"https:\/\/www.bellunopress.it\/#organization","name":"Bellunopress","url":"https:\/\/www.bellunopress.it\/","logo":{"@type":"ImageObject","inLanguage":"fr-FR","@id":"https:\/\/www.bellunopress.it\/#\/schema\/logo\/image\/","url":"https:\/\/www.bellunopress.it\/wp-content\/uploads\/2011\/05\/cropped-logo-bellunopress-.jpg","contentUrl":"https:\/\/www.bellunopress.it\/wp-content\/uploads\/2011\/05\/cropped-logo-bellunopress-.jpg","width":512,"height":512,"caption":"Bellunopress"},"image":{"@id":"https:\/\/www.bellunopress.it\/#\/schema\/logo\/image\/"},"sameAs":["https:\/\/www.facebook.com\/profile.php?id=100008943462799","https:\/\/x.com\/bellunopress","https:\/\/www.linkedin.com\/hp\/?dnr=JBzUWaJfMUw8vbXJJ2tVW5-I3jZKvC4wsoxE&amp;amp;amp;amp;amp;amp;trk=nav_responsive_tab_home","https:\/\/www.youtube.com\/channel\/UCxL0wu1uN0_3_7hGG0306cw"]},{"@type":"Person","@id":"https:\/\/www.bellunopress.it\/#\/schema\/person\/79bb06722b37ece1c03d3e94beb30d73","name":"r\u00e9daction","image":{"@type":"ImageObject","inLanguage":"fr-FR","@id":"https:\/\/secure.gravatar.com\/avatar\/37d968a2e67a6fd04c169c4bdef102d0bc5d31b2546345219e348575eb80e9a0?s=96&d=mm&r=g","url":"https:\/\/secure.gravatar.com\/avatar\/37d968a2e67a6fd04c169c4bdef102d0bc5d31b2546345219e348575eb80e9a0?s=96&d=mm&r=g","contentUrl":"https:\/\/secure.gravatar.com\/avatar\/37d968a2e67a6fd04c169c4bdef102d0bc5d31b2546345219e348575eb80e9a0?s=96&d=mm&r=g","caption":"redazione"},"sameAs":["http:\/\/www.bellunopress.it","https:\/\/x.com\/bellunopress"],"url":"https:\/\/www.bellunopress.it\/fr\/author\/redazione\/"}]}},"_links":{"self":[{"href":"https:\/\/www.bellunopress.it\/fr\/wp-json\/wp\/v2\/posts\/146095","targetHints":{"allow":["GET"]}}],"collection":[{"href":"https:\/\/www.bellunopress.it\/fr\/wp-json\/wp\/v2\/posts"}],"about":[{"href":"https:\/\/www.bellunopress.it\/fr\/wp-json\/wp\/v2\/types\/post"}],"author":[{"embeddable":true,"href":"https:\/\/www.bellunopress.it\/fr\/wp-json\/wp\/v2\/users\/2"}],"replies":[{"embeddable":true,"href":"https:\/\/www.bellunopress.it\/fr\/wp-json\/wp\/v2\/comments?post=146095"}],"version-history":[{"count":1,"href":"https:\/\/www.bellunopress.it\/fr\/wp-json\/wp\/v2\/posts\/146095\/revisions"}],"predecessor-version":[{"id":146097,"href":"https:\/\/www.bellunopress.it\/fr\/wp-json\/wp\/v2\/posts\/146095\/revisions\/146097"}],"wp:featuredmedia":[{"embeddable":true,"href":"https:\/\/www.bellunopress.it\/fr\/wp-json\/wp\/v2\/media\/146096"}],"wp:attachment":[{"href":"https:\/\/www.bellunopress.it\/fr\/wp-json\/wp\/v2\/media?parent=146095"}],"wp:term":[{"taxonomy":"category","embeddable":true,"href":"https:\/\/www.bellunopress.it\/fr\/wp-json\/wp\/v2\/categories?post=146095"},{"taxonomy":"post_tag","embeddable":true,"href":"https:\/\/www.bellunopress.it\/fr\/wp-json\/wp\/v2\/tags?post=146095"}],"curies":[{"name":"wp","href":"https:\/\/api.w.org\/{rel}","templated":true}]}}