{"id":146091,"date":"2023-11-21T23:29:48","date_gmt":"2023-11-21T22:29:48","guid":{"rendered":"https:\/\/www.bellunopress.it\/?p=146091"},"modified":"2023-11-21T23:30:29","modified_gmt":"2023-11-21T22:30:29","slug":"sala-bianchi-affollata-per-la-conferenza-del-dottor-szumski-nasce-lassociazione-resistere","status":"publish","type":"post","link":"https:\/\/www.bellunopress.it\/fr\/2023\/11\/21\/sala-bianchi-affollata-per-la-conferenza-del-dottor-szumski-nasce-lassociazione-resistere\/","title":{"rendered":"Sala Bianchi affollata per la conferenza del dottor Szumski. Nasce l&#8217;Associazione &#8220;Resistere&#8221;"},"content":{"rendered":"<p><img loading=\"lazy\" decoding=\"async\" class=\"alignleft size-full wp-image-146092\" src=\"https:\/\/www.bellunopress.it\/wp-content\/uploads\/2023\/11\/conferenza-dr-riccardo-szumski_edited.jpg\" alt=\"\" width=\"1000\" height=\"750\" srcset=\"https:\/\/www.bellunopress.it\/wp-content\/uploads\/2023\/11\/conferenza-dr-riccardo-szumski_edited.jpg 1000w, https:\/\/www.bellunopress.it\/wp-content\/uploads\/2023\/11\/conferenza-dr-riccardo-szumski_edited-500x375.jpg 500w, https:\/\/www.bellunopress.it\/wp-content\/uploads\/2023\/11\/conferenza-dr-riccardo-szumski_edited-696x522.jpg 696w\" sizes=\"auto, (max-width: 1000px) 100vw, 1000px\" \/>Belluno, 21 novembre 2023 &#8211;\u00a0 Tutto esaurito questa sera in Sala Bianchi a Belluno per la conferenza del dottor Riccardo Szumski, medico di base, gi\u00e0 sindaco di Santa Lucia di Piave. In oltre due ore Szumski ha messo in fila tutta una serie di situazioni surreali che abbiamo vissuto durante i tre anni di pandemia.\u00a0 Oltre alle contraddizioni di uno Stato che, ad esempio, scopre che in Italia c&#8217;\u00e8 la carenza di medici da 20 anni, ma mantiene il numero chiuso alla Facolt\u00e0 di Medicina. Con organici ridotti e medici a fine carriera costretti a prestare servizio di guardia, che un tempo era considerata la gavetta dei nuovi assunti.\u00a0 Szumski cita casi di pazienti presentatisi al pronto soccorso che dopo tre accessi non sono riusciti ad effettuare un esame. E racconta la sua avventura personale, con un procedimento disciplinare di sospensione e successiva radiazione dall&#8217;Ordine professionale, per aver criticato l&#8217;Azienda sanitaria, comportamento vietato dal contratto di lavoro sottoscritto da parti sindacali e amministrazione. &#8220;Abbiamo visto sigillare i giochi per bambini ai parchi pubblici, il divieto di allontanarsi oltre i 200 metri dalla propria abitazione, i divieti al bar, prima seduti, poi in piedi&#8230; Ma cosa c&#8217;\u00e8 di scientifico in tutto questo!&#8221; commenta Szumski. E ancora &#8220;La polmonite interstiziale l&#8217;abbiamo sempre curata. Ma venne detto ai medici di non andare a visitare i pazienti a domicilio. Cos\u00ec ho visto la gente lasciata sola. Bench\u00e9 si potesse contrastare l&#8217;infezione con le cure&#8230;&#8221;. &#8220;Ricevevo chiamate e mail dalla Lettonia, dalla Germania, dalla Spagna fino a notte inoltrata&#8230;&#8221;. &#8220;Sono stato radiato con voto unanime di 13 colleghi, con la motivazione che non osservavo i protocolli istituzionali. Il tutto per aver messo in dubbio i protocolli. Si \u00e8 arrivati a presentare una sostanza in sperimentazione, che si sapeva non avere alcuna garanzia di bloccare l&#8217;infezione. Con un&#8217;efficacia del vaccino che secondo alcuni non supera il 40%&#8221;. Szumski ha parlato anche della sua esperienza amministrativa come sindaco, eletto con il 61% dei consensi, quando nel 2001 era in vigore il Patto di stabilit\u00e0 che obbligava i Comuni il trasferimento delle risorse economiche alla Tesoreria, impedendo di impiegare i propri soldi anche per lavori urgenti. &#8220;Andai a protestare in Prefettura e mi ritrovai solo &#8211; racconta Szumski &#8211; Poi nel 2015 fui rieletto sindaco, si present\u00f2 il problema di dover intervenire con dei lavori in una scuola. Se si fossero verificati degli incidenti agli studenti la responsabilit\u00e0 sarebbe stata del sindaco. E allora presentai denuncia contro l&#8217;allora presidente del Consiglio che era Renzi, perch\u00e9 la normativa mi impediva di spendere soldi per i lavori necessari alla sicurezza. Il ministero autorizz\u00f2 la spesa. Avevo la popolazione con me.&#8221; La protesta motivata e indirizzata secondo le regole, dunque, in quel caso fece ottenere il risultato. Ed \u00e8 questa la motivazione che probabilmente ha spinto Szumski a costituire l&#8217;Associazione &#8220;Resistere&#8221; (resistere2025@gmail.com) per dare delle risposte ai cittadini laddove la burocrazie, la pubblica amministrazione, lo Stato tace.<\/p>","protected":false},"excerpt":{"rendered":"<p>Belluno, 21 novembre 2023 &#8211;\u00a0 Tutto esaurito questa sera in Sala Bianchi a Belluno per la conferenza del dottor Riccardo Szumski, medico di base, gi\u00e0 sindaco di Santa Lucia di Piave. In oltre due ore Szumski ha messo in fila tutta una serie di situazioni surreali che abbiamo vissuto durante i tre anni di pandemia.\u00a0 [&hellip;]<\/p>\n","protected":false},"author":2,"featured_media":146092,"comment_status":"closed","ping_status":"open","sticky":false,"template":"","format":"standard","meta":{"footnotes":""},"categories":[26,8],"tags":[],"class_list":["post-146091","post","type-post","status-publish","format-standard","has-post-thumbnail","category-prima-pagina","category-societa-istituzioni"],"yoast_head":"<!-- This site is optimized with the Yoast SEO plugin v28.4 - https:\/\/yoast.com\/product\/yoast-seo-wordpress\/ -->\n<title>Sala Bianchi affollata per la conferenza del dottor Szumski. Nasce l&#039;Associazione &quot;Resistere&quot; - Bellunopress - Dolomiti<\/title>\n<meta name=\"robots\" content=\"index, follow, max-snippet:-1, max-image-preview:large, max-video-preview:-1\" \/>\n<link rel=\"canonical\" href=\"https:\/\/www.bellunopress.it\/fr\/2023\/11\/21\/sala-bianchi-affollata-per-la-conferenza-del-dottor-szumski-nasce-lassociazione-resistere\/\" \/>\n<meta property=\"og:locale\" content=\"fr_FR\" \/>\n<meta property=\"og:type\" content=\"article\" \/>\n<meta property=\"og:title\" content=\"Sala Bianchi affollata per la conferenza del dottor Szumski. Nasce l&#039;Associazione &quot;Resistere&quot; - Bellunopress - Dolomiti\" \/>\n<meta property=\"og:description\" content=\"Belluno, 21 novembre 2023 &#8211;\u00a0 Tutto esaurito questa sera in Sala Bianchi a Belluno per la conferenza del dottor Riccardo Szumski, medico di base, gi\u00e0 sindaco di Santa Lucia di Piave. In oltre due ore Szumski ha messo in fila tutta una serie di situazioni surreali che abbiamo vissuto durante i tre anni di pandemia.\u00a0 [&hellip;]\" \/>\n<meta property=\"og:url\" content=\"https:\/\/www.bellunopress.it\/fr\/2023\/11\/21\/sala-bianchi-affollata-per-la-conferenza-del-dottor-szumski-nasce-lassociazione-resistere\/\" \/>\n<meta property=\"og:site_name\" content=\"Bellunopress - Dolomiti\" \/>\n<meta property=\"article:publisher\" content=\"https:\/\/www.facebook.com\/profile.php?id=100008943462799\" \/>\n<meta property=\"article:published_time\" content=\"2023-11-21T22:29:48+00:00\" \/>\n<meta property=\"article:modified_time\" content=\"2023-11-21T22:30:29+00:00\" \/>\n<meta property=\"og:image\" content=\"https:\/\/www.bellunopress.it\/wp-content\/uploads\/2023\/11\/conferenza-dr-riccardo-szumski_edited.jpg\" \/>\n\t<meta property=\"og:image:width\" content=\"1000\" \/>\n\t<meta property=\"og:image:height\" content=\"750\" \/>\n\t<meta property=\"og:image:type\" content=\"image\/jpeg\" \/>\n<meta name=\"author\" content=\"redazione\" \/>\n<meta name=\"twitter:card\" content=\"summary_large_image\" \/>\n<meta name=\"twitter:creator\" content=\"@bellunopress\" \/>\n<meta name=\"twitter:site\" content=\"@bellunopress\" \/>\n<meta name=\"twitter:label1\" content=\"\u00c9crit par\" \/>\n\t<meta name=\"twitter:data1\" content=\"redazione\" \/>\n\t<meta name=\"twitter:label2\" content=\"Dur\u00e9e de lecture estim\u00e9e\" \/>\n\t<meta name=\"twitter:data2\" content=\"2 minutes\" \/>\n<script type=\"application\/ld+json\" class=\"yoast-schema-graph\">{\"@context\":\"https:\\\/\\\/schema.org\",\"@graph\":[{\"@type\":\"Article\",\"@id\":\"https:\\\/\\\/www.bellunopress.it\\\/2023\\\/11\\\/21\\\/sala-bianchi-affollata-per-la-conferenza-del-dottor-szumski-nasce-lassociazione-resistere\\\/#article\",\"isPartOf\":{\"@id\":\"https:\\\/\\\/www.bellunopress.it\\\/2023\\\/11\\\/21\\\/sala-bianchi-affollata-per-la-conferenza-del-dottor-szumski-nasce-lassociazione-resistere\\\/\"},\"author\":{\"name\":\"redazione\",\"@id\":\"https:\\\/\\\/www.bellunopress.it\\\/#\\\/schema\\\/person\\\/79bb06722b37ece1c03d3e94beb30d73\"},\"headline\":\"Sala Bianchi affollata per la conferenza del dottor Szumski. Nasce l&#8217;Associazione &#8220;Resistere&#8221;\",\"datePublished\":\"2023-11-21T22:29:48+00:00\",\"dateModified\":\"2023-11-21T22:30:29+00:00\",\"mainEntityOfPage\":{\"@id\":\"https:\\\/\\\/www.bellunopress.it\\\/2023\\\/11\\\/21\\\/sala-bianchi-affollata-per-la-conferenza-del-dottor-szumski-nasce-lassociazione-resistere\\\/\"},\"wordCount\":498,\"publisher\":{\"@id\":\"https:\\\/\\\/www.bellunopress.it\\\/#organization\"},\"image\":{\"@id\":\"https:\\\/\\\/www.bellunopress.it\\\/2023\\\/11\\\/21\\\/sala-bianchi-affollata-per-la-conferenza-del-dottor-szumski-nasce-lassociazione-resistere\\\/#primaryimage\"},\"thumbnailUrl\":\"https:\\\/\\\/www.bellunopress.it\\\/wp-content\\\/uploads\\\/2023\\\/11\\\/conferenza-dr-riccardo-szumski_edited.jpg\",\"articleSection\":[\"Prima Pagina\",\"Societ\u00e0, Associazioni, Istituzioni\"],\"inLanguage\":\"fr-FR\"},{\"@type\":\"WebPage\",\"@id\":\"https:\\\/\\\/www.bellunopress.it\\\/2023\\\/11\\\/21\\\/sala-bianchi-affollata-per-la-conferenza-del-dottor-szumski-nasce-lassociazione-resistere\\\/\",\"url\":\"https:\\\/\\\/www.bellunopress.it\\\/2023\\\/11\\\/21\\\/sala-bianchi-affollata-per-la-conferenza-del-dottor-szumski-nasce-lassociazione-resistere\\\/\",\"name\":\"Sala Bianchi affollata per la conferenza del dottor Szumski. Nasce l'Associazione \\\"Resistere\\\" - Bellunopress - Dolomiti\",\"isPartOf\":{\"@id\":\"https:\\\/\\\/www.bellunopress.it\\\/#website\"},\"primaryImageOfPage\":{\"@id\":\"https:\\\/\\\/www.bellunopress.it\\\/2023\\\/11\\\/21\\\/sala-bianchi-affollata-per-la-conferenza-del-dottor-szumski-nasce-lassociazione-resistere\\\/#primaryimage\"},\"image\":{\"@id\":\"https:\\\/\\\/www.bellunopress.it\\\/2023\\\/11\\\/21\\\/sala-bianchi-affollata-per-la-conferenza-del-dottor-szumski-nasce-lassociazione-resistere\\\/#primaryimage\"},\"thumbnailUrl\":\"https:\\\/\\\/www.bellunopress.it\\\/wp-content\\\/uploads\\\/2023\\\/11\\\/conferenza-dr-riccardo-szumski_edited.jpg\",\"datePublished\":\"2023-11-21T22:29:48+00:00\",\"dateModified\":\"2023-11-21T22:30:29+00:00\",\"breadcrumb\":{\"@id\":\"https:\\\/\\\/www.bellunopress.it\\\/2023\\\/11\\\/21\\\/sala-bianchi-affollata-per-la-conferenza-del-dottor-szumski-nasce-lassociazione-resistere\\\/#breadcrumb\"},\"inLanguage\":\"fr-FR\",\"potentialAction\":[{\"@type\":\"ReadAction\",\"target\":[\"https:\\\/\\\/www.bellunopress.it\\\/2023\\\/11\\\/21\\\/sala-bianchi-affollata-per-la-conferenza-del-dottor-szumski-nasce-lassociazione-resistere\\\/\"]}]},{\"@type\":\"ImageObject\",\"inLanguage\":\"fr-FR\",\"@id\":\"https:\\\/\\\/www.bellunopress.it\\\/2023\\\/11\\\/21\\\/sala-bianchi-affollata-per-la-conferenza-del-dottor-szumski-nasce-lassociazione-resistere\\\/#primaryimage\",\"url\":\"https:\\\/\\\/www.bellunopress.it\\\/wp-content\\\/uploads\\\/2023\\\/11\\\/conferenza-dr-riccardo-szumski_edited.jpg\",\"contentUrl\":\"https:\\\/\\\/www.bellunopress.it\\\/wp-content\\\/uploads\\\/2023\\\/11\\\/conferenza-dr-riccardo-szumski_edited.jpg\",\"width\":1000,\"height\":750},{\"@type\":\"BreadcrumbList\",\"@id\":\"https:\\\/\\\/www.bellunopress.it\\\/2023\\\/11\\\/21\\\/sala-bianchi-affollata-per-la-conferenza-del-dottor-szumski-nasce-lassociazione-resistere\\\/#breadcrumb\",\"itemListElement\":[{\"@type\":\"ListItem\",\"position\":1,\"name\":\"Home\",\"item\":\"https:\\\/\\\/www.bellunopress.it\\\/\"},{\"@type\":\"ListItem\",\"position\":2,\"name\":\"Sala Bianchi affollata per la conferenza del dottor Szumski. Nasce l&#8217;Associazione &#8220;Resistere&#8221;\"}]},{\"@type\":\"WebSite\",\"@id\":\"https:\\\/\\\/www.bellunopress.it\\\/#website\",\"url\":\"https:\\\/\\\/www.bellunopress.it\\\/\",\"name\":\"Bellunopress - Dolomiti\",\"description\":\"e-mail: redazione@bellunopress.it\",\"publisher\":{\"@id\":\"https:\\\/\\\/www.bellunopress.it\\\/#organization\"},\"potentialAction\":[{\"@type\":\"SearchAction\",\"target\":{\"@type\":\"EntryPoint\",\"urlTemplate\":\"https:\\\/\\\/www.bellunopress.it\\\/?s={search_term_string}\"},\"query-input\":{\"@type\":\"PropertyValueSpecification\",\"valueRequired\":true,\"valueName\":\"search_term_string\"}}],\"inLanguage\":\"fr-FR\"},{\"@type\":\"Organization\",\"@id\":\"https:\\\/\\\/www.bellunopress.it\\\/#organization\",\"name\":\"Bellunopress\",\"url\":\"https:\\\/\\\/www.bellunopress.it\\\/\",\"logo\":{\"@type\":\"ImageObject\",\"inLanguage\":\"fr-FR\",\"@id\":\"https:\\\/\\\/www.bellunopress.it\\\/#\\\/schema\\\/logo\\\/image\\\/\",\"url\":\"https:\\\/\\\/www.bellunopress.it\\\/wp-content\\\/uploads\\\/2011\\\/05\\\/cropped-logo-bellunopress-.jpg\",\"contentUrl\":\"https:\\\/\\\/www.bellunopress.it\\\/wp-content\\\/uploads\\\/2011\\\/05\\\/cropped-logo-bellunopress-.jpg\",\"width\":512,\"height\":512,\"caption\":\"Bellunopress\"},\"image\":{\"@id\":\"https:\\\/\\\/www.bellunopress.it\\\/#\\\/schema\\\/logo\\\/image\\\/\"},\"sameAs\":[\"https:\\\/\\\/www.facebook.com\\\/profile.php?id=100008943462799\",\"https:\\\/\\\/x.com\\\/bellunopress\",\"https:\\\/\\\/www.linkedin.com\\\/hp\\\/?dnr=JBzUWaJfMUw8vbXJJ2tVW5-I3jZKvC4wsoxE&amp;amp;amp;amp;amp;amp;trk=nav_responsive_tab_home\",\"https:\\\/\\\/www.youtube.com\\\/channel\\\/UCxL0wu1uN0_3_7hGG0306cw\"]},{\"@type\":\"Person\",\"@id\":\"https:\\\/\\\/www.bellunopress.it\\\/#\\\/schema\\\/person\\\/79bb06722b37ece1c03d3e94beb30d73\",\"name\":\"redazione\",\"image\":{\"@type\":\"ImageObject\",\"inLanguage\":\"fr-FR\",\"@id\":\"https:\\\/\\\/secure.gravatar.com\\\/avatar\\\/37d968a2e67a6fd04c169c4bdef102d0bc5d31b2546345219e348575eb80e9a0?s=96&d=mm&r=g\",\"url\":\"https:\\\/\\\/secure.gravatar.com\\\/avatar\\\/37d968a2e67a6fd04c169c4bdef102d0bc5d31b2546345219e348575eb80e9a0?s=96&d=mm&r=g\",\"contentUrl\":\"https:\\\/\\\/secure.gravatar.com\\\/avatar\\\/37d968a2e67a6fd04c169c4bdef102d0bc5d31b2546345219e348575eb80e9a0?s=96&d=mm&r=g\",\"caption\":\"redazione\"},\"sameAs\":[\"http:\\\/\\\/www.bellunopress.it\",\"https:\\\/\\\/x.com\\\/bellunopress\"],\"url\":\"https:\\\/\\\/www.bellunopress.it\\\/fr\\\/author\\\/redazione\\\/\"}]}<\/script>\n<!-- \/ Yoast SEO plugin. -->","yoast_head_json":{"title":"Sala Bianchi affollata per la conferenza del dottor Szumski. Nasce l'Associazione \"Resistere\" - Bellunopress - Dolomiti","robots":{"index":"index","follow":"follow","max-snippet":"max-snippet:-1","max-image-preview":"max-image-preview:large","max-video-preview":"max-video-preview:-1"},"canonical":"https:\/\/www.bellunopress.it\/fr\/2023\/11\/21\/sala-bianchi-affollata-per-la-conferenza-del-dottor-szumski-nasce-lassociazione-resistere\/","og_locale":"fr_FR","og_type":"article","og_title":"Sala Bianchi affollata per la conferenza del dottor Szumski. Nasce l'Associazione \"Resistere\" - Bellunopress - Dolomiti","og_description":"Belluno, 21 novembre 2023 &#8211;\u00a0 Tutto esaurito questa sera in Sala Bianchi a Belluno per la conferenza del dottor Riccardo Szumski, medico di base, gi\u00e0 sindaco di Santa Lucia di Piave. In oltre due ore Szumski ha messo in fila tutta una serie di situazioni surreali che abbiamo vissuto durante i tre anni di pandemia.\u00a0 [&hellip;]","og_url":"https:\/\/www.bellunopress.it\/fr\/2023\/11\/21\/sala-bianchi-affollata-per-la-conferenza-del-dottor-szumski-nasce-lassociazione-resistere\/","og_site_name":"Bellunopress - Dolomiti","article_publisher":"https:\/\/www.facebook.com\/profile.php?id=100008943462799","article_published_time":"2023-11-21T22:29:48+00:00","article_modified_time":"2023-11-21T22:30:29+00:00","og_image":[{"width":1000,"height":750,"url":"https:\/\/www.bellunopress.it\/wp-content\/uploads\/2023\/11\/conferenza-dr-riccardo-szumski_edited.jpg","type":"image\/jpeg"}],"author":"redazione","twitter_card":"summary_large_image","twitter_creator":"@bellunopress","twitter_site":"@bellunopress","twitter_misc":{"\u00c9crit par":"redazione","Dur\u00e9e de lecture estim\u00e9e":"2 minutes"},"schema":{"@context":"https:\/\/schema.org","@graph":[{"@type":"Article","@id":"https:\/\/www.bellunopress.it\/2023\/11\/21\/sala-bianchi-affollata-per-la-conferenza-del-dottor-szumski-nasce-lassociazione-resistere\/#article","isPartOf":{"@id":"https:\/\/www.bellunopress.it\/2023\/11\/21\/sala-bianchi-affollata-per-la-conferenza-del-dottor-szumski-nasce-lassociazione-resistere\/"},"author":{"name":"redazione","@id":"https:\/\/www.bellunopress.it\/#\/schema\/person\/79bb06722b37ece1c03d3e94beb30d73"},"headline":"Sala Bianchi affollata per la conferenza del dottor Szumski. Nasce l&#8217;Associazione &#8220;Resistere&#8221;","datePublished":"2023-11-21T22:29:48+00:00","dateModified":"2023-11-21T22:30:29+00:00","mainEntityOfPage":{"@id":"https:\/\/www.bellunopress.it\/2023\/11\/21\/sala-bianchi-affollata-per-la-conferenza-del-dottor-szumski-nasce-lassociazione-resistere\/"},"wordCount":498,"publisher":{"@id":"https:\/\/www.bellunopress.it\/#organization"},"image":{"@id":"https:\/\/www.bellunopress.it\/2023\/11\/21\/sala-bianchi-affollata-per-la-conferenza-del-dottor-szumski-nasce-lassociazione-resistere\/#primaryimage"},"thumbnailUrl":"https:\/\/www.bellunopress.it\/wp-content\/uploads\/2023\/11\/conferenza-dr-riccardo-szumski_edited.jpg","articleSection":["Prima Pagina","Societ\u00e0, Associazioni, Istituzioni"],"inLanguage":"fr-FR"},{"@type":"WebPage","@id":"https:\/\/www.bellunopress.it\/2023\/11\/21\/sala-bianchi-affollata-per-la-conferenza-del-dottor-szumski-nasce-lassociazione-resistere\/","url":"https:\/\/www.bellunopress.it\/2023\/11\/21\/sala-bianchi-affollata-per-la-conferenza-del-dottor-szumski-nasce-lassociazione-resistere\/","name":"Sala Bianchi affollata per la conferenza del dottor Szumski. Nasce l'Associazione \"Resistere\" - Bellunopress - Dolomiti","isPartOf":{"@id":"https:\/\/www.bellunopress.it\/#website"},"primaryImageOfPage":{"@id":"https:\/\/www.bellunopress.it\/2023\/11\/21\/sala-bianchi-affollata-per-la-conferenza-del-dottor-szumski-nasce-lassociazione-resistere\/#primaryimage"},"image":{"@id":"https:\/\/www.bellunopress.it\/2023\/11\/21\/sala-bianchi-affollata-per-la-conferenza-del-dottor-szumski-nasce-lassociazione-resistere\/#primaryimage"},"thumbnailUrl":"https:\/\/www.bellunopress.it\/wp-content\/uploads\/2023\/11\/conferenza-dr-riccardo-szumski_edited.jpg","datePublished":"2023-11-21T22:29:48+00:00","dateModified":"2023-11-21T22:30:29+00:00","breadcrumb":{"@id":"https:\/\/www.bellunopress.it\/2023\/11\/21\/sala-bianchi-affollata-per-la-conferenza-del-dottor-szumski-nasce-lassociazione-resistere\/#breadcrumb"},"inLanguage":"fr-FR","potentialAction":[{"@type":"ReadAction","target":["https:\/\/www.bellunopress.it\/2023\/11\/21\/sala-bianchi-affollata-per-la-conferenza-del-dottor-szumski-nasce-lassociazione-resistere\/"]}]},{"@type":"ImageObject","inLanguage":"fr-FR","@id":"https:\/\/www.bellunopress.it\/2023\/11\/21\/sala-bianchi-affollata-per-la-conferenza-del-dottor-szumski-nasce-lassociazione-resistere\/#primaryimage","url":"https:\/\/www.bellunopress.it\/wp-content\/uploads\/2023\/11\/conferenza-dr-riccardo-szumski_edited.jpg","contentUrl":"https:\/\/www.bellunopress.it\/wp-content\/uploads\/2023\/11\/conferenza-dr-riccardo-szumski_edited.jpg","width":1000,"height":750},{"@type":"BreadcrumbList","@id":"https:\/\/www.bellunopress.it\/2023\/11\/21\/sala-bianchi-affollata-per-la-conferenza-del-dottor-szumski-nasce-lassociazione-resistere\/#breadcrumb","itemListElement":[{"@type":"ListItem","position":1,"name":"Home","item":"https:\/\/www.bellunopress.it\/"},{"@type":"ListItem","position":2,"name":"Sala Bianchi affollata per la conferenza del dottor Szumski. Nasce l&#8217;Associazione &#8220;Resistere&#8221;"}]},{"@type":"WebSite","@id":"https:\/\/www.bellunopress.it\/#website","url":"https:\/\/www.bellunopress.it\/","name":"Bellunopress - Dolomiti","description":"e-mail: redazione@bellunopress.it","publisher":{"@id":"https:\/\/www.bellunopress.it\/#organization"},"potentialAction":[{"@type":"SearchAction","target":{"@type":"EntryPoint","urlTemplate":"https:\/\/www.bellunopress.it\/?s={search_term_string}"},"query-input":{"@type":"PropertyValueSpecification","valueRequired":true,"valueName":"search_term_string"}}],"inLanguage":"fr-FR"},{"@type":"Organization","@id":"https:\/\/www.bellunopress.it\/#organization","name":"Bellunopress","url":"https:\/\/www.bellunopress.it\/","logo":{"@type":"ImageObject","inLanguage":"fr-FR","@id":"https:\/\/www.bellunopress.it\/#\/schema\/logo\/image\/","url":"https:\/\/www.bellunopress.it\/wp-content\/uploads\/2011\/05\/cropped-logo-bellunopress-.jpg","contentUrl":"https:\/\/www.bellunopress.it\/wp-content\/uploads\/2011\/05\/cropped-logo-bellunopress-.jpg","width":512,"height":512,"caption":"Bellunopress"},"image":{"@id":"https:\/\/www.bellunopress.it\/#\/schema\/logo\/image\/"},"sameAs":["https:\/\/www.facebook.com\/profile.php?id=100008943462799","https:\/\/x.com\/bellunopress","https:\/\/www.linkedin.com\/hp\/?dnr=JBzUWaJfMUw8vbXJJ2tVW5-I3jZKvC4wsoxE&amp;amp;amp;amp;amp;amp;trk=nav_responsive_tab_home","https:\/\/www.youtube.com\/channel\/UCxL0wu1uN0_3_7hGG0306cw"]},{"@type":"Person","@id":"https:\/\/www.bellunopress.it\/#\/schema\/person\/79bb06722b37ece1c03d3e94beb30d73","name":"r\u00e9daction","image":{"@type":"ImageObject","inLanguage":"fr-FR","@id":"https:\/\/secure.gravatar.com\/avatar\/37d968a2e67a6fd04c169c4bdef102d0bc5d31b2546345219e348575eb80e9a0?s=96&d=mm&r=g","url":"https:\/\/secure.gravatar.com\/avatar\/37d968a2e67a6fd04c169c4bdef102d0bc5d31b2546345219e348575eb80e9a0?s=96&d=mm&r=g","contentUrl":"https:\/\/secure.gravatar.com\/avatar\/37d968a2e67a6fd04c169c4bdef102d0bc5d31b2546345219e348575eb80e9a0?s=96&d=mm&r=g","caption":"redazione"},"sameAs":["http:\/\/www.bellunopress.it","https:\/\/x.com\/bellunopress"],"url":"https:\/\/www.bellunopress.it\/fr\/author\/redazione\/"}]}},"_links":{"self":[{"href":"https:\/\/www.bellunopress.it\/fr\/wp-json\/wp\/v2\/posts\/146091","targetHints":{"allow":["GET"]}}],"collection":[{"href":"https:\/\/www.bellunopress.it\/fr\/wp-json\/wp\/v2\/posts"}],"about":[{"href":"https:\/\/www.bellunopress.it\/fr\/wp-json\/wp\/v2\/types\/post"}],"author":[{"embeddable":true,"href":"https:\/\/www.bellunopress.it\/fr\/wp-json\/wp\/v2\/users\/2"}],"replies":[{"embeddable":true,"href":"https:\/\/www.bellunopress.it\/fr\/wp-json\/wp\/v2\/comments?post=146091"}],"version-history":[{"count":2,"href":"https:\/\/www.bellunopress.it\/fr\/wp-json\/wp\/v2\/posts\/146091\/revisions"}],"predecessor-version":[{"id":146094,"href":"https:\/\/www.bellunopress.it\/fr\/wp-json\/wp\/v2\/posts\/146091\/revisions\/146094"}],"wp:featuredmedia":[{"embeddable":true,"href":"https:\/\/www.bellunopress.it\/fr\/wp-json\/wp\/v2\/media\/146092"}],"wp:attachment":[{"href":"https:\/\/www.bellunopress.it\/fr\/wp-json\/wp\/v2\/media?parent=146091"}],"wp:term":[{"taxonomy":"category","embeddable":true,"href":"https:\/\/www.bellunopress.it\/fr\/wp-json\/wp\/v2\/categories?post=146091"},{"taxonomy":"post_tag","embeddable":true,"href":"https:\/\/www.bellunopress.it\/fr\/wp-json\/wp\/v2\/tags?post=146091"}],"curies":[{"name":"wp","href":"https:\/\/api.w.org\/{rel}","templated":true}]}}