{"id":146089,"date":"2023-11-21T16:41:20","date_gmt":"2023-11-21T15:41:20","guid":{"rendered":"https:\/\/www.bellunopress.it\/?p=146089"},"modified":"2023-11-21T16:41:20","modified_gmt":"2023-11-21T15:41:20","slug":"dolomiti-ambiente-deola-impianto-strategico-se-si-vuole-arrivare-al-servizio-integrato-raccolta-smaltimento","status":"publish","type":"post","link":"https:\/\/www.bellunopress.it\/fr\/2023\/11\/21\/dolomiti-ambiente-deola-impianto-strategico-se-si-vuole-arrivare-al-servizio-integrato-raccolta-smaltimento\/","title":{"rendered":"Dolomiti Ambiente, Deola: \u00abImpianto strategico se si vuole arrivare al servizio integrato raccolta-smaltimento\u00bb"},"content":{"rendered":"<figure id=\"attachment_114439\" aria-describedby=\"caption-attachment-114439\" style=\"width: 564px\" class=\"wp-caption alignleft\"><img loading=\"lazy\" decoding=\"async\" class=\"size-full wp-image-114439\" src=\"https:\/\/www.bellunopress.it\/wp-content\/uploads\/2020\/05\/simone-deola_edited.jpg\" alt=\"\" width=\"564\" height=\"659\" srcset=\"https:\/\/www.bellunopress.it\/wp-content\/uploads\/2020\/05\/simone-deola_edited.jpg 564w, https:\/\/www.bellunopress.it\/wp-content\/uploads\/2020\/05\/simone-deola_edited-428x500.jpg 428w, https:\/\/www.bellunopress.it\/wp-content\/uploads\/2020\/05\/simone-deola_edited-359x420.jpg 359w\" sizes=\"auto, (max-width: 564px) 100vw, 564px\" \/><figcaption id=\"caption-attachment-114439\" class=\"wp-caption-text\">Simone Deola &#8211; Assessore<\/figcaption><\/figure>\n<p>\u00abSolo con l&#8217;impianto del Maserot attivo ed efficiente si pu\u00f2 arrivare al servizio integrato di raccolta e smaltimento rifiuti in provincia. Chi afferma che la Dolomiti Ambiente non sia strategica, forse non ha ben chiari alcuni concetti\u00bb.<\/p>\n<p>\u00c8 quanto afferma il consigliere provinciale delegato all&#8217;ambiente, Simone Deola, a seguito di alcune uscite sul futuro della Dolomiti Ambiente, societ\u00e0 partecipata che la Provincia ha messo a gara e attualmente sotto la lente di Bim Gsp che ne detiene alcune quote. Il ragionamento in corso \u00e8 relativo al diritto di prelazione, che consentirebbe alla societ\u00e0 dei sindaci (che oggi gestisce il servizio idrico integrato) di allargare il proprio raggio di azione anche in tema di gestione dei rifiuti.<\/p>\n<p>\u00abSpiace constatare come da parte di diversi soggetti- ultima la Regione Veneto per bocca dell&#8217;assessore Bottacin &#8211; ci sia una totale disaffezione e addirittura un atteggiamento di accanimento nei confronti di un bene come il Maserot, che \u00e8 di tutti e dell&#8217;intero territorio provinciale\u00bb sottolinea il consigliere Deola.<\/p>\n<p>\u00abSpiace soprattutto perch\u00e9 sembra ravvisare una sovrapposizione tra la lotta politica e partitica, legittima, e la gestione di un bene comune. Fa specie perch\u00e9 l&#8217;autonomia, tema su cui convergono molte forze politiche, sembra avere geometrie variabili: va bene in certi ambiti, ma non va pi\u00f9 bene quando si entra nel tema dei rifiuti, uno dei pi\u00f9 importanti e delicati per l&#8217;autogoverno di un territorio. Se \u00e8 cos\u00ec, basta saperlo e spiegarlo ai cittadini bellunesi, magari sottolineando anche i criteri con cui sono stati pensati i bacini ottimali di raccolta e smaltimento rifiuti, strutturati per essere il pi\u00f9 possibile indipendenti. Senza il servizio integrato &#8211; e quindi senza Maserot &#8211; il bacino bellunese conserva le proprie caratteristiche di indipendenza?\u00bb.<\/p>\n<p>Il consigliere Deola sottolinea anche i punti di forza della Dolomiti Ambiente, a partire dal biodigestore che lavora tutto il rifiuto umido trasformandolo in energia elettrica e compostato: \u00abFermandoci solo ai numeri, gli ultimi due bilanci sono in attivo. Il biodigestore consente di lavorare tutto il rifiuto umido prodotto sul territorio, producendo energia elettrica: l&#8217;impianto pu\u00f2 essere ulteriormente sviluppato per la produzione di biogas, in linea con le nuove direttive europee per lo sviluppo di energie da fonti rinnovabili\u00bb. \u00abRivolgo alcune domande a chi in questi giorni parla di non strategicit\u00e0 dell&#8217;impianto\u00bb conclude il consigliere Deola. \u00abSi \u00e8 calcolato cosa significherebbe in termini economici e infrastrutturali privarsi dell&#8217;unico centro di smaltimento dell&#8217;umido in provincia? Quali sarebbero i costi ambientali? E si \u00e8 pensato invece a cosa potrebbe essere sviluppato al Maserot, anche su altre frazioni di rifiuto? Un&#8217;ultima infine: non \u00e8 che qualcuno stia pensando a un grande bacino Belluno-Treviso e teme di dirlo apertamente?\u00bb.<\/p>","protected":false},"excerpt":{"rendered":"<p>\u00abSolo con l&#8217;impianto del Maserot attivo ed efficiente si pu\u00f2 arrivare al servizio integrato di raccolta e smaltimento rifiuti in provincia. Chi afferma che la Dolomiti Ambiente non sia strategica, forse non ha ben chiari alcuni concetti\u00bb. \u00c8 quanto afferma il consigliere provinciale delegato all&#8217;ambiente, Simone Deola, a seguito di alcune uscite sul futuro della [&hellip;]<\/p>\n","protected":false},"author":2,"featured_media":114439,"comment_status":"closed","ping_status":"open","sticky":false,"template":"","format":"standard","meta":{"footnotes":""},"categories":[26,8],"tags":[],"class_list":["post-146089","post","type-post","status-publish","format-standard","has-post-thumbnail","category-prima-pagina","category-societa-istituzioni"],"yoast_head":"<!-- This site is optimized with the Yoast SEO plugin v28.4 - https:\/\/yoast.com\/product\/yoast-seo-wordpress\/ -->\n<title>Dolomiti Ambiente, Deola: \u00abImpianto strategico se si vuole arrivare al servizio integrato raccolta-smaltimento\u00bb - Bellunopress - Dolomiti<\/title>\n<meta name=\"robots\" content=\"index, follow, max-snippet:-1, max-image-preview:large, max-video-preview:-1\" \/>\n<link rel=\"canonical\" href=\"https:\/\/www.bellunopress.it\/fr\/2023\/11\/21\/dolomiti-ambiente-deola-impianto-strategico-se-si-vuole-arrivare-al-servizio-integrato-raccolta-smaltimento\/\" \/>\n<meta property=\"og:locale\" content=\"fr_FR\" \/>\n<meta property=\"og:type\" content=\"article\" \/>\n<meta property=\"og:title\" content=\"Dolomiti Ambiente, Deola: \u00abImpianto strategico se si vuole arrivare al servizio integrato raccolta-smaltimento\u00bb - Bellunopress - Dolomiti\" \/>\n<meta property=\"og:description\" content=\"\u00abSolo con l&#8217;impianto del Maserot attivo ed efficiente si pu\u00f2 arrivare al servizio integrato di raccolta e smaltimento rifiuti in provincia. Chi afferma che la Dolomiti Ambiente non sia strategica, forse non ha ben chiari alcuni concetti\u00bb. \u00c8 quanto afferma il consigliere provinciale delegato all&#8217;ambiente, Simone Deola, a seguito di alcune uscite sul futuro della [&hellip;]\" \/>\n<meta property=\"og:url\" content=\"https:\/\/www.bellunopress.it\/fr\/2023\/11\/21\/dolomiti-ambiente-deola-impianto-strategico-se-si-vuole-arrivare-al-servizio-integrato-raccolta-smaltimento\/\" \/>\n<meta property=\"og:site_name\" content=\"Bellunopress - Dolomiti\" \/>\n<meta property=\"article:publisher\" content=\"https:\/\/www.facebook.com\/profile.php?id=100008943462799\" \/>\n<meta property=\"article:published_time\" content=\"2023-11-21T15:41:20+00:00\" \/>\n<meta property=\"og:image\" content=\"https:\/\/www.bellunopress.it\/wp-content\/uploads\/2020\/05\/simone-deola_edited.jpg\" \/>\n\t<meta property=\"og:image:width\" content=\"564\" \/>\n\t<meta property=\"og:image:height\" content=\"659\" \/>\n\t<meta property=\"og:image:type\" content=\"image\/jpeg\" \/>\n<meta name=\"author\" content=\"redazione\" \/>\n<meta name=\"twitter:card\" content=\"summary_large_image\" \/>\n<meta name=\"twitter:creator\" content=\"@bellunopress\" \/>\n<meta name=\"twitter:site\" content=\"@bellunopress\" \/>\n<meta name=\"twitter:label1\" content=\"Written by\" \/>\n\t<meta name=\"twitter:data1\" content=\"redazione\" \/>\n\t<meta name=\"twitter:label2\" content=\"Est. reading time\" \/>\n\t<meta name=\"twitter:data2\" content=\"2 minutes\" \/>\n<script type=\"application\/ld+json\" class=\"yoast-schema-graph\">{\"@context\":\"https:\\\/\\\/schema.org\",\"@graph\":[{\"@type\":\"Article\",\"@id\":\"https:\\\/\\\/www.bellunopress.it\\\/2023\\\/11\\\/21\\\/dolomiti-ambiente-deola-impianto-strategico-se-si-vuole-arrivare-al-servizio-integrato-raccolta-smaltimento\\\/#article\",\"isPartOf\":{\"@id\":\"https:\\\/\\\/www.bellunopress.it\\\/2023\\\/11\\\/21\\\/dolomiti-ambiente-deola-impianto-strategico-se-si-vuole-arrivare-al-servizio-integrato-raccolta-smaltimento\\\/\"},\"author\":{\"name\":\"redazione\",\"@id\":\"https:\\\/\\\/www.bellunopress.it\\\/#\\\/schema\\\/person\\\/79bb06722b37ece1c03d3e94beb30d73\"},\"headline\":\"Dolomiti Ambiente, Deola: \u00abImpianto strategico se si vuole arrivare al servizio integrato raccolta-smaltimento\u00bb\",\"datePublished\":\"2023-11-21T15:41:20+00:00\",\"mainEntityOfPage\":{\"@id\":\"https:\\\/\\\/www.bellunopress.it\\\/2023\\\/11\\\/21\\\/dolomiti-ambiente-deola-impianto-strategico-se-si-vuole-arrivare-al-servizio-integrato-raccolta-smaltimento\\\/\"},\"wordCount\":465,\"publisher\":{\"@id\":\"https:\\\/\\\/www.bellunopress.it\\\/#organization\"},\"image\":{\"@id\":\"https:\\\/\\\/www.bellunopress.it\\\/2023\\\/11\\\/21\\\/dolomiti-ambiente-deola-impianto-strategico-se-si-vuole-arrivare-al-servizio-integrato-raccolta-smaltimento\\\/#primaryimage\"},\"thumbnailUrl\":\"https:\\\/\\\/www.bellunopress.it\\\/wp-content\\\/uploads\\\/2020\\\/05\\\/simone-deola_edited.jpg\",\"articleSection\":[\"Prima Pagina\",\"Societ\u00e0, Associazioni, Istituzioni\"],\"inLanguage\":\"fr-FR\"},{\"@type\":\"WebPage\",\"@id\":\"https:\\\/\\\/www.bellunopress.it\\\/2023\\\/11\\\/21\\\/dolomiti-ambiente-deola-impianto-strategico-se-si-vuole-arrivare-al-servizio-integrato-raccolta-smaltimento\\\/\",\"url\":\"https:\\\/\\\/www.bellunopress.it\\\/2023\\\/11\\\/21\\\/dolomiti-ambiente-deola-impianto-strategico-se-si-vuole-arrivare-al-servizio-integrato-raccolta-smaltimento\\\/\",\"name\":\"Dolomiti Ambiente, Deola: \u00abImpianto strategico se si vuole arrivare al servizio integrato raccolta-smaltimento\u00bb - Bellunopress - Dolomiti\",\"isPartOf\":{\"@id\":\"https:\\\/\\\/www.bellunopress.it\\\/#website\"},\"primaryImageOfPage\":{\"@id\":\"https:\\\/\\\/www.bellunopress.it\\\/2023\\\/11\\\/21\\\/dolomiti-ambiente-deola-impianto-strategico-se-si-vuole-arrivare-al-servizio-integrato-raccolta-smaltimento\\\/#primaryimage\"},\"image\":{\"@id\":\"https:\\\/\\\/www.bellunopress.it\\\/2023\\\/11\\\/21\\\/dolomiti-ambiente-deola-impianto-strategico-se-si-vuole-arrivare-al-servizio-integrato-raccolta-smaltimento\\\/#primaryimage\"},\"thumbnailUrl\":\"https:\\\/\\\/www.bellunopress.it\\\/wp-content\\\/uploads\\\/2020\\\/05\\\/simone-deola_edited.jpg\",\"datePublished\":\"2023-11-21T15:41:20+00:00\",\"breadcrumb\":{\"@id\":\"https:\\\/\\\/www.bellunopress.it\\\/2023\\\/11\\\/21\\\/dolomiti-ambiente-deola-impianto-strategico-se-si-vuole-arrivare-al-servizio-integrato-raccolta-smaltimento\\\/#breadcrumb\"},\"inLanguage\":\"fr-FR\",\"potentialAction\":[{\"@type\":\"ReadAction\",\"target\":[\"https:\\\/\\\/www.bellunopress.it\\\/2023\\\/11\\\/21\\\/dolomiti-ambiente-deola-impianto-strategico-se-si-vuole-arrivare-al-servizio-integrato-raccolta-smaltimento\\\/\"]}]},{\"@type\":\"ImageObject\",\"inLanguage\":\"fr-FR\",\"@id\":\"https:\\\/\\\/www.bellunopress.it\\\/2023\\\/11\\\/21\\\/dolomiti-ambiente-deola-impianto-strategico-se-si-vuole-arrivare-al-servizio-integrato-raccolta-smaltimento\\\/#primaryimage\",\"url\":\"https:\\\/\\\/www.bellunopress.it\\\/wp-content\\\/uploads\\\/2020\\\/05\\\/simone-deola_edited.jpg\",\"contentUrl\":\"https:\\\/\\\/www.bellunopress.it\\\/wp-content\\\/uploads\\\/2020\\\/05\\\/simone-deola_edited.jpg\",\"width\":564,\"height\":659,\"caption\":\"Simone Deola - Assessore\"},{\"@type\":\"BreadcrumbList\",\"@id\":\"https:\\\/\\\/www.bellunopress.it\\\/2023\\\/11\\\/21\\\/dolomiti-ambiente-deola-impianto-strategico-se-si-vuole-arrivare-al-servizio-integrato-raccolta-smaltimento\\\/#breadcrumb\",\"itemListElement\":[{\"@type\":\"ListItem\",\"position\":1,\"name\":\"Home\",\"item\":\"https:\\\/\\\/www.bellunopress.it\\\/\"},{\"@type\":\"ListItem\",\"position\":2,\"name\":\"Dolomiti Ambiente, Deola: \u00abImpianto strategico se si vuole arrivare al servizio integrato raccolta-smaltimento\u00bb\"}]},{\"@type\":\"WebSite\",\"@id\":\"https:\\\/\\\/www.bellunopress.it\\\/#website\",\"url\":\"https:\\\/\\\/www.bellunopress.it\\\/\",\"name\":\"Bellunopress - Dolomiti\",\"description\":\"e-mail: redazione@bellunopress.it\",\"publisher\":{\"@id\":\"https:\\\/\\\/www.bellunopress.it\\\/#organization\"},\"potentialAction\":[{\"@type\":\"SearchAction\",\"target\":{\"@type\":\"EntryPoint\",\"urlTemplate\":\"https:\\\/\\\/www.bellunopress.it\\\/?s={search_term_string}\"},\"query-input\":{\"@type\":\"PropertyValueSpecification\",\"valueRequired\":true,\"valueName\":\"search_term_string\"}}],\"inLanguage\":\"fr-FR\"},{\"@type\":\"Organization\",\"@id\":\"https:\\\/\\\/www.bellunopress.it\\\/#organization\",\"name\":\"Bellunopress\",\"url\":\"https:\\\/\\\/www.bellunopress.it\\\/\",\"logo\":{\"@type\":\"ImageObject\",\"inLanguage\":\"fr-FR\",\"@id\":\"https:\\\/\\\/www.bellunopress.it\\\/#\\\/schema\\\/logo\\\/image\\\/\",\"url\":\"https:\\\/\\\/www.bellunopress.it\\\/wp-content\\\/uploads\\\/2011\\\/05\\\/cropped-logo-bellunopress-.jpg\",\"contentUrl\":\"https:\\\/\\\/www.bellunopress.it\\\/wp-content\\\/uploads\\\/2011\\\/05\\\/cropped-logo-bellunopress-.jpg\",\"width\":512,\"height\":512,\"caption\":\"Bellunopress\"},\"image\":{\"@id\":\"https:\\\/\\\/www.bellunopress.it\\\/#\\\/schema\\\/logo\\\/image\\\/\"},\"sameAs\":[\"https:\\\/\\\/www.facebook.com\\\/profile.php?id=100008943462799\",\"https:\\\/\\\/x.com\\\/bellunopress\",\"https:\\\/\\\/www.linkedin.com\\\/hp\\\/?dnr=JBzUWaJfMUw8vbXJJ2tVW5-I3jZKvC4wsoxE&amp;amp;amp;amp;amp;amp;trk=nav_responsive_tab_home\",\"https:\\\/\\\/www.youtube.com\\\/channel\\\/UCxL0wu1uN0_3_7hGG0306cw\"]},{\"@type\":\"Person\",\"@id\":\"https:\\\/\\\/www.bellunopress.it\\\/#\\\/schema\\\/person\\\/79bb06722b37ece1c03d3e94beb30d73\",\"name\":\"redazione\",\"image\":{\"@type\":\"ImageObject\",\"inLanguage\":\"fr-FR\",\"@id\":\"https:\\\/\\\/secure.gravatar.com\\\/avatar\\\/37d968a2e67a6fd04c169c4bdef102d0bc5d31b2546345219e348575eb80e9a0?s=96&d=mm&r=g\",\"url\":\"https:\\\/\\\/secure.gravatar.com\\\/avatar\\\/37d968a2e67a6fd04c169c4bdef102d0bc5d31b2546345219e348575eb80e9a0?s=96&d=mm&r=g\",\"contentUrl\":\"https:\\\/\\\/secure.gravatar.com\\\/avatar\\\/37d968a2e67a6fd04c169c4bdef102d0bc5d31b2546345219e348575eb80e9a0?s=96&d=mm&r=g\",\"caption\":\"redazione\"},\"sameAs\":[\"http:\\\/\\\/www.bellunopress.it\",\"https:\\\/\\\/x.com\\\/bellunopress\"],\"url\":\"https:\\\/\\\/www.bellunopress.it\\\/fr\\\/author\\\/redazione\\\/\"}]}<\/script>\n<!-- \/ Yoast SEO plugin. -->","yoast_head_json":{"title":"Dolomiti Ambiente, Deola: \u00abImpianto strategico se si vuole arrivare al servizio integrato raccolta-smaltimento\u00bb - Bellunopress - Dolomiti","robots":{"index":"index","follow":"follow","max-snippet":"max-snippet:-1","max-image-preview":"max-image-preview:large","max-video-preview":"max-video-preview:-1"},"canonical":"https:\/\/www.bellunopress.it\/fr\/2023\/11\/21\/dolomiti-ambiente-deola-impianto-strategico-se-si-vuole-arrivare-al-servizio-integrato-raccolta-smaltimento\/","og_locale":"fr_FR","og_type":"article","og_title":"Dolomiti Ambiente, Deola: \u00abImpianto strategico se si vuole arrivare al servizio integrato raccolta-smaltimento\u00bb - Bellunopress - Dolomiti","og_description":"\u00abSolo con l&#8217;impianto del Maserot attivo ed efficiente si pu\u00f2 arrivare al servizio integrato di raccolta e smaltimento rifiuti in provincia. Chi afferma che la Dolomiti Ambiente non sia strategica, forse non ha ben chiari alcuni concetti\u00bb. \u00c8 quanto afferma il consigliere provinciale delegato all&#8217;ambiente, Simone Deola, a seguito di alcune uscite sul futuro della [&hellip;]","og_url":"https:\/\/www.bellunopress.it\/fr\/2023\/11\/21\/dolomiti-ambiente-deola-impianto-strategico-se-si-vuole-arrivare-al-servizio-integrato-raccolta-smaltimento\/","og_site_name":"Bellunopress - Dolomiti","article_publisher":"https:\/\/www.facebook.com\/profile.php?id=100008943462799","article_published_time":"2023-11-21T15:41:20+00:00","og_image":[{"width":564,"height":659,"url":"https:\/\/www.bellunopress.it\/wp-content\/uploads\/2020\/05\/simone-deola_edited.jpg","type":"image\/jpeg"}],"author":"redazione","twitter_card":"summary_large_image","twitter_creator":"@bellunopress","twitter_site":"@bellunopress","twitter_misc":{"Written by":"redazione","Est. reading time":"2 minutes"},"schema":{"@context":"https:\/\/schema.org","@graph":[{"@type":"Article","@id":"https:\/\/www.bellunopress.it\/2023\/11\/21\/dolomiti-ambiente-deola-impianto-strategico-se-si-vuole-arrivare-al-servizio-integrato-raccolta-smaltimento\/#article","isPartOf":{"@id":"https:\/\/www.bellunopress.it\/2023\/11\/21\/dolomiti-ambiente-deola-impianto-strategico-se-si-vuole-arrivare-al-servizio-integrato-raccolta-smaltimento\/"},"author":{"name":"redazione","@id":"https:\/\/www.bellunopress.it\/#\/schema\/person\/79bb06722b37ece1c03d3e94beb30d73"},"headline":"Dolomiti Ambiente, Deola: \u00abImpianto strategico se si vuole arrivare al servizio integrato raccolta-smaltimento\u00bb","datePublished":"2023-11-21T15:41:20+00:00","mainEntityOfPage":{"@id":"https:\/\/www.bellunopress.it\/2023\/11\/21\/dolomiti-ambiente-deola-impianto-strategico-se-si-vuole-arrivare-al-servizio-integrato-raccolta-smaltimento\/"},"wordCount":465,"publisher":{"@id":"https:\/\/www.bellunopress.it\/#organization"},"image":{"@id":"https:\/\/www.bellunopress.it\/2023\/11\/21\/dolomiti-ambiente-deola-impianto-strategico-se-si-vuole-arrivare-al-servizio-integrato-raccolta-smaltimento\/#primaryimage"},"thumbnailUrl":"https:\/\/www.bellunopress.it\/wp-content\/uploads\/2020\/05\/simone-deola_edited.jpg","articleSection":["Prima Pagina","Societ\u00e0, Associazioni, Istituzioni"],"inLanguage":"fr-FR"},{"@type":"WebPage","@id":"https:\/\/www.bellunopress.it\/2023\/11\/21\/dolomiti-ambiente-deola-impianto-strategico-se-si-vuole-arrivare-al-servizio-integrato-raccolta-smaltimento\/","url":"https:\/\/www.bellunopress.it\/2023\/11\/21\/dolomiti-ambiente-deola-impianto-strategico-se-si-vuole-arrivare-al-servizio-integrato-raccolta-smaltimento\/","name":"Dolomiti Ambiente, Deola: \u00abImpianto strategico se si vuole arrivare al servizio integrato raccolta-smaltimento\u00bb - Bellunopress - Dolomiti","isPartOf":{"@id":"https:\/\/www.bellunopress.it\/#website"},"primaryImageOfPage":{"@id":"https:\/\/www.bellunopress.it\/2023\/11\/21\/dolomiti-ambiente-deola-impianto-strategico-se-si-vuole-arrivare-al-servizio-integrato-raccolta-smaltimento\/#primaryimage"},"image":{"@id":"https:\/\/www.bellunopress.it\/2023\/11\/21\/dolomiti-ambiente-deola-impianto-strategico-se-si-vuole-arrivare-al-servizio-integrato-raccolta-smaltimento\/#primaryimage"},"thumbnailUrl":"https:\/\/www.bellunopress.it\/wp-content\/uploads\/2020\/05\/simone-deola_edited.jpg","datePublished":"2023-11-21T15:41:20+00:00","breadcrumb":{"@id":"https:\/\/www.bellunopress.it\/2023\/11\/21\/dolomiti-ambiente-deola-impianto-strategico-se-si-vuole-arrivare-al-servizio-integrato-raccolta-smaltimento\/#breadcrumb"},"inLanguage":"fr-FR","potentialAction":[{"@type":"ReadAction","target":["https:\/\/www.bellunopress.it\/2023\/11\/21\/dolomiti-ambiente-deola-impianto-strategico-se-si-vuole-arrivare-al-servizio-integrato-raccolta-smaltimento\/"]}]},{"@type":"ImageObject","inLanguage":"fr-FR","@id":"https:\/\/www.bellunopress.it\/2023\/11\/21\/dolomiti-ambiente-deola-impianto-strategico-se-si-vuole-arrivare-al-servizio-integrato-raccolta-smaltimento\/#primaryimage","url":"https:\/\/www.bellunopress.it\/wp-content\/uploads\/2020\/05\/simone-deola_edited.jpg","contentUrl":"https:\/\/www.bellunopress.it\/wp-content\/uploads\/2020\/05\/simone-deola_edited.jpg","width":564,"height":659,"caption":"Simone Deola - Assessore"},{"@type":"BreadcrumbList","@id":"https:\/\/www.bellunopress.it\/2023\/11\/21\/dolomiti-ambiente-deola-impianto-strategico-se-si-vuole-arrivare-al-servizio-integrato-raccolta-smaltimento\/#breadcrumb","itemListElement":[{"@type":"ListItem","position":1,"name":"Home","item":"https:\/\/www.bellunopress.it\/"},{"@type":"ListItem","position":2,"name":"Dolomiti Ambiente, Deola: \u00abImpianto strategico se si vuole arrivare al servizio integrato raccolta-smaltimento\u00bb"}]},{"@type":"WebSite","@id":"https:\/\/www.bellunopress.it\/#website","url":"https:\/\/www.bellunopress.it\/","name":"Bellunopress - Dolomiti","description":"e-mail: redazione@bellunopress.it","publisher":{"@id":"https:\/\/www.bellunopress.it\/#organization"},"potentialAction":[{"@type":"SearchAction","target":{"@type":"EntryPoint","urlTemplate":"https:\/\/www.bellunopress.it\/?s={search_term_string}"},"query-input":{"@type":"PropertyValueSpecification","valueRequired":true,"valueName":"search_term_string"}}],"inLanguage":"fr-FR"},{"@type":"Organization","@id":"https:\/\/www.bellunopress.it\/#organization","name":"Bellunopress","url":"https:\/\/www.bellunopress.it\/","logo":{"@type":"ImageObject","inLanguage":"fr-FR","@id":"https:\/\/www.bellunopress.it\/#\/schema\/logo\/image\/","url":"https:\/\/www.bellunopress.it\/wp-content\/uploads\/2011\/05\/cropped-logo-bellunopress-.jpg","contentUrl":"https:\/\/www.bellunopress.it\/wp-content\/uploads\/2011\/05\/cropped-logo-bellunopress-.jpg","width":512,"height":512,"caption":"Bellunopress"},"image":{"@id":"https:\/\/www.bellunopress.it\/#\/schema\/logo\/image\/"},"sameAs":["https:\/\/www.facebook.com\/profile.php?id=100008943462799","https:\/\/x.com\/bellunopress","https:\/\/www.linkedin.com\/hp\/?dnr=JBzUWaJfMUw8vbXJJ2tVW5-I3jZKvC4wsoxE&amp;amp;amp;amp;amp;amp;trk=nav_responsive_tab_home","https:\/\/www.youtube.com\/channel\/UCxL0wu1uN0_3_7hGG0306cw"]},{"@type":"Person","@id":"https:\/\/www.bellunopress.it\/#\/schema\/person\/79bb06722b37ece1c03d3e94beb30d73","name":"r\u00e9daction","image":{"@type":"ImageObject","inLanguage":"fr-FR","@id":"https:\/\/secure.gravatar.com\/avatar\/37d968a2e67a6fd04c169c4bdef102d0bc5d31b2546345219e348575eb80e9a0?s=96&d=mm&r=g","url":"https:\/\/secure.gravatar.com\/avatar\/37d968a2e67a6fd04c169c4bdef102d0bc5d31b2546345219e348575eb80e9a0?s=96&d=mm&r=g","contentUrl":"https:\/\/secure.gravatar.com\/avatar\/37d968a2e67a6fd04c169c4bdef102d0bc5d31b2546345219e348575eb80e9a0?s=96&d=mm&r=g","caption":"redazione"},"sameAs":["http:\/\/www.bellunopress.it","https:\/\/x.com\/bellunopress"],"url":"https:\/\/www.bellunopress.it\/fr\/author\/redazione\/"}]}},"_links":{"self":[{"href":"https:\/\/www.bellunopress.it\/fr\/wp-json\/wp\/v2\/posts\/146089","targetHints":{"allow":["GET"]}}],"collection":[{"href":"https:\/\/www.bellunopress.it\/fr\/wp-json\/wp\/v2\/posts"}],"about":[{"href":"https:\/\/www.bellunopress.it\/fr\/wp-json\/wp\/v2\/types\/post"}],"author":[{"embeddable":true,"href":"https:\/\/www.bellunopress.it\/fr\/wp-json\/wp\/v2\/users\/2"}],"replies":[{"embeddable":true,"href":"https:\/\/www.bellunopress.it\/fr\/wp-json\/wp\/v2\/comments?post=146089"}],"version-history":[{"count":1,"href":"https:\/\/www.bellunopress.it\/fr\/wp-json\/wp\/v2\/posts\/146089\/revisions"}],"predecessor-version":[{"id":146090,"href":"https:\/\/www.bellunopress.it\/fr\/wp-json\/wp\/v2\/posts\/146089\/revisions\/146090"}],"wp:featuredmedia":[{"embeddable":true,"href":"https:\/\/www.bellunopress.it\/fr\/wp-json\/wp\/v2\/media\/114439"}],"wp:attachment":[{"href":"https:\/\/www.bellunopress.it\/fr\/wp-json\/wp\/v2\/media?parent=146089"}],"wp:term":[{"taxonomy":"category","embeddable":true,"href":"https:\/\/www.bellunopress.it\/fr\/wp-json\/wp\/v2\/categories?post=146089"},{"taxonomy":"post_tag","embeddable":true,"href":"https:\/\/www.bellunopress.it\/fr\/wp-json\/wp\/v2\/tags?post=146089"}],"curies":[{"name":"wp","href":"https:\/\/api.w.org\/{rel}","templated":true}]}}