{"id":146086,"date":"2023-11-21T16:23:52","date_gmt":"2023-11-21T15:23:52","guid":{"rendered":"https:\/\/www.bellunopress.it\/?p=146086"},"modified":"2023-11-21T16:23:52","modified_gmt":"2023-11-21T15:23:52","slug":"non-chiamatelo-raptus-a-palazzo-piloni-le-vignette-di-anarkikka-su-violenza-di-genere-e-discriminazioni-nel-ricordo-di-giulia-cecchettin","status":"publish","type":"post","link":"https:\/\/www.bellunopress.it\/fr\/2023\/11\/21\/non-chiamatelo-raptus-a-palazzo-piloni-le-vignette-di-anarkikka-su-violenza-di-genere-e-discriminazioni-nel-ricordo-di-giulia-cecchettin\/","title":{"rendered":"Non chiamatelo raptus. A Palazzo Piloni le vignette di Anarkikka su violenza di genere e discriminazioni, nel ricordo di Giulia Cecchettin"},"content":{"rendered":"<p><em><strong><img loading=\"lazy\" decoding=\"async\" class=\"alignleft size-full wp-image-146087\" src=\"https:\/\/www.bellunopress.it\/wp-content\/uploads\/2023\/11\/mostra-vignette-Anarkikka-Provincia.jpg\" alt=\"\" width=\"1000\" height=\"708\" srcset=\"https:\/\/www.bellunopress.it\/wp-content\/uploads\/2023\/11\/mostra-vignette-Anarkikka-Provincia.jpg 1000w, https:\/\/www.bellunopress.it\/wp-content\/uploads\/2023\/11\/mostra-vignette-Anarkikka-Provincia-500x354.jpg 500w, https:\/\/www.bellunopress.it\/wp-content\/uploads\/2023\/11\/mostra-vignette-Anarkikka-Provincia-696x493.jpg 696w\" sizes=\"auto, (max-width: 1000px) 100vw, 1000px\" \/>Monego: \u00abLa consapevolezza \u00e8 una delle chiavi per creare un mondo pi\u00f9 sicuro\u00bb<\/strong><\/em><\/p>\n<p>Belluno, 21 novembre 2023 &#8211; \u00abFacciamo in modo che non ci sia solo il 25 novembre, ma che le riflessioni e soprattutto le azioni per eliminare la violenza contro le donne e contrastare le discriminazioni di genere si facciano tutti i giorni, perch\u00e9 \u00e8 una questione che ci riguarda tutti e solo insieme facendo rete con enti, istituzione, associazioni e tutti i cittadini e le cittadine, possiamo tentare di cambiare questa la cultura patriarcale che produce effetti devastanti\u00bb.<\/p>\n<figure id=\"attachment_118902\" aria-describedby=\"caption-attachment-118902\" style=\"width: 800px\" class=\"wp-caption alignleft\"><img loading=\"lazy\" decoding=\"async\" class=\"size-full wp-image-118902\" src=\"https:\/\/www.bellunopress.it\/wp-content\/uploads\/2020\/10\/Flavia-Monego-Consigliera-di-parita_edited.jpg\" alt=\"\" width=\"800\" height=\"716\" srcset=\"https:\/\/www.bellunopress.it\/wp-content\/uploads\/2020\/10\/Flavia-Monego-Consigliera-di-parita_edited.jpg 800w, https:\/\/www.bellunopress.it\/wp-content\/uploads\/2020\/10\/Flavia-Monego-Consigliera-di-parita_edited-500x448.jpg 500w, https:\/\/www.bellunopress.it\/wp-content\/uploads\/2020\/10\/Flavia-Monego-Consigliera-di-parita_edited-696x623.jpg 696w, https:\/\/www.bellunopress.it\/wp-content\/uploads\/2020\/10\/Flavia-Monego-Consigliera-di-parita_edited-469x420.jpg 469w\" sizes=\"auto, (max-width: 800px) 100vw, 800px\" \/><figcaption id=\"caption-attachment-118902\" class=\"wp-caption-text\">Flavia Monego &#8211; Consigliera di parit\u00e0 della Provincia<\/figcaption><\/figure>\n<p>La Consigliera di Parit\u00e0 della provincia di Belluno, Flavia Monego, ha presentato cos\u00ec la mostra &#8220;Non chiamatelo raptus&#8221;, allestita a Palazzo Piloni per la ricorrenza del 25 novembre, con la collaborazione della Provincia e il patrocinio delle Commissioni pari opportunit\u00e0 di Belluno e Ponte nelle Alpi. Un&#8217;esposizione di vignette dell&#8217;artista Anarkikka che \u00e8 stata inaugurata oggi, nel ricordo di Giulia Cecchettin.<\/p>\n<p>In testa alla mostra, infatti, \u00e8 stata collocata una poltrona rossa, su cui \u00e8 stato posizionato il cartello del &#8220;Posto occupato&#8221;. \u00abUn gesto concreto dedicato a tutte le donne vittime di violenza\u00bb ha detto Monego. \u00abCiascuna di quelle donne, prima che un marito, un ex, un amante, uno sconosciuto decidesse di porre fine alla sua vita, occupava un posto a teatro, sul tram, a scuola, in metropolitana, nella societ\u00e0. Questo posto oggi voglio dedicarlo a Giulia, quel posto potrebbe essere stato occupato da lei, se un uomo non avesse deciso di porre fine alla sua giovane vita\u00bb.<\/p>\n<p><strong>L&#8217;ESPOSIZIONE<\/strong><\/p>\n<p>La mostra, che rester\u00e0 aperta e visitabile nel Salone Presidenza fino al 5 dicembre, raccoglie 30 pannelli di Anarkikka. Ogni pannello riporta una vignetta con un messaggio contro la violenza di genere, disvelando miti e stereotipi che circondano questo tema\u00a0delicato ma cruciale.<\/p>\n<p>\u00abL&#8217;obiettivo \u00e8 sensibilizzare il pubblico sulla realt\u00e0 della violenza di genere, stimolando la riflessione e la discussione su come combattere questo problema sociale\u00bb ha spiegato Flavia Monego. \u00abNon solo una mostra artistica, quindi, ma un impegno collettivo contro la violenza di genere, per dimostrare che la consapevolezza \u00e8 una delle chiavi per creare un mondo pi\u00f9 sicuro\u00bb.<\/p>\n<p>Le vignette sono caratterizzate da un linguaggio immediato, ironico e tagliente e hanno l&#8217;obiettivo di far emergere tutti gli stereotipi che condizionano ancora moltissimo la mentalit\u00e0 comune. L&#8217;autrice lancia un importante messaggio: il linguaggio \u00e8 complice della violenza di genere. \u00abLa narrazione tossica che viene spesso veicolata dai mass media rappresenta un problema serio e diffuso. Il linguaggio accompagna e rafforza una narrazione errata riguardo alla sopraffazione, che \u00e8 presente in tutti noi; una narrazione che sostiene che la gelosia sia attenzione, che il possesso sia amore e che un crimine sia solo un impulso momentaneo\u00bb ha spiegato Monego. \u00ab\u00c8 un linguaggio che minimizza il crimine, assolve l&#8217;uomo e getta ombre sulla donna, la vittima, che viene indicata come colei che ha cercato ci\u00f2 che le \u00e8 successo\u00bb.<\/p>\n<p>La Consigliera di Parit\u00e0 si \u00e8 espressa anche sul tema dei Centri Antiviolenza, a rischio dopo l&#8217;entrata in vigore dell&#8217;intesa Stato-Regioni che modifica i requisiti minimi di accesso ai finanziamenti. \u00abQualche mese fa avevo scritto in Regione in merito a questa questione, chiedendo una deroga per la provincia di Belluno. L&#8217;assessora Lanzarin mi ha risposto, due volte, garantendomi di essersi attivata con tavoli di confronto sia a livello regionale sia nazionale e di aver convocato il Coordinamento veneto dei Centri Antiviolenza per lavorare nella direzione di cambiare i requisiti richiesti. A questo punto il problema non \u00e8 pi\u00f9 solo del nostro territorio e del nostro unico Centro, ma anche regionale e nazionale\u00bb.<\/p>\n<p>La mostra sar\u00e0 visitabile a Palazzo Piloni con i seguenti orari: dal luned\u00ec al venerd\u00ec dalle 8.30 alle 12.30; il marted\u00ec, il gioved\u00ec e il venerd\u00ec anche dalle 14.30 alle 17.<\/p>","protected":false},"excerpt":{"rendered":"<p>Monego: \u00abLa consapevolezza \u00e8 una delle chiavi per creare un mondo pi\u00f9 sicuro\u00bb Belluno, 21 novembre 2023 &#8211; \u00abFacciamo in modo che non ci sia solo il 25 novembre, ma che le riflessioni e soprattutto le azioni per eliminare la violenza contro le donne e contrastare le discriminazioni di genere si facciano tutti i giorni, [&hellip;]<\/p>\n","protected":false},"author":2,"featured_media":146087,"comment_status":"closed","ping_status":"open","sticky":false,"template":"","format":"standard","meta":{"footnotes":""},"categories":[26,8],"tags":[],"class_list":["post-146086","post","type-post","status-publish","format-standard","has-post-thumbnail","category-prima-pagina","category-societa-istituzioni"],"yoast_head":"<!-- This site is optimized with the Yoast SEO plugin v28.4 - https:\/\/yoast.com\/product\/yoast-seo-wordpress\/ -->\n<title>Non chiamatelo raptus. A Palazzo Piloni le vignette di Anarkikka su violenza di genere e discriminazioni, nel ricordo di Giulia Cecchettin - Bellunopress - Dolomiti<\/title>\n<meta name=\"robots\" content=\"index, follow, max-snippet:-1, max-image-preview:large, max-video-preview:-1\" \/>\n<link rel=\"canonical\" href=\"https:\/\/www.bellunopress.it\/fr\/2023\/11\/21\/non-chiamatelo-raptus-a-palazzo-piloni-le-vignette-di-anarkikka-su-violenza-di-genere-e-discriminazioni-nel-ricordo-di-giulia-cecchettin\/\" \/>\n<meta property=\"og:locale\" content=\"fr_FR\" \/>\n<meta property=\"og:type\" content=\"article\" \/>\n<meta property=\"og:title\" content=\"Non chiamatelo raptus. A Palazzo Piloni le vignette di Anarkikka su violenza di genere e discriminazioni, nel ricordo di Giulia Cecchettin - Bellunopress - Dolomiti\" \/>\n<meta property=\"og:description\" content=\"Monego: \u00abLa consapevolezza \u00e8 una delle chiavi per creare un mondo pi\u00f9 sicuro\u00bb Belluno, 21 novembre 2023 &#8211; \u00abFacciamo in modo che non ci sia solo il 25 novembre, ma che le riflessioni e soprattutto le azioni per eliminare la violenza contro le donne e contrastare le discriminazioni di genere si facciano tutti i giorni, [&hellip;]\" \/>\n<meta property=\"og:url\" content=\"https:\/\/www.bellunopress.it\/fr\/2023\/11\/21\/non-chiamatelo-raptus-a-palazzo-piloni-le-vignette-di-anarkikka-su-violenza-di-genere-e-discriminazioni-nel-ricordo-di-giulia-cecchettin\/\" \/>\n<meta property=\"og:site_name\" content=\"Bellunopress - Dolomiti\" \/>\n<meta property=\"article:publisher\" content=\"https:\/\/www.facebook.com\/profile.php?id=100008943462799\" \/>\n<meta property=\"article:published_time\" content=\"2023-11-21T15:23:52+00:00\" \/>\n<meta property=\"og:image\" content=\"https:\/\/www.bellunopress.it\/wp-content\/uploads\/2023\/11\/mostra-vignette-Anarkikka-Provincia.jpg\" \/>\n\t<meta property=\"og:image:width\" content=\"1000\" \/>\n\t<meta property=\"og:image:height\" content=\"708\" \/>\n\t<meta property=\"og:image:type\" content=\"image\/jpeg\" \/>\n<meta name=\"author\" content=\"redazione\" \/>\n<meta name=\"twitter:card\" content=\"summary_large_image\" \/>\n<meta name=\"twitter:creator\" content=\"@bellunopress\" \/>\n<meta name=\"twitter:site\" content=\"@bellunopress\" \/>\n<meta name=\"twitter:label1\" content=\"Written by\" \/>\n\t<meta name=\"twitter:data1\" content=\"redazione\" \/>\n\t<meta name=\"twitter:label2\" content=\"Est. reading time\" \/>\n\t<meta name=\"twitter:data2\" content=\"3 minutes\" \/>\n<script type=\"application\/ld+json\" class=\"yoast-schema-graph\">{\"@context\":\"https:\\\/\\\/schema.org\",\"@graph\":[{\"@type\":\"Article\",\"@id\":\"https:\\\/\\\/www.bellunopress.it\\\/2023\\\/11\\\/21\\\/non-chiamatelo-raptus-a-palazzo-piloni-le-vignette-di-anarkikka-su-violenza-di-genere-e-discriminazioni-nel-ricordo-di-giulia-cecchettin\\\/#article\",\"isPartOf\":{\"@id\":\"https:\\\/\\\/www.bellunopress.it\\\/2023\\\/11\\\/21\\\/non-chiamatelo-raptus-a-palazzo-piloni-le-vignette-di-anarkikka-su-violenza-di-genere-e-discriminazioni-nel-ricordo-di-giulia-cecchettin\\\/\"},\"author\":{\"name\":\"redazione\",\"@id\":\"https:\\\/\\\/www.bellunopress.it\\\/#\\\/schema\\\/person\\\/79bb06722b37ece1c03d3e94beb30d73\"},\"headline\":\"Non chiamatelo raptus. A Palazzo Piloni le vignette di Anarkikka su violenza di genere e discriminazioni, nel ricordo di Giulia Cecchettin\",\"datePublished\":\"2023-11-21T15:23:52+00:00\",\"mainEntityOfPage\":{\"@id\":\"https:\\\/\\\/www.bellunopress.it\\\/2023\\\/11\\\/21\\\/non-chiamatelo-raptus-a-palazzo-piloni-le-vignette-di-anarkikka-su-violenza-di-genere-e-discriminazioni-nel-ricordo-di-giulia-cecchettin\\\/\"},\"wordCount\":644,\"publisher\":{\"@id\":\"https:\\\/\\\/www.bellunopress.it\\\/#organization\"},\"image\":{\"@id\":\"https:\\\/\\\/www.bellunopress.it\\\/2023\\\/11\\\/21\\\/non-chiamatelo-raptus-a-palazzo-piloni-le-vignette-di-anarkikka-su-violenza-di-genere-e-discriminazioni-nel-ricordo-di-giulia-cecchettin\\\/#primaryimage\"},\"thumbnailUrl\":\"https:\\\/\\\/www.bellunopress.it\\\/wp-content\\\/uploads\\\/2023\\\/11\\\/mostra-vignette-Anarkikka-Provincia.jpg\",\"articleSection\":[\"Prima Pagina\",\"Societ\u00e0, Associazioni, Istituzioni\"],\"inLanguage\":\"fr-FR\"},{\"@type\":\"WebPage\",\"@id\":\"https:\\\/\\\/www.bellunopress.it\\\/2023\\\/11\\\/21\\\/non-chiamatelo-raptus-a-palazzo-piloni-le-vignette-di-anarkikka-su-violenza-di-genere-e-discriminazioni-nel-ricordo-di-giulia-cecchettin\\\/\",\"url\":\"https:\\\/\\\/www.bellunopress.it\\\/2023\\\/11\\\/21\\\/non-chiamatelo-raptus-a-palazzo-piloni-le-vignette-di-anarkikka-su-violenza-di-genere-e-discriminazioni-nel-ricordo-di-giulia-cecchettin\\\/\",\"name\":\"Non chiamatelo raptus. A Palazzo Piloni le vignette di Anarkikka su violenza di genere e discriminazioni, nel ricordo di Giulia Cecchettin - Bellunopress - Dolomiti\",\"isPartOf\":{\"@id\":\"https:\\\/\\\/www.bellunopress.it\\\/#website\"},\"primaryImageOfPage\":{\"@id\":\"https:\\\/\\\/www.bellunopress.it\\\/2023\\\/11\\\/21\\\/non-chiamatelo-raptus-a-palazzo-piloni-le-vignette-di-anarkikka-su-violenza-di-genere-e-discriminazioni-nel-ricordo-di-giulia-cecchettin\\\/#primaryimage\"},\"image\":{\"@id\":\"https:\\\/\\\/www.bellunopress.it\\\/2023\\\/11\\\/21\\\/non-chiamatelo-raptus-a-palazzo-piloni-le-vignette-di-anarkikka-su-violenza-di-genere-e-discriminazioni-nel-ricordo-di-giulia-cecchettin\\\/#primaryimage\"},\"thumbnailUrl\":\"https:\\\/\\\/www.bellunopress.it\\\/wp-content\\\/uploads\\\/2023\\\/11\\\/mostra-vignette-Anarkikka-Provincia.jpg\",\"datePublished\":\"2023-11-21T15:23:52+00:00\",\"breadcrumb\":{\"@id\":\"https:\\\/\\\/www.bellunopress.it\\\/2023\\\/11\\\/21\\\/non-chiamatelo-raptus-a-palazzo-piloni-le-vignette-di-anarkikka-su-violenza-di-genere-e-discriminazioni-nel-ricordo-di-giulia-cecchettin\\\/#breadcrumb\"},\"inLanguage\":\"fr-FR\",\"potentialAction\":[{\"@type\":\"ReadAction\",\"target\":[\"https:\\\/\\\/www.bellunopress.it\\\/2023\\\/11\\\/21\\\/non-chiamatelo-raptus-a-palazzo-piloni-le-vignette-di-anarkikka-su-violenza-di-genere-e-discriminazioni-nel-ricordo-di-giulia-cecchettin\\\/\"]}]},{\"@type\":\"ImageObject\",\"inLanguage\":\"fr-FR\",\"@id\":\"https:\\\/\\\/www.bellunopress.it\\\/2023\\\/11\\\/21\\\/non-chiamatelo-raptus-a-palazzo-piloni-le-vignette-di-anarkikka-su-violenza-di-genere-e-discriminazioni-nel-ricordo-di-giulia-cecchettin\\\/#primaryimage\",\"url\":\"https:\\\/\\\/www.bellunopress.it\\\/wp-content\\\/uploads\\\/2023\\\/11\\\/mostra-vignette-Anarkikka-Provincia.jpg\",\"contentUrl\":\"https:\\\/\\\/www.bellunopress.it\\\/wp-content\\\/uploads\\\/2023\\\/11\\\/mostra-vignette-Anarkikka-Provincia.jpg\",\"width\":1000,\"height\":708},{\"@type\":\"BreadcrumbList\",\"@id\":\"https:\\\/\\\/www.bellunopress.it\\\/2023\\\/11\\\/21\\\/non-chiamatelo-raptus-a-palazzo-piloni-le-vignette-di-anarkikka-su-violenza-di-genere-e-discriminazioni-nel-ricordo-di-giulia-cecchettin\\\/#breadcrumb\",\"itemListElement\":[{\"@type\":\"ListItem\",\"position\":1,\"name\":\"Home\",\"item\":\"https:\\\/\\\/www.bellunopress.it\\\/\"},{\"@type\":\"ListItem\",\"position\":2,\"name\":\"Non chiamatelo raptus. A Palazzo Piloni le vignette di Anarkikka su violenza di genere e discriminazioni, nel ricordo di Giulia Cecchettin\"}]},{\"@type\":\"WebSite\",\"@id\":\"https:\\\/\\\/www.bellunopress.it\\\/#website\",\"url\":\"https:\\\/\\\/www.bellunopress.it\\\/\",\"name\":\"Bellunopress - Dolomiti\",\"description\":\"e-mail: redazione@bellunopress.it\",\"publisher\":{\"@id\":\"https:\\\/\\\/www.bellunopress.it\\\/#organization\"},\"potentialAction\":[{\"@type\":\"SearchAction\",\"target\":{\"@type\":\"EntryPoint\",\"urlTemplate\":\"https:\\\/\\\/www.bellunopress.it\\\/?s={search_term_string}\"},\"query-input\":{\"@type\":\"PropertyValueSpecification\",\"valueRequired\":true,\"valueName\":\"search_term_string\"}}],\"inLanguage\":\"fr-FR\"},{\"@type\":\"Organization\",\"@id\":\"https:\\\/\\\/www.bellunopress.it\\\/#organization\",\"name\":\"Bellunopress\",\"url\":\"https:\\\/\\\/www.bellunopress.it\\\/\",\"logo\":{\"@type\":\"ImageObject\",\"inLanguage\":\"fr-FR\",\"@id\":\"https:\\\/\\\/www.bellunopress.it\\\/#\\\/schema\\\/logo\\\/image\\\/\",\"url\":\"https:\\\/\\\/www.bellunopress.it\\\/wp-content\\\/uploads\\\/2011\\\/05\\\/cropped-logo-bellunopress-.jpg\",\"contentUrl\":\"https:\\\/\\\/www.bellunopress.it\\\/wp-content\\\/uploads\\\/2011\\\/05\\\/cropped-logo-bellunopress-.jpg\",\"width\":512,\"height\":512,\"caption\":\"Bellunopress\"},\"image\":{\"@id\":\"https:\\\/\\\/www.bellunopress.it\\\/#\\\/schema\\\/logo\\\/image\\\/\"},\"sameAs\":[\"https:\\\/\\\/www.facebook.com\\\/profile.php?id=100008943462799\",\"https:\\\/\\\/x.com\\\/bellunopress\",\"https:\\\/\\\/www.linkedin.com\\\/hp\\\/?dnr=JBzUWaJfMUw8vbXJJ2tVW5-I3jZKvC4wsoxE&amp;amp;amp;amp;amp;amp;trk=nav_responsive_tab_home\",\"https:\\\/\\\/www.youtube.com\\\/channel\\\/UCxL0wu1uN0_3_7hGG0306cw\"]},{\"@type\":\"Person\",\"@id\":\"https:\\\/\\\/www.bellunopress.it\\\/#\\\/schema\\\/person\\\/79bb06722b37ece1c03d3e94beb30d73\",\"name\":\"redazione\",\"image\":{\"@type\":\"ImageObject\",\"inLanguage\":\"fr-FR\",\"@id\":\"https:\\\/\\\/secure.gravatar.com\\\/avatar\\\/37d968a2e67a6fd04c169c4bdef102d0bc5d31b2546345219e348575eb80e9a0?s=96&d=mm&r=g\",\"url\":\"https:\\\/\\\/secure.gravatar.com\\\/avatar\\\/37d968a2e67a6fd04c169c4bdef102d0bc5d31b2546345219e348575eb80e9a0?s=96&d=mm&r=g\",\"contentUrl\":\"https:\\\/\\\/secure.gravatar.com\\\/avatar\\\/37d968a2e67a6fd04c169c4bdef102d0bc5d31b2546345219e348575eb80e9a0?s=96&d=mm&r=g\",\"caption\":\"redazione\"},\"sameAs\":[\"http:\\\/\\\/www.bellunopress.it\",\"https:\\\/\\\/x.com\\\/bellunopress\"],\"url\":\"https:\\\/\\\/www.bellunopress.it\\\/fr\\\/author\\\/redazione\\\/\"}]}<\/script>\n<!-- \/ Yoast SEO plugin. -->","yoast_head_json":{"title":"Non chiamatelo raptus. A Palazzo Piloni le vignette di Anarkikka su violenza di genere e discriminazioni, nel ricordo di Giulia Cecchettin - Bellunopress - Dolomiti","robots":{"index":"index","follow":"follow","max-snippet":"max-snippet:-1","max-image-preview":"max-image-preview:large","max-video-preview":"max-video-preview:-1"},"canonical":"https:\/\/www.bellunopress.it\/fr\/2023\/11\/21\/non-chiamatelo-raptus-a-palazzo-piloni-le-vignette-di-anarkikka-su-violenza-di-genere-e-discriminazioni-nel-ricordo-di-giulia-cecchettin\/","og_locale":"fr_FR","og_type":"article","og_title":"Non chiamatelo raptus. A Palazzo Piloni le vignette di Anarkikka su violenza di genere e discriminazioni, nel ricordo di Giulia Cecchettin - Bellunopress - Dolomiti","og_description":"Monego: \u00abLa consapevolezza \u00e8 una delle chiavi per creare un mondo pi\u00f9 sicuro\u00bb Belluno, 21 novembre 2023 &#8211; \u00abFacciamo in modo che non ci sia solo il 25 novembre, ma che le riflessioni e soprattutto le azioni per eliminare la violenza contro le donne e contrastare le discriminazioni di genere si facciano tutti i giorni, [&hellip;]","og_url":"https:\/\/www.bellunopress.it\/fr\/2023\/11\/21\/non-chiamatelo-raptus-a-palazzo-piloni-le-vignette-di-anarkikka-su-violenza-di-genere-e-discriminazioni-nel-ricordo-di-giulia-cecchettin\/","og_site_name":"Bellunopress - Dolomiti","article_publisher":"https:\/\/www.facebook.com\/profile.php?id=100008943462799","article_published_time":"2023-11-21T15:23:52+00:00","og_image":[{"width":1000,"height":708,"url":"https:\/\/www.bellunopress.it\/wp-content\/uploads\/2023\/11\/mostra-vignette-Anarkikka-Provincia.jpg","type":"image\/jpeg"}],"author":"redazione","twitter_card":"summary_large_image","twitter_creator":"@bellunopress","twitter_site":"@bellunopress","twitter_misc":{"Written by":"redazione","Est. reading time":"3 minutes"},"schema":{"@context":"https:\/\/schema.org","@graph":[{"@type":"Article","@id":"https:\/\/www.bellunopress.it\/2023\/11\/21\/non-chiamatelo-raptus-a-palazzo-piloni-le-vignette-di-anarkikka-su-violenza-di-genere-e-discriminazioni-nel-ricordo-di-giulia-cecchettin\/#article","isPartOf":{"@id":"https:\/\/www.bellunopress.it\/2023\/11\/21\/non-chiamatelo-raptus-a-palazzo-piloni-le-vignette-di-anarkikka-su-violenza-di-genere-e-discriminazioni-nel-ricordo-di-giulia-cecchettin\/"},"author":{"name":"redazione","@id":"https:\/\/www.bellunopress.it\/#\/schema\/person\/79bb06722b37ece1c03d3e94beb30d73"},"headline":"Non chiamatelo raptus. A Palazzo Piloni le vignette di Anarkikka su violenza di genere e discriminazioni, nel ricordo di Giulia Cecchettin","datePublished":"2023-11-21T15:23:52+00:00","mainEntityOfPage":{"@id":"https:\/\/www.bellunopress.it\/2023\/11\/21\/non-chiamatelo-raptus-a-palazzo-piloni-le-vignette-di-anarkikka-su-violenza-di-genere-e-discriminazioni-nel-ricordo-di-giulia-cecchettin\/"},"wordCount":644,"publisher":{"@id":"https:\/\/www.bellunopress.it\/#organization"},"image":{"@id":"https:\/\/www.bellunopress.it\/2023\/11\/21\/non-chiamatelo-raptus-a-palazzo-piloni-le-vignette-di-anarkikka-su-violenza-di-genere-e-discriminazioni-nel-ricordo-di-giulia-cecchettin\/#primaryimage"},"thumbnailUrl":"https:\/\/www.bellunopress.it\/wp-content\/uploads\/2023\/11\/mostra-vignette-Anarkikka-Provincia.jpg","articleSection":["Prima Pagina","Societ\u00e0, Associazioni, Istituzioni"],"inLanguage":"fr-FR"},{"@type":"WebPage","@id":"https:\/\/www.bellunopress.it\/2023\/11\/21\/non-chiamatelo-raptus-a-palazzo-piloni-le-vignette-di-anarkikka-su-violenza-di-genere-e-discriminazioni-nel-ricordo-di-giulia-cecchettin\/","url":"https:\/\/www.bellunopress.it\/2023\/11\/21\/non-chiamatelo-raptus-a-palazzo-piloni-le-vignette-di-anarkikka-su-violenza-di-genere-e-discriminazioni-nel-ricordo-di-giulia-cecchettin\/","name":"Non chiamatelo raptus. A Palazzo Piloni le vignette di Anarkikka su violenza di genere e discriminazioni, nel ricordo di Giulia Cecchettin - Bellunopress - Dolomiti","isPartOf":{"@id":"https:\/\/www.bellunopress.it\/#website"},"primaryImageOfPage":{"@id":"https:\/\/www.bellunopress.it\/2023\/11\/21\/non-chiamatelo-raptus-a-palazzo-piloni-le-vignette-di-anarkikka-su-violenza-di-genere-e-discriminazioni-nel-ricordo-di-giulia-cecchettin\/#primaryimage"},"image":{"@id":"https:\/\/www.bellunopress.it\/2023\/11\/21\/non-chiamatelo-raptus-a-palazzo-piloni-le-vignette-di-anarkikka-su-violenza-di-genere-e-discriminazioni-nel-ricordo-di-giulia-cecchettin\/#primaryimage"},"thumbnailUrl":"https:\/\/www.bellunopress.it\/wp-content\/uploads\/2023\/11\/mostra-vignette-Anarkikka-Provincia.jpg","datePublished":"2023-11-21T15:23:52+00:00","breadcrumb":{"@id":"https:\/\/www.bellunopress.it\/2023\/11\/21\/non-chiamatelo-raptus-a-palazzo-piloni-le-vignette-di-anarkikka-su-violenza-di-genere-e-discriminazioni-nel-ricordo-di-giulia-cecchettin\/#breadcrumb"},"inLanguage":"fr-FR","potentialAction":[{"@type":"ReadAction","target":["https:\/\/www.bellunopress.it\/2023\/11\/21\/non-chiamatelo-raptus-a-palazzo-piloni-le-vignette-di-anarkikka-su-violenza-di-genere-e-discriminazioni-nel-ricordo-di-giulia-cecchettin\/"]}]},{"@type":"ImageObject","inLanguage":"fr-FR","@id":"https:\/\/www.bellunopress.it\/2023\/11\/21\/non-chiamatelo-raptus-a-palazzo-piloni-le-vignette-di-anarkikka-su-violenza-di-genere-e-discriminazioni-nel-ricordo-di-giulia-cecchettin\/#primaryimage","url":"https:\/\/www.bellunopress.it\/wp-content\/uploads\/2023\/11\/mostra-vignette-Anarkikka-Provincia.jpg","contentUrl":"https:\/\/www.bellunopress.it\/wp-content\/uploads\/2023\/11\/mostra-vignette-Anarkikka-Provincia.jpg","width":1000,"height":708},{"@type":"BreadcrumbList","@id":"https:\/\/www.bellunopress.it\/2023\/11\/21\/non-chiamatelo-raptus-a-palazzo-piloni-le-vignette-di-anarkikka-su-violenza-di-genere-e-discriminazioni-nel-ricordo-di-giulia-cecchettin\/#breadcrumb","itemListElement":[{"@type":"ListItem","position":1,"name":"Home","item":"https:\/\/www.bellunopress.it\/"},{"@type":"ListItem","position":2,"name":"Non chiamatelo raptus. A Palazzo Piloni le vignette di Anarkikka su violenza di genere e discriminazioni, nel ricordo di Giulia Cecchettin"}]},{"@type":"WebSite","@id":"https:\/\/www.bellunopress.it\/#website","url":"https:\/\/www.bellunopress.it\/","name":"Bellunopress - Dolomiti","description":"e-mail: redazione@bellunopress.it","publisher":{"@id":"https:\/\/www.bellunopress.it\/#organization"},"potentialAction":[{"@type":"SearchAction","target":{"@type":"EntryPoint","urlTemplate":"https:\/\/www.bellunopress.it\/?s={search_term_string}"},"query-input":{"@type":"PropertyValueSpecification","valueRequired":true,"valueName":"search_term_string"}}],"inLanguage":"fr-FR"},{"@type":"Organization","@id":"https:\/\/www.bellunopress.it\/#organization","name":"Bellunopress","url":"https:\/\/www.bellunopress.it\/","logo":{"@type":"ImageObject","inLanguage":"fr-FR","@id":"https:\/\/www.bellunopress.it\/#\/schema\/logo\/image\/","url":"https:\/\/www.bellunopress.it\/wp-content\/uploads\/2011\/05\/cropped-logo-bellunopress-.jpg","contentUrl":"https:\/\/www.bellunopress.it\/wp-content\/uploads\/2011\/05\/cropped-logo-bellunopress-.jpg","width":512,"height":512,"caption":"Bellunopress"},"image":{"@id":"https:\/\/www.bellunopress.it\/#\/schema\/logo\/image\/"},"sameAs":["https:\/\/www.facebook.com\/profile.php?id=100008943462799","https:\/\/x.com\/bellunopress","https:\/\/www.linkedin.com\/hp\/?dnr=JBzUWaJfMUw8vbXJJ2tVW5-I3jZKvC4wsoxE&amp;amp;amp;amp;amp;amp;trk=nav_responsive_tab_home","https:\/\/www.youtube.com\/channel\/UCxL0wu1uN0_3_7hGG0306cw"]},{"@type":"Person","@id":"https:\/\/www.bellunopress.it\/#\/schema\/person\/79bb06722b37ece1c03d3e94beb30d73","name":"r\u00e9daction","image":{"@type":"ImageObject","inLanguage":"fr-FR","@id":"https:\/\/secure.gravatar.com\/avatar\/37d968a2e67a6fd04c169c4bdef102d0bc5d31b2546345219e348575eb80e9a0?s=96&d=mm&r=g","url":"https:\/\/secure.gravatar.com\/avatar\/37d968a2e67a6fd04c169c4bdef102d0bc5d31b2546345219e348575eb80e9a0?s=96&d=mm&r=g","contentUrl":"https:\/\/secure.gravatar.com\/avatar\/37d968a2e67a6fd04c169c4bdef102d0bc5d31b2546345219e348575eb80e9a0?s=96&d=mm&r=g","caption":"redazione"},"sameAs":["http:\/\/www.bellunopress.it","https:\/\/x.com\/bellunopress"],"url":"https:\/\/www.bellunopress.it\/fr\/author\/redazione\/"}]}},"_links":{"self":[{"href":"https:\/\/www.bellunopress.it\/fr\/wp-json\/wp\/v2\/posts\/146086","targetHints":{"allow":["GET"]}}],"collection":[{"href":"https:\/\/www.bellunopress.it\/fr\/wp-json\/wp\/v2\/posts"}],"about":[{"href":"https:\/\/www.bellunopress.it\/fr\/wp-json\/wp\/v2\/types\/post"}],"author":[{"embeddable":true,"href":"https:\/\/www.bellunopress.it\/fr\/wp-json\/wp\/v2\/users\/2"}],"replies":[{"embeddable":true,"href":"https:\/\/www.bellunopress.it\/fr\/wp-json\/wp\/v2\/comments?post=146086"}],"version-history":[{"count":1,"href":"https:\/\/www.bellunopress.it\/fr\/wp-json\/wp\/v2\/posts\/146086\/revisions"}],"predecessor-version":[{"id":146088,"href":"https:\/\/www.bellunopress.it\/fr\/wp-json\/wp\/v2\/posts\/146086\/revisions\/146088"}],"wp:featuredmedia":[{"embeddable":true,"href":"https:\/\/www.bellunopress.it\/fr\/wp-json\/wp\/v2\/media\/146087"}],"wp:attachment":[{"href":"https:\/\/www.bellunopress.it\/fr\/wp-json\/wp\/v2\/media?parent=146086"}],"wp:term":[{"taxonomy":"category","embeddable":true,"href":"https:\/\/www.bellunopress.it\/fr\/wp-json\/wp\/v2\/categories?post=146086"},{"taxonomy":"post_tag","embeddable":true,"href":"https:\/\/www.bellunopress.it\/fr\/wp-json\/wp\/v2\/tags?post=146086"}],"curies":[{"name":"wp","href":"https:\/\/api.w.org\/{rel}","templated":true}]}}