{"id":146082,"date":"2023-11-21T16:11:03","date_gmt":"2023-11-21T15:11:03","guid":{"rendered":"https:\/\/www.bellunopress.it\/?p=146082"},"modified":"2023-11-21T16:11:03","modified_gmt":"2023-11-21T15:11:03","slug":"asta-deserta-albergo-olivier-noro-lassessore-roccon-ha-fallito-si-dimetta","status":"publish","type":"post","link":"https:\/\/www.bellunopress.it\/fr\/2023\/11\/21\/asta-deserta-albergo-olivier-noro-lassessore-roccon-ha-fallito-si-dimetta\/","title":{"rendered":"Asta deserta albergo Olivier. Noro: &#8220;L&#8217;assessore Roccon ha fallito, si dimetta&#8221;"},"content":{"rendered":"<figure id=\"attachment_141968\" aria-describedby=\"caption-attachment-141968\" style=\"width: 847px\" class=\"wp-caption alignleft\"><img loading=\"lazy\" decoding=\"async\" class=\"size-full wp-image-141968\" src=\"https:\/\/www.bellunopress.it\/wp-content\/uploads\/2023\/06\/Davide-Noro-segretario-Pd-Belluno.jpg\" alt=\"\" width=\"847\" height=\"1000\" srcset=\"https:\/\/www.bellunopress.it\/wp-content\/uploads\/2023\/06\/Davide-Noro-segretario-Pd-Belluno.jpg 847w, https:\/\/www.bellunopress.it\/wp-content\/uploads\/2023\/06\/Davide-Noro-segretario-Pd-Belluno-424x500.jpg 424w, https:\/\/www.bellunopress.it\/wp-content\/uploads\/2023\/06\/Davide-Noro-segretario-Pd-Belluno-696x822.jpg 696w, https:\/\/www.bellunopress.it\/wp-content\/uploads\/2023\/06\/Davide-Noro-segretario-Pd-Belluno-356x420.jpg 356w\" sizes=\"auto, (max-width: 847px) 100vw, 847px\" \/><figcaption id=\"caption-attachment-141968\" class=\"wp-caption-text\">Davide Noro, segretario Unione comunale Partito Democratico Belluno<\/figcaption><\/figure>\n<p>&#8220;Il Nevegal \u00e8 ufficialmente in pericolo. L\u2019asta per l\u2019Hotel Olivier \u00e8 andata nuovamente deserta. Non ci sarebbe nulla di strano, se non fosse che l\u2019Amministrazione Comunale aveva dato per certa l\u2019offerta della societ\u00e0 Nevegal365&#8221;.<\/p>\n<p>A dirlo \u00e8 Davide Noro, segretario del Partito Democratico &#8211; Citt\u00e0 di Belluno<\/p>\n<p>&#8220;Era il 30 settembre\u00a0 &#8211; prosegue Noro &#8211; quando uno dei soci fondatori annunciava ai giornali, in pompa magna, l\u2019intenzione della cordata algerina di acquistare gli impianti<br \/>\ndi risalita (annuncio fatto, va ricordato, a gara ancora aperta) e dello stesso hotel Olivier.<br \/>\nRicordiamo che il Comune, in particolare l\u2019assessore Roccon, ha impegnato pubblicamente l\u2019Amministrazione con lettere d\u2019intenti, conferenze stampa alla presenza delle pi\u00f9 alte cariche regionali e provinciali, fino ad arrivare ad una audizione pubblica in Consiglio Comunale.<br \/>\nIn quel contesto, nessuna risposta era stata data domande lecitamente poste dai gruppi di minoranza.<br \/>\nIl Partito Democratico aveva chiesto con insistenza risposte e dati certi sugli investimenti. Siamo arrivati al vedo e il risultato \u00e8 che gli skipass sono stati bloccati per giorni e del piano da 100 milioni sbandierato dai giornali (e mai presentato al Consiglio Comunale) non c\u2019\u00e8 traccia.<br \/>\nIl tutto dopo un\u2019estate con gli impianti chiusi.<br \/>\nDopo un fallimento di questo tipo, l\u2019assessore Roccon dovrebbe dimettersi.<br \/>\nChiediamo al Sindaco di intervenire direttamente e salvare il Nevegal, &#8211; conclude Noro &#8211;\u00a0 senza negare le responsabilit\u00e0 di chi ci ha portato fino a questo punto&#8221;.<\/p>","protected":false},"excerpt":{"rendered":"<p>&#8220;Il Nevegal \u00e8 ufficialmente in pericolo. L\u2019asta per l\u2019Hotel Olivier \u00e8 andata nuovamente deserta. Non ci sarebbe nulla di strano, se non fosse che l\u2019Amministrazione Comunale aveva dato per certa l\u2019offerta della societ\u00e0 Nevegal365&#8221;. A dirlo \u00e8 Davide Noro, segretario del Partito Democratico &#8211; Citt\u00e0 di Belluno &#8220;Era il 30 settembre\u00a0 &#8211; prosegue Noro &#8211; [&hellip;]<\/p>\n","protected":false},"author":2,"featured_media":141968,"comment_status":"closed","ping_status":"open","sticky":false,"template":"","format":"standard","meta":{"footnotes":""},"categories":[5,26],"tags":[],"class_list":["post-146082","post","type-post","status-publish","format-standard","has-post-thumbnail","category-cronaca","category-prima-pagina"],"yoast_head":"<!-- This site is optimized with the Yoast SEO plugin v28.4 - https:\/\/yoast.com\/product\/yoast-seo-wordpress\/ -->\n<title>Asta deserta albergo Olivier. Noro: &quot;L&#039;assessore Roccon ha fallito, si dimetta&quot; - Bellunopress - Dolomiti<\/title>\n<meta name=\"robots\" content=\"index, follow, max-snippet:-1, max-image-preview:large, max-video-preview:-1\" \/>\n<link rel=\"canonical\" href=\"https:\/\/www.bellunopress.it\/fr\/2023\/11\/21\/asta-deserta-albergo-olivier-noro-lassessore-roccon-ha-fallito-si-dimetta\/\" \/>\n<meta property=\"og:locale\" content=\"fr_FR\" \/>\n<meta property=\"og:type\" content=\"article\" \/>\n<meta property=\"og:title\" content=\"Asta deserta albergo Olivier. Noro: &quot;L&#039;assessore Roccon ha fallito, si dimetta&quot; - Bellunopress - Dolomiti\" \/>\n<meta property=\"og:description\" content=\"&#8220;Il Nevegal \u00e8 ufficialmente in pericolo. L\u2019asta per l\u2019Hotel Olivier \u00e8 andata nuovamente deserta. Non ci sarebbe nulla di strano, se non fosse che l\u2019Amministrazione Comunale aveva dato per certa l\u2019offerta della societ\u00e0 Nevegal365&#8221;. A dirlo \u00e8 Davide Noro, segretario del Partito Democratico &#8211; Citt\u00e0 di Belluno &#8220;Era il 30 settembre\u00a0 &#8211; prosegue Noro &#8211; [&hellip;]\" \/>\n<meta property=\"og:url\" content=\"https:\/\/www.bellunopress.it\/fr\/2023\/11\/21\/asta-deserta-albergo-olivier-noro-lassessore-roccon-ha-fallito-si-dimetta\/\" \/>\n<meta property=\"og:site_name\" content=\"Bellunopress - Dolomiti\" \/>\n<meta property=\"article:publisher\" content=\"https:\/\/www.facebook.com\/profile.php?id=100008943462799\" \/>\n<meta property=\"article:published_time\" content=\"2023-11-21T15:11:03+00:00\" \/>\n<meta property=\"og:image\" content=\"https:\/\/www.bellunopress.it\/wp-content\/uploads\/2023\/06\/Davide-Noro-segretario-Pd-Belluno.jpg\" \/>\n\t<meta property=\"og:image:width\" content=\"847\" \/>\n\t<meta property=\"og:image:height\" content=\"1000\" \/>\n\t<meta property=\"og:image:type\" content=\"image\/jpeg\" \/>\n<meta name=\"author\" content=\"redazione\" \/>\n<meta name=\"twitter:card\" content=\"summary_large_image\" \/>\n<meta name=\"twitter:creator\" content=\"@bellunopress\" \/>\n<meta name=\"twitter:site\" content=\"@bellunopress\" \/>\n<meta name=\"twitter:label1\" content=\"Written by\" \/>\n\t<meta name=\"twitter:data1\" content=\"redazione\" \/>\n\t<meta name=\"twitter:label2\" content=\"Est. reading time\" \/>\n\t<meta name=\"twitter:data2\" content=\"1 minute\" \/>\n<script type=\"application\/ld+json\" class=\"yoast-schema-graph\">{\"@context\":\"https:\\\/\\\/schema.org\",\"@graph\":[{\"@type\":\"Article\",\"@id\":\"https:\\\/\\\/www.bellunopress.it\\\/2023\\\/11\\\/21\\\/asta-deserta-albergo-olivier-noro-lassessore-roccon-ha-fallito-si-dimetta\\\/#article\",\"isPartOf\":{\"@id\":\"https:\\\/\\\/www.bellunopress.it\\\/2023\\\/11\\\/21\\\/asta-deserta-albergo-olivier-noro-lassessore-roccon-ha-fallito-si-dimetta\\\/\"},\"author\":{\"name\":\"redazione\",\"@id\":\"https:\\\/\\\/www.bellunopress.it\\\/#\\\/schema\\\/person\\\/79bb06722b37ece1c03d3e94beb30d73\"},\"headline\":\"Asta deserta albergo Olivier. Noro: &#8220;L&#8217;assessore Roccon ha fallito, si dimetta&#8221;\",\"datePublished\":\"2023-11-21T15:11:03+00:00\",\"mainEntityOfPage\":{\"@id\":\"https:\\\/\\\/www.bellunopress.it\\\/2023\\\/11\\\/21\\\/asta-deserta-albergo-olivier-noro-lassessore-roccon-ha-fallito-si-dimetta\\\/\"},\"wordCount\":263,\"publisher\":{\"@id\":\"https:\\\/\\\/www.bellunopress.it\\\/#organization\"},\"image\":{\"@id\":\"https:\\\/\\\/www.bellunopress.it\\\/2023\\\/11\\\/21\\\/asta-deserta-albergo-olivier-noro-lassessore-roccon-ha-fallito-si-dimetta\\\/#primaryimage\"},\"thumbnailUrl\":\"https:\\\/\\\/www.bellunopress.it\\\/wp-content\\\/uploads\\\/2023\\\/06\\\/Davide-Noro-segretario-Pd-Belluno.jpg\",\"articleSection\":[\"Cronaca\\\/Politica\",\"Prima Pagina\"],\"inLanguage\":\"fr-FR\"},{\"@type\":\"WebPage\",\"@id\":\"https:\\\/\\\/www.bellunopress.it\\\/2023\\\/11\\\/21\\\/asta-deserta-albergo-olivier-noro-lassessore-roccon-ha-fallito-si-dimetta\\\/\",\"url\":\"https:\\\/\\\/www.bellunopress.it\\\/2023\\\/11\\\/21\\\/asta-deserta-albergo-olivier-noro-lassessore-roccon-ha-fallito-si-dimetta\\\/\",\"name\":\"Asta deserta albergo Olivier. Noro: \\\"L'assessore Roccon ha fallito, si dimetta\\\" - Bellunopress - Dolomiti\",\"isPartOf\":{\"@id\":\"https:\\\/\\\/www.bellunopress.it\\\/#website\"},\"primaryImageOfPage\":{\"@id\":\"https:\\\/\\\/www.bellunopress.it\\\/2023\\\/11\\\/21\\\/asta-deserta-albergo-olivier-noro-lassessore-roccon-ha-fallito-si-dimetta\\\/#primaryimage\"},\"image\":{\"@id\":\"https:\\\/\\\/www.bellunopress.it\\\/2023\\\/11\\\/21\\\/asta-deserta-albergo-olivier-noro-lassessore-roccon-ha-fallito-si-dimetta\\\/#primaryimage\"},\"thumbnailUrl\":\"https:\\\/\\\/www.bellunopress.it\\\/wp-content\\\/uploads\\\/2023\\\/06\\\/Davide-Noro-segretario-Pd-Belluno.jpg\",\"datePublished\":\"2023-11-21T15:11:03+00:00\",\"breadcrumb\":{\"@id\":\"https:\\\/\\\/www.bellunopress.it\\\/2023\\\/11\\\/21\\\/asta-deserta-albergo-olivier-noro-lassessore-roccon-ha-fallito-si-dimetta\\\/#breadcrumb\"},\"inLanguage\":\"fr-FR\",\"potentialAction\":[{\"@type\":\"ReadAction\",\"target\":[\"https:\\\/\\\/www.bellunopress.it\\\/2023\\\/11\\\/21\\\/asta-deserta-albergo-olivier-noro-lassessore-roccon-ha-fallito-si-dimetta\\\/\"]}]},{\"@type\":\"ImageObject\",\"inLanguage\":\"fr-FR\",\"@id\":\"https:\\\/\\\/www.bellunopress.it\\\/2023\\\/11\\\/21\\\/asta-deserta-albergo-olivier-noro-lassessore-roccon-ha-fallito-si-dimetta\\\/#primaryimage\",\"url\":\"https:\\\/\\\/www.bellunopress.it\\\/wp-content\\\/uploads\\\/2023\\\/06\\\/Davide-Noro-segretario-Pd-Belluno.jpg\",\"contentUrl\":\"https:\\\/\\\/www.bellunopress.it\\\/wp-content\\\/uploads\\\/2023\\\/06\\\/Davide-Noro-segretario-Pd-Belluno.jpg\",\"width\":847,\"height\":1000,\"caption\":\"Davide Noro, segretario Unione comunale Partito Democratico Belluno\"},{\"@type\":\"BreadcrumbList\",\"@id\":\"https:\\\/\\\/www.bellunopress.it\\\/2023\\\/11\\\/21\\\/asta-deserta-albergo-olivier-noro-lassessore-roccon-ha-fallito-si-dimetta\\\/#breadcrumb\",\"itemListElement\":[{\"@type\":\"ListItem\",\"position\":1,\"name\":\"Home\",\"item\":\"https:\\\/\\\/www.bellunopress.it\\\/\"},{\"@type\":\"ListItem\",\"position\":2,\"name\":\"Asta deserta albergo Olivier. Noro: &#8220;L&#8217;assessore Roccon ha fallito, si dimetta&#8221;\"}]},{\"@type\":\"WebSite\",\"@id\":\"https:\\\/\\\/www.bellunopress.it\\\/#website\",\"url\":\"https:\\\/\\\/www.bellunopress.it\\\/\",\"name\":\"Bellunopress - Dolomiti\",\"description\":\"e-mail: redazione@bellunopress.it\",\"publisher\":{\"@id\":\"https:\\\/\\\/www.bellunopress.it\\\/#organization\"},\"potentialAction\":[{\"@type\":\"SearchAction\",\"target\":{\"@type\":\"EntryPoint\",\"urlTemplate\":\"https:\\\/\\\/www.bellunopress.it\\\/?s={search_term_string}\"},\"query-input\":{\"@type\":\"PropertyValueSpecification\",\"valueRequired\":true,\"valueName\":\"search_term_string\"}}],\"inLanguage\":\"fr-FR\"},{\"@type\":\"Organization\",\"@id\":\"https:\\\/\\\/www.bellunopress.it\\\/#organization\",\"name\":\"Bellunopress\",\"url\":\"https:\\\/\\\/www.bellunopress.it\\\/\",\"logo\":{\"@type\":\"ImageObject\",\"inLanguage\":\"fr-FR\",\"@id\":\"https:\\\/\\\/www.bellunopress.it\\\/#\\\/schema\\\/logo\\\/image\\\/\",\"url\":\"https:\\\/\\\/www.bellunopress.it\\\/wp-content\\\/uploads\\\/2011\\\/05\\\/cropped-logo-bellunopress-.jpg\",\"contentUrl\":\"https:\\\/\\\/www.bellunopress.it\\\/wp-content\\\/uploads\\\/2011\\\/05\\\/cropped-logo-bellunopress-.jpg\",\"width\":512,\"height\":512,\"caption\":\"Bellunopress\"},\"image\":{\"@id\":\"https:\\\/\\\/www.bellunopress.it\\\/#\\\/schema\\\/logo\\\/image\\\/\"},\"sameAs\":[\"https:\\\/\\\/www.facebook.com\\\/profile.php?id=100008943462799\",\"https:\\\/\\\/x.com\\\/bellunopress\",\"https:\\\/\\\/www.linkedin.com\\\/hp\\\/?dnr=JBzUWaJfMUw8vbXJJ2tVW5-I3jZKvC4wsoxE&amp;amp;amp;amp;amp;amp;trk=nav_responsive_tab_home\",\"https:\\\/\\\/www.youtube.com\\\/channel\\\/UCxL0wu1uN0_3_7hGG0306cw\"]},{\"@type\":\"Person\",\"@id\":\"https:\\\/\\\/www.bellunopress.it\\\/#\\\/schema\\\/person\\\/79bb06722b37ece1c03d3e94beb30d73\",\"name\":\"redazione\",\"image\":{\"@type\":\"ImageObject\",\"inLanguage\":\"fr-FR\",\"@id\":\"https:\\\/\\\/secure.gravatar.com\\\/avatar\\\/37d968a2e67a6fd04c169c4bdef102d0bc5d31b2546345219e348575eb80e9a0?s=96&d=mm&r=g\",\"url\":\"https:\\\/\\\/secure.gravatar.com\\\/avatar\\\/37d968a2e67a6fd04c169c4bdef102d0bc5d31b2546345219e348575eb80e9a0?s=96&d=mm&r=g\",\"contentUrl\":\"https:\\\/\\\/secure.gravatar.com\\\/avatar\\\/37d968a2e67a6fd04c169c4bdef102d0bc5d31b2546345219e348575eb80e9a0?s=96&d=mm&r=g\",\"caption\":\"redazione\"},\"sameAs\":[\"http:\\\/\\\/www.bellunopress.it\",\"https:\\\/\\\/x.com\\\/bellunopress\"],\"url\":\"https:\\\/\\\/www.bellunopress.it\\\/fr\\\/author\\\/redazione\\\/\"}]}<\/script>\n<!-- \/ Yoast SEO plugin. -->","yoast_head_json":{"title":"Asta deserta albergo Olivier. Noro: \"L'assessore Roccon ha fallito, si dimetta\" - Bellunopress - Dolomiti","robots":{"index":"index","follow":"follow","max-snippet":"max-snippet:-1","max-image-preview":"max-image-preview:large","max-video-preview":"max-video-preview:-1"},"canonical":"https:\/\/www.bellunopress.it\/fr\/2023\/11\/21\/asta-deserta-albergo-olivier-noro-lassessore-roccon-ha-fallito-si-dimetta\/","og_locale":"fr_FR","og_type":"article","og_title":"Asta deserta albergo Olivier. Noro: \"L'assessore Roccon ha fallito, si dimetta\" - Bellunopress - Dolomiti","og_description":"&#8220;Il Nevegal \u00e8 ufficialmente in pericolo. L\u2019asta per l\u2019Hotel Olivier \u00e8 andata nuovamente deserta. Non ci sarebbe nulla di strano, se non fosse che l\u2019Amministrazione Comunale aveva dato per certa l\u2019offerta della societ\u00e0 Nevegal365&#8221;. A dirlo \u00e8 Davide Noro, segretario del Partito Democratico &#8211; Citt\u00e0 di Belluno &#8220;Era il 30 settembre\u00a0 &#8211; prosegue Noro &#8211; [&hellip;]","og_url":"https:\/\/www.bellunopress.it\/fr\/2023\/11\/21\/asta-deserta-albergo-olivier-noro-lassessore-roccon-ha-fallito-si-dimetta\/","og_site_name":"Bellunopress - Dolomiti","article_publisher":"https:\/\/www.facebook.com\/profile.php?id=100008943462799","article_published_time":"2023-11-21T15:11:03+00:00","og_image":[{"width":847,"height":1000,"url":"https:\/\/www.bellunopress.it\/wp-content\/uploads\/2023\/06\/Davide-Noro-segretario-Pd-Belluno.jpg","type":"image\/jpeg"}],"author":"redazione","twitter_card":"summary_large_image","twitter_creator":"@bellunopress","twitter_site":"@bellunopress","twitter_misc":{"Written by":"redazione","Est. reading time":"1 minute"},"schema":{"@context":"https:\/\/schema.org","@graph":[{"@type":"Article","@id":"https:\/\/www.bellunopress.it\/2023\/11\/21\/asta-deserta-albergo-olivier-noro-lassessore-roccon-ha-fallito-si-dimetta\/#article","isPartOf":{"@id":"https:\/\/www.bellunopress.it\/2023\/11\/21\/asta-deserta-albergo-olivier-noro-lassessore-roccon-ha-fallito-si-dimetta\/"},"author":{"name":"redazione","@id":"https:\/\/www.bellunopress.it\/#\/schema\/person\/79bb06722b37ece1c03d3e94beb30d73"},"headline":"Asta deserta albergo Olivier. Noro: &#8220;L&#8217;assessore Roccon ha fallito, si dimetta&#8221;","datePublished":"2023-11-21T15:11:03+00:00","mainEntityOfPage":{"@id":"https:\/\/www.bellunopress.it\/2023\/11\/21\/asta-deserta-albergo-olivier-noro-lassessore-roccon-ha-fallito-si-dimetta\/"},"wordCount":263,"publisher":{"@id":"https:\/\/www.bellunopress.it\/#organization"},"image":{"@id":"https:\/\/www.bellunopress.it\/2023\/11\/21\/asta-deserta-albergo-olivier-noro-lassessore-roccon-ha-fallito-si-dimetta\/#primaryimage"},"thumbnailUrl":"https:\/\/www.bellunopress.it\/wp-content\/uploads\/2023\/06\/Davide-Noro-segretario-Pd-Belluno.jpg","articleSection":["Cronaca\/Politica","Prima Pagina"],"inLanguage":"fr-FR"},{"@type":"WebPage","@id":"https:\/\/www.bellunopress.it\/2023\/11\/21\/asta-deserta-albergo-olivier-noro-lassessore-roccon-ha-fallito-si-dimetta\/","url":"https:\/\/www.bellunopress.it\/2023\/11\/21\/asta-deserta-albergo-olivier-noro-lassessore-roccon-ha-fallito-si-dimetta\/","name":"Asta deserta albergo Olivier. Noro: \"L'assessore Roccon ha fallito, si dimetta\" - Bellunopress - Dolomiti","isPartOf":{"@id":"https:\/\/www.bellunopress.it\/#website"},"primaryImageOfPage":{"@id":"https:\/\/www.bellunopress.it\/2023\/11\/21\/asta-deserta-albergo-olivier-noro-lassessore-roccon-ha-fallito-si-dimetta\/#primaryimage"},"image":{"@id":"https:\/\/www.bellunopress.it\/2023\/11\/21\/asta-deserta-albergo-olivier-noro-lassessore-roccon-ha-fallito-si-dimetta\/#primaryimage"},"thumbnailUrl":"https:\/\/www.bellunopress.it\/wp-content\/uploads\/2023\/06\/Davide-Noro-segretario-Pd-Belluno.jpg","datePublished":"2023-11-21T15:11:03+00:00","breadcrumb":{"@id":"https:\/\/www.bellunopress.it\/2023\/11\/21\/asta-deserta-albergo-olivier-noro-lassessore-roccon-ha-fallito-si-dimetta\/#breadcrumb"},"inLanguage":"fr-FR","potentialAction":[{"@type":"ReadAction","target":["https:\/\/www.bellunopress.it\/2023\/11\/21\/asta-deserta-albergo-olivier-noro-lassessore-roccon-ha-fallito-si-dimetta\/"]}]},{"@type":"ImageObject","inLanguage":"fr-FR","@id":"https:\/\/www.bellunopress.it\/2023\/11\/21\/asta-deserta-albergo-olivier-noro-lassessore-roccon-ha-fallito-si-dimetta\/#primaryimage","url":"https:\/\/www.bellunopress.it\/wp-content\/uploads\/2023\/06\/Davide-Noro-segretario-Pd-Belluno.jpg","contentUrl":"https:\/\/www.bellunopress.it\/wp-content\/uploads\/2023\/06\/Davide-Noro-segretario-Pd-Belluno.jpg","width":847,"height":1000,"caption":"Davide Noro, segretario Unione comunale Partito Democratico Belluno"},{"@type":"BreadcrumbList","@id":"https:\/\/www.bellunopress.it\/2023\/11\/21\/asta-deserta-albergo-olivier-noro-lassessore-roccon-ha-fallito-si-dimetta\/#breadcrumb","itemListElement":[{"@type":"ListItem","position":1,"name":"Home","item":"https:\/\/www.bellunopress.it\/"},{"@type":"ListItem","position":2,"name":"Asta deserta albergo Olivier. Noro: &#8220;L&#8217;assessore Roccon ha fallito, si dimetta&#8221;"}]},{"@type":"WebSite","@id":"https:\/\/www.bellunopress.it\/#website","url":"https:\/\/www.bellunopress.it\/","name":"Bellunopress - Dolomiti","description":"e-mail: redazione@bellunopress.it","publisher":{"@id":"https:\/\/www.bellunopress.it\/#organization"},"potentialAction":[{"@type":"SearchAction","target":{"@type":"EntryPoint","urlTemplate":"https:\/\/www.bellunopress.it\/?s={search_term_string}"},"query-input":{"@type":"PropertyValueSpecification","valueRequired":true,"valueName":"search_term_string"}}],"inLanguage":"fr-FR"},{"@type":"Organization","@id":"https:\/\/www.bellunopress.it\/#organization","name":"Bellunopress","url":"https:\/\/www.bellunopress.it\/","logo":{"@type":"ImageObject","inLanguage":"fr-FR","@id":"https:\/\/www.bellunopress.it\/#\/schema\/logo\/image\/","url":"https:\/\/www.bellunopress.it\/wp-content\/uploads\/2011\/05\/cropped-logo-bellunopress-.jpg","contentUrl":"https:\/\/www.bellunopress.it\/wp-content\/uploads\/2011\/05\/cropped-logo-bellunopress-.jpg","width":512,"height":512,"caption":"Bellunopress"},"image":{"@id":"https:\/\/www.bellunopress.it\/#\/schema\/logo\/image\/"},"sameAs":["https:\/\/www.facebook.com\/profile.php?id=100008943462799","https:\/\/x.com\/bellunopress","https:\/\/www.linkedin.com\/hp\/?dnr=JBzUWaJfMUw8vbXJJ2tVW5-I3jZKvC4wsoxE&amp;amp;amp;amp;amp;amp;trk=nav_responsive_tab_home","https:\/\/www.youtube.com\/channel\/UCxL0wu1uN0_3_7hGG0306cw"]},{"@type":"Person","@id":"https:\/\/www.bellunopress.it\/#\/schema\/person\/79bb06722b37ece1c03d3e94beb30d73","name":"r\u00e9daction","image":{"@type":"ImageObject","inLanguage":"fr-FR","@id":"https:\/\/secure.gravatar.com\/avatar\/37d968a2e67a6fd04c169c4bdef102d0bc5d31b2546345219e348575eb80e9a0?s=96&d=mm&r=g","url":"https:\/\/secure.gravatar.com\/avatar\/37d968a2e67a6fd04c169c4bdef102d0bc5d31b2546345219e348575eb80e9a0?s=96&d=mm&r=g","contentUrl":"https:\/\/secure.gravatar.com\/avatar\/37d968a2e67a6fd04c169c4bdef102d0bc5d31b2546345219e348575eb80e9a0?s=96&d=mm&r=g","caption":"redazione"},"sameAs":["http:\/\/www.bellunopress.it","https:\/\/x.com\/bellunopress"],"url":"https:\/\/www.bellunopress.it\/fr\/author\/redazione\/"}]}},"_links":{"self":[{"href":"https:\/\/www.bellunopress.it\/fr\/wp-json\/wp\/v2\/posts\/146082","targetHints":{"allow":["GET"]}}],"collection":[{"href":"https:\/\/www.bellunopress.it\/fr\/wp-json\/wp\/v2\/posts"}],"about":[{"href":"https:\/\/www.bellunopress.it\/fr\/wp-json\/wp\/v2\/types\/post"}],"author":[{"embeddable":true,"href":"https:\/\/www.bellunopress.it\/fr\/wp-json\/wp\/v2\/users\/2"}],"replies":[{"embeddable":true,"href":"https:\/\/www.bellunopress.it\/fr\/wp-json\/wp\/v2\/comments?post=146082"}],"version-history":[{"count":1,"href":"https:\/\/www.bellunopress.it\/fr\/wp-json\/wp\/v2\/posts\/146082\/revisions"}],"predecessor-version":[{"id":146083,"href":"https:\/\/www.bellunopress.it\/fr\/wp-json\/wp\/v2\/posts\/146082\/revisions\/146083"}],"wp:featuredmedia":[{"embeddable":true,"href":"https:\/\/www.bellunopress.it\/fr\/wp-json\/wp\/v2\/media\/141968"}],"wp:attachment":[{"href":"https:\/\/www.bellunopress.it\/fr\/wp-json\/wp\/v2\/media?parent=146082"}],"wp:term":[{"taxonomy":"category","embeddable":true,"href":"https:\/\/www.bellunopress.it\/fr\/wp-json\/wp\/v2\/categories?post=146082"},{"taxonomy":"post_tag","embeddable":true,"href":"https:\/\/www.bellunopress.it\/fr\/wp-json\/wp\/v2\/tags?post=146082"}],"curies":[{"name":"wp","href":"https:\/\/api.w.org\/{rel}","templated":true}]}}