{"id":146080,"date":"2023-11-21T15:37:02","date_gmt":"2023-11-21T14:37:02","guid":{"rendered":"https:\/\/www.bellunopress.it\/?p=146080"},"modified":"2023-11-21T16:25:43","modified_gmt":"2023-11-21T15:25:43","slug":"asta-deserta-per-lhotel-olivier-in-nevegal","status":"publish","type":"post","link":"https:\/\/www.bellunopress.it\/fr\/2023\/11\/21\/asta-deserta-per-lhotel-olivier-in-nevegal\/","title":{"rendered":"Asta deserta per l\u2019Hotel Olivier in Nevegal"},"content":{"rendered":"<figure id=\"attachment_143885\" aria-describedby=\"caption-attachment-143885\" style=\"width: 1000px\" class=\"wp-caption alignleft\"><img loading=\"lazy\" decoding=\"async\" class=\"size-full wp-image-143885\" src=\"https:\/\/www.bellunopress.it\/wp-content\/uploads\/2023\/09\/hotel-Olivier-Nevegal_edited.jpg\" alt=\"\" width=\"1000\" height=\"628\" srcset=\"https:\/\/www.bellunopress.it\/wp-content\/uploads\/2023\/09\/hotel-Olivier-Nevegal_edited.jpg 1000w, https:\/\/www.bellunopress.it\/wp-content\/uploads\/2023\/09\/hotel-Olivier-Nevegal_edited-500x314.jpg 500w, https:\/\/www.bellunopress.it\/wp-content\/uploads\/2023\/09\/hotel-Olivier-Nevegal_edited-696x437.jpg 696w, https:\/\/www.bellunopress.it\/wp-content\/uploads\/2023\/09\/hotel-Olivier-Nevegal_edited-669x420.jpg 669w\" sizes=\"auto, (max-width: 1000px) 100vw, 1000px\" \/><figcaption id=\"caption-attachment-143885\" class=\"wp-caption-text\">Hotel Olivier &#8211; Nevegal, Belluno<\/figcaption><\/figure>\n<p>E\u2019 andata deserta l\u2019asta giudiziaria relativa all\u2019albergo Olivier in Nevegal. Sar\u00e0 il giudice ora a stabilire le modalit\u00e0 e i tempi per il successivo tentativo di alienazione dell\u2019immobile.<\/p>\n<p>Eppure, nella conferenza di presentazione del 30 agosto 2023 della societ\u00e0 Nevegal 365 srl a Palazzo Rosso, il legale rappresentante Kamel Layachi aveva detto chiaramente che c\u2019era la volont\u00e0 di trattare l\u2019acquisto degli alberghi disponibili in Nevegal, per procedere alla loro completa ristrutturazione e trasformazione in hotel di lusso a 4 stelle con spa, destinati a una clientela internazionale. \u201cA tale scopo \u2013 aveva detto Layachi \u2013 la societ\u00e0 Nevegal 365 ha gi\u00e0 preso contatti con una societ\u00e0 di gestione di strutture ricettive olandese-spagnola specializzata in alberghi di montagna\u201d.<\/p>\n<p>Sembra strano che la Nevegal 365, che aveva assicurato di disporre di un portafoglio di 100 milioni di euro, non abbia nemmeno avanzato una proposta di acquisto di 458.789,06 euro, perch\u00e9 quella era l\u2019offerta minima a fronte di una perizia che attribuiva all\u2019albergo Olivier un valore di 2 milioni e 900mila euro.<\/p>\n<p>Con 100 milioni in tasca si punta forse a una trattativa privata ad offerta libera?<\/p>\n<p>Attendiamo, sempre fiduciosi, ma un po\u2019 meno di prima<\/p>\n<p>&nbsp;<\/p>\n<p><strong>Qui sotto i link ai precedenti articoli e al video<\/strong><\/p>\n<p><a href=\"https:\/\/www.bellunopress.it\/fr\/2023\/09\/03\/progetto-nevegal-365-appuntamento-il-21-novembre-per-lasta-dellhotel-olivier-offerta-minima-458-78906-euro\/\">https:\/\/www.bellunopress.it\/2023\/09\/03\/progetto-nevegal-365-appuntamento-il-21-novembre-per-lasta-dellhotel-olivier-offerta-minima-458-78906-euro\/<\/a><\/p>\n<p><a href=\"https:\/\/www.bellunopress.it\/fr\/2023\/08\/30\/100-milioni-per-il-nevegal-tutti-i-dettagli-dellintervento-in-consiglio-comunale-di-kamel-layachi-amministratore-della-nevegal-365-srl\/\">https:\/\/www.bellunopress.it\/2023\/08\/30\/100-milioni-per-il-nevegal-tutti-i-dettagli-dellintervento-in-consiglio-comunale-di-kamel-layachi-amministratore-della-nevegal-365-srl\/<\/a><\/p>\n<p>Conferenza di presentazione del progetto Nevegal (Belluno) &#8211; Kamel Layachi:<\/p>\n<p><a href=\"https:\/\/www.youtube.com\/watch?v=jv9vRMrnnm8\">https:\/\/www.youtube.com\/watch?v=jv9vRMrnnm8<\/a><\/p>","protected":false},"excerpt":{"rendered":"<p>E\u2019 andata deserta l\u2019asta giudiziaria relativa all\u2019albergo Olivier in Nevegal. Sar\u00e0 il giudice ora a stabilire le modalit\u00e0 e i tempi per il successivo tentativo di alienazione dell\u2019immobile. Eppure, nella conferenza di presentazione del 30 agosto 2023 della societ\u00e0 Nevegal 365 srl a Palazzo Rosso, il legale rappresentante Kamel Layachi aveva detto chiaramente che c\u2019era [&hellip;]<\/p>\n","protected":false},"author":2,"featured_media":143885,"comment_status":"closed","ping_status":"open","sticky":false,"template":"","format":"standard","meta":{"footnotes":""},"categories":[5,3446,26],"tags":[],"class_list":["post-146080","post","type-post","status-publish","format-standard","has-post-thumbnail","category-cronaca","category-featured","category-prima-pagina"],"yoast_head":"<!-- This site is optimized with the Yoast SEO plugin v28.4 - https:\/\/yoast.com\/product\/yoast-seo-wordpress\/ -->\n<title>Asta deserta per l\u2019Hotel Olivier in Nevegal - Bellunopress - Dolomiti<\/title>\n<meta name=\"robots\" content=\"index, follow, max-snippet:-1, max-image-preview:large, max-video-preview:-1\" \/>\n<link rel=\"canonical\" href=\"https:\/\/www.bellunopress.it\/fr\/2023\/11\/21\/asta-deserta-per-lhotel-olivier-in-nevegal\/\" \/>\n<meta property=\"og:locale\" content=\"fr_FR\" \/>\n<meta property=\"og:type\" content=\"article\" \/>\n<meta property=\"og:title\" content=\"Asta deserta per l\u2019Hotel Olivier in Nevegal - Bellunopress - Dolomiti\" \/>\n<meta property=\"og:description\" content=\"E\u2019 andata deserta l\u2019asta giudiziaria relativa all\u2019albergo Olivier in Nevegal. Sar\u00e0 il giudice ora a stabilire le modalit\u00e0 e i tempi per il successivo tentativo di alienazione dell\u2019immobile. Eppure, nella conferenza di presentazione del 30 agosto 2023 della societ\u00e0 Nevegal 365 srl a Palazzo Rosso, il legale rappresentante Kamel Layachi aveva detto chiaramente che c\u2019era [&hellip;]\" \/>\n<meta property=\"og:url\" content=\"https:\/\/www.bellunopress.it\/fr\/2023\/11\/21\/asta-deserta-per-lhotel-olivier-in-nevegal\/\" \/>\n<meta property=\"og:site_name\" content=\"Bellunopress - Dolomiti\" \/>\n<meta property=\"article:publisher\" content=\"https:\/\/www.facebook.com\/profile.php?id=100008943462799\" \/>\n<meta property=\"article:published_time\" content=\"2023-11-21T14:37:02+00:00\" \/>\n<meta property=\"article:modified_time\" content=\"2023-11-21T15:25:43+00:00\" \/>\n<meta property=\"og:image\" content=\"https:\/\/www.bellunopress.it\/wp-content\/uploads\/2023\/09\/hotel-Olivier-Nevegal_edited.jpg\" \/>\n\t<meta property=\"og:image:width\" content=\"1000\" \/>\n\t<meta property=\"og:image:height\" content=\"628\" \/>\n\t<meta property=\"og:image:type\" content=\"image\/jpeg\" \/>\n<meta name=\"author\" content=\"redazione\" \/>\n<meta name=\"twitter:card\" content=\"summary_large_image\" \/>\n<meta name=\"twitter:creator\" content=\"@bellunopress\" \/>\n<meta name=\"twitter:site\" content=\"@bellunopress\" \/>\n<meta name=\"twitter:label1\" content=\"Written by\" \/>\n\t<meta name=\"twitter:data1\" content=\"redazione\" \/>\n\t<meta name=\"twitter:label2\" content=\"Est. reading time\" \/>\n\t<meta name=\"twitter:data2\" content=\"1 minute\" \/>\n<script type=\"application\/ld+json\" class=\"yoast-schema-graph\">{\"@context\":\"https:\\\/\\\/schema.org\",\"@graph\":[{\"@type\":\"Article\",\"@id\":\"https:\\\/\\\/www.bellunopress.it\\\/2023\\\/11\\\/21\\\/asta-deserta-per-lhotel-olivier-in-nevegal\\\/#article\",\"isPartOf\":{\"@id\":\"https:\\\/\\\/www.bellunopress.it\\\/2023\\\/11\\\/21\\\/asta-deserta-per-lhotel-olivier-in-nevegal\\\/\"},\"author\":{\"name\":\"redazione\",\"@id\":\"https:\\\/\\\/www.bellunopress.it\\\/#\\\/schema\\\/person\\\/79bb06722b37ece1c03d3e94beb30d73\"},\"headline\":\"Asta deserta per l\u2019Hotel Olivier in Nevegal\",\"datePublished\":\"2023-11-21T14:37:02+00:00\",\"dateModified\":\"2023-11-21T15:25:43+00:00\",\"mainEntityOfPage\":{\"@id\":\"https:\\\/\\\/www.bellunopress.it\\\/2023\\\/11\\\/21\\\/asta-deserta-per-lhotel-olivier-in-nevegal\\\/\"},\"wordCount\":252,\"publisher\":{\"@id\":\"https:\\\/\\\/www.bellunopress.it\\\/#organization\"},\"image\":{\"@id\":\"https:\\\/\\\/www.bellunopress.it\\\/2023\\\/11\\\/21\\\/asta-deserta-per-lhotel-olivier-in-nevegal\\\/#primaryimage\"},\"thumbnailUrl\":\"https:\\\/\\\/www.bellunopress.it\\\/wp-content\\\/uploads\\\/2023\\\/09\\\/hotel-Olivier-Nevegal_edited.jpg\",\"articleSection\":[\"Cronaca\\\/Politica\",\"Featured\",\"Prima Pagina\"],\"inLanguage\":\"fr-FR\"},{\"@type\":\"WebPage\",\"@id\":\"https:\\\/\\\/www.bellunopress.it\\\/2023\\\/11\\\/21\\\/asta-deserta-per-lhotel-olivier-in-nevegal\\\/\",\"url\":\"https:\\\/\\\/www.bellunopress.it\\\/2023\\\/11\\\/21\\\/asta-deserta-per-lhotel-olivier-in-nevegal\\\/\",\"name\":\"Asta deserta per l\u2019Hotel Olivier in Nevegal - Bellunopress - Dolomiti\",\"isPartOf\":{\"@id\":\"https:\\\/\\\/www.bellunopress.it\\\/#website\"},\"primaryImageOfPage\":{\"@id\":\"https:\\\/\\\/www.bellunopress.it\\\/2023\\\/11\\\/21\\\/asta-deserta-per-lhotel-olivier-in-nevegal\\\/#primaryimage\"},\"image\":{\"@id\":\"https:\\\/\\\/www.bellunopress.it\\\/2023\\\/11\\\/21\\\/asta-deserta-per-lhotel-olivier-in-nevegal\\\/#primaryimage\"},\"thumbnailUrl\":\"https:\\\/\\\/www.bellunopress.it\\\/wp-content\\\/uploads\\\/2023\\\/09\\\/hotel-Olivier-Nevegal_edited.jpg\",\"datePublished\":\"2023-11-21T14:37:02+00:00\",\"dateModified\":\"2023-11-21T15:25:43+00:00\",\"breadcrumb\":{\"@id\":\"https:\\\/\\\/www.bellunopress.it\\\/2023\\\/11\\\/21\\\/asta-deserta-per-lhotel-olivier-in-nevegal\\\/#breadcrumb\"},\"inLanguage\":\"fr-FR\",\"potentialAction\":[{\"@type\":\"ReadAction\",\"target\":[\"https:\\\/\\\/www.bellunopress.it\\\/2023\\\/11\\\/21\\\/asta-deserta-per-lhotel-olivier-in-nevegal\\\/\"]}]},{\"@type\":\"ImageObject\",\"inLanguage\":\"fr-FR\",\"@id\":\"https:\\\/\\\/www.bellunopress.it\\\/2023\\\/11\\\/21\\\/asta-deserta-per-lhotel-olivier-in-nevegal\\\/#primaryimage\",\"url\":\"https:\\\/\\\/www.bellunopress.it\\\/wp-content\\\/uploads\\\/2023\\\/09\\\/hotel-Olivier-Nevegal_edited.jpg\",\"contentUrl\":\"https:\\\/\\\/www.bellunopress.it\\\/wp-content\\\/uploads\\\/2023\\\/09\\\/hotel-Olivier-Nevegal_edited.jpg\",\"width\":1000,\"height\":628,\"caption\":\"Hotel Olivier - Nevegal, Belluno\"},{\"@type\":\"BreadcrumbList\",\"@id\":\"https:\\\/\\\/www.bellunopress.it\\\/2023\\\/11\\\/21\\\/asta-deserta-per-lhotel-olivier-in-nevegal\\\/#breadcrumb\",\"itemListElement\":[{\"@type\":\"ListItem\",\"position\":1,\"name\":\"Home\",\"item\":\"https:\\\/\\\/www.bellunopress.it\\\/\"},{\"@type\":\"ListItem\",\"position\":2,\"name\":\"Asta deserta per l\u2019Hotel Olivier in Nevegal\"}]},{\"@type\":\"WebSite\",\"@id\":\"https:\\\/\\\/www.bellunopress.it\\\/#website\",\"url\":\"https:\\\/\\\/www.bellunopress.it\\\/\",\"name\":\"Bellunopress - Dolomiti\",\"description\":\"e-mail: redazione@bellunopress.it\",\"publisher\":{\"@id\":\"https:\\\/\\\/www.bellunopress.it\\\/#organization\"},\"potentialAction\":[{\"@type\":\"SearchAction\",\"target\":{\"@type\":\"EntryPoint\",\"urlTemplate\":\"https:\\\/\\\/www.bellunopress.it\\\/?s={search_term_string}\"},\"query-input\":{\"@type\":\"PropertyValueSpecification\",\"valueRequired\":true,\"valueName\":\"search_term_string\"}}],\"inLanguage\":\"fr-FR\"},{\"@type\":\"Organization\",\"@id\":\"https:\\\/\\\/www.bellunopress.it\\\/#organization\",\"name\":\"Bellunopress\",\"url\":\"https:\\\/\\\/www.bellunopress.it\\\/\",\"logo\":{\"@type\":\"ImageObject\",\"inLanguage\":\"fr-FR\",\"@id\":\"https:\\\/\\\/www.bellunopress.it\\\/#\\\/schema\\\/logo\\\/image\\\/\",\"url\":\"https:\\\/\\\/www.bellunopress.it\\\/wp-content\\\/uploads\\\/2011\\\/05\\\/cropped-logo-bellunopress-.jpg\",\"contentUrl\":\"https:\\\/\\\/www.bellunopress.it\\\/wp-content\\\/uploads\\\/2011\\\/05\\\/cropped-logo-bellunopress-.jpg\",\"width\":512,\"height\":512,\"caption\":\"Bellunopress\"},\"image\":{\"@id\":\"https:\\\/\\\/www.bellunopress.it\\\/#\\\/schema\\\/logo\\\/image\\\/\"},\"sameAs\":[\"https:\\\/\\\/www.facebook.com\\\/profile.php?id=100008943462799\",\"https:\\\/\\\/x.com\\\/bellunopress\",\"https:\\\/\\\/www.linkedin.com\\\/hp\\\/?dnr=JBzUWaJfMUw8vbXJJ2tVW5-I3jZKvC4wsoxE&amp;amp;amp;amp;amp;amp;trk=nav_responsive_tab_home\",\"https:\\\/\\\/www.youtube.com\\\/channel\\\/UCxL0wu1uN0_3_7hGG0306cw\"]},{\"@type\":\"Person\",\"@id\":\"https:\\\/\\\/www.bellunopress.it\\\/#\\\/schema\\\/person\\\/79bb06722b37ece1c03d3e94beb30d73\",\"name\":\"redazione\",\"image\":{\"@type\":\"ImageObject\",\"inLanguage\":\"fr-FR\",\"@id\":\"https:\\\/\\\/secure.gravatar.com\\\/avatar\\\/37d968a2e67a6fd04c169c4bdef102d0bc5d31b2546345219e348575eb80e9a0?s=96&d=mm&r=g\",\"url\":\"https:\\\/\\\/secure.gravatar.com\\\/avatar\\\/37d968a2e67a6fd04c169c4bdef102d0bc5d31b2546345219e348575eb80e9a0?s=96&d=mm&r=g\",\"contentUrl\":\"https:\\\/\\\/secure.gravatar.com\\\/avatar\\\/37d968a2e67a6fd04c169c4bdef102d0bc5d31b2546345219e348575eb80e9a0?s=96&d=mm&r=g\",\"caption\":\"redazione\"},\"sameAs\":[\"http:\\\/\\\/www.bellunopress.it\",\"https:\\\/\\\/x.com\\\/bellunopress\"],\"url\":\"https:\\\/\\\/www.bellunopress.it\\\/fr\\\/author\\\/redazione\\\/\"}]}<\/script>\n<!-- \/ Yoast SEO plugin. -->","yoast_head_json":{"title":"Asta deserta per l\u2019Hotel Olivier in Nevegal - Bellunopress - Dolomiti","robots":{"index":"index","follow":"follow","max-snippet":"max-snippet:-1","max-image-preview":"max-image-preview:large","max-video-preview":"max-video-preview:-1"},"canonical":"https:\/\/www.bellunopress.it\/fr\/2023\/11\/21\/asta-deserta-per-lhotel-olivier-in-nevegal\/","og_locale":"fr_FR","og_type":"article","og_title":"Asta deserta per l\u2019Hotel Olivier in Nevegal - Bellunopress - Dolomiti","og_description":"E\u2019 andata deserta l\u2019asta giudiziaria relativa all\u2019albergo Olivier in Nevegal. Sar\u00e0 il giudice ora a stabilire le modalit\u00e0 e i tempi per il successivo tentativo di alienazione dell\u2019immobile. Eppure, nella conferenza di presentazione del 30 agosto 2023 della societ\u00e0 Nevegal 365 srl a Palazzo Rosso, il legale rappresentante Kamel Layachi aveva detto chiaramente che c\u2019era [&hellip;]","og_url":"https:\/\/www.bellunopress.it\/fr\/2023\/11\/21\/asta-deserta-per-lhotel-olivier-in-nevegal\/","og_site_name":"Bellunopress - Dolomiti","article_publisher":"https:\/\/www.facebook.com\/profile.php?id=100008943462799","article_published_time":"2023-11-21T14:37:02+00:00","article_modified_time":"2023-11-21T15:25:43+00:00","og_image":[{"width":1000,"height":628,"url":"https:\/\/www.bellunopress.it\/wp-content\/uploads\/2023\/09\/hotel-Olivier-Nevegal_edited.jpg","type":"image\/jpeg"}],"author":"redazione","twitter_card":"summary_large_image","twitter_creator":"@bellunopress","twitter_site":"@bellunopress","twitter_misc":{"Written by":"redazione","Est. reading time":"1 minute"},"schema":{"@context":"https:\/\/schema.org","@graph":[{"@type":"Article","@id":"https:\/\/www.bellunopress.it\/2023\/11\/21\/asta-deserta-per-lhotel-olivier-in-nevegal\/#article","isPartOf":{"@id":"https:\/\/www.bellunopress.it\/2023\/11\/21\/asta-deserta-per-lhotel-olivier-in-nevegal\/"},"author":{"name":"redazione","@id":"https:\/\/www.bellunopress.it\/#\/schema\/person\/79bb06722b37ece1c03d3e94beb30d73"},"headline":"Asta deserta per l\u2019Hotel Olivier in Nevegal","datePublished":"2023-11-21T14:37:02+00:00","dateModified":"2023-11-21T15:25:43+00:00","mainEntityOfPage":{"@id":"https:\/\/www.bellunopress.it\/2023\/11\/21\/asta-deserta-per-lhotel-olivier-in-nevegal\/"},"wordCount":252,"publisher":{"@id":"https:\/\/www.bellunopress.it\/#organization"},"image":{"@id":"https:\/\/www.bellunopress.it\/2023\/11\/21\/asta-deserta-per-lhotel-olivier-in-nevegal\/#primaryimage"},"thumbnailUrl":"https:\/\/www.bellunopress.it\/wp-content\/uploads\/2023\/09\/hotel-Olivier-Nevegal_edited.jpg","articleSection":["Cronaca\/Politica","Featured","Prima Pagina"],"inLanguage":"fr-FR"},{"@type":"WebPage","@id":"https:\/\/www.bellunopress.it\/2023\/11\/21\/asta-deserta-per-lhotel-olivier-in-nevegal\/","url":"https:\/\/www.bellunopress.it\/2023\/11\/21\/asta-deserta-per-lhotel-olivier-in-nevegal\/","name":"Asta deserta per l\u2019Hotel Olivier in Nevegal - Bellunopress - Dolomiti","isPartOf":{"@id":"https:\/\/www.bellunopress.it\/#website"},"primaryImageOfPage":{"@id":"https:\/\/www.bellunopress.it\/2023\/11\/21\/asta-deserta-per-lhotel-olivier-in-nevegal\/#primaryimage"},"image":{"@id":"https:\/\/www.bellunopress.it\/2023\/11\/21\/asta-deserta-per-lhotel-olivier-in-nevegal\/#primaryimage"},"thumbnailUrl":"https:\/\/www.bellunopress.it\/wp-content\/uploads\/2023\/09\/hotel-Olivier-Nevegal_edited.jpg","datePublished":"2023-11-21T14:37:02+00:00","dateModified":"2023-11-21T15:25:43+00:00","breadcrumb":{"@id":"https:\/\/www.bellunopress.it\/2023\/11\/21\/asta-deserta-per-lhotel-olivier-in-nevegal\/#breadcrumb"},"inLanguage":"fr-FR","potentialAction":[{"@type":"ReadAction","target":["https:\/\/www.bellunopress.it\/2023\/11\/21\/asta-deserta-per-lhotel-olivier-in-nevegal\/"]}]},{"@type":"ImageObject","inLanguage":"fr-FR","@id":"https:\/\/www.bellunopress.it\/2023\/11\/21\/asta-deserta-per-lhotel-olivier-in-nevegal\/#primaryimage","url":"https:\/\/www.bellunopress.it\/wp-content\/uploads\/2023\/09\/hotel-Olivier-Nevegal_edited.jpg","contentUrl":"https:\/\/www.bellunopress.it\/wp-content\/uploads\/2023\/09\/hotel-Olivier-Nevegal_edited.jpg","width":1000,"height":628,"caption":"Hotel Olivier - Nevegal, Belluno"},{"@type":"BreadcrumbList","@id":"https:\/\/www.bellunopress.it\/2023\/11\/21\/asta-deserta-per-lhotel-olivier-in-nevegal\/#breadcrumb","itemListElement":[{"@type":"ListItem","position":1,"name":"Home","item":"https:\/\/www.bellunopress.it\/"},{"@type":"ListItem","position":2,"name":"Asta deserta per l\u2019Hotel Olivier in Nevegal"}]},{"@type":"WebSite","@id":"https:\/\/www.bellunopress.it\/#website","url":"https:\/\/www.bellunopress.it\/","name":"Bellunopress - Dolomiti","description":"e-mail: redazione@bellunopress.it","publisher":{"@id":"https:\/\/www.bellunopress.it\/#organization"},"potentialAction":[{"@type":"SearchAction","target":{"@type":"EntryPoint","urlTemplate":"https:\/\/www.bellunopress.it\/?s={search_term_string}"},"query-input":{"@type":"PropertyValueSpecification","valueRequired":true,"valueName":"search_term_string"}}],"inLanguage":"fr-FR"},{"@type":"Organization","@id":"https:\/\/www.bellunopress.it\/#organization","name":"Bellunopress","url":"https:\/\/www.bellunopress.it\/","logo":{"@type":"ImageObject","inLanguage":"fr-FR","@id":"https:\/\/www.bellunopress.it\/#\/schema\/logo\/image\/","url":"https:\/\/www.bellunopress.it\/wp-content\/uploads\/2011\/05\/cropped-logo-bellunopress-.jpg","contentUrl":"https:\/\/www.bellunopress.it\/wp-content\/uploads\/2011\/05\/cropped-logo-bellunopress-.jpg","width":512,"height":512,"caption":"Bellunopress"},"image":{"@id":"https:\/\/www.bellunopress.it\/#\/schema\/logo\/image\/"},"sameAs":["https:\/\/www.facebook.com\/profile.php?id=100008943462799","https:\/\/x.com\/bellunopress","https:\/\/www.linkedin.com\/hp\/?dnr=JBzUWaJfMUw8vbXJJ2tVW5-I3jZKvC4wsoxE&amp;amp;amp;amp;amp;amp;trk=nav_responsive_tab_home","https:\/\/www.youtube.com\/channel\/UCxL0wu1uN0_3_7hGG0306cw"]},{"@type":"Person","@id":"https:\/\/www.bellunopress.it\/#\/schema\/person\/79bb06722b37ece1c03d3e94beb30d73","name":"r\u00e9daction","image":{"@type":"ImageObject","inLanguage":"fr-FR","@id":"https:\/\/secure.gravatar.com\/avatar\/37d968a2e67a6fd04c169c4bdef102d0bc5d31b2546345219e348575eb80e9a0?s=96&d=mm&r=g","url":"https:\/\/secure.gravatar.com\/avatar\/37d968a2e67a6fd04c169c4bdef102d0bc5d31b2546345219e348575eb80e9a0?s=96&d=mm&r=g","contentUrl":"https:\/\/secure.gravatar.com\/avatar\/37d968a2e67a6fd04c169c4bdef102d0bc5d31b2546345219e348575eb80e9a0?s=96&d=mm&r=g","caption":"redazione"},"sameAs":["http:\/\/www.bellunopress.it","https:\/\/x.com\/bellunopress"],"url":"https:\/\/www.bellunopress.it\/fr\/author\/redazione\/"}]}},"_links":{"self":[{"href":"https:\/\/www.bellunopress.it\/fr\/wp-json\/wp\/v2\/posts\/146080","targetHints":{"allow":["GET"]}}],"collection":[{"href":"https:\/\/www.bellunopress.it\/fr\/wp-json\/wp\/v2\/posts"}],"about":[{"href":"https:\/\/www.bellunopress.it\/fr\/wp-json\/wp\/v2\/types\/post"}],"author":[{"embeddable":true,"href":"https:\/\/www.bellunopress.it\/fr\/wp-json\/wp\/v2\/users\/2"}],"replies":[{"embeddable":true,"href":"https:\/\/www.bellunopress.it\/fr\/wp-json\/wp\/v2\/comments?post=146080"}],"version-history":[{"count":1,"href":"https:\/\/www.bellunopress.it\/fr\/wp-json\/wp\/v2\/posts\/146080\/revisions"}],"predecessor-version":[{"id":146081,"href":"https:\/\/www.bellunopress.it\/fr\/wp-json\/wp\/v2\/posts\/146080\/revisions\/146081"}],"wp:featuredmedia":[{"embeddable":true,"href":"https:\/\/www.bellunopress.it\/fr\/wp-json\/wp\/v2\/media\/143885"}],"wp:attachment":[{"href":"https:\/\/www.bellunopress.it\/fr\/wp-json\/wp\/v2\/media?parent=146080"}],"wp:term":[{"taxonomy":"category","embeddable":true,"href":"https:\/\/www.bellunopress.it\/fr\/wp-json\/wp\/v2\/categories?post=146080"},{"taxonomy":"post_tag","embeddable":true,"href":"https:\/\/www.bellunopress.it\/fr\/wp-json\/wp\/v2\/tags?post=146080"}],"curies":[{"name":"wp","href":"https:\/\/api.w.org\/{rel}","templated":true}]}}