{"id":146078,"date":"2023-11-21T14:47:08","date_gmt":"2023-11-21T13:47:08","guid":{"rendered":"https:\/\/www.bellunopress.it\/?p=146078"},"modified":"2023-11-21T14:47:08","modified_gmt":"2023-11-21T13:47:08","slug":"un-appartamento-in-eredita-allassociazione-cucchini","status":"publish","type":"post","link":"https:\/\/www.bellunopress.it\/fr\/2023\/11\/21\/un-appartamento-in-eredita-allassociazione-cucchini\/","title":{"rendered":"Un appartamento in eredit\u00e0 all&#8217;Associazione Cucchini"},"content":{"rendered":"<p><strong><img loading=\"lazy\" decoding=\"async\" class=\"alignleft size-full wp-image-113138\" src=\"https:\/\/www.bellunopress.it\/wp-content\/uploads\/2020\/03\/associazione-cucchini.gif\" alt=\"\" width=\"336\" height=\"336\" \/>I proventi saranno impiegati per adeguamenti e migliorie all\u2019hospice, in collaborazione con Ulss<\/strong><\/p>\n<p>Generosit\u00e0 per la Cucchini, che diventer\u00e0 generosit\u00e0 per chi sta male. L\u2019associazione bellunese, che da oltre trent\u2019anni si mette a servizio delle persone ammalate e dei loro famigliari, ha ricevuto nelle scorse settimane una donazione. Si tratta di un appartamento, lasciato in eredit\u00e0 da una paziente dell\u2019hospice venuta a mancare a inizio estate La donna, dopo una lunga carriera in un ufficio amministrativo di Belluno, \u00e8 stata ricoverata a Casa Tua Due e ha sperimentato il servizio di Cucchini. Tanto da decidere di lasciare la sua casa all\u2019associazione. Cucchini la metter\u00e0 in vendita e con il ricavato finanzier\u00e0 un progetto di adeguamento e miglioramento dell\u2019hospice, in accordo e collaborazione con l\u2019Ulss 1 Dolomiti.<\/p>\n<figure id=\"attachment_141288\" aria-describedby=\"caption-attachment-141288\" style=\"width: 170px\" class=\"wp-caption alignleft\"><img loading=\"lazy\" decoding=\"async\" class=\"size-full wp-image-141288\" src=\"https:\/\/www.bellunopress.it\/wp-content\/uploads\/2023\/05\/prof-Paolo-Colleselli-presid-ass-Cucchini.jpg\" alt=\"\" width=\"170\" height=\"185\" \/><figcaption id=\"caption-attachment-141288\" class=\"wp-caption-text\">Prof. Paolo Colleselli presidente Associazione Cucchini<\/figcaption><\/figure>\n<p>\u00abRingraziamo vivamente la donatrice per questo straordinario gesto di generosit\u00e0 e di solidariet\u00e0. Il ricavato infatti diventer\u00e0 un investimento a favore delle persone ammalate che si rivolgono all\u2019hospice\u00bb spiega Paolo Colleselli, presidente dell\u2019associazione Cucchini.<\/p>\n<p>\u00abAbbiamo trovato grande disponibilit\u00e0 e spirito di collaborazione da parte del commissario dell\u2019Ulss Giuseppe Dal Ben e proprio per questo abbiamo deciso di intervenire a migliorare l\u2019hospice\u00bb. \u00abCucchini &#8211; conclude Colleselli &#8211; vive di volontariato e di donazioni, motivo per cui questo lascito testamentario rappresenta un grande aiuto alla nostra realt\u00e0\u00bb.<\/p>\n<p>L\u2019appartamento lasciato in eredit\u00e0 all\u2019associazione si trova a Cavarzano, in una palazzina signorile a due passi dal centro storico di Belluno. \u00c8 dotato di ampio terrazzo coperto, due garage e ampio parcheggio esterno condominiale, con un&#8217;area verde recintati, pi\u00f9 cantina.<\/p>\n<p>Gli interessati possono contattare la Cucchini (segreteria@associazionecucchini.it; telefono 0437 516666).<\/p>","protected":false},"excerpt":{"rendered":"<p>I proventi saranno impiegati per adeguamenti e migliorie all\u2019hospice, in collaborazione con Ulss Generosit\u00e0 per la Cucchini, che diventer\u00e0 generosit\u00e0 per chi sta male. L\u2019associazione bellunese, che da oltre trent\u2019anni si mette a servizio delle persone ammalate e dei loro famigliari, ha ricevuto nelle scorse settimane una donazione. Si tratta di un appartamento, lasciato in [&hellip;]<\/p>\n","protected":false},"author":2,"featured_media":113138,"comment_status":"closed","ping_status":"open","sticky":false,"template":"","format":"standard","meta":{"footnotes":""},"categories":[26,8],"tags":[],"class_list":["post-146078","post","type-post","status-publish","format-standard","has-post-thumbnail","category-prima-pagina","category-societa-istituzioni"],"yoast_head":"<!-- This site is optimized with the Yoast SEO plugin v28.4 - https:\/\/yoast.com\/product\/yoast-seo-wordpress\/ -->\n<title>Un appartamento in eredit\u00e0 all&#039;Associazione Cucchini - Bellunopress - Dolomiti<\/title>\n<meta name=\"robots\" content=\"index, follow, max-snippet:-1, max-image-preview:large, max-video-preview:-1\" \/>\n<link rel=\"canonical\" href=\"https:\/\/www.bellunopress.it\/fr\/2023\/11\/21\/un-appartamento-in-eredita-allassociazione-cucchini\/\" \/>\n<meta property=\"og:locale\" content=\"fr_FR\" \/>\n<meta property=\"og:type\" content=\"article\" \/>\n<meta property=\"og:title\" content=\"Un appartamento in eredit\u00e0 all&#039;Associazione Cucchini - Bellunopress - Dolomiti\" \/>\n<meta property=\"og:description\" content=\"I proventi saranno impiegati per adeguamenti e migliorie all\u2019hospice, in collaborazione con Ulss Generosit\u00e0 per la Cucchini, che diventer\u00e0 generosit\u00e0 per chi sta male. L\u2019associazione bellunese, che da oltre trent\u2019anni si mette a servizio delle persone ammalate e dei loro famigliari, ha ricevuto nelle scorse settimane una donazione. Si tratta di un appartamento, lasciato in [&hellip;]\" \/>\n<meta property=\"og:url\" content=\"https:\/\/www.bellunopress.it\/fr\/2023\/11\/21\/un-appartamento-in-eredita-allassociazione-cucchini\/\" \/>\n<meta property=\"og:site_name\" content=\"Bellunopress - Dolomiti\" \/>\n<meta property=\"article:publisher\" content=\"https:\/\/www.facebook.com\/profile.php?id=100008943462799\" \/>\n<meta property=\"article:published_time\" content=\"2023-11-21T13:47:08+00:00\" \/>\n<meta property=\"og:image\" content=\"https:\/\/www.bellunopress.it\/wp-content\/uploads\/2020\/03\/associazione-cucchini.gif\" \/>\n\t<meta property=\"og:image:width\" content=\"336\" \/>\n\t<meta property=\"og:image:height\" content=\"336\" \/>\n\t<meta property=\"og:image:type\" content=\"image\/gif\" \/>\n<meta name=\"author\" content=\"redazione\" \/>\n<meta name=\"twitter:card\" content=\"summary_large_image\" \/>\n<meta name=\"twitter:creator\" content=\"@bellunopress\" \/>\n<meta name=\"twitter:site\" content=\"@bellunopress\" \/>\n<meta name=\"twitter:label1\" content=\"\u00c9crit par\" \/>\n\t<meta name=\"twitter:data1\" content=\"redazione\" \/>\n\t<meta name=\"twitter:label2\" content=\"Dur\u00e9e de lecture estim\u00e9e\" \/>\n\t<meta name=\"twitter:data2\" content=\"1 minute\" \/>\n<script type=\"application\/ld+json\" class=\"yoast-schema-graph\">{\"@context\":\"https:\\\/\\\/schema.org\",\"@graph\":[{\"@type\":\"Article\",\"@id\":\"https:\\\/\\\/www.bellunopress.it\\\/2023\\\/11\\\/21\\\/un-appartamento-in-eredita-allassociazione-cucchini\\\/#article\",\"isPartOf\":{\"@id\":\"https:\\\/\\\/www.bellunopress.it\\\/2023\\\/11\\\/21\\\/un-appartamento-in-eredita-allassociazione-cucchini\\\/\"},\"author\":{\"name\":\"redazione\",\"@id\":\"https:\\\/\\\/www.bellunopress.it\\\/#\\\/schema\\\/person\\\/79bb06722b37ece1c03d3e94beb30d73\"},\"headline\":\"Un appartamento in eredit\u00e0 all&#8217;Associazione Cucchini\",\"datePublished\":\"2023-11-21T13:47:08+00:00\",\"mainEntityOfPage\":{\"@id\":\"https:\\\/\\\/www.bellunopress.it\\\/2023\\\/11\\\/21\\\/un-appartamento-in-eredita-allassociazione-cucchini\\\/\"},\"wordCount\":292,\"publisher\":{\"@id\":\"https:\\\/\\\/www.bellunopress.it\\\/#organization\"},\"image\":{\"@id\":\"https:\\\/\\\/www.bellunopress.it\\\/2023\\\/11\\\/21\\\/un-appartamento-in-eredita-allassociazione-cucchini\\\/#primaryimage\"},\"thumbnailUrl\":\"https:\\\/\\\/www.bellunopress.it\\\/wp-content\\\/uploads\\\/2020\\\/03\\\/associazione-cucchini.gif\",\"articleSection\":[\"Prima Pagina\",\"Societ\u00e0, Associazioni, Istituzioni\"],\"inLanguage\":\"fr-FR\"},{\"@type\":\"WebPage\",\"@id\":\"https:\\\/\\\/www.bellunopress.it\\\/2023\\\/11\\\/21\\\/un-appartamento-in-eredita-allassociazione-cucchini\\\/\",\"url\":\"https:\\\/\\\/www.bellunopress.it\\\/2023\\\/11\\\/21\\\/un-appartamento-in-eredita-allassociazione-cucchini\\\/\",\"name\":\"Un appartamento in eredit\u00e0 all'Associazione Cucchini - Bellunopress - Dolomiti\",\"isPartOf\":{\"@id\":\"https:\\\/\\\/www.bellunopress.it\\\/#website\"},\"primaryImageOfPage\":{\"@id\":\"https:\\\/\\\/www.bellunopress.it\\\/2023\\\/11\\\/21\\\/un-appartamento-in-eredita-allassociazione-cucchini\\\/#primaryimage\"},\"image\":{\"@id\":\"https:\\\/\\\/www.bellunopress.it\\\/2023\\\/11\\\/21\\\/un-appartamento-in-eredita-allassociazione-cucchini\\\/#primaryimage\"},\"thumbnailUrl\":\"https:\\\/\\\/www.bellunopress.it\\\/wp-content\\\/uploads\\\/2020\\\/03\\\/associazione-cucchini.gif\",\"datePublished\":\"2023-11-21T13:47:08+00:00\",\"breadcrumb\":{\"@id\":\"https:\\\/\\\/www.bellunopress.it\\\/2023\\\/11\\\/21\\\/un-appartamento-in-eredita-allassociazione-cucchini\\\/#breadcrumb\"},\"inLanguage\":\"fr-FR\",\"potentialAction\":[{\"@type\":\"ReadAction\",\"target\":[\"https:\\\/\\\/www.bellunopress.it\\\/2023\\\/11\\\/21\\\/un-appartamento-in-eredita-allassociazione-cucchini\\\/\"]}]},{\"@type\":\"ImageObject\",\"inLanguage\":\"fr-FR\",\"@id\":\"https:\\\/\\\/www.bellunopress.it\\\/2023\\\/11\\\/21\\\/un-appartamento-in-eredita-allassociazione-cucchini\\\/#primaryimage\",\"url\":\"https:\\\/\\\/www.bellunopress.it\\\/wp-content\\\/uploads\\\/2020\\\/03\\\/associazione-cucchini.gif\",\"contentUrl\":\"https:\\\/\\\/www.bellunopress.it\\\/wp-content\\\/uploads\\\/2020\\\/03\\\/associazione-cucchini.gif\",\"width\":336,\"height\":336},{\"@type\":\"BreadcrumbList\",\"@id\":\"https:\\\/\\\/www.bellunopress.it\\\/2023\\\/11\\\/21\\\/un-appartamento-in-eredita-allassociazione-cucchini\\\/#breadcrumb\",\"itemListElement\":[{\"@type\":\"ListItem\",\"position\":1,\"name\":\"Home\",\"item\":\"https:\\\/\\\/www.bellunopress.it\\\/\"},{\"@type\":\"ListItem\",\"position\":2,\"name\":\"Un appartamento in eredit\u00e0 all&#8217;Associazione Cucchini\"}]},{\"@type\":\"WebSite\",\"@id\":\"https:\\\/\\\/www.bellunopress.it\\\/#website\",\"url\":\"https:\\\/\\\/www.bellunopress.it\\\/\",\"name\":\"Bellunopress - Dolomiti\",\"description\":\"e-mail: redazione@bellunopress.it\",\"publisher\":{\"@id\":\"https:\\\/\\\/www.bellunopress.it\\\/#organization\"},\"potentialAction\":[{\"@type\":\"SearchAction\",\"target\":{\"@type\":\"EntryPoint\",\"urlTemplate\":\"https:\\\/\\\/www.bellunopress.it\\\/?s={search_term_string}\"},\"query-input\":{\"@type\":\"PropertyValueSpecification\",\"valueRequired\":true,\"valueName\":\"search_term_string\"}}],\"inLanguage\":\"fr-FR\"},{\"@type\":\"Organization\",\"@id\":\"https:\\\/\\\/www.bellunopress.it\\\/#organization\",\"name\":\"Bellunopress\",\"url\":\"https:\\\/\\\/www.bellunopress.it\\\/\",\"logo\":{\"@type\":\"ImageObject\",\"inLanguage\":\"fr-FR\",\"@id\":\"https:\\\/\\\/www.bellunopress.it\\\/#\\\/schema\\\/logo\\\/image\\\/\",\"url\":\"https:\\\/\\\/www.bellunopress.it\\\/wp-content\\\/uploads\\\/2011\\\/05\\\/cropped-logo-bellunopress-.jpg\",\"contentUrl\":\"https:\\\/\\\/www.bellunopress.it\\\/wp-content\\\/uploads\\\/2011\\\/05\\\/cropped-logo-bellunopress-.jpg\",\"width\":512,\"height\":512,\"caption\":\"Bellunopress\"},\"image\":{\"@id\":\"https:\\\/\\\/www.bellunopress.it\\\/#\\\/schema\\\/logo\\\/image\\\/\"},\"sameAs\":[\"https:\\\/\\\/www.facebook.com\\\/profile.php?id=100008943462799\",\"https:\\\/\\\/x.com\\\/bellunopress\",\"https:\\\/\\\/www.linkedin.com\\\/hp\\\/?dnr=JBzUWaJfMUw8vbXJJ2tVW5-I3jZKvC4wsoxE&amp;amp;amp;amp;amp;amp;trk=nav_responsive_tab_home\",\"https:\\\/\\\/www.youtube.com\\\/channel\\\/UCxL0wu1uN0_3_7hGG0306cw\"]},{\"@type\":\"Person\",\"@id\":\"https:\\\/\\\/www.bellunopress.it\\\/#\\\/schema\\\/person\\\/79bb06722b37ece1c03d3e94beb30d73\",\"name\":\"redazione\",\"image\":{\"@type\":\"ImageObject\",\"inLanguage\":\"fr-FR\",\"@id\":\"https:\\\/\\\/secure.gravatar.com\\\/avatar\\\/37d968a2e67a6fd04c169c4bdef102d0bc5d31b2546345219e348575eb80e9a0?s=96&d=mm&r=g\",\"url\":\"https:\\\/\\\/secure.gravatar.com\\\/avatar\\\/37d968a2e67a6fd04c169c4bdef102d0bc5d31b2546345219e348575eb80e9a0?s=96&d=mm&r=g\",\"contentUrl\":\"https:\\\/\\\/secure.gravatar.com\\\/avatar\\\/37d968a2e67a6fd04c169c4bdef102d0bc5d31b2546345219e348575eb80e9a0?s=96&d=mm&r=g\",\"caption\":\"redazione\"},\"sameAs\":[\"http:\\\/\\\/www.bellunopress.it\",\"https:\\\/\\\/x.com\\\/bellunopress\"],\"url\":\"https:\\\/\\\/www.bellunopress.it\\\/fr\\\/author\\\/redazione\\\/\"}]}<\/script>\n<!-- \/ Yoast SEO plugin. -->","yoast_head_json":{"title":"Un appartamento in eredit\u00e0 all'Associazione Cucchini - Bellunopress - Dolomiti","robots":{"index":"index","follow":"follow","max-snippet":"max-snippet:-1","max-image-preview":"max-image-preview:large","max-video-preview":"max-video-preview:-1"},"canonical":"https:\/\/www.bellunopress.it\/fr\/2023\/11\/21\/un-appartamento-in-eredita-allassociazione-cucchini\/","og_locale":"fr_FR","og_type":"article","og_title":"Un appartamento in eredit\u00e0 all'Associazione Cucchini - Bellunopress - Dolomiti","og_description":"I proventi saranno impiegati per adeguamenti e migliorie all\u2019hospice, in collaborazione con Ulss Generosit\u00e0 per la Cucchini, che diventer\u00e0 generosit\u00e0 per chi sta male. L\u2019associazione bellunese, che da oltre trent\u2019anni si mette a servizio delle persone ammalate e dei loro famigliari, ha ricevuto nelle scorse settimane una donazione. Si tratta di un appartamento, lasciato in [&hellip;]","og_url":"https:\/\/www.bellunopress.it\/fr\/2023\/11\/21\/un-appartamento-in-eredita-allassociazione-cucchini\/","og_site_name":"Bellunopress - Dolomiti","article_publisher":"https:\/\/www.facebook.com\/profile.php?id=100008943462799","article_published_time":"2023-11-21T13:47:08+00:00","og_image":[{"width":336,"height":336,"url":"https:\/\/www.bellunopress.it\/wp-content\/uploads\/2020\/03\/associazione-cucchini.gif","type":"image\/gif"}],"author":"redazione","twitter_card":"summary_large_image","twitter_creator":"@bellunopress","twitter_site":"@bellunopress","twitter_misc":{"\u00c9crit par":"redazione","Dur\u00e9e de lecture estim\u00e9e":"1 minute"},"schema":{"@context":"https:\/\/schema.org","@graph":[{"@type":"Article","@id":"https:\/\/www.bellunopress.it\/2023\/11\/21\/un-appartamento-in-eredita-allassociazione-cucchini\/#article","isPartOf":{"@id":"https:\/\/www.bellunopress.it\/2023\/11\/21\/un-appartamento-in-eredita-allassociazione-cucchini\/"},"author":{"name":"redazione","@id":"https:\/\/www.bellunopress.it\/#\/schema\/person\/79bb06722b37ece1c03d3e94beb30d73"},"headline":"Un appartamento in eredit\u00e0 all&#8217;Associazione Cucchini","datePublished":"2023-11-21T13:47:08+00:00","mainEntityOfPage":{"@id":"https:\/\/www.bellunopress.it\/2023\/11\/21\/un-appartamento-in-eredita-allassociazione-cucchini\/"},"wordCount":292,"publisher":{"@id":"https:\/\/www.bellunopress.it\/#organization"},"image":{"@id":"https:\/\/www.bellunopress.it\/2023\/11\/21\/un-appartamento-in-eredita-allassociazione-cucchini\/#primaryimage"},"thumbnailUrl":"https:\/\/www.bellunopress.it\/wp-content\/uploads\/2020\/03\/associazione-cucchini.gif","articleSection":["Prima Pagina","Societ\u00e0, Associazioni, Istituzioni"],"inLanguage":"fr-FR"},{"@type":"WebPage","@id":"https:\/\/www.bellunopress.it\/2023\/11\/21\/un-appartamento-in-eredita-allassociazione-cucchini\/","url":"https:\/\/www.bellunopress.it\/2023\/11\/21\/un-appartamento-in-eredita-allassociazione-cucchini\/","name":"Un appartamento in eredit\u00e0 all'Associazione Cucchini - Bellunopress - Dolomiti","isPartOf":{"@id":"https:\/\/www.bellunopress.it\/#website"},"primaryImageOfPage":{"@id":"https:\/\/www.bellunopress.it\/2023\/11\/21\/un-appartamento-in-eredita-allassociazione-cucchini\/#primaryimage"},"image":{"@id":"https:\/\/www.bellunopress.it\/2023\/11\/21\/un-appartamento-in-eredita-allassociazione-cucchini\/#primaryimage"},"thumbnailUrl":"https:\/\/www.bellunopress.it\/wp-content\/uploads\/2020\/03\/associazione-cucchini.gif","datePublished":"2023-11-21T13:47:08+00:00","breadcrumb":{"@id":"https:\/\/www.bellunopress.it\/2023\/11\/21\/un-appartamento-in-eredita-allassociazione-cucchini\/#breadcrumb"},"inLanguage":"fr-FR","potentialAction":[{"@type":"ReadAction","target":["https:\/\/www.bellunopress.it\/2023\/11\/21\/un-appartamento-in-eredita-allassociazione-cucchini\/"]}]},{"@type":"ImageObject","inLanguage":"fr-FR","@id":"https:\/\/www.bellunopress.it\/2023\/11\/21\/un-appartamento-in-eredita-allassociazione-cucchini\/#primaryimage","url":"https:\/\/www.bellunopress.it\/wp-content\/uploads\/2020\/03\/associazione-cucchini.gif","contentUrl":"https:\/\/www.bellunopress.it\/wp-content\/uploads\/2020\/03\/associazione-cucchini.gif","width":336,"height":336},{"@type":"BreadcrumbList","@id":"https:\/\/www.bellunopress.it\/2023\/11\/21\/un-appartamento-in-eredita-allassociazione-cucchini\/#breadcrumb","itemListElement":[{"@type":"ListItem","position":1,"name":"Home","item":"https:\/\/www.bellunopress.it\/"},{"@type":"ListItem","position":2,"name":"Un appartamento in eredit\u00e0 all&#8217;Associazione Cucchini"}]},{"@type":"WebSite","@id":"https:\/\/www.bellunopress.it\/#website","url":"https:\/\/www.bellunopress.it\/","name":"Bellunopress - Dolomiti","description":"e-mail: redazione@bellunopress.it","publisher":{"@id":"https:\/\/www.bellunopress.it\/#organization"},"potentialAction":[{"@type":"SearchAction","target":{"@type":"EntryPoint","urlTemplate":"https:\/\/www.bellunopress.it\/?s={search_term_string}"},"query-input":{"@type":"PropertyValueSpecification","valueRequired":true,"valueName":"search_term_string"}}],"inLanguage":"fr-FR"},{"@type":"Organization","@id":"https:\/\/www.bellunopress.it\/#organization","name":"Bellunopress","url":"https:\/\/www.bellunopress.it\/","logo":{"@type":"ImageObject","inLanguage":"fr-FR","@id":"https:\/\/www.bellunopress.it\/#\/schema\/logo\/image\/","url":"https:\/\/www.bellunopress.it\/wp-content\/uploads\/2011\/05\/cropped-logo-bellunopress-.jpg","contentUrl":"https:\/\/www.bellunopress.it\/wp-content\/uploads\/2011\/05\/cropped-logo-bellunopress-.jpg","width":512,"height":512,"caption":"Bellunopress"},"image":{"@id":"https:\/\/www.bellunopress.it\/#\/schema\/logo\/image\/"},"sameAs":["https:\/\/www.facebook.com\/profile.php?id=100008943462799","https:\/\/x.com\/bellunopress","https:\/\/www.linkedin.com\/hp\/?dnr=JBzUWaJfMUw8vbXJJ2tVW5-I3jZKvC4wsoxE&amp;amp;amp;amp;amp;amp;trk=nav_responsive_tab_home","https:\/\/www.youtube.com\/channel\/UCxL0wu1uN0_3_7hGG0306cw"]},{"@type":"Person","@id":"https:\/\/www.bellunopress.it\/#\/schema\/person\/79bb06722b37ece1c03d3e94beb30d73","name":"r\u00e9daction","image":{"@type":"ImageObject","inLanguage":"fr-FR","@id":"https:\/\/secure.gravatar.com\/avatar\/37d968a2e67a6fd04c169c4bdef102d0bc5d31b2546345219e348575eb80e9a0?s=96&d=mm&r=g","url":"https:\/\/secure.gravatar.com\/avatar\/37d968a2e67a6fd04c169c4bdef102d0bc5d31b2546345219e348575eb80e9a0?s=96&d=mm&r=g","contentUrl":"https:\/\/secure.gravatar.com\/avatar\/37d968a2e67a6fd04c169c4bdef102d0bc5d31b2546345219e348575eb80e9a0?s=96&d=mm&r=g","caption":"redazione"},"sameAs":["http:\/\/www.bellunopress.it","https:\/\/x.com\/bellunopress"],"url":"https:\/\/www.bellunopress.it\/fr\/author\/redazione\/"}]}},"_links":{"self":[{"href":"https:\/\/www.bellunopress.it\/fr\/wp-json\/wp\/v2\/posts\/146078","targetHints":{"allow":["GET"]}}],"collection":[{"href":"https:\/\/www.bellunopress.it\/fr\/wp-json\/wp\/v2\/posts"}],"about":[{"href":"https:\/\/www.bellunopress.it\/fr\/wp-json\/wp\/v2\/types\/post"}],"author":[{"embeddable":true,"href":"https:\/\/www.bellunopress.it\/fr\/wp-json\/wp\/v2\/users\/2"}],"replies":[{"embeddable":true,"href":"https:\/\/www.bellunopress.it\/fr\/wp-json\/wp\/v2\/comments?post=146078"}],"version-history":[{"count":1,"href":"https:\/\/www.bellunopress.it\/fr\/wp-json\/wp\/v2\/posts\/146078\/revisions"}],"predecessor-version":[{"id":146079,"href":"https:\/\/www.bellunopress.it\/fr\/wp-json\/wp\/v2\/posts\/146078\/revisions\/146079"}],"wp:featuredmedia":[{"embeddable":true,"href":"https:\/\/www.bellunopress.it\/fr\/wp-json\/wp\/v2\/media\/113138"}],"wp:attachment":[{"href":"https:\/\/www.bellunopress.it\/fr\/wp-json\/wp\/v2\/media?parent=146078"}],"wp:term":[{"taxonomy":"category","embeddable":true,"href":"https:\/\/www.bellunopress.it\/fr\/wp-json\/wp\/v2\/categories?post=146078"},{"taxonomy":"post_tag","embeddable":true,"href":"https:\/\/www.bellunopress.it\/fr\/wp-json\/wp\/v2\/tags?post=146078"}],"curies":[{"name":"wp","href":"https:\/\/api.w.org\/{rel}","templated":true}]}}