{"id":146072,"date":"2023-11-21T11:25:57","date_gmt":"2023-11-21T10:25:57","guid":{"rendered":"https:\/\/www.bellunopress.it\/?p=146072"},"modified":"2023-11-21T11:25:57","modified_gmt":"2023-11-21T10:25:57","slug":"femminicidi-istruzione-formazione","status":"publish","type":"post","link":"https:\/\/www.bellunopress.it\/fr\/2023\/11\/21\/femminicidi-istruzione-formazione\/","title":{"rendered":"Femminicidi, istruzione, formazione"},"content":{"rendered":"<p><img loading=\"lazy\" decoding=\"async\" class=\"alignleft size-full wp-image-112601\" src=\"https:\/\/www.bellunopress.it\/wp-content\/uploads\/2020\/03\/lettere-al-direttore-bellunopress.jpg\" alt=\"\" width=\"677\" height=\"454\" srcset=\"https:\/\/www.bellunopress.it\/wp-content\/uploads\/2020\/03\/lettere-al-direttore-bellunopress.jpg 677w, https:\/\/www.bellunopress.it\/wp-content\/uploads\/2020\/03\/lettere-al-direttore-bellunopress-500x335.jpg 500w, https:\/\/www.bellunopress.it\/wp-content\/uploads\/2020\/03\/lettere-al-direttore-bellunopress-626x420.jpg 626w\" sizes=\"auto, (max-width: 677px) 100vw, 677px\" \/>Gentile Direttore,<\/p>\n<p>Negli ultimi tempi, la crescente preoccupazione per i femminicidi ha spinto a riflettere sul ruolo chiave che l&#8217;istruzione e la consapevolezza emotiva possono svolgere nella formazione di cittadini responsabili. La Fondazione Teatri Dolomiti, con la sua esperienza nel campo artistico, potrebbe svolgere un ruolo cruciale nell&#8217;implementazione di queste iniziative. Un approccio artistico, attraverso il quale coinvolgere gli studenti, potrebbe stimolare a potenziare l&#8217;intelligenza emotiva. Studi indicano che molti studenti affrontano momenti di grande stress emotivo durante l&#8217;infanzia e l&#8217;adolescenza, sottolineando l&#8217;importanza di affrontare tali sfide con approcci educativi mirati. L&#8217;introduzione di questi laboratori nelle scuole rappresenterebbe un ulteriore passo avanti nella promozione della crescita personale. Utilizzando il teatro come linguaggio prezioso, questi laboratori fornirebbero uno spazio sicuro per esplorare il mondo interiore degli studenti, facilitando la comunicazione tra la dimensione cognitiva e quella emotiva. Infatti, questo lavoro, non solo svilupperebbe la capacit\u00e0 espressiva dei partecipanti, ma diventerebbe anche un&#8217;opportunit\u00e0 per comunicare, esprimersi e comprendere s\u00e9 stessi e il gruppo classe. Attraverso il coinvolgimento ludico e la guida attenta degli operatori, gli studenti acquisirebbero competenze teatrali preziose che contribuirebbero alla loro crescita personale.<\/p>\n<p>In conclusione, i laboratori, focalizzati sull&#8217;educazione alle emozioni e sul linguaggio teatrale, mirano a creare un ambiente in cui gli studenti si sentano pi\u00f9 sicuri, felici e in grado di integrarsi in diverse situazioni. Riconoscendo che il processo \u00e8 pi\u00f9 importante del prodotto finale, tali iniziative educative promuovono la crescita individuale e collettiva, contribuendo a formare cittadini consapevoli ed empatici. Un passo concreto verso la prevenzione dei femminicidi attraverso la formazione delle generazioni future.<\/p>\n<p>Cordiali saluti,<\/p>\n<p><strong>Prof. Massimo Ferigutti<\/strong><\/p>\n<p>&nbsp;<\/p>\n<p>&nbsp;<\/p>","protected":false},"excerpt":{"rendered":"<p>Gentile Direttore, Negli ultimi tempi, la crescente preoccupazione per i femminicidi ha spinto a riflettere sul ruolo chiave che l&#8217;istruzione e la consapevolezza emotiva possono svolgere nella formazione di cittadini responsabili. La Fondazione Teatri Dolomiti, con la sua esperienza nel campo artistico, potrebbe svolgere un ruolo cruciale nell&#8217;implementazione di queste iniziative. Un approccio artistico, attraverso [&hellip;]<\/p>\n","protected":false},"author":2,"featured_media":112601,"comment_status":"closed","ping_status":"open","sticky":false,"template":"","format":"standard","meta":{"footnotes":""},"categories":[1],"tags":[],"class_list":["post-146072","post","type-post","status-publish","format-standard","has-post-thumbnail","category-leo"],"yoast_head":"<!-- This site is optimized with the Yoast SEO plugin v28.4 - https:\/\/yoast.com\/product\/yoast-seo-wordpress\/ -->\n<title>Femminicidi, istruzione, formazione - Bellunopress - Dolomiti<\/title>\n<meta name=\"robots\" content=\"index, follow, max-snippet:-1, max-image-preview:large, max-video-preview:-1\" \/>\n<link rel=\"canonical\" href=\"https:\/\/www.bellunopress.it\/fr\/2023\/11\/21\/femminicidi-istruzione-formazione\/\" \/>\n<meta property=\"og:locale\" content=\"fr_FR\" \/>\n<meta property=\"og:type\" content=\"article\" \/>\n<meta property=\"og:title\" content=\"Femminicidi, istruzione, formazione - Bellunopress - Dolomiti\" \/>\n<meta property=\"og:description\" content=\"Gentile Direttore, Negli ultimi tempi, la crescente preoccupazione per i femminicidi ha spinto a riflettere sul ruolo chiave che l&#8217;istruzione e la consapevolezza emotiva possono svolgere nella formazione di cittadini responsabili. La Fondazione Teatri Dolomiti, con la sua esperienza nel campo artistico, potrebbe svolgere un ruolo cruciale nell&#8217;implementazione di queste iniziative. Un approccio artistico, attraverso [&hellip;]\" \/>\n<meta property=\"og:url\" content=\"https:\/\/www.bellunopress.it\/fr\/2023\/11\/21\/femminicidi-istruzione-formazione\/\" \/>\n<meta property=\"og:site_name\" content=\"Bellunopress - Dolomiti\" \/>\n<meta property=\"article:publisher\" content=\"https:\/\/www.facebook.com\/profile.php?id=100008943462799\" \/>\n<meta property=\"article:published_time\" content=\"2023-11-21T10:25:57+00:00\" \/>\n<meta property=\"og:image\" content=\"https:\/\/www.bellunopress.it\/wp-content\/uploads\/2020\/03\/lettere-al-direttore-bellunopress.jpg\" \/>\n\t<meta property=\"og:image:width\" content=\"677\" \/>\n\t<meta property=\"og:image:height\" content=\"454\" \/>\n\t<meta property=\"og:image:type\" content=\"image\/jpeg\" \/>\n<meta name=\"author\" content=\"redazione\" \/>\n<meta name=\"twitter:card\" content=\"summary_large_image\" \/>\n<meta name=\"twitter:creator\" content=\"@bellunopress\" \/>\n<meta name=\"twitter:site\" content=\"@bellunopress\" \/>\n<meta name=\"twitter:label1\" content=\"Written by\" \/>\n\t<meta name=\"twitter:data1\" content=\"redazione\" \/>\n\t<meta name=\"twitter:label2\" content=\"Est. reading time\" \/>\n\t<meta name=\"twitter:data2\" content=\"1 minute\" \/>\n<script type=\"application\/ld+json\" class=\"yoast-schema-graph\">{\"@context\":\"https:\\\/\\\/schema.org\",\"@graph\":[{\"@type\":\"Article\",\"@id\":\"https:\\\/\\\/www.bellunopress.it\\\/2023\\\/11\\\/21\\\/femminicidi-istruzione-formazione\\\/#article\",\"isPartOf\":{\"@id\":\"https:\\\/\\\/www.bellunopress.it\\\/2023\\\/11\\\/21\\\/femminicidi-istruzione-formazione\\\/\"},\"author\":{\"name\":\"redazione\",\"@id\":\"https:\\\/\\\/www.bellunopress.it\\\/#\\\/schema\\\/person\\\/79bb06722b37ece1c03d3e94beb30d73\"},\"headline\":\"Femminicidi, istruzione, formazione\",\"datePublished\":\"2023-11-21T10:25:57+00:00\",\"mainEntityOfPage\":{\"@id\":\"https:\\\/\\\/www.bellunopress.it\\\/2023\\\/11\\\/21\\\/femminicidi-istruzione-formazione\\\/\"},\"wordCount\":276,\"publisher\":{\"@id\":\"https:\\\/\\\/www.bellunopress.it\\\/#organization\"},\"image\":{\"@id\":\"https:\\\/\\\/www.bellunopress.it\\\/2023\\\/11\\\/21\\\/femminicidi-istruzione-formazione\\\/#primaryimage\"},\"thumbnailUrl\":\"https:\\\/\\\/www.bellunopress.it\\\/wp-content\\\/uploads\\\/2020\\\/03\\\/lettere-al-direttore-bellunopress.jpg\",\"articleSection\":[\"Lettere Opinioni\"],\"inLanguage\":\"fr-FR\"},{\"@type\":\"WebPage\",\"@id\":\"https:\\\/\\\/www.bellunopress.it\\\/2023\\\/11\\\/21\\\/femminicidi-istruzione-formazione\\\/\",\"url\":\"https:\\\/\\\/www.bellunopress.it\\\/2023\\\/11\\\/21\\\/femminicidi-istruzione-formazione\\\/\",\"name\":\"Femminicidi, istruzione, formazione - Bellunopress - Dolomiti\",\"isPartOf\":{\"@id\":\"https:\\\/\\\/www.bellunopress.it\\\/#website\"},\"primaryImageOfPage\":{\"@id\":\"https:\\\/\\\/www.bellunopress.it\\\/2023\\\/11\\\/21\\\/femminicidi-istruzione-formazione\\\/#primaryimage\"},\"image\":{\"@id\":\"https:\\\/\\\/www.bellunopress.it\\\/2023\\\/11\\\/21\\\/femminicidi-istruzione-formazione\\\/#primaryimage\"},\"thumbnailUrl\":\"https:\\\/\\\/www.bellunopress.it\\\/wp-content\\\/uploads\\\/2020\\\/03\\\/lettere-al-direttore-bellunopress.jpg\",\"datePublished\":\"2023-11-21T10:25:57+00:00\",\"breadcrumb\":{\"@id\":\"https:\\\/\\\/www.bellunopress.it\\\/2023\\\/11\\\/21\\\/femminicidi-istruzione-formazione\\\/#breadcrumb\"},\"inLanguage\":\"fr-FR\",\"potentialAction\":[{\"@type\":\"ReadAction\",\"target\":[\"https:\\\/\\\/www.bellunopress.it\\\/2023\\\/11\\\/21\\\/femminicidi-istruzione-formazione\\\/\"]}]},{\"@type\":\"ImageObject\",\"inLanguage\":\"fr-FR\",\"@id\":\"https:\\\/\\\/www.bellunopress.it\\\/2023\\\/11\\\/21\\\/femminicidi-istruzione-formazione\\\/#primaryimage\",\"url\":\"https:\\\/\\\/www.bellunopress.it\\\/wp-content\\\/uploads\\\/2020\\\/03\\\/lettere-al-direttore-bellunopress.jpg\",\"contentUrl\":\"https:\\\/\\\/www.bellunopress.it\\\/wp-content\\\/uploads\\\/2020\\\/03\\\/lettere-al-direttore-bellunopress.jpg\",\"width\":677,\"height\":454,\"caption\":\"lettera al direttore\"},{\"@type\":\"BreadcrumbList\",\"@id\":\"https:\\\/\\\/www.bellunopress.it\\\/2023\\\/11\\\/21\\\/femminicidi-istruzione-formazione\\\/#breadcrumb\",\"itemListElement\":[{\"@type\":\"ListItem\",\"position\":1,\"name\":\"Home\",\"item\":\"https:\\\/\\\/www.bellunopress.it\\\/\"},{\"@type\":\"ListItem\",\"position\":2,\"name\":\"Femminicidi, istruzione, formazione\"}]},{\"@type\":\"WebSite\",\"@id\":\"https:\\\/\\\/www.bellunopress.it\\\/#website\",\"url\":\"https:\\\/\\\/www.bellunopress.it\\\/\",\"name\":\"Bellunopress - Dolomiti\",\"description\":\"e-mail: redazione@bellunopress.it\",\"publisher\":{\"@id\":\"https:\\\/\\\/www.bellunopress.it\\\/#organization\"},\"potentialAction\":[{\"@type\":\"SearchAction\",\"target\":{\"@type\":\"EntryPoint\",\"urlTemplate\":\"https:\\\/\\\/www.bellunopress.it\\\/?s={search_term_string}\"},\"query-input\":{\"@type\":\"PropertyValueSpecification\",\"valueRequired\":true,\"valueName\":\"search_term_string\"}}],\"inLanguage\":\"fr-FR\"},{\"@type\":\"Organization\",\"@id\":\"https:\\\/\\\/www.bellunopress.it\\\/#organization\",\"name\":\"Bellunopress\",\"url\":\"https:\\\/\\\/www.bellunopress.it\\\/\",\"logo\":{\"@type\":\"ImageObject\",\"inLanguage\":\"fr-FR\",\"@id\":\"https:\\\/\\\/www.bellunopress.it\\\/#\\\/schema\\\/logo\\\/image\\\/\",\"url\":\"https:\\\/\\\/www.bellunopress.it\\\/wp-content\\\/uploads\\\/2011\\\/05\\\/cropped-logo-bellunopress-.jpg\",\"contentUrl\":\"https:\\\/\\\/www.bellunopress.it\\\/wp-content\\\/uploads\\\/2011\\\/05\\\/cropped-logo-bellunopress-.jpg\",\"width\":512,\"height\":512,\"caption\":\"Bellunopress\"},\"image\":{\"@id\":\"https:\\\/\\\/www.bellunopress.it\\\/#\\\/schema\\\/logo\\\/image\\\/\"},\"sameAs\":[\"https:\\\/\\\/www.facebook.com\\\/profile.php?id=100008943462799\",\"https:\\\/\\\/x.com\\\/bellunopress\",\"https:\\\/\\\/www.linkedin.com\\\/hp\\\/?dnr=JBzUWaJfMUw8vbXJJ2tVW5-I3jZKvC4wsoxE&amp;amp;amp;amp;amp;amp;trk=nav_responsive_tab_home\",\"https:\\\/\\\/www.youtube.com\\\/channel\\\/UCxL0wu1uN0_3_7hGG0306cw\"]},{\"@type\":\"Person\",\"@id\":\"https:\\\/\\\/www.bellunopress.it\\\/#\\\/schema\\\/person\\\/79bb06722b37ece1c03d3e94beb30d73\",\"name\":\"redazione\",\"image\":{\"@type\":\"ImageObject\",\"inLanguage\":\"fr-FR\",\"@id\":\"https:\\\/\\\/secure.gravatar.com\\\/avatar\\\/37d968a2e67a6fd04c169c4bdef102d0bc5d31b2546345219e348575eb80e9a0?s=96&d=mm&r=g\",\"url\":\"https:\\\/\\\/secure.gravatar.com\\\/avatar\\\/37d968a2e67a6fd04c169c4bdef102d0bc5d31b2546345219e348575eb80e9a0?s=96&d=mm&r=g\",\"contentUrl\":\"https:\\\/\\\/secure.gravatar.com\\\/avatar\\\/37d968a2e67a6fd04c169c4bdef102d0bc5d31b2546345219e348575eb80e9a0?s=96&d=mm&r=g\",\"caption\":\"redazione\"},\"sameAs\":[\"http:\\\/\\\/www.bellunopress.it\",\"https:\\\/\\\/x.com\\\/bellunopress\"],\"url\":\"https:\\\/\\\/www.bellunopress.it\\\/fr\\\/author\\\/redazione\\\/\"}]}<\/script>\n<!-- \/ Yoast SEO plugin. -->","yoast_head_json":{"title":"Femminicidi, istruzione, formazione - Bellunopress - Dolomiti","robots":{"index":"index","follow":"follow","max-snippet":"max-snippet:-1","max-image-preview":"max-image-preview:large","max-video-preview":"max-video-preview:-1"},"canonical":"https:\/\/www.bellunopress.it\/fr\/2023\/11\/21\/femminicidi-istruzione-formazione\/","og_locale":"fr_FR","og_type":"article","og_title":"Femminicidi, istruzione, formazione - Bellunopress - Dolomiti","og_description":"Gentile Direttore, Negli ultimi tempi, la crescente preoccupazione per i femminicidi ha spinto a riflettere sul ruolo chiave che l&#8217;istruzione e la consapevolezza emotiva possono svolgere nella formazione di cittadini responsabili. La Fondazione Teatri Dolomiti, con la sua esperienza nel campo artistico, potrebbe svolgere un ruolo cruciale nell&#8217;implementazione di queste iniziative. Un approccio artistico, attraverso [&hellip;]","og_url":"https:\/\/www.bellunopress.it\/fr\/2023\/11\/21\/femminicidi-istruzione-formazione\/","og_site_name":"Bellunopress - Dolomiti","article_publisher":"https:\/\/www.facebook.com\/profile.php?id=100008943462799","article_published_time":"2023-11-21T10:25:57+00:00","og_image":[{"width":677,"height":454,"url":"https:\/\/www.bellunopress.it\/wp-content\/uploads\/2020\/03\/lettere-al-direttore-bellunopress.jpg","type":"image\/jpeg"}],"author":"redazione","twitter_card":"summary_large_image","twitter_creator":"@bellunopress","twitter_site":"@bellunopress","twitter_misc":{"Written by":"redazione","Est. reading time":"1 minute"},"schema":{"@context":"https:\/\/schema.org","@graph":[{"@type":"Article","@id":"https:\/\/www.bellunopress.it\/2023\/11\/21\/femminicidi-istruzione-formazione\/#article","isPartOf":{"@id":"https:\/\/www.bellunopress.it\/2023\/11\/21\/femminicidi-istruzione-formazione\/"},"author":{"name":"redazione","@id":"https:\/\/www.bellunopress.it\/#\/schema\/person\/79bb06722b37ece1c03d3e94beb30d73"},"headline":"Femminicidi, istruzione, formazione","datePublished":"2023-11-21T10:25:57+00:00","mainEntityOfPage":{"@id":"https:\/\/www.bellunopress.it\/2023\/11\/21\/femminicidi-istruzione-formazione\/"},"wordCount":276,"publisher":{"@id":"https:\/\/www.bellunopress.it\/#organization"},"image":{"@id":"https:\/\/www.bellunopress.it\/2023\/11\/21\/femminicidi-istruzione-formazione\/#primaryimage"},"thumbnailUrl":"https:\/\/www.bellunopress.it\/wp-content\/uploads\/2020\/03\/lettere-al-direttore-bellunopress.jpg","articleSection":["Lettere Opinioni"],"inLanguage":"fr-FR"},{"@type":"WebPage","@id":"https:\/\/www.bellunopress.it\/2023\/11\/21\/femminicidi-istruzione-formazione\/","url":"https:\/\/www.bellunopress.it\/2023\/11\/21\/femminicidi-istruzione-formazione\/","name":"Femminicidi, istruzione, formazione - Bellunopress - Dolomiti","isPartOf":{"@id":"https:\/\/www.bellunopress.it\/#website"},"primaryImageOfPage":{"@id":"https:\/\/www.bellunopress.it\/2023\/11\/21\/femminicidi-istruzione-formazione\/#primaryimage"},"image":{"@id":"https:\/\/www.bellunopress.it\/2023\/11\/21\/femminicidi-istruzione-formazione\/#primaryimage"},"thumbnailUrl":"https:\/\/www.bellunopress.it\/wp-content\/uploads\/2020\/03\/lettere-al-direttore-bellunopress.jpg","datePublished":"2023-11-21T10:25:57+00:00","breadcrumb":{"@id":"https:\/\/www.bellunopress.it\/2023\/11\/21\/femminicidi-istruzione-formazione\/#breadcrumb"},"inLanguage":"fr-FR","potentialAction":[{"@type":"ReadAction","target":["https:\/\/www.bellunopress.it\/2023\/11\/21\/femminicidi-istruzione-formazione\/"]}]},{"@type":"ImageObject","inLanguage":"fr-FR","@id":"https:\/\/www.bellunopress.it\/2023\/11\/21\/femminicidi-istruzione-formazione\/#primaryimage","url":"https:\/\/www.bellunopress.it\/wp-content\/uploads\/2020\/03\/lettere-al-direttore-bellunopress.jpg","contentUrl":"https:\/\/www.bellunopress.it\/wp-content\/uploads\/2020\/03\/lettere-al-direttore-bellunopress.jpg","width":677,"height":454,"caption":"lettera al direttore"},{"@type":"BreadcrumbList","@id":"https:\/\/www.bellunopress.it\/2023\/11\/21\/femminicidi-istruzione-formazione\/#breadcrumb","itemListElement":[{"@type":"ListItem","position":1,"name":"Home","item":"https:\/\/www.bellunopress.it\/"},{"@type":"ListItem","position":2,"name":"Femminicidi, istruzione, formazione"}]},{"@type":"WebSite","@id":"https:\/\/www.bellunopress.it\/#website","url":"https:\/\/www.bellunopress.it\/","name":"Bellunopress - Dolomiti","description":"e-mail: redazione@bellunopress.it","publisher":{"@id":"https:\/\/www.bellunopress.it\/#organization"},"potentialAction":[{"@type":"SearchAction","target":{"@type":"EntryPoint","urlTemplate":"https:\/\/www.bellunopress.it\/?s={search_term_string}"},"query-input":{"@type":"PropertyValueSpecification","valueRequired":true,"valueName":"search_term_string"}}],"inLanguage":"fr-FR"},{"@type":"Organization","@id":"https:\/\/www.bellunopress.it\/#organization","name":"Bellunopress","url":"https:\/\/www.bellunopress.it\/","logo":{"@type":"ImageObject","inLanguage":"fr-FR","@id":"https:\/\/www.bellunopress.it\/#\/schema\/logo\/image\/","url":"https:\/\/www.bellunopress.it\/wp-content\/uploads\/2011\/05\/cropped-logo-bellunopress-.jpg","contentUrl":"https:\/\/www.bellunopress.it\/wp-content\/uploads\/2011\/05\/cropped-logo-bellunopress-.jpg","width":512,"height":512,"caption":"Bellunopress"},"image":{"@id":"https:\/\/www.bellunopress.it\/#\/schema\/logo\/image\/"},"sameAs":["https:\/\/www.facebook.com\/profile.php?id=100008943462799","https:\/\/x.com\/bellunopress","https:\/\/www.linkedin.com\/hp\/?dnr=JBzUWaJfMUw8vbXJJ2tVW5-I3jZKvC4wsoxE&amp;amp;amp;amp;amp;amp;trk=nav_responsive_tab_home","https:\/\/www.youtube.com\/channel\/UCxL0wu1uN0_3_7hGG0306cw"]},{"@type":"Person","@id":"https:\/\/www.bellunopress.it\/#\/schema\/person\/79bb06722b37ece1c03d3e94beb30d73","name":"r\u00e9daction","image":{"@type":"ImageObject","inLanguage":"fr-FR","@id":"https:\/\/secure.gravatar.com\/avatar\/37d968a2e67a6fd04c169c4bdef102d0bc5d31b2546345219e348575eb80e9a0?s=96&d=mm&r=g","url":"https:\/\/secure.gravatar.com\/avatar\/37d968a2e67a6fd04c169c4bdef102d0bc5d31b2546345219e348575eb80e9a0?s=96&d=mm&r=g","contentUrl":"https:\/\/secure.gravatar.com\/avatar\/37d968a2e67a6fd04c169c4bdef102d0bc5d31b2546345219e348575eb80e9a0?s=96&d=mm&r=g","caption":"redazione"},"sameAs":["http:\/\/www.bellunopress.it","https:\/\/x.com\/bellunopress"],"url":"https:\/\/www.bellunopress.it\/fr\/author\/redazione\/"}]}},"_links":{"self":[{"href":"https:\/\/www.bellunopress.it\/fr\/wp-json\/wp\/v2\/posts\/146072","targetHints":{"allow":["GET"]}}],"collection":[{"href":"https:\/\/www.bellunopress.it\/fr\/wp-json\/wp\/v2\/posts"}],"about":[{"href":"https:\/\/www.bellunopress.it\/fr\/wp-json\/wp\/v2\/types\/post"}],"author":[{"embeddable":true,"href":"https:\/\/www.bellunopress.it\/fr\/wp-json\/wp\/v2\/users\/2"}],"replies":[{"embeddable":true,"href":"https:\/\/www.bellunopress.it\/fr\/wp-json\/wp\/v2\/comments?post=146072"}],"version-history":[{"count":1,"href":"https:\/\/www.bellunopress.it\/fr\/wp-json\/wp\/v2\/posts\/146072\/revisions"}],"predecessor-version":[{"id":146073,"href":"https:\/\/www.bellunopress.it\/fr\/wp-json\/wp\/v2\/posts\/146072\/revisions\/146073"}],"wp:featuredmedia":[{"embeddable":true,"href":"https:\/\/www.bellunopress.it\/fr\/wp-json\/wp\/v2\/media\/112601"}],"wp:attachment":[{"href":"https:\/\/www.bellunopress.it\/fr\/wp-json\/wp\/v2\/media?parent=146072"}],"wp:term":[{"taxonomy":"category","embeddable":true,"href":"https:\/\/www.bellunopress.it\/fr\/wp-json\/wp\/v2\/categories?post=146072"},{"taxonomy":"post_tag","embeddable":true,"href":"https:\/\/www.bellunopress.it\/fr\/wp-json\/wp\/v2\/tags?post=146072"}],"curies":[{"name":"wp","href":"https:\/\/api.w.org\/{rel}","templated":true}]}}