{"id":146069,"date":"2023-11-21T11:22:50","date_gmt":"2023-11-21T10:22:50","guid":{"rendered":"https:\/\/www.bellunopress.it\/?p=146069"},"modified":"2023-11-21T11:22:50","modified_gmt":"2023-11-21T10:22:50","slug":"sport-e-agonismo-se-ne-parla-venerdi-a-santa-giustina-e-a-pedavena","status":"publish","type":"post","link":"https:\/\/www.bellunopress.it\/fr\/2023\/11\/21\/sport-e-agonismo-se-ne-parla-venerdi-a-santa-giustina-e-a-pedavena\/","title":{"rendered":"Sport e agonismo. Se ne parla venerd\u00ec a Santa Giustina e a Pedavena"},"content":{"rendered":"<p><img loading=\"lazy\" decoding=\"async\" class=\"alignleft size-full wp-image-146070\" src=\"https:\/\/www.bellunopress.it\/wp-content\/uploads\/2023\/11\/Ondablu-piscine-santa-giustina-e-pedavena_edited.jpg\" alt=\"\" width=\"1000\" height=\"687\" srcset=\"https:\/\/www.bellunopress.it\/wp-content\/uploads\/2023\/11\/Ondablu-piscine-santa-giustina-e-pedavena_edited.jpg 1000w, https:\/\/www.bellunopress.it\/wp-content\/uploads\/2023\/11\/Ondablu-piscine-santa-giustina-e-pedavena_edited-500x344.jpg 500w, https:\/\/www.bellunopress.it\/wp-content\/uploads\/2023\/11\/Ondablu-piscine-santa-giustina-e-pedavena_edited-218x150.jpg 218w, https:\/\/www.bellunopress.it\/wp-content\/uploads\/2023\/11\/Ondablu-piscine-santa-giustina-e-pedavena_edited-696x478.jpg 696w\" sizes=\"auto, (max-width: 1000px) 100vw, 1000px\" \/>Venerd\u00ec 24 novembre a Santa Giustina e Pedavena si parler\u00e0 di sport e di agonismo in pi\u00f9 appuntamenti dedicati alle scuole, alle societ\u00e0 sportive e alla cittadinanza.<br \/>\nLa societ\u00e0 Ondablu che gestisce le piscine di Santa Giustina e Pedavena, in collaborazione con le due Amministrazioni Comunali, ha organizzato tre incontri di approfondimento sul tema &#8220;Il senso dello sport. Valori, agonismo, inclusione&#8221;.<\/p>\n<p>Il relatore sar\u00e0 il prof. Luca Grion, docente di filosofia morale presso l&#8217;Universit\u00e0 degli studi di Udine, presidente del centro studi Jacques Maritain di Trieste e direttore della SPES Scuola di Politica ed Etica Sociale.<br \/>\nAl mattino Grion incontrer\u00e0 gli alunni delle scuole medie di Pedavena e Santa Giustina mentre la sera alle 20.30 l&#8217;incontro al Centro Culturale di Santa Giustina sar\u00e0 pubblico e rivolto in particolare alle societ\u00e0 sportive.<\/p>\n<p>Per Luca Grion &#8220;bisogna riconoscere che la competizione presuppone la cooperazione, maggiore \u00e8 la capacit\u00e0 di cooperare (anche tra avversari), tanto pi\u00f9 significativa sar\u00e0 la sfida agonistica. Non si tratta quindi, di rinunciare all&#8217; agonismo, ma di metterlo in condizione di servire realmente l&#8217;umano&#8221;.<\/p>\n<p>Ondablu ha aderito nel 2018 alla Carta etica dello Sport della Regione del Veneto ed il tema \u00e8 affrontato dalla dirigenza, dagli allenatori e dai tecnici delle varie squadre della societ\u00e0 che gestisce gli impianti comunali; nel consiglio di ieri, luned\u00ec 20 novembre, il Consiglio Comunale di Santa Giustina ha approvato anch\u2019esso l\u2019adesione alla Carta etica dello sport, quale segno tangibile del riconoscimento del valore educativo e sociale dello sport, oltre che per la salute dei cittadini.<\/p>\n<p>&nbsp;<\/p>","protected":false},"excerpt":{"rendered":"<p>Venerd\u00ec 24 novembre a Santa Giustina e Pedavena si parler\u00e0 di sport e di agonismo in pi\u00f9 appuntamenti dedicati alle scuole, alle societ\u00e0 sportive e alla cittadinanza. La societ\u00e0 Ondablu che gestisce le piscine di Santa Giustina e Pedavena, in collaborazione con le due Amministrazioni Comunali, ha organizzato tre incontri di approfondimento sul tema &#8220;Il [&hellip;]<\/p>\n","protected":false},"author":2,"featured_media":146070,"comment_status":"closed","ping_status":"open","sticky":false,"template":"","format":"standard","meta":{"footnotes":""},"categories":[26,15,4],"tags":[],"class_list":["post-146069","post","type-post","status-publish","format-standard","has-post-thumbnail","category-prima-pagina","category-scuola","category-sport"],"yoast_head":"<!-- This site is optimized with the Yoast SEO plugin v28.4 - https:\/\/yoast.com\/product\/yoast-seo-wordpress\/ -->\n<title>Sport e agonismo. Se ne parla venerd\u00ec a Santa Giustina e a Pedavena - Bellunopress - Dolomiti<\/title>\n<meta name=\"robots\" content=\"index, follow, max-snippet:-1, max-image-preview:large, max-video-preview:-1\" \/>\n<link rel=\"canonical\" href=\"https:\/\/www.bellunopress.it\/fr\/2023\/11\/21\/sport-e-agonismo-se-ne-parla-venerdi-a-santa-giustina-e-a-pedavena\/\" \/>\n<meta property=\"og:locale\" content=\"fr_FR\" \/>\n<meta property=\"og:type\" content=\"article\" \/>\n<meta property=\"og:title\" content=\"Sport e agonismo. Se ne parla venerd\u00ec a Santa Giustina e a Pedavena - Bellunopress - Dolomiti\" \/>\n<meta property=\"og:description\" content=\"Venerd\u00ec 24 novembre a Santa Giustina e Pedavena si parler\u00e0 di sport e di agonismo in pi\u00f9 appuntamenti dedicati alle scuole, alle societ\u00e0 sportive e alla cittadinanza. La societ\u00e0 Ondablu che gestisce le piscine di Santa Giustina e Pedavena, in collaborazione con le due Amministrazioni Comunali, ha organizzato tre incontri di approfondimento sul tema &#8220;Il [&hellip;]\" \/>\n<meta property=\"og:url\" content=\"https:\/\/www.bellunopress.it\/fr\/2023\/11\/21\/sport-e-agonismo-se-ne-parla-venerdi-a-santa-giustina-e-a-pedavena\/\" \/>\n<meta property=\"og:site_name\" content=\"Bellunopress - Dolomiti\" \/>\n<meta property=\"article:publisher\" content=\"https:\/\/www.facebook.com\/profile.php?id=100008943462799\" \/>\n<meta property=\"article:published_time\" content=\"2023-11-21T10:22:50+00:00\" \/>\n<meta property=\"og:image\" content=\"https:\/\/www.bellunopress.it\/wp-content\/uploads\/2023\/11\/Ondablu-piscine-santa-giustina-e-pedavena_edited.jpg\" \/>\n\t<meta property=\"og:image:width\" content=\"1000\" \/>\n\t<meta property=\"og:image:height\" content=\"687\" \/>\n\t<meta property=\"og:image:type\" content=\"image\/jpeg\" \/>\n<meta name=\"author\" content=\"redazione\" \/>\n<meta name=\"twitter:card\" content=\"summary_large_image\" \/>\n<meta name=\"twitter:creator\" content=\"@bellunopress\" \/>\n<meta name=\"twitter:site\" content=\"@bellunopress\" \/>\n<meta name=\"twitter:label1\" content=\"\u00c9crit par\" \/>\n\t<meta name=\"twitter:data1\" content=\"redazione\" \/>\n\t<meta name=\"twitter:label2\" content=\"Dur\u00e9e de lecture estim\u00e9e\" \/>\n\t<meta name=\"twitter:data2\" content=\"1 minute\" \/>\n<script type=\"application\/ld+json\" class=\"yoast-schema-graph\">{\"@context\":\"https:\\\/\\\/schema.org\",\"@graph\":[{\"@type\":\"Article\",\"@id\":\"https:\\\/\\\/www.bellunopress.it\\\/2023\\\/11\\\/21\\\/sport-e-agonismo-se-ne-parla-venerdi-a-santa-giustina-e-a-pedavena\\\/#article\",\"isPartOf\":{\"@id\":\"https:\\\/\\\/www.bellunopress.it\\\/2023\\\/11\\\/21\\\/sport-e-agonismo-se-ne-parla-venerdi-a-santa-giustina-e-a-pedavena\\\/\"},\"author\":{\"name\":\"redazione\",\"@id\":\"https:\\\/\\\/www.bellunopress.it\\\/#\\\/schema\\\/person\\\/79bb06722b37ece1c03d3e94beb30d73\"},\"headline\":\"Sport e agonismo. Se ne parla venerd\u00ec a Santa Giustina e a Pedavena\",\"datePublished\":\"2023-11-21T10:22:50+00:00\",\"mainEntityOfPage\":{\"@id\":\"https:\\\/\\\/www.bellunopress.it\\\/2023\\\/11\\\/21\\\/sport-e-agonismo-se-ne-parla-venerdi-a-santa-giustina-e-a-pedavena\\\/\"},\"wordCount\":265,\"publisher\":{\"@id\":\"https:\\\/\\\/www.bellunopress.it\\\/#organization\"},\"image\":{\"@id\":\"https:\\\/\\\/www.bellunopress.it\\\/2023\\\/11\\\/21\\\/sport-e-agonismo-se-ne-parla-venerdi-a-santa-giustina-e-a-pedavena\\\/#primaryimage\"},\"thumbnailUrl\":\"https:\\\/\\\/www.bellunopress.it\\\/wp-content\\\/uploads\\\/2023\\\/11\\\/Ondablu-piscine-santa-giustina-e-pedavena_edited.jpg\",\"articleSection\":[\"Prima Pagina\",\"Scuola\",\"Sport, tempo libero\"],\"inLanguage\":\"fr-FR\"},{\"@type\":\"WebPage\",\"@id\":\"https:\\\/\\\/www.bellunopress.it\\\/2023\\\/11\\\/21\\\/sport-e-agonismo-se-ne-parla-venerdi-a-santa-giustina-e-a-pedavena\\\/\",\"url\":\"https:\\\/\\\/www.bellunopress.it\\\/2023\\\/11\\\/21\\\/sport-e-agonismo-se-ne-parla-venerdi-a-santa-giustina-e-a-pedavena\\\/\",\"name\":\"Sport e agonismo. Se ne parla venerd\u00ec a Santa Giustina e a Pedavena - Bellunopress - Dolomiti\",\"isPartOf\":{\"@id\":\"https:\\\/\\\/www.bellunopress.it\\\/#website\"},\"primaryImageOfPage\":{\"@id\":\"https:\\\/\\\/www.bellunopress.it\\\/2023\\\/11\\\/21\\\/sport-e-agonismo-se-ne-parla-venerdi-a-santa-giustina-e-a-pedavena\\\/#primaryimage\"},\"image\":{\"@id\":\"https:\\\/\\\/www.bellunopress.it\\\/2023\\\/11\\\/21\\\/sport-e-agonismo-se-ne-parla-venerdi-a-santa-giustina-e-a-pedavena\\\/#primaryimage\"},\"thumbnailUrl\":\"https:\\\/\\\/www.bellunopress.it\\\/wp-content\\\/uploads\\\/2023\\\/11\\\/Ondablu-piscine-santa-giustina-e-pedavena_edited.jpg\",\"datePublished\":\"2023-11-21T10:22:50+00:00\",\"breadcrumb\":{\"@id\":\"https:\\\/\\\/www.bellunopress.it\\\/2023\\\/11\\\/21\\\/sport-e-agonismo-se-ne-parla-venerdi-a-santa-giustina-e-a-pedavena\\\/#breadcrumb\"},\"inLanguage\":\"fr-FR\",\"potentialAction\":[{\"@type\":\"ReadAction\",\"target\":[\"https:\\\/\\\/www.bellunopress.it\\\/2023\\\/11\\\/21\\\/sport-e-agonismo-se-ne-parla-venerdi-a-santa-giustina-e-a-pedavena\\\/\"]}]},{\"@type\":\"ImageObject\",\"inLanguage\":\"fr-FR\",\"@id\":\"https:\\\/\\\/www.bellunopress.it\\\/2023\\\/11\\\/21\\\/sport-e-agonismo-se-ne-parla-venerdi-a-santa-giustina-e-a-pedavena\\\/#primaryimage\",\"url\":\"https:\\\/\\\/www.bellunopress.it\\\/wp-content\\\/uploads\\\/2023\\\/11\\\/Ondablu-piscine-santa-giustina-e-pedavena_edited.jpg\",\"contentUrl\":\"https:\\\/\\\/www.bellunopress.it\\\/wp-content\\\/uploads\\\/2023\\\/11\\\/Ondablu-piscine-santa-giustina-e-pedavena_edited.jpg\",\"width\":1000,\"height\":687},{\"@type\":\"BreadcrumbList\",\"@id\":\"https:\\\/\\\/www.bellunopress.it\\\/2023\\\/11\\\/21\\\/sport-e-agonismo-se-ne-parla-venerdi-a-santa-giustina-e-a-pedavena\\\/#breadcrumb\",\"itemListElement\":[{\"@type\":\"ListItem\",\"position\":1,\"name\":\"Home\",\"item\":\"https:\\\/\\\/www.bellunopress.it\\\/\"},{\"@type\":\"ListItem\",\"position\":2,\"name\":\"Sport e agonismo. Se ne parla venerd\u00ec a Santa Giustina e a Pedavena\"}]},{\"@type\":\"WebSite\",\"@id\":\"https:\\\/\\\/www.bellunopress.it\\\/#website\",\"url\":\"https:\\\/\\\/www.bellunopress.it\\\/\",\"name\":\"Bellunopress - Dolomiti\",\"description\":\"e-mail: redazione@bellunopress.it\",\"publisher\":{\"@id\":\"https:\\\/\\\/www.bellunopress.it\\\/#organization\"},\"potentialAction\":[{\"@type\":\"SearchAction\",\"target\":{\"@type\":\"EntryPoint\",\"urlTemplate\":\"https:\\\/\\\/www.bellunopress.it\\\/?s={search_term_string}\"},\"query-input\":{\"@type\":\"PropertyValueSpecification\",\"valueRequired\":true,\"valueName\":\"search_term_string\"}}],\"inLanguage\":\"fr-FR\"},{\"@type\":\"Organization\",\"@id\":\"https:\\\/\\\/www.bellunopress.it\\\/#organization\",\"name\":\"Bellunopress\",\"url\":\"https:\\\/\\\/www.bellunopress.it\\\/\",\"logo\":{\"@type\":\"ImageObject\",\"inLanguage\":\"fr-FR\",\"@id\":\"https:\\\/\\\/www.bellunopress.it\\\/#\\\/schema\\\/logo\\\/image\\\/\",\"url\":\"https:\\\/\\\/www.bellunopress.it\\\/wp-content\\\/uploads\\\/2011\\\/05\\\/cropped-logo-bellunopress-.jpg\",\"contentUrl\":\"https:\\\/\\\/www.bellunopress.it\\\/wp-content\\\/uploads\\\/2011\\\/05\\\/cropped-logo-bellunopress-.jpg\",\"width\":512,\"height\":512,\"caption\":\"Bellunopress\"},\"image\":{\"@id\":\"https:\\\/\\\/www.bellunopress.it\\\/#\\\/schema\\\/logo\\\/image\\\/\"},\"sameAs\":[\"https:\\\/\\\/www.facebook.com\\\/profile.php?id=100008943462799\",\"https:\\\/\\\/x.com\\\/bellunopress\",\"https:\\\/\\\/www.linkedin.com\\\/hp\\\/?dnr=JBzUWaJfMUw8vbXJJ2tVW5-I3jZKvC4wsoxE&amp;amp;amp;amp;amp;amp;trk=nav_responsive_tab_home\",\"https:\\\/\\\/www.youtube.com\\\/channel\\\/UCxL0wu1uN0_3_7hGG0306cw\"]},{\"@type\":\"Person\",\"@id\":\"https:\\\/\\\/www.bellunopress.it\\\/#\\\/schema\\\/person\\\/79bb06722b37ece1c03d3e94beb30d73\",\"name\":\"redazione\",\"image\":{\"@type\":\"ImageObject\",\"inLanguage\":\"fr-FR\",\"@id\":\"https:\\\/\\\/secure.gravatar.com\\\/avatar\\\/37d968a2e67a6fd04c169c4bdef102d0bc5d31b2546345219e348575eb80e9a0?s=96&d=mm&r=g\",\"url\":\"https:\\\/\\\/secure.gravatar.com\\\/avatar\\\/37d968a2e67a6fd04c169c4bdef102d0bc5d31b2546345219e348575eb80e9a0?s=96&d=mm&r=g\",\"contentUrl\":\"https:\\\/\\\/secure.gravatar.com\\\/avatar\\\/37d968a2e67a6fd04c169c4bdef102d0bc5d31b2546345219e348575eb80e9a0?s=96&d=mm&r=g\",\"caption\":\"redazione\"},\"sameAs\":[\"http:\\\/\\\/www.bellunopress.it\",\"https:\\\/\\\/x.com\\\/bellunopress\"],\"url\":\"https:\\\/\\\/www.bellunopress.it\\\/fr\\\/author\\\/redazione\\\/\"}]}<\/script>\n<!-- \/ Yoast SEO plugin. -->","yoast_head_json":{"title":"Sport e agonismo. Se ne parla venerd\u00ec a Santa Giustina e a Pedavena - Bellunopress - Dolomiti","robots":{"index":"index","follow":"follow","max-snippet":"max-snippet:-1","max-image-preview":"max-image-preview:large","max-video-preview":"max-video-preview:-1"},"canonical":"https:\/\/www.bellunopress.it\/fr\/2023\/11\/21\/sport-e-agonismo-se-ne-parla-venerdi-a-santa-giustina-e-a-pedavena\/","og_locale":"fr_FR","og_type":"article","og_title":"Sport e agonismo. Se ne parla venerd\u00ec a Santa Giustina e a Pedavena - Bellunopress - Dolomiti","og_description":"Venerd\u00ec 24 novembre a Santa Giustina e Pedavena si parler\u00e0 di sport e di agonismo in pi\u00f9 appuntamenti dedicati alle scuole, alle societ\u00e0 sportive e alla cittadinanza. La societ\u00e0 Ondablu che gestisce le piscine di Santa Giustina e Pedavena, in collaborazione con le due Amministrazioni Comunali, ha organizzato tre incontri di approfondimento sul tema &#8220;Il [&hellip;]","og_url":"https:\/\/www.bellunopress.it\/fr\/2023\/11\/21\/sport-e-agonismo-se-ne-parla-venerdi-a-santa-giustina-e-a-pedavena\/","og_site_name":"Bellunopress - Dolomiti","article_publisher":"https:\/\/www.facebook.com\/profile.php?id=100008943462799","article_published_time":"2023-11-21T10:22:50+00:00","og_image":[{"width":1000,"height":687,"url":"https:\/\/www.bellunopress.it\/wp-content\/uploads\/2023\/11\/Ondablu-piscine-santa-giustina-e-pedavena_edited.jpg","type":"image\/jpeg"}],"author":"redazione","twitter_card":"summary_large_image","twitter_creator":"@bellunopress","twitter_site":"@bellunopress","twitter_misc":{"\u00c9crit par":"redazione","Dur\u00e9e de lecture estim\u00e9e":"1 minute"},"schema":{"@context":"https:\/\/schema.org","@graph":[{"@type":"Article","@id":"https:\/\/www.bellunopress.it\/2023\/11\/21\/sport-e-agonismo-se-ne-parla-venerdi-a-santa-giustina-e-a-pedavena\/#article","isPartOf":{"@id":"https:\/\/www.bellunopress.it\/2023\/11\/21\/sport-e-agonismo-se-ne-parla-venerdi-a-santa-giustina-e-a-pedavena\/"},"author":{"name":"redazione","@id":"https:\/\/www.bellunopress.it\/#\/schema\/person\/79bb06722b37ece1c03d3e94beb30d73"},"headline":"Sport e agonismo. Se ne parla venerd\u00ec a Santa Giustina e a Pedavena","datePublished":"2023-11-21T10:22:50+00:00","mainEntityOfPage":{"@id":"https:\/\/www.bellunopress.it\/2023\/11\/21\/sport-e-agonismo-se-ne-parla-venerdi-a-santa-giustina-e-a-pedavena\/"},"wordCount":265,"publisher":{"@id":"https:\/\/www.bellunopress.it\/#organization"},"image":{"@id":"https:\/\/www.bellunopress.it\/2023\/11\/21\/sport-e-agonismo-se-ne-parla-venerdi-a-santa-giustina-e-a-pedavena\/#primaryimage"},"thumbnailUrl":"https:\/\/www.bellunopress.it\/wp-content\/uploads\/2023\/11\/Ondablu-piscine-santa-giustina-e-pedavena_edited.jpg","articleSection":["Prima Pagina","Scuola","Sport, tempo libero"],"inLanguage":"fr-FR"},{"@type":"WebPage","@id":"https:\/\/www.bellunopress.it\/2023\/11\/21\/sport-e-agonismo-se-ne-parla-venerdi-a-santa-giustina-e-a-pedavena\/","url":"https:\/\/www.bellunopress.it\/2023\/11\/21\/sport-e-agonismo-se-ne-parla-venerdi-a-santa-giustina-e-a-pedavena\/","name":"Sport e agonismo. Se ne parla venerd\u00ec a Santa Giustina e a Pedavena - Bellunopress - Dolomiti","isPartOf":{"@id":"https:\/\/www.bellunopress.it\/#website"},"primaryImageOfPage":{"@id":"https:\/\/www.bellunopress.it\/2023\/11\/21\/sport-e-agonismo-se-ne-parla-venerdi-a-santa-giustina-e-a-pedavena\/#primaryimage"},"image":{"@id":"https:\/\/www.bellunopress.it\/2023\/11\/21\/sport-e-agonismo-se-ne-parla-venerdi-a-santa-giustina-e-a-pedavena\/#primaryimage"},"thumbnailUrl":"https:\/\/www.bellunopress.it\/wp-content\/uploads\/2023\/11\/Ondablu-piscine-santa-giustina-e-pedavena_edited.jpg","datePublished":"2023-11-21T10:22:50+00:00","breadcrumb":{"@id":"https:\/\/www.bellunopress.it\/2023\/11\/21\/sport-e-agonismo-se-ne-parla-venerdi-a-santa-giustina-e-a-pedavena\/#breadcrumb"},"inLanguage":"fr-FR","potentialAction":[{"@type":"ReadAction","target":["https:\/\/www.bellunopress.it\/2023\/11\/21\/sport-e-agonismo-se-ne-parla-venerdi-a-santa-giustina-e-a-pedavena\/"]}]},{"@type":"ImageObject","inLanguage":"fr-FR","@id":"https:\/\/www.bellunopress.it\/2023\/11\/21\/sport-e-agonismo-se-ne-parla-venerdi-a-santa-giustina-e-a-pedavena\/#primaryimage","url":"https:\/\/www.bellunopress.it\/wp-content\/uploads\/2023\/11\/Ondablu-piscine-santa-giustina-e-pedavena_edited.jpg","contentUrl":"https:\/\/www.bellunopress.it\/wp-content\/uploads\/2023\/11\/Ondablu-piscine-santa-giustina-e-pedavena_edited.jpg","width":1000,"height":687},{"@type":"BreadcrumbList","@id":"https:\/\/www.bellunopress.it\/2023\/11\/21\/sport-e-agonismo-se-ne-parla-venerdi-a-santa-giustina-e-a-pedavena\/#breadcrumb","itemListElement":[{"@type":"ListItem","position":1,"name":"Home","item":"https:\/\/www.bellunopress.it\/"},{"@type":"ListItem","position":2,"name":"Sport e agonismo. Se ne parla venerd\u00ec a Santa Giustina e a Pedavena"}]},{"@type":"WebSite","@id":"https:\/\/www.bellunopress.it\/#website","url":"https:\/\/www.bellunopress.it\/","name":"Bellunopress - Dolomiti","description":"e-mail: redazione@bellunopress.it","publisher":{"@id":"https:\/\/www.bellunopress.it\/#organization"},"potentialAction":[{"@type":"SearchAction","target":{"@type":"EntryPoint","urlTemplate":"https:\/\/www.bellunopress.it\/?s={search_term_string}"},"query-input":{"@type":"PropertyValueSpecification","valueRequired":true,"valueName":"search_term_string"}}],"inLanguage":"fr-FR"},{"@type":"Organization","@id":"https:\/\/www.bellunopress.it\/#organization","name":"Bellunopress","url":"https:\/\/www.bellunopress.it\/","logo":{"@type":"ImageObject","inLanguage":"fr-FR","@id":"https:\/\/www.bellunopress.it\/#\/schema\/logo\/image\/","url":"https:\/\/www.bellunopress.it\/wp-content\/uploads\/2011\/05\/cropped-logo-bellunopress-.jpg","contentUrl":"https:\/\/www.bellunopress.it\/wp-content\/uploads\/2011\/05\/cropped-logo-bellunopress-.jpg","width":512,"height":512,"caption":"Bellunopress"},"image":{"@id":"https:\/\/www.bellunopress.it\/#\/schema\/logo\/image\/"},"sameAs":["https:\/\/www.facebook.com\/profile.php?id=100008943462799","https:\/\/x.com\/bellunopress","https:\/\/www.linkedin.com\/hp\/?dnr=JBzUWaJfMUw8vbXJJ2tVW5-I3jZKvC4wsoxE&amp;amp;amp;amp;amp;amp;trk=nav_responsive_tab_home","https:\/\/www.youtube.com\/channel\/UCxL0wu1uN0_3_7hGG0306cw"]},{"@type":"Person","@id":"https:\/\/www.bellunopress.it\/#\/schema\/person\/79bb06722b37ece1c03d3e94beb30d73","name":"r\u00e9daction","image":{"@type":"ImageObject","inLanguage":"fr-FR","@id":"https:\/\/secure.gravatar.com\/avatar\/37d968a2e67a6fd04c169c4bdef102d0bc5d31b2546345219e348575eb80e9a0?s=96&d=mm&r=g","url":"https:\/\/secure.gravatar.com\/avatar\/37d968a2e67a6fd04c169c4bdef102d0bc5d31b2546345219e348575eb80e9a0?s=96&d=mm&r=g","contentUrl":"https:\/\/secure.gravatar.com\/avatar\/37d968a2e67a6fd04c169c4bdef102d0bc5d31b2546345219e348575eb80e9a0?s=96&d=mm&r=g","caption":"redazione"},"sameAs":["http:\/\/www.bellunopress.it","https:\/\/x.com\/bellunopress"],"url":"https:\/\/www.bellunopress.it\/fr\/author\/redazione\/"}]}},"_links":{"self":[{"href":"https:\/\/www.bellunopress.it\/fr\/wp-json\/wp\/v2\/posts\/146069","targetHints":{"allow":["GET"]}}],"collection":[{"href":"https:\/\/www.bellunopress.it\/fr\/wp-json\/wp\/v2\/posts"}],"about":[{"href":"https:\/\/www.bellunopress.it\/fr\/wp-json\/wp\/v2\/types\/post"}],"author":[{"embeddable":true,"href":"https:\/\/www.bellunopress.it\/fr\/wp-json\/wp\/v2\/users\/2"}],"replies":[{"embeddable":true,"href":"https:\/\/www.bellunopress.it\/fr\/wp-json\/wp\/v2\/comments?post=146069"}],"version-history":[{"count":1,"href":"https:\/\/www.bellunopress.it\/fr\/wp-json\/wp\/v2\/posts\/146069\/revisions"}],"predecessor-version":[{"id":146071,"href":"https:\/\/www.bellunopress.it\/fr\/wp-json\/wp\/v2\/posts\/146069\/revisions\/146071"}],"wp:featuredmedia":[{"embeddable":true,"href":"https:\/\/www.bellunopress.it\/fr\/wp-json\/wp\/v2\/media\/146070"}],"wp:attachment":[{"href":"https:\/\/www.bellunopress.it\/fr\/wp-json\/wp\/v2\/media?parent=146069"}],"wp:term":[{"taxonomy":"category","embeddable":true,"href":"https:\/\/www.bellunopress.it\/fr\/wp-json\/wp\/v2\/categories?post=146069"},{"taxonomy":"post_tag","embeddable":true,"href":"https:\/\/www.bellunopress.it\/fr\/wp-json\/wp\/v2\/tags?post=146069"}],"curies":[{"name":"wp","href":"https:\/\/api.w.org\/{rel}","templated":true}]}}