{"id":146063,"date":"2023-11-21T07:18:32","date_gmt":"2023-11-21T06:18:32","guid":{"rendered":"https:\/\/www.bellunopress.it\/?p=146063"},"modified":"2023-11-21T07:18:32","modified_gmt":"2023-11-21T06:18:32","slug":"la-pedagogia-per-una-cultura-contro-la-violenza-sulle-donne","status":"publish","type":"post","link":"https:\/\/www.bellunopress.it\/fr\/2023\/11\/21\/la-pedagogia-per-una-cultura-contro-la-violenza-sulle-donne\/","title":{"rendered":"La Pedagogia per una cultura contro la violenza sulle donne"},"content":{"rendered":"<p><img loading=\"lazy\" decoding=\"async\" class=\"alignleft size-full wp-image-146064\" src=\"https:\/\/www.bellunopress.it\/wp-content\/uploads\/2023\/11\/Anpe.jpg\" alt=\"\" width=\"300\" height=\"239\" \/>In questi giorni &#8211; purtroppo a seguito dei recenti fatti di cronaca &#8211; sono tornati alla ribalta i temi riguardanti l&#8217;educazione all&#8217;affettivit\u00e0, tanto che da diverse parti politiche si stanno sollecitando interventi legislativi, mirati a introdurre queste tematiche nella scuola. Ma ancora una volta qualcuno, in primis il Ministro dell&#8217;Istruzione e del Merito, evidenzia la necessit\u00e0 della presenza di psicologi nella scuola.<\/p>\n<p>In qualit\u00e0 di pedagogisti, vogliamo evidenziare come l&#8217;ennesimo appello alla necessit\u00e0 di un sostegno psicologico, indicato quale unica soluzione per l&#8217;incapacit\u00e0 di sostenere le immancabili traversie di una relazione sentimentale, sia l&#8217;espressione di una scarsa consapevolezza di ci\u00f2 che accade, ogni giorno.<\/p>\n<p>Analogamente soffermarsi sul tristissimo epilogo della vita di Giulia, solo perch\u00e9 ampiamente mediatizzato e auspicare altrettanto improbabili pene detentive a vita, indicano l&#8217;approssimazione con la quale alcuni si sentono per ruolo, in dovere di esprimersi.<\/p>\n<p>Appunto per questo ridurre la soluzione di una realt\u00e0 dagli esiti altamente devastanti, qual \u00e8 la violenza sulle donne, ad un mero e spesso sterile intervento psicologico, risulta un esercizio piuttosto inutile, non tanto per le dinamiche che esso implica, che possono condurre certamente ad un esito favorevole, quanto per l&#8217;impossibilit\u00e0 di esercitarlo preventivamente.<\/p>\n<p>Dunque \u00e8 necessario agire in anticipo e per farlo sono fondamentali la Pedagogia, l&#8217;Educazione, la Cultura, proponendo modelli educativi significativi e positivi nella scuola e non solo.<\/p>\n<p>Individuare quale unica soluzione praticabile la violenza, per risolvere le proprie incapacit\u00e0 a vivere una relazione anche in termini affettivi, significa aver assimilato dei parametri di comportamento e di confronto presenti nel contesto e di averli elaborati sulla base di modelli educativi e culturali certamente inadeguati.<\/p>\n<p>Non \u00e8 con una prassi medicalizzante o con gli esiti punitivi che si pu\u00f2 rendere consapevole l&#8217;attuale e la futura composizione sociale della necessit\u00e0 di vivere la dimensione affettiva delle relazioni, sconfessando i modelli stereotipati e mercantilistici ormai endemici.<\/p>\n<p>Per tutto ci\u00f2, come Pedagogisti, ci mettiamo a disposizione delle istituzioni \u2013 in particolare del Ministero dell&#8217;Istruzione e del Merito \u2013 per realizzare il piano relativo all&#8217;educazione alle relazioni, che sta per essere avviato nelle scuole, come annunciato dal Ministro Valditara nel corso di una recente intervista al quotidiano La Repubblica, ma che \u2013 come da lui stesso affermato \u2013 si basa su &#8220;linee guida stilate con psicologi e giuristi&#8221;, ignorando ancora una volta gli specialisti dell&#8217;educazione e della formazione, che peraltro le nostre universit\u00e0 continuano a laureare, forse inutilmente.<\/p>\n<p>Il Consiglio Direttivo Nazionale<\/p>\n<p>Associazione Nazionale dei Pedagogisti Italiani (ANPE) via della Sforzesca 1, Roma &#8211; anpe@anpe.it<\/p>","protected":false},"excerpt":{"rendered":"<p>In questi giorni &#8211; purtroppo a seguito dei recenti fatti di cronaca &#8211; sono tornati alla ribalta i temi riguardanti l&#8217;educazione all&#8217;affettivit\u00e0, tanto che da diverse parti politiche si stanno sollecitando interventi legislativi, mirati a introdurre queste tematiche nella scuola. Ma ancora una volta qualcuno, in primis il Ministro dell&#8217;Istruzione e del Merito, evidenzia la [&hellip;]<\/p>\n","protected":false},"author":2,"featured_media":146064,"comment_status":"closed","ping_status":"open","sticky":false,"template":"","format":"standard","meta":{"footnotes":""},"categories":[26,8],"tags":[],"class_list":["post-146063","post","type-post","status-publish","format-standard","has-post-thumbnail","category-prima-pagina","category-societa-istituzioni"],"yoast_head":"<!-- This site is optimized with the Yoast SEO plugin v28.4 - https:\/\/yoast.com\/product\/yoast-seo-wordpress\/ -->\n<title>La Pedagogia per una cultura contro la violenza sulle donne - Bellunopress - Dolomiti<\/title>\n<meta name=\"robots\" content=\"index, follow, max-snippet:-1, max-image-preview:large, max-video-preview:-1\" \/>\n<link rel=\"canonical\" href=\"https:\/\/www.bellunopress.it\/fr\/2023\/11\/21\/la-pedagogia-per-una-cultura-contro-la-violenza-sulle-donne\/\" \/>\n<meta property=\"og:locale\" content=\"fr_FR\" \/>\n<meta property=\"og:type\" content=\"article\" \/>\n<meta property=\"og:title\" content=\"La Pedagogia per una cultura contro la violenza sulle donne - Bellunopress - Dolomiti\" \/>\n<meta property=\"og:description\" content=\"In questi giorni &#8211; purtroppo a seguito dei recenti fatti di cronaca &#8211; sono tornati alla ribalta i temi riguardanti l&#8217;educazione all&#8217;affettivit\u00e0, tanto che da diverse parti politiche si stanno sollecitando interventi legislativi, mirati a introdurre queste tematiche nella scuola. Ma ancora una volta qualcuno, in primis il Ministro dell&#8217;Istruzione e del Merito, evidenzia la [&hellip;]\" \/>\n<meta property=\"og:url\" content=\"https:\/\/www.bellunopress.it\/fr\/2023\/11\/21\/la-pedagogia-per-una-cultura-contro-la-violenza-sulle-donne\/\" \/>\n<meta property=\"og:site_name\" content=\"Bellunopress - Dolomiti\" \/>\n<meta property=\"article:publisher\" content=\"https:\/\/www.facebook.com\/profile.php?id=100008943462799\" \/>\n<meta property=\"article:published_time\" content=\"2023-11-21T06:18:32+00:00\" \/>\n<meta property=\"og:image\" content=\"https:\/\/www.bellunopress.it\/wp-content\/uploads\/2023\/11\/Anpe.jpg\" \/>\n\t<meta property=\"og:image:width\" content=\"300\" \/>\n\t<meta property=\"og:image:height\" content=\"239\" \/>\n\t<meta property=\"og:image:type\" content=\"image\/jpeg\" \/>\n<meta name=\"author\" content=\"redazione\" \/>\n<meta name=\"twitter:card\" content=\"summary_large_image\" \/>\n<meta name=\"twitter:creator\" content=\"@bellunopress\" \/>\n<meta name=\"twitter:site\" content=\"@bellunopress\" \/>\n<meta name=\"twitter:label1\" content=\"Written by\" \/>\n\t<meta name=\"twitter:data1\" content=\"redazione\" \/>\n\t<meta name=\"twitter:label2\" content=\"Est. reading time\" \/>\n\t<meta name=\"twitter:data2\" content=\"2 minutes\" \/>\n<script type=\"application\/ld+json\" class=\"yoast-schema-graph\">{\"@context\":\"https:\\\/\\\/schema.org\",\"@graph\":[{\"@type\":\"Article\",\"@id\":\"https:\\\/\\\/www.bellunopress.it\\\/2023\\\/11\\\/21\\\/la-pedagogia-per-una-cultura-contro-la-violenza-sulle-donne\\\/#article\",\"isPartOf\":{\"@id\":\"https:\\\/\\\/www.bellunopress.it\\\/2023\\\/11\\\/21\\\/la-pedagogia-per-una-cultura-contro-la-violenza-sulle-donne\\\/\"},\"author\":{\"name\":\"redazione\",\"@id\":\"https:\\\/\\\/www.bellunopress.it\\\/#\\\/schema\\\/person\\\/79bb06722b37ece1c03d3e94beb30d73\"},\"headline\":\"La Pedagogia per una cultura contro la violenza sulle donne\",\"datePublished\":\"2023-11-21T06:18:32+00:00\",\"mainEntityOfPage\":{\"@id\":\"https:\\\/\\\/www.bellunopress.it\\\/2023\\\/11\\\/21\\\/la-pedagogia-per-una-cultura-contro-la-violenza-sulle-donne\\\/\"},\"wordCount\":429,\"publisher\":{\"@id\":\"https:\\\/\\\/www.bellunopress.it\\\/#organization\"},\"image\":{\"@id\":\"https:\\\/\\\/www.bellunopress.it\\\/2023\\\/11\\\/21\\\/la-pedagogia-per-una-cultura-contro-la-violenza-sulle-donne\\\/#primaryimage\"},\"thumbnailUrl\":\"https:\\\/\\\/www.bellunopress.it\\\/wp-content\\\/uploads\\\/2023\\\/11\\\/Anpe.jpg\",\"articleSection\":[\"Prima Pagina\",\"Societ\u00e0, Associazioni, Istituzioni\"],\"inLanguage\":\"fr-FR\"},{\"@type\":\"WebPage\",\"@id\":\"https:\\\/\\\/www.bellunopress.it\\\/2023\\\/11\\\/21\\\/la-pedagogia-per-una-cultura-contro-la-violenza-sulle-donne\\\/\",\"url\":\"https:\\\/\\\/www.bellunopress.it\\\/2023\\\/11\\\/21\\\/la-pedagogia-per-una-cultura-contro-la-violenza-sulle-donne\\\/\",\"name\":\"La Pedagogia per una cultura contro la violenza sulle donne - Bellunopress - Dolomiti\",\"isPartOf\":{\"@id\":\"https:\\\/\\\/www.bellunopress.it\\\/#website\"},\"primaryImageOfPage\":{\"@id\":\"https:\\\/\\\/www.bellunopress.it\\\/2023\\\/11\\\/21\\\/la-pedagogia-per-una-cultura-contro-la-violenza-sulle-donne\\\/#primaryimage\"},\"image\":{\"@id\":\"https:\\\/\\\/www.bellunopress.it\\\/2023\\\/11\\\/21\\\/la-pedagogia-per-una-cultura-contro-la-violenza-sulle-donne\\\/#primaryimage\"},\"thumbnailUrl\":\"https:\\\/\\\/www.bellunopress.it\\\/wp-content\\\/uploads\\\/2023\\\/11\\\/Anpe.jpg\",\"datePublished\":\"2023-11-21T06:18:32+00:00\",\"breadcrumb\":{\"@id\":\"https:\\\/\\\/www.bellunopress.it\\\/2023\\\/11\\\/21\\\/la-pedagogia-per-una-cultura-contro-la-violenza-sulle-donne\\\/#breadcrumb\"},\"inLanguage\":\"fr-FR\",\"potentialAction\":[{\"@type\":\"ReadAction\",\"target\":[\"https:\\\/\\\/www.bellunopress.it\\\/2023\\\/11\\\/21\\\/la-pedagogia-per-una-cultura-contro-la-violenza-sulle-donne\\\/\"]}]},{\"@type\":\"ImageObject\",\"inLanguage\":\"fr-FR\",\"@id\":\"https:\\\/\\\/www.bellunopress.it\\\/2023\\\/11\\\/21\\\/la-pedagogia-per-una-cultura-contro-la-violenza-sulle-donne\\\/#primaryimage\",\"url\":\"https:\\\/\\\/www.bellunopress.it\\\/wp-content\\\/uploads\\\/2023\\\/11\\\/Anpe.jpg\",\"contentUrl\":\"https:\\\/\\\/www.bellunopress.it\\\/wp-content\\\/uploads\\\/2023\\\/11\\\/Anpe.jpg\",\"width\":300,\"height\":239},{\"@type\":\"BreadcrumbList\",\"@id\":\"https:\\\/\\\/www.bellunopress.it\\\/2023\\\/11\\\/21\\\/la-pedagogia-per-una-cultura-contro-la-violenza-sulle-donne\\\/#breadcrumb\",\"itemListElement\":[{\"@type\":\"ListItem\",\"position\":1,\"name\":\"Home\",\"item\":\"https:\\\/\\\/www.bellunopress.it\\\/\"},{\"@type\":\"ListItem\",\"position\":2,\"name\":\"La Pedagogia per una cultura contro la violenza sulle donne\"}]},{\"@type\":\"WebSite\",\"@id\":\"https:\\\/\\\/www.bellunopress.it\\\/#website\",\"url\":\"https:\\\/\\\/www.bellunopress.it\\\/\",\"name\":\"Bellunopress - Dolomiti\",\"description\":\"e-mail: redazione@bellunopress.it\",\"publisher\":{\"@id\":\"https:\\\/\\\/www.bellunopress.it\\\/#organization\"},\"potentialAction\":[{\"@type\":\"SearchAction\",\"target\":{\"@type\":\"EntryPoint\",\"urlTemplate\":\"https:\\\/\\\/www.bellunopress.it\\\/?s={search_term_string}\"},\"query-input\":{\"@type\":\"PropertyValueSpecification\",\"valueRequired\":true,\"valueName\":\"search_term_string\"}}],\"inLanguage\":\"fr-FR\"},{\"@type\":\"Organization\",\"@id\":\"https:\\\/\\\/www.bellunopress.it\\\/#organization\",\"name\":\"Bellunopress\",\"url\":\"https:\\\/\\\/www.bellunopress.it\\\/\",\"logo\":{\"@type\":\"ImageObject\",\"inLanguage\":\"fr-FR\",\"@id\":\"https:\\\/\\\/www.bellunopress.it\\\/#\\\/schema\\\/logo\\\/image\\\/\",\"url\":\"https:\\\/\\\/www.bellunopress.it\\\/wp-content\\\/uploads\\\/2011\\\/05\\\/cropped-logo-bellunopress-.jpg\",\"contentUrl\":\"https:\\\/\\\/www.bellunopress.it\\\/wp-content\\\/uploads\\\/2011\\\/05\\\/cropped-logo-bellunopress-.jpg\",\"width\":512,\"height\":512,\"caption\":\"Bellunopress\"},\"image\":{\"@id\":\"https:\\\/\\\/www.bellunopress.it\\\/#\\\/schema\\\/logo\\\/image\\\/\"},\"sameAs\":[\"https:\\\/\\\/www.facebook.com\\\/profile.php?id=100008943462799\",\"https:\\\/\\\/x.com\\\/bellunopress\",\"https:\\\/\\\/www.linkedin.com\\\/hp\\\/?dnr=JBzUWaJfMUw8vbXJJ2tVW5-I3jZKvC4wsoxE&amp;amp;amp;amp;amp;amp;trk=nav_responsive_tab_home\",\"https:\\\/\\\/www.youtube.com\\\/channel\\\/UCxL0wu1uN0_3_7hGG0306cw\"]},{\"@type\":\"Person\",\"@id\":\"https:\\\/\\\/www.bellunopress.it\\\/#\\\/schema\\\/person\\\/79bb06722b37ece1c03d3e94beb30d73\",\"name\":\"redazione\",\"image\":{\"@type\":\"ImageObject\",\"inLanguage\":\"fr-FR\",\"@id\":\"https:\\\/\\\/secure.gravatar.com\\\/avatar\\\/37d968a2e67a6fd04c169c4bdef102d0bc5d31b2546345219e348575eb80e9a0?s=96&d=mm&r=g\",\"url\":\"https:\\\/\\\/secure.gravatar.com\\\/avatar\\\/37d968a2e67a6fd04c169c4bdef102d0bc5d31b2546345219e348575eb80e9a0?s=96&d=mm&r=g\",\"contentUrl\":\"https:\\\/\\\/secure.gravatar.com\\\/avatar\\\/37d968a2e67a6fd04c169c4bdef102d0bc5d31b2546345219e348575eb80e9a0?s=96&d=mm&r=g\",\"caption\":\"redazione\"},\"sameAs\":[\"http:\\\/\\\/www.bellunopress.it\",\"https:\\\/\\\/x.com\\\/bellunopress\"],\"url\":\"https:\\\/\\\/www.bellunopress.it\\\/fr\\\/author\\\/redazione\\\/\"}]}<\/script>\n<!-- \/ Yoast SEO plugin. -->","yoast_head_json":{"title":"La Pedagogia per una cultura contro la violenza sulle donne - Bellunopress - Dolomiti","robots":{"index":"index","follow":"follow","max-snippet":"max-snippet:-1","max-image-preview":"max-image-preview:large","max-video-preview":"max-video-preview:-1"},"canonical":"https:\/\/www.bellunopress.it\/fr\/2023\/11\/21\/la-pedagogia-per-una-cultura-contro-la-violenza-sulle-donne\/","og_locale":"fr_FR","og_type":"article","og_title":"La Pedagogia per una cultura contro la violenza sulle donne - Bellunopress - Dolomiti","og_description":"In questi giorni &#8211; purtroppo a seguito dei recenti fatti di cronaca &#8211; sono tornati alla ribalta i temi riguardanti l&#8217;educazione all&#8217;affettivit\u00e0, tanto che da diverse parti politiche si stanno sollecitando interventi legislativi, mirati a introdurre queste tematiche nella scuola. Ma ancora una volta qualcuno, in primis il Ministro dell&#8217;Istruzione e del Merito, evidenzia la [&hellip;]","og_url":"https:\/\/www.bellunopress.it\/fr\/2023\/11\/21\/la-pedagogia-per-una-cultura-contro-la-violenza-sulle-donne\/","og_site_name":"Bellunopress - Dolomiti","article_publisher":"https:\/\/www.facebook.com\/profile.php?id=100008943462799","article_published_time":"2023-11-21T06:18:32+00:00","og_image":[{"width":300,"height":239,"url":"https:\/\/www.bellunopress.it\/wp-content\/uploads\/2023\/11\/Anpe.jpg","type":"image\/jpeg"}],"author":"redazione","twitter_card":"summary_large_image","twitter_creator":"@bellunopress","twitter_site":"@bellunopress","twitter_misc":{"Written by":"redazione","Est. reading time":"2 minutes"},"schema":{"@context":"https:\/\/schema.org","@graph":[{"@type":"Article","@id":"https:\/\/www.bellunopress.it\/2023\/11\/21\/la-pedagogia-per-una-cultura-contro-la-violenza-sulle-donne\/#article","isPartOf":{"@id":"https:\/\/www.bellunopress.it\/2023\/11\/21\/la-pedagogia-per-una-cultura-contro-la-violenza-sulle-donne\/"},"author":{"name":"redazione","@id":"https:\/\/www.bellunopress.it\/#\/schema\/person\/79bb06722b37ece1c03d3e94beb30d73"},"headline":"La Pedagogia per una cultura contro la violenza sulle donne","datePublished":"2023-11-21T06:18:32+00:00","mainEntityOfPage":{"@id":"https:\/\/www.bellunopress.it\/2023\/11\/21\/la-pedagogia-per-una-cultura-contro-la-violenza-sulle-donne\/"},"wordCount":429,"publisher":{"@id":"https:\/\/www.bellunopress.it\/#organization"},"image":{"@id":"https:\/\/www.bellunopress.it\/2023\/11\/21\/la-pedagogia-per-una-cultura-contro-la-violenza-sulle-donne\/#primaryimage"},"thumbnailUrl":"https:\/\/www.bellunopress.it\/wp-content\/uploads\/2023\/11\/Anpe.jpg","articleSection":["Prima Pagina","Societ\u00e0, Associazioni, Istituzioni"],"inLanguage":"fr-FR"},{"@type":"WebPage","@id":"https:\/\/www.bellunopress.it\/2023\/11\/21\/la-pedagogia-per-una-cultura-contro-la-violenza-sulle-donne\/","url":"https:\/\/www.bellunopress.it\/2023\/11\/21\/la-pedagogia-per-una-cultura-contro-la-violenza-sulle-donne\/","name":"La Pedagogia per una cultura contro la violenza sulle donne - Bellunopress - Dolomiti","isPartOf":{"@id":"https:\/\/www.bellunopress.it\/#website"},"primaryImageOfPage":{"@id":"https:\/\/www.bellunopress.it\/2023\/11\/21\/la-pedagogia-per-una-cultura-contro-la-violenza-sulle-donne\/#primaryimage"},"image":{"@id":"https:\/\/www.bellunopress.it\/2023\/11\/21\/la-pedagogia-per-una-cultura-contro-la-violenza-sulle-donne\/#primaryimage"},"thumbnailUrl":"https:\/\/www.bellunopress.it\/wp-content\/uploads\/2023\/11\/Anpe.jpg","datePublished":"2023-11-21T06:18:32+00:00","breadcrumb":{"@id":"https:\/\/www.bellunopress.it\/2023\/11\/21\/la-pedagogia-per-una-cultura-contro-la-violenza-sulle-donne\/#breadcrumb"},"inLanguage":"fr-FR","potentialAction":[{"@type":"ReadAction","target":["https:\/\/www.bellunopress.it\/2023\/11\/21\/la-pedagogia-per-una-cultura-contro-la-violenza-sulle-donne\/"]}]},{"@type":"ImageObject","inLanguage":"fr-FR","@id":"https:\/\/www.bellunopress.it\/2023\/11\/21\/la-pedagogia-per-una-cultura-contro-la-violenza-sulle-donne\/#primaryimage","url":"https:\/\/www.bellunopress.it\/wp-content\/uploads\/2023\/11\/Anpe.jpg","contentUrl":"https:\/\/www.bellunopress.it\/wp-content\/uploads\/2023\/11\/Anpe.jpg","width":300,"height":239},{"@type":"BreadcrumbList","@id":"https:\/\/www.bellunopress.it\/2023\/11\/21\/la-pedagogia-per-una-cultura-contro-la-violenza-sulle-donne\/#breadcrumb","itemListElement":[{"@type":"ListItem","position":1,"name":"Home","item":"https:\/\/www.bellunopress.it\/"},{"@type":"ListItem","position":2,"name":"La Pedagogia per una cultura contro la violenza sulle donne"}]},{"@type":"WebSite","@id":"https:\/\/www.bellunopress.it\/#website","url":"https:\/\/www.bellunopress.it\/","name":"Bellunopress - Dolomiti","description":"e-mail: redazione@bellunopress.it","publisher":{"@id":"https:\/\/www.bellunopress.it\/#organization"},"potentialAction":[{"@type":"SearchAction","target":{"@type":"EntryPoint","urlTemplate":"https:\/\/www.bellunopress.it\/?s={search_term_string}"},"query-input":{"@type":"PropertyValueSpecification","valueRequired":true,"valueName":"search_term_string"}}],"inLanguage":"fr-FR"},{"@type":"Organization","@id":"https:\/\/www.bellunopress.it\/#organization","name":"Bellunopress","url":"https:\/\/www.bellunopress.it\/","logo":{"@type":"ImageObject","inLanguage":"fr-FR","@id":"https:\/\/www.bellunopress.it\/#\/schema\/logo\/image\/","url":"https:\/\/www.bellunopress.it\/wp-content\/uploads\/2011\/05\/cropped-logo-bellunopress-.jpg","contentUrl":"https:\/\/www.bellunopress.it\/wp-content\/uploads\/2011\/05\/cropped-logo-bellunopress-.jpg","width":512,"height":512,"caption":"Bellunopress"},"image":{"@id":"https:\/\/www.bellunopress.it\/#\/schema\/logo\/image\/"},"sameAs":["https:\/\/www.facebook.com\/profile.php?id=100008943462799","https:\/\/x.com\/bellunopress","https:\/\/www.linkedin.com\/hp\/?dnr=JBzUWaJfMUw8vbXJJ2tVW5-I3jZKvC4wsoxE&amp;amp;amp;amp;amp;amp;trk=nav_responsive_tab_home","https:\/\/www.youtube.com\/channel\/UCxL0wu1uN0_3_7hGG0306cw"]},{"@type":"Person","@id":"https:\/\/www.bellunopress.it\/#\/schema\/person\/79bb06722b37ece1c03d3e94beb30d73","name":"r\u00e9daction","image":{"@type":"ImageObject","inLanguage":"fr-FR","@id":"https:\/\/secure.gravatar.com\/avatar\/37d968a2e67a6fd04c169c4bdef102d0bc5d31b2546345219e348575eb80e9a0?s=96&d=mm&r=g","url":"https:\/\/secure.gravatar.com\/avatar\/37d968a2e67a6fd04c169c4bdef102d0bc5d31b2546345219e348575eb80e9a0?s=96&d=mm&r=g","contentUrl":"https:\/\/secure.gravatar.com\/avatar\/37d968a2e67a6fd04c169c4bdef102d0bc5d31b2546345219e348575eb80e9a0?s=96&d=mm&r=g","caption":"redazione"},"sameAs":["http:\/\/www.bellunopress.it","https:\/\/x.com\/bellunopress"],"url":"https:\/\/www.bellunopress.it\/fr\/author\/redazione\/"}]}},"_links":{"self":[{"href":"https:\/\/www.bellunopress.it\/fr\/wp-json\/wp\/v2\/posts\/146063","targetHints":{"allow":["GET"]}}],"collection":[{"href":"https:\/\/www.bellunopress.it\/fr\/wp-json\/wp\/v2\/posts"}],"about":[{"href":"https:\/\/www.bellunopress.it\/fr\/wp-json\/wp\/v2\/types\/post"}],"author":[{"embeddable":true,"href":"https:\/\/www.bellunopress.it\/fr\/wp-json\/wp\/v2\/users\/2"}],"replies":[{"embeddable":true,"href":"https:\/\/www.bellunopress.it\/fr\/wp-json\/wp\/v2\/comments?post=146063"}],"version-history":[{"count":1,"href":"https:\/\/www.bellunopress.it\/fr\/wp-json\/wp\/v2\/posts\/146063\/revisions"}],"predecessor-version":[{"id":146065,"href":"https:\/\/www.bellunopress.it\/fr\/wp-json\/wp\/v2\/posts\/146063\/revisions\/146065"}],"wp:featuredmedia":[{"embeddable":true,"href":"https:\/\/www.bellunopress.it\/fr\/wp-json\/wp\/v2\/media\/146064"}],"wp:attachment":[{"href":"https:\/\/www.bellunopress.it\/fr\/wp-json\/wp\/v2\/media?parent=146063"}],"wp:term":[{"taxonomy":"category","embeddable":true,"href":"https:\/\/www.bellunopress.it\/fr\/wp-json\/wp\/v2\/categories?post=146063"},{"taxonomy":"post_tag","embeddable":true,"href":"https:\/\/www.bellunopress.it\/fr\/wp-json\/wp\/v2\/tags?post=146063"}],"curies":[{"name":"wp","href":"https:\/\/api.w.org\/{rel}","templated":true}]}}