{"id":146056,"date":"2023-11-20T18:53:20","date_gmt":"2023-11-20T17:53:20","guid":{"rendered":"https:\/\/www.bellunopress.it\/?p=146056"},"modified":"2023-11-20T18:53:20","modified_gmt":"2023-11-20T17:53:20","slug":"sulla-morte-di-giulia-cecchettin-si-scatena-la-bagarre-politica","status":"publish","type":"post","link":"https:\/\/www.bellunopress.it\/fr\/2023\/11\/20\/sulla-morte-di-giulia-cecchettin-si-scatena-la-bagarre-politica\/","title":{"rendered":"Sulla morte di Giulia Cecchettin si scatena la bagarre politica"},"content":{"rendered":"<figure id=\"attachment_146013\" aria-describedby=\"caption-attachment-146013\" style=\"width: 380px\" class=\"wp-caption alignleft\"><img loading=\"lazy\" decoding=\"async\" class=\"size-full wp-image-146013\" src=\"https:\/\/www.bellunopress.it\/wp-content\/uploads\/2023\/11\/MORTA-GIULIA-CECCHETTIN_edited.jpg\" alt=\"\" width=\"380\" height=\"208\" \/><figcaption id=\"caption-attachment-146013\" class=\"wp-caption-text\">Giulia Cecchettin<\/figcaption><\/figure>\n<p>Dopo quell&#8217;inopportuno &#8220;se colpevole &#8230;carcere a vita&#8221; del vicepremier Matteo Salvini, prosegue la bagarre politica sul femminicidio della povera Giulia Cecchettin, uccisa con oltre 20 coltellate dal suo ex fidanzato Filippo Turetta, descritto dal suo avvocato come &#8220;un ragazzo d&#8217;oro, buono, che tutti descrivono gentile e che non litigava con nessuno&#8221;.<\/p>\n<p>Europa Verde &#8211; Verdi del Veneto ha lanciato una <a href=\"https:\/\/www.change.org\/p\/basta-parole-denigratorie-verso-le-donne-valdegamberi-dimettiti?fbclid=IwAR1zjomcJ6wK1zdHglluuXWdORfLUyaX07Dp8HgbDzI6U-mO68gOiX0kvkw\">petizione on line<\/a> per chiedere le dimissioni del consigliere della Lega Stefano Valdegamberi che ha attaccato pesantemente Elena, la sorella di Giulia Cecchettin, criticando la maglietta che indossava e invitando addirittura la magistratura ad indagare su di lei. Un comportamento ritenuto inqualificabile per un rappresentante delle istituzioni.<\/p>\n<p>Ecco il testo della petizione<\/p>\n<p>Mentre tutta l&#8217;Italia \u00e8 sconvolta dalla morte violenta di Giulia Cecchettin e si stringe attorno ai famigliari colpiti da questo terribile lutto, il consigliere della Regione Veneto, Stefano Valdegamberi, eletto con la lista Zaia, manifesta su Facebook una violenza verbale inaudita nei confronti della sorella di Giulia. Veicola di fatto un messaggio pericolosissimo, che alimenta la fonte socio-culturale della violenza sulle donne.\u00a0Un comportamento inqualificabile per il ruolo istituzionale che ricopre, che non pu\u00f2 pi\u00f9 essere tollerato. La societ\u00e0 e tutte le istituzioni sono chiamate oggi pi\u00f9 che mai a uno sforzo comune che debelli definitivamente la cultura patriarcale e denigratoria nei confronti delle donne.\u00a0Serve un cambio di rotta. I rappresentanti delle Istituzioni sappiano sempre cogliere la sofferenza delle cittadine e dei cittadini, attraverso rispetto ed empatia. Evitando parole che non fanno altre che fomentare quel solco entro cui gli stereotipi di genere si annidano.\u00a0La Regione Veneto sia d&#8217;esempio e chieda immediatamente le dimissioni del Consigliere Regionale Valdegamberi.<\/p>\n<p>Il presidente della Regione Veneto Luca Zaia si \u00e8 gi\u00e0 dissociato dalle dichiarazioni di Valdegamberi. L&#8217;onorevole Alessandro Zan (PD) ha definito &#8220;oltraggioso e delirante&#8221; l&#8217;attacco del leghista Valdegamberi alla sorella della vittima. Il il coportavoce di Europa Verde e deputato di Alleanza Verdi e Sinistra, Angelo Bonelli ha apostrofato &#8220;Valdegamberi \u00e8 semplicemente indecente&#8221;.<\/p>\n<p>Anche la senatrice Barbara Guidolin e l&#8217;onorevole Enrico Cappelletti (M5S) parlano di &#8220;dichiarazioni inopportune e infelici in questo momento di lutto&#8221; del consigliere regionale Stefano Valdegamberi. &#8220;Valdegamberi &#8211; sottolineano i due parlamentari pentastellati &#8211; anzich\u00e9 limitarsi ad esprimere condanna e solidariet\u00e0 alla famiglia Cecchettin, ha formulato affermazioni inopportune e insensibili, sminuendo il dolore e lo sfogo di chi \u00e8 stato vittima di una violenza indicibile. Questo non solo offusca la gravit\u00e0 della situazione, ma rappresenta un mancato rispetto per la sofferenza delle persone coinvolte&#8221;. E concludono &#8220;Chiediamo le immediate dimissioni di Valdegamberi, Zaia verifichi meglio da chi \u00e8 circondato&#8221;.<\/p>\n<p>&nbsp;<\/p>","protected":false},"excerpt":{"rendered":"<p>Dopo quell&#8217;inopportuno &#8220;se colpevole &#8230;carcere a vita&#8221; del vicepremier Matteo Salvini, prosegue la bagarre politica sul femminicidio della povera Giulia Cecchettin, uccisa con oltre 20 coltellate dal suo ex fidanzato Filippo Turetta, descritto dal suo avvocato come &#8220;un ragazzo d&#8217;oro, buono, che tutti descrivono gentile e che non litigava con nessuno&#8221;. Europa Verde &#8211; Verdi [&hellip;]<\/p>\n","protected":false},"author":2,"featured_media":146013,"comment_status":"closed","ping_status":"open","sticky":false,"template":"","format":"standard","meta":{"footnotes":""},"categories":[5,26],"tags":[],"class_list":["post-146056","post","type-post","status-publish","format-standard","has-post-thumbnail","category-cronaca","category-prima-pagina"],"yoast_head":"<!-- This site is optimized with the Yoast SEO plugin v28.4 - https:\/\/yoast.com\/product\/yoast-seo-wordpress\/ -->\n<title>Sulla morte di Giulia Cecchettin si scatena la bagarre politica - Bellunopress - Dolomiti<\/title>\n<meta name=\"robots\" content=\"index, follow, max-snippet:-1, max-image-preview:large, max-video-preview:-1\" \/>\n<link rel=\"canonical\" href=\"https:\/\/www.bellunopress.it\/fr\/2023\/11\/20\/sulla-morte-di-giulia-cecchettin-si-scatena-la-bagarre-politica\/\" \/>\n<meta property=\"og:locale\" content=\"fr_FR\" \/>\n<meta property=\"og:type\" content=\"article\" \/>\n<meta property=\"og:title\" content=\"Sulla morte di Giulia Cecchettin si scatena la bagarre politica - Bellunopress - Dolomiti\" \/>\n<meta property=\"og:description\" content=\"Dopo quell&#8217;inopportuno &#8220;se colpevole &#8230;carcere a vita&#8221; del vicepremier Matteo Salvini, prosegue la bagarre politica sul femminicidio della povera Giulia Cecchettin, uccisa con oltre 20 coltellate dal suo ex fidanzato Filippo Turetta, descritto dal suo avvocato come &#8220;un ragazzo d&#8217;oro, buono, che tutti descrivono gentile e che non litigava con nessuno&#8221;. Europa Verde &#8211; Verdi [&hellip;]\" \/>\n<meta property=\"og:url\" content=\"https:\/\/www.bellunopress.it\/fr\/2023\/11\/20\/sulla-morte-di-giulia-cecchettin-si-scatena-la-bagarre-politica\/\" \/>\n<meta property=\"og:site_name\" content=\"Bellunopress - Dolomiti\" \/>\n<meta property=\"article:publisher\" content=\"https:\/\/www.facebook.com\/profile.php?id=100008943462799\" \/>\n<meta property=\"article:published_time\" content=\"2023-11-20T17:53:20+00:00\" \/>\n<meta property=\"og:image\" content=\"https:\/\/www.bellunopress.it\/wp-content\/uploads\/2023\/11\/MORTA-GIULIA-CECCHETTIN_edited.jpg\" \/>\n\t<meta property=\"og:image:width\" content=\"380\" \/>\n\t<meta property=\"og:image:height\" content=\"208\" \/>\n\t<meta property=\"og:image:type\" content=\"image\/jpeg\" \/>\n<meta name=\"author\" content=\"redazione\" \/>\n<meta name=\"twitter:card\" content=\"summary_large_image\" \/>\n<meta name=\"twitter:creator\" content=\"@bellunopress\" \/>\n<meta name=\"twitter:site\" content=\"@bellunopress\" \/>\n<meta name=\"twitter:label1\" content=\"Written by\" \/>\n\t<meta name=\"twitter:data1\" content=\"redazione\" \/>\n\t<meta name=\"twitter:label2\" content=\"Est. reading time\" \/>\n\t<meta name=\"twitter:data2\" content=\"2 minutes\" \/>\n<script type=\"application\/ld+json\" class=\"yoast-schema-graph\">{\"@context\":\"https:\\\/\\\/schema.org\",\"@graph\":[{\"@type\":\"Article\",\"@id\":\"https:\\\/\\\/www.bellunopress.it\\\/2023\\\/11\\\/20\\\/sulla-morte-di-giulia-cecchettin-si-scatena-la-bagarre-politica\\\/#article\",\"isPartOf\":{\"@id\":\"https:\\\/\\\/www.bellunopress.it\\\/2023\\\/11\\\/20\\\/sulla-morte-di-giulia-cecchettin-si-scatena-la-bagarre-politica\\\/\"},\"author\":{\"name\":\"redazione\",\"@id\":\"https:\\\/\\\/www.bellunopress.it\\\/#\\\/schema\\\/person\\\/79bb06722b37ece1c03d3e94beb30d73\"},\"headline\":\"Sulla morte di Giulia Cecchettin si scatena la bagarre politica\",\"datePublished\":\"2023-11-20T17:53:20+00:00\",\"mainEntityOfPage\":{\"@id\":\"https:\\\/\\\/www.bellunopress.it\\\/2023\\\/11\\\/20\\\/sulla-morte-di-giulia-cecchettin-si-scatena-la-bagarre-politica\\\/\"},\"wordCount\":446,\"publisher\":{\"@id\":\"https:\\\/\\\/www.bellunopress.it\\\/#organization\"},\"image\":{\"@id\":\"https:\\\/\\\/www.bellunopress.it\\\/2023\\\/11\\\/20\\\/sulla-morte-di-giulia-cecchettin-si-scatena-la-bagarre-politica\\\/#primaryimage\"},\"thumbnailUrl\":\"https:\\\/\\\/www.bellunopress.it\\\/wp-content\\\/uploads\\\/2023\\\/11\\\/MORTA-GIULIA-CECCHETTIN_edited.jpg\",\"articleSection\":[\"Cronaca\\\/Politica\",\"Prima Pagina\"],\"inLanguage\":\"fr-FR\"},{\"@type\":\"WebPage\",\"@id\":\"https:\\\/\\\/www.bellunopress.it\\\/2023\\\/11\\\/20\\\/sulla-morte-di-giulia-cecchettin-si-scatena-la-bagarre-politica\\\/\",\"url\":\"https:\\\/\\\/www.bellunopress.it\\\/2023\\\/11\\\/20\\\/sulla-morte-di-giulia-cecchettin-si-scatena-la-bagarre-politica\\\/\",\"name\":\"Sulla morte di Giulia Cecchettin si scatena la bagarre politica - Bellunopress - Dolomiti\",\"isPartOf\":{\"@id\":\"https:\\\/\\\/www.bellunopress.it\\\/#website\"},\"primaryImageOfPage\":{\"@id\":\"https:\\\/\\\/www.bellunopress.it\\\/2023\\\/11\\\/20\\\/sulla-morte-di-giulia-cecchettin-si-scatena-la-bagarre-politica\\\/#primaryimage\"},\"image\":{\"@id\":\"https:\\\/\\\/www.bellunopress.it\\\/2023\\\/11\\\/20\\\/sulla-morte-di-giulia-cecchettin-si-scatena-la-bagarre-politica\\\/#primaryimage\"},\"thumbnailUrl\":\"https:\\\/\\\/www.bellunopress.it\\\/wp-content\\\/uploads\\\/2023\\\/11\\\/MORTA-GIULIA-CECCHETTIN_edited.jpg\",\"datePublished\":\"2023-11-20T17:53:20+00:00\",\"breadcrumb\":{\"@id\":\"https:\\\/\\\/www.bellunopress.it\\\/2023\\\/11\\\/20\\\/sulla-morte-di-giulia-cecchettin-si-scatena-la-bagarre-politica\\\/#breadcrumb\"},\"inLanguage\":\"fr-FR\",\"potentialAction\":[{\"@type\":\"ReadAction\",\"target\":[\"https:\\\/\\\/www.bellunopress.it\\\/2023\\\/11\\\/20\\\/sulla-morte-di-giulia-cecchettin-si-scatena-la-bagarre-politica\\\/\"]}]},{\"@type\":\"ImageObject\",\"inLanguage\":\"fr-FR\",\"@id\":\"https:\\\/\\\/www.bellunopress.it\\\/2023\\\/11\\\/20\\\/sulla-morte-di-giulia-cecchettin-si-scatena-la-bagarre-politica\\\/#primaryimage\",\"url\":\"https:\\\/\\\/www.bellunopress.it\\\/wp-content\\\/uploads\\\/2023\\\/11\\\/MORTA-GIULIA-CECCHETTIN_edited.jpg\",\"contentUrl\":\"https:\\\/\\\/www.bellunopress.it\\\/wp-content\\\/uploads\\\/2023\\\/11\\\/MORTA-GIULIA-CECCHETTIN_edited.jpg\",\"width\":380,\"height\":208,\"caption\":\"Giulia Cecchettin\"},{\"@type\":\"BreadcrumbList\",\"@id\":\"https:\\\/\\\/www.bellunopress.it\\\/2023\\\/11\\\/20\\\/sulla-morte-di-giulia-cecchettin-si-scatena-la-bagarre-politica\\\/#breadcrumb\",\"itemListElement\":[{\"@type\":\"ListItem\",\"position\":1,\"name\":\"Home\",\"item\":\"https:\\\/\\\/www.bellunopress.it\\\/\"},{\"@type\":\"ListItem\",\"position\":2,\"name\":\"Sulla morte di Giulia Cecchettin si scatena la bagarre politica\"}]},{\"@type\":\"WebSite\",\"@id\":\"https:\\\/\\\/www.bellunopress.it\\\/#website\",\"url\":\"https:\\\/\\\/www.bellunopress.it\\\/\",\"name\":\"Bellunopress - Dolomiti\",\"description\":\"e-mail: redazione@bellunopress.it\",\"publisher\":{\"@id\":\"https:\\\/\\\/www.bellunopress.it\\\/#organization\"},\"potentialAction\":[{\"@type\":\"SearchAction\",\"target\":{\"@type\":\"EntryPoint\",\"urlTemplate\":\"https:\\\/\\\/www.bellunopress.it\\\/?s={search_term_string}\"},\"query-input\":{\"@type\":\"PropertyValueSpecification\",\"valueRequired\":true,\"valueName\":\"search_term_string\"}}],\"inLanguage\":\"fr-FR\"},{\"@type\":\"Organization\",\"@id\":\"https:\\\/\\\/www.bellunopress.it\\\/#organization\",\"name\":\"Bellunopress\",\"url\":\"https:\\\/\\\/www.bellunopress.it\\\/\",\"logo\":{\"@type\":\"ImageObject\",\"inLanguage\":\"fr-FR\",\"@id\":\"https:\\\/\\\/www.bellunopress.it\\\/#\\\/schema\\\/logo\\\/image\\\/\",\"url\":\"https:\\\/\\\/www.bellunopress.it\\\/wp-content\\\/uploads\\\/2011\\\/05\\\/cropped-logo-bellunopress-.jpg\",\"contentUrl\":\"https:\\\/\\\/www.bellunopress.it\\\/wp-content\\\/uploads\\\/2011\\\/05\\\/cropped-logo-bellunopress-.jpg\",\"width\":512,\"height\":512,\"caption\":\"Bellunopress\"},\"image\":{\"@id\":\"https:\\\/\\\/www.bellunopress.it\\\/#\\\/schema\\\/logo\\\/image\\\/\"},\"sameAs\":[\"https:\\\/\\\/www.facebook.com\\\/profile.php?id=100008943462799\",\"https:\\\/\\\/x.com\\\/bellunopress\",\"https:\\\/\\\/www.linkedin.com\\\/hp\\\/?dnr=JBzUWaJfMUw8vbXJJ2tVW5-I3jZKvC4wsoxE&amp;amp;amp;amp;amp;amp;trk=nav_responsive_tab_home\",\"https:\\\/\\\/www.youtube.com\\\/channel\\\/UCxL0wu1uN0_3_7hGG0306cw\"]},{\"@type\":\"Person\",\"@id\":\"https:\\\/\\\/www.bellunopress.it\\\/#\\\/schema\\\/person\\\/79bb06722b37ece1c03d3e94beb30d73\",\"name\":\"redazione\",\"image\":{\"@type\":\"ImageObject\",\"inLanguage\":\"fr-FR\",\"@id\":\"https:\\\/\\\/secure.gravatar.com\\\/avatar\\\/37d968a2e67a6fd04c169c4bdef102d0bc5d31b2546345219e348575eb80e9a0?s=96&d=mm&r=g\",\"url\":\"https:\\\/\\\/secure.gravatar.com\\\/avatar\\\/37d968a2e67a6fd04c169c4bdef102d0bc5d31b2546345219e348575eb80e9a0?s=96&d=mm&r=g\",\"contentUrl\":\"https:\\\/\\\/secure.gravatar.com\\\/avatar\\\/37d968a2e67a6fd04c169c4bdef102d0bc5d31b2546345219e348575eb80e9a0?s=96&d=mm&r=g\",\"caption\":\"redazione\"},\"sameAs\":[\"http:\\\/\\\/www.bellunopress.it\",\"https:\\\/\\\/x.com\\\/bellunopress\"],\"url\":\"https:\\\/\\\/www.bellunopress.it\\\/fr\\\/author\\\/redazione\\\/\"}]}<\/script>\n<!-- \/ Yoast SEO plugin. -->","yoast_head_json":{"title":"Sulla morte di Giulia Cecchettin si scatena la bagarre politica - Bellunopress - Dolomiti","robots":{"index":"index","follow":"follow","max-snippet":"max-snippet:-1","max-image-preview":"max-image-preview:large","max-video-preview":"max-video-preview:-1"},"canonical":"https:\/\/www.bellunopress.it\/fr\/2023\/11\/20\/sulla-morte-di-giulia-cecchettin-si-scatena-la-bagarre-politica\/","og_locale":"fr_FR","og_type":"article","og_title":"Sulla morte di Giulia Cecchettin si scatena la bagarre politica - Bellunopress - Dolomiti","og_description":"Dopo quell&#8217;inopportuno &#8220;se colpevole &#8230;carcere a vita&#8221; del vicepremier Matteo Salvini, prosegue la bagarre politica sul femminicidio della povera Giulia Cecchettin, uccisa con oltre 20 coltellate dal suo ex fidanzato Filippo Turetta, descritto dal suo avvocato come &#8220;un ragazzo d&#8217;oro, buono, che tutti descrivono gentile e che non litigava con nessuno&#8221;. Europa Verde &#8211; Verdi [&hellip;]","og_url":"https:\/\/www.bellunopress.it\/fr\/2023\/11\/20\/sulla-morte-di-giulia-cecchettin-si-scatena-la-bagarre-politica\/","og_site_name":"Bellunopress - Dolomiti","article_publisher":"https:\/\/www.facebook.com\/profile.php?id=100008943462799","article_published_time":"2023-11-20T17:53:20+00:00","og_image":[{"width":380,"height":208,"url":"https:\/\/www.bellunopress.it\/wp-content\/uploads\/2023\/11\/MORTA-GIULIA-CECCHETTIN_edited.jpg","type":"image\/jpeg"}],"author":"redazione","twitter_card":"summary_large_image","twitter_creator":"@bellunopress","twitter_site":"@bellunopress","twitter_misc":{"Written by":"redazione","Est. reading time":"2 minutes"},"schema":{"@context":"https:\/\/schema.org","@graph":[{"@type":"Article","@id":"https:\/\/www.bellunopress.it\/2023\/11\/20\/sulla-morte-di-giulia-cecchettin-si-scatena-la-bagarre-politica\/#article","isPartOf":{"@id":"https:\/\/www.bellunopress.it\/2023\/11\/20\/sulla-morte-di-giulia-cecchettin-si-scatena-la-bagarre-politica\/"},"author":{"name":"redazione","@id":"https:\/\/www.bellunopress.it\/#\/schema\/person\/79bb06722b37ece1c03d3e94beb30d73"},"headline":"Sulla morte di Giulia Cecchettin si scatena la bagarre politica","datePublished":"2023-11-20T17:53:20+00:00","mainEntityOfPage":{"@id":"https:\/\/www.bellunopress.it\/2023\/11\/20\/sulla-morte-di-giulia-cecchettin-si-scatena-la-bagarre-politica\/"},"wordCount":446,"publisher":{"@id":"https:\/\/www.bellunopress.it\/#organization"},"image":{"@id":"https:\/\/www.bellunopress.it\/2023\/11\/20\/sulla-morte-di-giulia-cecchettin-si-scatena-la-bagarre-politica\/#primaryimage"},"thumbnailUrl":"https:\/\/www.bellunopress.it\/wp-content\/uploads\/2023\/11\/MORTA-GIULIA-CECCHETTIN_edited.jpg","articleSection":["Cronaca\/Politica","Prima Pagina"],"inLanguage":"fr-FR"},{"@type":"WebPage","@id":"https:\/\/www.bellunopress.it\/2023\/11\/20\/sulla-morte-di-giulia-cecchettin-si-scatena-la-bagarre-politica\/","url":"https:\/\/www.bellunopress.it\/2023\/11\/20\/sulla-morte-di-giulia-cecchettin-si-scatena-la-bagarre-politica\/","name":"Sulla morte di Giulia Cecchettin si scatena la bagarre politica - Bellunopress - Dolomiti","isPartOf":{"@id":"https:\/\/www.bellunopress.it\/#website"},"primaryImageOfPage":{"@id":"https:\/\/www.bellunopress.it\/2023\/11\/20\/sulla-morte-di-giulia-cecchettin-si-scatena-la-bagarre-politica\/#primaryimage"},"image":{"@id":"https:\/\/www.bellunopress.it\/2023\/11\/20\/sulla-morte-di-giulia-cecchettin-si-scatena-la-bagarre-politica\/#primaryimage"},"thumbnailUrl":"https:\/\/www.bellunopress.it\/wp-content\/uploads\/2023\/11\/MORTA-GIULIA-CECCHETTIN_edited.jpg","datePublished":"2023-11-20T17:53:20+00:00","breadcrumb":{"@id":"https:\/\/www.bellunopress.it\/2023\/11\/20\/sulla-morte-di-giulia-cecchettin-si-scatena-la-bagarre-politica\/#breadcrumb"},"inLanguage":"fr-FR","potentialAction":[{"@type":"ReadAction","target":["https:\/\/www.bellunopress.it\/2023\/11\/20\/sulla-morte-di-giulia-cecchettin-si-scatena-la-bagarre-politica\/"]}]},{"@type":"ImageObject","inLanguage":"fr-FR","@id":"https:\/\/www.bellunopress.it\/2023\/11\/20\/sulla-morte-di-giulia-cecchettin-si-scatena-la-bagarre-politica\/#primaryimage","url":"https:\/\/www.bellunopress.it\/wp-content\/uploads\/2023\/11\/MORTA-GIULIA-CECCHETTIN_edited.jpg","contentUrl":"https:\/\/www.bellunopress.it\/wp-content\/uploads\/2023\/11\/MORTA-GIULIA-CECCHETTIN_edited.jpg","width":380,"height":208,"caption":"Giulia Cecchettin"},{"@type":"BreadcrumbList","@id":"https:\/\/www.bellunopress.it\/2023\/11\/20\/sulla-morte-di-giulia-cecchettin-si-scatena-la-bagarre-politica\/#breadcrumb","itemListElement":[{"@type":"ListItem","position":1,"name":"Home","item":"https:\/\/www.bellunopress.it\/"},{"@type":"ListItem","position":2,"name":"Sulla morte di Giulia Cecchettin si scatena la bagarre politica"}]},{"@type":"WebSite","@id":"https:\/\/www.bellunopress.it\/#website","url":"https:\/\/www.bellunopress.it\/","name":"Bellunopress - Dolomiti","description":"e-mail: redazione@bellunopress.it","publisher":{"@id":"https:\/\/www.bellunopress.it\/#organization"},"potentialAction":[{"@type":"SearchAction","target":{"@type":"EntryPoint","urlTemplate":"https:\/\/www.bellunopress.it\/?s={search_term_string}"},"query-input":{"@type":"PropertyValueSpecification","valueRequired":true,"valueName":"search_term_string"}}],"inLanguage":"fr-FR"},{"@type":"Organization","@id":"https:\/\/www.bellunopress.it\/#organization","name":"Bellunopress","url":"https:\/\/www.bellunopress.it\/","logo":{"@type":"ImageObject","inLanguage":"fr-FR","@id":"https:\/\/www.bellunopress.it\/#\/schema\/logo\/image\/","url":"https:\/\/www.bellunopress.it\/wp-content\/uploads\/2011\/05\/cropped-logo-bellunopress-.jpg","contentUrl":"https:\/\/www.bellunopress.it\/wp-content\/uploads\/2011\/05\/cropped-logo-bellunopress-.jpg","width":512,"height":512,"caption":"Bellunopress"},"image":{"@id":"https:\/\/www.bellunopress.it\/#\/schema\/logo\/image\/"},"sameAs":["https:\/\/www.facebook.com\/profile.php?id=100008943462799","https:\/\/x.com\/bellunopress","https:\/\/www.linkedin.com\/hp\/?dnr=JBzUWaJfMUw8vbXJJ2tVW5-I3jZKvC4wsoxE&amp;amp;amp;amp;amp;amp;trk=nav_responsive_tab_home","https:\/\/www.youtube.com\/channel\/UCxL0wu1uN0_3_7hGG0306cw"]},{"@type":"Person","@id":"https:\/\/www.bellunopress.it\/#\/schema\/person\/79bb06722b37ece1c03d3e94beb30d73","name":"r\u00e9daction","image":{"@type":"ImageObject","inLanguage":"fr-FR","@id":"https:\/\/secure.gravatar.com\/avatar\/37d968a2e67a6fd04c169c4bdef102d0bc5d31b2546345219e348575eb80e9a0?s=96&d=mm&r=g","url":"https:\/\/secure.gravatar.com\/avatar\/37d968a2e67a6fd04c169c4bdef102d0bc5d31b2546345219e348575eb80e9a0?s=96&d=mm&r=g","contentUrl":"https:\/\/secure.gravatar.com\/avatar\/37d968a2e67a6fd04c169c4bdef102d0bc5d31b2546345219e348575eb80e9a0?s=96&d=mm&r=g","caption":"redazione"},"sameAs":["http:\/\/www.bellunopress.it","https:\/\/x.com\/bellunopress"],"url":"https:\/\/www.bellunopress.it\/fr\/author\/redazione\/"}]}},"_links":{"self":[{"href":"https:\/\/www.bellunopress.it\/fr\/wp-json\/wp\/v2\/posts\/146056","targetHints":{"allow":["GET"]}}],"collection":[{"href":"https:\/\/www.bellunopress.it\/fr\/wp-json\/wp\/v2\/posts"}],"about":[{"href":"https:\/\/www.bellunopress.it\/fr\/wp-json\/wp\/v2\/types\/post"}],"author":[{"embeddable":true,"href":"https:\/\/www.bellunopress.it\/fr\/wp-json\/wp\/v2\/users\/2"}],"replies":[{"embeddable":true,"href":"https:\/\/www.bellunopress.it\/fr\/wp-json\/wp\/v2\/comments?post=146056"}],"version-history":[{"count":1,"href":"https:\/\/www.bellunopress.it\/fr\/wp-json\/wp\/v2\/posts\/146056\/revisions"}],"predecessor-version":[{"id":146057,"href":"https:\/\/www.bellunopress.it\/fr\/wp-json\/wp\/v2\/posts\/146056\/revisions\/146057"}],"wp:featuredmedia":[{"embeddable":true,"href":"https:\/\/www.bellunopress.it\/fr\/wp-json\/wp\/v2\/media\/146013"}],"wp:attachment":[{"href":"https:\/\/www.bellunopress.it\/fr\/wp-json\/wp\/v2\/media?parent=146056"}],"wp:term":[{"taxonomy":"category","embeddable":true,"href":"https:\/\/www.bellunopress.it\/fr\/wp-json\/wp\/v2\/categories?post=146056"},{"taxonomy":"post_tag","embeddable":true,"href":"https:\/\/www.bellunopress.it\/fr\/wp-json\/wp\/v2\/tags?post=146056"}],"curies":[{"name":"wp","href":"https:\/\/api.w.org\/{rel}","templated":true}]}}