{"id":146044,"date":"2023-11-20T11:05:03","date_gmt":"2023-11-20T10:05:03","guid":{"rendered":"https:\/\/www.bellunopress.it\/?p=146044"},"modified":"2023-11-20T11:05:03","modified_gmt":"2023-11-20T10:05:03","slug":"33-aziende-venete-protagoniste-alla-nuova-fiera-di-levante-mecspe-a-bari-dal-23-al-25-novembre","status":"publish","type":"post","link":"https:\/\/www.bellunopress.it\/fr\/2023\/11\/20\/33-aziende-venete-protagoniste-alla-nuova-fiera-di-levante-mecspe-a-bari-dal-23-al-25-novembre\/","title":{"rendered":"33 aziende venete protagoniste alla Nuova fiera di Levante MECSPE a Bari dal 23 al 25 novembre"},"content":{"rendered":"<p><em><strong><img loading=\"lazy\" decoding=\"async\" class=\"alignleft size-full wp-image-146045\" src=\"https:\/\/www.bellunopress.it\/wp-content\/uploads\/2023\/11\/Fiera-di-Levante-MECSPE-Bari_edited.jpg\" alt=\"\" width=\"1000\" height=\"750\" srcset=\"https:\/\/www.bellunopress.it\/wp-content\/uploads\/2023\/11\/Fiera-di-Levante-MECSPE-Bari_edited.jpg 1000w, https:\/\/www.bellunopress.it\/wp-content\/uploads\/2023\/11\/Fiera-di-Levante-MECSPE-Bari_edited-500x375.jpg 500w, https:\/\/www.bellunopress.it\/wp-content\/uploads\/2023\/11\/Fiera-di-Levante-MECSPE-Bari_edited-696x522.jpg 696w\" sizes=\"auto, (max-width: 1000px) 100vw, 1000px\" \/>Anche la Robotunits Italia srl di Auronzo Di Cadore all&#8217;appuntamento MECSPE di Bari, punto di riferimento per l&#8217;industria manifatturiera<\/strong><\/em><\/p>\n<p>Milano, 20 novembre 2023 \u2013 Sono 33 le aziende della regione Veneto che parteciperanno alla seconda edizione di MECSPE Bari, la principale fiera italiana dedicata all&#8217;industria manifatturiera organizzata da Senaf che si terr\u00e0 dal 23 al 25 novembre 2023 presso la Nuova Fiera del Levante. In particolare, a livello territoriale saranno presenti 16 aziende della provincia di Vicenza, 6 di Treviso, 5 di Verona, 4 di Padova, Umana SPA di Venezia, e Robotunits Italia SRL di Belluno.<\/p>\n<p>Dopo il debutto positivo di MECSPE nel 2019 a Bari e i risultati record dell&#8217;ultima edizione bolognese, con la nuova edizione Focus Mediterraneo si punteranno i riflettori su uno dei settori pi\u00f9 strategici per il nostro Paese. Il comparto manifatturiero, infatti, con le sue quasi 451.500 imprese attive sul territorio nazionale[1], di cui 47.555 in Veneto, rappresenta un asset fondamentale per lo sviluppo del tessuto imprenditoriale e socio-economico del Paese.<\/p>\n<p>Un ecosistema virtuoso, quello promosso da MECSPE, che si svilupper\u00e0 su 20.000 mq di superficie espositiva, con 13 saloni tematici, 500 aziende presenti, oltre 100 convegni e workshop, 11 iniziative speciali. Fondamentale il supporto di istituzioni e associazioni, tra cui Regione Puglia, Comune di Bari, Confindustria Bari BAT, Confimi Meccanica, CNA Produzione, Distretto La Nuova Energia, Distretto Produttivo Informatica, AIDAM, ASCOMUT, Sprintx, TMP.<\/p>\n<p>MECSPE si conferma cos\u00ec una guida fondamentale per i tanti imprenditori che continuano a credere nella crescita e che non smettono di investire per rendere la propria azienda innovativa e orientata al futuro. Sicuramente alcune barriere dovranno essere superate, ma su questo i &#8220;capitani d&#8217;azienda&#8221; sono pronti e stanno gi\u00e0 spingendo l&#8217;acceleratore su temi chiave per tutta l&#8217;industria, tra cui l&#8217;innovazione, la sostenibilit\u00e0 e la formazione. Temi a cui MECSPE ha dedicato la massima attenzione, con esperti che hanno dato vita a numerosi eventi, attivit\u00e0 di networking e attivit\u00e0 dimostrative, finalizzati a illustrare i processi di innovazione e le pratiche virtuose implementati nel settore.<br \/>\nUn percorso per stare al passo con la trasformazione dell&#8217;industria, che non significa solo adottare nuove tecnologie, per quanto importanti, ma creare i presupposti per un vero cambiamento culturale atteso a livello globale.<\/p>\n<p>Per questo la nuova edizione di MECSPE sar\u00e0 pi\u00f9 vicina alle imprese, toccando i grandi temi che oggi stanno avendo e avranno sempre pi\u00f9 un impatto diretto sui piani di sviluppo degli imprenditori, a cominciare dal Cuore Mostra &#8220;Transizione energetica e sostenibilit\u00e0 nell&#8217;industria manifatturiera&#8221;. \u00c8 questa l&#8217;area centrale della fiera che vedr\u00e0 esperti del mercato e delle tecnologie confrontarsi in merito alle sfide del futuro e all&#8217;impatto del comparto sull&#8217;ambiente e sulle comunit\u00e0 di riferimento.<\/p>\n<p>Queste tematiche verranno affrontate anche all&#8217;interno della Piazza dell&#8217;Innovazione, dove si approfondiranno temi come la ricerca e lo sviluppo di materiali e tecnologie innovative per le industrie ad alto livello tecnologico. La Piazza \u00e8 nata dalla collaborazione con il partner tecnico per l&#8217;innovazione CETMA, Centro di Progettazione, Design e Tecnologie dei Materiali.<br \/>\nA mettere in luce le tematiche sostenibili sar\u00e0 anche il Percorso Obiettivo Sostenibilit\u00e0, un&#8217;iniziativa nata per evidenziare e premiare gli espositori che si sono distinti per le loro pratiche aziendali di ESG (criteri ambientali, sociali e di governance).<\/p>\n<p>Altra new entry sar\u00e0 la StartUp Factory, che per la prima volta approder\u00e0 a Bari, dopo il successo dell&#8217;edizione di Bologna, offrendo a startup B2B ad alto contenuto tecnologico opportunit\u00e0 di networking e presentazione a un pubblico di aziende e associazioni proveniente dall&#8217;industria manifatturiera.<br \/>\nL&#8217;attenzione ai giovani talenti proseguir\u00e0 nel contesto della Piazza della Formazione 4.0, organizzata dalla Fondazione ITS A. Cuccovillo e dalle aziende partner e dell&#8217;area dedicata alle attivit\u00e0 formative e dimostrative del Politecnico di Bari.<\/p>\n<p>Uno spazio di incontro che offre nuove opportunit\u00e0 ai giovani e favorisce il contatto tra mondo accademico e aziende e mette gli studenti in relazione diretta con l&#8217;industria.<br \/>\nInoltre, gli studenti che hanno quasi terminato il proprio ciclo di studi potranno mettersi in diretto contatto con le aziende presenti alla ricerca di risorse formate grazie alla sezione MECSPE YOUNG &amp; CAREER.<\/p>\n<p>Tutto questo e molto altro andranno ad animare la tappa barese di MECSPE, che da oltre 20 anni si pone come punto di incontro per favorire lo scambio tecnologico e &#8220;culturale&#8221; per orientare gli imprenditori verso un&#8217;industria sempre pi\u00f9 sostenibile e innovativa, adatta ai giovani e con le persone al centro.<\/p>\n<p>&nbsp;<\/p>\n<p>&nbsp;<\/p>\n","protected":false},"excerpt":{"rendered":"<p>Anche la Robotunits Italia srl di Auronzo Di Cadore all&#8217;appuntamento MECSPE di Bari, punto di riferimento per l&#8217;industria manifatturiera Milano, 20 novembre 2023 \u2013 Sono 33 le aziende della regione Veneto che parteciperanno alla seconda edizione di MECSPE Bari, la principale fiera italiana dedicata all&#8217;industria manifatturiera organizzata da Senaf che si terr\u00e0 dal 23 al [&hellip;]<\/p>\n","protected":false},"author":2,"featured_media":146045,"comment_status":"closed","ping_status":"open","sticky":false,"template":"","format":"standard","meta":{"footnotes":""},"categories":[36],"tags":[],"class_list":["post-146044","post","type-post","status-publish","format-standard","has-post-thumbnail","category-lavoro-economia"],"yoast_head":"<!-- This site is optimized with the Yoast SEO plugin v28.4 - https:\/\/yoast.com\/product\/yoast-seo-wordpress\/ -->\n<title>33 aziende venete protagoniste alla Nuova fiera di Levante MECSPE a Bari dal 23 al 25 novembre - Bellunopress - Dolomiti<\/title>\n<meta name=\"robots\" content=\"index, follow, max-snippet:-1, max-image-preview:large, max-video-preview:-1\" \/>\n<link rel=\"canonical\" href=\"https:\/\/www.bellunopress.it\/fr\/2023\/11\/20\/33-aziende-venete-protagoniste-alla-nuova-fiera-di-levante-mecspe-a-bari-dal-23-al-25-novembre\/\" \/>\n<meta property=\"og:locale\" content=\"fr_FR\" \/>\n<meta property=\"og:type\" content=\"article\" \/>\n<meta property=\"og:title\" content=\"33 aziende venete protagoniste alla Nuova fiera di Levante MECSPE a Bari dal 23 al 25 novembre - Bellunopress - Dolomiti\" \/>\n<meta property=\"og:description\" content=\"Anche la Robotunits Italia srl di Auronzo Di Cadore all&#8217;appuntamento MECSPE di Bari, punto di riferimento per l&#8217;industria manifatturiera Milano, 20 novembre 2023 \u2013 Sono 33 le aziende della regione Veneto che parteciperanno alla seconda edizione di MECSPE Bari, la principale fiera italiana dedicata all&#8217;industria manifatturiera organizzata da Senaf che si terr\u00e0 dal 23 al [&hellip;]\" \/>\n<meta property=\"og:url\" content=\"https:\/\/www.bellunopress.it\/fr\/2023\/11\/20\/33-aziende-venete-protagoniste-alla-nuova-fiera-di-levante-mecspe-a-bari-dal-23-al-25-novembre\/\" \/>\n<meta property=\"og:site_name\" content=\"Bellunopress - Dolomiti\" \/>\n<meta property=\"article:publisher\" content=\"https:\/\/www.facebook.com\/profile.php?id=100008943462799\" \/>\n<meta property=\"article:published_time\" content=\"2023-11-20T10:05:03+00:00\" \/>\n<meta property=\"og:image\" content=\"https:\/\/www.bellunopress.it\/wp-content\/uploads\/2023\/11\/Fiera-di-Levante-MECSPE-Bari_edited.jpg\" \/>\n\t<meta property=\"og:image:width\" content=\"1000\" \/>\n\t<meta property=\"og:image:height\" content=\"750\" \/>\n\t<meta property=\"og:image:type\" content=\"image\/jpeg\" \/>\n<meta name=\"author\" content=\"redazione\" \/>\n<meta name=\"twitter:card\" content=\"summary_large_image\" \/>\n<meta name=\"twitter:creator\" content=\"@bellunopress\" \/>\n<meta name=\"twitter:site\" content=\"@bellunopress\" \/>\n<meta name=\"twitter:label1\" content=\"Written by\" \/>\n\t<meta name=\"twitter:data1\" content=\"redazione\" \/>\n\t<meta name=\"twitter:label2\" content=\"Est. reading time\" \/>\n\t<meta name=\"twitter:data2\" content=\"4 minutes\" \/>\n<script type=\"application\/ld+json\" class=\"yoast-schema-graph\">{\"@context\":\"https:\\\/\\\/schema.org\",\"@graph\":[{\"@type\":\"Article\",\"@id\":\"https:\\\/\\\/www.bellunopress.it\\\/2023\\\/11\\\/20\\\/33-aziende-venete-protagoniste-alla-nuova-fiera-di-levante-mecspe-a-bari-dal-23-al-25-novembre\\\/#article\",\"isPartOf\":{\"@id\":\"https:\\\/\\\/www.bellunopress.it\\\/2023\\\/11\\\/20\\\/33-aziende-venete-protagoniste-alla-nuova-fiera-di-levante-mecspe-a-bari-dal-23-al-25-novembre\\\/\"},\"author\":{\"name\":\"redazione\",\"@id\":\"https:\\\/\\\/www.bellunopress.it\\\/#\\\/schema\\\/person\\\/79bb06722b37ece1c03d3e94beb30d73\"},\"headline\":\"33 aziende venete protagoniste alla Nuova fiera di Levante MECSPE a Bari dal 23 al 25 novembre\",\"datePublished\":\"2023-11-20T10:05:03+00:00\",\"mainEntityOfPage\":{\"@id\":\"https:\\\/\\\/www.bellunopress.it\\\/2023\\\/11\\\/20\\\/33-aziende-venete-protagoniste-alla-nuova-fiera-di-levante-mecspe-a-bari-dal-23-al-25-novembre\\\/\"},\"wordCount\":738,\"publisher\":{\"@id\":\"https:\\\/\\\/www.bellunopress.it\\\/#organization\"},\"image\":{\"@id\":\"https:\\\/\\\/www.bellunopress.it\\\/2023\\\/11\\\/20\\\/33-aziende-venete-protagoniste-alla-nuova-fiera-di-levante-mecspe-a-bari-dal-23-al-25-novembre\\\/#primaryimage\"},\"thumbnailUrl\":\"https:\\\/\\\/www.bellunopress.it\\\/wp-content\\\/uploads\\\/2023\\\/11\\\/Fiera-di-Levante-MECSPE-Bari_edited.jpg\",\"articleSection\":[\"Lavoro, Economia, Turismo\"],\"inLanguage\":\"fr-FR\"},{\"@type\":\"WebPage\",\"@id\":\"https:\\\/\\\/www.bellunopress.it\\\/2023\\\/11\\\/20\\\/33-aziende-venete-protagoniste-alla-nuova-fiera-di-levante-mecspe-a-bari-dal-23-al-25-novembre\\\/\",\"url\":\"https:\\\/\\\/www.bellunopress.it\\\/2023\\\/11\\\/20\\\/33-aziende-venete-protagoniste-alla-nuova-fiera-di-levante-mecspe-a-bari-dal-23-al-25-novembre\\\/\",\"name\":\"33 aziende venete protagoniste alla Nuova fiera di Levante MECSPE a Bari dal 23 al 25 novembre - Bellunopress - Dolomiti\",\"isPartOf\":{\"@id\":\"https:\\\/\\\/www.bellunopress.it\\\/#website\"},\"primaryImageOfPage\":{\"@id\":\"https:\\\/\\\/www.bellunopress.it\\\/2023\\\/11\\\/20\\\/33-aziende-venete-protagoniste-alla-nuova-fiera-di-levante-mecspe-a-bari-dal-23-al-25-novembre\\\/#primaryimage\"},\"image\":{\"@id\":\"https:\\\/\\\/www.bellunopress.it\\\/2023\\\/11\\\/20\\\/33-aziende-venete-protagoniste-alla-nuova-fiera-di-levante-mecspe-a-bari-dal-23-al-25-novembre\\\/#primaryimage\"},\"thumbnailUrl\":\"https:\\\/\\\/www.bellunopress.it\\\/wp-content\\\/uploads\\\/2023\\\/11\\\/Fiera-di-Levante-MECSPE-Bari_edited.jpg\",\"datePublished\":\"2023-11-20T10:05:03+00:00\",\"breadcrumb\":{\"@id\":\"https:\\\/\\\/www.bellunopress.it\\\/2023\\\/11\\\/20\\\/33-aziende-venete-protagoniste-alla-nuova-fiera-di-levante-mecspe-a-bari-dal-23-al-25-novembre\\\/#breadcrumb\"},\"inLanguage\":\"fr-FR\",\"potentialAction\":[{\"@type\":\"ReadAction\",\"target\":[\"https:\\\/\\\/www.bellunopress.it\\\/2023\\\/11\\\/20\\\/33-aziende-venete-protagoniste-alla-nuova-fiera-di-levante-mecspe-a-bari-dal-23-al-25-novembre\\\/\"]}]},{\"@type\":\"ImageObject\",\"inLanguage\":\"fr-FR\",\"@id\":\"https:\\\/\\\/www.bellunopress.it\\\/2023\\\/11\\\/20\\\/33-aziende-venete-protagoniste-alla-nuova-fiera-di-levante-mecspe-a-bari-dal-23-al-25-novembre\\\/#primaryimage\",\"url\":\"https:\\\/\\\/www.bellunopress.it\\\/wp-content\\\/uploads\\\/2023\\\/11\\\/Fiera-di-Levante-MECSPE-Bari_edited.jpg\",\"contentUrl\":\"https:\\\/\\\/www.bellunopress.it\\\/wp-content\\\/uploads\\\/2023\\\/11\\\/Fiera-di-Levante-MECSPE-Bari_edited.jpg\",\"width\":1000,\"height\":750},{\"@type\":\"BreadcrumbList\",\"@id\":\"https:\\\/\\\/www.bellunopress.it\\\/2023\\\/11\\\/20\\\/33-aziende-venete-protagoniste-alla-nuova-fiera-di-levante-mecspe-a-bari-dal-23-al-25-novembre\\\/#breadcrumb\",\"itemListElement\":[{\"@type\":\"ListItem\",\"position\":1,\"name\":\"Home\",\"item\":\"https:\\\/\\\/www.bellunopress.it\\\/\"},{\"@type\":\"ListItem\",\"position\":2,\"name\":\"33 aziende venete protagoniste alla Nuova fiera di Levante MECSPE a Bari dal 23 al 25 novembre\"}]},{\"@type\":\"WebSite\",\"@id\":\"https:\\\/\\\/www.bellunopress.it\\\/#website\",\"url\":\"https:\\\/\\\/www.bellunopress.it\\\/\",\"name\":\"Bellunopress - Dolomiti\",\"description\":\"e-mail: redazione@bellunopress.it\",\"publisher\":{\"@id\":\"https:\\\/\\\/www.bellunopress.it\\\/#organization\"},\"potentialAction\":[{\"@type\":\"SearchAction\",\"target\":{\"@type\":\"EntryPoint\",\"urlTemplate\":\"https:\\\/\\\/www.bellunopress.it\\\/?s={search_term_string}\"},\"query-input\":{\"@type\":\"PropertyValueSpecification\",\"valueRequired\":true,\"valueName\":\"search_term_string\"}}],\"inLanguage\":\"fr-FR\"},{\"@type\":\"Organization\",\"@id\":\"https:\\\/\\\/www.bellunopress.it\\\/#organization\",\"name\":\"Bellunopress\",\"url\":\"https:\\\/\\\/www.bellunopress.it\\\/\",\"logo\":{\"@type\":\"ImageObject\",\"inLanguage\":\"fr-FR\",\"@id\":\"https:\\\/\\\/www.bellunopress.it\\\/#\\\/schema\\\/logo\\\/image\\\/\",\"url\":\"https:\\\/\\\/www.bellunopress.it\\\/wp-content\\\/uploads\\\/2011\\\/05\\\/cropped-logo-bellunopress-.jpg\",\"contentUrl\":\"https:\\\/\\\/www.bellunopress.it\\\/wp-content\\\/uploads\\\/2011\\\/05\\\/cropped-logo-bellunopress-.jpg\",\"width\":512,\"height\":512,\"caption\":\"Bellunopress\"},\"image\":{\"@id\":\"https:\\\/\\\/www.bellunopress.it\\\/#\\\/schema\\\/logo\\\/image\\\/\"},\"sameAs\":[\"https:\\\/\\\/www.facebook.com\\\/profile.php?id=100008943462799\",\"https:\\\/\\\/x.com\\\/bellunopress\",\"https:\\\/\\\/www.linkedin.com\\\/hp\\\/?dnr=JBzUWaJfMUw8vbXJJ2tVW5-I3jZKvC4wsoxE&amp;amp;amp;amp;amp;amp;trk=nav_responsive_tab_home\",\"https:\\\/\\\/www.youtube.com\\\/channel\\\/UCxL0wu1uN0_3_7hGG0306cw\"]},{\"@type\":\"Person\",\"@id\":\"https:\\\/\\\/www.bellunopress.it\\\/#\\\/schema\\\/person\\\/79bb06722b37ece1c03d3e94beb30d73\",\"name\":\"redazione\",\"image\":{\"@type\":\"ImageObject\",\"inLanguage\":\"fr-FR\",\"@id\":\"https:\\\/\\\/secure.gravatar.com\\\/avatar\\\/37d968a2e67a6fd04c169c4bdef102d0bc5d31b2546345219e348575eb80e9a0?s=96&d=mm&r=g\",\"url\":\"https:\\\/\\\/secure.gravatar.com\\\/avatar\\\/37d968a2e67a6fd04c169c4bdef102d0bc5d31b2546345219e348575eb80e9a0?s=96&d=mm&r=g\",\"contentUrl\":\"https:\\\/\\\/secure.gravatar.com\\\/avatar\\\/37d968a2e67a6fd04c169c4bdef102d0bc5d31b2546345219e348575eb80e9a0?s=96&d=mm&r=g\",\"caption\":\"redazione\"},\"sameAs\":[\"http:\\\/\\\/www.bellunopress.it\",\"https:\\\/\\\/x.com\\\/bellunopress\"],\"url\":\"https:\\\/\\\/www.bellunopress.it\\\/fr\\\/author\\\/redazione\\\/\"}]}<\/script>\n<!-- \/ Yoast SEO plugin. -->","yoast_head_json":{"title":"33 aziende venete protagoniste alla Nuova fiera di Levante MECSPE a Bari dal 23 al 25 novembre - Bellunopress - Dolomiti","robots":{"index":"index","follow":"follow","max-snippet":"max-snippet:-1","max-image-preview":"max-image-preview:large","max-video-preview":"max-video-preview:-1"},"canonical":"https:\/\/www.bellunopress.it\/fr\/2023\/11\/20\/33-aziende-venete-protagoniste-alla-nuova-fiera-di-levante-mecspe-a-bari-dal-23-al-25-novembre\/","og_locale":"fr_FR","og_type":"article","og_title":"33 aziende venete protagoniste alla Nuova fiera di Levante MECSPE a Bari dal 23 al 25 novembre - Bellunopress - Dolomiti","og_description":"Anche la Robotunits Italia srl di Auronzo Di Cadore all&#8217;appuntamento MECSPE di Bari, punto di riferimento per l&#8217;industria manifatturiera Milano, 20 novembre 2023 \u2013 Sono 33 le aziende della regione Veneto che parteciperanno alla seconda edizione di MECSPE Bari, la principale fiera italiana dedicata all&#8217;industria manifatturiera organizzata da Senaf che si terr\u00e0 dal 23 al [&hellip;]","og_url":"https:\/\/www.bellunopress.it\/fr\/2023\/11\/20\/33-aziende-venete-protagoniste-alla-nuova-fiera-di-levante-mecspe-a-bari-dal-23-al-25-novembre\/","og_site_name":"Bellunopress - Dolomiti","article_publisher":"https:\/\/www.facebook.com\/profile.php?id=100008943462799","article_published_time":"2023-11-20T10:05:03+00:00","og_image":[{"width":1000,"height":750,"url":"https:\/\/www.bellunopress.it\/wp-content\/uploads\/2023\/11\/Fiera-di-Levante-MECSPE-Bari_edited.jpg","type":"image\/jpeg"}],"author":"redazione","twitter_card":"summary_large_image","twitter_creator":"@bellunopress","twitter_site":"@bellunopress","twitter_misc":{"Written by":"redazione","Est. reading time":"4 minutes"},"schema":{"@context":"https:\/\/schema.org","@graph":[{"@type":"Article","@id":"https:\/\/www.bellunopress.it\/2023\/11\/20\/33-aziende-venete-protagoniste-alla-nuova-fiera-di-levante-mecspe-a-bari-dal-23-al-25-novembre\/#article","isPartOf":{"@id":"https:\/\/www.bellunopress.it\/2023\/11\/20\/33-aziende-venete-protagoniste-alla-nuova-fiera-di-levante-mecspe-a-bari-dal-23-al-25-novembre\/"},"author":{"name":"redazione","@id":"https:\/\/www.bellunopress.it\/#\/schema\/person\/79bb06722b37ece1c03d3e94beb30d73"},"headline":"33 aziende venete protagoniste alla Nuova fiera di Levante MECSPE a Bari dal 23 al 25 novembre","datePublished":"2023-11-20T10:05:03+00:00","mainEntityOfPage":{"@id":"https:\/\/www.bellunopress.it\/2023\/11\/20\/33-aziende-venete-protagoniste-alla-nuova-fiera-di-levante-mecspe-a-bari-dal-23-al-25-novembre\/"},"wordCount":738,"publisher":{"@id":"https:\/\/www.bellunopress.it\/#organization"},"image":{"@id":"https:\/\/www.bellunopress.it\/2023\/11\/20\/33-aziende-venete-protagoniste-alla-nuova-fiera-di-levante-mecspe-a-bari-dal-23-al-25-novembre\/#primaryimage"},"thumbnailUrl":"https:\/\/www.bellunopress.it\/wp-content\/uploads\/2023\/11\/Fiera-di-Levante-MECSPE-Bari_edited.jpg","articleSection":["Lavoro, Economia, Turismo"],"inLanguage":"fr-FR"},{"@type":"WebPage","@id":"https:\/\/www.bellunopress.it\/2023\/11\/20\/33-aziende-venete-protagoniste-alla-nuova-fiera-di-levante-mecspe-a-bari-dal-23-al-25-novembre\/","url":"https:\/\/www.bellunopress.it\/2023\/11\/20\/33-aziende-venete-protagoniste-alla-nuova-fiera-di-levante-mecspe-a-bari-dal-23-al-25-novembre\/","name":"33 aziende venete protagoniste alla Nuova fiera di Levante MECSPE a Bari dal 23 al 25 novembre - Bellunopress - Dolomiti","isPartOf":{"@id":"https:\/\/www.bellunopress.it\/#website"},"primaryImageOfPage":{"@id":"https:\/\/www.bellunopress.it\/2023\/11\/20\/33-aziende-venete-protagoniste-alla-nuova-fiera-di-levante-mecspe-a-bari-dal-23-al-25-novembre\/#primaryimage"},"image":{"@id":"https:\/\/www.bellunopress.it\/2023\/11\/20\/33-aziende-venete-protagoniste-alla-nuova-fiera-di-levante-mecspe-a-bari-dal-23-al-25-novembre\/#primaryimage"},"thumbnailUrl":"https:\/\/www.bellunopress.it\/wp-content\/uploads\/2023\/11\/Fiera-di-Levante-MECSPE-Bari_edited.jpg","datePublished":"2023-11-20T10:05:03+00:00","breadcrumb":{"@id":"https:\/\/www.bellunopress.it\/2023\/11\/20\/33-aziende-venete-protagoniste-alla-nuova-fiera-di-levante-mecspe-a-bari-dal-23-al-25-novembre\/#breadcrumb"},"inLanguage":"fr-FR","potentialAction":[{"@type":"ReadAction","target":["https:\/\/www.bellunopress.it\/2023\/11\/20\/33-aziende-venete-protagoniste-alla-nuova-fiera-di-levante-mecspe-a-bari-dal-23-al-25-novembre\/"]}]},{"@type":"ImageObject","inLanguage":"fr-FR","@id":"https:\/\/www.bellunopress.it\/2023\/11\/20\/33-aziende-venete-protagoniste-alla-nuova-fiera-di-levante-mecspe-a-bari-dal-23-al-25-novembre\/#primaryimage","url":"https:\/\/www.bellunopress.it\/wp-content\/uploads\/2023\/11\/Fiera-di-Levante-MECSPE-Bari_edited.jpg","contentUrl":"https:\/\/www.bellunopress.it\/wp-content\/uploads\/2023\/11\/Fiera-di-Levante-MECSPE-Bari_edited.jpg","width":1000,"height":750},{"@type":"BreadcrumbList","@id":"https:\/\/www.bellunopress.it\/2023\/11\/20\/33-aziende-venete-protagoniste-alla-nuova-fiera-di-levante-mecspe-a-bari-dal-23-al-25-novembre\/#breadcrumb","itemListElement":[{"@type":"ListItem","position":1,"name":"Home","item":"https:\/\/www.bellunopress.it\/"},{"@type":"ListItem","position":2,"name":"33 aziende venete protagoniste alla Nuova fiera di Levante MECSPE a Bari dal 23 al 25 novembre"}]},{"@type":"WebSite","@id":"https:\/\/www.bellunopress.it\/#website","url":"https:\/\/www.bellunopress.it\/","name":"Bellunopress - Dolomiti","description":"e-mail: redazione@bellunopress.it","publisher":{"@id":"https:\/\/www.bellunopress.it\/#organization"},"potentialAction":[{"@type":"SearchAction","target":{"@type":"EntryPoint","urlTemplate":"https:\/\/www.bellunopress.it\/?s={search_term_string}"},"query-input":{"@type":"PropertyValueSpecification","valueRequired":true,"valueName":"search_term_string"}}],"inLanguage":"fr-FR"},{"@type":"Organization","@id":"https:\/\/www.bellunopress.it\/#organization","name":"Bellunopress","url":"https:\/\/www.bellunopress.it\/","logo":{"@type":"ImageObject","inLanguage":"fr-FR","@id":"https:\/\/www.bellunopress.it\/#\/schema\/logo\/image\/","url":"https:\/\/www.bellunopress.it\/wp-content\/uploads\/2011\/05\/cropped-logo-bellunopress-.jpg","contentUrl":"https:\/\/www.bellunopress.it\/wp-content\/uploads\/2011\/05\/cropped-logo-bellunopress-.jpg","width":512,"height":512,"caption":"Bellunopress"},"image":{"@id":"https:\/\/www.bellunopress.it\/#\/schema\/logo\/image\/"},"sameAs":["https:\/\/www.facebook.com\/profile.php?id=100008943462799","https:\/\/x.com\/bellunopress","https:\/\/www.linkedin.com\/hp\/?dnr=JBzUWaJfMUw8vbXJJ2tVW5-I3jZKvC4wsoxE&amp;amp;amp;amp;amp;amp;trk=nav_responsive_tab_home","https:\/\/www.youtube.com\/channel\/UCxL0wu1uN0_3_7hGG0306cw"]},{"@type":"Person","@id":"https:\/\/www.bellunopress.it\/#\/schema\/person\/79bb06722b37ece1c03d3e94beb30d73","name":"r\u00e9daction","image":{"@type":"ImageObject","inLanguage":"fr-FR","@id":"https:\/\/secure.gravatar.com\/avatar\/37d968a2e67a6fd04c169c4bdef102d0bc5d31b2546345219e348575eb80e9a0?s=96&d=mm&r=g","url":"https:\/\/secure.gravatar.com\/avatar\/37d968a2e67a6fd04c169c4bdef102d0bc5d31b2546345219e348575eb80e9a0?s=96&d=mm&r=g","contentUrl":"https:\/\/secure.gravatar.com\/avatar\/37d968a2e67a6fd04c169c4bdef102d0bc5d31b2546345219e348575eb80e9a0?s=96&d=mm&r=g","caption":"redazione"},"sameAs":["http:\/\/www.bellunopress.it","https:\/\/x.com\/bellunopress"],"url":"https:\/\/www.bellunopress.it\/fr\/author\/redazione\/"}]}},"_links":{"self":[{"href":"https:\/\/www.bellunopress.it\/fr\/wp-json\/wp\/v2\/posts\/146044","targetHints":{"allow":["GET"]}}],"collection":[{"href":"https:\/\/www.bellunopress.it\/fr\/wp-json\/wp\/v2\/posts"}],"about":[{"href":"https:\/\/www.bellunopress.it\/fr\/wp-json\/wp\/v2\/types\/post"}],"author":[{"embeddable":true,"href":"https:\/\/www.bellunopress.it\/fr\/wp-json\/wp\/v2\/users\/2"}],"replies":[{"embeddable":true,"href":"https:\/\/www.bellunopress.it\/fr\/wp-json\/wp\/v2\/comments?post=146044"}],"version-history":[{"count":1,"href":"https:\/\/www.bellunopress.it\/fr\/wp-json\/wp\/v2\/posts\/146044\/revisions"}],"predecessor-version":[{"id":146046,"href":"https:\/\/www.bellunopress.it\/fr\/wp-json\/wp\/v2\/posts\/146044\/revisions\/146046"}],"wp:featuredmedia":[{"embeddable":true,"href":"https:\/\/www.bellunopress.it\/fr\/wp-json\/wp\/v2\/media\/146045"}],"wp:attachment":[{"href":"https:\/\/www.bellunopress.it\/fr\/wp-json\/wp\/v2\/media?parent=146044"}],"wp:term":[{"taxonomy":"category","embeddable":true,"href":"https:\/\/www.bellunopress.it\/fr\/wp-json\/wp\/v2\/categories?post=146044"},{"taxonomy":"post_tag","embeddable":true,"href":"https:\/\/www.bellunopress.it\/fr\/wp-json\/wp\/v2\/tags?post=146044"}],"curies":[{"name":"wp","href":"https:\/\/api.w.org\/{rel}","templated":true}]}}