{"id":146042,"date":"2023-11-20T10:46:14","date_gmt":"2023-11-20T09:46:14","guid":{"rendered":"https:\/\/www.bellunopress.it\/?p=146042"},"modified":"2023-11-20T10:46:14","modified_gmt":"2023-11-20T09:46:14","slug":"assemblea-bim-gsp-vietata-ai-giornalisti-assostampa-rivendica-il-diritto-allinformazione-ex-art-21-della-costituzione","status":"publish","type":"post","link":"https:\/\/www.bellunopress.it\/fr\/2023\/11\/20\/assemblea-bim-gsp-vietata-ai-giornalisti-assostampa-rivendica-il-diritto-allinformazione-ex-art-21-della-costituzione\/","title":{"rendered":"Assemblea Bim Gsp vietata ai giornalisti. Assostampa  rivendica il diritto all&#8217;informazione ex art.21 della Costituzione"},"content":{"rendered":"<p><img loading=\"lazy\" decoding=\"async\" class=\"alignleft size-full wp-image-139820\" src=\"https:\/\/www.bellunopress.it\/wp-content\/uploads\/2023\/02\/Assostampa_edited.jpg\" alt=\"\" width=\"452\" height=\"111\" \/>Ancora una volta le assemblee dei soci di Bim Gsp e Bim Belluno Infrastrutture, societ\u00e0 che gestiscono servizi (acqua, gas metano, idroelettrico per conto dei Comuni) e che sono interamente partecipate dai Comuni della provincia di Belluno, si sono svolte senza che i giornalisti venissero informati. E quindi senza che avessero la possibilit\u00e0 di esercitare l&#8217;articolo 21 della Costituzione, inteso come diritto ma anche dovere di informare: si tratta di societ\u00e0 pubbliche, interamente partecipate dai Comuni, il che significa societ\u00e0 di tutti e tutte noi. Ai giornalisti le convocazioni non vengono inviate: accade ormai da diversi anni e Assostampa aveva gi\u00e0 sollevato il caso, inviando una nota ai rispettivi vertici e sollecitando una risoluzione del problema. Nulla, da allora, \u00e8 cambiato. L&#8217;informazione non si fa con soli comunicati stampa, il diritto\/dovere di cronaca si esercita raccontando i fatti da ogni punto di vista, non solo quello aziendale.<br \/>\nAssostampa Belluno e il Sindacato Giornalisti del Veneto ritengono inaccettabile il comportamento delle societ\u00e0, che ribadiamo sono dei Comuni e quindi di tutti, rivendicano il diritto\/dovere di cronaca e auspicano che il problema venga risolto gi\u00e0 con la convocazione delle prossime assemblee dei soci.<\/p>","protected":false},"excerpt":{"rendered":"<p>Ancora una volta le assemblee dei soci di Bim Gsp e Bim Belluno Infrastrutture, societ\u00e0 che gestiscono servizi (acqua, gas metano, idroelettrico per conto dei Comuni) e che sono interamente partecipate dai Comuni della provincia di Belluno, si sono svolte senza che i giornalisti venissero informati. E quindi senza che avessero la possibilit\u00e0 di esercitare [&hellip;]<\/p>\n","protected":false},"author":2,"featured_media":139820,"comment_status":"closed","ping_status":"open","sticky":false,"template":"","format":"standard","meta":{"footnotes":""},"categories":[26,8],"tags":[],"class_list":["post-146042","post","type-post","status-publish","format-standard","has-post-thumbnail","category-prima-pagina","category-societa-istituzioni"],"yoast_head":"<!-- This site is optimized with the Yoast SEO plugin v28.4 - https:\/\/yoast.com\/product\/yoast-seo-wordpress\/ -->\n<title>Assemblea Bim Gsp vietata ai giornalisti. Assostampa rivendica il diritto all&#039;informazione ex art.21 della Costituzione - Bellunopress - Dolomiti<\/title>\n<meta name=\"robots\" content=\"index, follow, max-snippet:-1, max-image-preview:large, max-video-preview:-1\" \/>\n<link rel=\"canonical\" href=\"https:\/\/www.bellunopress.it\/fr\/2023\/11\/20\/assemblea-bim-gsp-vietata-ai-giornalisti-assostampa-rivendica-il-diritto-allinformazione-ex-art-21-della-costituzione\/\" \/>\n<meta property=\"og:locale\" content=\"fr_FR\" \/>\n<meta property=\"og:type\" content=\"article\" \/>\n<meta property=\"og:title\" content=\"Assemblea Bim Gsp vietata ai giornalisti. Assostampa rivendica il diritto all&#039;informazione ex art.21 della Costituzione - Bellunopress - Dolomiti\" \/>\n<meta property=\"og:description\" content=\"Ancora una volta le assemblee dei soci di Bim Gsp e Bim Belluno Infrastrutture, societ\u00e0 che gestiscono servizi (acqua, gas metano, idroelettrico per conto dei Comuni) e che sono interamente partecipate dai Comuni della provincia di Belluno, si sono svolte senza che i giornalisti venissero informati. E quindi senza che avessero la possibilit\u00e0 di esercitare [&hellip;]\" \/>\n<meta property=\"og:url\" content=\"https:\/\/www.bellunopress.it\/fr\/2023\/11\/20\/assemblea-bim-gsp-vietata-ai-giornalisti-assostampa-rivendica-il-diritto-allinformazione-ex-art-21-della-costituzione\/\" \/>\n<meta property=\"og:site_name\" content=\"Bellunopress - Dolomiti\" \/>\n<meta property=\"article:publisher\" content=\"https:\/\/www.facebook.com\/profile.php?id=100008943462799\" \/>\n<meta property=\"article:published_time\" content=\"2023-11-20T09:46:14+00:00\" \/>\n<meta property=\"og:image\" content=\"https:\/\/www.bellunopress.it\/wp-content\/uploads\/2023\/02\/Assostampa_edited.jpg\" \/>\n\t<meta property=\"og:image:width\" content=\"452\" \/>\n\t<meta property=\"og:image:height\" content=\"111\" \/>\n\t<meta property=\"og:image:type\" content=\"image\/jpeg\" \/>\n<meta name=\"author\" content=\"redazione\" \/>\n<meta name=\"twitter:card\" content=\"summary_large_image\" \/>\n<meta name=\"twitter:creator\" content=\"@bellunopress\" \/>\n<meta name=\"twitter:site\" content=\"@bellunopress\" \/>\n<meta name=\"twitter:label1\" content=\"\u00c9crit par\" \/>\n\t<meta name=\"twitter:data1\" content=\"redazione\" \/>\n\t<meta name=\"twitter:label2\" content=\"Dur\u00e9e de lecture estim\u00e9e\" \/>\n\t<meta name=\"twitter:data2\" content=\"1 minute\" \/>\n<script type=\"application\/ld+json\" class=\"yoast-schema-graph\">{\"@context\":\"https:\\\/\\\/schema.org\",\"@graph\":[{\"@type\":\"Article\",\"@id\":\"https:\\\/\\\/www.bellunopress.it\\\/2023\\\/11\\\/20\\\/assemblea-bim-gsp-vietata-ai-giornalisti-assostampa-rivendica-il-diritto-allinformazione-ex-art-21-della-costituzione\\\/#article\",\"isPartOf\":{\"@id\":\"https:\\\/\\\/www.bellunopress.it\\\/2023\\\/11\\\/20\\\/assemblea-bim-gsp-vietata-ai-giornalisti-assostampa-rivendica-il-diritto-allinformazione-ex-art-21-della-costituzione\\\/\"},\"author\":{\"name\":\"redazione\",\"@id\":\"https:\\\/\\\/www.bellunopress.it\\\/#\\\/schema\\\/person\\\/79bb06722b37ece1c03d3e94beb30d73\"},\"headline\":\"Assemblea Bim Gsp vietata ai giornalisti. Assostampa rivendica il diritto all&#8217;informazione ex art.21 della Costituzione\",\"datePublished\":\"2023-11-20T09:46:14+00:00\",\"mainEntityOfPage\":{\"@id\":\"https:\\\/\\\/www.bellunopress.it\\\/2023\\\/11\\\/20\\\/assemblea-bim-gsp-vietata-ai-giornalisti-assostampa-rivendica-il-diritto-allinformazione-ex-art-21-della-costituzione\\\/\"},\"wordCount\":209,\"publisher\":{\"@id\":\"https:\\\/\\\/www.bellunopress.it\\\/#organization\"},\"image\":{\"@id\":\"https:\\\/\\\/www.bellunopress.it\\\/2023\\\/11\\\/20\\\/assemblea-bim-gsp-vietata-ai-giornalisti-assostampa-rivendica-il-diritto-allinformazione-ex-art-21-della-costituzione\\\/#primaryimage\"},\"thumbnailUrl\":\"https:\\\/\\\/www.bellunopress.it\\\/wp-content\\\/uploads\\\/2023\\\/02\\\/Assostampa_edited.jpg\",\"articleSection\":[\"Prima Pagina\",\"Societ\u00e0, Associazioni, Istituzioni\"],\"inLanguage\":\"fr-FR\"},{\"@type\":\"WebPage\",\"@id\":\"https:\\\/\\\/www.bellunopress.it\\\/2023\\\/11\\\/20\\\/assemblea-bim-gsp-vietata-ai-giornalisti-assostampa-rivendica-il-diritto-allinformazione-ex-art-21-della-costituzione\\\/\",\"url\":\"https:\\\/\\\/www.bellunopress.it\\\/2023\\\/11\\\/20\\\/assemblea-bim-gsp-vietata-ai-giornalisti-assostampa-rivendica-il-diritto-allinformazione-ex-art-21-della-costituzione\\\/\",\"name\":\"Assemblea Bim Gsp vietata ai giornalisti. Assostampa rivendica il diritto all'informazione ex art.21 della Costituzione - Bellunopress - Dolomiti\",\"isPartOf\":{\"@id\":\"https:\\\/\\\/www.bellunopress.it\\\/#website\"},\"primaryImageOfPage\":{\"@id\":\"https:\\\/\\\/www.bellunopress.it\\\/2023\\\/11\\\/20\\\/assemblea-bim-gsp-vietata-ai-giornalisti-assostampa-rivendica-il-diritto-allinformazione-ex-art-21-della-costituzione\\\/#primaryimage\"},\"image\":{\"@id\":\"https:\\\/\\\/www.bellunopress.it\\\/2023\\\/11\\\/20\\\/assemblea-bim-gsp-vietata-ai-giornalisti-assostampa-rivendica-il-diritto-allinformazione-ex-art-21-della-costituzione\\\/#primaryimage\"},\"thumbnailUrl\":\"https:\\\/\\\/www.bellunopress.it\\\/wp-content\\\/uploads\\\/2023\\\/02\\\/Assostampa_edited.jpg\",\"datePublished\":\"2023-11-20T09:46:14+00:00\",\"breadcrumb\":{\"@id\":\"https:\\\/\\\/www.bellunopress.it\\\/2023\\\/11\\\/20\\\/assemblea-bim-gsp-vietata-ai-giornalisti-assostampa-rivendica-il-diritto-allinformazione-ex-art-21-della-costituzione\\\/#breadcrumb\"},\"inLanguage\":\"fr-FR\",\"potentialAction\":[{\"@type\":\"ReadAction\",\"target\":[\"https:\\\/\\\/www.bellunopress.it\\\/2023\\\/11\\\/20\\\/assemblea-bim-gsp-vietata-ai-giornalisti-assostampa-rivendica-il-diritto-allinformazione-ex-art-21-della-costituzione\\\/\"]}]},{\"@type\":\"ImageObject\",\"inLanguage\":\"fr-FR\",\"@id\":\"https:\\\/\\\/www.bellunopress.it\\\/2023\\\/11\\\/20\\\/assemblea-bim-gsp-vietata-ai-giornalisti-assostampa-rivendica-il-diritto-allinformazione-ex-art-21-della-costituzione\\\/#primaryimage\",\"url\":\"https:\\\/\\\/www.bellunopress.it\\\/wp-content\\\/uploads\\\/2023\\\/02\\\/Assostampa_edited.jpg\",\"contentUrl\":\"https:\\\/\\\/www.bellunopress.it\\\/wp-content\\\/uploads\\\/2023\\\/02\\\/Assostampa_edited.jpg\",\"width\":452,\"height\":111},{\"@type\":\"BreadcrumbList\",\"@id\":\"https:\\\/\\\/www.bellunopress.it\\\/2023\\\/11\\\/20\\\/assemblea-bim-gsp-vietata-ai-giornalisti-assostampa-rivendica-il-diritto-allinformazione-ex-art-21-della-costituzione\\\/#breadcrumb\",\"itemListElement\":[{\"@type\":\"ListItem\",\"position\":1,\"name\":\"Home\",\"item\":\"https:\\\/\\\/www.bellunopress.it\\\/\"},{\"@type\":\"ListItem\",\"position\":2,\"name\":\"Assemblea Bim Gsp vietata ai giornalisti. Assostampa rivendica il diritto all&#8217;informazione ex art.21 della Costituzione\"}]},{\"@type\":\"WebSite\",\"@id\":\"https:\\\/\\\/www.bellunopress.it\\\/#website\",\"url\":\"https:\\\/\\\/www.bellunopress.it\\\/\",\"name\":\"Bellunopress - Dolomiti\",\"description\":\"e-mail: redazione@bellunopress.it\",\"publisher\":{\"@id\":\"https:\\\/\\\/www.bellunopress.it\\\/#organization\"},\"potentialAction\":[{\"@type\":\"SearchAction\",\"target\":{\"@type\":\"EntryPoint\",\"urlTemplate\":\"https:\\\/\\\/www.bellunopress.it\\\/?s={search_term_string}\"},\"query-input\":{\"@type\":\"PropertyValueSpecification\",\"valueRequired\":true,\"valueName\":\"search_term_string\"}}],\"inLanguage\":\"fr-FR\"},{\"@type\":\"Organization\",\"@id\":\"https:\\\/\\\/www.bellunopress.it\\\/#organization\",\"name\":\"Bellunopress\",\"url\":\"https:\\\/\\\/www.bellunopress.it\\\/\",\"logo\":{\"@type\":\"ImageObject\",\"inLanguage\":\"fr-FR\",\"@id\":\"https:\\\/\\\/www.bellunopress.it\\\/#\\\/schema\\\/logo\\\/image\\\/\",\"url\":\"https:\\\/\\\/www.bellunopress.it\\\/wp-content\\\/uploads\\\/2011\\\/05\\\/cropped-logo-bellunopress-.jpg\",\"contentUrl\":\"https:\\\/\\\/www.bellunopress.it\\\/wp-content\\\/uploads\\\/2011\\\/05\\\/cropped-logo-bellunopress-.jpg\",\"width\":512,\"height\":512,\"caption\":\"Bellunopress\"},\"image\":{\"@id\":\"https:\\\/\\\/www.bellunopress.it\\\/#\\\/schema\\\/logo\\\/image\\\/\"},\"sameAs\":[\"https:\\\/\\\/www.facebook.com\\\/profile.php?id=100008943462799\",\"https:\\\/\\\/x.com\\\/bellunopress\",\"https:\\\/\\\/www.linkedin.com\\\/hp\\\/?dnr=JBzUWaJfMUw8vbXJJ2tVW5-I3jZKvC4wsoxE&amp;amp;amp;amp;amp;amp;trk=nav_responsive_tab_home\",\"https:\\\/\\\/www.youtube.com\\\/channel\\\/UCxL0wu1uN0_3_7hGG0306cw\"]},{\"@type\":\"Person\",\"@id\":\"https:\\\/\\\/www.bellunopress.it\\\/#\\\/schema\\\/person\\\/79bb06722b37ece1c03d3e94beb30d73\",\"name\":\"redazione\",\"image\":{\"@type\":\"ImageObject\",\"inLanguage\":\"fr-FR\",\"@id\":\"https:\\\/\\\/secure.gravatar.com\\\/avatar\\\/37d968a2e67a6fd04c169c4bdef102d0bc5d31b2546345219e348575eb80e9a0?s=96&d=mm&r=g\",\"url\":\"https:\\\/\\\/secure.gravatar.com\\\/avatar\\\/37d968a2e67a6fd04c169c4bdef102d0bc5d31b2546345219e348575eb80e9a0?s=96&d=mm&r=g\",\"contentUrl\":\"https:\\\/\\\/secure.gravatar.com\\\/avatar\\\/37d968a2e67a6fd04c169c4bdef102d0bc5d31b2546345219e348575eb80e9a0?s=96&d=mm&r=g\",\"caption\":\"redazione\"},\"sameAs\":[\"http:\\\/\\\/www.bellunopress.it\",\"https:\\\/\\\/x.com\\\/bellunopress\"],\"url\":\"https:\\\/\\\/www.bellunopress.it\\\/fr\\\/author\\\/redazione\\\/\"}]}<\/script>\n<!-- \/ Yoast SEO plugin. -->","yoast_head_json":{"title":"Assemblea Bim Gsp vietata ai giornalisti. Assostampa rivendica il diritto all'informazione ex art.21 della Costituzione - Bellunopress - Dolomiti","robots":{"index":"index","follow":"follow","max-snippet":"max-snippet:-1","max-image-preview":"max-image-preview:large","max-video-preview":"max-video-preview:-1"},"canonical":"https:\/\/www.bellunopress.it\/fr\/2023\/11\/20\/assemblea-bim-gsp-vietata-ai-giornalisti-assostampa-rivendica-il-diritto-allinformazione-ex-art-21-della-costituzione\/","og_locale":"fr_FR","og_type":"article","og_title":"Assemblea Bim Gsp vietata ai giornalisti. Assostampa rivendica il diritto all'informazione ex art.21 della Costituzione - Bellunopress - Dolomiti","og_description":"Ancora una volta le assemblee dei soci di Bim Gsp e Bim Belluno Infrastrutture, societ\u00e0 che gestiscono servizi (acqua, gas metano, idroelettrico per conto dei Comuni) e che sono interamente partecipate dai Comuni della provincia di Belluno, si sono svolte senza che i giornalisti venissero informati. E quindi senza che avessero la possibilit\u00e0 di esercitare [&hellip;]","og_url":"https:\/\/www.bellunopress.it\/fr\/2023\/11\/20\/assemblea-bim-gsp-vietata-ai-giornalisti-assostampa-rivendica-il-diritto-allinformazione-ex-art-21-della-costituzione\/","og_site_name":"Bellunopress - Dolomiti","article_publisher":"https:\/\/www.facebook.com\/profile.php?id=100008943462799","article_published_time":"2023-11-20T09:46:14+00:00","og_image":[{"width":452,"height":111,"url":"https:\/\/www.bellunopress.it\/wp-content\/uploads\/2023\/02\/Assostampa_edited.jpg","type":"image\/jpeg"}],"author":"redazione","twitter_card":"summary_large_image","twitter_creator":"@bellunopress","twitter_site":"@bellunopress","twitter_misc":{"\u00c9crit par":"redazione","Dur\u00e9e de lecture estim\u00e9e":"1 minute"},"schema":{"@context":"https:\/\/schema.org","@graph":[{"@type":"Article","@id":"https:\/\/www.bellunopress.it\/2023\/11\/20\/assemblea-bim-gsp-vietata-ai-giornalisti-assostampa-rivendica-il-diritto-allinformazione-ex-art-21-della-costituzione\/#article","isPartOf":{"@id":"https:\/\/www.bellunopress.it\/2023\/11\/20\/assemblea-bim-gsp-vietata-ai-giornalisti-assostampa-rivendica-il-diritto-allinformazione-ex-art-21-della-costituzione\/"},"author":{"name":"redazione","@id":"https:\/\/www.bellunopress.it\/#\/schema\/person\/79bb06722b37ece1c03d3e94beb30d73"},"headline":"Assemblea Bim Gsp vietata ai giornalisti. Assostampa rivendica il diritto all&#8217;informazione ex art.21 della Costituzione","datePublished":"2023-11-20T09:46:14+00:00","mainEntityOfPage":{"@id":"https:\/\/www.bellunopress.it\/2023\/11\/20\/assemblea-bim-gsp-vietata-ai-giornalisti-assostampa-rivendica-il-diritto-allinformazione-ex-art-21-della-costituzione\/"},"wordCount":209,"publisher":{"@id":"https:\/\/www.bellunopress.it\/#organization"},"image":{"@id":"https:\/\/www.bellunopress.it\/2023\/11\/20\/assemblea-bim-gsp-vietata-ai-giornalisti-assostampa-rivendica-il-diritto-allinformazione-ex-art-21-della-costituzione\/#primaryimage"},"thumbnailUrl":"https:\/\/www.bellunopress.it\/wp-content\/uploads\/2023\/02\/Assostampa_edited.jpg","articleSection":["Prima Pagina","Societ\u00e0, Associazioni, Istituzioni"],"inLanguage":"fr-FR"},{"@type":"WebPage","@id":"https:\/\/www.bellunopress.it\/2023\/11\/20\/assemblea-bim-gsp-vietata-ai-giornalisti-assostampa-rivendica-il-diritto-allinformazione-ex-art-21-della-costituzione\/","url":"https:\/\/www.bellunopress.it\/2023\/11\/20\/assemblea-bim-gsp-vietata-ai-giornalisti-assostampa-rivendica-il-diritto-allinformazione-ex-art-21-della-costituzione\/","name":"Assemblea Bim Gsp vietata ai giornalisti. Assostampa rivendica il diritto all'informazione ex art.21 della Costituzione - Bellunopress - Dolomiti","isPartOf":{"@id":"https:\/\/www.bellunopress.it\/#website"},"primaryImageOfPage":{"@id":"https:\/\/www.bellunopress.it\/2023\/11\/20\/assemblea-bim-gsp-vietata-ai-giornalisti-assostampa-rivendica-il-diritto-allinformazione-ex-art-21-della-costituzione\/#primaryimage"},"image":{"@id":"https:\/\/www.bellunopress.it\/2023\/11\/20\/assemblea-bim-gsp-vietata-ai-giornalisti-assostampa-rivendica-il-diritto-allinformazione-ex-art-21-della-costituzione\/#primaryimage"},"thumbnailUrl":"https:\/\/www.bellunopress.it\/wp-content\/uploads\/2023\/02\/Assostampa_edited.jpg","datePublished":"2023-11-20T09:46:14+00:00","breadcrumb":{"@id":"https:\/\/www.bellunopress.it\/2023\/11\/20\/assemblea-bim-gsp-vietata-ai-giornalisti-assostampa-rivendica-il-diritto-allinformazione-ex-art-21-della-costituzione\/#breadcrumb"},"inLanguage":"fr-FR","potentialAction":[{"@type":"ReadAction","target":["https:\/\/www.bellunopress.it\/2023\/11\/20\/assemblea-bim-gsp-vietata-ai-giornalisti-assostampa-rivendica-il-diritto-allinformazione-ex-art-21-della-costituzione\/"]}]},{"@type":"ImageObject","inLanguage":"fr-FR","@id":"https:\/\/www.bellunopress.it\/2023\/11\/20\/assemblea-bim-gsp-vietata-ai-giornalisti-assostampa-rivendica-il-diritto-allinformazione-ex-art-21-della-costituzione\/#primaryimage","url":"https:\/\/www.bellunopress.it\/wp-content\/uploads\/2023\/02\/Assostampa_edited.jpg","contentUrl":"https:\/\/www.bellunopress.it\/wp-content\/uploads\/2023\/02\/Assostampa_edited.jpg","width":452,"height":111},{"@type":"BreadcrumbList","@id":"https:\/\/www.bellunopress.it\/2023\/11\/20\/assemblea-bim-gsp-vietata-ai-giornalisti-assostampa-rivendica-il-diritto-allinformazione-ex-art-21-della-costituzione\/#breadcrumb","itemListElement":[{"@type":"ListItem","position":1,"name":"Home","item":"https:\/\/www.bellunopress.it\/"},{"@type":"ListItem","position":2,"name":"Assemblea Bim Gsp vietata ai giornalisti. Assostampa rivendica il diritto all&#8217;informazione ex art.21 della Costituzione"}]},{"@type":"WebSite","@id":"https:\/\/www.bellunopress.it\/#website","url":"https:\/\/www.bellunopress.it\/","name":"Bellunopress - Dolomiti","description":"e-mail: redazione@bellunopress.it","publisher":{"@id":"https:\/\/www.bellunopress.it\/#organization"},"potentialAction":[{"@type":"SearchAction","target":{"@type":"EntryPoint","urlTemplate":"https:\/\/www.bellunopress.it\/?s={search_term_string}"},"query-input":{"@type":"PropertyValueSpecification","valueRequired":true,"valueName":"search_term_string"}}],"inLanguage":"fr-FR"},{"@type":"Organization","@id":"https:\/\/www.bellunopress.it\/#organization","name":"Bellunopress","url":"https:\/\/www.bellunopress.it\/","logo":{"@type":"ImageObject","inLanguage":"fr-FR","@id":"https:\/\/www.bellunopress.it\/#\/schema\/logo\/image\/","url":"https:\/\/www.bellunopress.it\/wp-content\/uploads\/2011\/05\/cropped-logo-bellunopress-.jpg","contentUrl":"https:\/\/www.bellunopress.it\/wp-content\/uploads\/2011\/05\/cropped-logo-bellunopress-.jpg","width":512,"height":512,"caption":"Bellunopress"},"image":{"@id":"https:\/\/www.bellunopress.it\/#\/schema\/logo\/image\/"},"sameAs":["https:\/\/www.facebook.com\/profile.php?id=100008943462799","https:\/\/x.com\/bellunopress","https:\/\/www.linkedin.com\/hp\/?dnr=JBzUWaJfMUw8vbXJJ2tVW5-I3jZKvC4wsoxE&amp;amp;amp;amp;amp;amp;trk=nav_responsive_tab_home","https:\/\/www.youtube.com\/channel\/UCxL0wu1uN0_3_7hGG0306cw"]},{"@type":"Person","@id":"https:\/\/www.bellunopress.it\/#\/schema\/person\/79bb06722b37ece1c03d3e94beb30d73","name":"r\u00e9daction","image":{"@type":"ImageObject","inLanguage":"fr-FR","@id":"https:\/\/secure.gravatar.com\/avatar\/37d968a2e67a6fd04c169c4bdef102d0bc5d31b2546345219e348575eb80e9a0?s=96&d=mm&r=g","url":"https:\/\/secure.gravatar.com\/avatar\/37d968a2e67a6fd04c169c4bdef102d0bc5d31b2546345219e348575eb80e9a0?s=96&d=mm&r=g","contentUrl":"https:\/\/secure.gravatar.com\/avatar\/37d968a2e67a6fd04c169c4bdef102d0bc5d31b2546345219e348575eb80e9a0?s=96&d=mm&r=g","caption":"redazione"},"sameAs":["http:\/\/www.bellunopress.it","https:\/\/x.com\/bellunopress"],"url":"https:\/\/www.bellunopress.it\/fr\/author\/redazione\/"}]}},"_links":{"self":[{"href":"https:\/\/www.bellunopress.it\/fr\/wp-json\/wp\/v2\/posts\/146042","targetHints":{"allow":["GET"]}}],"collection":[{"href":"https:\/\/www.bellunopress.it\/fr\/wp-json\/wp\/v2\/posts"}],"about":[{"href":"https:\/\/www.bellunopress.it\/fr\/wp-json\/wp\/v2\/types\/post"}],"author":[{"embeddable":true,"href":"https:\/\/www.bellunopress.it\/fr\/wp-json\/wp\/v2\/users\/2"}],"replies":[{"embeddable":true,"href":"https:\/\/www.bellunopress.it\/fr\/wp-json\/wp\/v2\/comments?post=146042"}],"version-history":[{"count":1,"href":"https:\/\/www.bellunopress.it\/fr\/wp-json\/wp\/v2\/posts\/146042\/revisions"}],"predecessor-version":[{"id":146043,"href":"https:\/\/www.bellunopress.it\/fr\/wp-json\/wp\/v2\/posts\/146042\/revisions\/146043"}],"wp:featuredmedia":[{"embeddable":true,"href":"https:\/\/www.bellunopress.it\/fr\/wp-json\/wp\/v2\/media\/139820"}],"wp:attachment":[{"href":"https:\/\/www.bellunopress.it\/fr\/wp-json\/wp\/v2\/media?parent=146042"}],"wp:term":[{"taxonomy":"category","embeddable":true,"href":"https:\/\/www.bellunopress.it\/fr\/wp-json\/wp\/v2\/categories?post=146042"},{"taxonomy":"post_tag","embeddable":true,"href":"https:\/\/www.bellunopress.it\/fr\/wp-json\/wp\/v2\/tags?post=146042"}],"curies":[{"name":"wp","href":"https:\/\/api.w.org\/{rel}","templated":true}]}}