{"id":146039,"date":"2023-11-20T09:19:02","date_gmt":"2023-11-20T08:19:02","guid":{"rendered":"https:\/\/www.bellunopress.it\/?p=146039"},"modified":"2023-11-20T07:24:21","modified_gmt":"2023-11-20T06:24:21","slug":"in-500-a-lamon-per-la-4a-prova-del-campionato-provinciale-di-corsa-campestre-del-csi","status":"publish","type":"post","link":"https:\/\/www.bellunopress.it\/fr\/2023\/11\/20\/in-500-a-lamon-per-la-4a-prova-del-campionato-provinciale-di-corsa-campestre-del-csi\/","title":{"rendered":"In 500 a Lamon per la 4a prova del Campionato provinciale di corsa campestre del Csi"},"content":{"rendered":"<p><img loading=\"lazy\" decoding=\"async\" class=\"alignleft size-full wp-image-146040\" src=\"https:\/\/www.bellunopress.it\/wp-content\/uploads\/2023\/11\/corsa-campestre-Csi-Lamon-19-nov-2023_edited.jpg\" alt=\"\" width=\"1000\" height=\"667\" srcset=\"https:\/\/www.bellunopress.it\/wp-content\/uploads\/2023\/11\/corsa-campestre-Csi-Lamon-19-nov-2023_edited.jpg 1000w, https:\/\/www.bellunopress.it\/wp-content\/uploads\/2023\/11\/corsa-campestre-Csi-Lamon-19-nov-2023_edited-500x334.jpg 500w, https:\/\/www.bellunopress.it\/wp-content\/uploads\/2023\/11\/corsa-campestre-Csi-Lamon-19-nov-2023_edited-696x464.jpg 696w\" sizes=\"auto, (max-width: 1000px) 100vw, 1000px\" \/>La manifestazione, valida per il Trofeo Passsport e il memorial Serafino Barp, ha visto imporsi nella graduatoria per societ\u00e0 il Gs Astra Quero, al quarto successo su quattro gare. Domenica 19 novembre la conclusione a Bribano, il 2 dicembre le premiazioni finali a Lentiai.<\/p>\n<p>Belluno, 20 novembre 2023 \u2013 In 500 a Lamon, domenica 19 novembre, per la quarta e penultima prova del Campionato provinciale di corsa campestre del Campionato provinciale di corsa campestre del Centro sportivo italiano, evento proposto dal comitato Csi di Belluno in sinergia con quello di Feltre e valido per il Trofeo Passsport (classifica complessiva per societ\u00e0) e per il memorial Serafino Barp (classifica giovanile per societ\u00e0). Mattinata di sole e di temperatura tiepida, terreno di gara il veloce circuito ricavato dall&#8217;Atletica Lamon nei pressi del campo sportivo. Nella classifica complessiva per societ\u00e0, davanti a tutti per la quarta volta in quattro gare il Gs Astra Quero (960 punti), con i padroni di casa dell&#8217;Atletica Lamon al secondo posto (822 punti) e la Virtus Nemeggio al terzo (634). Vittoria del Gs La Piave 2000, invece, a livello giovanile, con Astra Quero (283) e Polisportiva Santa Giustina (205) rispettivamente seconda e terza. A livello individuale, vittorie assolute per Marina Giotto (La Piave 2000) e Marco Bonan (Virtus Nemeggio).<\/p>\n<p>Tanti sono stati i concorrenti che, come da proposta della Commissione atletica del comitato Csi di Belluno, hanno gareggiato con un nastrino rosso (o un segno rosso sul viso), come segno di vicinanza alle donne vittime di violenza e come occasione di sensibilizzazione sul tema.<\/p>\n<p>Dopo le prove di Pelos di Cadore, Ronchena di Lentiai, Nemeggio e Lamon, il Campionato provinciale proporr\u00e0 il quinto e conclusivo appuntamento domenica 26 novembre a Bribano di Sedico (organizzazione La Piave 2000). Le premiazioni finali del circuito sia individuali che a squadre, si svolgeranno sabato 2 dicembre a Lentiai, nel corso del Natale dello Sportivo che il nostro comitato organizza, come tradizione, in collaborazione con il comitato di Feltre. Il programma prevede la celebrazione della Santa Messa alle ore 18 nella parrocchiale di Lentiai. A seguire le premiazioni nella vicina palestra.<\/p>\n<p><a href=\"http:\/\/www.csibelluno.it\/2023\/11\/19\/provinciale-di-campestre-trofeo-passsport-le-classifiche-di-lamon\/\">Qui le classifiche complete<\/a><\/p>\n<p>&nbsp;<\/p>","protected":false},"excerpt":{"rendered":"<p>La manifestazione, valida per il Trofeo Passsport e il memorial Serafino Barp, ha visto imporsi nella graduatoria per societ\u00e0 il Gs Astra Quero, al quarto successo su quattro gare. Domenica 19 novembre la conclusione a Bribano, il 2 dicembre le premiazioni finali a Lentiai. Belluno, 20 novembre 2023 \u2013 In 500 a Lamon, domenica 19 [&hellip;]<\/p>\n","protected":false},"author":2,"featured_media":146040,"comment_status":"closed","ping_status":"open","sticky":false,"template":"","format":"standard","meta":{"footnotes":""},"categories":[26,4],"tags":[],"class_list":["post-146039","post","type-post","status-publish","format-standard","has-post-thumbnail","category-prima-pagina","category-sport"],"yoast_head":"<!-- This site is optimized with the Yoast SEO plugin v28.4 - https:\/\/yoast.com\/product\/yoast-seo-wordpress\/ -->\n<title>In 500 a Lamon per la 4a prova del Campionato provinciale di corsa campestre del Csi - Bellunopress - Dolomiti<\/title>\n<meta name=\"robots\" content=\"index, follow, max-snippet:-1, max-image-preview:large, max-video-preview:-1\" \/>\n<link rel=\"canonical\" href=\"https:\/\/www.bellunopress.it\/fr\/2023\/11\/20\/in-500-a-lamon-per-la-4a-prova-del-campionato-provinciale-di-corsa-campestre-del-csi\/\" \/>\n<meta property=\"og:locale\" content=\"fr_FR\" \/>\n<meta property=\"og:type\" content=\"article\" \/>\n<meta property=\"og:title\" content=\"In 500 a Lamon per la 4a prova del Campionato provinciale di corsa campestre del Csi - Bellunopress - Dolomiti\" \/>\n<meta property=\"og:description\" content=\"La manifestazione, valida per il Trofeo Passsport e il memorial Serafino Barp, ha visto imporsi nella graduatoria per societ\u00e0 il Gs Astra Quero, al quarto successo su quattro gare. Domenica 19 novembre la conclusione a Bribano, il 2 dicembre le premiazioni finali a Lentiai. Belluno, 20 novembre 2023 \u2013 In 500 a Lamon, domenica 19 [&hellip;]\" \/>\n<meta property=\"og:url\" content=\"https:\/\/www.bellunopress.it\/fr\/2023\/11\/20\/in-500-a-lamon-per-la-4a-prova-del-campionato-provinciale-di-corsa-campestre-del-csi\/\" \/>\n<meta property=\"og:site_name\" content=\"Bellunopress - Dolomiti\" \/>\n<meta property=\"article:publisher\" content=\"https:\/\/www.facebook.com\/profile.php?id=100008943462799\" \/>\n<meta property=\"article:published_time\" content=\"2023-11-20T08:19:02+00:00\" \/>\n<meta property=\"og:image\" content=\"https:\/\/www.bellunopress.it\/wp-content\/uploads\/2023\/11\/corsa-campestre-Csi-Lamon-19-nov-2023_edited.jpg\" \/>\n\t<meta property=\"og:image:width\" content=\"1000\" \/>\n\t<meta property=\"og:image:height\" content=\"667\" \/>\n\t<meta property=\"og:image:type\" content=\"image\/jpeg\" \/>\n<meta name=\"author\" content=\"redazione\" \/>\n<meta name=\"twitter:card\" content=\"summary_large_image\" \/>\n<meta name=\"twitter:creator\" content=\"@bellunopress\" \/>\n<meta name=\"twitter:site\" content=\"@bellunopress\" \/>\n<meta name=\"twitter:label1\" content=\"\u00c9crit par\" \/>\n\t<meta name=\"twitter:data1\" content=\"redazione\" \/>\n\t<meta name=\"twitter:label2\" content=\"Dur\u00e9e de lecture estim\u00e9e\" \/>\n\t<meta name=\"twitter:data2\" content=\"2 minutes\" \/>\n<script type=\"application\/ld+json\" class=\"yoast-schema-graph\">{\"@context\":\"https:\\\/\\\/schema.org\",\"@graph\":[{\"@type\":\"Article\",\"@id\":\"https:\\\/\\\/www.bellunopress.it\\\/2023\\\/11\\\/20\\\/in-500-a-lamon-per-la-4a-prova-del-campionato-provinciale-di-corsa-campestre-del-csi\\\/#article\",\"isPartOf\":{\"@id\":\"https:\\\/\\\/www.bellunopress.it\\\/2023\\\/11\\\/20\\\/in-500-a-lamon-per-la-4a-prova-del-campionato-provinciale-di-corsa-campestre-del-csi\\\/\"},\"author\":{\"name\":\"redazione\",\"@id\":\"https:\\\/\\\/www.bellunopress.it\\\/#\\\/schema\\\/person\\\/79bb06722b37ece1c03d3e94beb30d73\"},\"headline\":\"In 500 a Lamon per la 4a prova del Campionato provinciale di corsa campestre del Csi\",\"datePublished\":\"2023-11-20T08:19:02+00:00\",\"mainEntityOfPage\":{\"@id\":\"https:\\\/\\\/www.bellunopress.it\\\/2023\\\/11\\\/20\\\/in-500-a-lamon-per-la-4a-prova-del-campionato-provinciale-di-corsa-campestre-del-csi\\\/\"},\"wordCount\":352,\"publisher\":{\"@id\":\"https:\\\/\\\/www.bellunopress.it\\\/#organization\"},\"image\":{\"@id\":\"https:\\\/\\\/www.bellunopress.it\\\/2023\\\/11\\\/20\\\/in-500-a-lamon-per-la-4a-prova-del-campionato-provinciale-di-corsa-campestre-del-csi\\\/#primaryimage\"},\"thumbnailUrl\":\"https:\\\/\\\/www.bellunopress.it\\\/wp-content\\\/uploads\\\/2023\\\/11\\\/corsa-campestre-Csi-Lamon-19-nov-2023_edited.jpg\",\"articleSection\":[\"Prima Pagina\",\"Sport, tempo libero\"],\"inLanguage\":\"fr-FR\"},{\"@type\":\"WebPage\",\"@id\":\"https:\\\/\\\/www.bellunopress.it\\\/2023\\\/11\\\/20\\\/in-500-a-lamon-per-la-4a-prova-del-campionato-provinciale-di-corsa-campestre-del-csi\\\/\",\"url\":\"https:\\\/\\\/www.bellunopress.it\\\/2023\\\/11\\\/20\\\/in-500-a-lamon-per-la-4a-prova-del-campionato-provinciale-di-corsa-campestre-del-csi\\\/\",\"name\":\"In 500 a Lamon per la 4a prova del Campionato provinciale di corsa campestre del Csi - Bellunopress - Dolomiti\",\"isPartOf\":{\"@id\":\"https:\\\/\\\/www.bellunopress.it\\\/#website\"},\"primaryImageOfPage\":{\"@id\":\"https:\\\/\\\/www.bellunopress.it\\\/2023\\\/11\\\/20\\\/in-500-a-lamon-per-la-4a-prova-del-campionato-provinciale-di-corsa-campestre-del-csi\\\/#primaryimage\"},\"image\":{\"@id\":\"https:\\\/\\\/www.bellunopress.it\\\/2023\\\/11\\\/20\\\/in-500-a-lamon-per-la-4a-prova-del-campionato-provinciale-di-corsa-campestre-del-csi\\\/#primaryimage\"},\"thumbnailUrl\":\"https:\\\/\\\/www.bellunopress.it\\\/wp-content\\\/uploads\\\/2023\\\/11\\\/corsa-campestre-Csi-Lamon-19-nov-2023_edited.jpg\",\"datePublished\":\"2023-11-20T08:19:02+00:00\",\"breadcrumb\":{\"@id\":\"https:\\\/\\\/www.bellunopress.it\\\/2023\\\/11\\\/20\\\/in-500-a-lamon-per-la-4a-prova-del-campionato-provinciale-di-corsa-campestre-del-csi\\\/#breadcrumb\"},\"inLanguage\":\"fr-FR\",\"potentialAction\":[{\"@type\":\"ReadAction\",\"target\":[\"https:\\\/\\\/www.bellunopress.it\\\/2023\\\/11\\\/20\\\/in-500-a-lamon-per-la-4a-prova-del-campionato-provinciale-di-corsa-campestre-del-csi\\\/\"]}]},{\"@type\":\"ImageObject\",\"inLanguage\":\"fr-FR\",\"@id\":\"https:\\\/\\\/www.bellunopress.it\\\/2023\\\/11\\\/20\\\/in-500-a-lamon-per-la-4a-prova-del-campionato-provinciale-di-corsa-campestre-del-csi\\\/#primaryimage\",\"url\":\"https:\\\/\\\/www.bellunopress.it\\\/wp-content\\\/uploads\\\/2023\\\/11\\\/corsa-campestre-Csi-Lamon-19-nov-2023_edited.jpg\",\"contentUrl\":\"https:\\\/\\\/www.bellunopress.it\\\/wp-content\\\/uploads\\\/2023\\\/11\\\/corsa-campestre-Csi-Lamon-19-nov-2023_edited.jpg\",\"width\":1000,\"height\":667,\"caption\":\"Corsa campestre Csi (immagine di repertorio)\"},{\"@type\":\"BreadcrumbList\",\"@id\":\"https:\\\/\\\/www.bellunopress.it\\\/2023\\\/11\\\/20\\\/in-500-a-lamon-per-la-4a-prova-del-campionato-provinciale-di-corsa-campestre-del-csi\\\/#breadcrumb\",\"itemListElement\":[{\"@type\":\"ListItem\",\"position\":1,\"name\":\"Home\",\"item\":\"https:\\\/\\\/www.bellunopress.it\\\/\"},{\"@type\":\"ListItem\",\"position\":2,\"name\":\"In 500 a Lamon per la 4a prova del Campionato provinciale di corsa campestre del Csi\"}]},{\"@type\":\"WebSite\",\"@id\":\"https:\\\/\\\/www.bellunopress.it\\\/#website\",\"url\":\"https:\\\/\\\/www.bellunopress.it\\\/\",\"name\":\"Bellunopress - Dolomiti\",\"description\":\"e-mail: redazione@bellunopress.it\",\"publisher\":{\"@id\":\"https:\\\/\\\/www.bellunopress.it\\\/#organization\"},\"potentialAction\":[{\"@type\":\"SearchAction\",\"target\":{\"@type\":\"EntryPoint\",\"urlTemplate\":\"https:\\\/\\\/www.bellunopress.it\\\/?s={search_term_string}\"},\"query-input\":{\"@type\":\"PropertyValueSpecification\",\"valueRequired\":true,\"valueName\":\"search_term_string\"}}],\"inLanguage\":\"fr-FR\"},{\"@type\":\"Organization\",\"@id\":\"https:\\\/\\\/www.bellunopress.it\\\/#organization\",\"name\":\"Bellunopress\",\"url\":\"https:\\\/\\\/www.bellunopress.it\\\/\",\"logo\":{\"@type\":\"ImageObject\",\"inLanguage\":\"fr-FR\",\"@id\":\"https:\\\/\\\/www.bellunopress.it\\\/#\\\/schema\\\/logo\\\/image\\\/\",\"url\":\"https:\\\/\\\/www.bellunopress.it\\\/wp-content\\\/uploads\\\/2011\\\/05\\\/cropped-logo-bellunopress-.jpg\",\"contentUrl\":\"https:\\\/\\\/www.bellunopress.it\\\/wp-content\\\/uploads\\\/2011\\\/05\\\/cropped-logo-bellunopress-.jpg\",\"width\":512,\"height\":512,\"caption\":\"Bellunopress\"},\"image\":{\"@id\":\"https:\\\/\\\/www.bellunopress.it\\\/#\\\/schema\\\/logo\\\/image\\\/\"},\"sameAs\":[\"https:\\\/\\\/www.facebook.com\\\/profile.php?id=100008943462799\",\"https:\\\/\\\/x.com\\\/bellunopress\",\"https:\\\/\\\/www.linkedin.com\\\/hp\\\/?dnr=JBzUWaJfMUw8vbXJJ2tVW5-I3jZKvC4wsoxE&amp;amp;amp;amp;amp;amp;trk=nav_responsive_tab_home\",\"https:\\\/\\\/www.youtube.com\\\/channel\\\/UCxL0wu1uN0_3_7hGG0306cw\"]},{\"@type\":\"Person\",\"@id\":\"https:\\\/\\\/www.bellunopress.it\\\/#\\\/schema\\\/person\\\/79bb06722b37ece1c03d3e94beb30d73\",\"name\":\"redazione\",\"image\":{\"@type\":\"ImageObject\",\"inLanguage\":\"fr-FR\",\"@id\":\"https:\\\/\\\/secure.gravatar.com\\\/avatar\\\/37d968a2e67a6fd04c169c4bdef102d0bc5d31b2546345219e348575eb80e9a0?s=96&d=mm&r=g\",\"url\":\"https:\\\/\\\/secure.gravatar.com\\\/avatar\\\/37d968a2e67a6fd04c169c4bdef102d0bc5d31b2546345219e348575eb80e9a0?s=96&d=mm&r=g\",\"contentUrl\":\"https:\\\/\\\/secure.gravatar.com\\\/avatar\\\/37d968a2e67a6fd04c169c4bdef102d0bc5d31b2546345219e348575eb80e9a0?s=96&d=mm&r=g\",\"caption\":\"redazione\"},\"sameAs\":[\"http:\\\/\\\/www.bellunopress.it\",\"https:\\\/\\\/x.com\\\/bellunopress\"],\"url\":\"https:\\\/\\\/www.bellunopress.it\\\/fr\\\/author\\\/redazione\\\/\"}]}<\/script>\n<!-- \/ Yoast SEO plugin. -->","yoast_head_json":{"title":"In 500 a Lamon per la 4a prova del Campionato provinciale di corsa campestre del Csi - Bellunopress - Dolomiti","robots":{"index":"index","follow":"follow","max-snippet":"max-snippet:-1","max-image-preview":"max-image-preview:large","max-video-preview":"max-video-preview:-1"},"canonical":"https:\/\/www.bellunopress.it\/fr\/2023\/11\/20\/in-500-a-lamon-per-la-4a-prova-del-campionato-provinciale-di-corsa-campestre-del-csi\/","og_locale":"fr_FR","og_type":"article","og_title":"In 500 a Lamon per la 4a prova del Campionato provinciale di corsa campestre del Csi - Bellunopress - Dolomiti","og_description":"La manifestazione, valida per il Trofeo Passsport e il memorial Serafino Barp, ha visto imporsi nella graduatoria per societ\u00e0 il Gs Astra Quero, al quarto successo su quattro gare. Domenica 19 novembre la conclusione a Bribano, il 2 dicembre le premiazioni finali a Lentiai. Belluno, 20 novembre 2023 \u2013 In 500 a Lamon, domenica 19 [&hellip;]","og_url":"https:\/\/www.bellunopress.it\/fr\/2023\/11\/20\/in-500-a-lamon-per-la-4a-prova-del-campionato-provinciale-di-corsa-campestre-del-csi\/","og_site_name":"Bellunopress - Dolomiti","article_publisher":"https:\/\/www.facebook.com\/profile.php?id=100008943462799","article_published_time":"2023-11-20T08:19:02+00:00","og_image":[{"width":1000,"height":667,"url":"https:\/\/www.bellunopress.it\/wp-content\/uploads\/2023\/11\/corsa-campestre-Csi-Lamon-19-nov-2023_edited.jpg","type":"image\/jpeg"}],"author":"redazione","twitter_card":"summary_large_image","twitter_creator":"@bellunopress","twitter_site":"@bellunopress","twitter_misc":{"\u00c9crit par":"redazione","Dur\u00e9e de lecture estim\u00e9e":"2 minutes"},"schema":{"@context":"https:\/\/schema.org","@graph":[{"@type":"Article","@id":"https:\/\/www.bellunopress.it\/2023\/11\/20\/in-500-a-lamon-per-la-4a-prova-del-campionato-provinciale-di-corsa-campestre-del-csi\/#article","isPartOf":{"@id":"https:\/\/www.bellunopress.it\/2023\/11\/20\/in-500-a-lamon-per-la-4a-prova-del-campionato-provinciale-di-corsa-campestre-del-csi\/"},"author":{"name":"redazione","@id":"https:\/\/www.bellunopress.it\/#\/schema\/person\/79bb06722b37ece1c03d3e94beb30d73"},"headline":"In 500 a Lamon per la 4a prova del Campionato provinciale di corsa campestre del Csi","datePublished":"2023-11-20T08:19:02+00:00","mainEntityOfPage":{"@id":"https:\/\/www.bellunopress.it\/2023\/11\/20\/in-500-a-lamon-per-la-4a-prova-del-campionato-provinciale-di-corsa-campestre-del-csi\/"},"wordCount":352,"publisher":{"@id":"https:\/\/www.bellunopress.it\/#organization"},"image":{"@id":"https:\/\/www.bellunopress.it\/2023\/11\/20\/in-500-a-lamon-per-la-4a-prova-del-campionato-provinciale-di-corsa-campestre-del-csi\/#primaryimage"},"thumbnailUrl":"https:\/\/www.bellunopress.it\/wp-content\/uploads\/2023\/11\/corsa-campestre-Csi-Lamon-19-nov-2023_edited.jpg","articleSection":["Prima Pagina","Sport, tempo libero"],"inLanguage":"fr-FR"},{"@type":"WebPage","@id":"https:\/\/www.bellunopress.it\/2023\/11\/20\/in-500-a-lamon-per-la-4a-prova-del-campionato-provinciale-di-corsa-campestre-del-csi\/","url":"https:\/\/www.bellunopress.it\/2023\/11\/20\/in-500-a-lamon-per-la-4a-prova-del-campionato-provinciale-di-corsa-campestre-del-csi\/","name":"In 500 a Lamon per la 4a prova del Campionato provinciale di corsa campestre del Csi - Bellunopress - Dolomiti","isPartOf":{"@id":"https:\/\/www.bellunopress.it\/#website"},"primaryImageOfPage":{"@id":"https:\/\/www.bellunopress.it\/2023\/11\/20\/in-500-a-lamon-per-la-4a-prova-del-campionato-provinciale-di-corsa-campestre-del-csi\/#primaryimage"},"image":{"@id":"https:\/\/www.bellunopress.it\/2023\/11\/20\/in-500-a-lamon-per-la-4a-prova-del-campionato-provinciale-di-corsa-campestre-del-csi\/#primaryimage"},"thumbnailUrl":"https:\/\/www.bellunopress.it\/wp-content\/uploads\/2023\/11\/corsa-campestre-Csi-Lamon-19-nov-2023_edited.jpg","datePublished":"2023-11-20T08:19:02+00:00","breadcrumb":{"@id":"https:\/\/www.bellunopress.it\/2023\/11\/20\/in-500-a-lamon-per-la-4a-prova-del-campionato-provinciale-di-corsa-campestre-del-csi\/#breadcrumb"},"inLanguage":"fr-FR","potentialAction":[{"@type":"ReadAction","target":["https:\/\/www.bellunopress.it\/2023\/11\/20\/in-500-a-lamon-per-la-4a-prova-del-campionato-provinciale-di-corsa-campestre-del-csi\/"]}]},{"@type":"ImageObject","inLanguage":"fr-FR","@id":"https:\/\/www.bellunopress.it\/2023\/11\/20\/in-500-a-lamon-per-la-4a-prova-del-campionato-provinciale-di-corsa-campestre-del-csi\/#primaryimage","url":"https:\/\/www.bellunopress.it\/wp-content\/uploads\/2023\/11\/corsa-campestre-Csi-Lamon-19-nov-2023_edited.jpg","contentUrl":"https:\/\/www.bellunopress.it\/wp-content\/uploads\/2023\/11\/corsa-campestre-Csi-Lamon-19-nov-2023_edited.jpg","width":1000,"height":667,"caption":"Corsa campestre Csi (immagine di repertorio)"},{"@type":"BreadcrumbList","@id":"https:\/\/www.bellunopress.it\/2023\/11\/20\/in-500-a-lamon-per-la-4a-prova-del-campionato-provinciale-di-corsa-campestre-del-csi\/#breadcrumb","itemListElement":[{"@type":"ListItem","position":1,"name":"Home","item":"https:\/\/www.bellunopress.it\/"},{"@type":"ListItem","position":2,"name":"In 500 a Lamon per la 4a prova del Campionato provinciale di corsa campestre del Csi"}]},{"@type":"WebSite","@id":"https:\/\/www.bellunopress.it\/#website","url":"https:\/\/www.bellunopress.it\/","name":"Bellunopress - Dolomiti","description":"e-mail: redazione@bellunopress.it","publisher":{"@id":"https:\/\/www.bellunopress.it\/#organization"},"potentialAction":[{"@type":"SearchAction","target":{"@type":"EntryPoint","urlTemplate":"https:\/\/www.bellunopress.it\/?s={search_term_string}"},"query-input":{"@type":"PropertyValueSpecification","valueRequired":true,"valueName":"search_term_string"}}],"inLanguage":"fr-FR"},{"@type":"Organization","@id":"https:\/\/www.bellunopress.it\/#organization","name":"Bellunopress","url":"https:\/\/www.bellunopress.it\/","logo":{"@type":"ImageObject","inLanguage":"fr-FR","@id":"https:\/\/www.bellunopress.it\/#\/schema\/logo\/image\/","url":"https:\/\/www.bellunopress.it\/wp-content\/uploads\/2011\/05\/cropped-logo-bellunopress-.jpg","contentUrl":"https:\/\/www.bellunopress.it\/wp-content\/uploads\/2011\/05\/cropped-logo-bellunopress-.jpg","width":512,"height":512,"caption":"Bellunopress"},"image":{"@id":"https:\/\/www.bellunopress.it\/#\/schema\/logo\/image\/"},"sameAs":["https:\/\/www.facebook.com\/profile.php?id=100008943462799","https:\/\/x.com\/bellunopress","https:\/\/www.linkedin.com\/hp\/?dnr=JBzUWaJfMUw8vbXJJ2tVW5-I3jZKvC4wsoxE&amp;amp;amp;amp;amp;amp;trk=nav_responsive_tab_home","https:\/\/www.youtube.com\/channel\/UCxL0wu1uN0_3_7hGG0306cw"]},{"@type":"Person","@id":"https:\/\/www.bellunopress.it\/#\/schema\/person\/79bb06722b37ece1c03d3e94beb30d73","name":"r\u00e9daction","image":{"@type":"ImageObject","inLanguage":"fr-FR","@id":"https:\/\/secure.gravatar.com\/avatar\/37d968a2e67a6fd04c169c4bdef102d0bc5d31b2546345219e348575eb80e9a0?s=96&d=mm&r=g","url":"https:\/\/secure.gravatar.com\/avatar\/37d968a2e67a6fd04c169c4bdef102d0bc5d31b2546345219e348575eb80e9a0?s=96&d=mm&r=g","contentUrl":"https:\/\/secure.gravatar.com\/avatar\/37d968a2e67a6fd04c169c4bdef102d0bc5d31b2546345219e348575eb80e9a0?s=96&d=mm&r=g","caption":"redazione"},"sameAs":["http:\/\/www.bellunopress.it","https:\/\/x.com\/bellunopress"],"url":"https:\/\/www.bellunopress.it\/fr\/author\/redazione\/"}]}},"_links":{"self":[{"href":"https:\/\/www.bellunopress.it\/fr\/wp-json\/wp\/v2\/posts\/146039","targetHints":{"allow":["GET"]}}],"collection":[{"href":"https:\/\/www.bellunopress.it\/fr\/wp-json\/wp\/v2\/posts"}],"about":[{"href":"https:\/\/www.bellunopress.it\/fr\/wp-json\/wp\/v2\/types\/post"}],"author":[{"embeddable":true,"href":"https:\/\/www.bellunopress.it\/fr\/wp-json\/wp\/v2\/users\/2"}],"replies":[{"embeddable":true,"href":"https:\/\/www.bellunopress.it\/fr\/wp-json\/wp\/v2\/comments?post=146039"}],"version-history":[{"count":1,"href":"https:\/\/www.bellunopress.it\/fr\/wp-json\/wp\/v2\/posts\/146039\/revisions"}],"predecessor-version":[{"id":146041,"href":"https:\/\/www.bellunopress.it\/fr\/wp-json\/wp\/v2\/posts\/146039\/revisions\/146041"}],"wp:featuredmedia":[{"embeddable":true,"href":"https:\/\/www.bellunopress.it\/fr\/wp-json\/wp\/v2\/media\/146040"}],"wp:attachment":[{"href":"https:\/\/www.bellunopress.it\/fr\/wp-json\/wp\/v2\/media?parent=146039"}],"wp:term":[{"taxonomy":"category","embeddable":true,"href":"https:\/\/www.bellunopress.it\/fr\/wp-json\/wp\/v2\/categories?post=146039"},{"taxonomy":"post_tag","embeddable":true,"href":"https:\/\/www.bellunopress.it\/fr\/wp-json\/wp\/v2\/tags?post=146039"}],"curies":[{"name":"wp","href":"https:\/\/api.w.org\/{rel}","templated":true}]}}