{"id":146036,"date":"2023-11-20T10:02:07","date_gmt":"2023-11-20T09:02:07","guid":{"rendered":"https:\/\/www.bellunopress.it\/?p=146036"},"modified":"2023-11-20T15:06:24","modified_gmt":"2023-11-20T14:06:24","slug":"visita-al-rifugio-antiaereo-sotto-piazza-dei-martiri-domenica-26-novembre-con-il-fai","status":"publish","type":"post","link":"https:\/\/www.bellunopress.it\/fr\/2023\/11\/20\/visita-al-rifugio-antiaereo-sotto-piazza-dei-martiri-domenica-26-novembre-con-il-fai\/","title":{"rendered":"Visita al rifugio antiaereo sotto piazza dei Martiri. Domenica 26 novembre con il Fai"},"content":{"rendered":"<p><img loading=\"lazy\" decoding=\"async\" class=\"alignleft size-full wp-image-146037\" src=\"https:\/\/www.bellunopress.it\/wp-content\/uploads\/2023\/11\/bunker-rifugio-antiaereo-Belluno_edited.jpg\" alt=\"\" width=\"810\" height=\"540\" srcset=\"https:\/\/www.bellunopress.it\/wp-content\/uploads\/2023\/11\/bunker-rifugio-antiaereo-Belluno_edited.jpg 810w, https:\/\/www.bellunopress.it\/wp-content\/uploads\/2023\/11\/bunker-rifugio-antiaereo-Belluno_edited-500x333.jpg 500w, https:\/\/www.bellunopress.it\/wp-content\/uploads\/2023\/11\/bunker-rifugio-antiaereo-Belluno_edited-696x464.jpg 696w\" sizes=\"auto, (max-width: 810px) 100vw, 810px\" \/>Nuovo appuntamento culturale con il Fondo Ambiente Italiano di Belluno. Domenica 26 novembre torna a essere nuovamente aperto al pubblico, dopo il successo dell\u2019edizione 2022 delle Giornate di Primavera, uno dei rifugi antiaerei realizzati in centro citt\u00e0 durante la Seconda guerra mondiale.<\/p>\n<p>Accompagnati dai volontari della delegazione bellunese del Fai, i visitatori potranno percorrere le gallerie del rifugio antiaereo che si estende sotto Piazza dei Martiri, dove ancora pochi hanno messo piede perch\u00e9 totalmente nascoste e chiuse al pubblico. Si potr\u00e0 scoprire la storia di questi luoghi, la loro realizzazione e le specificit\u00e0 strutturali ed architettoniche.<\/p>\n<p>Percorrendo un primo tunnel dell&#8217;altezza di soli 2,5 m per 1,8 m di larghezza si acceder\u00e0 all&#8217;interno di grandi gallerie attraverso un percorso al di sotto del centro storico della citt\u00e0. La visita attraverser\u00e0 i vari ambienti del rifugio dove ancora sono visibili le grandi scritte segnaletiche fatte per mantenere l&#8217;ordine e la calma durante i bombardamenti. Gli ambienti non sono illuminati e sono presenti infiltrazioni d&#8217;acqua. \u00c8 necessario indossare calzature adeguate ed \u00e8 consigliabile dotarsi di torcia elettrica.<\/p>\n<p>I turni di visita sono della durata di un&#8217;ora con partenza alle 14, alle 15 e alle 16. Il ritrovo \u00e8 sotto l\u2019hotel Astor, in via Lambioi. Le visite prevedono un contributo a partire da 3 euro. Sar\u00e0 possibile iscriversi al Fai in loco alla quota di benvenuto Fai Giovani di 15 euro, per chi ha dai 18 ai 35 anni, nonch\u00e9 il rinnovo alla stessa quota. Inoltre, in occasione del Black Friday, c\u2019\u00e8 la possibilit\u00e0, solo per i nuovi iscritti, di iscriversi in loco a tariffa agevolata (riduzione di 10 euro su tutte le tipologie di iscrizione). Per informazioni contattare via mail: belluno@faigiovani.fondoambiente.it<\/p>","protected":false},"excerpt":{"rendered":"<p>Nuovo appuntamento culturale con il Fondo Ambiente Italiano di Belluno. Domenica 26 novembre torna a essere nuovamente aperto al pubblico, dopo il successo dell\u2019edizione 2022 delle Giornate di Primavera, uno dei rifugi antiaerei realizzati in centro citt\u00e0 durante la Seconda guerra mondiale. Accompagnati dai volontari della delegazione bellunese del Fai, i visitatori potranno percorrere le [&hellip;]<\/p>\n","protected":false},"author":2,"featured_media":146037,"comment_status":"closed","ping_status":"open","sticky":false,"template":"","format":"standard","meta":{"footnotes":""},"categories":[27,25,8],"tags":[],"class_list":["post-146036","post","type-post","status-publish","format-standard","has-post-thumbnail","category-appuntamenti","category-pausa-caffe","category-societa-istituzioni"],"yoast_head":"<!-- This site is optimized with the Yoast SEO plugin v28.4 - https:\/\/yoast.com\/product\/yoast-seo-wordpress\/ -->\n<title>Visita al rifugio antiaereo sotto piazza dei Martiri. Domenica 26 novembre con il Fai - Bellunopress - Dolomiti<\/title>\n<meta name=\"robots\" content=\"index, follow, max-snippet:-1, max-image-preview:large, max-video-preview:-1\" \/>\n<link rel=\"canonical\" href=\"https:\/\/www.bellunopress.it\/fr\/2023\/11\/20\/visita-al-rifugio-antiaereo-sotto-piazza-dei-martiri-domenica-26-novembre-con-il-fai\/\" \/>\n<meta property=\"og:locale\" content=\"fr_FR\" \/>\n<meta property=\"og:type\" content=\"article\" \/>\n<meta property=\"og:title\" content=\"Visita al rifugio antiaereo sotto piazza dei Martiri. Domenica 26 novembre con il Fai - Bellunopress - Dolomiti\" \/>\n<meta property=\"og:description\" content=\"Nuovo appuntamento culturale con il Fondo Ambiente Italiano di Belluno. Domenica 26 novembre torna a essere nuovamente aperto al pubblico, dopo il successo dell\u2019edizione 2022 delle Giornate di Primavera, uno dei rifugi antiaerei realizzati in centro citt\u00e0 durante la Seconda guerra mondiale. Accompagnati dai volontari della delegazione bellunese del Fai, i visitatori potranno percorrere le [&hellip;]\" \/>\n<meta property=\"og:url\" content=\"https:\/\/www.bellunopress.it\/fr\/2023\/11\/20\/visita-al-rifugio-antiaereo-sotto-piazza-dei-martiri-domenica-26-novembre-con-il-fai\/\" \/>\n<meta property=\"og:site_name\" content=\"Bellunopress - Dolomiti\" \/>\n<meta property=\"article:publisher\" content=\"https:\/\/www.facebook.com\/profile.php?id=100008943462799\" \/>\n<meta property=\"article:published_time\" content=\"2023-11-20T09:02:07+00:00\" \/>\n<meta property=\"article:modified_time\" content=\"2023-11-20T14:06:24+00:00\" \/>\n<meta property=\"og:image\" content=\"https:\/\/www.bellunopress.it\/wp-content\/uploads\/2023\/11\/bunker-rifugio-antiaereo-Belluno_edited.jpg\" \/>\n\t<meta property=\"og:image:width\" content=\"810\" \/>\n\t<meta property=\"og:image:height\" content=\"540\" \/>\n\t<meta property=\"og:image:type\" content=\"image\/jpeg\" \/>\n<meta name=\"author\" content=\"redazione\" \/>\n<meta name=\"twitter:card\" content=\"summary_large_image\" \/>\n<meta name=\"twitter:creator\" content=\"@bellunopress\" \/>\n<meta name=\"twitter:site\" content=\"@bellunopress\" \/>\n<meta name=\"twitter:label1\" content=\"\u00c9crit par\" \/>\n\t<meta name=\"twitter:data1\" content=\"redazione\" \/>\n\t<meta name=\"twitter:label2\" content=\"Dur\u00e9e de lecture estim\u00e9e\" \/>\n\t<meta name=\"twitter:data2\" content=\"1 minute\" \/>\n<script type=\"application\/ld+json\" class=\"yoast-schema-graph\">{\"@context\":\"https:\\\/\\\/schema.org\",\"@graph\":[{\"@type\":\"Article\",\"@id\":\"https:\\\/\\\/www.bellunopress.it\\\/2023\\\/11\\\/20\\\/visita-al-rifugio-antiaereo-sotto-piazza-dei-martiri-domenica-26-novembre-con-il-fai\\\/#article\",\"isPartOf\":{\"@id\":\"https:\\\/\\\/www.bellunopress.it\\\/2023\\\/11\\\/20\\\/visita-al-rifugio-antiaereo-sotto-piazza-dei-martiri-domenica-26-novembre-con-il-fai\\\/\"},\"author\":{\"name\":\"redazione\",\"@id\":\"https:\\\/\\\/www.bellunopress.it\\\/#\\\/schema\\\/person\\\/79bb06722b37ece1c03d3e94beb30d73\"},\"headline\":\"Visita al rifugio antiaereo sotto piazza dei Martiri. Domenica 26 novembre con il Fai\",\"datePublished\":\"2023-11-20T09:02:07+00:00\",\"dateModified\":\"2023-11-20T14:06:24+00:00\",\"mainEntityOfPage\":{\"@id\":\"https:\\\/\\\/www.bellunopress.it\\\/2023\\\/11\\\/20\\\/visita-al-rifugio-antiaereo-sotto-piazza-dei-martiri-domenica-26-novembre-con-il-fai\\\/\"},\"wordCount\":287,\"publisher\":{\"@id\":\"https:\\\/\\\/www.bellunopress.it\\\/#organization\"},\"image\":{\"@id\":\"https:\\\/\\\/www.bellunopress.it\\\/2023\\\/11\\\/20\\\/visita-al-rifugio-antiaereo-sotto-piazza-dei-martiri-domenica-26-novembre-con-il-fai\\\/#primaryimage\"},\"thumbnailUrl\":\"https:\\\/\\\/www.bellunopress.it\\\/wp-content\\\/uploads\\\/2023\\\/11\\\/bunker-rifugio-antiaereo-Belluno_edited.jpg\",\"articleSection\":[\"Appuntamenti, Eventi\",\"Pausa Caff\u00e8\",\"Societ\u00e0, Associazioni, Istituzioni\"],\"inLanguage\":\"fr-FR\"},{\"@type\":\"WebPage\",\"@id\":\"https:\\\/\\\/www.bellunopress.it\\\/2023\\\/11\\\/20\\\/visita-al-rifugio-antiaereo-sotto-piazza-dei-martiri-domenica-26-novembre-con-il-fai\\\/\",\"url\":\"https:\\\/\\\/www.bellunopress.it\\\/2023\\\/11\\\/20\\\/visita-al-rifugio-antiaereo-sotto-piazza-dei-martiri-domenica-26-novembre-con-il-fai\\\/\",\"name\":\"Visita al rifugio antiaereo sotto piazza dei Martiri. Domenica 26 novembre con il Fai - Bellunopress - Dolomiti\",\"isPartOf\":{\"@id\":\"https:\\\/\\\/www.bellunopress.it\\\/#website\"},\"primaryImageOfPage\":{\"@id\":\"https:\\\/\\\/www.bellunopress.it\\\/2023\\\/11\\\/20\\\/visita-al-rifugio-antiaereo-sotto-piazza-dei-martiri-domenica-26-novembre-con-il-fai\\\/#primaryimage\"},\"image\":{\"@id\":\"https:\\\/\\\/www.bellunopress.it\\\/2023\\\/11\\\/20\\\/visita-al-rifugio-antiaereo-sotto-piazza-dei-martiri-domenica-26-novembre-con-il-fai\\\/#primaryimage\"},\"thumbnailUrl\":\"https:\\\/\\\/www.bellunopress.it\\\/wp-content\\\/uploads\\\/2023\\\/11\\\/bunker-rifugio-antiaereo-Belluno_edited.jpg\",\"datePublished\":\"2023-11-20T09:02:07+00:00\",\"dateModified\":\"2023-11-20T14:06:24+00:00\",\"breadcrumb\":{\"@id\":\"https:\\\/\\\/www.bellunopress.it\\\/2023\\\/11\\\/20\\\/visita-al-rifugio-antiaereo-sotto-piazza-dei-martiri-domenica-26-novembre-con-il-fai\\\/#breadcrumb\"},\"inLanguage\":\"fr-FR\",\"potentialAction\":[{\"@type\":\"ReadAction\",\"target\":[\"https:\\\/\\\/www.bellunopress.it\\\/2023\\\/11\\\/20\\\/visita-al-rifugio-antiaereo-sotto-piazza-dei-martiri-domenica-26-novembre-con-il-fai\\\/\"]}]},{\"@type\":\"ImageObject\",\"inLanguage\":\"fr-FR\",\"@id\":\"https:\\\/\\\/www.bellunopress.it\\\/2023\\\/11\\\/20\\\/visita-al-rifugio-antiaereo-sotto-piazza-dei-martiri-domenica-26-novembre-con-il-fai\\\/#primaryimage\",\"url\":\"https:\\\/\\\/www.bellunopress.it\\\/wp-content\\\/uploads\\\/2023\\\/11\\\/bunker-rifugio-antiaereo-Belluno_edited.jpg\",\"contentUrl\":\"https:\\\/\\\/www.bellunopress.it\\\/wp-content\\\/uploads\\\/2023\\\/11\\\/bunker-rifugio-antiaereo-Belluno_edited.jpg\",\"width\":810,\"height\":540},{\"@type\":\"BreadcrumbList\",\"@id\":\"https:\\\/\\\/www.bellunopress.it\\\/2023\\\/11\\\/20\\\/visita-al-rifugio-antiaereo-sotto-piazza-dei-martiri-domenica-26-novembre-con-il-fai\\\/#breadcrumb\",\"itemListElement\":[{\"@type\":\"ListItem\",\"position\":1,\"name\":\"Home\",\"item\":\"https:\\\/\\\/www.bellunopress.it\\\/\"},{\"@type\":\"ListItem\",\"position\":2,\"name\":\"Visita al rifugio antiaereo sotto piazza dei Martiri. Domenica 26 novembre con il Fai\"}]},{\"@type\":\"WebSite\",\"@id\":\"https:\\\/\\\/www.bellunopress.it\\\/#website\",\"url\":\"https:\\\/\\\/www.bellunopress.it\\\/\",\"name\":\"Bellunopress - Dolomiti\",\"description\":\"e-mail: redazione@bellunopress.it\",\"publisher\":{\"@id\":\"https:\\\/\\\/www.bellunopress.it\\\/#organization\"},\"potentialAction\":[{\"@type\":\"SearchAction\",\"target\":{\"@type\":\"EntryPoint\",\"urlTemplate\":\"https:\\\/\\\/www.bellunopress.it\\\/?s={search_term_string}\"},\"query-input\":{\"@type\":\"PropertyValueSpecification\",\"valueRequired\":true,\"valueName\":\"search_term_string\"}}],\"inLanguage\":\"fr-FR\"},{\"@type\":\"Organization\",\"@id\":\"https:\\\/\\\/www.bellunopress.it\\\/#organization\",\"name\":\"Bellunopress\",\"url\":\"https:\\\/\\\/www.bellunopress.it\\\/\",\"logo\":{\"@type\":\"ImageObject\",\"inLanguage\":\"fr-FR\",\"@id\":\"https:\\\/\\\/www.bellunopress.it\\\/#\\\/schema\\\/logo\\\/image\\\/\",\"url\":\"https:\\\/\\\/www.bellunopress.it\\\/wp-content\\\/uploads\\\/2011\\\/05\\\/cropped-logo-bellunopress-.jpg\",\"contentUrl\":\"https:\\\/\\\/www.bellunopress.it\\\/wp-content\\\/uploads\\\/2011\\\/05\\\/cropped-logo-bellunopress-.jpg\",\"width\":512,\"height\":512,\"caption\":\"Bellunopress\"},\"image\":{\"@id\":\"https:\\\/\\\/www.bellunopress.it\\\/#\\\/schema\\\/logo\\\/image\\\/\"},\"sameAs\":[\"https:\\\/\\\/www.facebook.com\\\/profile.php?id=100008943462799\",\"https:\\\/\\\/x.com\\\/bellunopress\",\"https:\\\/\\\/www.linkedin.com\\\/hp\\\/?dnr=JBzUWaJfMUw8vbXJJ2tVW5-I3jZKvC4wsoxE&amp;amp;amp;amp;amp;amp;trk=nav_responsive_tab_home\",\"https:\\\/\\\/www.youtube.com\\\/channel\\\/UCxL0wu1uN0_3_7hGG0306cw\"]},{\"@type\":\"Person\",\"@id\":\"https:\\\/\\\/www.bellunopress.it\\\/#\\\/schema\\\/person\\\/79bb06722b37ece1c03d3e94beb30d73\",\"name\":\"redazione\",\"image\":{\"@type\":\"ImageObject\",\"inLanguage\":\"fr-FR\",\"@id\":\"https:\\\/\\\/secure.gravatar.com\\\/avatar\\\/37d968a2e67a6fd04c169c4bdef102d0bc5d31b2546345219e348575eb80e9a0?s=96&d=mm&r=g\",\"url\":\"https:\\\/\\\/secure.gravatar.com\\\/avatar\\\/37d968a2e67a6fd04c169c4bdef102d0bc5d31b2546345219e348575eb80e9a0?s=96&d=mm&r=g\",\"contentUrl\":\"https:\\\/\\\/secure.gravatar.com\\\/avatar\\\/37d968a2e67a6fd04c169c4bdef102d0bc5d31b2546345219e348575eb80e9a0?s=96&d=mm&r=g\",\"caption\":\"redazione\"},\"sameAs\":[\"http:\\\/\\\/www.bellunopress.it\",\"https:\\\/\\\/x.com\\\/bellunopress\"],\"url\":\"https:\\\/\\\/www.bellunopress.it\\\/fr\\\/author\\\/redazione\\\/\"}]}<\/script>\n<!-- \/ Yoast SEO plugin. -->","yoast_head_json":{"title":"Visita al rifugio antiaereo sotto piazza dei Martiri. Domenica 26 novembre con il Fai - Bellunopress - Dolomiti","robots":{"index":"index","follow":"follow","max-snippet":"max-snippet:-1","max-image-preview":"max-image-preview:large","max-video-preview":"max-video-preview:-1"},"canonical":"https:\/\/www.bellunopress.it\/fr\/2023\/11\/20\/visita-al-rifugio-antiaereo-sotto-piazza-dei-martiri-domenica-26-novembre-con-il-fai\/","og_locale":"fr_FR","og_type":"article","og_title":"Visita al rifugio antiaereo sotto piazza dei Martiri. Domenica 26 novembre con il Fai - Bellunopress - Dolomiti","og_description":"Nuovo appuntamento culturale con il Fondo Ambiente Italiano di Belluno. Domenica 26 novembre torna a essere nuovamente aperto al pubblico, dopo il successo dell\u2019edizione 2022 delle Giornate di Primavera, uno dei rifugi antiaerei realizzati in centro citt\u00e0 durante la Seconda guerra mondiale. Accompagnati dai volontari della delegazione bellunese del Fai, i visitatori potranno percorrere le [&hellip;]","og_url":"https:\/\/www.bellunopress.it\/fr\/2023\/11\/20\/visita-al-rifugio-antiaereo-sotto-piazza-dei-martiri-domenica-26-novembre-con-il-fai\/","og_site_name":"Bellunopress - Dolomiti","article_publisher":"https:\/\/www.facebook.com\/profile.php?id=100008943462799","article_published_time":"2023-11-20T09:02:07+00:00","article_modified_time":"2023-11-20T14:06:24+00:00","og_image":[{"width":810,"height":540,"url":"https:\/\/www.bellunopress.it\/wp-content\/uploads\/2023\/11\/bunker-rifugio-antiaereo-Belluno_edited.jpg","type":"image\/jpeg"}],"author":"redazione","twitter_card":"summary_large_image","twitter_creator":"@bellunopress","twitter_site":"@bellunopress","twitter_misc":{"\u00c9crit par":"redazione","Dur\u00e9e de lecture estim\u00e9e":"1 minute"},"schema":{"@context":"https:\/\/schema.org","@graph":[{"@type":"Article","@id":"https:\/\/www.bellunopress.it\/2023\/11\/20\/visita-al-rifugio-antiaereo-sotto-piazza-dei-martiri-domenica-26-novembre-con-il-fai\/#article","isPartOf":{"@id":"https:\/\/www.bellunopress.it\/2023\/11\/20\/visita-al-rifugio-antiaereo-sotto-piazza-dei-martiri-domenica-26-novembre-con-il-fai\/"},"author":{"name":"redazione","@id":"https:\/\/www.bellunopress.it\/#\/schema\/person\/79bb06722b37ece1c03d3e94beb30d73"},"headline":"Visita al rifugio antiaereo sotto piazza dei Martiri. Domenica 26 novembre con il Fai","datePublished":"2023-11-20T09:02:07+00:00","dateModified":"2023-11-20T14:06:24+00:00","mainEntityOfPage":{"@id":"https:\/\/www.bellunopress.it\/2023\/11\/20\/visita-al-rifugio-antiaereo-sotto-piazza-dei-martiri-domenica-26-novembre-con-il-fai\/"},"wordCount":287,"publisher":{"@id":"https:\/\/www.bellunopress.it\/#organization"},"image":{"@id":"https:\/\/www.bellunopress.it\/2023\/11\/20\/visita-al-rifugio-antiaereo-sotto-piazza-dei-martiri-domenica-26-novembre-con-il-fai\/#primaryimage"},"thumbnailUrl":"https:\/\/www.bellunopress.it\/wp-content\/uploads\/2023\/11\/bunker-rifugio-antiaereo-Belluno_edited.jpg","articleSection":["Appuntamenti, Eventi","Pausa Caff\u00e8","Societ\u00e0, Associazioni, Istituzioni"],"inLanguage":"fr-FR"},{"@type":"WebPage","@id":"https:\/\/www.bellunopress.it\/2023\/11\/20\/visita-al-rifugio-antiaereo-sotto-piazza-dei-martiri-domenica-26-novembre-con-il-fai\/","url":"https:\/\/www.bellunopress.it\/2023\/11\/20\/visita-al-rifugio-antiaereo-sotto-piazza-dei-martiri-domenica-26-novembre-con-il-fai\/","name":"Visita al rifugio antiaereo sotto piazza dei Martiri. Domenica 26 novembre con il Fai - Bellunopress - Dolomiti","isPartOf":{"@id":"https:\/\/www.bellunopress.it\/#website"},"primaryImageOfPage":{"@id":"https:\/\/www.bellunopress.it\/2023\/11\/20\/visita-al-rifugio-antiaereo-sotto-piazza-dei-martiri-domenica-26-novembre-con-il-fai\/#primaryimage"},"image":{"@id":"https:\/\/www.bellunopress.it\/2023\/11\/20\/visita-al-rifugio-antiaereo-sotto-piazza-dei-martiri-domenica-26-novembre-con-il-fai\/#primaryimage"},"thumbnailUrl":"https:\/\/www.bellunopress.it\/wp-content\/uploads\/2023\/11\/bunker-rifugio-antiaereo-Belluno_edited.jpg","datePublished":"2023-11-20T09:02:07+00:00","dateModified":"2023-11-20T14:06:24+00:00","breadcrumb":{"@id":"https:\/\/www.bellunopress.it\/2023\/11\/20\/visita-al-rifugio-antiaereo-sotto-piazza-dei-martiri-domenica-26-novembre-con-il-fai\/#breadcrumb"},"inLanguage":"fr-FR","potentialAction":[{"@type":"ReadAction","target":["https:\/\/www.bellunopress.it\/2023\/11\/20\/visita-al-rifugio-antiaereo-sotto-piazza-dei-martiri-domenica-26-novembre-con-il-fai\/"]}]},{"@type":"ImageObject","inLanguage":"fr-FR","@id":"https:\/\/www.bellunopress.it\/2023\/11\/20\/visita-al-rifugio-antiaereo-sotto-piazza-dei-martiri-domenica-26-novembre-con-il-fai\/#primaryimage","url":"https:\/\/www.bellunopress.it\/wp-content\/uploads\/2023\/11\/bunker-rifugio-antiaereo-Belluno_edited.jpg","contentUrl":"https:\/\/www.bellunopress.it\/wp-content\/uploads\/2023\/11\/bunker-rifugio-antiaereo-Belluno_edited.jpg","width":810,"height":540},{"@type":"BreadcrumbList","@id":"https:\/\/www.bellunopress.it\/2023\/11\/20\/visita-al-rifugio-antiaereo-sotto-piazza-dei-martiri-domenica-26-novembre-con-il-fai\/#breadcrumb","itemListElement":[{"@type":"ListItem","position":1,"name":"Home","item":"https:\/\/www.bellunopress.it\/"},{"@type":"ListItem","position":2,"name":"Visita al rifugio antiaereo sotto piazza dei Martiri. Domenica 26 novembre con il Fai"}]},{"@type":"WebSite","@id":"https:\/\/www.bellunopress.it\/#website","url":"https:\/\/www.bellunopress.it\/","name":"Bellunopress - Dolomiti","description":"e-mail: redazione@bellunopress.it","publisher":{"@id":"https:\/\/www.bellunopress.it\/#organization"},"potentialAction":[{"@type":"SearchAction","target":{"@type":"EntryPoint","urlTemplate":"https:\/\/www.bellunopress.it\/?s={search_term_string}"},"query-input":{"@type":"PropertyValueSpecification","valueRequired":true,"valueName":"search_term_string"}}],"inLanguage":"fr-FR"},{"@type":"Organization","@id":"https:\/\/www.bellunopress.it\/#organization","name":"Bellunopress","url":"https:\/\/www.bellunopress.it\/","logo":{"@type":"ImageObject","inLanguage":"fr-FR","@id":"https:\/\/www.bellunopress.it\/#\/schema\/logo\/image\/","url":"https:\/\/www.bellunopress.it\/wp-content\/uploads\/2011\/05\/cropped-logo-bellunopress-.jpg","contentUrl":"https:\/\/www.bellunopress.it\/wp-content\/uploads\/2011\/05\/cropped-logo-bellunopress-.jpg","width":512,"height":512,"caption":"Bellunopress"},"image":{"@id":"https:\/\/www.bellunopress.it\/#\/schema\/logo\/image\/"},"sameAs":["https:\/\/www.facebook.com\/profile.php?id=100008943462799","https:\/\/x.com\/bellunopress","https:\/\/www.linkedin.com\/hp\/?dnr=JBzUWaJfMUw8vbXJJ2tVW5-I3jZKvC4wsoxE&amp;amp;amp;amp;amp;amp;trk=nav_responsive_tab_home","https:\/\/www.youtube.com\/channel\/UCxL0wu1uN0_3_7hGG0306cw"]},{"@type":"Person","@id":"https:\/\/www.bellunopress.it\/#\/schema\/person\/79bb06722b37ece1c03d3e94beb30d73","name":"r\u00e9daction","image":{"@type":"ImageObject","inLanguage":"fr-FR","@id":"https:\/\/secure.gravatar.com\/avatar\/37d968a2e67a6fd04c169c4bdef102d0bc5d31b2546345219e348575eb80e9a0?s=96&d=mm&r=g","url":"https:\/\/secure.gravatar.com\/avatar\/37d968a2e67a6fd04c169c4bdef102d0bc5d31b2546345219e348575eb80e9a0?s=96&d=mm&r=g","contentUrl":"https:\/\/secure.gravatar.com\/avatar\/37d968a2e67a6fd04c169c4bdef102d0bc5d31b2546345219e348575eb80e9a0?s=96&d=mm&r=g","caption":"redazione"},"sameAs":["http:\/\/www.bellunopress.it","https:\/\/x.com\/bellunopress"],"url":"https:\/\/www.bellunopress.it\/fr\/author\/redazione\/"}]}},"_links":{"self":[{"href":"https:\/\/www.bellunopress.it\/fr\/wp-json\/wp\/v2\/posts\/146036","targetHints":{"allow":["GET"]}}],"collection":[{"href":"https:\/\/www.bellunopress.it\/fr\/wp-json\/wp\/v2\/posts"}],"about":[{"href":"https:\/\/www.bellunopress.it\/fr\/wp-json\/wp\/v2\/types\/post"}],"author":[{"embeddable":true,"href":"https:\/\/www.bellunopress.it\/fr\/wp-json\/wp\/v2\/users\/2"}],"replies":[{"embeddable":true,"href":"https:\/\/www.bellunopress.it\/fr\/wp-json\/wp\/v2\/comments?post=146036"}],"version-history":[{"count":2,"href":"https:\/\/www.bellunopress.it\/fr\/wp-json\/wp\/v2\/posts\/146036\/revisions"}],"predecessor-version":[{"id":146050,"href":"https:\/\/www.bellunopress.it\/fr\/wp-json\/wp\/v2\/posts\/146036\/revisions\/146050"}],"wp:featuredmedia":[{"embeddable":true,"href":"https:\/\/www.bellunopress.it\/fr\/wp-json\/wp\/v2\/media\/146037"}],"wp:attachment":[{"href":"https:\/\/www.bellunopress.it\/fr\/wp-json\/wp\/v2\/media?parent=146036"}],"wp:term":[{"taxonomy":"category","embeddable":true,"href":"https:\/\/www.bellunopress.it\/fr\/wp-json\/wp\/v2\/categories?post=146036"},{"taxonomy":"post_tag","embeddable":true,"href":"https:\/\/www.bellunopress.it\/fr\/wp-json\/wp\/v2\/tags?post=146036"}],"curies":[{"name":"wp","href":"https:\/\/api.w.org\/{rel}","templated":true}]}}