{"id":146033,"date":"2023-11-20T09:15:08","date_gmt":"2023-11-20T08:15:08","guid":{"rendered":"https:\/\/www.bellunopress.it\/?p=146033"},"modified":"2023-11-19T22:48:21","modified_gmt":"2023-11-19T21:48:21","slug":"dolomiti-bellunesi-a-treviso-e-un-tris-dautore","status":"publish","type":"post","link":"https:\/\/www.bellunopress.it\/fr\/2023\/11\/20\/dolomiti-bellunesi-a-treviso-e-un-tris-dautore\/","title":{"rendered":"Dolomiti Bellunesi: a Treviso \u00e8 un tris d&#8217;autore"},"content":{"rendered":"<figure id=\"attachment_146034\" aria-describedby=\"caption-attachment-146034\" style=\"width: 1000px\" class=\"wp-caption alignleft\"><img loading=\"lazy\" decoding=\"async\" class=\"size-full wp-image-146034\" src=\"https:\/\/www.bellunopress.it\/wp-content\/uploads\/2023\/11\/Dolomiti-Bellunesi-Perez_segna_il_raddoppio_edited.jpg\" alt=\"\" width=\"1000\" height=\"666\" srcset=\"https:\/\/www.bellunopress.it\/wp-content\/uploads\/2023\/11\/Dolomiti-Bellunesi-Perez_segna_il_raddoppio_edited.jpg 1000w, https:\/\/www.bellunopress.it\/wp-content\/uploads\/2023\/11\/Dolomiti-Bellunesi-Perez_segna_il_raddoppio_edited-500x333.jpg 500w, https:\/\/www.bellunopress.it\/wp-content\/uploads\/2023\/11\/Dolomiti-Bellunesi-Perez_segna_il_raddoppio_edited-696x464.jpg 696w\" sizes=\"auto, (max-width: 1000px) 100vw, 1000px\" \/><figcaption id=\"caption-attachment-146034\" class=\"wp-caption-text\">Perez segna il raddoppio<\/figcaption><\/figure>\n<p><em><strong>Sbancato il &#8220;Tenni&#8221;: dolomitici di nuovo in zona podio<\/strong><\/em><\/p>\n<p>TREVISO-DOLOMITI BELLUNESI 0-3<\/p>\n<p>GOL: pt 5&#8242; De Carli, 40&#8242; Perez; st 43&#8242; Nunic.<\/p>\n<p>TREVISO: Sperandio, Perticone, Farabegoli, Raggio (st 28&#8242; Leite), Borsato (st 7&#8242; Mambelli), Arcopinto (st 1&#8242; Meola), Nunes (st 39&#8242; Simonetta), De Poli (st 1&#8242; Posocco), Lattuchella, De Respinis, Gnago (in panchina: F. Salviato, S. Salviato, Mariutto, Beccaro). Allenatore: M. Florindo.<\/p>\n<p>DOLOMITI BELLUNESI: Virvilas; Grieco (st 45&#8242; Capacchione), Perez, Tiozzo, Toniolo; De Carli, Mazza, Baldassar (st 24&#8242; Masut); Caprioni (st 29&#8242; Cozzari), Biancheri (st 9&#8242; Nunic), De Paoli (st 29&#8242; Alcides) (in panchina: Bresolin, A. Cossalter, Bandaogo, Bevilacqua). Allenatore: N. Zanini.<\/p>\n<p>ARBITRO: Vincenzo D&#8217;Ambrosio Giordano di Collegno (assistenti: Marco Tuccillo di Pinerolo e Gheorghe Mititelu di Torino).<\/p>\n<p>NOTE. Spettatori: 1550. Ammoniti: Nunes, Tiozzo. Angoli: 3-1 per il Treviso. Recupero: pt 1&#8242;; st 5&#8242;.<\/p>\n<p>Treviso \u00e8 ancora di terra di conquista: dopo aver ottenuto una qualificazione nel preliminare di Coppa Italia, ai rigori, la SSD Dolomiti Bellunesi strappa anche i tre punti in campionato. E lo fa al termine di una prestazione maiuscola: forse la migliore di questa annata, in termini di applicazione, lettura tattica, intensit\u00e0, ritmo. E concretezza. De Carli, Perez e Nunic mettono il timbro su un tris d&#8217;autore e completano una settimana esaltante, arricchita dall&#8217;approdo negli ottavi di coppa e da una vittoria di prestigio che, in campionato, mancava da cinque turni. Oltre a mantenere l&#8217;imbattibilit\u00e0 esterna, i dolomitici agganciano la zona podio: in particolare, il terzo posto.<\/p>\n<p>PRODEZZA DI &#8220;DECA&#8221; &#8211; Nemmeno il tempo di capire come \u00e8 disposta la scacchiera del &#8220;Tenni&#8221; e i ragazzi di Zanini sono gi\u00e0 avanti: al 5&#8242;, Caprioni guadagna la linea di fondo e scodella al centro dell&#8217;area, dove \u00e8 ben appostato De Carli, che in mezza rovesciata insacca il pallone alle spalle di Sperandio. Da applausi. Come \u00e8 da applausi l&#8217;intervento con cui Virvilas si oppone al tiro dal limite di De Respinis. E non meno rilevante \u00e8 il salvataggio di Toniolo, sul tiro a botta sicura di Raggio. Insomma, il Treviso reagisce. Ma i &#8220;blancos&#8221;, in tenuta scura, non si limitano a gestire il vantaggio. Anzi, si affacciano ripetutamente nella met\u00e0 campo avversaria, alla ricerca del raddoppio. E lo trovano grazie a capitan Perez, abile a sfruttare una punizione deviata dalla barriera e a colpire di testa, in maniera vincente.<\/p>\n<p>NUNIC LA CHIUDE &#8211; Al Tenni, per\u00f2, non si possono mai dormire sonni tranquilli: men che meno a met\u00e0 gara. E infatti, al rientro dall&#8217;intervallo, arriva subito un brivido in seguito alla traversa colpita da Gnago. Anche se in realt\u00e0 \u00e8 l&#8217;unico, vero pericolo di una ripresa interpretata alla perfezione: Perez e compagni, infatti, chiudono ogni spazio, tengono bene il campo e, quando possono, ripartono per pungere. Come al 19&#8242;, quando Toniolo salta un avversario con una &#8220;veronica&#8221; e calcia fuori di poco. Si arriva cos\u00ec a 2&#8242; dallo scadere: il neo entrato Nunic, servito da De Carli, si presenta a tu per tu col portiere e lascia partire un morbido pallonetto. Sperandio \u00e8 scavalcato e la sfera si adagia in fondo alla rete. \u00c8 il classico ombrellino nel long drink: in alto i calici.<\/p>\n<p>IL VERBO DEL MISTER &#8211; \u00abComplimenti ai ragazzi, hanno messo in pratica ci\u00f2 che abbiamo provato in settimana &#8211; \u00e8 l&#8217;analisi di mister Nicola Zanini -. In questo tipo di partita, servivano giocatori un po&#8217; pi\u00f9 di gamba e di aggressivit\u00e0, ma siamo in ventidue e ogni volta cambiano scelte e strategie. Alla luce di una simile prestazione, sarei andato a casa sereno a prescindere dal risultato. Il 3-0 a Treviso \u00e8 un regalo per noi stessi e per la societ\u00e0\u00bb.<\/p>","protected":false},"excerpt":{"rendered":"<p>Sbancato il &#8220;Tenni&#8221;: dolomitici di nuovo in zona podio TREVISO-DOLOMITI BELLUNESI 0-3 GOL: pt 5&#8242; De Carli, 40&#8242; Perez; st 43&#8242; Nunic. TREVISO: Sperandio, Perticone, Farabegoli, Raggio (st 28&#8242; Leite), Borsato (st 7&#8242; Mambelli), Arcopinto (st 1&#8242; Meola), Nunes (st 39&#8242; Simonetta), De Poli (st 1&#8242; Posocco), Lattuchella, De Respinis, Gnago (in panchina: F. Salviato, [&hellip;]<\/p>\n","protected":false},"author":2,"featured_media":146034,"comment_status":"closed","ping_status":"open","sticky":false,"template":"","format":"standard","meta":{"footnotes":""},"categories":[4],"tags":[],"class_list":["post-146033","post","type-post","status-publish","format-standard","has-post-thumbnail","category-sport"],"yoast_head":"<!-- This site is optimized with the Yoast SEO plugin v28.4 - https:\/\/yoast.com\/product\/yoast-seo-wordpress\/ -->\n<title>Dolomiti Bellunesi: a Treviso \u00e8 un tris d&#039;autore - Bellunopress - Dolomiti<\/title>\n<meta name=\"robots\" content=\"index, follow, max-snippet:-1, max-image-preview:large, max-video-preview:-1\" \/>\n<link rel=\"canonical\" href=\"https:\/\/www.bellunopress.it\/fr\/2023\/11\/20\/dolomiti-bellunesi-a-treviso-e-un-tris-dautore\/\" \/>\n<meta property=\"og:locale\" content=\"fr_FR\" \/>\n<meta property=\"og:type\" content=\"article\" \/>\n<meta property=\"og:title\" content=\"Dolomiti Bellunesi: a Treviso \u00e8 un tris d&#039;autore - Bellunopress - Dolomiti\" \/>\n<meta property=\"og:description\" content=\"Sbancato il &#8220;Tenni&#8221;: dolomitici di nuovo in zona podio TREVISO-DOLOMITI BELLUNESI 0-3 GOL: pt 5&#8242; De Carli, 40&#8242; Perez; st 43&#8242; Nunic. TREVISO: Sperandio, Perticone, Farabegoli, Raggio (st 28&#8242; Leite), Borsato (st 7&#8242; Mambelli), Arcopinto (st 1&#8242; Meola), Nunes (st 39&#8242; Simonetta), De Poli (st 1&#8242; Posocco), Lattuchella, De Respinis, Gnago (in panchina: F. Salviato, [&hellip;]\" \/>\n<meta property=\"og:url\" content=\"https:\/\/www.bellunopress.it\/fr\/2023\/11\/20\/dolomiti-bellunesi-a-treviso-e-un-tris-dautore\/\" \/>\n<meta property=\"og:site_name\" content=\"Bellunopress - Dolomiti\" \/>\n<meta property=\"article:publisher\" content=\"https:\/\/www.facebook.com\/profile.php?id=100008943462799\" \/>\n<meta property=\"article:published_time\" content=\"2023-11-20T08:15:08+00:00\" \/>\n<meta property=\"og:image\" content=\"https:\/\/www.bellunopress.it\/wp-content\/uploads\/2023\/11\/Dolomiti-Bellunesi-Perez_segna_il_raddoppio_edited.jpg\" \/>\n\t<meta property=\"og:image:width\" content=\"1000\" \/>\n\t<meta property=\"og:image:height\" content=\"666\" \/>\n\t<meta property=\"og:image:type\" content=\"image\/jpeg\" \/>\n<meta name=\"author\" content=\"redazione\" \/>\n<meta name=\"twitter:card\" content=\"summary_large_image\" \/>\n<meta name=\"twitter:creator\" content=\"@bellunopress\" \/>\n<meta name=\"twitter:site\" content=\"@bellunopress\" \/>\n<meta name=\"twitter:label1\" content=\"Written by\" \/>\n\t<meta name=\"twitter:data1\" content=\"redazione\" \/>\n\t<meta name=\"twitter:label2\" content=\"Est. reading time\" \/>\n\t<meta name=\"twitter:data2\" content=\"3 minutes\" \/>\n<script type=\"application\/ld+json\" class=\"yoast-schema-graph\">{\"@context\":\"https:\\\/\\\/schema.org\",\"@graph\":[{\"@type\":\"Article\",\"@id\":\"https:\\\/\\\/www.bellunopress.it\\\/2023\\\/11\\\/20\\\/dolomiti-bellunesi-a-treviso-e-un-tris-dautore\\\/#article\",\"isPartOf\":{\"@id\":\"https:\\\/\\\/www.bellunopress.it\\\/2023\\\/11\\\/20\\\/dolomiti-bellunesi-a-treviso-e-un-tris-dautore\\\/\"},\"author\":{\"name\":\"redazione\",\"@id\":\"https:\\\/\\\/www.bellunopress.it\\\/#\\\/schema\\\/person\\\/79bb06722b37ece1c03d3e94beb30d73\"},\"headline\":\"Dolomiti Bellunesi: a Treviso \u00e8 un tris d&#8217;autore\",\"datePublished\":\"2023-11-20T08:15:08+00:00\",\"mainEntityOfPage\":{\"@id\":\"https:\\\/\\\/www.bellunopress.it\\\/2023\\\/11\\\/20\\\/dolomiti-bellunesi-a-treviso-e-un-tris-dautore\\\/\"},\"wordCount\":597,\"publisher\":{\"@id\":\"https:\\\/\\\/www.bellunopress.it\\\/#organization\"},\"image\":{\"@id\":\"https:\\\/\\\/www.bellunopress.it\\\/2023\\\/11\\\/20\\\/dolomiti-bellunesi-a-treviso-e-un-tris-dautore\\\/#primaryimage\"},\"thumbnailUrl\":\"https:\\\/\\\/www.bellunopress.it\\\/wp-content\\\/uploads\\\/2023\\\/11\\\/Dolomiti-Bellunesi-Perez_segna_il_raddoppio_edited.jpg\",\"articleSection\":[\"Sport, tempo libero\"],\"inLanguage\":\"fr-FR\"},{\"@type\":\"WebPage\",\"@id\":\"https:\\\/\\\/www.bellunopress.it\\\/2023\\\/11\\\/20\\\/dolomiti-bellunesi-a-treviso-e-un-tris-dautore\\\/\",\"url\":\"https:\\\/\\\/www.bellunopress.it\\\/2023\\\/11\\\/20\\\/dolomiti-bellunesi-a-treviso-e-un-tris-dautore\\\/\",\"name\":\"Dolomiti Bellunesi: a Treviso \u00e8 un tris d'autore - Bellunopress - Dolomiti\",\"isPartOf\":{\"@id\":\"https:\\\/\\\/www.bellunopress.it\\\/#website\"},\"primaryImageOfPage\":{\"@id\":\"https:\\\/\\\/www.bellunopress.it\\\/2023\\\/11\\\/20\\\/dolomiti-bellunesi-a-treviso-e-un-tris-dautore\\\/#primaryimage\"},\"image\":{\"@id\":\"https:\\\/\\\/www.bellunopress.it\\\/2023\\\/11\\\/20\\\/dolomiti-bellunesi-a-treviso-e-un-tris-dautore\\\/#primaryimage\"},\"thumbnailUrl\":\"https:\\\/\\\/www.bellunopress.it\\\/wp-content\\\/uploads\\\/2023\\\/11\\\/Dolomiti-Bellunesi-Perez_segna_il_raddoppio_edited.jpg\",\"datePublished\":\"2023-11-20T08:15:08+00:00\",\"breadcrumb\":{\"@id\":\"https:\\\/\\\/www.bellunopress.it\\\/2023\\\/11\\\/20\\\/dolomiti-bellunesi-a-treviso-e-un-tris-dautore\\\/#breadcrumb\"},\"inLanguage\":\"fr-FR\",\"potentialAction\":[{\"@type\":\"ReadAction\",\"target\":[\"https:\\\/\\\/www.bellunopress.it\\\/2023\\\/11\\\/20\\\/dolomiti-bellunesi-a-treviso-e-un-tris-dautore\\\/\"]}]},{\"@type\":\"ImageObject\",\"inLanguage\":\"fr-FR\",\"@id\":\"https:\\\/\\\/www.bellunopress.it\\\/2023\\\/11\\\/20\\\/dolomiti-bellunesi-a-treviso-e-un-tris-dautore\\\/#primaryimage\",\"url\":\"https:\\\/\\\/www.bellunopress.it\\\/wp-content\\\/uploads\\\/2023\\\/11\\\/Dolomiti-Bellunesi-Perez_segna_il_raddoppio_edited.jpg\",\"contentUrl\":\"https:\\\/\\\/www.bellunopress.it\\\/wp-content\\\/uploads\\\/2023\\\/11\\\/Dolomiti-Bellunesi-Perez_segna_il_raddoppio_edited.jpg\",\"width\":1000,\"height\":666,\"caption\":\"Perez segna il raddoppio\"},{\"@type\":\"BreadcrumbList\",\"@id\":\"https:\\\/\\\/www.bellunopress.it\\\/2023\\\/11\\\/20\\\/dolomiti-bellunesi-a-treviso-e-un-tris-dautore\\\/#breadcrumb\",\"itemListElement\":[{\"@type\":\"ListItem\",\"position\":1,\"name\":\"Home\",\"item\":\"https:\\\/\\\/www.bellunopress.it\\\/\"},{\"@type\":\"ListItem\",\"position\":2,\"name\":\"Dolomiti Bellunesi: a Treviso \u00e8 un tris d&#8217;autore\"}]},{\"@type\":\"WebSite\",\"@id\":\"https:\\\/\\\/www.bellunopress.it\\\/#website\",\"url\":\"https:\\\/\\\/www.bellunopress.it\\\/\",\"name\":\"Bellunopress - Dolomiti\",\"description\":\"e-mail: redazione@bellunopress.it\",\"publisher\":{\"@id\":\"https:\\\/\\\/www.bellunopress.it\\\/#organization\"},\"potentialAction\":[{\"@type\":\"SearchAction\",\"target\":{\"@type\":\"EntryPoint\",\"urlTemplate\":\"https:\\\/\\\/www.bellunopress.it\\\/?s={search_term_string}\"},\"query-input\":{\"@type\":\"PropertyValueSpecification\",\"valueRequired\":true,\"valueName\":\"search_term_string\"}}],\"inLanguage\":\"fr-FR\"},{\"@type\":\"Organization\",\"@id\":\"https:\\\/\\\/www.bellunopress.it\\\/#organization\",\"name\":\"Bellunopress\",\"url\":\"https:\\\/\\\/www.bellunopress.it\\\/\",\"logo\":{\"@type\":\"ImageObject\",\"inLanguage\":\"fr-FR\",\"@id\":\"https:\\\/\\\/www.bellunopress.it\\\/#\\\/schema\\\/logo\\\/image\\\/\",\"url\":\"https:\\\/\\\/www.bellunopress.it\\\/wp-content\\\/uploads\\\/2011\\\/05\\\/cropped-logo-bellunopress-.jpg\",\"contentUrl\":\"https:\\\/\\\/www.bellunopress.it\\\/wp-content\\\/uploads\\\/2011\\\/05\\\/cropped-logo-bellunopress-.jpg\",\"width\":512,\"height\":512,\"caption\":\"Bellunopress\"},\"image\":{\"@id\":\"https:\\\/\\\/www.bellunopress.it\\\/#\\\/schema\\\/logo\\\/image\\\/\"},\"sameAs\":[\"https:\\\/\\\/www.facebook.com\\\/profile.php?id=100008943462799\",\"https:\\\/\\\/x.com\\\/bellunopress\",\"https:\\\/\\\/www.linkedin.com\\\/hp\\\/?dnr=JBzUWaJfMUw8vbXJJ2tVW5-I3jZKvC4wsoxE&amp;amp;amp;amp;amp;amp;trk=nav_responsive_tab_home\",\"https:\\\/\\\/www.youtube.com\\\/channel\\\/UCxL0wu1uN0_3_7hGG0306cw\"]},{\"@type\":\"Person\",\"@id\":\"https:\\\/\\\/www.bellunopress.it\\\/#\\\/schema\\\/person\\\/79bb06722b37ece1c03d3e94beb30d73\",\"name\":\"redazione\",\"image\":{\"@type\":\"ImageObject\",\"inLanguage\":\"fr-FR\",\"@id\":\"https:\\\/\\\/secure.gravatar.com\\\/avatar\\\/37d968a2e67a6fd04c169c4bdef102d0bc5d31b2546345219e348575eb80e9a0?s=96&d=mm&r=g\",\"url\":\"https:\\\/\\\/secure.gravatar.com\\\/avatar\\\/37d968a2e67a6fd04c169c4bdef102d0bc5d31b2546345219e348575eb80e9a0?s=96&d=mm&r=g\",\"contentUrl\":\"https:\\\/\\\/secure.gravatar.com\\\/avatar\\\/37d968a2e67a6fd04c169c4bdef102d0bc5d31b2546345219e348575eb80e9a0?s=96&d=mm&r=g\",\"caption\":\"redazione\"},\"sameAs\":[\"http:\\\/\\\/www.bellunopress.it\",\"https:\\\/\\\/x.com\\\/bellunopress\"],\"url\":\"https:\\\/\\\/www.bellunopress.it\\\/fr\\\/author\\\/redazione\\\/\"}]}<\/script>\n<!-- \/ Yoast SEO plugin. -->","yoast_head_json":{"title":"Dolomiti Bellunesi: a Treviso \u00e8 un tris d'autore - Bellunopress - Dolomiti","robots":{"index":"index","follow":"follow","max-snippet":"max-snippet:-1","max-image-preview":"max-image-preview:large","max-video-preview":"max-video-preview:-1"},"canonical":"https:\/\/www.bellunopress.it\/fr\/2023\/11\/20\/dolomiti-bellunesi-a-treviso-e-un-tris-dautore\/","og_locale":"fr_FR","og_type":"article","og_title":"Dolomiti Bellunesi: a Treviso \u00e8 un tris d'autore - Bellunopress - Dolomiti","og_description":"Sbancato il &#8220;Tenni&#8221;: dolomitici di nuovo in zona podio TREVISO-DOLOMITI BELLUNESI 0-3 GOL: pt 5&#8242; De Carli, 40&#8242; Perez; st 43&#8242; Nunic. TREVISO: Sperandio, Perticone, Farabegoli, Raggio (st 28&#8242; Leite), Borsato (st 7&#8242; Mambelli), Arcopinto (st 1&#8242; Meola), Nunes (st 39&#8242; Simonetta), De Poli (st 1&#8242; Posocco), Lattuchella, De Respinis, Gnago (in panchina: F. Salviato, [&hellip;]","og_url":"https:\/\/www.bellunopress.it\/fr\/2023\/11\/20\/dolomiti-bellunesi-a-treviso-e-un-tris-dautore\/","og_site_name":"Bellunopress - Dolomiti","article_publisher":"https:\/\/www.facebook.com\/profile.php?id=100008943462799","article_published_time":"2023-11-20T08:15:08+00:00","og_image":[{"width":1000,"height":666,"url":"https:\/\/www.bellunopress.it\/wp-content\/uploads\/2023\/11\/Dolomiti-Bellunesi-Perez_segna_il_raddoppio_edited.jpg","type":"image\/jpeg"}],"author":"redazione","twitter_card":"summary_large_image","twitter_creator":"@bellunopress","twitter_site":"@bellunopress","twitter_misc":{"Written by":"redazione","Est. reading time":"3 minutes"},"schema":{"@context":"https:\/\/schema.org","@graph":[{"@type":"Article","@id":"https:\/\/www.bellunopress.it\/2023\/11\/20\/dolomiti-bellunesi-a-treviso-e-un-tris-dautore\/#article","isPartOf":{"@id":"https:\/\/www.bellunopress.it\/2023\/11\/20\/dolomiti-bellunesi-a-treviso-e-un-tris-dautore\/"},"author":{"name":"redazione","@id":"https:\/\/www.bellunopress.it\/#\/schema\/person\/79bb06722b37ece1c03d3e94beb30d73"},"headline":"Dolomiti Bellunesi: a Treviso \u00e8 un tris d&#8217;autore","datePublished":"2023-11-20T08:15:08+00:00","mainEntityOfPage":{"@id":"https:\/\/www.bellunopress.it\/2023\/11\/20\/dolomiti-bellunesi-a-treviso-e-un-tris-dautore\/"},"wordCount":597,"publisher":{"@id":"https:\/\/www.bellunopress.it\/#organization"},"image":{"@id":"https:\/\/www.bellunopress.it\/2023\/11\/20\/dolomiti-bellunesi-a-treviso-e-un-tris-dautore\/#primaryimage"},"thumbnailUrl":"https:\/\/www.bellunopress.it\/wp-content\/uploads\/2023\/11\/Dolomiti-Bellunesi-Perez_segna_il_raddoppio_edited.jpg","articleSection":["Sport, tempo libero"],"inLanguage":"fr-FR"},{"@type":"WebPage","@id":"https:\/\/www.bellunopress.it\/2023\/11\/20\/dolomiti-bellunesi-a-treviso-e-un-tris-dautore\/","url":"https:\/\/www.bellunopress.it\/2023\/11\/20\/dolomiti-bellunesi-a-treviso-e-un-tris-dautore\/","name":"Dolomiti Bellunesi: a Treviso \u00e8 un tris d'autore - Bellunopress - Dolomiti","isPartOf":{"@id":"https:\/\/www.bellunopress.it\/#website"},"primaryImageOfPage":{"@id":"https:\/\/www.bellunopress.it\/2023\/11\/20\/dolomiti-bellunesi-a-treviso-e-un-tris-dautore\/#primaryimage"},"image":{"@id":"https:\/\/www.bellunopress.it\/2023\/11\/20\/dolomiti-bellunesi-a-treviso-e-un-tris-dautore\/#primaryimage"},"thumbnailUrl":"https:\/\/www.bellunopress.it\/wp-content\/uploads\/2023\/11\/Dolomiti-Bellunesi-Perez_segna_il_raddoppio_edited.jpg","datePublished":"2023-11-20T08:15:08+00:00","breadcrumb":{"@id":"https:\/\/www.bellunopress.it\/2023\/11\/20\/dolomiti-bellunesi-a-treviso-e-un-tris-dautore\/#breadcrumb"},"inLanguage":"fr-FR","potentialAction":[{"@type":"ReadAction","target":["https:\/\/www.bellunopress.it\/2023\/11\/20\/dolomiti-bellunesi-a-treviso-e-un-tris-dautore\/"]}]},{"@type":"ImageObject","inLanguage":"fr-FR","@id":"https:\/\/www.bellunopress.it\/2023\/11\/20\/dolomiti-bellunesi-a-treviso-e-un-tris-dautore\/#primaryimage","url":"https:\/\/www.bellunopress.it\/wp-content\/uploads\/2023\/11\/Dolomiti-Bellunesi-Perez_segna_il_raddoppio_edited.jpg","contentUrl":"https:\/\/www.bellunopress.it\/wp-content\/uploads\/2023\/11\/Dolomiti-Bellunesi-Perez_segna_il_raddoppio_edited.jpg","width":1000,"height":666,"caption":"Perez segna il raddoppio"},{"@type":"BreadcrumbList","@id":"https:\/\/www.bellunopress.it\/2023\/11\/20\/dolomiti-bellunesi-a-treviso-e-un-tris-dautore\/#breadcrumb","itemListElement":[{"@type":"ListItem","position":1,"name":"Home","item":"https:\/\/www.bellunopress.it\/"},{"@type":"ListItem","position":2,"name":"Dolomiti Bellunesi: a Treviso \u00e8 un tris d&#8217;autore"}]},{"@type":"WebSite","@id":"https:\/\/www.bellunopress.it\/#website","url":"https:\/\/www.bellunopress.it\/","name":"Bellunopress - Dolomiti","description":"e-mail: redazione@bellunopress.it","publisher":{"@id":"https:\/\/www.bellunopress.it\/#organization"},"potentialAction":[{"@type":"SearchAction","target":{"@type":"EntryPoint","urlTemplate":"https:\/\/www.bellunopress.it\/?s={search_term_string}"},"query-input":{"@type":"PropertyValueSpecification","valueRequired":true,"valueName":"search_term_string"}}],"inLanguage":"fr-FR"},{"@type":"Organization","@id":"https:\/\/www.bellunopress.it\/#organization","name":"Bellunopress","url":"https:\/\/www.bellunopress.it\/","logo":{"@type":"ImageObject","inLanguage":"fr-FR","@id":"https:\/\/www.bellunopress.it\/#\/schema\/logo\/image\/","url":"https:\/\/www.bellunopress.it\/wp-content\/uploads\/2011\/05\/cropped-logo-bellunopress-.jpg","contentUrl":"https:\/\/www.bellunopress.it\/wp-content\/uploads\/2011\/05\/cropped-logo-bellunopress-.jpg","width":512,"height":512,"caption":"Bellunopress"},"image":{"@id":"https:\/\/www.bellunopress.it\/#\/schema\/logo\/image\/"},"sameAs":["https:\/\/www.facebook.com\/profile.php?id=100008943462799","https:\/\/x.com\/bellunopress","https:\/\/www.linkedin.com\/hp\/?dnr=JBzUWaJfMUw8vbXJJ2tVW5-I3jZKvC4wsoxE&amp;amp;amp;amp;amp;amp;trk=nav_responsive_tab_home","https:\/\/www.youtube.com\/channel\/UCxL0wu1uN0_3_7hGG0306cw"]},{"@type":"Person","@id":"https:\/\/www.bellunopress.it\/#\/schema\/person\/79bb06722b37ece1c03d3e94beb30d73","name":"r\u00e9daction","image":{"@type":"ImageObject","inLanguage":"fr-FR","@id":"https:\/\/secure.gravatar.com\/avatar\/37d968a2e67a6fd04c169c4bdef102d0bc5d31b2546345219e348575eb80e9a0?s=96&d=mm&r=g","url":"https:\/\/secure.gravatar.com\/avatar\/37d968a2e67a6fd04c169c4bdef102d0bc5d31b2546345219e348575eb80e9a0?s=96&d=mm&r=g","contentUrl":"https:\/\/secure.gravatar.com\/avatar\/37d968a2e67a6fd04c169c4bdef102d0bc5d31b2546345219e348575eb80e9a0?s=96&d=mm&r=g","caption":"redazione"},"sameAs":["http:\/\/www.bellunopress.it","https:\/\/x.com\/bellunopress"],"url":"https:\/\/www.bellunopress.it\/fr\/author\/redazione\/"}]}},"_links":{"self":[{"href":"https:\/\/www.bellunopress.it\/fr\/wp-json\/wp\/v2\/posts\/146033","targetHints":{"allow":["GET"]}}],"collection":[{"href":"https:\/\/www.bellunopress.it\/fr\/wp-json\/wp\/v2\/posts"}],"about":[{"href":"https:\/\/www.bellunopress.it\/fr\/wp-json\/wp\/v2\/types\/post"}],"author":[{"embeddable":true,"href":"https:\/\/www.bellunopress.it\/fr\/wp-json\/wp\/v2\/users\/2"}],"replies":[{"embeddable":true,"href":"https:\/\/www.bellunopress.it\/fr\/wp-json\/wp\/v2\/comments?post=146033"}],"version-history":[{"count":1,"href":"https:\/\/www.bellunopress.it\/fr\/wp-json\/wp\/v2\/posts\/146033\/revisions"}],"predecessor-version":[{"id":146035,"href":"https:\/\/www.bellunopress.it\/fr\/wp-json\/wp\/v2\/posts\/146033\/revisions\/146035"}],"wp:featuredmedia":[{"embeddable":true,"href":"https:\/\/www.bellunopress.it\/fr\/wp-json\/wp\/v2\/media\/146034"}],"wp:attachment":[{"href":"https:\/\/www.bellunopress.it\/fr\/wp-json\/wp\/v2\/media?parent=146033"}],"wp:term":[{"taxonomy":"category","embeddable":true,"href":"https:\/\/www.bellunopress.it\/fr\/wp-json\/wp\/v2\/categories?post=146033"},{"taxonomy":"post_tag","embeddable":true,"href":"https:\/\/www.bellunopress.it\/fr\/wp-json\/wp\/v2\/tags?post=146033"}],"curies":[{"name":"wp","href":"https:\/\/api.w.org\/{rel}","templated":true}]}}