{"id":146025,"date":"2023-11-19T15:26:13","date_gmt":"2023-11-19T14:26:13","guid":{"rendered":"https:\/\/www.bellunopress.it\/?p=146025"},"modified":"2023-11-19T15:26:13","modified_gmt":"2023-11-19T14:26:13","slug":"benessere-digitale-una-sfida-che-si-vince-insieme-giovedi-a-mel-la-presentazione-del-patto-di-comunita","status":"publish","type":"post","link":"https:\/\/www.bellunopress.it\/fr\/2023\/11\/19\/benessere-digitale-una-sfida-che-si-vince-insieme-giovedi-a-mel-la-presentazione-del-patto-di-comunita\/","title":{"rendered":"Benessere digitale: una sfida che si vince insieme. Gioved\u00ec a Mel la presentazione del Patto di comunit\u00e0"},"content":{"rendered":"<p><img loading=\"lazy\" decoding=\"async\" class=\"alignleft size-full wp-image-146026\" src=\"https:\/\/www.bellunopress.it\/wp-content\/uploads\/2023\/11\/benessere-digitale-borgo-valbelluna.jpg\" alt=\"\" width=\"367\" height=\"317\" \/>Nasce anche a Borgo Valbelluna il Patto di comunit\u00e0 per il benessere digitale di bambini e ragazzi, un\u2019alleanza educativa tra famiglie condivisa con scuola e istituzioni per un uso responsabile dei dispositivi tecnologici.<\/p>\n<p>L\u2019incontro di presentazione, promosso da un gruppo di genitori di Borgo Valbelluna con il supporto dell\u2019Amministrazione Comunale, degli Istituti Comprensivi Mel-Lentiai e Trichiana, nonch\u00e9 delle Scuole in Rete per un Mondo di Solidariet\u00e0 e Pace di Belluno, \u00e8 fissato per gioved\u00ec 23 novembre nell\u2019auditorium ex Chiesa di San Pietro a Mel alle ore 20.30.<br \/>\nAll\u2019incontro sar\u00e0 presente il prof. Marco Grollo, socio fondatore e docente presso Associazione Media Educazione Comunit\u00e0 e responsabile dei Servizi Educativi del Comune di Aviano nell\u2019area della Media Education, che interverr\u00e0 su aspetti positivi e negativi dell\u2019utilizzo dei dispositivi digitali, sull\u2019importanza della formazione e dell\u2019unione delle forze nei patti di comunit\u00e0. Si tratta di un percorso di sensibilizzazione che necessita la conoscenza dei rischi affinch\u00e9 il digitale diventi uno strumento di crescita e non di perdita delle potenzialit\u00e0 dei nostri bambini e ragazzi.<\/p>\n<p>Interverr\u00e0 anche il professor Franco Chemello, fondatore e animatore delle Scuole in Rete per un Mondo di Solidariet\u00e0 e Pace, sulla situazione in provincia di Belluno e le progettualit\u00e0 che si stanno portando avanti, tra cui il percorso di formazione per docenti e genitori sull\u2019educazione digitale e il progetto patentino per l\u2019uso dello smartphone.<\/p>\n<p>E\u2019 proprio dall\u2019incontro di queste esperienze e professionalit\u00e0 che nel corso dell\u2019anno si \u00e8 sviluppato e definito, ad opera di alcuni genitori, il patto di comunit\u00e0 per il benessere digitale di Borgo Valbelluna, poich\u00e9 solo condividendo regole comuni nella coscienza della prima responsabilit\u00e0 educativa come genitori \u00e8 possibile diffondere le buone pratiche e l\u2019uso consapevole dai mezzi tecnologici all\u2019interno delle famiglie.<\/p>\n<p>L\u2019incontro \u00e8 ad ingresso libero e rivolto a tutta la comunit\u00e0.<br \/>\nPer maggiori informazioni sui patti digitali \u00e8 possibile visitare i siti www.pattidigitali.it e www.studentibelluno.it\/patti-comunita o scrivere a pattodigitaleborgovalbelluna@gmail.com.<\/p>","protected":false},"excerpt":{"rendered":"<p>Nasce anche a Borgo Valbelluna il Patto di comunit\u00e0 per il benessere digitale di bambini e ragazzi, un\u2019alleanza educativa tra famiglie condivisa con scuola e istituzioni per un uso responsabile dei dispositivi tecnologici. L\u2019incontro di presentazione, promosso da un gruppo di genitori di Borgo Valbelluna con il supporto dell\u2019Amministrazione Comunale, degli Istituti Comprensivi Mel-Lentiai e [&hellip;]<\/p>\n","protected":false},"author":2,"featured_media":146026,"comment_status":"closed","ping_status":"open","sticky":false,"template":"","format":"standard","meta":{"footnotes":""},"categories":[25,15,8],"tags":[],"class_list":["post-146025","post","type-post","status-publish","format-standard","has-post-thumbnail","category-pausa-caffe","category-scuola","category-societa-istituzioni"],"yoast_head":"<!-- This site is optimized with the Yoast SEO plugin v28.4 - https:\/\/yoast.com\/product\/yoast-seo-wordpress\/ -->\n<title>Benessere digitale: una sfida che si vince insieme. Gioved\u00ec a Mel la presentazione del Patto di comunit\u00e0 - Bellunopress - Dolomiti<\/title>\n<meta name=\"robots\" content=\"index, follow, max-snippet:-1, max-image-preview:large, max-video-preview:-1\" \/>\n<link rel=\"canonical\" href=\"https:\/\/www.bellunopress.it\/fr\/2023\/11\/19\/benessere-digitale-una-sfida-che-si-vince-insieme-giovedi-a-mel-la-presentazione-del-patto-di-comunita\/\" \/>\n<meta property=\"og:locale\" content=\"fr_FR\" \/>\n<meta property=\"og:type\" content=\"article\" \/>\n<meta property=\"og:title\" content=\"Benessere digitale: una sfida che si vince insieme. Gioved\u00ec a Mel la presentazione del Patto di comunit\u00e0 - Bellunopress - Dolomiti\" \/>\n<meta property=\"og:description\" content=\"Nasce anche a Borgo Valbelluna il Patto di comunit\u00e0 per il benessere digitale di bambini e ragazzi, un\u2019alleanza educativa tra famiglie condivisa con scuola e istituzioni per un uso responsabile dei dispositivi tecnologici. L\u2019incontro di presentazione, promosso da un gruppo di genitori di Borgo Valbelluna con il supporto dell\u2019Amministrazione Comunale, degli Istituti Comprensivi Mel-Lentiai e [&hellip;]\" \/>\n<meta property=\"og:url\" content=\"https:\/\/www.bellunopress.it\/fr\/2023\/11\/19\/benessere-digitale-una-sfida-che-si-vince-insieme-giovedi-a-mel-la-presentazione-del-patto-di-comunita\/\" \/>\n<meta property=\"og:site_name\" content=\"Bellunopress - Dolomiti\" \/>\n<meta property=\"article:publisher\" content=\"https:\/\/www.facebook.com\/profile.php?id=100008943462799\" \/>\n<meta property=\"article:published_time\" content=\"2023-11-19T14:26:13+00:00\" \/>\n<meta property=\"og:image\" content=\"https:\/\/www.bellunopress.it\/wp-content\/uploads\/2023\/11\/benessere-digitale-borgo-valbelluna.jpg\" \/>\n\t<meta property=\"og:image:width\" content=\"367\" \/>\n\t<meta property=\"og:image:height\" content=\"317\" \/>\n\t<meta property=\"og:image:type\" content=\"image\/jpeg\" \/>\n<meta name=\"author\" content=\"redazione\" \/>\n<meta name=\"twitter:card\" content=\"summary_large_image\" \/>\n<meta name=\"twitter:creator\" content=\"@bellunopress\" \/>\n<meta name=\"twitter:site\" content=\"@bellunopress\" \/>\n<meta name=\"twitter:label1\" content=\"Written by\" \/>\n\t<meta name=\"twitter:data1\" content=\"redazione\" \/>\n\t<meta name=\"twitter:label2\" content=\"Est. reading time\" \/>\n\t<meta name=\"twitter:data2\" content=\"2 minutes\" \/>\n<script type=\"application\/ld+json\" class=\"yoast-schema-graph\">{\"@context\":\"https:\\\/\\\/schema.org\",\"@graph\":[{\"@type\":\"Article\",\"@id\":\"https:\\\/\\\/www.bellunopress.it\\\/2023\\\/11\\\/19\\\/benessere-digitale-una-sfida-che-si-vince-insieme-giovedi-a-mel-la-presentazione-del-patto-di-comunita\\\/#article\",\"isPartOf\":{\"@id\":\"https:\\\/\\\/www.bellunopress.it\\\/2023\\\/11\\\/19\\\/benessere-digitale-una-sfida-che-si-vince-insieme-giovedi-a-mel-la-presentazione-del-patto-di-comunita\\\/\"},\"author\":{\"name\":\"redazione\",\"@id\":\"https:\\\/\\\/www.bellunopress.it\\\/#\\\/schema\\\/person\\\/79bb06722b37ece1c03d3e94beb30d73\"},\"headline\":\"Benessere digitale: una sfida che si vince insieme. Gioved\u00ec a Mel la presentazione del Patto di comunit\u00e0\",\"datePublished\":\"2023-11-19T14:26:13+00:00\",\"mainEntityOfPage\":{\"@id\":\"https:\\\/\\\/www.bellunopress.it\\\/2023\\\/11\\\/19\\\/benessere-digitale-una-sfida-che-si-vince-insieme-giovedi-a-mel-la-presentazione-del-patto-di-comunita\\\/\"},\"wordCount\":347,\"publisher\":{\"@id\":\"https:\\\/\\\/www.bellunopress.it\\\/#organization\"},\"image\":{\"@id\":\"https:\\\/\\\/www.bellunopress.it\\\/2023\\\/11\\\/19\\\/benessere-digitale-una-sfida-che-si-vince-insieme-giovedi-a-mel-la-presentazione-del-patto-di-comunita\\\/#primaryimage\"},\"thumbnailUrl\":\"https:\\\/\\\/www.bellunopress.it\\\/wp-content\\\/uploads\\\/2023\\\/11\\\/benessere-digitale-borgo-valbelluna.jpg\",\"articleSection\":[\"Pausa Caff\u00e8\",\"Scuola\",\"Societ\u00e0, Associazioni, Istituzioni\"],\"inLanguage\":\"fr-FR\"},{\"@type\":\"WebPage\",\"@id\":\"https:\\\/\\\/www.bellunopress.it\\\/2023\\\/11\\\/19\\\/benessere-digitale-una-sfida-che-si-vince-insieme-giovedi-a-mel-la-presentazione-del-patto-di-comunita\\\/\",\"url\":\"https:\\\/\\\/www.bellunopress.it\\\/2023\\\/11\\\/19\\\/benessere-digitale-una-sfida-che-si-vince-insieme-giovedi-a-mel-la-presentazione-del-patto-di-comunita\\\/\",\"name\":\"Benessere digitale: una sfida che si vince insieme. Gioved\u00ec a Mel la presentazione del Patto di comunit\u00e0 - Bellunopress - Dolomiti\",\"isPartOf\":{\"@id\":\"https:\\\/\\\/www.bellunopress.it\\\/#website\"},\"primaryImageOfPage\":{\"@id\":\"https:\\\/\\\/www.bellunopress.it\\\/2023\\\/11\\\/19\\\/benessere-digitale-una-sfida-che-si-vince-insieme-giovedi-a-mel-la-presentazione-del-patto-di-comunita\\\/#primaryimage\"},\"image\":{\"@id\":\"https:\\\/\\\/www.bellunopress.it\\\/2023\\\/11\\\/19\\\/benessere-digitale-una-sfida-che-si-vince-insieme-giovedi-a-mel-la-presentazione-del-patto-di-comunita\\\/#primaryimage\"},\"thumbnailUrl\":\"https:\\\/\\\/www.bellunopress.it\\\/wp-content\\\/uploads\\\/2023\\\/11\\\/benessere-digitale-borgo-valbelluna.jpg\",\"datePublished\":\"2023-11-19T14:26:13+00:00\",\"breadcrumb\":{\"@id\":\"https:\\\/\\\/www.bellunopress.it\\\/2023\\\/11\\\/19\\\/benessere-digitale-una-sfida-che-si-vince-insieme-giovedi-a-mel-la-presentazione-del-patto-di-comunita\\\/#breadcrumb\"},\"inLanguage\":\"fr-FR\",\"potentialAction\":[{\"@type\":\"ReadAction\",\"target\":[\"https:\\\/\\\/www.bellunopress.it\\\/2023\\\/11\\\/19\\\/benessere-digitale-una-sfida-che-si-vince-insieme-giovedi-a-mel-la-presentazione-del-patto-di-comunita\\\/\"]}]},{\"@type\":\"ImageObject\",\"inLanguage\":\"fr-FR\",\"@id\":\"https:\\\/\\\/www.bellunopress.it\\\/2023\\\/11\\\/19\\\/benessere-digitale-una-sfida-che-si-vince-insieme-giovedi-a-mel-la-presentazione-del-patto-di-comunita\\\/#primaryimage\",\"url\":\"https:\\\/\\\/www.bellunopress.it\\\/wp-content\\\/uploads\\\/2023\\\/11\\\/benessere-digitale-borgo-valbelluna.jpg\",\"contentUrl\":\"https:\\\/\\\/www.bellunopress.it\\\/wp-content\\\/uploads\\\/2023\\\/11\\\/benessere-digitale-borgo-valbelluna.jpg\",\"width\":367,\"height\":317},{\"@type\":\"BreadcrumbList\",\"@id\":\"https:\\\/\\\/www.bellunopress.it\\\/2023\\\/11\\\/19\\\/benessere-digitale-una-sfida-che-si-vince-insieme-giovedi-a-mel-la-presentazione-del-patto-di-comunita\\\/#breadcrumb\",\"itemListElement\":[{\"@type\":\"ListItem\",\"position\":1,\"name\":\"Home\",\"item\":\"https:\\\/\\\/www.bellunopress.it\\\/\"},{\"@type\":\"ListItem\",\"position\":2,\"name\":\"Benessere digitale: una sfida che si vince insieme. Gioved\u00ec a Mel la presentazione del Patto di comunit\u00e0\"}]},{\"@type\":\"WebSite\",\"@id\":\"https:\\\/\\\/www.bellunopress.it\\\/#website\",\"url\":\"https:\\\/\\\/www.bellunopress.it\\\/\",\"name\":\"Bellunopress - Dolomiti\",\"description\":\"e-mail: redazione@bellunopress.it\",\"publisher\":{\"@id\":\"https:\\\/\\\/www.bellunopress.it\\\/#organization\"},\"potentialAction\":[{\"@type\":\"SearchAction\",\"target\":{\"@type\":\"EntryPoint\",\"urlTemplate\":\"https:\\\/\\\/www.bellunopress.it\\\/?s={search_term_string}\"},\"query-input\":{\"@type\":\"PropertyValueSpecification\",\"valueRequired\":true,\"valueName\":\"search_term_string\"}}],\"inLanguage\":\"fr-FR\"},{\"@type\":\"Organization\",\"@id\":\"https:\\\/\\\/www.bellunopress.it\\\/#organization\",\"name\":\"Bellunopress\",\"url\":\"https:\\\/\\\/www.bellunopress.it\\\/\",\"logo\":{\"@type\":\"ImageObject\",\"inLanguage\":\"fr-FR\",\"@id\":\"https:\\\/\\\/www.bellunopress.it\\\/#\\\/schema\\\/logo\\\/image\\\/\",\"url\":\"https:\\\/\\\/www.bellunopress.it\\\/wp-content\\\/uploads\\\/2011\\\/05\\\/cropped-logo-bellunopress-.jpg\",\"contentUrl\":\"https:\\\/\\\/www.bellunopress.it\\\/wp-content\\\/uploads\\\/2011\\\/05\\\/cropped-logo-bellunopress-.jpg\",\"width\":512,\"height\":512,\"caption\":\"Bellunopress\"},\"image\":{\"@id\":\"https:\\\/\\\/www.bellunopress.it\\\/#\\\/schema\\\/logo\\\/image\\\/\"},\"sameAs\":[\"https:\\\/\\\/www.facebook.com\\\/profile.php?id=100008943462799\",\"https:\\\/\\\/x.com\\\/bellunopress\",\"https:\\\/\\\/www.linkedin.com\\\/hp\\\/?dnr=JBzUWaJfMUw8vbXJJ2tVW5-I3jZKvC4wsoxE&amp;amp;amp;amp;amp;amp;trk=nav_responsive_tab_home\",\"https:\\\/\\\/www.youtube.com\\\/channel\\\/UCxL0wu1uN0_3_7hGG0306cw\"]},{\"@type\":\"Person\",\"@id\":\"https:\\\/\\\/www.bellunopress.it\\\/#\\\/schema\\\/person\\\/79bb06722b37ece1c03d3e94beb30d73\",\"name\":\"redazione\",\"image\":{\"@type\":\"ImageObject\",\"inLanguage\":\"fr-FR\",\"@id\":\"https:\\\/\\\/secure.gravatar.com\\\/avatar\\\/37d968a2e67a6fd04c169c4bdef102d0bc5d31b2546345219e348575eb80e9a0?s=96&d=mm&r=g\",\"url\":\"https:\\\/\\\/secure.gravatar.com\\\/avatar\\\/37d968a2e67a6fd04c169c4bdef102d0bc5d31b2546345219e348575eb80e9a0?s=96&d=mm&r=g\",\"contentUrl\":\"https:\\\/\\\/secure.gravatar.com\\\/avatar\\\/37d968a2e67a6fd04c169c4bdef102d0bc5d31b2546345219e348575eb80e9a0?s=96&d=mm&r=g\",\"caption\":\"redazione\"},\"sameAs\":[\"http:\\\/\\\/www.bellunopress.it\",\"https:\\\/\\\/x.com\\\/bellunopress\"],\"url\":\"https:\\\/\\\/www.bellunopress.it\\\/fr\\\/author\\\/redazione\\\/\"}]}<\/script>\n<!-- \/ Yoast SEO plugin. -->","yoast_head_json":{"title":"Benessere digitale: una sfida che si vince insieme. Gioved\u00ec a Mel la presentazione del Patto di comunit\u00e0 - Bellunopress - Dolomiti","robots":{"index":"index","follow":"follow","max-snippet":"max-snippet:-1","max-image-preview":"max-image-preview:large","max-video-preview":"max-video-preview:-1"},"canonical":"https:\/\/www.bellunopress.it\/fr\/2023\/11\/19\/benessere-digitale-una-sfida-che-si-vince-insieme-giovedi-a-mel-la-presentazione-del-patto-di-comunita\/","og_locale":"fr_FR","og_type":"article","og_title":"Benessere digitale: una sfida che si vince insieme. Gioved\u00ec a Mel la presentazione del Patto di comunit\u00e0 - Bellunopress - Dolomiti","og_description":"Nasce anche a Borgo Valbelluna il Patto di comunit\u00e0 per il benessere digitale di bambini e ragazzi, un\u2019alleanza educativa tra famiglie condivisa con scuola e istituzioni per un uso responsabile dei dispositivi tecnologici. L\u2019incontro di presentazione, promosso da un gruppo di genitori di Borgo Valbelluna con il supporto dell\u2019Amministrazione Comunale, degli Istituti Comprensivi Mel-Lentiai e [&hellip;]","og_url":"https:\/\/www.bellunopress.it\/fr\/2023\/11\/19\/benessere-digitale-una-sfida-che-si-vince-insieme-giovedi-a-mel-la-presentazione-del-patto-di-comunita\/","og_site_name":"Bellunopress - Dolomiti","article_publisher":"https:\/\/www.facebook.com\/profile.php?id=100008943462799","article_published_time":"2023-11-19T14:26:13+00:00","og_image":[{"width":367,"height":317,"url":"https:\/\/www.bellunopress.it\/wp-content\/uploads\/2023\/11\/benessere-digitale-borgo-valbelluna.jpg","type":"image\/jpeg"}],"author":"redazione","twitter_card":"summary_large_image","twitter_creator":"@bellunopress","twitter_site":"@bellunopress","twitter_misc":{"Written by":"redazione","Est. reading time":"2 minutes"},"schema":{"@context":"https:\/\/schema.org","@graph":[{"@type":"Article","@id":"https:\/\/www.bellunopress.it\/2023\/11\/19\/benessere-digitale-una-sfida-che-si-vince-insieme-giovedi-a-mel-la-presentazione-del-patto-di-comunita\/#article","isPartOf":{"@id":"https:\/\/www.bellunopress.it\/2023\/11\/19\/benessere-digitale-una-sfida-che-si-vince-insieme-giovedi-a-mel-la-presentazione-del-patto-di-comunita\/"},"author":{"name":"redazione","@id":"https:\/\/www.bellunopress.it\/#\/schema\/person\/79bb06722b37ece1c03d3e94beb30d73"},"headline":"Benessere digitale: una sfida che si vince insieme. Gioved\u00ec a Mel la presentazione del Patto di comunit\u00e0","datePublished":"2023-11-19T14:26:13+00:00","mainEntityOfPage":{"@id":"https:\/\/www.bellunopress.it\/2023\/11\/19\/benessere-digitale-una-sfida-che-si-vince-insieme-giovedi-a-mel-la-presentazione-del-patto-di-comunita\/"},"wordCount":347,"publisher":{"@id":"https:\/\/www.bellunopress.it\/#organization"},"image":{"@id":"https:\/\/www.bellunopress.it\/2023\/11\/19\/benessere-digitale-una-sfida-che-si-vince-insieme-giovedi-a-mel-la-presentazione-del-patto-di-comunita\/#primaryimage"},"thumbnailUrl":"https:\/\/www.bellunopress.it\/wp-content\/uploads\/2023\/11\/benessere-digitale-borgo-valbelluna.jpg","articleSection":["Pausa Caff\u00e8","Scuola","Societ\u00e0, Associazioni, Istituzioni"],"inLanguage":"fr-FR"},{"@type":"WebPage","@id":"https:\/\/www.bellunopress.it\/2023\/11\/19\/benessere-digitale-una-sfida-che-si-vince-insieme-giovedi-a-mel-la-presentazione-del-patto-di-comunita\/","url":"https:\/\/www.bellunopress.it\/2023\/11\/19\/benessere-digitale-una-sfida-che-si-vince-insieme-giovedi-a-mel-la-presentazione-del-patto-di-comunita\/","name":"Benessere digitale: una sfida che si vince insieme. Gioved\u00ec a Mel la presentazione del Patto di comunit\u00e0 - Bellunopress - Dolomiti","isPartOf":{"@id":"https:\/\/www.bellunopress.it\/#website"},"primaryImageOfPage":{"@id":"https:\/\/www.bellunopress.it\/2023\/11\/19\/benessere-digitale-una-sfida-che-si-vince-insieme-giovedi-a-mel-la-presentazione-del-patto-di-comunita\/#primaryimage"},"image":{"@id":"https:\/\/www.bellunopress.it\/2023\/11\/19\/benessere-digitale-una-sfida-che-si-vince-insieme-giovedi-a-mel-la-presentazione-del-patto-di-comunita\/#primaryimage"},"thumbnailUrl":"https:\/\/www.bellunopress.it\/wp-content\/uploads\/2023\/11\/benessere-digitale-borgo-valbelluna.jpg","datePublished":"2023-11-19T14:26:13+00:00","breadcrumb":{"@id":"https:\/\/www.bellunopress.it\/2023\/11\/19\/benessere-digitale-una-sfida-che-si-vince-insieme-giovedi-a-mel-la-presentazione-del-patto-di-comunita\/#breadcrumb"},"inLanguage":"fr-FR","potentialAction":[{"@type":"ReadAction","target":["https:\/\/www.bellunopress.it\/2023\/11\/19\/benessere-digitale-una-sfida-che-si-vince-insieme-giovedi-a-mel-la-presentazione-del-patto-di-comunita\/"]}]},{"@type":"ImageObject","inLanguage":"fr-FR","@id":"https:\/\/www.bellunopress.it\/2023\/11\/19\/benessere-digitale-una-sfida-che-si-vince-insieme-giovedi-a-mel-la-presentazione-del-patto-di-comunita\/#primaryimage","url":"https:\/\/www.bellunopress.it\/wp-content\/uploads\/2023\/11\/benessere-digitale-borgo-valbelluna.jpg","contentUrl":"https:\/\/www.bellunopress.it\/wp-content\/uploads\/2023\/11\/benessere-digitale-borgo-valbelluna.jpg","width":367,"height":317},{"@type":"BreadcrumbList","@id":"https:\/\/www.bellunopress.it\/2023\/11\/19\/benessere-digitale-una-sfida-che-si-vince-insieme-giovedi-a-mel-la-presentazione-del-patto-di-comunita\/#breadcrumb","itemListElement":[{"@type":"ListItem","position":1,"name":"Home","item":"https:\/\/www.bellunopress.it\/"},{"@type":"ListItem","position":2,"name":"Benessere digitale: una sfida che si vince insieme. Gioved\u00ec a Mel la presentazione del Patto di comunit\u00e0"}]},{"@type":"WebSite","@id":"https:\/\/www.bellunopress.it\/#website","url":"https:\/\/www.bellunopress.it\/","name":"Bellunopress - Dolomiti","description":"e-mail: redazione@bellunopress.it","publisher":{"@id":"https:\/\/www.bellunopress.it\/#organization"},"potentialAction":[{"@type":"SearchAction","target":{"@type":"EntryPoint","urlTemplate":"https:\/\/www.bellunopress.it\/?s={search_term_string}"},"query-input":{"@type":"PropertyValueSpecification","valueRequired":true,"valueName":"search_term_string"}}],"inLanguage":"fr-FR"},{"@type":"Organization","@id":"https:\/\/www.bellunopress.it\/#organization","name":"Bellunopress","url":"https:\/\/www.bellunopress.it\/","logo":{"@type":"ImageObject","inLanguage":"fr-FR","@id":"https:\/\/www.bellunopress.it\/#\/schema\/logo\/image\/","url":"https:\/\/www.bellunopress.it\/wp-content\/uploads\/2011\/05\/cropped-logo-bellunopress-.jpg","contentUrl":"https:\/\/www.bellunopress.it\/wp-content\/uploads\/2011\/05\/cropped-logo-bellunopress-.jpg","width":512,"height":512,"caption":"Bellunopress"},"image":{"@id":"https:\/\/www.bellunopress.it\/#\/schema\/logo\/image\/"},"sameAs":["https:\/\/www.facebook.com\/profile.php?id=100008943462799","https:\/\/x.com\/bellunopress","https:\/\/www.linkedin.com\/hp\/?dnr=JBzUWaJfMUw8vbXJJ2tVW5-I3jZKvC4wsoxE&amp;amp;amp;amp;amp;amp;trk=nav_responsive_tab_home","https:\/\/www.youtube.com\/channel\/UCxL0wu1uN0_3_7hGG0306cw"]},{"@type":"Person","@id":"https:\/\/www.bellunopress.it\/#\/schema\/person\/79bb06722b37ece1c03d3e94beb30d73","name":"r\u00e9daction","image":{"@type":"ImageObject","inLanguage":"fr-FR","@id":"https:\/\/secure.gravatar.com\/avatar\/37d968a2e67a6fd04c169c4bdef102d0bc5d31b2546345219e348575eb80e9a0?s=96&d=mm&r=g","url":"https:\/\/secure.gravatar.com\/avatar\/37d968a2e67a6fd04c169c4bdef102d0bc5d31b2546345219e348575eb80e9a0?s=96&d=mm&r=g","contentUrl":"https:\/\/secure.gravatar.com\/avatar\/37d968a2e67a6fd04c169c4bdef102d0bc5d31b2546345219e348575eb80e9a0?s=96&d=mm&r=g","caption":"redazione"},"sameAs":["http:\/\/www.bellunopress.it","https:\/\/x.com\/bellunopress"],"url":"https:\/\/www.bellunopress.it\/fr\/author\/redazione\/"}]}},"_links":{"self":[{"href":"https:\/\/www.bellunopress.it\/fr\/wp-json\/wp\/v2\/posts\/146025","targetHints":{"allow":["GET"]}}],"collection":[{"href":"https:\/\/www.bellunopress.it\/fr\/wp-json\/wp\/v2\/posts"}],"about":[{"href":"https:\/\/www.bellunopress.it\/fr\/wp-json\/wp\/v2\/types\/post"}],"author":[{"embeddable":true,"href":"https:\/\/www.bellunopress.it\/fr\/wp-json\/wp\/v2\/users\/2"}],"replies":[{"embeddable":true,"href":"https:\/\/www.bellunopress.it\/fr\/wp-json\/wp\/v2\/comments?post=146025"}],"version-history":[{"count":1,"href":"https:\/\/www.bellunopress.it\/fr\/wp-json\/wp\/v2\/posts\/146025\/revisions"}],"predecessor-version":[{"id":146027,"href":"https:\/\/www.bellunopress.it\/fr\/wp-json\/wp\/v2\/posts\/146025\/revisions\/146027"}],"wp:featuredmedia":[{"embeddable":true,"href":"https:\/\/www.bellunopress.it\/fr\/wp-json\/wp\/v2\/media\/146026"}],"wp:attachment":[{"href":"https:\/\/www.bellunopress.it\/fr\/wp-json\/wp\/v2\/media?parent=146025"}],"wp:term":[{"taxonomy":"category","embeddable":true,"href":"https:\/\/www.bellunopress.it\/fr\/wp-json\/wp\/v2\/categories?post=146025"},{"taxonomy":"post_tag","embeddable":true,"href":"https:\/\/www.bellunopress.it\/fr\/wp-json\/wp\/v2\/tags?post=146025"}],"curies":[{"name":"wp","href":"https:\/\/api.w.org\/{rel}","templated":true}]}}