{"id":146023,"date":"2023-11-19T15:07:41","date_gmt":"2023-11-19T14:07:41","guid":{"rendered":"https:\/\/www.bellunopress.it\/?p=146023"},"modified":"2023-11-19T15:07:41","modified_gmt":"2023-11-19T14:07:41","slug":"villaggio-olimpico-2026-meglio-lex-villaggio-eni-di-borca-che-quello-individuato-a-fiames","status":"publish","type":"post","link":"https:\/\/www.bellunopress.it\/fr\/2023\/11\/19\/villaggio-olimpico-2026-meglio-lex-villaggio-eni-di-borca-che-quello-individuato-a-fiames\/","title":{"rendered":"Villaggio olimpico 2026: meglio l&#8217;ex Villaggio Eni di Borca che quello individuato a Fiames"},"content":{"rendered":"<figure id=\"attachment_142318\" aria-describedby=\"caption-attachment-142318\" style=\"width: 587px\" class=\"wp-caption alignleft\"><img loading=\"lazy\" decoding=\"async\" class=\"size-full wp-image-142318\" src=\"https:\/\/www.bellunopress.it\/wp-content\/uploads\/2023\/06\/villaggio-eni-borca-di-cadore_edited.jpg\" alt=\"\" width=\"587\" height=\"449\" srcset=\"https:\/\/www.bellunopress.it\/wp-content\/uploads\/2023\/06\/villaggio-eni-borca-di-cadore_edited.jpg 587w, https:\/\/www.bellunopress.it\/wp-content\/uploads\/2023\/06\/villaggio-eni-borca-di-cadore_edited-500x382.jpg 500w, https:\/\/www.bellunopress.it\/wp-content\/uploads\/2023\/06\/villaggio-eni-borca-di-cadore_edited-549x420.jpg 549w, https:\/\/www.bellunopress.it\/wp-content\/uploads\/2023\/06\/villaggio-eni-borca-di-cadore_edited-80x60.jpg 80w\" sizes=\"auto, (max-width: 587px) 100vw, 587px\" \/><figcaption id=\"caption-attachment-142318\" class=\"wp-caption-text\">Villaggio Eni &#8211; Borca di Cadore<\/figcaption><\/figure>\n<p>Il n\u00b0 1 del mensile Geo (gennaio 2006) offriva da pag. 62 a pag. 76 il bellissimo servizio sull\u2019ex villaggio Eni a Borca di Cadore: \u201cStoria di un petroliere ecologista (Mattei) che invent\u00f2 un bosco\u201d. Ne consiglio vivamente la lettura nel momento in cui, bocciata la costruzione della pista da bob, deve essere ridiscussa la pi\u00f9 conveniente collocazione del villaggio olimpico invernale Cortina \u2013Milano 2026. La sua capienza infatti dev\u2019essere ridimensionata; non saranno pi\u00f9 presenti gli atleti di bob, slittino e skeleton.<br \/>\nTorna quindi ancor pi\u00f9 utile ripensare ad \u201cUn villaggio ideale, \u2026costruito con una visione modernissima, tecniche d\u2019avanguardia e impatto ambientale zero\u201d (cos\u00ec recita l\u2019incipit del servizio).<\/p>\n<p>Dall\u2019aprile 2018, l\u2019attuale propriet\u00e0, la societ\u00e0 sarda Minoter, si \u00e8 sempre dimostrata disponibile a qualsiasi collaborazione con Fondazione Milano Cortina 2026 e Societ\u00e0 Infrastrutture Milano Cortina 2020.2026 (Simico in breve).<br \/>\nDa anni la scelta sull\u2019utilizzo del villaggio esistente \u00e8 propugnata da larga parte della societ\u00e0 bellunese, amministratori locali, associazioni culturali ed ambientali.<br \/>\nRicordo, fra tante, la visita al villaggio di Corte nell\u2019agosto 2021, di Padrin, presidente della Provincia, Federico D\u2019Inc\u00e0, allora ministro dei Rapporti col Parlamento, Gianluca D\u2019Inc\u00e0 Levis, che dal 2014 ha avviato \u201cProgettoborca\u201d che, da una riflessione culturale sulla montagna, propone il rilancio e il riuso di questo sito, dalle enormi potenzialit\u00e0 attuali e future. Tutti favorevoli a sviluppare qui il futuro Villaggio olimpico.<br \/>\nNel giugno 2023 la Cisl addirittura indice una petizione su Change. Org, per recuperare l\u2019ex Villaggio Eni e ripristinare questo patrimonio ambientale e culturale del \u2018900, in primis ad uso Olimpiadi, e quindi come eredit\u00e0 al territorio. Migliaia le adesioni.<br \/>\nChi abbia a cuore i nostri luoghi comprende che in tal modo la struttura sarebbe, tra l\u2019altro, destinata a Centri di ricerca, con relative start up, attivit\u00e0 universitarie, Centro Congressi, turismo, e pure Social Housing, utilissima ad un territorio in sofferenza per spopolamento ed invecchiamento. Il villaggio, inoltre, esiste da oltre 60 anni e non \u00e8 mai stato soggetto a frane o alluvioni, come invece successo pi\u00f9 a monte, ad esempio San Vito di Cadore o Acquabona di Cortina. Questa sarebbe l\u2019eredit\u00e0 vera, sociale, utilissima a tutti. Soldi \u201cben spesi\u201d.<\/p>\n<p>Il Villaggio individuato a Fiames invece sarebbe una vera \u201ccattedrale nel deserto\u201d, avulso da qualsiasi collegamento culturale e territoriale col centro pulsante del paese, caratterizzato da una sequenza orrenda di prefabbricati indeterminati, freddi, destinati, alla fine dell\u2019evento, ad essere asportati con destinazione altra. Per di pi\u00f9, la localit\u00e0 individuata ricadrebbe in buona parte in Rischio idrogeologico P2.<br \/>\nLa sua \u201clegacy\u201d (\u201cpolitically correct\u201d!) sarebbe una costosa, brulla landa, dotata di opere di urbanizzazione primarie e secondarie, destinate a non essere mai utilizzate.<br \/>\nChi ha potere ed onere per decidere, vuole finalmente ripensarci?<\/p>\n<p><strong>Tomaso Pettazzi<\/strong><\/p>","protected":false},"excerpt":{"rendered":"<p>Il n\u00b0 1 del mensile Geo (gennaio 2006) offriva da pag. 62 a pag. 76 il bellissimo servizio sull\u2019ex villaggio Eni a Borca di Cadore: \u201cStoria di un petroliere ecologista (Mattei) che invent\u00f2 un bosco\u201d. Ne consiglio vivamente la lettura nel momento in cui, bocciata la costruzione della pista da bob, deve essere ridiscussa la [&hellip;]<\/p>\n","protected":false},"author":2,"featured_media":123649,"comment_status":"closed","ping_status":"open","sticky":false,"template":"","format":"standard","meta":{"footnotes":""},"categories":[1],"tags":[],"class_list":["post-146023","post","type-post","status-publish","format-standard","has-post-thumbnail","category-leo"],"yoast_head":"<!-- This site is optimized with the Yoast SEO plugin v28.4 - https:\/\/yoast.com\/product\/yoast-seo-wordpress\/ -->\n<title>Villaggio olimpico 2026: meglio l&#039;ex Villaggio Eni di Borca che quello individuato a Fiames - Bellunopress - Dolomiti<\/title>\n<meta name=\"robots\" content=\"index, follow, max-snippet:-1, max-image-preview:large, max-video-preview:-1\" \/>\n<link rel=\"canonical\" href=\"https:\/\/www.bellunopress.it\/fr\/2023\/11\/19\/villaggio-olimpico-2026-meglio-lex-villaggio-eni-di-borca-che-quello-individuato-a-fiames\/\" \/>\n<meta property=\"og:locale\" content=\"fr_FR\" \/>\n<meta property=\"og:type\" content=\"article\" \/>\n<meta property=\"og:title\" content=\"Villaggio olimpico 2026: meglio l&#039;ex Villaggio Eni di Borca che quello individuato a Fiames - Bellunopress - Dolomiti\" \/>\n<meta property=\"og:description\" content=\"Il n\u00b0 1 del mensile Geo (gennaio 2006) offriva da pag. 62 a pag. 76 il bellissimo servizio sull\u2019ex villaggio Eni a Borca di Cadore: \u201cStoria di un petroliere ecologista (Mattei) che invent\u00f2 un bosco\u201d. Ne consiglio vivamente la lettura nel momento in cui, bocciata la costruzione della pista da bob, deve essere ridiscussa la [&hellip;]\" \/>\n<meta property=\"og:url\" content=\"https:\/\/www.bellunopress.it\/fr\/2023\/11\/19\/villaggio-olimpico-2026-meglio-lex-villaggio-eni-di-borca-che-quello-individuato-a-fiames\/\" \/>\n<meta property=\"og:site_name\" content=\"Bellunopress - Dolomiti\" \/>\n<meta property=\"article:publisher\" content=\"https:\/\/www.facebook.com\/profile.php?id=100008943462799\" \/>\n<meta property=\"article:published_time\" content=\"2023-11-19T14:07:41+00:00\" \/>\n<meta property=\"og:image\" content=\"https:\/\/www.bellunopress.it\/wp-content\/uploads\/2021\/04\/lettera-mail_edited.jpg\" \/>\n\t<meta property=\"og:image:width\" content=\"962\" \/>\n\t<meta property=\"og:image:height\" content=\"1000\" \/>\n\t<meta property=\"og:image:type\" content=\"image\/jpeg\" \/>\n<meta name=\"author\" content=\"redazione\" \/>\n<meta name=\"twitter:card\" content=\"summary_large_image\" \/>\n<meta name=\"twitter:creator\" content=\"@bellunopress\" \/>\n<meta name=\"twitter:site\" content=\"@bellunopress\" \/>\n<meta name=\"twitter:label1\" content=\"\u00c9crit par\" \/>\n\t<meta name=\"twitter:data1\" content=\"redazione\" \/>\n\t<meta name=\"twitter:label2\" content=\"Dur\u00e9e de lecture estim\u00e9e\" \/>\n\t<meta name=\"twitter:data2\" content=\"2 minutes\" \/>\n<script type=\"application\/ld+json\" class=\"yoast-schema-graph\">{\"@context\":\"https:\\\/\\\/schema.org\",\"@graph\":[{\"@type\":\"Article\",\"@id\":\"https:\\\/\\\/www.bellunopress.it\\\/2023\\\/11\\\/19\\\/villaggio-olimpico-2026-meglio-lex-villaggio-eni-di-borca-che-quello-individuato-a-fiames\\\/#article\",\"isPartOf\":{\"@id\":\"https:\\\/\\\/www.bellunopress.it\\\/2023\\\/11\\\/19\\\/villaggio-olimpico-2026-meglio-lex-villaggio-eni-di-borca-che-quello-individuato-a-fiames\\\/\"},\"author\":{\"name\":\"redazione\",\"@id\":\"https:\\\/\\\/www.bellunopress.it\\\/#\\\/schema\\\/person\\\/79bb06722b37ece1c03d3e94beb30d73\"},\"headline\":\"Villaggio olimpico 2026: meglio l&#8217;ex Villaggio Eni di Borca che quello individuato a Fiames\",\"datePublished\":\"2023-11-19T14:07:41+00:00\",\"mainEntityOfPage\":{\"@id\":\"https:\\\/\\\/www.bellunopress.it\\\/2023\\\/11\\\/19\\\/villaggio-olimpico-2026-meglio-lex-villaggio-eni-di-borca-che-quello-individuato-a-fiames\\\/\"},\"wordCount\":472,\"publisher\":{\"@id\":\"https:\\\/\\\/www.bellunopress.it\\\/#organization\"},\"image\":{\"@id\":\"https:\\\/\\\/www.bellunopress.it\\\/2023\\\/11\\\/19\\\/villaggio-olimpico-2026-meglio-lex-villaggio-eni-di-borca-che-quello-individuato-a-fiames\\\/#primaryimage\"},\"thumbnailUrl\":\"https:\\\/\\\/www.bellunopress.it\\\/wp-content\\\/uploads\\\/2021\\\/04\\\/lettera-mail_edited.jpg\",\"articleSection\":[\"Lettere Opinioni\"],\"inLanguage\":\"fr-FR\"},{\"@type\":\"WebPage\",\"@id\":\"https:\\\/\\\/www.bellunopress.it\\\/2023\\\/11\\\/19\\\/villaggio-olimpico-2026-meglio-lex-villaggio-eni-di-borca-che-quello-individuato-a-fiames\\\/\",\"url\":\"https:\\\/\\\/www.bellunopress.it\\\/2023\\\/11\\\/19\\\/villaggio-olimpico-2026-meglio-lex-villaggio-eni-di-borca-che-quello-individuato-a-fiames\\\/\",\"name\":\"Villaggio olimpico 2026: meglio l'ex Villaggio Eni di Borca che quello individuato a Fiames - Bellunopress - Dolomiti\",\"isPartOf\":{\"@id\":\"https:\\\/\\\/www.bellunopress.it\\\/#website\"},\"primaryImageOfPage\":{\"@id\":\"https:\\\/\\\/www.bellunopress.it\\\/2023\\\/11\\\/19\\\/villaggio-olimpico-2026-meglio-lex-villaggio-eni-di-borca-che-quello-individuato-a-fiames\\\/#primaryimage\"},\"image\":{\"@id\":\"https:\\\/\\\/www.bellunopress.it\\\/2023\\\/11\\\/19\\\/villaggio-olimpico-2026-meglio-lex-villaggio-eni-di-borca-che-quello-individuato-a-fiames\\\/#primaryimage\"},\"thumbnailUrl\":\"https:\\\/\\\/www.bellunopress.it\\\/wp-content\\\/uploads\\\/2021\\\/04\\\/lettera-mail_edited.jpg\",\"datePublished\":\"2023-11-19T14:07:41+00:00\",\"breadcrumb\":{\"@id\":\"https:\\\/\\\/www.bellunopress.it\\\/2023\\\/11\\\/19\\\/villaggio-olimpico-2026-meglio-lex-villaggio-eni-di-borca-che-quello-individuato-a-fiames\\\/#breadcrumb\"},\"inLanguage\":\"fr-FR\",\"potentialAction\":[{\"@type\":\"ReadAction\",\"target\":[\"https:\\\/\\\/www.bellunopress.it\\\/2023\\\/11\\\/19\\\/villaggio-olimpico-2026-meglio-lex-villaggio-eni-di-borca-che-quello-individuato-a-fiames\\\/\"]}]},{\"@type\":\"ImageObject\",\"inLanguage\":\"fr-FR\",\"@id\":\"https:\\\/\\\/www.bellunopress.it\\\/2023\\\/11\\\/19\\\/villaggio-olimpico-2026-meglio-lex-villaggio-eni-di-borca-che-quello-individuato-a-fiames\\\/#primaryimage\",\"url\":\"https:\\\/\\\/www.bellunopress.it\\\/wp-content\\\/uploads\\\/2021\\\/04\\\/lettera-mail_edited.jpg\",\"contentUrl\":\"https:\\\/\\\/www.bellunopress.it\\\/wp-content\\\/uploads\\\/2021\\\/04\\\/lettera-mail_edited.jpg\",\"width\":962,\"height\":1000},{\"@type\":\"BreadcrumbList\",\"@id\":\"https:\\\/\\\/www.bellunopress.it\\\/2023\\\/11\\\/19\\\/villaggio-olimpico-2026-meglio-lex-villaggio-eni-di-borca-che-quello-individuato-a-fiames\\\/#breadcrumb\",\"itemListElement\":[{\"@type\":\"ListItem\",\"position\":1,\"name\":\"Home\",\"item\":\"https:\\\/\\\/www.bellunopress.it\\\/\"},{\"@type\":\"ListItem\",\"position\":2,\"name\":\"Villaggio olimpico 2026: meglio l&#8217;ex Villaggio Eni di Borca che quello individuato a Fiames\"}]},{\"@type\":\"WebSite\",\"@id\":\"https:\\\/\\\/www.bellunopress.it\\\/#website\",\"url\":\"https:\\\/\\\/www.bellunopress.it\\\/\",\"name\":\"Bellunopress - Dolomiti\",\"description\":\"e-mail: redazione@bellunopress.it\",\"publisher\":{\"@id\":\"https:\\\/\\\/www.bellunopress.it\\\/#organization\"},\"potentialAction\":[{\"@type\":\"SearchAction\",\"target\":{\"@type\":\"EntryPoint\",\"urlTemplate\":\"https:\\\/\\\/www.bellunopress.it\\\/?s={search_term_string}\"},\"query-input\":{\"@type\":\"PropertyValueSpecification\",\"valueRequired\":true,\"valueName\":\"search_term_string\"}}],\"inLanguage\":\"fr-FR\"},{\"@type\":\"Organization\",\"@id\":\"https:\\\/\\\/www.bellunopress.it\\\/#organization\",\"name\":\"Bellunopress\",\"url\":\"https:\\\/\\\/www.bellunopress.it\\\/\",\"logo\":{\"@type\":\"ImageObject\",\"inLanguage\":\"fr-FR\",\"@id\":\"https:\\\/\\\/www.bellunopress.it\\\/#\\\/schema\\\/logo\\\/image\\\/\",\"url\":\"https:\\\/\\\/www.bellunopress.it\\\/wp-content\\\/uploads\\\/2011\\\/05\\\/cropped-logo-bellunopress-.jpg\",\"contentUrl\":\"https:\\\/\\\/www.bellunopress.it\\\/wp-content\\\/uploads\\\/2011\\\/05\\\/cropped-logo-bellunopress-.jpg\",\"width\":512,\"height\":512,\"caption\":\"Bellunopress\"},\"image\":{\"@id\":\"https:\\\/\\\/www.bellunopress.it\\\/#\\\/schema\\\/logo\\\/image\\\/\"},\"sameAs\":[\"https:\\\/\\\/www.facebook.com\\\/profile.php?id=100008943462799\",\"https:\\\/\\\/x.com\\\/bellunopress\",\"https:\\\/\\\/www.linkedin.com\\\/hp\\\/?dnr=JBzUWaJfMUw8vbXJJ2tVW5-I3jZKvC4wsoxE&amp;amp;amp;amp;amp;amp;trk=nav_responsive_tab_home\",\"https:\\\/\\\/www.youtube.com\\\/channel\\\/UCxL0wu1uN0_3_7hGG0306cw\"]},{\"@type\":\"Person\",\"@id\":\"https:\\\/\\\/www.bellunopress.it\\\/#\\\/schema\\\/person\\\/79bb06722b37ece1c03d3e94beb30d73\",\"name\":\"redazione\",\"image\":{\"@type\":\"ImageObject\",\"inLanguage\":\"fr-FR\",\"@id\":\"https:\\\/\\\/secure.gravatar.com\\\/avatar\\\/37d968a2e67a6fd04c169c4bdef102d0bc5d31b2546345219e348575eb80e9a0?s=96&d=mm&r=g\",\"url\":\"https:\\\/\\\/secure.gravatar.com\\\/avatar\\\/37d968a2e67a6fd04c169c4bdef102d0bc5d31b2546345219e348575eb80e9a0?s=96&d=mm&r=g\",\"contentUrl\":\"https:\\\/\\\/secure.gravatar.com\\\/avatar\\\/37d968a2e67a6fd04c169c4bdef102d0bc5d31b2546345219e348575eb80e9a0?s=96&d=mm&r=g\",\"caption\":\"redazione\"},\"sameAs\":[\"http:\\\/\\\/www.bellunopress.it\",\"https:\\\/\\\/x.com\\\/bellunopress\"],\"url\":\"https:\\\/\\\/www.bellunopress.it\\\/fr\\\/author\\\/redazione\\\/\"}]}<\/script>\n<!-- \/ Yoast SEO plugin. -->","yoast_head_json":{"title":"Villaggio olimpico 2026: meglio l'ex Villaggio Eni di Borca che quello individuato a Fiames - Bellunopress - Dolomiti","robots":{"index":"index","follow":"follow","max-snippet":"max-snippet:-1","max-image-preview":"max-image-preview:large","max-video-preview":"max-video-preview:-1"},"canonical":"https:\/\/www.bellunopress.it\/fr\/2023\/11\/19\/villaggio-olimpico-2026-meglio-lex-villaggio-eni-di-borca-che-quello-individuato-a-fiames\/","og_locale":"fr_FR","og_type":"article","og_title":"Villaggio olimpico 2026: meglio l'ex Villaggio Eni di Borca che quello individuato a Fiames - Bellunopress - Dolomiti","og_description":"Il n\u00b0 1 del mensile Geo (gennaio 2006) offriva da pag. 62 a pag. 76 il bellissimo servizio sull\u2019ex villaggio Eni a Borca di Cadore: \u201cStoria di un petroliere ecologista (Mattei) che invent\u00f2 un bosco\u201d. Ne consiglio vivamente la lettura nel momento in cui, bocciata la costruzione della pista da bob, deve essere ridiscussa la [&hellip;]","og_url":"https:\/\/www.bellunopress.it\/fr\/2023\/11\/19\/villaggio-olimpico-2026-meglio-lex-villaggio-eni-di-borca-che-quello-individuato-a-fiames\/","og_site_name":"Bellunopress - Dolomiti","article_publisher":"https:\/\/www.facebook.com\/profile.php?id=100008943462799","article_published_time":"2023-11-19T14:07:41+00:00","og_image":[{"width":962,"height":1000,"url":"https:\/\/www.bellunopress.it\/wp-content\/uploads\/2021\/04\/lettera-mail_edited.jpg","type":"image\/jpeg"}],"author":"redazione","twitter_card":"summary_large_image","twitter_creator":"@bellunopress","twitter_site":"@bellunopress","twitter_misc":{"\u00c9crit par":"redazione","Dur\u00e9e de lecture estim\u00e9e":"2 minutes"},"schema":{"@context":"https:\/\/schema.org","@graph":[{"@type":"Article","@id":"https:\/\/www.bellunopress.it\/2023\/11\/19\/villaggio-olimpico-2026-meglio-lex-villaggio-eni-di-borca-che-quello-individuato-a-fiames\/#article","isPartOf":{"@id":"https:\/\/www.bellunopress.it\/2023\/11\/19\/villaggio-olimpico-2026-meglio-lex-villaggio-eni-di-borca-che-quello-individuato-a-fiames\/"},"author":{"name":"redazione","@id":"https:\/\/www.bellunopress.it\/#\/schema\/person\/79bb06722b37ece1c03d3e94beb30d73"},"headline":"Villaggio olimpico 2026: meglio l&#8217;ex Villaggio Eni di Borca che quello individuato a Fiames","datePublished":"2023-11-19T14:07:41+00:00","mainEntityOfPage":{"@id":"https:\/\/www.bellunopress.it\/2023\/11\/19\/villaggio-olimpico-2026-meglio-lex-villaggio-eni-di-borca-che-quello-individuato-a-fiames\/"},"wordCount":472,"publisher":{"@id":"https:\/\/www.bellunopress.it\/#organization"},"image":{"@id":"https:\/\/www.bellunopress.it\/2023\/11\/19\/villaggio-olimpico-2026-meglio-lex-villaggio-eni-di-borca-che-quello-individuato-a-fiames\/#primaryimage"},"thumbnailUrl":"https:\/\/www.bellunopress.it\/wp-content\/uploads\/2021\/04\/lettera-mail_edited.jpg","articleSection":["Lettere Opinioni"],"inLanguage":"fr-FR"},{"@type":"WebPage","@id":"https:\/\/www.bellunopress.it\/2023\/11\/19\/villaggio-olimpico-2026-meglio-lex-villaggio-eni-di-borca-che-quello-individuato-a-fiames\/","url":"https:\/\/www.bellunopress.it\/2023\/11\/19\/villaggio-olimpico-2026-meglio-lex-villaggio-eni-di-borca-che-quello-individuato-a-fiames\/","name":"Villaggio olimpico 2026: meglio l'ex Villaggio Eni di Borca che quello individuato a Fiames - Bellunopress - Dolomiti","isPartOf":{"@id":"https:\/\/www.bellunopress.it\/#website"},"primaryImageOfPage":{"@id":"https:\/\/www.bellunopress.it\/2023\/11\/19\/villaggio-olimpico-2026-meglio-lex-villaggio-eni-di-borca-che-quello-individuato-a-fiames\/#primaryimage"},"image":{"@id":"https:\/\/www.bellunopress.it\/2023\/11\/19\/villaggio-olimpico-2026-meglio-lex-villaggio-eni-di-borca-che-quello-individuato-a-fiames\/#primaryimage"},"thumbnailUrl":"https:\/\/www.bellunopress.it\/wp-content\/uploads\/2021\/04\/lettera-mail_edited.jpg","datePublished":"2023-11-19T14:07:41+00:00","breadcrumb":{"@id":"https:\/\/www.bellunopress.it\/2023\/11\/19\/villaggio-olimpico-2026-meglio-lex-villaggio-eni-di-borca-che-quello-individuato-a-fiames\/#breadcrumb"},"inLanguage":"fr-FR","potentialAction":[{"@type":"ReadAction","target":["https:\/\/www.bellunopress.it\/2023\/11\/19\/villaggio-olimpico-2026-meglio-lex-villaggio-eni-di-borca-che-quello-individuato-a-fiames\/"]}]},{"@type":"ImageObject","inLanguage":"fr-FR","@id":"https:\/\/www.bellunopress.it\/2023\/11\/19\/villaggio-olimpico-2026-meglio-lex-villaggio-eni-di-borca-che-quello-individuato-a-fiames\/#primaryimage","url":"https:\/\/www.bellunopress.it\/wp-content\/uploads\/2021\/04\/lettera-mail_edited.jpg","contentUrl":"https:\/\/www.bellunopress.it\/wp-content\/uploads\/2021\/04\/lettera-mail_edited.jpg","width":962,"height":1000},{"@type":"BreadcrumbList","@id":"https:\/\/www.bellunopress.it\/2023\/11\/19\/villaggio-olimpico-2026-meglio-lex-villaggio-eni-di-borca-che-quello-individuato-a-fiames\/#breadcrumb","itemListElement":[{"@type":"ListItem","position":1,"name":"Home","item":"https:\/\/www.bellunopress.it\/"},{"@type":"ListItem","position":2,"name":"Villaggio olimpico 2026: meglio l&#8217;ex Villaggio Eni di Borca che quello individuato a Fiames"}]},{"@type":"WebSite","@id":"https:\/\/www.bellunopress.it\/#website","url":"https:\/\/www.bellunopress.it\/","name":"Bellunopress - Dolomiti","description":"e-mail: redazione@bellunopress.it","publisher":{"@id":"https:\/\/www.bellunopress.it\/#organization"},"potentialAction":[{"@type":"SearchAction","target":{"@type":"EntryPoint","urlTemplate":"https:\/\/www.bellunopress.it\/?s={search_term_string}"},"query-input":{"@type":"PropertyValueSpecification","valueRequired":true,"valueName":"search_term_string"}}],"inLanguage":"fr-FR"},{"@type":"Organization","@id":"https:\/\/www.bellunopress.it\/#organization","name":"Bellunopress","url":"https:\/\/www.bellunopress.it\/","logo":{"@type":"ImageObject","inLanguage":"fr-FR","@id":"https:\/\/www.bellunopress.it\/#\/schema\/logo\/image\/","url":"https:\/\/www.bellunopress.it\/wp-content\/uploads\/2011\/05\/cropped-logo-bellunopress-.jpg","contentUrl":"https:\/\/www.bellunopress.it\/wp-content\/uploads\/2011\/05\/cropped-logo-bellunopress-.jpg","width":512,"height":512,"caption":"Bellunopress"},"image":{"@id":"https:\/\/www.bellunopress.it\/#\/schema\/logo\/image\/"},"sameAs":["https:\/\/www.facebook.com\/profile.php?id=100008943462799","https:\/\/x.com\/bellunopress","https:\/\/www.linkedin.com\/hp\/?dnr=JBzUWaJfMUw8vbXJJ2tVW5-I3jZKvC4wsoxE&amp;amp;amp;amp;amp;amp;trk=nav_responsive_tab_home","https:\/\/www.youtube.com\/channel\/UCxL0wu1uN0_3_7hGG0306cw"]},{"@type":"Person","@id":"https:\/\/www.bellunopress.it\/#\/schema\/person\/79bb06722b37ece1c03d3e94beb30d73","name":"r\u00e9daction","image":{"@type":"ImageObject","inLanguage":"fr-FR","@id":"https:\/\/secure.gravatar.com\/avatar\/37d968a2e67a6fd04c169c4bdef102d0bc5d31b2546345219e348575eb80e9a0?s=96&d=mm&r=g","url":"https:\/\/secure.gravatar.com\/avatar\/37d968a2e67a6fd04c169c4bdef102d0bc5d31b2546345219e348575eb80e9a0?s=96&d=mm&r=g","contentUrl":"https:\/\/secure.gravatar.com\/avatar\/37d968a2e67a6fd04c169c4bdef102d0bc5d31b2546345219e348575eb80e9a0?s=96&d=mm&r=g","caption":"redazione"},"sameAs":["http:\/\/www.bellunopress.it","https:\/\/x.com\/bellunopress"],"url":"https:\/\/www.bellunopress.it\/fr\/author\/redazione\/"}]}},"_links":{"self":[{"href":"https:\/\/www.bellunopress.it\/fr\/wp-json\/wp\/v2\/posts\/146023","targetHints":{"allow":["GET"]}}],"collection":[{"href":"https:\/\/www.bellunopress.it\/fr\/wp-json\/wp\/v2\/posts"}],"about":[{"href":"https:\/\/www.bellunopress.it\/fr\/wp-json\/wp\/v2\/types\/post"}],"author":[{"embeddable":true,"href":"https:\/\/www.bellunopress.it\/fr\/wp-json\/wp\/v2\/users\/2"}],"replies":[{"embeddable":true,"href":"https:\/\/www.bellunopress.it\/fr\/wp-json\/wp\/v2\/comments?post=146023"}],"version-history":[{"count":1,"href":"https:\/\/www.bellunopress.it\/fr\/wp-json\/wp\/v2\/posts\/146023\/revisions"}],"predecessor-version":[{"id":146024,"href":"https:\/\/www.bellunopress.it\/fr\/wp-json\/wp\/v2\/posts\/146023\/revisions\/146024"}],"wp:featuredmedia":[{"embeddable":true,"href":"https:\/\/www.bellunopress.it\/fr\/wp-json\/wp\/v2\/media\/123649"}],"wp:attachment":[{"href":"https:\/\/www.bellunopress.it\/fr\/wp-json\/wp\/v2\/media?parent=146023"}],"wp:term":[{"taxonomy":"category","embeddable":true,"href":"https:\/\/www.bellunopress.it\/fr\/wp-json\/wp\/v2\/categories?post=146023"},{"taxonomy":"post_tag","embeddable":true,"href":"https:\/\/www.bellunopress.it\/fr\/wp-json\/wp\/v2\/tags?post=146023"}],"curies":[{"name":"wp","href":"https:\/\/api.w.org\/{rel}","templated":true}]}}