{"id":146017,"date":"2023-11-19T11:26:56","date_gmt":"2023-11-19T10:26:56","guid":{"rendered":"https:\/\/www.bellunopress.it\/?p=146017"},"modified":"2023-11-19T15:09:19","modified_gmt":"2023-11-19T14:09:19","slug":"fiction-blanca-rai1-stefano-puzzer-una-vergognosa-operazione-del-mainstream-tesa-a-screditare-i-portuali","status":"publish","type":"post","link":"https:\/\/www.bellunopress.it\/fr\/2023\/11\/19\/fiction-blanca-rai1-stefano-puzzer-una-vergognosa-operazione-del-mainstream-tesa-a-screditare-i-portuali\/","title":{"rendered":"Fiction Blanca Rai1. Stefano Puzzer: una vergognosa operazione del mainstream tesa a screditare i portuali"},"content":{"rendered":"<p><img loading=\"lazy\" decoding=\"async\" class=\"alignleft size-full wp-image-146018\" src=\"https:\/\/www.bellunopress.it\/wp-content\/uploads\/2023\/11\/Stefano-Puzzer_edited.jpg\" alt=\"\" width=\"1000\" height=\"530\" srcset=\"https:\/\/www.bellunopress.it\/wp-content\/uploads\/2023\/11\/Stefano-Puzzer_edited.jpg 1000w, https:\/\/www.bellunopress.it\/wp-content\/uploads\/2023\/11\/Stefano-Puzzer_edited-500x265.jpg 500w, https:\/\/www.bellunopress.it\/wp-content\/uploads\/2023\/11\/Stefano-Puzzer_edited-696x369.jpg 696w\" sizes=\"auto, (max-width: 1000px) 100vw, 1000px\" \/>\u00abTre anni fa a Trieste, durante uno sciopero dei portuali, io ero a capo del servizio di ordine pubblico. La situazione era tranquilla, poi i manifestanti hanno cominciato ad aggredirci, e io ho ordinato la carica. Poi la situazione si \u00e8 calmata, Frida era a terra, uccisa da un colpo violento alla testa. Il processo poi ha dimostrato che il colpo era stato inferto da uno dei dimostranti, ma per anni non si \u00e8 mai rassegnato\u00bb.<\/p>\n<p>E\u2019 ci\u00f2 che racconta la fiction della serie televisiva Blanca, trasmessa ogni gioved\u00ec su Rai1 in prima serata dopo Amadeus (ora visibile su RaiPlay).<\/p>\n<p>Una puntata racconta lo sciopero dell\u2019ottobre 2021 organizzato dal Coordinamento dei portuali di Trieste, con portavoce Stefano Puzzer, e si fa passare come un fatto realmente accaduto, nel contesto della protesta, la morte di una ragazza, attribuendone la responsabilit\u00e0 a uno dei manifestanti. Un falso, insomma, per screditare e infangare i portuali che pacificamente hanno protestato secondo le regole dello sciopero.<\/p>\n<p>Sappiamo invece che i portuali al Molo 17 erano seduti a terra pacificamente e vennero colpiti dagli idranti della polizia che voleva sgomberare il porto.<br \/>\nPoco importa che la produzione Rai dica che si tratta di una fiction, dunque una finzione, perch\u00e9 cos\u00ec facendo, mischiando realt\u00e0 e fantasia, si sta insinuando nel telespettatore la convinzione che sia realmente accaduto un fatto di sangue, all\u2019interno di un contesto realmente accaduto. E\u2019 evidente, insomma, che attribuire la morte di una ragazza, che nella realt\u00e0 non \u00e8 mai avvenuta, \u00e8 funzionale di una operazione mediatica volta a screditare la protesta dei portuali. In particolare del suo portavoce Stefano Puzzer, che peraltro aveva adempiuto regolarmente all\u2019obbligo vaccinale.<\/p>\n<p>Cosa rimarr\u00e0 in mente al telespettatore dopo aver visto quella fiction se non la convinzione che i portuali con la loro protesta hanno fatto morire una ragazza innocente?<\/p>\n<p>Lo abbiamo chiesto al diretto interessato ospite ieri nel Bellunese:\u00a0 \u201cLa verit\u00e0 &#8211; precisa Stefano Puzzer &#8211; \u00e8 che noi in quei giorni a Trieste ci siamo impegnati perch\u00e9 non accadessero incidenti. Parlare addirittura di una morte per mano di un manifestante \u00e8 una cosa vergognosa. Dire che siamo stati noi manifestanti ad attaccare le forze dell\u2019ordine \u00e8 voler cancellare la verit\u00e0. Nella fiction vengono tirati in ballo i no vax. In realt\u00e0 a quella manifestazione accaduta 3 anni fa, oltre ai portuali, a Trieste erano presenti tanti cittadini scesi in piazza a difesa della libert\u00e0 di pensiero. Quello che sta succedendo attraverso questa fiction \u00e8 solo la continuazione di una operazione di propaganda condotta dal cosiddetto mainstream. Una cosa vergognosa. Siamo certi che quando la produzione e la regia si render\u00e0 conto di questi passaggi diffamatori diffusi addirittura da una tv pubblica, provveder\u00e0 quantomeno a riscrivere alcune scene per ristabilire la verit\u00e0\u201d.<\/p>\n<p>Roberto De Nart<\/p>\n<p><a href=\"https:\/\/odysee.com\/@STUDIO2000HERTZ:2\/Sequenza1:0\">Qui l&#8217;intervista curata da Studio 2000 Hertz<\/a><\/p>\n<p>&nbsp;<\/p>","protected":false},"excerpt":{"rendered":"<p>\u00abTre anni fa a Trieste, durante uno sciopero dei portuali, io ero a capo del servizio di ordine pubblico. La situazione era tranquilla, poi i manifestanti hanno cominciato ad aggredirci, e io ho ordinato la carica. Poi la situazione si \u00e8 calmata, Frida era a terra, uccisa da un colpo violento alla testa. Il processo [&hellip;]<\/p>\n","protected":false},"author":2,"featured_media":146018,"comment_status":"closed","ping_status":"open","sticky":false,"template":"","format":"standard","meta":{"footnotes":""},"categories":[5,3446,26,8],"tags":[3594,3595],"class_list":["post-146017","post","type-post","status-publish","format-standard","has-post-thumbnail","category-cronaca","category-featured","category-prima-pagina","category-societa-istituzioni","tag-fiction-rai1-blanca","tag-stefano-puzzer"],"yoast_head":"<!-- This site is optimized with the Yoast SEO plugin v28.4 - https:\/\/yoast.com\/product\/yoast-seo-wordpress\/ -->\n<title>Fiction Blanca Rai1. Stefano Puzzer: una vergognosa operazione del mainstream tesa a screditare i portuali - Bellunopress - Dolomiti<\/title>\n<meta name=\"robots\" content=\"index, follow, max-snippet:-1, max-image-preview:large, max-video-preview:-1\" \/>\n<link rel=\"canonical\" href=\"https:\/\/www.bellunopress.it\/fr\/2023\/11\/19\/fiction-blanca-rai1-stefano-puzzer-una-vergognosa-operazione-del-mainstream-tesa-a-screditare-i-portuali\/\" \/>\n<meta property=\"og:locale\" content=\"fr_FR\" \/>\n<meta property=\"og:type\" content=\"article\" \/>\n<meta property=\"og:title\" content=\"Fiction Blanca Rai1. Stefano Puzzer: una vergognosa operazione del mainstream tesa a screditare i portuali - Bellunopress - Dolomiti\" \/>\n<meta property=\"og:description\" content=\"\u00abTre anni fa a Trieste, durante uno sciopero dei portuali, io ero a capo del servizio di ordine pubblico. La situazione era tranquilla, poi i manifestanti hanno cominciato ad aggredirci, e io ho ordinato la carica. Poi la situazione si \u00e8 calmata, Frida era a terra, uccisa da un colpo violento alla testa. Il processo [&hellip;]\" \/>\n<meta property=\"og:url\" content=\"https:\/\/www.bellunopress.it\/fr\/2023\/11\/19\/fiction-blanca-rai1-stefano-puzzer-una-vergognosa-operazione-del-mainstream-tesa-a-screditare-i-portuali\/\" \/>\n<meta property=\"og:site_name\" content=\"Bellunopress - Dolomiti\" \/>\n<meta property=\"article:publisher\" content=\"https:\/\/www.facebook.com\/profile.php?id=100008943462799\" \/>\n<meta property=\"article:published_time\" content=\"2023-11-19T10:26:56+00:00\" \/>\n<meta property=\"article:modified_time\" content=\"2023-11-19T14:09:19+00:00\" \/>\n<meta property=\"og:image\" content=\"https:\/\/www.bellunopress.it\/wp-content\/uploads\/2023\/11\/Stefano-Puzzer_edited.jpg\" \/>\n\t<meta property=\"og:image:width\" content=\"1000\" \/>\n\t<meta property=\"og:image:height\" content=\"530\" \/>\n\t<meta property=\"og:image:type\" content=\"image\/jpeg\" \/>\n<meta name=\"author\" content=\"redazione\" \/>\n<meta name=\"twitter:card\" content=\"summary_large_image\" \/>\n<meta name=\"twitter:creator\" content=\"@bellunopress\" \/>\n<meta name=\"twitter:site\" content=\"@bellunopress\" \/>\n<meta name=\"twitter:label1\" content=\"Written by\" \/>\n\t<meta name=\"twitter:data1\" content=\"redazione\" \/>\n\t<meta name=\"twitter:label2\" content=\"Est. reading time\" \/>\n\t<meta name=\"twitter:data2\" content=\"2 minutes\" \/>\n<script type=\"application\/ld+json\" class=\"yoast-schema-graph\">{\"@context\":\"https:\\\/\\\/schema.org\",\"@graph\":[{\"@type\":\"Article\",\"@id\":\"https:\\\/\\\/www.bellunopress.it\\\/2023\\\/11\\\/19\\\/fiction-blanca-rai1-stefano-puzzer-una-vergognosa-operazione-del-mainstream-tesa-a-screditare-i-portuali\\\/#article\",\"isPartOf\":{\"@id\":\"https:\\\/\\\/www.bellunopress.it\\\/2023\\\/11\\\/19\\\/fiction-blanca-rai1-stefano-puzzer-una-vergognosa-operazione-del-mainstream-tesa-a-screditare-i-portuali\\\/\"},\"author\":{\"name\":\"redazione\",\"@id\":\"https:\\\/\\\/www.bellunopress.it\\\/#\\\/schema\\\/person\\\/79bb06722b37ece1c03d3e94beb30d73\"},\"headline\":\"Fiction Blanca Rai1. Stefano Puzzer: una vergognosa operazione del mainstream tesa a screditare i portuali\",\"datePublished\":\"2023-11-19T10:26:56+00:00\",\"dateModified\":\"2023-11-19T14:09:19+00:00\",\"mainEntityOfPage\":{\"@id\":\"https:\\\/\\\/www.bellunopress.it\\\/2023\\\/11\\\/19\\\/fiction-blanca-rai1-stefano-puzzer-una-vergognosa-operazione-del-mainstream-tesa-a-screditare-i-portuali\\\/\"},\"wordCount\":474,\"publisher\":{\"@id\":\"https:\\\/\\\/www.bellunopress.it\\\/#organization\"},\"image\":{\"@id\":\"https:\\\/\\\/www.bellunopress.it\\\/2023\\\/11\\\/19\\\/fiction-blanca-rai1-stefano-puzzer-una-vergognosa-operazione-del-mainstream-tesa-a-screditare-i-portuali\\\/#primaryimage\"},\"thumbnailUrl\":\"https:\\\/\\\/www.bellunopress.it\\\/wp-content\\\/uploads\\\/2023\\\/11\\\/Stefano-Puzzer_edited.jpg\",\"keywords\":[\"Fiction Rai1 Blanca\",\"Stefano Puzzer\"],\"articleSection\":[\"Cronaca\\\/Politica\",\"Featured\",\"Prima Pagina\",\"Societ\u00e0, Associazioni, Istituzioni\"],\"inLanguage\":\"fr-FR\"},{\"@type\":\"WebPage\",\"@id\":\"https:\\\/\\\/www.bellunopress.it\\\/2023\\\/11\\\/19\\\/fiction-blanca-rai1-stefano-puzzer-una-vergognosa-operazione-del-mainstream-tesa-a-screditare-i-portuali\\\/\",\"url\":\"https:\\\/\\\/www.bellunopress.it\\\/2023\\\/11\\\/19\\\/fiction-blanca-rai1-stefano-puzzer-una-vergognosa-operazione-del-mainstream-tesa-a-screditare-i-portuali\\\/\",\"name\":\"Fiction Blanca Rai1. Stefano Puzzer: una vergognosa operazione del mainstream tesa a screditare i portuali - Bellunopress - Dolomiti\",\"isPartOf\":{\"@id\":\"https:\\\/\\\/www.bellunopress.it\\\/#website\"},\"primaryImageOfPage\":{\"@id\":\"https:\\\/\\\/www.bellunopress.it\\\/2023\\\/11\\\/19\\\/fiction-blanca-rai1-stefano-puzzer-una-vergognosa-operazione-del-mainstream-tesa-a-screditare-i-portuali\\\/#primaryimage\"},\"image\":{\"@id\":\"https:\\\/\\\/www.bellunopress.it\\\/2023\\\/11\\\/19\\\/fiction-blanca-rai1-stefano-puzzer-una-vergognosa-operazione-del-mainstream-tesa-a-screditare-i-portuali\\\/#primaryimage\"},\"thumbnailUrl\":\"https:\\\/\\\/www.bellunopress.it\\\/wp-content\\\/uploads\\\/2023\\\/11\\\/Stefano-Puzzer_edited.jpg\",\"datePublished\":\"2023-11-19T10:26:56+00:00\",\"dateModified\":\"2023-11-19T14:09:19+00:00\",\"breadcrumb\":{\"@id\":\"https:\\\/\\\/www.bellunopress.it\\\/2023\\\/11\\\/19\\\/fiction-blanca-rai1-stefano-puzzer-una-vergognosa-operazione-del-mainstream-tesa-a-screditare-i-portuali\\\/#breadcrumb\"},\"inLanguage\":\"fr-FR\",\"potentialAction\":[{\"@type\":\"ReadAction\",\"target\":[\"https:\\\/\\\/www.bellunopress.it\\\/2023\\\/11\\\/19\\\/fiction-blanca-rai1-stefano-puzzer-una-vergognosa-operazione-del-mainstream-tesa-a-screditare-i-portuali\\\/\"]}]},{\"@type\":\"ImageObject\",\"inLanguage\":\"fr-FR\",\"@id\":\"https:\\\/\\\/www.bellunopress.it\\\/2023\\\/11\\\/19\\\/fiction-blanca-rai1-stefano-puzzer-una-vergognosa-operazione-del-mainstream-tesa-a-screditare-i-portuali\\\/#primaryimage\",\"url\":\"https:\\\/\\\/www.bellunopress.it\\\/wp-content\\\/uploads\\\/2023\\\/11\\\/Stefano-Puzzer_edited.jpg\",\"contentUrl\":\"https:\\\/\\\/www.bellunopress.it\\\/wp-content\\\/uploads\\\/2023\\\/11\\\/Stefano-Puzzer_edited.jpg\",\"width\":1000,\"height\":530},{\"@type\":\"BreadcrumbList\",\"@id\":\"https:\\\/\\\/www.bellunopress.it\\\/2023\\\/11\\\/19\\\/fiction-blanca-rai1-stefano-puzzer-una-vergognosa-operazione-del-mainstream-tesa-a-screditare-i-portuali\\\/#breadcrumb\",\"itemListElement\":[{\"@type\":\"ListItem\",\"position\":1,\"name\":\"Home\",\"item\":\"https:\\\/\\\/www.bellunopress.it\\\/\"},{\"@type\":\"ListItem\",\"position\":2,\"name\":\"Fiction Blanca Rai1. Stefano Puzzer: una vergognosa operazione del mainstream tesa a screditare i portuali\"}]},{\"@type\":\"WebSite\",\"@id\":\"https:\\\/\\\/www.bellunopress.it\\\/#website\",\"url\":\"https:\\\/\\\/www.bellunopress.it\\\/\",\"name\":\"Bellunopress - Dolomiti\",\"description\":\"e-mail: redazione@bellunopress.it\",\"publisher\":{\"@id\":\"https:\\\/\\\/www.bellunopress.it\\\/#organization\"},\"potentialAction\":[{\"@type\":\"SearchAction\",\"target\":{\"@type\":\"EntryPoint\",\"urlTemplate\":\"https:\\\/\\\/www.bellunopress.it\\\/?s={search_term_string}\"},\"query-input\":{\"@type\":\"PropertyValueSpecification\",\"valueRequired\":true,\"valueName\":\"search_term_string\"}}],\"inLanguage\":\"fr-FR\"},{\"@type\":\"Organization\",\"@id\":\"https:\\\/\\\/www.bellunopress.it\\\/#organization\",\"name\":\"Bellunopress\",\"url\":\"https:\\\/\\\/www.bellunopress.it\\\/\",\"logo\":{\"@type\":\"ImageObject\",\"inLanguage\":\"fr-FR\",\"@id\":\"https:\\\/\\\/www.bellunopress.it\\\/#\\\/schema\\\/logo\\\/image\\\/\",\"url\":\"https:\\\/\\\/www.bellunopress.it\\\/wp-content\\\/uploads\\\/2011\\\/05\\\/cropped-logo-bellunopress-.jpg\",\"contentUrl\":\"https:\\\/\\\/www.bellunopress.it\\\/wp-content\\\/uploads\\\/2011\\\/05\\\/cropped-logo-bellunopress-.jpg\",\"width\":512,\"height\":512,\"caption\":\"Bellunopress\"},\"image\":{\"@id\":\"https:\\\/\\\/www.bellunopress.it\\\/#\\\/schema\\\/logo\\\/image\\\/\"},\"sameAs\":[\"https:\\\/\\\/www.facebook.com\\\/profile.php?id=100008943462799\",\"https:\\\/\\\/x.com\\\/bellunopress\",\"https:\\\/\\\/www.linkedin.com\\\/hp\\\/?dnr=JBzUWaJfMUw8vbXJJ2tVW5-I3jZKvC4wsoxE&amp;amp;amp;amp;amp;amp;trk=nav_responsive_tab_home\",\"https:\\\/\\\/www.youtube.com\\\/channel\\\/UCxL0wu1uN0_3_7hGG0306cw\"]},{\"@type\":\"Person\",\"@id\":\"https:\\\/\\\/www.bellunopress.it\\\/#\\\/schema\\\/person\\\/79bb06722b37ece1c03d3e94beb30d73\",\"name\":\"redazione\",\"image\":{\"@type\":\"ImageObject\",\"inLanguage\":\"fr-FR\",\"@id\":\"https:\\\/\\\/secure.gravatar.com\\\/avatar\\\/37d968a2e67a6fd04c169c4bdef102d0bc5d31b2546345219e348575eb80e9a0?s=96&d=mm&r=g\",\"url\":\"https:\\\/\\\/secure.gravatar.com\\\/avatar\\\/37d968a2e67a6fd04c169c4bdef102d0bc5d31b2546345219e348575eb80e9a0?s=96&d=mm&r=g\",\"contentUrl\":\"https:\\\/\\\/secure.gravatar.com\\\/avatar\\\/37d968a2e67a6fd04c169c4bdef102d0bc5d31b2546345219e348575eb80e9a0?s=96&d=mm&r=g\",\"caption\":\"redazione\"},\"sameAs\":[\"http:\\\/\\\/www.bellunopress.it\",\"https:\\\/\\\/x.com\\\/bellunopress\"],\"url\":\"https:\\\/\\\/www.bellunopress.it\\\/fr\\\/author\\\/redazione\\\/\"}]}<\/script>\n<!-- \/ Yoast SEO plugin. -->","yoast_head_json":{"title":"Fiction Blanca Rai1. Stefano Puzzer: una vergognosa operazione del mainstream tesa a screditare i portuali - Bellunopress - Dolomiti","robots":{"index":"index","follow":"follow","max-snippet":"max-snippet:-1","max-image-preview":"max-image-preview:large","max-video-preview":"max-video-preview:-1"},"canonical":"https:\/\/www.bellunopress.it\/fr\/2023\/11\/19\/fiction-blanca-rai1-stefano-puzzer-una-vergognosa-operazione-del-mainstream-tesa-a-screditare-i-portuali\/","og_locale":"fr_FR","og_type":"article","og_title":"Fiction Blanca Rai1. Stefano Puzzer: una vergognosa operazione del mainstream tesa a screditare i portuali - Bellunopress - Dolomiti","og_description":"\u00abTre anni fa a Trieste, durante uno sciopero dei portuali, io ero a capo del servizio di ordine pubblico. La situazione era tranquilla, poi i manifestanti hanno cominciato ad aggredirci, e io ho ordinato la carica. Poi la situazione si \u00e8 calmata, Frida era a terra, uccisa da un colpo violento alla testa. Il processo [&hellip;]","og_url":"https:\/\/www.bellunopress.it\/fr\/2023\/11\/19\/fiction-blanca-rai1-stefano-puzzer-una-vergognosa-operazione-del-mainstream-tesa-a-screditare-i-portuali\/","og_site_name":"Bellunopress - Dolomiti","article_publisher":"https:\/\/www.facebook.com\/profile.php?id=100008943462799","article_published_time":"2023-11-19T10:26:56+00:00","article_modified_time":"2023-11-19T14:09:19+00:00","og_image":[{"width":1000,"height":530,"url":"https:\/\/www.bellunopress.it\/wp-content\/uploads\/2023\/11\/Stefano-Puzzer_edited.jpg","type":"image\/jpeg"}],"author":"redazione","twitter_card":"summary_large_image","twitter_creator":"@bellunopress","twitter_site":"@bellunopress","twitter_misc":{"Written by":"redazione","Est. reading time":"2 minutes"},"schema":{"@context":"https:\/\/schema.org","@graph":[{"@type":"Article","@id":"https:\/\/www.bellunopress.it\/2023\/11\/19\/fiction-blanca-rai1-stefano-puzzer-una-vergognosa-operazione-del-mainstream-tesa-a-screditare-i-portuali\/#article","isPartOf":{"@id":"https:\/\/www.bellunopress.it\/2023\/11\/19\/fiction-blanca-rai1-stefano-puzzer-una-vergognosa-operazione-del-mainstream-tesa-a-screditare-i-portuali\/"},"author":{"name":"redazione","@id":"https:\/\/www.bellunopress.it\/#\/schema\/person\/79bb06722b37ece1c03d3e94beb30d73"},"headline":"Fiction Blanca Rai1. Stefano Puzzer: una vergognosa operazione del mainstream tesa a screditare i portuali","datePublished":"2023-11-19T10:26:56+00:00","dateModified":"2023-11-19T14:09:19+00:00","mainEntityOfPage":{"@id":"https:\/\/www.bellunopress.it\/2023\/11\/19\/fiction-blanca-rai1-stefano-puzzer-una-vergognosa-operazione-del-mainstream-tesa-a-screditare-i-portuali\/"},"wordCount":474,"publisher":{"@id":"https:\/\/www.bellunopress.it\/#organization"},"image":{"@id":"https:\/\/www.bellunopress.it\/2023\/11\/19\/fiction-blanca-rai1-stefano-puzzer-una-vergognosa-operazione-del-mainstream-tesa-a-screditare-i-portuali\/#primaryimage"},"thumbnailUrl":"https:\/\/www.bellunopress.it\/wp-content\/uploads\/2023\/11\/Stefano-Puzzer_edited.jpg","keywords":["Fiction Rai1 Blanca","Stefano Puzzer"],"articleSection":["Cronaca\/Politica","Featured","Prima Pagina","Societ\u00e0, Associazioni, Istituzioni"],"inLanguage":"fr-FR"},{"@type":"WebPage","@id":"https:\/\/www.bellunopress.it\/2023\/11\/19\/fiction-blanca-rai1-stefano-puzzer-una-vergognosa-operazione-del-mainstream-tesa-a-screditare-i-portuali\/","url":"https:\/\/www.bellunopress.it\/2023\/11\/19\/fiction-blanca-rai1-stefano-puzzer-una-vergognosa-operazione-del-mainstream-tesa-a-screditare-i-portuali\/","name":"Fiction Blanca Rai1. Stefano Puzzer: una vergognosa operazione del mainstream tesa a screditare i portuali - Bellunopress - Dolomiti","isPartOf":{"@id":"https:\/\/www.bellunopress.it\/#website"},"primaryImageOfPage":{"@id":"https:\/\/www.bellunopress.it\/2023\/11\/19\/fiction-blanca-rai1-stefano-puzzer-una-vergognosa-operazione-del-mainstream-tesa-a-screditare-i-portuali\/#primaryimage"},"image":{"@id":"https:\/\/www.bellunopress.it\/2023\/11\/19\/fiction-blanca-rai1-stefano-puzzer-una-vergognosa-operazione-del-mainstream-tesa-a-screditare-i-portuali\/#primaryimage"},"thumbnailUrl":"https:\/\/www.bellunopress.it\/wp-content\/uploads\/2023\/11\/Stefano-Puzzer_edited.jpg","datePublished":"2023-11-19T10:26:56+00:00","dateModified":"2023-11-19T14:09:19+00:00","breadcrumb":{"@id":"https:\/\/www.bellunopress.it\/2023\/11\/19\/fiction-blanca-rai1-stefano-puzzer-una-vergognosa-operazione-del-mainstream-tesa-a-screditare-i-portuali\/#breadcrumb"},"inLanguage":"fr-FR","potentialAction":[{"@type":"ReadAction","target":["https:\/\/www.bellunopress.it\/2023\/11\/19\/fiction-blanca-rai1-stefano-puzzer-una-vergognosa-operazione-del-mainstream-tesa-a-screditare-i-portuali\/"]}]},{"@type":"ImageObject","inLanguage":"fr-FR","@id":"https:\/\/www.bellunopress.it\/2023\/11\/19\/fiction-blanca-rai1-stefano-puzzer-una-vergognosa-operazione-del-mainstream-tesa-a-screditare-i-portuali\/#primaryimage","url":"https:\/\/www.bellunopress.it\/wp-content\/uploads\/2023\/11\/Stefano-Puzzer_edited.jpg","contentUrl":"https:\/\/www.bellunopress.it\/wp-content\/uploads\/2023\/11\/Stefano-Puzzer_edited.jpg","width":1000,"height":530},{"@type":"BreadcrumbList","@id":"https:\/\/www.bellunopress.it\/2023\/11\/19\/fiction-blanca-rai1-stefano-puzzer-una-vergognosa-operazione-del-mainstream-tesa-a-screditare-i-portuali\/#breadcrumb","itemListElement":[{"@type":"ListItem","position":1,"name":"Home","item":"https:\/\/www.bellunopress.it\/"},{"@type":"ListItem","position":2,"name":"Fiction Blanca Rai1. Stefano Puzzer: una vergognosa operazione del mainstream tesa a screditare i portuali"}]},{"@type":"WebSite","@id":"https:\/\/www.bellunopress.it\/#website","url":"https:\/\/www.bellunopress.it\/","name":"Bellunopress - Dolomiti","description":"e-mail: redazione@bellunopress.it","publisher":{"@id":"https:\/\/www.bellunopress.it\/#organization"},"potentialAction":[{"@type":"SearchAction","target":{"@type":"EntryPoint","urlTemplate":"https:\/\/www.bellunopress.it\/?s={search_term_string}"},"query-input":{"@type":"PropertyValueSpecification","valueRequired":true,"valueName":"search_term_string"}}],"inLanguage":"fr-FR"},{"@type":"Organization","@id":"https:\/\/www.bellunopress.it\/#organization","name":"Bellunopress","url":"https:\/\/www.bellunopress.it\/","logo":{"@type":"ImageObject","inLanguage":"fr-FR","@id":"https:\/\/www.bellunopress.it\/#\/schema\/logo\/image\/","url":"https:\/\/www.bellunopress.it\/wp-content\/uploads\/2011\/05\/cropped-logo-bellunopress-.jpg","contentUrl":"https:\/\/www.bellunopress.it\/wp-content\/uploads\/2011\/05\/cropped-logo-bellunopress-.jpg","width":512,"height":512,"caption":"Bellunopress"},"image":{"@id":"https:\/\/www.bellunopress.it\/#\/schema\/logo\/image\/"},"sameAs":["https:\/\/www.facebook.com\/profile.php?id=100008943462799","https:\/\/x.com\/bellunopress","https:\/\/www.linkedin.com\/hp\/?dnr=JBzUWaJfMUw8vbXJJ2tVW5-I3jZKvC4wsoxE&amp;amp;amp;amp;amp;amp;trk=nav_responsive_tab_home","https:\/\/www.youtube.com\/channel\/UCxL0wu1uN0_3_7hGG0306cw"]},{"@type":"Person","@id":"https:\/\/www.bellunopress.it\/#\/schema\/person\/79bb06722b37ece1c03d3e94beb30d73","name":"r\u00e9daction","image":{"@type":"ImageObject","inLanguage":"fr-FR","@id":"https:\/\/secure.gravatar.com\/avatar\/37d968a2e67a6fd04c169c4bdef102d0bc5d31b2546345219e348575eb80e9a0?s=96&d=mm&r=g","url":"https:\/\/secure.gravatar.com\/avatar\/37d968a2e67a6fd04c169c4bdef102d0bc5d31b2546345219e348575eb80e9a0?s=96&d=mm&r=g","contentUrl":"https:\/\/secure.gravatar.com\/avatar\/37d968a2e67a6fd04c169c4bdef102d0bc5d31b2546345219e348575eb80e9a0?s=96&d=mm&r=g","caption":"redazione"},"sameAs":["http:\/\/www.bellunopress.it","https:\/\/x.com\/bellunopress"],"url":"https:\/\/www.bellunopress.it\/fr\/author\/redazione\/"}]}},"_links":{"self":[{"href":"https:\/\/www.bellunopress.it\/fr\/wp-json\/wp\/v2\/posts\/146017","targetHints":{"allow":["GET"]}}],"collection":[{"href":"https:\/\/www.bellunopress.it\/fr\/wp-json\/wp\/v2\/posts"}],"about":[{"href":"https:\/\/www.bellunopress.it\/fr\/wp-json\/wp\/v2\/types\/post"}],"author":[{"embeddable":true,"href":"https:\/\/www.bellunopress.it\/fr\/wp-json\/wp\/v2\/users\/2"}],"replies":[{"embeddable":true,"href":"https:\/\/www.bellunopress.it\/fr\/wp-json\/wp\/v2\/comments?post=146017"}],"version-history":[{"count":1,"href":"https:\/\/www.bellunopress.it\/fr\/wp-json\/wp\/v2\/posts\/146017\/revisions"}],"predecessor-version":[{"id":146019,"href":"https:\/\/www.bellunopress.it\/fr\/wp-json\/wp\/v2\/posts\/146017\/revisions\/146019"}],"wp:featuredmedia":[{"embeddable":true,"href":"https:\/\/www.bellunopress.it\/fr\/wp-json\/wp\/v2\/media\/146018"}],"wp:attachment":[{"href":"https:\/\/www.bellunopress.it\/fr\/wp-json\/wp\/v2\/media?parent=146017"}],"wp:term":[{"taxonomy":"category","embeddable":true,"href":"https:\/\/www.bellunopress.it\/fr\/wp-json\/wp\/v2\/categories?post=146017"},{"taxonomy":"post_tag","embeddable":true,"href":"https:\/\/www.bellunopress.it\/fr\/wp-json\/wp\/v2\/tags?post=146017"}],"curies":[{"name":"wp","href":"https:\/\/api.w.org\/{rel}","templated":true}]}}