{"id":146012,"date":"2023-11-18T21:29:29","date_gmt":"2023-11-18T20:29:29","guid":{"rendered":"https:\/\/www.bellunopress.it\/?p=146012"},"modified":"2023-11-19T21:33:36","modified_gmt":"2023-11-19T20:33:36","slug":"il-cordoglio-di-zaia-per-la-morte-di-giulia-cecchettin","status":"publish","type":"post","link":"https:\/\/www.bellunopress.it\/fr\/2023\/11\/18\/il-cordoglio-di-zaia-per-la-morte-di-giulia-cecchettin\/","title":{"rendered":"Il cordoglio di Zaia per la morte di Giulia Cecchettin"},"content":{"rendered":"<p><img loading=\"lazy\" decoding=\"async\" class=\"alignleft size-full wp-image-146013\" src=\"https:\/\/www.bellunopress.it\/wp-content\/uploads\/2023\/11\/MORTA-GIULIA-CECCHETTIN_edited.jpg\" alt=\"\" width=\"380\" height=\"208\" \/>Venezia, 18 novembre 2023\u00a0\u00a0\u201cDolore, orrore e sgomento. Siamo di fronte a una tragedia immane. Il primo pensiero, e il cordoglio di tutto il Veneto e mio personale, vanno alla famiglia di Giulia Cecchettin, andata incontro a una fine orribile mentre avrebbe dovuto festeggiare un traguardo per lei storico come la laurea\u201d.<\/p>\n<p>Cos\u00ec il Presidente della Regione Veneto, Luca Zaia, commenta il ritrovamento del cadavere della giovane della provincia di Venezia, scomparsa con l\u2019ex fidanzato alcuni giorni fa.<\/p>\n<p>\u201cSiamo di fronte a una vicenda che provoca enorme tristezza, nelle famiglie dei due ragazzi ma anche in tutta la nostra comunit\u00e0 \u2013 aggiunge Zaia \u2013 Abbiamo sperato fino alla fine per la sorte di Giulia, nonostante la situazione col passare dei giorni sia divenuta sempre pi\u00f9 complessa e le ipotesi andassero restringendosi. Andr\u00e0 ora chiarita fino in fondo dagli inquirenti ogni responsabilit\u00e0; scrivo questo messaggio mentre sono ancora in corso gli sforzi degli investigatori per rintracciare Filippo Turetta, che auspico possano avere presto riscontri. Il mio pensiero e la mia vicinanza vanno ai familiari, agli amici e alle persone che vogliono bene a Giulia: a tutti coloro che stanno vivendo ora, con cuore spezzato, una vicenda alla quale non avremmo mai voluto assistere. Un ringraziamento a tutti gli uomini in divisa e ai numerosi volontari che sono impegnati nelle operazioni\u201d.<\/p>","protected":false},"excerpt":{"rendered":"<p>Venezia, 18 novembre 2023\u00a0\u00a0\u201cDolore, orrore e sgomento. Siamo di fronte a una tragedia immane. Il primo pensiero, e il cordoglio di tutto il Veneto e mio personale, vanno alla famiglia di Giulia Cecchettin, andata incontro a una fine orribile mentre avrebbe dovuto festeggiare un traguardo per lei storico come la laurea\u201d. Cos\u00ec il Presidente della [&hellip;]<\/p>\n","protected":false},"author":2,"featured_media":146013,"comment_status":"closed","ping_status":"open","sticky":false,"template":"","format":"standard","meta":{"footnotes":""},"categories":[5,26],"tags":[],"class_list":["post-146012","post","type-post","status-publish","format-standard","has-post-thumbnail","category-cronaca","category-prima-pagina"],"yoast_head":"<!-- This site is optimized with the Yoast SEO plugin v28.4 - https:\/\/yoast.com\/product\/yoast-seo-wordpress\/ -->\n<title>Il cordoglio di Zaia per la morte di Giulia Cecchettin - Bellunopress - Dolomiti<\/title>\n<meta name=\"robots\" content=\"index, follow, max-snippet:-1, max-image-preview:large, max-video-preview:-1\" \/>\n<link rel=\"canonical\" href=\"https:\/\/www.bellunopress.it\/fr\/2023\/11\/18\/il-cordoglio-di-zaia-per-la-morte-di-giulia-cecchettin\/\" \/>\n<meta property=\"og:locale\" content=\"fr_FR\" \/>\n<meta property=\"og:type\" content=\"article\" \/>\n<meta property=\"og:title\" content=\"Il cordoglio di Zaia per la morte di Giulia Cecchettin - Bellunopress - Dolomiti\" \/>\n<meta property=\"og:description\" content=\"Venezia, 18 novembre 2023\u00a0\u00a0\u201cDolore, orrore e sgomento. Siamo di fronte a una tragedia immane. Il primo pensiero, e il cordoglio di tutto il Veneto e mio personale, vanno alla famiglia di Giulia Cecchettin, andata incontro a una fine orribile mentre avrebbe dovuto festeggiare un traguardo per lei storico come la laurea\u201d. Cos\u00ec il Presidente della [&hellip;]\" \/>\n<meta property=\"og:url\" content=\"https:\/\/www.bellunopress.it\/fr\/2023\/11\/18\/il-cordoglio-di-zaia-per-la-morte-di-giulia-cecchettin\/\" \/>\n<meta property=\"og:site_name\" content=\"Bellunopress - Dolomiti\" \/>\n<meta property=\"article:publisher\" content=\"https:\/\/www.facebook.com\/profile.php?id=100008943462799\" \/>\n<meta property=\"article:published_time\" content=\"2023-11-18T20:29:29+00:00\" \/>\n<meta property=\"article:modified_time\" content=\"2023-11-19T20:33:36+00:00\" \/>\n<meta property=\"og:image\" content=\"https:\/\/www.bellunopress.it\/wp-content\/uploads\/2023\/11\/MORTA-GIULIA-CECCHETTIN_edited.jpg\" \/>\n\t<meta property=\"og:image:width\" content=\"380\" \/>\n\t<meta property=\"og:image:height\" content=\"208\" \/>\n\t<meta property=\"og:image:type\" content=\"image\/jpeg\" \/>\n<meta name=\"author\" content=\"redazione\" \/>\n<meta name=\"twitter:card\" content=\"summary_large_image\" \/>\n<meta name=\"twitter:creator\" content=\"@bellunopress\" \/>\n<meta name=\"twitter:site\" content=\"@bellunopress\" \/>\n<meta name=\"twitter:label1\" content=\"Written by\" \/>\n\t<meta name=\"twitter:data1\" content=\"redazione\" \/>\n\t<meta name=\"twitter:label2\" content=\"Est. reading time\" \/>\n\t<meta name=\"twitter:data2\" content=\"1 minute\" \/>\n<script type=\"application\/ld+json\" class=\"yoast-schema-graph\">{\"@context\":\"https:\\\/\\\/schema.org\",\"@graph\":[{\"@type\":\"Article\",\"@id\":\"https:\\\/\\\/www.bellunopress.it\\\/2023\\\/11\\\/18\\\/il-cordoglio-di-zaia-per-la-morte-di-giulia-cecchettin\\\/#article\",\"isPartOf\":{\"@id\":\"https:\\\/\\\/www.bellunopress.it\\\/2023\\\/11\\\/18\\\/il-cordoglio-di-zaia-per-la-morte-di-giulia-cecchettin\\\/\"},\"author\":{\"name\":\"redazione\",\"@id\":\"https:\\\/\\\/www.bellunopress.it\\\/#\\\/schema\\\/person\\\/79bb06722b37ece1c03d3e94beb30d73\"},\"headline\":\"Il cordoglio di Zaia per la morte di Giulia Cecchettin\",\"datePublished\":\"2023-11-18T20:29:29+00:00\",\"dateModified\":\"2023-11-19T20:33:36+00:00\",\"mainEntityOfPage\":{\"@id\":\"https:\\\/\\\/www.bellunopress.it\\\/2023\\\/11\\\/18\\\/il-cordoglio-di-zaia-per-la-morte-di-giulia-cecchettin\\\/\"},\"wordCount\":226,\"publisher\":{\"@id\":\"https:\\\/\\\/www.bellunopress.it\\\/#organization\"},\"image\":{\"@id\":\"https:\\\/\\\/www.bellunopress.it\\\/2023\\\/11\\\/18\\\/il-cordoglio-di-zaia-per-la-morte-di-giulia-cecchettin\\\/#primaryimage\"},\"thumbnailUrl\":\"https:\\\/\\\/www.bellunopress.it\\\/wp-content\\\/uploads\\\/2023\\\/11\\\/MORTA-GIULIA-CECCHETTIN_edited.jpg\",\"articleSection\":[\"Cronaca\\\/Politica\",\"Prima Pagina\"],\"inLanguage\":\"fr-FR\"},{\"@type\":\"WebPage\",\"@id\":\"https:\\\/\\\/www.bellunopress.it\\\/2023\\\/11\\\/18\\\/il-cordoglio-di-zaia-per-la-morte-di-giulia-cecchettin\\\/\",\"url\":\"https:\\\/\\\/www.bellunopress.it\\\/2023\\\/11\\\/18\\\/il-cordoglio-di-zaia-per-la-morte-di-giulia-cecchettin\\\/\",\"name\":\"Il cordoglio di Zaia per la morte di Giulia Cecchettin - Bellunopress - Dolomiti\",\"isPartOf\":{\"@id\":\"https:\\\/\\\/www.bellunopress.it\\\/#website\"},\"primaryImageOfPage\":{\"@id\":\"https:\\\/\\\/www.bellunopress.it\\\/2023\\\/11\\\/18\\\/il-cordoglio-di-zaia-per-la-morte-di-giulia-cecchettin\\\/#primaryimage\"},\"image\":{\"@id\":\"https:\\\/\\\/www.bellunopress.it\\\/2023\\\/11\\\/18\\\/il-cordoglio-di-zaia-per-la-morte-di-giulia-cecchettin\\\/#primaryimage\"},\"thumbnailUrl\":\"https:\\\/\\\/www.bellunopress.it\\\/wp-content\\\/uploads\\\/2023\\\/11\\\/MORTA-GIULIA-CECCHETTIN_edited.jpg\",\"datePublished\":\"2023-11-18T20:29:29+00:00\",\"dateModified\":\"2023-11-19T20:33:36+00:00\",\"breadcrumb\":{\"@id\":\"https:\\\/\\\/www.bellunopress.it\\\/2023\\\/11\\\/18\\\/il-cordoglio-di-zaia-per-la-morte-di-giulia-cecchettin\\\/#breadcrumb\"},\"inLanguage\":\"fr-FR\",\"potentialAction\":[{\"@type\":\"ReadAction\",\"target\":[\"https:\\\/\\\/www.bellunopress.it\\\/2023\\\/11\\\/18\\\/il-cordoglio-di-zaia-per-la-morte-di-giulia-cecchettin\\\/\"]}]},{\"@type\":\"ImageObject\",\"inLanguage\":\"fr-FR\",\"@id\":\"https:\\\/\\\/www.bellunopress.it\\\/2023\\\/11\\\/18\\\/il-cordoglio-di-zaia-per-la-morte-di-giulia-cecchettin\\\/#primaryimage\",\"url\":\"https:\\\/\\\/www.bellunopress.it\\\/wp-content\\\/uploads\\\/2023\\\/11\\\/MORTA-GIULIA-CECCHETTIN_edited.jpg\",\"contentUrl\":\"https:\\\/\\\/www.bellunopress.it\\\/wp-content\\\/uploads\\\/2023\\\/11\\\/MORTA-GIULIA-CECCHETTIN_edited.jpg\",\"width\":380,\"height\":208,\"caption\":\"Giulia Cecchettin\"},{\"@type\":\"BreadcrumbList\",\"@id\":\"https:\\\/\\\/www.bellunopress.it\\\/2023\\\/11\\\/18\\\/il-cordoglio-di-zaia-per-la-morte-di-giulia-cecchettin\\\/#breadcrumb\",\"itemListElement\":[{\"@type\":\"ListItem\",\"position\":1,\"name\":\"Home\",\"item\":\"https:\\\/\\\/www.bellunopress.it\\\/\"},{\"@type\":\"ListItem\",\"position\":2,\"name\":\"Il cordoglio di Zaia per la morte di Giulia Cecchettin\"}]},{\"@type\":\"WebSite\",\"@id\":\"https:\\\/\\\/www.bellunopress.it\\\/#website\",\"url\":\"https:\\\/\\\/www.bellunopress.it\\\/\",\"name\":\"Bellunopress - Dolomiti\",\"description\":\"e-mail: redazione@bellunopress.it\",\"publisher\":{\"@id\":\"https:\\\/\\\/www.bellunopress.it\\\/#organization\"},\"potentialAction\":[{\"@type\":\"SearchAction\",\"target\":{\"@type\":\"EntryPoint\",\"urlTemplate\":\"https:\\\/\\\/www.bellunopress.it\\\/?s={search_term_string}\"},\"query-input\":{\"@type\":\"PropertyValueSpecification\",\"valueRequired\":true,\"valueName\":\"search_term_string\"}}],\"inLanguage\":\"fr-FR\"},{\"@type\":\"Organization\",\"@id\":\"https:\\\/\\\/www.bellunopress.it\\\/#organization\",\"name\":\"Bellunopress\",\"url\":\"https:\\\/\\\/www.bellunopress.it\\\/\",\"logo\":{\"@type\":\"ImageObject\",\"inLanguage\":\"fr-FR\",\"@id\":\"https:\\\/\\\/www.bellunopress.it\\\/#\\\/schema\\\/logo\\\/image\\\/\",\"url\":\"https:\\\/\\\/www.bellunopress.it\\\/wp-content\\\/uploads\\\/2011\\\/05\\\/cropped-logo-bellunopress-.jpg\",\"contentUrl\":\"https:\\\/\\\/www.bellunopress.it\\\/wp-content\\\/uploads\\\/2011\\\/05\\\/cropped-logo-bellunopress-.jpg\",\"width\":512,\"height\":512,\"caption\":\"Bellunopress\"},\"image\":{\"@id\":\"https:\\\/\\\/www.bellunopress.it\\\/#\\\/schema\\\/logo\\\/image\\\/\"},\"sameAs\":[\"https:\\\/\\\/www.facebook.com\\\/profile.php?id=100008943462799\",\"https:\\\/\\\/x.com\\\/bellunopress\",\"https:\\\/\\\/www.linkedin.com\\\/hp\\\/?dnr=JBzUWaJfMUw8vbXJJ2tVW5-I3jZKvC4wsoxE&amp;amp;amp;amp;amp;amp;trk=nav_responsive_tab_home\",\"https:\\\/\\\/www.youtube.com\\\/channel\\\/UCxL0wu1uN0_3_7hGG0306cw\"]},{\"@type\":\"Person\",\"@id\":\"https:\\\/\\\/www.bellunopress.it\\\/#\\\/schema\\\/person\\\/79bb06722b37ece1c03d3e94beb30d73\",\"name\":\"redazione\",\"image\":{\"@type\":\"ImageObject\",\"inLanguage\":\"fr-FR\",\"@id\":\"https:\\\/\\\/secure.gravatar.com\\\/avatar\\\/37d968a2e67a6fd04c169c4bdef102d0bc5d31b2546345219e348575eb80e9a0?s=96&d=mm&r=g\",\"url\":\"https:\\\/\\\/secure.gravatar.com\\\/avatar\\\/37d968a2e67a6fd04c169c4bdef102d0bc5d31b2546345219e348575eb80e9a0?s=96&d=mm&r=g\",\"contentUrl\":\"https:\\\/\\\/secure.gravatar.com\\\/avatar\\\/37d968a2e67a6fd04c169c4bdef102d0bc5d31b2546345219e348575eb80e9a0?s=96&d=mm&r=g\",\"caption\":\"redazione\"},\"sameAs\":[\"http:\\\/\\\/www.bellunopress.it\",\"https:\\\/\\\/x.com\\\/bellunopress\"],\"url\":\"https:\\\/\\\/www.bellunopress.it\\\/fr\\\/author\\\/redazione\\\/\"}]}<\/script>\n<!-- \/ Yoast SEO plugin. -->","yoast_head_json":{"title":"Il cordoglio di Zaia per la morte di Giulia Cecchettin - Bellunopress - Dolomiti","robots":{"index":"index","follow":"follow","max-snippet":"max-snippet:-1","max-image-preview":"max-image-preview:large","max-video-preview":"max-video-preview:-1"},"canonical":"https:\/\/www.bellunopress.it\/fr\/2023\/11\/18\/il-cordoglio-di-zaia-per-la-morte-di-giulia-cecchettin\/","og_locale":"fr_FR","og_type":"article","og_title":"Il cordoglio di Zaia per la morte di Giulia Cecchettin - Bellunopress - Dolomiti","og_description":"Venezia, 18 novembre 2023\u00a0\u00a0\u201cDolore, orrore e sgomento. Siamo di fronte a una tragedia immane. Il primo pensiero, e il cordoglio di tutto il Veneto e mio personale, vanno alla famiglia di Giulia Cecchettin, andata incontro a una fine orribile mentre avrebbe dovuto festeggiare un traguardo per lei storico come la laurea\u201d. Cos\u00ec il Presidente della [&hellip;]","og_url":"https:\/\/www.bellunopress.it\/fr\/2023\/11\/18\/il-cordoglio-di-zaia-per-la-morte-di-giulia-cecchettin\/","og_site_name":"Bellunopress - Dolomiti","article_publisher":"https:\/\/www.facebook.com\/profile.php?id=100008943462799","article_published_time":"2023-11-18T20:29:29+00:00","article_modified_time":"2023-11-19T20:33:36+00:00","og_image":[{"width":380,"height":208,"url":"https:\/\/www.bellunopress.it\/wp-content\/uploads\/2023\/11\/MORTA-GIULIA-CECCHETTIN_edited.jpg","type":"image\/jpeg"}],"author":"redazione","twitter_card":"summary_large_image","twitter_creator":"@bellunopress","twitter_site":"@bellunopress","twitter_misc":{"Written by":"redazione","Est. reading time":"1 minute"},"schema":{"@context":"https:\/\/schema.org","@graph":[{"@type":"Article","@id":"https:\/\/www.bellunopress.it\/2023\/11\/18\/il-cordoglio-di-zaia-per-la-morte-di-giulia-cecchettin\/#article","isPartOf":{"@id":"https:\/\/www.bellunopress.it\/2023\/11\/18\/il-cordoglio-di-zaia-per-la-morte-di-giulia-cecchettin\/"},"author":{"name":"redazione","@id":"https:\/\/www.bellunopress.it\/#\/schema\/person\/79bb06722b37ece1c03d3e94beb30d73"},"headline":"Il cordoglio di Zaia per la morte di Giulia Cecchettin","datePublished":"2023-11-18T20:29:29+00:00","dateModified":"2023-11-19T20:33:36+00:00","mainEntityOfPage":{"@id":"https:\/\/www.bellunopress.it\/2023\/11\/18\/il-cordoglio-di-zaia-per-la-morte-di-giulia-cecchettin\/"},"wordCount":226,"publisher":{"@id":"https:\/\/www.bellunopress.it\/#organization"},"image":{"@id":"https:\/\/www.bellunopress.it\/2023\/11\/18\/il-cordoglio-di-zaia-per-la-morte-di-giulia-cecchettin\/#primaryimage"},"thumbnailUrl":"https:\/\/www.bellunopress.it\/wp-content\/uploads\/2023\/11\/MORTA-GIULIA-CECCHETTIN_edited.jpg","articleSection":["Cronaca\/Politica","Prima Pagina"],"inLanguage":"fr-FR"},{"@type":"WebPage","@id":"https:\/\/www.bellunopress.it\/2023\/11\/18\/il-cordoglio-di-zaia-per-la-morte-di-giulia-cecchettin\/","url":"https:\/\/www.bellunopress.it\/2023\/11\/18\/il-cordoglio-di-zaia-per-la-morte-di-giulia-cecchettin\/","name":"Il cordoglio di Zaia per la morte di Giulia Cecchettin - Bellunopress - Dolomiti","isPartOf":{"@id":"https:\/\/www.bellunopress.it\/#website"},"primaryImageOfPage":{"@id":"https:\/\/www.bellunopress.it\/2023\/11\/18\/il-cordoglio-di-zaia-per-la-morte-di-giulia-cecchettin\/#primaryimage"},"image":{"@id":"https:\/\/www.bellunopress.it\/2023\/11\/18\/il-cordoglio-di-zaia-per-la-morte-di-giulia-cecchettin\/#primaryimage"},"thumbnailUrl":"https:\/\/www.bellunopress.it\/wp-content\/uploads\/2023\/11\/MORTA-GIULIA-CECCHETTIN_edited.jpg","datePublished":"2023-11-18T20:29:29+00:00","dateModified":"2023-11-19T20:33:36+00:00","breadcrumb":{"@id":"https:\/\/www.bellunopress.it\/2023\/11\/18\/il-cordoglio-di-zaia-per-la-morte-di-giulia-cecchettin\/#breadcrumb"},"inLanguage":"fr-FR","potentialAction":[{"@type":"ReadAction","target":["https:\/\/www.bellunopress.it\/2023\/11\/18\/il-cordoglio-di-zaia-per-la-morte-di-giulia-cecchettin\/"]}]},{"@type":"ImageObject","inLanguage":"fr-FR","@id":"https:\/\/www.bellunopress.it\/2023\/11\/18\/il-cordoglio-di-zaia-per-la-morte-di-giulia-cecchettin\/#primaryimage","url":"https:\/\/www.bellunopress.it\/wp-content\/uploads\/2023\/11\/MORTA-GIULIA-CECCHETTIN_edited.jpg","contentUrl":"https:\/\/www.bellunopress.it\/wp-content\/uploads\/2023\/11\/MORTA-GIULIA-CECCHETTIN_edited.jpg","width":380,"height":208,"caption":"Giulia Cecchettin"},{"@type":"BreadcrumbList","@id":"https:\/\/www.bellunopress.it\/2023\/11\/18\/il-cordoglio-di-zaia-per-la-morte-di-giulia-cecchettin\/#breadcrumb","itemListElement":[{"@type":"ListItem","position":1,"name":"Home","item":"https:\/\/www.bellunopress.it\/"},{"@type":"ListItem","position":2,"name":"Il cordoglio di Zaia per la morte di Giulia Cecchettin"}]},{"@type":"WebSite","@id":"https:\/\/www.bellunopress.it\/#website","url":"https:\/\/www.bellunopress.it\/","name":"Bellunopress - Dolomiti","description":"e-mail: redazione@bellunopress.it","publisher":{"@id":"https:\/\/www.bellunopress.it\/#organization"},"potentialAction":[{"@type":"SearchAction","target":{"@type":"EntryPoint","urlTemplate":"https:\/\/www.bellunopress.it\/?s={search_term_string}"},"query-input":{"@type":"PropertyValueSpecification","valueRequired":true,"valueName":"search_term_string"}}],"inLanguage":"fr-FR"},{"@type":"Organization","@id":"https:\/\/www.bellunopress.it\/#organization","name":"Bellunopress","url":"https:\/\/www.bellunopress.it\/","logo":{"@type":"ImageObject","inLanguage":"fr-FR","@id":"https:\/\/www.bellunopress.it\/#\/schema\/logo\/image\/","url":"https:\/\/www.bellunopress.it\/wp-content\/uploads\/2011\/05\/cropped-logo-bellunopress-.jpg","contentUrl":"https:\/\/www.bellunopress.it\/wp-content\/uploads\/2011\/05\/cropped-logo-bellunopress-.jpg","width":512,"height":512,"caption":"Bellunopress"},"image":{"@id":"https:\/\/www.bellunopress.it\/#\/schema\/logo\/image\/"},"sameAs":["https:\/\/www.facebook.com\/profile.php?id=100008943462799","https:\/\/x.com\/bellunopress","https:\/\/www.linkedin.com\/hp\/?dnr=JBzUWaJfMUw8vbXJJ2tVW5-I3jZKvC4wsoxE&amp;amp;amp;amp;amp;amp;trk=nav_responsive_tab_home","https:\/\/www.youtube.com\/channel\/UCxL0wu1uN0_3_7hGG0306cw"]},{"@type":"Person","@id":"https:\/\/www.bellunopress.it\/#\/schema\/person\/79bb06722b37ece1c03d3e94beb30d73","name":"r\u00e9daction","image":{"@type":"ImageObject","inLanguage":"fr-FR","@id":"https:\/\/secure.gravatar.com\/avatar\/37d968a2e67a6fd04c169c4bdef102d0bc5d31b2546345219e348575eb80e9a0?s=96&d=mm&r=g","url":"https:\/\/secure.gravatar.com\/avatar\/37d968a2e67a6fd04c169c4bdef102d0bc5d31b2546345219e348575eb80e9a0?s=96&d=mm&r=g","contentUrl":"https:\/\/secure.gravatar.com\/avatar\/37d968a2e67a6fd04c169c4bdef102d0bc5d31b2546345219e348575eb80e9a0?s=96&d=mm&r=g","caption":"redazione"},"sameAs":["http:\/\/www.bellunopress.it","https:\/\/x.com\/bellunopress"],"url":"https:\/\/www.bellunopress.it\/fr\/author\/redazione\/"}]}},"_links":{"self":[{"href":"https:\/\/www.bellunopress.it\/fr\/wp-json\/wp\/v2\/posts\/146012","targetHints":{"allow":["GET"]}}],"collection":[{"href":"https:\/\/www.bellunopress.it\/fr\/wp-json\/wp\/v2\/posts"}],"about":[{"href":"https:\/\/www.bellunopress.it\/fr\/wp-json\/wp\/v2\/types\/post"}],"author":[{"embeddable":true,"href":"https:\/\/www.bellunopress.it\/fr\/wp-json\/wp\/v2\/users\/2"}],"replies":[{"embeddable":true,"href":"https:\/\/www.bellunopress.it\/fr\/wp-json\/wp\/v2\/comments?post=146012"}],"version-history":[{"count":2,"href":"https:\/\/www.bellunopress.it\/fr\/wp-json\/wp\/v2\/posts\/146012\/revisions"}],"predecessor-version":[{"id":146032,"href":"https:\/\/www.bellunopress.it\/fr\/wp-json\/wp\/v2\/posts\/146012\/revisions\/146032"}],"wp:featuredmedia":[{"embeddable":true,"href":"https:\/\/www.bellunopress.it\/fr\/wp-json\/wp\/v2\/media\/146013"}],"wp:attachment":[{"href":"https:\/\/www.bellunopress.it\/fr\/wp-json\/wp\/v2\/media?parent=146012"}],"wp:term":[{"taxonomy":"category","embeddable":true,"href":"https:\/\/www.bellunopress.it\/fr\/wp-json\/wp\/v2\/categories?post=146012"},{"taxonomy":"post_tag","embeddable":true,"href":"https:\/\/www.bellunopress.it\/fr\/wp-json\/wp\/v2\/tags?post=146012"}],"curies":[{"name":"wp","href":"https:\/\/api.w.org\/{rel}","templated":true}]}}