{"id":146009,"date":"2023-11-18T17:44:36","date_gmt":"2023-11-18T16:44:36","guid":{"rendered":"https:\/\/www.bellunopress.it\/?p=146009"},"modified":"2023-11-18T17:58:40","modified_gmt":"2023-11-18T16:58:40","slug":"il-cordoglio-per-la-morte-di-angelo-tanzarella","status":"publish","type":"post","link":"https:\/\/www.bellunopress.it\/fr\/2023\/11\/18\/il-cordoglio-per-la-morte-di-angelo-tanzarella\/","title":{"rendered":"Il cordoglio per la morte di Angelo Tanzarella"},"content":{"rendered":"<p><img loading=\"lazy\" decoding=\"async\" class=\"alignleft size-full wp-image-119261\" src=\"https:\/\/www.bellunopress.it\/wp-content\/uploads\/2020\/11\/lutto_edited.jpg\" alt=\"\" width=\"800\" height=\"445\" srcset=\"https:\/\/www.bellunopress.it\/wp-content\/uploads\/2020\/11\/lutto_edited.jpg 800w, https:\/\/www.bellunopress.it\/wp-content\/uploads\/2020\/11\/lutto_edited-500x278.jpg 500w, https:\/\/www.bellunopress.it\/wp-content\/uploads\/2020\/11\/lutto_edited-696x387.jpg 696w, https:\/\/www.bellunopress.it\/wp-content\/uploads\/2020\/11\/lutto_edited-755x420.jpg 755w\" sizes=\"auto, (max-width: 800px) 100vw, 800px\" \/>\u201cUna persona di grande intelligenza e umanit\u00e0, disponibile, capace di guardare avanti\u201d. Cos\u00ec il sindaco di Belluno Oscar De Pellegrin ricorda Angelo Tanzarella, per molti anni nella dirigenza dell\u2019Ulss bellunese, segretario del PCI di Belluno, consigliere e assessore regionale, oltre che consigliere della Fondazione Cariverona.\u00a0\u201cConobbi Tanzarella nell\u2019ambito dell\u2019associazionismo &#8211; spiega De Pellegrin -, erano gli anni in cui stava nascendo l\u2019Assi ed ebbi diversi colloqui con lui, al tempo direttore dei servizi socio sanitari dell\u2019Ulss 1. Si era dimostrato fin da subito aperto alla nostra idea, disponibile a sostenerla perch\u00e9 da uomo di ampie vedute \u00e8 forte acume quale era aveva compreso come l\u2019Assi potesse essere quell\u2019anello mancante tra istituzioni e famiglie, come potesse sostenere la persona nella fase precedente al loro reinserimento nella societ\u00e0. Ricordo bene che trovai in lui un interlocutore attento e sensibile, di questo gliene sar\u00f2 per sempre grato, perch\u00e9 ha contribuito alla nascita dell\u2019Assi\u201d.\u00a0\u201cLa notizia della sua scomparsa mi addolora profondamente &#8211; conclude -, \u00e8 stato un uomo che ha dato \u00e8 fatto molto per il nostro territorio, una persona capace di dialogare con tutti, aperta alle idee e alle posizioni diverse dalla propria. Una comunit\u00e0 avr\u00e0 sempre bisogno di persone cos\u00ec. Le pi\u00f9 sentite condoglianze alla famiglia, a nome di tutta l\u2019amministrazione comunale\u201d.<\/p>\n<p>&#8220;Ho avuto il piacere di lavorare assieme ad Angelo Tanzarella in occasione del mio primo mandato da sindaco, quando lui era direttore dei servizi sociali dell&#8217;Ulss e io facevo parte del direttivo; ho sempre apprezzato i suoi lunghi monologhi, mi affascinavano e mi hanno insegnato tantissimo sul mondo della sanit\u00e0. Conservo di Angelo il ricordo di una bellissima amicizia, fatta di tante chiacchiere sulla nostra comune passione per la politica, e l&#8217;essere su posizioni diverse non ci ha mai diviso: mi raccontava del suo impegno da consigliere regionale, della storia del suo partito, della voglia che lo ha sempre contraddistinto di lavorare e di fare del bene per il territorio. Angelo per me \u00e8 sempre stato una persona dalle enormi capacit\u00e0, in grado di rendere semplici anche le cose pi\u00f9 difficile, senza per\u00f2 mai scadere nella banalizzazione&#8221;: cos\u00ec il senatore e sindaco di Calalzo di Cadore, Luca De Carlo, ricorda Angelo Tanzarella, scomparso oggi.<\/p>\n<p>\u00abCon Angelo Tanzarella se ne va un altro pezzo di una generazione di classe dirigente che ha contribuito a dare lustro e valore al nostro territorio\u00bb. Cos\u00ec il presidente della Provincia di Belluno Roberto Padrin in una nota di cordoglio per la scomparsa di Angelo Tanzarella, gi\u00e0 dirigente dell&#8217;Ulss bellunese, consigliere regionale e della Fondazione Cariverona, oltre che segretario di partito nel Pci bellunese a fine anni Ottanta.\u00a0\u00abUn uomo impegnato professionalmente e politicamente, che al di l\u00e0 dello schieramento che aveva orgogliosamente scelto, ha sempre saputo lavorare per i grandi temi del nostro territorio, senza condizionamenti ideologici o preconcetti. Come consulente, ha aiutato la Provincia nel percorso verso il referendum autonomista: quante volte ci siamo trovati al bar Duomo per parlare del futuro del nostro territorio di montagna&#8230; Angelo Tanzarella mancher\u00e0, perch\u00e9 le persone del suo calibro sono importanti nella crescita collettiva di una comunit\u00e0. A nome di tutto il consiglio provinciale, porgo le pi\u00f9 sentite condoglianze ai suoi famigliari e a chi gli \u00e8 stato vicino\u00bb.<\/p>\n<p>&nbsp;<\/p>","protected":false},"excerpt":{"rendered":"<p>\u201cUna persona di grande intelligenza e umanit\u00e0, disponibile, capace di guardare avanti\u201d. Cos\u00ec il sindaco di Belluno Oscar De Pellegrin ricorda Angelo Tanzarella, per molti anni nella dirigenza dell\u2019Ulss bellunese, segretario del PCI di Belluno, consigliere e assessore regionale, oltre che consigliere della Fondazione Cariverona.\u00a0\u201cConobbi Tanzarella nell\u2019ambito dell\u2019associazionismo &#8211; spiega De Pellegrin -, erano gli [&hellip;]<\/p>\n","protected":false},"author":2,"featured_media":119261,"comment_status":"closed","ping_status":"open","sticky":false,"template":"","format":"standard","meta":{"footnotes":""},"categories":[5,26],"tags":[],"class_list":["post-146009","post","type-post","status-publish","format-standard","has-post-thumbnail","category-cronaca","category-prima-pagina"],"yoast_head":"<!-- This site is optimized with the Yoast SEO plugin v28.4 - https:\/\/yoast.com\/product\/yoast-seo-wordpress\/ -->\n<title>Il cordoglio per la morte di Angelo Tanzarella - Bellunopress - Dolomiti<\/title>\n<meta name=\"robots\" content=\"index, follow, max-snippet:-1, max-image-preview:large, max-video-preview:-1\" \/>\n<link rel=\"canonical\" href=\"https:\/\/www.bellunopress.it\/fr\/2023\/11\/18\/il-cordoglio-per-la-morte-di-angelo-tanzarella\/\" \/>\n<meta property=\"og:locale\" content=\"fr_FR\" \/>\n<meta property=\"og:type\" content=\"article\" \/>\n<meta property=\"og:title\" content=\"Il cordoglio per la morte di Angelo Tanzarella - Bellunopress - Dolomiti\" \/>\n<meta property=\"og:description\" content=\"\u201cUna persona di grande intelligenza e umanit\u00e0, disponibile, capace di guardare avanti\u201d. Cos\u00ec il sindaco di Belluno Oscar De Pellegrin ricorda Angelo Tanzarella, per molti anni nella dirigenza dell\u2019Ulss bellunese, segretario del PCI di Belluno, consigliere e assessore regionale, oltre che consigliere della Fondazione Cariverona.\u00a0\u201cConobbi Tanzarella nell\u2019ambito dell\u2019associazionismo &#8211; spiega De Pellegrin -, erano gli [&hellip;]\" \/>\n<meta property=\"og:url\" content=\"https:\/\/www.bellunopress.it\/fr\/2023\/11\/18\/il-cordoglio-per-la-morte-di-angelo-tanzarella\/\" \/>\n<meta property=\"og:site_name\" content=\"Bellunopress - Dolomiti\" \/>\n<meta property=\"article:publisher\" content=\"https:\/\/www.facebook.com\/profile.php?id=100008943462799\" \/>\n<meta property=\"article:published_time\" content=\"2023-11-18T16:44:36+00:00\" \/>\n<meta property=\"article:modified_time\" content=\"2023-11-18T16:58:40+00:00\" \/>\n<meta property=\"og:image\" content=\"https:\/\/www.bellunopress.it\/wp-content\/uploads\/2020\/11\/lutto_edited.jpg\" \/>\n\t<meta property=\"og:image:width\" content=\"800\" \/>\n\t<meta property=\"og:image:height\" content=\"445\" \/>\n\t<meta property=\"og:image:type\" content=\"image\/jpeg\" \/>\n<meta name=\"author\" content=\"redazione\" \/>\n<meta name=\"twitter:card\" content=\"summary_large_image\" \/>\n<meta name=\"twitter:creator\" content=\"@bellunopress\" \/>\n<meta name=\"twitter:site\" content=\"@bellunopress\" \/>\n<meta name=\"twitter:label1\" content=\"Written by\" \/>\n\t<meta name=\"twitter:data1\" content=\"redazione\" \/>\n\t<meta name=\"twitter:label2\" content=\"Est. reading time\" \/>\n\t<meta name=\"twitter:data2\" content=\"3 minutes\" \/>\n<script type=\"application\/ld+json\" class=\"yoast-schema-graph\">{\"@context\":\"https:\\\/\\\/schema.org\",\"@graph\":[{\"@type\":\"Article\",\"@id\":\"https:\\\/\\\/www.bellunopress.it\\\/2023\\\/11\\\/18\\\/il-cordoglio-per-la-morte-di-angelo-tanzarella\\\/#article\",\"isPartOf\":{\"@id\":\"https:\\\/\\\/www.bellunopress.it\\\/2023\\\/11\\\/18\\\/il-cordoglio-per-la-morte-di-angelo-tanzarella\\\/\"},\"author\":{\"name\":\"redazione\",\"@id\":\"https:\\\/\\\/www.bellunopress.it\\\/#\\\/schema\\\/person\\\/79bb06722b37ece1c03d3e94beb30d73\"},\"headline\":\"Il cordoglio per la morte di Angelo Tanzarella\",\"datePublished\":\"2023-11-18T16:44:36+00:00\",\"dateModified\":\"2023-11-18T16:58:40+00:00\",\"mainEntityOfPage\":{\"@id\":\"https:\\\/\\\/www.bellunopress.it\\\/2023\\\/11\\\/18\\\/il-cordoglio-per-la-morte-di-angelo-tanzarella\\\/\"},\"wordCount\":548,\"publisher\":{\"@id\":\"https:\\\/\\\/www.bellunopress.it\\\/#organization\"},\"image\":{\"@id\":\"https:\\\/\\\/www.bellunopress.it\\\/2023\\\/11\\\/18\\\/il-cordoglio-per-la-morte-di-angelo-tanzarella\\\/#primaryimage\"},\"thumbnailUrl\":\"https:\\\/\\\/www.bellunopress.it\\\/wp-content\\\/uploads\\\/2020\\\/11\\\/lutto_edited.jpg\",\"articleSection\":[\"Cronaca\\\/Politica\",\"Prima Pagina\"],\"inLanguage\":\"fr-FR\"},{\"@type\":\"WebPage\",\"@id\":\"https:\\\/\\\/www.bellunopress.it\\\/2023\\\/11\\\/18\\\/il-cordoglio-per-la-morte-di-angelo-tanzarella\\\/\",\"url\":\"https:\\\/\\\/www.bellunopress.it\\\/2023\\\/11\\\/18\\\/il-cordoglio-per-la-morte-di-angelo-tanzarella\\\/\",\"name\":\"Il cordoglio per la morte di Angelo Tanzarella - Bellunopress - Dolomiti\",\"isPartOf\":{\"@id\":\"https:\\\/\\\/www.bellunopress.it\\\/#website\"},\"primaryImageOfPage\":{\"@id\":\"https:\\\/\\\/www.bellunopress.it\\\/2023\\\/11\\\/18\\\/il-cordoglio-per-la-morte-di-angelo-tanzarella\\\/#primaryimage\"},\"image\":{\"@id\":\"https:\\\/\\\/www.bellunopress.it\\\/2023\\\/11\\\/18\\\/il-cordoglio-per-la-morte-di-angelo-tanzarella\\\/#primaryimage\"},\"thumbnailUrl\":\"https:\\\/\\\/www.bellunopress.it\\\/wp-content\\\/uploads\\\/2020\\\/11\\\/lutto_edited.jpg\",\"datePublished\":\"2023-11-18T16:44:36+00:00\",\"dateModified\":\"2023-11-18T16:58:40+00:00\",\"breadcrumb\":{\"@id\":\"https:\\\/\\\/www.bellunopress.it\\\/2023\\\/11\\\/18\\\/il-cordoglio-per-la-morte-di-angelo-tanzarella\\\/#breadcrumb\"},\"inLanguage\":\"fr-FR\",\"potentialAction\":[{\"@type\":\"ReadAction\",\"target\":[\"https:\\\/\\\/www.bellunopress.it\\\/2023\\\/11\\\/18\\\/il-cordoglio-per-la-morte-di-angelo-tanzarella\\\/\"]}]},{\"@type\":\"ImageObject\",\"inLanguage\":\"fr-FR\",\"@id\":\"https:\\\/\\\/www.bellunopress.it\\\/2023\\\/11\\\/18\\\/il-cordoglio-per-la-morte-di-angelo-tanzarella\\\/#primaryimage\",\"url\":\"https:\\\/\\\/www.bellunopress.it\\\/wp-content\\\/uploads\\\/2020\\\/11\\\/lutto_edited.jpg\",\"contentUrl\":\"https:\\\/\\\/www.bellunopress.it\\\/wp-content\\\/uploads\\\/2020\\\/11\\\/lutto_edited.jpg\",\"width\":800,\"height\":445},{\"@type\":\"BreadcrumbList\",\"@id\":\"https:\\\/\\\/www.bellunopress.it\\\/2023\\\/11\\\/18\\\/il-cordoglio-per-la-morte-di-angelo-tanzarella\\\/#breadcrumb\",\"itemListElement\":[{\"@type\":\"ListItem\",\"position\":1,\"name\":\"Home\",\"item\":\"https:\\\/\\\/www.bellunopress.it\\\/\"},{\"@type\":\"ListItem\",\"position\":2,\"name\":\"Il cordoglio per la morte di Angelo Tanzarella\"}]},{\"@type\":\"WebSite\",\"@id\":\"https:\\\/\\\/www.bellunopress.it\\\/#website\",\"url\":\"https:\\\/\\\/www.bellunopress.it\\\/\",\"name\":\"Bellunopress - Dolomiti\",\"description\":\"e-mail: redazione@bellunopress.it\",\"publisher\":{\"@id\":\"https:\\\/\\\/www.bellunopress.it\\\/#organization\"},\"potentialAction\":[{\"@type\":\"SearchAction\",\"target\":{\"@type\":\"EntryPoint\",\"urlTemplate\":\"https:\\\/\\\/www.bellunopress.it\\\/?s={search_term_string}\"},\"query-input\":{\"@type\":\"PropertyValueSpecification\",\"valueRequired\":true,\"valueName\":\"search_term_string\"}}],\"inLanguage\":\"fr-FR\"},{\"@type\":\"Organization\",\"@id\":\"https:\\\/\\\/www.bellunopress.it\\\/#organization\",\"name\":\"Bellunopress\",\"url\":\"https:\\\/\\\/www.bellunopress.it\\\/\",\"logo\":{\"@type\":\"ImageObject\",\"inLanguage\":\"fr-FR\",\"@id\":\"https:\\\/\\\/www.bellunopress.it\\\/#\\\/schema\\\/logo\\\/image\\\/\",\"url\":\"https:\\\/\\\/www.bellunopress.it\\\/wp-content\\\/uploads\\\/2011\\\/05\\\/cropped-logo-bellunopress-.jpg\",\"contentUrl\":\"https:\\\/\\\/www.bellunopress.it\\\/wp-content\\\/uploads\\\/2011\\\/05\\\/cropped-logo-bellunopress-.jpg\",\"width\":512,\"height\":512,\"caption\":\"Bellunopress\"},\"image\":{\"@id\":\"https:\\\/\\\/www.bellunopress.it\\\/#\\\/schema\\\/logo\\\/image\\\/\"},\"sameAs\":[\"https:\\\/\\\/www.facebook.com\\\/profile.php?id=100008943462799\",\"https:\\\/\\\/x.com\\\/bellunopress\",\"https:\\\/\\\/www.linkedin.com\\\/hp\\\/?dnr=JBzUWaJfMUw8vbXJJ2tVW5-I3jZKvC4wsoxE&amp;amp;amp;amp;amp;amp;trk=nav_responsive_tab_home\",\"https:\\\/\\\/www.youtube.com\\\/channel\\\/UCxL0wu1uN0_3_7hGG0306cw\"]},{\"@type\":\"Person\",\"@id\":\"https:\\\/\\\/www.bellunopress.it\\\/#\\\/schema\\\/person\\\/79bb06722b37ece1c03d3e94beb30d73\",\"name\":\"redazione\",\"image\":{\"@type\":\"ImageObject\",\"inLanguage\":\"fr-FR\",\"@id\":\"https:\\\/\\\/secure.gravatar.com\\\/avatar\\\/37d968a2e67a6fd04c169c4bdef102d0bc5d31b2546345219e348575eb80e9a0?s=96&d=mm&r=g\",\"url\":\"https:\\\/\\\/secure.gravatar.com\\\/avatar\\\/37d968a2e67a6fd04c169c4bdef102d0bc5d31b2546345219e348575eb80e9a0?s=96&d=mm&r=g\",\"contentUrl\":\"https:\\\/\\\/secure.gravatar.com\\\/avatar\\\/37d968a2e67a6fd04c169c4bdef102d0bc5d31b2546345219e348575eb80e9a0?s=96&d=mm&r=g\",\"caption\":\"redazione\"},\"sameAs\":[\"http:\\\/\\\/www.bellunopress.it\",\"https:\\\/\\\/x.com\\\/bellunopress\"],\"url\":\"https:\\\/\\\/www.bellunopress.it\\\/fr\\\/author\\\/redazione\\\/\"}]}<\/script>\n<!-- \/ Yoast SEO plugin. -->","yoast_head_json":{"title":"Il cordoglio per la morte di Angelo Tanzarella - Bellunopress - Dolomiti","robots":{"index":"index","follow":"follow","max-snippet":"max-snippet:-1","max-image-preview":"max-image-preview:large","max-video-preview":"max-video-preview:-1"},"canonical":"https:\/\/www.bellunopress.it\/fr\/2023\/11\/18\/il-cordoglio-per-la-morte-di-angelo-tanzarella\/","og_locale":"fr_FR","og_type":"article","og_title":"Il cordoglio per la morte di Angelo Tanzarella - Bellunopress - Dolomiti","og_description":"\u201cUna persona di grande intelligenza e umanit\u00e0, disponibile, capace di guardare avanti\u201d. Cos\u00ec il sindaco di Belluno Oscar De Pellegrin ricorda Angelo Tanzarella, per molti anni nella dirigenza dell\u2019Ulss bellunese, segretario del PCI di Belluno, consigliere e assessore regionale, oltre che consigliere della Fondazione Cariverona.\u00a0\u201cConobbi Tanzarella nell\u2019ambito dell\u2019associazionismo &#8211; spiega De Pellegrin -, erano gli [&hellip;]","og_url":"https:\/\/www.bellunopress.it\/fr\/2023\/11\/18\/il-cordoglio-per-la-morte-di-angelo-tanzarella\/","og_site_name":"Bellunopress - Dolomiti","article_publisher":"https:\/\/www.facebook.com\/profile.php?id=100008943462799","article_published_time":"2023-11-18T16:44:36+00:00","article_modified_time":"2023-11-18T16:58:40+00:00","og_image":[{"width":800,"height":445,"url":"https:\/\/www.bellunopress.it\/wp-content\/uploads\/2020\/11\/lutto_edited.jpg","type":"image\/jpeg"}],"author":"redazione","twitter_card":"summary_large_image","twitter_creator":"@bellunopress","twitter_site":"@bellunopress","twitter_misc":{"Written by":"redazione","Est. reading time":"3 minutes"},"schema":{"@context":"https:\/\/schema.org","@graph":[{"@type":"Article","@id":"https:\/\/www.bellunopress.it\/2023\/11\/18\/il-cordoglio-per-la-morte-di-angelo-tanzarella\/#article","isPartOf":{"@id":"https:\/\/www.bellunopress.it\/2023\/11\/18\/il-cordoglio-per-la-morte-di-angelo-tanzarella\/"},"author":{"name":"redazione","@id":"https:\/\/www.bellunopress.it\/#\/schema\/person\/79bb06722b37ece1c03d3e94beb30d73"},"headline":"Il cordoglio per la morte di Angelo Tanzarella","datePublished":"2023-11-18T16:44:36+00:00","dateModified":"2023-11-18T16:58:40+00:00","mainEntityOfPage":{"@id":"https:\/\/www.bellunopress.it\/2023\/11\/18\/il-cordoglio-per-la-morte-di-angelo-tanzarella\/"},"wordCount":548,"publisher":{"@id":"https:\/\/www.bellunopress.it\/#organization"},"image":{"@id":"https:\/\/www.bellunopress.it\/2023\/11\/18\/il-cordoglio-per-la-morte-di-angelo-tanzarella\/#primaryimage"},"thumbnailUrl":"https:\/\/www.bellunopress.it\/wp-content\/uploads\/2020\/11\/lutto_edited.jpg","articleSection":["Cronaca\/Politica","Prima Pagina"],"inLanguage":"fr-FR"},{"@type":"WebPage","@id":"https:\/\/www.bellunopress.it\/2023\/11\/18\/il-cordoglio-per-la-morte-di-angelo-tanzarella\/","url":"https:\/\/www.bellunopress.it\/2023\/11\/18\/il-cordoglio-per-la-morte-di-angelo-tanzarella\/","name":"Il cordoglio per la morte di Angelo Tanzarella - Bellunopress - Dolomiti","isPartOf":{"@id":"https:\/\/www.bellunopress.it\/#website"},"primaryImageOfPage":{"@id":"https:\/\/www.bellunopress.it\/2023\/11\/18\/il-cordoglio-per-la-morte-di-angelo-tanzarella\/#primaryimage"},"image":{"@id":"https:\/\/www.bellunopress.it\/2023\/11\/18\/il-cordoglio-per-la-morte-di-angelo-tanzarella\/#primaryimage"},"thumbnailUrl":"https:\/\/www.bellunopress.it\/wp-content\/uploads\/2020\/11\/lutto_edited.jpg","datePublished":"2023-11-18T16:44:36+00:00","dateModified":"2023-11-18T16:58:40+00:00","breadcrumb":{"@id":"https:\/\/www.bellunopress.it\/2023\/11\/18\/il-cordoglio-per-la-morte-di-angelo-tanzarella\/#breadcrumb"},"inLanguage":"fr-FR","potentialAction":[{"@type":"ReadAction","target":["https:\/\/www.bellunopress.it\/2023\/11\/18\/il-cordoglio-per-la-morte-di-angelo-tanzarella\/"]}]},{"@type":"ImageObject","inLanguage":"fr-FR","@id":"https:\/\/www.bellunopress.it\/2023\/11\/18\/il-cordoglio-per-la-morte-di-angelo-tanzarella\/#primaryimage","url":"https:\/\/www.bellunopress.it\/wp-content\/uploads\/2020\/11\/lutto_edited.jpg","contentUrl":"https:\/\/www.bellunopress.it\/wp-content\/uploads\/2020\/11\/lutto_edited.jpg","width":800,"height":445},{"@type":"BreadcrumbList","@id":"https:\/\/www.bellunopress.it\/2023\/11\/18\/il-cordoglio-per-la-morte-di-angelo-tanzarella\/#breadcrumb","itemListElement":[{"@type":"ListItem","position":1,"name":"Home","item":"https:\/\/www.bellunopress.it\/"},{"@type":"ListItem","position":2,"name":"Il cordoglio per la morte di Angelo Tanzarella"}]},{"@type":"WebSite","@id":"https:\/\/www.bellunopress.it\/#website","url":"https:\/\/www.bellunopress.it\/","name":"Bellunopress - Dolomiti","description":"e-mail: redazione@bellunopress.it","publisher":{"@id":"https:\/\/www.bellunopress.it\/#organization"},"potentialAction":[{"@type":"SearchAction","target":{"@type":"EntryPoint","urlTemplate":"https:\/\/www.bellunopress.it\/?s={search_term_string}"},"query-input":{"@type":"PropertyValueSpecification","valueRequired":true,"valueName":"search_term_string"}}],"inLanguage":"fr-FR"},{"@type":"Organization","@id":"https:\/\/www.bellunopress.it\/#organization","name":"Bellunopress","url":"https:\/\/www.bellunopress.it\/","logo":{"@type":"ImageObject","inLanguage":"fr-FR","@id":"https:\/\/www.bellunopress.it\/#\/schema\/logo\/image\/","url":"https:\/\/www.bellunopress.it\/wp-content\/uploads\/2011\/05\/cropped-logo-bellunopress-.jpg","contentUrl":"https:\/\/www.bellunopress.it\/wp-content\/uploads\/2011\/05\/cropped-logo-bellunopress-.jpg","width":512,"height":512,"caption":"Bellunopress"},"image":{"@id":"https:\/\/www.bellunopress.it\/#\/schema\/logo\/image\/"},"sameAs":["https:\/\/www.facebook.com\/profile.php?id=100008943462799","https:\/\/x.com\/bellunopress","https:\/\/www.linkedin.com\/hp\/?dnr=JBzUWaJfMUw8vbXJJ2tVW5-I3jZKvC4wsoxE&amp;amp;amp;amp;amp;amp;trk=nav_responsive_tab_home","https:\/\/www.youtube.com\/channel\/UCxL0wu1uN0_3_7hGG0306cw"]},{"@type":"Person","@id":"https:\/\/www.bellunopress.it\/#\/schema\/person\/79bb06722b37ece1c03d3e94beb30d73","name":"r\u00e9daction","image":{"@type":"ImageObject","inLanguage":"fr-FR","@id":"https:\/\/secure.gravatar.com\/avatar\/37d968a2e67a6fd04c169c4bdef102d0bc5d31b2546345219e348575eb80e9a0?s=96&d=mm&r=g","url":"https:\/\/secure.gravatar.com\/avatar\/37d968a2e67a6fd04c169c4bdef102d0bc5d31b2546345219e348575eb80e9a0?s=96&d=mm&r=g","contentUrl":"https:\/\/secure.gravatar.com\/avatar\/37d968a2e67a6fd04c169c4bdef102d0bc5d31b2546345219e348575eb80e9a0?s=96&d=mm&r=g","caption":"redazione"},"sameAs":["http:\/\/www.bellunopress.it","https:\/\/x.com\/bellunopress"],"url":"https:\/\/www.bellunopress.it\/fr\/author\/redazione\/"}]}},"_links":{"self":[{"href":"https:\/\/www.bellunopress.it\/fr\/wp-json\/wp\/v2\/posts\/146009","targetHints":{"allow":["GET"]}}],"collection":[{"href":"https:\/\/www.bellunopress.it\/fr\/wp-json\/wp\/v2\/posts"}],"about":[{"href":"https:\/\/www.bellunopress.it\/fr\/wp-json\/wp\/v2\/types\/post"}],"author":[{"embeddable":true,"href":"https:\/\/www.bellunopress.it\/fr\/wp-json\/wp\/v2\/users\/2"}],"replies":[{"embeddable":true,"href":"https:\/\/www.bellunopress.it\/fr\/wp-json\/wp\/v2\/comments?post=146009"}],"version-history":[{"count":2,"href":"https:\/\/www.bellunopress.it\/fr\/wp-json\/wp\/v2\/posts\/146009\/revisions"}],"predecessor-version":[{"id":146011,"href":"https:\/\/www.bellunopress.it\/fr\/wp-json\/wp\/v2\/posts\/146009\/revisions\/146011"}],"wp:featuredmedia":[{"embeddable":true,"href":"https:\/\/www.bellunopress.it\/fr\/wp-json\/wp\/v2\/media\/119261"}],"wp:attachment":[{"href":"https:\/\/www.bellunopress.it\/fr\/wp-json\/wp\/v2\/media?parent=146009"}],"wp:term":[{"taxonomy":"category","embeddable":true,"href":"https:\/\/www.bellunopress.it\/fr\/wp-json\/wp\/v2\/categories?post=146009"},{"taxonomy":"post_tag","embeddable":true,"href":"https:\/\/www.bellunopress.it\/fr\/wp-json\/wp\/v2\/tags?post=146009"}],"curies":[{"name":"wp","href":"https:\/\/api.w.org\/{rel}","templated":true}]}}