{"id":146003,"date":"2023-11-18T10:23:38","date_gmt":"2023-11-18T09:23:38","guid":{"rendered":"https:\/\/www.bellunopress.it\/?p=146003"},"modified":"2023-11-17T21:29:47","modified_gmt":"2023-11-17T20:29:47","slug":"festa-degli-alberi-2023-questanno-la-tradizionale-giornata-sara-nel-ricordo-di-vaia","status":"publish","type":"post","link":"https:\/\/www.bellunopress.it\/fr\/2023\/11\/18\/festa-degli-alberi-2023-questanno-la-tradizionale-giornata-sara-nel-ricordo-di-vaia\/","title":{"rendered":"Festa degli alberi 2023. Quest\u2019anno la tradizionale Giornata sar\u00e0 nel ricordo di Vaia"},"content":{"rendered":"<figure id=\"attachment_135245\" aria-describedby=\"caption-attachment-135245\" style=\"width: 803px\" class=\"wp-caption alignleft\"><img loading=\"lazy\" decoding=\"async\" class=\"size-full wp-image-135245\" src=\"https:\/\/www.bellunopress.it\/wp-content\/uploads\/2022\/07\/Oscar-De-Pellegrin-sindaco-di-Belluno_edited.jpg\" alt=\"\" width=\"803\" height=\"1000\" srcset=\"https:\/\/www.bellunopress.it\/wp-content\/uploads\/2022\/07\/Oscar-De-Pellegrin-sindaco-di-Belluno_edited.jpg 803w, https:\/\/www.bellunopress.it\/wp-content\/uploads\/2022\/07\/Oscar-De-Pellegrin-sindaco-di-Belluno_edited-402x500.jpg 402w, https:\/\/www.bellunopress.it\/wp-content\/uploads\/2022\/07\/Oscar-De-Pellegrin-sindaco-di-Belluno_edited-696x867.jpg 696w, https:\/\/www.bellunopress.it\/wp-content\/uploads\/2022\/07\/Oscar-De-Pellegrin-sindaco-di-Belluno_edited-337x420.jpg 337w\" sizes=\"auto, (max-width: 803px) 100vw, 803px\" \/><figcaption id=\"caption-attachment-135245\" class=\"wp-caption-text\">Oscar De Pellegrin, sindaco di Belluno<\/figcaption><\/figure>\n<p>A cinque anni da quelle terribili giornate di fine ottobre 2018, la tradizionale Festa degli alberi celebrata ogni 21 novembre, sar\u00e0 nel ricordo di Vaia. Per l\u2019occasione l\u2019appuntamento si sposta in Nevegal (per anni la festa \u00e8 stata celebrata nel parco di Villa Clizia a Mussoi), dove i bambini delle classi coinvolte saranno invitati a vedere da vicino gli effetti della tempesta nel fragile ecosistema del bosco e a capire l\u2019importanza di una corretta gestione dell\u2019ambiente. \u201cVaia ci ha segnati tutti nel profondo \u2013 commenta il sindaco, Oscar De Pellegrin \u2013 e ci ha insegnato molto. Gli effetti di quell\u2019evento sono le cicatrici che il nostro territorio porter\u00e0 per anni e sono un monito, per noi, sull\u2019importanza di una buona gestione del nostro patrimonio pi\u00f9 prezioso, l\u2019ambiente. Il nostro compito, oggi, \u00e8 trasmettere queste conoscenze alle nuove generazioni\u201d.<\/p>\n<p>Alla Festa parteciperanno le classi quarta e quinta della scuola primaria di Chiesurazza, una quarantina di bambini che marted\u00ec 21 novembre si ritroveranno a Pascolet, localit\u00e0 in Nevegal dove ancora oggi il bosco mostra i segni pi\u00f9 evidenti del passaggio di Vaia. Qui alle 9.30 \u00e8 prevista la cerimonia di piantumazione di alcuni esemplari di faggio, gesto simbolico a significare la continuit\u00e0 di vita dopo la tragedia e la capacit\u00e0 della natura di rinascere e rinnovarsi. Seguir\u00e0, alle 11, la partecipazione dei piccoli ad una esercitazione delle attivit\u00e0 di antincendio boschivo di Veneto Agricoltura nei pressi della nuova strada taglia fuoco vicino al ristorante \u201cLa Casera\u201d.<\/p>\n<figure id=\"attachment_136051\" aria-describedby=\"caption-attachment-136051\" style=\"width: 545px\" class=\"wp-caption alignleft\"><img loading=\"lazy\" decoding=\"async\" class=\"size-full wp-image-136051\" src=\"https:\/\/www.bellunopress.it\/wp-content\/uploads\/2022\/08\/de-kunovich_edited.jpg\" alt=\"\" width=\"545\" height=\"643\" srcset=\"https:\/\/www.bellunopress.it\/wp-content\/uploads\/2022\/08\/de-kunovich_edited.jpg 545w, https:\/\/www.bellunopress.it\/wp-content\/uploads\/2022\/08\/de-kunovich_edited-424x500.jpg 424w, https:\/\/www.bellunopress.it\/wp-content\/uploads\/2022\/08\/de-kunovich_edited-356x420.jpg 356w\" sizes=\"auto, (max-width: 545px) 100vw, 545px\" \/><figcaption id=\"caption-attachment-136051\" class=\"wp-caption-text\">Lorenza De Kunovich, assessore all&#8217;Ambiente e Protezione civile al Comune di Belluno<\/figcaption><\/figure>\n<p>\u201cL\u2019anniversario dei cinque anni da Vaia imponeva, quest\u2019anno, una riflessione particolare e dedicata \u2013 commenta l\u2019assessore all\u2019ambiente, Lorenza De Kunovich -, perch\u00e9 la Festa degli alberi deve essere sempre di pi\u00f9 l\u2019occasione per trasmettere alle nuove generazioni il rispetto e la conoscenza del nostro ambiente naturale.<br \/>\nPer questo abbiamo pensato a due attivit\u00e0 entrambe finalizzate a far comprendere quali sono i rischi per i nostri boschi e quali le azioni svolte per la loro salvaguardia o ripristino. \u00c8 prevista infatti la piantumazione di alcuni piccoli esemplari di faggio in localit\u00e0 Pascolet (Nevegal), un\u2019area seriamente colpita dalla tempesta Vaia e successivamente vittima del bostrico, qui la nostra guida sar\u00e0 il dottore forestale del Comune; a questa prima iniziativa seguir\u00e0 la partecipazione ad una esercitazione della Regione Veneto per le attivit\u00e0 di antincendio boschivo. I bambini capiranno da vicino di cosa si parla quando si parla di alberi schiantati e di bosco in sofferenza, se porteranno a casa una consapevolezza in pi\u00f9 l\u2019obiettivo sar\u00e0 per noi raggiunto\u201d.<\/p>\n<p>All\u2019esercitazione parteciperanno attivamente 25 operatori AIB di AVISP delle province di Belluno e Treviso, coordinati nelle operazioni da alcuni DOS dei Servizi Forestali della Regione. Saranno portati sul posto diversi mezzi gommati provvisti di modulo antincendio e attrezzature varie d&#8217;uso comune per gli interventi AIB.<br \/>\nL&#8217;idea \u00e8 quella di simulare la propagazione di un incendio boschivo e intervenire quindi con diverse squadre per mettere in sicurezza la coda dell&#8217;incendio e limitarne la diffusione ai fianchi. Saranno predisposte anche alcune vasche di cui una, sempre in forma di ipotesi, servir\u00e0 all&#8217;approvvigionamento di un eventuale elicottero.<\/p>\n<p>&nbsp;<\/p>\n<p>&nbsp;<\/p>\n<p>&nbsp;<\/p>\n<p>&nbsp;<\/p>","protected":false},"excerpt":{"rendered":"<p>A cinque anni da quelle terribili giornate di fine ottobre 2018, la tradizionale Festa degli alberi celebrata ogni 21 novembre, sar\u00e0 nel ricordo di Vaia. Per l\u2019occasione l\u2019appuntamento si sposta in Nevegal (per anni la festa \u00e8 stata celebrata nel parco di Villa Clizia a Mussoi), dove i bambini delle classi coinvolte saranno invitati a [&hellip;]<\/p>\n","protected":false},"author":2,"featured_media":135245,"comment_status":"closed","ping_status":"open","sticky":false,"template":"","format":"standard","meta":{"footnotes":""},"categories":[15,8],"tags":[],"class_list":["post-146003","post","type-post","status-publish","format-standard","has-post-thumbnail","category-scuola","category-societa-istituzioni"],"yoast_head":"<!-- This site is optimized with the Yoast SEO plugin v28.4 - https:\/\/yoast.com\/product\/yoast-seo-wordpress\/ -->\n<title>Festa degli alberi 2023. Quest\u2019anno la tradizionale Giornata sar\u00e0 nel ricordo di Vaia - Bellunopress - Dolomiti<\/title>\n<meta name=\"robots\" content=\"index, follow, max-snippet:-1, max-image-preview:large, max-video-preview:-1\" \/>\n<link rel=\"canonical\" href=\"https:\/\/www.bellunopress.it\/fr\/2023\/11\/18\/festa-degli-alberi-2023-questanno-la-tradizionale-giornata-sara-nel-ricordo-di-vaia\/\" \/>\n<meta property=\"og:locale\" content=\"fr_FR\" \/>\n<meta property=\"og:type\" content=\"article\" \/>\n<meta property=\"og:title\" content=\"Festa degli alberi 2023. Quest\u2019anno la tradizionale Giornata sar\u00e0 nel ricordo di Vaia - Bellunopress - Dolomiti\" \/>\n<meta property=\"og:description\" content=\"A cinque anni da quelle terribili giornate di fine ottobre 2018, la tradizionale Festa degli alberi celebrata ogni 21 novembre, sar\u00e0 nel ricordo di Vaia. Per l\u2019occasione l\u2019appuntamento si sposta in Nevegal (per anni la festa \u00e8 stata celebrata nel parco di Villa Clizia a Mussoi), dove i bambini delle classi coinvolte saranno invitati a [&hellip;]\" \/>\n<meta property=\"og:url\" content=\"https:\/\/www.bellunopress.it\/fr\/2023\/11\/18\/festa-degli-alberi-2023-questanno-la-tradizionale-giornata-sara-nel-ricordo-di-vaia\/\" \/>\n<meta property=\"og:site_name\" content=\"Bellunopress - Dolomiti\" \/>\n<meta property=\"article:publisher\" content=\"https:\/\/www.facebook.com\/profile.php?id=100008943462799\" \/>\n<meta property=\"article:published_time\" content=\"2023-11-18T09:23:38+00:00\" \/>\n<meta property=\"og:image\" content=\"https:\/\/www.bellunopress.it\/wp-content\/uploads\/2022\/07\/Oscar-De-Pellegrin-sindaco-di-Belluno_edited.jpg\" \/>\n\t<meta property=\"og:image:width\" content=\"803\" \/>\n\t<meta property=\"og:image:height\" content=\"1000\" \/>\n\t<meta property=\"og:image:type\" content=\"image\/jpeg\" \/>\n<meta name=\"author\" content=\"redazione\" \/>\n<meta name=\"twitter:card\" content=\"summary_large_image\" \/>\n<meta name=\"twitter:creator\" content=\"@bellunopress\" \/>\n<meta name=\"twitter:site\" content=\"@bellunopress\" \/>\n<meta name=\"twitter:label1\" content=\"\u00c9crit par\" \/>\n\t<meta name=\"twitter:data1\" content=\"redazione\" \/>\n\t<meta name=\"twitter:label2\" content=\"Dur\u00e9e de lecture estim\u00e9e\" \/>\n\t<meta name=\"twitter:data2\" content=\"3 minutes\" \/>\n<script type=\"application\/ld+json\" class=\"yoast-schema-graph\">{\"@context\":\"https:\\\/\\\/schema.org\",\"@graph\":[{\"@type\":\"Article\",\"@id\":\"https:\\\/\\\/www.bellunopress.it\\\/2023\\\/11\\\/18\\\/festa-degli-alberi-2023-questanno-la-tradizionale-giornata-sara-nel-ricordo-di-vaia\\\/#article\",\"isPartOf\":{\"@id\":\"https:\\\/\\\/www.bellunopress.it\\\/2023\\\/11\\\/18\\\/festa-degli-alberi-2023-questanno-la-tradizionale-giornata-sara-nel-ricordo-di-vaia\\\/\"},\"author\":{\"name\":\"redazione\",\"@id\":\"https:\\\/\\\/www.bellunopress.it\\\/#\\\/schema\\\/person\\\/79bb06722b37ece1c03d3e94beb30d73\"},\"headline\":\"Festa degli alberi 2023. Quest\u2019anno la tradizionale Giornata sar\u00e0 nel ricordo di Vaia\",\"datePublished\":\"2023-11-18T09:23:38+00:00\",\"mainEntityOfPage\":{\"@id\":\"https:\\\/\\\/www.bellunopress.it\\\/2023\\\/11\\\/18\\\/festa-degli-alberi-2023-questanno-la-tradizionale-giornata-sara-nel-ricordo-di-vaia\\\/\"},\"wordCount\":558,\"publisher\":{\"@id\":\"https:\\\/\\\/www.bellunopress.it\\\/#organization\"},\"image\":{\"@id\":\"https:\\\/\\\/www.bellunopress.it\\\/2023\\\/11\\\/18\\\/festa-degli-alberi-2023-questanno-la-tradizionale-giornata-sara-nel-ricordo-di-vaia\\\/#primaryimage\"},\"thumbnailUrl\":\"https:\\\/\\\/www.bellunopress.it\\\/wp-content\\\/uploads\\\/2022\\\/07\\\/Oscar-De-Pellegrin-sindaco-di-Belluno_edited.jpg\",\"articleSection\":[\"Scuola\",\"Societ\u00e0, Associazioni, Istituzioni\"],\"inLanguage\":\"fr-FR\"},{\"@type\":\"WebPage\",\"@id\":\"https:\\\/\\\/www.bellunopress.it\\\/2023\\\/11\\\/18\\\/festa-degli-alberi-2023-questanno-la-tradizionale-giornata-sara-nel-ricordo-di-vaia\\\/\",\"url\":\"https:\\\/\\\/www.bellunopress.it\\\/2023\\\/11\\\/18\\\/festa-degli-alberi-2023-questanno-la-tradizionale-giornata-sara-nel-ricordo-di-vaia\\\/\",\"name\":\"Festa degli alberi 2023. Quest\u2019anno la tradizionale Giornata sar\u00e0 nel ricordo di Vaia - Bellunopress - Dolomiti\",\"isPartOf\":{\"@id\":\"https:\\\/\\\/www.bellunopress.it\\\/#website\"},\"primaryImageOfPage\":{\"@id\":\"https:\\\/\\\/www.bellunopress.it\\\/2023\\\/11\\\/18\\\/festa-degli-alberi-2023-questanno-la-tradizionale-giornata-sara-nel-ricordo-di-vaia\\\/#primaryimage\"},\"image\":{\"@id\":\"https:\\\/\\\/www.bellunopress.it\\\/2023\\\/11\\\/18\\\/festa-degli-alberi-2023-questanno-la-tradizionale-giornata-sara-nel-ricordo-di-vaia\\\/#primaryimage\"},\"thumbnailUrl\":\"https:\\\/\\\/www.bellunopress.it\\\/wp-content\\\/uploads\\\/2022\\\/07\\\/Oscar-De-Pellegrin-sindaco-di-Belluno_edited.jpg\",\"datePublished\":\"2023-11-18T09:23:38+00:00\",\"breadcrumb\":{\"@id\":\"https:\\\/\\\/www.bellunopress.it\\\/2023\\\/11\\\/18\\\/festa-degli-alberi-2023-questanno-la-tradizionale-giornata-sara-nel-ricordo-di-vaia\\\/#breadcrumb\"},\"inLanguage\":\"fr-FR\",\"potentialAction\":[{\"@type\":\"ReadAction\",\"target\":[\"https:\\\/\\\/www.bellunopress.it\\\/2023\\\/11\\\/18\\\/festa-degli-alberi-2023-questanno-la-tradizionale-giornata-sara-nel-ricordo-di-vaia\\\/\"]}]},{\"@type\":\"ImageObject\",\"inLanguage\":\"fr-FR\",\"@id\":\"https:\\\/\\\/www.bellunopress.it\\\/2023\\\/11\\\/18\\\/festa-degli-alberi-2023-questanno-la-tradizionale-giornata-sara-nel-ricordo-di-vaia\\\/#primaryimage\",\"url\":\"https:\\\/\\\/www.bellunopress.it\\\/wp-content\\\/uploads\\\/2022\\\/07\\\/Oscar-De-Pellegrin-sindaco-di-Belluno_edited.jpg\",\"contentUrl\":\"https:\\\/\\\/www.bellunopress.it\\\/wp-content\\\/uploads\\\/2022\\\/07\\\/Oscar-De-Pellegrin-sindaco-di-Belluno_edited.jpg\",\"width\":803,\"height\":1000,\"caption\":\"Oscar De Pellegrin, sindaco di Belluno\"},{\"@type\":\"BreadcrumbList\",\"@id\":\"https:\\\/\\\/www.bellunopress.it\\\/2023\\\/11\\\/18\\\/festa-degli-alberi-2023-questanno-la-tradizionale-giornata-sara-nel-ricordo-di-vaia\\\/#breadcrumb\",\"itemListElement\":[{\"@type\":\"ListItem\",\"position\":1,\"name\":\"Home\",\"item\":\"https:\\\/\\\/www.bellunopress.it\\\/\"},{\"@type\":\"ListItem\",\"position\":2,\"name\":\"Festa degli alberi 2023. Quest\u2019anno la tradizionale Giornata sar\u00e0 nel ricordo di Vaia\"}]},{\"@type\":\"WebSite\",\"@id\":\"https:\\\/\\\/www.bellunopress.it\\\/#website\",\"url\":\"https:\\\/\\\/www.bellunopress.it\\\/\",\"name\":\"Bellunopress - Dolomiti\",\"description\":\"e-mail: redazione@bellunopress.it\",\"publisher\":{\"@id\":\"https:\\\/\\\/www.bellunopress.it\\\/#organization\"},\"potentialAction\":[{\"@type\":\"SearchAction\",\"target\":{\"@type\":\"EntryPoint\",\"urlTemplate\":\"https:\\\/\\\/www.bellunopress.it\\\/?s={search_term_string}\"},\"query-input\":{\"@type\":\"PropertyValueSpecification\",\"valueRequired\":true,\"valueName\":\"search_term_string\"}}],\"inLanguage\":\"fr-FR\"},{\"@type\":\"Organization\",\"@id\":\"https:\\\/\\\/www.bellunopress.it\\\/#organization\",\"name\":\"Bellunopress\",\"url\":\"https:\\\/\\\/www.bellunopress.it\\\/\",\"logo\":{\"@type\":\"ImageObject\",\"inLanguage\":\"fr-FR\",\"@id\":\"https:\\\/\\\/www.bellunopress.it\\\/#\\\/schema\\\/logo\\\/image\\\/\",\"url\":\"https:\\\/\\\/www.bellunopress.it\\\/wp-content\\\/uploads\\\/2011\\\/05\\\/cropped-logo-bellunopress-.jpg\",\"contentUrl\":\"https:\\\/\\\/www.bellunopress.it\\\/wp-content\\\/uploads\\\/2011\\\/05\\\/cropped-logo-bellunopress-.jpg\",\"width\":512,\"height\":512,\"caption\":\"Bellunopress\"},\"image\":{\"@id\":\"https:\\\/\\\/www.bellunopress.it\\\/#\\\/schema\\\/logo\\\/image\\\/\"},\"sameAs\":[\"https:\\\/\\\/www.facebook.com\\\/profile.php?id=100008943462799\",\"https:\\\/\\\/x.com\\\/bellunopress\",\"https:\\\/\\\/www.linkedin.com\\\/hp\\\/?dnr=JBzUWaJfMUw8vbXJJ2tVW5-I3jZKvC4wsoxE&amp;amp;amp;amp;amp;amp;trk=nav_responsive_tab_home\",\"https:\\\/\\\/www.youtube.com\\\/channel\\\/UCxL0wu1uN0_3_7hGG0306cw\"]},{\"@type\":\"Person\",\"@id\":\"https:\\\/\\\/www.bellunopress.it\\\/#\\\/schema\\\/person\\\/79bb06722b37ece1c03d3e94beb30d73\",\"name\":\"redazione\",\"image\":{\"@type\":\"ImageObject\",\"inLanguage\":\"fr-FR\",\"@id\":\"https:\\\/\\\/secure.gravatar.com\\\/avatar\\\/37d968a2e67a6fd04c169c4bdef102d0bc5d31b2546345219e348575eb80e9a0?s=96&d=mm&r=g\",\"url\":\"https:\\\/\\\/secure.gravatar.com\\\/avatar\\\/37d968a2e67a6fd04c169c4bdef102d0bc5d31b2546345219e348575eb80e9a0?s=96&d=mm&r=g\",\"contentUrl\":\"https:\\\/\\\/secure.gravatar.com\\\/avatar\\\/37d968a2e67a6fd04c169c4bdef102d0bc5d31b2546345219e348575eb80e9a0?s=96&d=mm&r=g\",\"caption\":\"redazione\"},\"sameAs\":[\"http:\\\/\\\/www.bellunopress.it\",\"https:\\\/\\\/x.com\\\/bellunopress\"],\"url\":\"https:\\\/\\\/www.bellunopress.it\\\/fr\\\/author\\\/redazione\\\/\"}]}<\/script>\n<!-- \/ Yoast SEO plugin. -->","yoast_head_json":{"title":"Festa degli alberi 2023. Quest\u2019anno la tradizionale Giornata sar\u00e0 nel ricordo di Vaia - Bellunopress - Dolomiti","robots":{"index":"index","follow":"follow","max-snippet":"max-snippet:-1","max-image-preview":"max-image-preview:large","max-video-preview":"max-video-preview:-1"},"canonical":"https:\/\/www.bellunopress.it\/fr\/2023\/11\/18\/festa-degli-alberi-2023-questanno-la-tradizionale-giornata-sara-nel-ricordo-di-vaia\/","og_locale":"fr_FR","og_type":"article","og_title":"Festa degli alberi 2023. Quest\u2019anno la tradizionale Giornata sar\u00e0 nel ricordo di Vaia - Bellunopress - Dolomiti","og_description":"A cinque anni da quelle terribili giornate di fine ottobre 2018, la tradizionale Festa degli alberi celebrata ogni 21 novembre, sar\u00e0 nel ricordo di Vaia. Per l\u2019occasione l\u2019appuntamento si sposta in Nevegal (per anni la festa \u00e8 stata celebrata nel parco di Villa Clizia a Mussoi), dove i bambini delle classi coinvolte saranno invitati a [&hellip;]","og_url":"https:\/\/www.bellunopress.it\/fr\/2023\/11\/18\/festa-degli-alberi-2023-questanno-la-tradizionale-giornata-sara-nel-ricordo-di-vaia\/","og_site_name":"Bellunopress - Dolomiti","article_publisher":"https:\/\/www.facebook.com\/profile.php?id=100008943462799","article_published_time":"2023-11-18T09:23:38+00:00","og_image":[{"width":803,"height":1000,"url":"https:\/\/www.bellunopress.it\/wp-content\/uploads\/2022\/07\/Oscar-De-Pellegrin-sindaco-di-Belluno_edited.jpg","type":"image\/jpeg"}],"author":"redazione","twitter_card":"summary_large_image","twitter_creator":"@bellunopress","twitter_site":"@bellunopress","twitter_misc":{"\u00c9crit par":"redazione","Dur\u00e9e de lecture estim\u00e9e":"3 minutes"},"schema":{"@context":"https:\/\/schema.org","@graph":[{"@type":"Article","@id":"https:\/\/www.bellunopress.it\/2023\/11\/18\/festa-degli-alberi-2023-questanno-la-tradizionale-giornata-sara-nel-ricordo-di-vaia\/#article","isPartOf":{"@id":"https:\/\/www.bellunopress.it\/2023\/11\/18\/festa-degli-alberi-2023-questanno-la-tradizionale-giornata-sara-nel-ricordo-di-vaia\/"},"author":{"name":"redazione","@id":"https:\/\/www.bellunopress.it\/#\/schema\/person\/79bb06722b37ece1c03d3e94beb30d73"},"headline":"Festa degli alberi 2023. Quest\u2019anno la tradizionale Giornata sar\u00e0 nel ricordo di Vaia","datePublished":"2023-11-18T09:23:38+00:00","mainEntityOfPage":{"@id":"https:\/\/www.bellunopress.it\/2023\/11\/18\/festa-degli-alberi-2023-questanno-la-tradizionale-giornata-sara-nel-ricordo-di-vaia\/"},"wordCount":558,"publisher":{"@id":"https:\/\/www.bellunopress.it\/#organization"},"image":{"@id":"https:\/\/www.bellunopress.it\/2023\/11\/18\/festa-degli-alberi-2023-questanno-la-tradizionale-giornata-sara-nel-ricordo-di-vaia\/#primaryimage"},"thumbnailUrl":"https:\/\/www.bellunopress.it\/wp-content\/uploads\/2022\/07\/Oscar-De-Pellegrin-sindaco-di-Belluno_edited.jpg","articleSection":["Scuola","Societ\u00e0, Associazioni, Istituzioni"],"inLanguage":"fr-FR"},{"@type":"WebPage","@id":"https:\/\/www.bellunopress.it\/2023\/11\/18\/festa-degli-alberi-2023-questanno-la-tradizionale-giornata-sara-nel-ricordo-di-vaia\/","url":"https:\/\/www.bellunopress.it\/2023\/11\/18\/festa-degli-alberi-2023-questanno-la-tradizionale-giornata-sara-nel-ricordo-di-vaia\/","name":"Festa degli alberi 2023. Quest\u2019anno la tradizionale Giornata sar\u00e0 nel ricordo di Vaia - Bellunopress - Dolomiti","isPartOf":{"@id":"https:\/\/www.bellunopress.it\/#website"},"primaryImageOfPage":{"@id":"https:\/\/www.bellunopress.it\/2023\/11\/18\/festa-degli-alberi-2023-questanno-la-tradizionale-giornata-sara-nel-ricordo-di-vaia\/#primaryimage"},"image":{"@id":"https:\/\/www.bellunopress.it\/2023\/11\/18\/festa-degli-alberi-2023-questanno-la-tradizionale-giornata-sara-nel-ricordo-di-vaia\/#primaryimage"},"thumbnailUrl":"https:\/\/www.bellunopress.it\/wp-content\/uploads\/2022\/07\/Oscar-De-Pellegrin-sindaco-di-Belluno_edited.jpg","datePublished":"2023-11-18T09:23:38+00:00","breadcrumb":{"@id":"https:\/\/www.bellunopress.it\/2023\/11\/18\/festa-degli-alberi-2023-questanno-la-tradizionale-giornata-sara-nel-ricordo-di-vaia\/#breadcrumb"},"inLanguage":"fr-FR","potentialAction":[{"@type":"ReadAction","target":["https:\/\/www.bellunopress.it\/2023\/11\/18\/festa-degli-alberi-2023-questanno-la-tradizionale-giornata-sara-nel-ricordo-di-vaia\/"]}]},{"@type":"ImageObject","inLanguage":"fr-FR","@id":"https:\/\/www.bellunopress.it\/2023\/11\/18\/festa-degli-alberi-2023-questanno-la-tradizionale-giornata-sara-nel-ricordo-di-vaia\/#primaryimage","url":"https:\/\/www.bellunopress.it\/wp-content\/uploads\/2022\/07\/Oscar-De-Pellegrin-sindaco-di-Belluno_edited.jpg","contentUrl":"https:\/\/www.bellunopress.it\/wp-content\/uploads\/2022\/07\/Oscar-De-Pellegrin-sindaco-di-Belluno_edited.jpg","width":803,"height":1000,"caption":"Oscar De Pellegrin, sindaco di Belluno"},{"@type":"BreadcrumbList","@id":"https:\/\/www.bellunopress.it\/2023\/11\/18\/festa-degli-alberi-2023-questanno-la-tradizionale-giornata-sara-nel-ricordo-di-vaia\/#breadcrumb","itemListElement":[{"@type":"ListItem","position":1,"name":"Home","item":"https:\/\/www.bellunopress.it\/"},{"@type":"ListItem","position":2,"name":"Festa degli alberi 2023. Quest\u2019anno la tradizionale Giornata sar\u00e0 nel ricordo di Vaia"}]},{"@type":"WebSite","@id":"https:\/\/www.bellunopress.it\/#website","url":"https:\/\/www.bellunopress.it\/","name":"Bellunopress - Dolomiti","description":"e-mail: redazione@bellunopress.it","publisher":{"@id":"https:\/\/www.bellunopress.it\/#organization"},"potentialAction":[{"@type":"SearchAction","target":{"@type":"EntryPoint","urlTemplate":"https:\/\/www.bellunopress.it\/?s={search_term_string}"},"query-input":{"@type":"PropertyValueSpecification","valueRequired":true,"valueName":"search_term_string"}}],"inLanguage":"fr-FR"},{"@type":"Organization","@id":"https:\/\/www.bellunopress.it\/#organization","name":"Bellunopress","url":"https:\/\/www.bellunopress.it\/","logo":{"@type":"ImageObject","inLanguage":"fr-FR","@id":"https:\/\/www.bellunopress.it\/#\/schema\/logo\/image\/","url":"https:\/\/www.bellunopress.it\/wp-content\/uploads\/2011\/05\/cropped-logo-bellunopress-.jpg","contentUrl":"https:\/\/www.bellunopress.it\/wp-content\/uploads\/2011\/05\/cropped-logo-bellunopress-.jpg","width":512,"height":512,"caption":"Bellunopress"},"image":{"@id":"https:\/\/www.bellunopress.it\/#\/schema\/logo\/image\/"},"sameAs":["https:\/\/www.facebook.com\/profile.php?id=100008943462799","https:\/\/x.com\/bellunopress","https:\/\/www.linkedin.com\/hp\/?dnr=JBzUWaJfMUw8vbXJJ2tVW5-I3jZKvC4wsoxE&amp;amp;amp;amp;amp;amp;trk=nav_responsive_tab_home","https:\/\/www.youtube.com\/channel\/UCxL0wu1uN0_3_7hGG0306cw"]},{"@type":"Person","@id":"https:\/\/www.bellunopress.it\/#\/schema\/person\/79bb06722b37ece1c03d3e94beb30d73","name":"r\u00e9daction","image":{"@type":"ImageObject","inLanguage":"fr-FR","@id":"https:\/\/secure.gravatar.com\/avatar\/37d968a2e67a6fd04c169c4bdef102d0bc5d31b2546345219e348575eb80e9a0?s=96&d=mm&r=g","url":"https:\/\/secure.gravatar.com\/avatar\/37d968a2e67a6fd04c169c4bdef102d0bc5d31b2546345219e348575eb80e9a0?s=96&d=mm&r=g","contentUrl":"https:\/\/secure.gravatar.com\/avatar\/37d968a2e67a6fd04c169c4bdef102d0bc5d31b2546345219e348575eb80e9a0?s=96&d=mm&r=g","caption":"redazione"},"sameAs":["http:\/\/www.bellunopress.it","https:\/\/x.com\/bellunopress"],"url":"https:\/\/www.bellunopress.it\/fr\/author\/redazione\/"}]}},"_links":{"self":[{"href":"https:\/\/www.bellunopress.it\/fr\/wp-json\/wp\/v2\/posts\/146003","targetHints":{"allow":["GET"]}}],"collection":[{"href":"https:\/\/www.bellunopress.it\/fr\/wp-json\/wp\/v2\/posts"}],"about":[{"href":"https:\/\/www.bellunopress.it\/fr\/wp-json\/wp\/v2\/types\/post"}],"author":[{"embeddable":true,"href":"https:\/\/www.bellunopress.it\/fr\/wp-json\/wp\/v2\/users\/2"}],"replies":[{"embeddable":true,"href":"https:\/\/www.bellunopress.it\/fr\/wp-json\/wp\/v2\/comments?post=146003"}],"version-history":[{"count":1,"href":"https:\/\/www.bellunopress.it\/fr\/wp-json\/wp\/v2\/posts\/146003\/revisions"}],"predecessor-version":[{"id":146004,"href":"https:\/\/www.bellunopress.it\/fr\/wp-json\/wp\/v2\/posts\/146003\/revisions\/146004"}],"wp:featuredmedia":[{"embeddable":true,"href":"https:\/\/www.bellunopress.it\/fr\/wp-json\/wp\/v2\/media\/135245"}],"wp:attachment":[{"href":"https:\/\/www.bellunopress.it\/fr\/wp-json\/wp\/v2\/media?parent=146003"}],"wp:term":[{"taxonomy":"category","embeddable":true,"href":"https:\/\/www.bellunopress.it\/fr\/wp-json\/wp\/v2\/categories?post=146003"},{"taxonomy":"post_tag","embeddable":true,"href":"https:\/\/www.bellunopress.it\/fr\/wp-json\/wp\/v2\/tags?post=146003"}],"curies":[{"name":"wp","href":"https:\/\/api.w.org\/{rel}","templated":true}]}}