{"id":145996,"date":"2023-11-17T20:48:48","date_gmt":"2023-11-17T19:48:48","guid":{"rendered":"https:\/\/www.bellunopress.it\/?p=145996"},"modified":"2023-11-17T20:48:48","modified_gmt":"2023-11-17T19:48:48","slug":"lapp-viviveneto-ora-in-versione-2-0","status":"publish","type":"post","link":"https:\/\/www.bellunopress.it\/fr\/2023\/11\/17\/lapp-viviveneto-ora-in-versione-2-0\/","title":{"rendered":"L&#8217;app viviVeneto ora in versione 2.0"},"content":{"rendered":"<p><img loading=\"lazy\" decoding=\"async\" class=\"alignleft size-full wp-image-139529\" src=\"https:\/\/www.bellunopress.it\/wp-content\/uploads\/2023\/02\/viviveneto-app_edited.jpg\" alt=\"\" width=\"947\" height=\"458\" srcset=\"https:\/\/www.bellunopress.it\/wp-content\/uploads\/2023\/02\/viviveneto-app_edited.jpg 947w, https:\/\/www.bellunopress.it\/wp-content\/uploads\/2023\/02\/viviveneto-app_edited-500x242.jpg 500w, https:\/\/www.bellunopress.it\/wp-content\/uploads\/2023\/02\/viviveneto-app_edited-696x337.jpg 696w, https:\/\/www.bellunopress.it\/wp-content\/uploads\/2023\/02\/viviveneto-app_edited-868x420.jpg 868w\" sizes=\"auto, (max-width: 947px) 100vw, 947px\" \/>Venezia, 17 novembre 2023 &#8211; \u201cviviVeneto \u00e8 una super-App che nasce per aggregare servizi digitali esistenti e nuovi, al fine di semplificare la vita ai nostri cittadini. L\u2019abbiamo pensata come un progetto in continua evoluzione e oggi, dopo 9 mesi dal lancio, presentiamo la release 2.0.<\/p>\n<p>Da febbraio a oggi, l\u2019app viviVeneto \u00e8 stata scaricata da 170mila persone con oltre 2mila<br \/>\naccessi al giorno, raggiungendo anche picchi di 7mila: un successo che conferma<br \/>\nl\u2019importanza di essere sempre al passo con i tempi. Questa non \u00e8 una semplice App,<br \/>\nma \u00e8 la casa digitale dei veneti. viviVeneto si evolve e si arricchisce di servizi. Le<br \/>\nprincipali novit\u00e0 riguardano il tema salute, il tempo libero, le disabilit\u00e0, la ricerca del<br \/>\nlavoro e la gestione delle emergenze\u201d.<\/p>\n<p>Lo dice l\u2019assessore dell\u2019Agenda Digitale del Veneto, Francesco Calzavara,<br \/>\nannunciando la nuova release di viviVeneto, da lui pensata, per raccogliere tutti i<br \/>\nservizi pubblici digitali regionali in un\u2019unica app.<\/p>\n<p>La nuova release, realizzata in collaborazione con Engineering, azienda specializzata<br \/>\nnella digitalizzazione dei processi, che da diversi anni collabora con la Regione del<br \/>\nVeneto nel rendere i servizi ai cittadini sempre pi\u00f9 innovativi e accessibili, introduce<br \/>\nnuovi servizi. Nell\u2019area Amministrazione sono stati introdotti i \u201cBandi, Avvisi e<br \/>\nConcorsi\u201d e il \u201cFilo Diretto\u201d per segnalare problematiche ai Comuni; nell\u2019area<br \/>\nTurismo il nuovo servizio \u201cIntorno a te\u201d per esplorare i punti di interesse nelle<br \/>\nvicinanze.<\/p>\n<p>Da oggi c\u2019\u00e8 la nuova area LAVORO e nuove funzioni per aggiungere al<br \/>\ncalendario e ai preferiti, che migliorano la gestione e la fruizione dei servizi.<br \/>\nNell\u2019area sanit\u00e0 \u00e8 possibile trovare immediatamente il pronto soccorso pi\u00f9 vicino e<br \/>\nverificare l\u2019affluenza in tempo reale; per i cittadini celiaci \u00e8 possibile vedere il saldo<br \/>\ndisponibile e le transazioni effettuate, oltre a una mappa con le farmacie e i punti<br \/>\nvendita autorizzati per la vendita di prodotti senza glutine. Inoltre, \u00e8 possibile<br \/>\nscannerizzare i prodotti per verificare quelli erogabili gratuitamente. Le persone in<br \/>\npossesso del contrassegno con disabilit\u00e0 e residenti nei Comuni aderenti al circuito<br \/>\nregionale \u201czetatiellenetwork\u201d possono richiedere il rilascio, il rinnovo, il duplicato del<br \/>\nPass Blu e gestire le targhe associate per accedere alle aree ZTL dei comuni del<br \/>\nVeneto.<\/p>\n<p>&nbsp;<\/p>","protected":false},"excerpt":{"rendered":"<p>Venezia, 17 novembre 2023 &#8211; \u201cviviVeneto \u00e8 una super-App che nasce per aggregare servizi digitali esistenti e nuovi, al fine di semplificare la vita ai nostri cittadini. L\u2019abbiamo pensata come un progetto in continua evoluzione e oggi, dopo 9 mesi dal lancio, presentiamo la release 2.0. Da febbraio a oggi, l\u2019app viviVeneto \u00e8 stata scaricata [&hellip;]<\/p>\n","protected":false},"author":2,"featured_media":139529,"comment_status":"closed","ping_status":"open","sticky":false,"template":"","format":"standard","meta":{"footnotes":""},"categories":[8],"tags":[],"class_list":["post-145996","post","type-post","status-publish","format-standard","has-post-thumbnail","category-societa-istituzioni"],"yoast_head":"<!-- This site is optimized with the Yoast SEO plugin v28.4 - https:\/\/yoast.com\/product\/yoast-seo-wordpress\/ -->\n<title>L&#039;app viviVeneto ora in versione 2.0 - Bellunopress - Dolomiti<\/title>\n<meta name=\"robots\" content=\"index, follow, max-snippet:-1, max-image-preview:large, max-video-preview:-1\" \/>\n<link rel=\"canonical\" href=\"https:\/\/www.bellunopress.it\/fr\/2023\/11\/17\/lapp-viviveneto-ora-in-versione-2-0\/\" \/>\n<meta property=\"og:locale\" content=\"fr_FR\" \/>\n<meta property=\"og:type\" content=\"article\" \/>\n<meta property=\"og:title\" content=\"L&#039;app viviVeneto ora in versione 2.0 - Bellunopress - Dolomiti\" \/>\n<meta property=\"og:description\" content=\"Venezia, 17 novembre 2023 &#8211; \u201cviviVeneto \u00e8 una super-App che nasce per aggregare servizi digitali esistenti e nuovi, al fine di semplificare la vita ai nostri cittadini. L\u2019abbiamo pensata come un progetto in continua evoluzione e oggi, dopo 9 mesi dal lancio, presentiamo la release 2.0. Da febbraio a oggi, l\u2019app viviVeneto \u00e8 stata scaricata [&hellip;]\" \/>\n<meta property=\"og:url\" content=\"https:\/\/www.bellunopress.it\/fr\/2023\/11\/17\/lapp-viviveneto-ora-in-versione-2-0\/\" \/>\n<meta property=\"og:site_name\" content=\"Bellunopress - Dolomiti\" \/>\n<meta property=\"article:publisher\" content=\"https:\/\/www.facebook.com\/profile.php?id=100008943462799\" \/>\n<meta property=\"article:published_time\" content=\"2023-11-17T19:48:48+00:00\" \/>\n<meta property=\"og:image\" content=\"https:\/\/www.bellunopress.it\/wp-content\/uploads\/2023\/02\/viviveneto-app_edited.jpg\" \/>\n\t<meta property=\"og:image:width\" content=\"947\" \/>\n\t<meta property=\"og:image:height\" content=\"458\" \/>\n\t<meta property=\"og:image:type\" content=\"image\/jpeg\" \/>\n<meta name=\"author\" content=\"redazione\" \/>\n<meta name=\"twitter:card\" content=\"summary_large_image\" \/>\n<meta name=\"twitter:creator\" content=\"@bellunopress\" \/>\n<meta name=\"twitter:site\" content=\"@bellunopress\" \/>\n<meta name=\"twitter:label1\" content=\"Written by\" \/>\n\t<meta name=\"twitter:data1\" content=\"redazione\" \/>\n\t<meta name=\"twitter:label2\" content=\"Est. reading time\" \/>\n\t<meta name=\"twitter:data2\" content=\"2 minutes\" \/>\n<script type=\"application\/ld+json\" class=\"yoast-schema-graph\">{\"@context\":\"https:\\\/\\\/schema.org\",\"@graph\":[{\"@type\":\"Article\",\"@id\":\"https:\\\/\\\/www.bellunopress.it\\\/2023\\\/11\\\/17\\\/lapp-viviveneto-ora-in-versione-2-0\\\/#article\",\"isPartOf\":{\"@id\":\"https:\\\/\\\/www.bellunopress.it\\\/2023\\\/11\\\/17\\\/lapp-viviveneto-ora-in-versione-2-0\\\/\"},\"author\":{\"name\":\"redazione\",\"@id\":\"https:\\\/\\\/www.bellunopress.it\\\/#\\\/schema\\\/person\\\/79bb06722b37ece1c03d3e94beb30d73\"},\"headline\":\"L&#8217;app viviVeneto ora in versione 2.0\",\"datePublished\":\"2023-11-17T19:48:48+00:00\",\"mainEntityOfPage\":{\"@id\":\"https:\\\/\\\/www.bellunopress.it\\\/2023\\\/11\\\/17\\\/lapp-viviveneto-ora-in-versione-2-0\\\/\"},\"wordCount\":361,\"publisher\":{\"@id\":\"https:\\\/\\\/www.bellunopress.it\\\/#organization\"},\"image\":{\"@id\":\"https:\\\/\\\/www.bellunopress.it\\\/2023\\\/11\\\/17\\\/lapp-viviveneto-ora-in-versione-2-0\\\/#primaryimage\"},\"thumbnailUrl\":\"https:\\\/\\\/www.bellunopress.it\\\/wp-content\\\/uploads\\\/2023\\\/02\\\/viviveneto-app_edited.jpg\",\"articleSection\":[\"Societ\u00e0, Associazioni, Istituzioni\"],\"inLanguage\":\"fr-FR\"},{\"@type\":\"WebPage\",\"@id\":\"https:\\\/\\\/www.bellunopress.it\\\/2023\\\/11\\\/17\\\/lapp-viviveneto-ora-in-versione-2-0\\\/\",\"url\":\"https:\\\/\\\/www.bellunopress.it\\\/2023\\\/11\\\/17\\\/lapp-viviveneto-ora-in-versione-2-0\\\/\",\"name\":\"L'app viviVeneto ora in versione 2.0 - Bellunopress - Dolomiti\",\"isPartOf\":{\"@id\":\"https:\\\/\\\/www.bellunopress.it\\\/#website\"},\"primaryImageOfPage\":{\"@id\":\"https:\\\/\\\/www.bellunopress.it\\\/2023\\\/11\\\/17\\\/lapp-viviveneto-ora-in-versione-2-0\\\/#primaryimage\"},\"image\":{\"@id\":\"https:\\\/\\\/www.bellunopress.it\\\/2023\\\/11\\\/17\\\/lapp-viviveneto-ora-in-versione-2-0\\\/#primaryimage\"},\"thumbnailUrl\":\"https:\\\/\\\/www.bellunopress.it\\\/wp-content\\\/uploads\\\/2023\\\/02\\\/viviveneto-app_edited.jpg\",\"datePublished\":\"2023-11-17T19:48:48+00:00\",\"breadcrumb\":{\"@id\":\"https:\\\/\\\/www.bellunopress.it\\\/2023\\\/11\\\/17\\\/lapp-viviveneto-ora-in-versione-2-0\\\/#breadcrumb\"},\"inLanguage\":\"fr-FR\",\"potentialAction\":[{\"@type\":\"ReadAction\",\"target\":[\"https:\\\/\\\/www.bellunopress.it\\\/2023\\\/11\\\/17\\\/lapp-viviveneto-ora-in-versione-2-0\\\/\"]}]},{\"@type\":\"ImageObject\",\"inLanguage\":\"fr-FR\",\"@id\":\"https:\\\/\\\/www.bellunopress.it\\\/2023\\\/11\\\/17\\\/lapp-viviveneto-ora-in-versione-2-0\\\/#primaryimage\",\"url\":\"https:\\\/\\\/www.bellunopress.it\\\/wp-content\\\/uploads\\\/2023\\\/02\\\/viviveneto-app_edited.jpg\",\"contentUrl\":\"https:\\\/\\\/www.bellunopress.it\\\/wp-content\\\/uploads\\\/2023\\\/02\\\/viviveneto-app_edited.jpg\",\"width\":947,\"height\":458},{\"@type\":\"BreadcrumbList\",\"@id\":\"https:\\\/\\\/www.bellunopress.it\\\/2023\\\/11\\\/17\\\/lapp-viviveneto-ora-in-versione-2-0\\\/#breadcrumb\",\"itemListElement\":[{\"@type\":\"ListItem\",\"position\":1,\"name\":\"Home\",\"item\":\"https:\\\/\\\/www.bellunopress.it\\\/\"},{\"@type\":\"ListItem\",\"position\":2,\"name\":\"L&#8217;app viviVeneto ora in versione 2.0\"}]},{\"@type\":\"WebSite\",\"@id\":\"https:\\\/\\\/www.bellunopress.it\\\/#website\",\"url\":\"https:\\\/\\\/www.bellunopress.it\\\/\",\"name\":\"Bellunopress - Dolomiti\",\"description\":\"e-mail: redazione@bellunopress.it\",\"publisher\":{\"@id\":\"https:\\\/\\\/www.bellunopress.it\\\/#organization\"},\"potentialAction\":[{\"@type\":\"SearchAction\",\"target\":{\"@type\":\"EntryPoint\",\"urlTemplate\":\"https:\\\/\\\/www.bellunopress.it\\\/?s={search_term_string}\"},\"query-input\":{\"@type\":\"PropertyValueSpecification\",\"valueRequired\":true,\"valueName\":\"search_term_string\"}}],\"inLanguage\":\"fr-FR\"},{\"@type\":\"Organization\",\"@id\":\"https:\\\/\\\/www.bellunopress.it\\\/#organization\",\"name\":\"Bellunopress\",\"url\":\"https:\\\/\\\/www.bellunopress.it\\\/\",\"logo\":{\"@type\":\"ImageObject\",\"inLanguage\":\"fr-FR\",\"@id\":\"https:\\\/\\\/www.bellunopress.it\\\/#\\\/schema\\\/logo\\\/image\\\/\",\"url\":\"https:\\\/\\\/www.bellunopress.it\\\/wp-content\\\/uploads\\\/2011\\\/05\\\/cropped-logo-bellunopress-.jpg\",\"contentUrl\":\"https:\\\/\\\/www.bellunopress.it\\\/wp-content\\\/uploads\\\/2011\\\/05\\\/cropped-logo-bellunopress-.jpg\",\"width\":512,\"height\":512,\"caption\":\"Bellunopress\"},\"image\":{\"@id\":\"https:\\\/\\\/www.bellunopress.it\\\/#\\\/schema\\\/logo\\\/image\\\/\"},\"sameAs\":[\"https:\\\/\\\/www.facebook.com\\\/profile.php?id=100008943462799\",\"https:\\\/\\\/x.com\\\/bellunopress\",\"https:\\\/\\\/www.linkedin.com\\\/hp\\\/?dnr=JBzUWaJfMUw8vbXJJ2tVW5-I3jZKvC4wsoxE&amp;amp;amp;amp;amp;amp;trk=nav_responsive_tab_home\",\"https:\\\/\\\/www.youtube.com\\\/channel\\\/UCxL0wu1uN0_3_7hGG0306cw\"]},{\"@type\":\"Person\",\"@id\":\"https:\\\/\\\/www.bellunopress.it\\\/#\\\/schema\\\/person\\\/79bb06722b37ece1c03d3e94beb30d73\",\"name\":\"redazione\",\"image\":{\"@type\":\"ImageObject\",\"inLanguage\":\"fr-FR\",\"@id\":\"https:\\\/\\\/secure.gravatar.com\\\/avatar\\\/37d968a2e67a6fd04c169c4bdef102d0bc5d31b2546345219e348575eb80e9a0?s=96&d=mm&r=g\",\"url\":\"https:\\\/\\\/secure.gravatar.com\\\/avatar\\\/37d968a2e67a6fd04c169c4bdef102d0bc5d31b2546345219e348575eb80e9a0?s=96&d=mm&r=g\",\"contentUrl\":\"https:\\\/\\\/secure.gravatar.com\\\/avatar\\\/37d968a2e67a6fd04c169c4bdef102d0bc5d31b2546345219e348575eb80e9a0?s=96&d=mm&r=g\",\"caption\":\"redazione\"},\"sameAs\":[\"http:\\\/\\\/www.bellunopress.it\",\"https:\\\/\\\/x.com\\\/bellunopress\"],\"url\":\"https:\\\/\\\/www.bellunopress.it\\\/fr\\\/author\\\/redazione\\\/\"}]}<\/script>\n<!-- \/ Yoast SEO plugin. -->","yoast_head_json":{"title":"L'app viviVeneto ora in versione 2.0 - Bellunopress - Dolomiti","robots":{"index":"index","follow":"follow","max-snippet":"max-snippet:-1","max-image-preview":"max-image-preview:large","max-video-preview":"max-video-preview:-1"},"canonical":"https:\/\/www.bellunopress.it\/fr\/2023\/11\/17\/lapp-viviveneto-ora-in-versione-2-0\/","og_locale":"fr_FR","og_type":"article","og_title":"L'app viviVeneto ora in versione 2.0 - Bellunopress - Dolomiti","og_description":"Venezia, 17 novembre 2023 &#8211; \u201cviviVeneto \u00e8 una super-App che nasce per aggregare servizi digitali esistenti e nuovi, al fine di semplificare la vita ai nostri cittadini. L\u2019abbiamo pensata come un progetto in continua evoluzione e oggi, dopo 9 mesi dal lancio, presentiamo la release 2.0. Da febbraio a oggi, l\u2019app viviVeneto \u00e8 stata scaricata [&hellip;]","og_url":"https:\/\/www.bellunopress.it\/fr\/2023\/11\/17\/lapp-viviveneto-ora-in-versione-2-0\/","og_site_name":"Bellunopress - Dolomiti","article_publisher":"https:\/\/www.facebook.com\/profile.php?id=100008943462799","article_published_time":"2023-11-17T19:48:48+00:00","og_image":[{"width":947,"height":458,"url":"https:\/\/www.bellunopress.it\/wp-content\/uploads\/2023\/02\/viviveneto-app_edited.jpg","type":"image\/jpeg"}],"author":"redazione","twitter_card":"summary_large_image","twitter_creator":"@bellunopress","twitter_site":"@bellunopress","twitter_misc":{"Written by":"redazione","Est. reading time":"2 minutes"},"schema":{"@context":"https:\/\/schema.org","@graph":[{"@type":"Article","@id":"https:\/\/www.bellunopress.it\/2023\/11\/17\/lapp-viviveneto-ora-in-versione-2-0\/#article","isPartOf":{"@id":"https:\/\/www.bellunopress.it\/2023\/11\/17\/lapp-viviveneto-ora-in-versione-2-0\/"},"author":{"name":"redazione","@id":"https:\/\/www.bellunopress.it\/#\/schema\/person\/79bb06722b37ece1c03d3e94beb30d73"},"headline":"L&#8217;app viviVeneto ora in versione 2.0","datePublished":"2023-11-17T19:48:48+00:00","mainEntityOfPage":{"@id":"https:\/\/www.bellunopress.it\/2023\/11\/17\/lapp-viviveneto-ora-in-versione-2-0\/"},"wordCount":361,"publisher":{"@id":"https:\/\/www.bellunopress.it\/#organization"},"image":{"@id":"https:\/\/www.bellunopress.it\/2023\/11\/17\/lapp-viviveneto-ora-in-versione-2-0\/#primaryimage"},"thumbnailUrl":"https:\/\/www.bellunopress.it\/wp-content\/uploads\/2023\/02\/viviveneto-app_edited.jpg","articleSection":["Societ\u00e0, Associazioni, Istituzioni"],"inLanguage":"fr-FR"},{"@type":"WebPage","@id":"https:\/\/www.bellunopress.it\/2023\/11\/17\/lapp-viviveneto-ora-in-versione-2-0\/","url":"https:\/\/www.bellunopress.it\/2023\/11\/17\/lapp-viviveneto-ora-in-versione-2-0\/","name":"L'app viviVeneto ora in versione 2.0 - Bellunopress - Dolomiti","isPartOf":{"@id":"https:\/\/www.bellunopress.it\/#website"},"primaryImageOfPage":{"@id":"https:\/\/www.bellunopress.it\/2023\/11\/17\/lapp-viviveneto-ora-in-versione-2-0\/#primaryimage"},"image":{"@id":"https:\/\/www.bellunopress.it\/2023\/11\/17\/lapp-viviveneto-ora-in-versione-2-0\/#primaryimage"},"thumbnailUrl":"https:\/\/www.bellunopress.it\/wp-content\/uploads\/2023\/02\/viviveneto-app_edited.jpg","datePublished":"2023-11-17T19:48:48+00:00","breadcrumb":{"@id":"https:\/\/www.bellunopress.it\/2023\/11\/17\/lapp-viviveneto-ora-in-versione-2-0\/#breadcrumb"},"inLanguage":"fr-FR","potentialAction":[{"@type":"ReadAction","target":["https:\/\/www.bellunopress.it\/2023\/11\/17\/lapp-viviveneto-ora-in-versione-2-0\/"]}]},{"@type":"ImageObject","inLanguage":"fr-FR","@id":"https:\/\/www.bellunopress.it\/2023\/11\/17\/lapp-viviveneto-ora-in-versione-2-0\/#primaryimage","url":"https:\/\/www.bellunopress.it\/wp-content\/uploads\/2023\/02\/viviveneto-app_edited.jpg","contentUrl":"https:\/\/www.bellunopress.it\/wp-content\/uploads\/2023\/02\/viviveneto-app_edited.jpg","width":947,"height":458},{"@type":"BreadcrumbList","@id":"https:\/\/www.bellunopress.it\/2023\/11\/17\/lapp-viviveneto-ora-in-versione-2-0\/#breadcrumb","itemListElement":[{"@type":"ListItem","position":1,"name":"Home","item":"https:\/\/www.bellunopress.it\/"},{"@type":"ListItem","position":2,"name":"L&#8217;app viviVeneto ora in versione 2.0"}]},{"@type":"WebSite","@id":"https:\/\/www.bellunopress.it\/#website","url":"https:\/\/www.bellunopress.it\/","name":"Bellunopress - Dolomiti","description":"e-mail: redazione@bellunopress.it","publisher":{"@id":"https:\/\/www.bellunopress.it\/#organization"},"potentialAction":[{"@type":"SearchAction","target":{"@type":"EntryPoint","urlTemplate":"https:\/\/www.bellunopress.it\/?s={search_term_string}"},"query-input":{"@type":"PropertyValueSpecification","valueRequired":true,"valueName":"search_term_string"}}],"inLanguage":"fr-FR"},{"@type":"Organization","@id":"https:\/\/www.bellunopress.it\/#organization","name":"Bellunopress","url":"https:\/\/www.bellunopress.it\/","logo":{"@type":"ImageObject","inLanguage":"fr-FR","@id":"https:\/\/www.bellunopress.it\/#\/schema\/logo\/image\/","url":"https:\/\/www.bellunopress.it\/wp-content\/uploads\/2011\/05\/cropped-logo-bellunopress-.jpg","contentUrl":"https:\/\/www.bellunopress.it\/wp-content\/uploads\/2011\/05\/cropped-logo-bellunopress-.jpg","width":512,"height":512,"caption":"Bellunopress"},"image":{"@id":"https:\/\/www.bellunopress.it\/#\/schema\/logo\/image\/"},"sameAs":["https:\/\/www.facebook.com\/profile.php?id=100008943462799","https:\/\/x.com\/bellunopress","https:\/\/www.linkedin.com\/hp\/?dnr=JBzUWaJfMUw8vbXJJ2tVW5-I3jZKvC4wsoxE&amp;amp;amp;amp;amp;amp;trk=nav_responsive_tab_home","https:\/\/www.youtube.com\/channel\/UCxL0wu1uN0_3_7hGG0306cw"]},{"@type":"Person","@id":"https:\/\/www.bellunopress.it\/#\/schema\/person\/79bb06722b37ece1c03d3e94beb30d73","name":"r\u00e9daction","image":{"@type":"ImageObject","inLanguage":"fr-FR","@id":"https:\/\/secure.gravatar.com\/avatar\/37d968a2e67a6fd04c169c4bdef102d0bc5d31b2546345219e348575eb80e9a0?s=96&d=mm&r=g","url":"https:\/\/secure.gravatar.com\/avatar\/37d968a2e67a6fd04c169c4bdef102d0bc5d31b2546345219e348575eb80e9a0?s=96&d=mm&r=g","contentUrl":"https:\/\/secure.gravatar.com\/avatar\/37d968a2e67a6fd04c169c4bdef102d0bc5d31b2546345219e348575eb80e9a0?s=96&d=mm&r=g","caption":"redazione"},"sameAs":["http:\/\/www.bellunopress.it","https:\/\/x.com\/bellunopress"],"url":"https:\/\/www.bellunopress.it\/fr\/author\/redazione\/"}]}},"_links":{"self":[{"href":"https:\/\/www.bellunopress.it\/fr\/wp-json\/wp\/v2\/posts\/145996","targetHints":{"allow":["GET"]}}],"collection":[{"href":"https:\/\/www.bellunopress.it\/fr\/wp-json\/wp\/v2\/posts"}],"about":[{"href":"https:\/\/www.bellunopress.it\/fr\/wp-json\/wp\/v2\/types\/post"}],"author":[{"embeddable":true,"href":"https:\/\/www.bellunopress.it\/fr\/wp-json\/wp\/v2\/users\/2"}],"replies":[{"embeddable":true,"href":"https:\/\/www.bellunopress.it\/fr\/wp-json\/wp\/v2\/comments?post=145996"}],"version-history":[{"count":1,"href":"https:\/\/www.bellunopress.it\/fr\/wp-json\/wp\/v2\/posts\/145996\/revisions"}],"predecessor-version":[{"id":145997,"href":"https:\/\/www.bellunopress.it\/fr\/wp-json\/wp\/v2\/posts\/145996\/revisions\/145997"}],"wp:featuredmedia":[{"embeddable":true,"href":"https:\/\/www.bellunopress.it\/fr\/wp-json\/wp\/v2\/media\/139529"}],"wp:attachment":[{"href":"https:\/\/www.bellunopress.it\/fr\/wp-json\/wp\/v2\/media?parent=145996"}],"wp:term":[{"taxonomy":"category","embeddable":true,"href":"https:\/\/www.bellunopress.it\/fr\/wp-json\/wp\/v2\/categories?post=145996"},{"taxonomy":"post_tag","embeddable":true,"href":"https:\/\/www.bellunopress.it\/fr\/wp-json\/wp\/v2\/tags?post=145996"}],"curies":[{"name":"wp","href":"https:\/\/api.w.org\/{rel}","templated":true}]}}