{"id":145986,"date":"2023-11-17T12:51:26","date_gmt":"2023-11-17T11:51:26","guid":{"rendered":"https:\/\/www.bellunopress.it\/?p=145986"},"modified":"2023-11-17T12:51:26","modified_gmt":"2023-11-17T11:51:26","slug":"we-love-nevegal-porta-il-primo-investitore-sul-colle-acquistata-lex-stazione-della-seggiovia","status":"publish","type":"post","link":"https:\/\/www.bellunopress.it\/fr\/2023\/11\/17\/we-love-nevegal-porta-il-primo-investitore-sul-colle-acquistata-lex-stazione-della-seggiovia\/","title":{"rendered":"\u201cWe Love Nevegal\u201d porta il primo investitore sul Colle: acquistata l\u2019ex stazione della seggiovia"},"content":{"rendered":"<p><img loading=\"lazy\" decoding=\"async\" class=\"alignleft size-full wp-image-145987\" src=\"https:\/\/www.bellunopress.it\/wp-content\/uploads\/2023\/11\/Foto-ex-Seggiovia-We-Love-Nevegal_edited.jpg\" alt=\"\" width=\"1000\" height=\"623\" srcset=\"https:\/\/www.bellunopress.it\/wp-content\/uploads\/2023\/11\/Foto-ex-Seggiovia-We-Love-Nevegal_edited.jpg 1000w, https:\/\/www.bellunopress.it\/wp-content\/uploads\/2023\/11\/Foto-ex-Seggiovia-We-Love-Nevegal_edited-500x312.jpg 500w, https:\/\/www.bellunopress.it\/wp-content\/uploads\/2023\/11\/Foto-ex-Seggiovia-We-Love-Nevegal_edited-696x434.jpg 696w\" sizes=\"auto, (max-width: 1000px) 100vw, 1000px\" \/>L\u2019ex stazione di partenza della seggiovia Col di Gou-Monte Faverghera, edificio fatiscente e chiuso da un trentennio, ora ha un nuovo proprietario e presto diverr\u00e0 un bar ristorante con meravigliosa vista sulla Valbelluna.<\/p>\n<p>Ad annunciarlo \u00e8 We Love Nevegal, il progetto delle associazioni del Colle, regista dell\u2019operazione grazie al lavoro dei consulenti Uoffy Italia.<\/p>\n<p>L\u2019investitore \u00e8 la societ\u00e0 di Praga di un imprenditore italiano, attivo da anni nel settore moda, con ristoranti e alberghi di tendenza in Repubblica Ceca e Italia.<br \/>\nLa nuova era di quest\u2019immobile cos\u00ec carico di storia (la seggiovia del Nevegal ha aperto nel 1955) \u00e8 stata sancita mercoled\u00ec 15 novembre, con atto formalizzato presso un noto studio notarile di Belluno.<\/p>\n<p>\u201cCi teniamo a preservare l\u2019aspetto storico dell\u2019edificio e stiamo studiando con i nostri architetti le soluzioni migliori\u201d afferma l\u2019amministratore della societ\u00e0 proprietaria, che aggiunge: \u201cdesideriamo fare un locale &#8216;cool&#8217;, che si differenzi dall\u2019offerta attuale del territorio, sia in termini di cucina che di \u201cexperience\u201d, dove la musica far\u00e0 da trait d&#8217;union attirando anche un pubblico giovane. Crediamo che la posizione del Nevegal, unita al progetto di sviluppo We Love Nevegal, potr\u00e0 permettere al nostro locale di attirare una clientela senza confini geografici, in un territorio che ha tutte le potenzialit\u00e0 per tornare ad essere protagonista del turismo di montagna\u201d.<\/p>\n<figure id=\"attachment_125504\" aria-describedby=\"caption-attachment-125504\" style=\"width: 653px\" class=\"wp-caption alignleft\"><img loading=\"lazy\" decoding=\"async\" class=\"size-full wp-image-125504\" src=\"https:\/\/www.bellunopress.it\/wp-content\/uploads\/2021\/06\/Daniele-Ciani_edited.jpg\" alt=\"\" width=\"653\" height=\"800\" srcset=\"https:\/\/www.bellunopress.it\/wp-content\/uploads\/2021\/06\/Daniele-Ciani_edited.jpg 653w, https:\/\/www.bellunopress.it\/wp-content\/uploads\/2021\/06\/Daniele-Ciani_edited-408x500.jpg 408w, https:\/\/www.bellunopress.it\/wp-content\/uploads\/2021\/06\/Daniele-Ciani_edited-343x420.jpg 343w\" sizes=\"auto, (max-width: 653px) 100vw, 653px\" \/><figcaption id=\"caption-attachment-125504\" class=\"wp-caption-text\">Daniele Ciani<\/figcaption><\/figure>\n<p>Commenta Daniele Ciani, Presidente di Associazione Proprietari Nevegal, una delle associazioni che han dato vita a We Love Nevegal: \u201cDa troppi anni quell\u2019edificio dismesso deturpa il paesaggio, rappresentando un segno della sua decadenza: per questo siamo contenti di farne il simbolo del suo rilancio. Il recupero dello stabile era uno degli obiettivi della nostra Associazione e ora, grazie all\u2019investitore e a Uoffy Italia, lo abbiamo potuto realizzare. Abbiamo visto nel socio di maggioranza e amministratore un imprenditore con grande visione e idee chiare su cosa fare di quell\u2019immobile. Sono sicuro che chi ama il Nevegal non potr\u00e0 non entusiasmarsi nel leggere questa notizia e sono orgoglioso che quest\u2019occasione sia arrivata anche grazie al nostro progetto\u201d.<\/p>\n<p>&nbsp;<\/p>","protected":false},"excerpt":{"rendered":"<p>L\u2019ex stazione di partenza della seggiovia Col di Gou-Monte Faverghera, edificio fatiscente e chiuso da un trentennio, ora ha un nuovo proprietario e presto diverr\u00e0 un bar ristorante con meravigliosa vista sulla Valbelluna. Ad annunciarlo \u00e8 We Love Nevegal, il progetto delle associazioni del Colle, regista dell\u2019operazione grazie al lavoro dei consulenti Uoffy Italia. L\u2019investitore [&hellip;]<\/p>\n","protected":false},"author":2,"featured_media":145987,"comment_status":"closed","ping_status":"open","sticky":false,"template":"","format":"standard","meta":{"footnotes":""},"categories":[5,36,26],"tags":[],"class_list":["post-145986","post","type-post","status-publish","format-standard","has-post-thumbnail","category-cronaca","category-lavoro-economia","category-prima-pagina"],"yoast_head":"<!-- This site is optimized with the Yoast SEO plugin v28.4 - https:\/\/yoast.com\/product\/yoast-seo-wordpress\/ -->\n<title>\u201cWe Love Nevegal\u201d porta il primo investitore sul Colle: acquistata l\u2019ex stazione della seggiovia - Bellunopress - Dolomiti<\/title>\n<meta name=\"robots\" content=\"index, follow, max-snippet:-1, max-image-preview:large, max-video-preview:-1\" \/>\n<link rel=\"canonical\" href=\"https:\/\/www.bellunopress.it\/fr\/2023\/11\/17\/we-love-nevegal-porta-il-primo-investitore-sul-colle-acquistata-lex-stazione-della-seggiovia\/\" \/>\n<meta property=\"og:locale\" content=\"fr_FR\" \/>\n<meta property=\"og:type\" content=\"article\" \/>\n<meta property=\"og:title\" content=\"\u201cWe Love Nevegal\u201d porta il primo investitore sul Colle: acquistata l\u2019ex stazione della seggiovia - Bellunopress - Dolomiti\" \/>\n<meta property=\"og:description\" content=\"L\u2019ex stazione di partenza della seggiovia Col di Gou-Monte Faverghera, edificio fatiscente e chiuso da un trentennio, ora ha un nuovo proprietario e presto diverr\u00e0 un bar ristorante con meravigliosa vista sulla Valbelluna. Ad annunciarlo \u00e8 We Love Nevegal, il progetto delle associazioni del Colle, regista dell\u2019operazione grazie al lavoro dei consulenti Uoffy Italia. L\u2019investitore [&hellip;]\" \/>\n<meta property=\"og:url\" content=\"https:\/\/www.bellunopress.it\/fr\/2023\/11\/17\/we-love-nevegal-porta-il-primo-investitore-sul-colle-acquistata-lex-stazione-della-seggiovia\/\" \/>\n<meta property=\"og:site_name\" content=\"Bellunopress - Dolomiti\" \/>\n<meta property=\"article:publisher\" content=\"https:\/\/www.facebook.com\/profile.php?id=100008943462799\" \/>\n<meta property=\"article:published_time\" content=\"2023-11-17T11:51:26+00:00\" \/>\n<meta property=\"og:image\" content=\"https:\/\/www.bellunopress.it\/wp-content\/uploads\/2023\/11\/Foto-ex-Seggiovia-We-Love-Nevegal_edited.jpg\" \/>\n\t<meta property=\"og:image:width\" content=\"1000\" \/>\n\t<meta property=\"og:image:height\" content=\"623\" \/>\n\t<meta property=\"og:image:type\" content=\"image\/jpeg\" \/>\n<meta name=\"author\" content=\"redazione\" \/>\n<meta name=\"twitter:card\" content=\"summary_large_image\" \/>\n<meta name=\"twitter:creator\" content=\"@bellunopress\" \/>\n<meta name=\"twitter:site\" content=\"@bellunopress\" \/>\n<meta name=\"twitter:label1\" content=\"Written by\" \/>\n\t<meta name=\"twitter:data1\" content=\"redazione\" \/>\n\t<meta name=\"twitter:label2\" content=\"Est. reading time\" \/>\n\t<meta name=\"twitter:data2\" content=\"2 minutes\" \/>\n<script type=\"application\/ld+json\" class=\"yoast-schema-graph\">{\"@context\":\"https:\\\/\\\/schema.org\",\"@graph\":[{\"@type\":\"Article\",\"@id\":\"https:\\\/\\\/www.bellunopress.it\\\/2023\\\/11\\\/17\\\/we-love-nevegal-porta-il-primo-investitore-sul-colle-acquistata-lex-stazione-della-seggiovia\\\/#article\",\"isPartOf\":{\"@id\":\"https:\\\/\\\/www.bellunopress.it\\\/2023\\\/11\\\/17\\\/we-love-nevegal-porta-il-primo-investitore-sul-colle-acquistata-lex-stazione-della-seggiovia\\\/\"},\"author\":{\"name\":\"redazione\",\"@id\":\"https:\\\/\\\/www.bellunopress.it\\\/#\\\/schema\\\/person\\\/79bb06722b37ece1c03d3e94beb30d73\"},\"headline\":\"\u201cWe Love Nevegal\u201d porta il primo investitore sul Colle: acquistata l\u2019ex stazione della seggiovia\",\"datePublished\":\"2023-11-17T11:51:26+00:00\",\"mainEntityOfPage\":{\"@id\":\"https:\\\/\\\/www.bellunopress.it\\\/2023\\\/11\\\/17\\\/we-love-nevegal-porta-il-primo-investitore-sul-colle-acquistata-lex-stazione-della-seggiovia\\\/\"},\"wordCount\":361,\"publisher\":{\"@id\":\"https:\\\/\\\/www.bellunopress.it\\\/#organization\"},\"image\":{\"@id\":\"https:\\\/\\\/www.bellunopress.it\\\/2023\\\/11\\\/17\\\/we-love-nevegal-porta-il-primo-investitore-sul-colle-acquistata-lex-stazione-della-seggiovia\\\/#primaryimage\"},\"thumbnailUrl\":\"https:\\\/\\\/www.bellunopress.it\\\/wp-content\\\/uploads\\\/2023\\\/11\\\/Foto-ex-Seggiovia-We-Love-Nevegal_edited.jpg\",\"articleSection\":[\"Cronaca\\\/Politica\",\"Lavoro, Economia, Turismo\",\"Prima Pagina\"],\"inLanguage\":\"fr-FR\"},{\"@type\":\"WebPage\",\"@id\":\"https:\\\/\\\/www.bellunopress.it\\\/2023\\\/11\\\/17\\\/we-love-nevegal-porta-il-primo-investitore-sul-colle-acquistata-lex-stazione-della-seggiovia\\\/\",\"url\":\"https:\\\/\\\/www.bellunopress.it\\\/2023\\\/11\\\/17\\\/we-love-nevegal-porta-il-primo-investitore-sul-colle-acquistata-lex-stazione-della-seggiovia\\\/\",\"name\":\"\u201cWe Love Nevegal\u201d porta il primo investitore sul Colle: acquistata l\u2019ex stazione della seggiovia - Bellunopress - Dolomiti\",\"isPartOf\":{\"@id\":\"https:\\\/\\\/www.bellunopress.it\\\/#website\"},\"primaryImageOfPage\":{\"@id\":\"https:\\\/\\\/www.bellunopress.it\\\/2023\\\/11\\\/17\\\/we-love-nevegal-porta-il-primo-investitore-sul-colle-acquistata-lex-stazione-della-seggiovia\\\/#primaryimage\"},\"image\":{\"@id\":\"https:\\\/\\\/www.bellunopress.it\\\/2023\\\/11\\\/17\\\/we-love-nevegal-porta-il-primo-investitore-sul-colle-acquistata-lex-stazione-della-seggiovia\\\/#primaryimage\"},\"thumbnailUrl\":\"https:\\\/\\\/www.bellunopress.it\\\/wp-content\\\/uploads\\\/2023\\\/11\\\/Foto-ex-Seggiovia-We-Love-Nevegal_edited.jpg\",\"datePublished\":\"2023-11-17T11:51:26+00:00\",\"breadcrumb\":{\"@id\":\"https:\\\/\\\/www.bellunopress.it\\\/2023\\\/11\\\/17\\\/we-love-nevegal-porta-il-primo-investitore-sul-colle-acquistata-lex-stazione-della-seggiovia\\\/#breadcrumb\"},\"inLanguage\":\"fr-FR\",\"potentialAction\":[{\"@type\":\"ReadAction\",\"target\":[\"https:\\\/\\\/www.bellunopress.it\\\/2023\\\/11\\\/17\\\/we-love-nevegal-porta-il-primo-investitore-sul-colle-acquistata-lex-stazione-della-seggiovia\\\/\"]}]},{\"@type\":\"ImageObject\",\"inLanguage\":\"fr-FR\",\"@id\":\"https:\\\/\\\/www.bellunopress.it\\\/2023\\\/11\\\/17\\\/we-love-nevegal-porta-il-primo-investitore-sul-colle-acquistata-lex-stazione-della-seggiovia\\\/#primaryimage\",\"url\":\"https:\\\/\\\/www.bellunopress.it\\\/wp-content\\\/uploads\\\/2023\\\/11\\\/Foto-ex-Seggiovia-We-Love-Nevegal_edited.jpg\",\"contentUrl\":\"https:\\\/\\\/www.bellunopress.it\\\/wp-content\\\/uploads\\\/2023\\\/11\\\/Foto-ex-Seggiovia-We-Love-Nevegal_edited.jpg\",\"width\":1000,\"height\":623},{\"@type\":\"BreadcrumbList\",\"@id\":\"https:\\\/\\\/www.bellunopress.it\\\/2023\\\/11\\\/17\\\/we-love-nevegal-porta-il-primo-investitore-sul-colle-acquistata-lex-stazione-della-seggiovia\\\/#breadcrumb\",\"itemListElement\":[{\"@type\":\"ListItem\",\"position\":1,\"name\":\"Home\",\"item\":\"https:\\\/\\\/www.bellunopress.it\\\/\"},{\"@type\":\"ListItem\",\"position\":2,\"name\":\"\u201cWe Love Nevegal\u201d porta il primo investitore sul Colle: acquistata l\u2019ex stazione della seggiovia\"}]},{\"@type\":\"WebSite\",\"@id\":\"https:\\\/\\\/www.bellunopress.it\\\/#website\",\"url\":\"https:\\\/\\\/www.bellunopress.it\\\/\",\"name\":\"Bellunopress - Dolomiti\",\"description\":\"e-mail: redazione@bellunopress.it\",\"publisher\":{\"@id\":\"https:\\\/\\\/www.bellunopress.it\\\/#organization\"},\"potentialAction\":[{\"@type\":\"SearchAction\",\"target\":{\"@type\":\"EntryPoint\",\"urlTemplate\":\"https:\\\/\\\/www.bellunopress.it\\\/?s={search_term_string}\"},\"query-input\":{\"@type\":\"PropertyValueSpecification\",\"valueRequired\":true,\"valueName\":\"search_term_string\"}}],\"inLanguage\":\"fr-FR\"},{\"@type\":\"Organization\",\"@id\":\"https:\\\/\\\/www.bellunopress.it\\\/#organization\",\"name\":\"Bellunopress\",\"url\":\"https:\\\/\\\/www.bellunopress.it\\\/\",\"logo\":{\"@type\":\"ImageObject\",\"inLanguage\":\"fr-FR\",\"@id\":\"https:\\\/\\\/www.bellunopress.it\\\/#\\\/schema\\\/logo\\\/image\\\/\",\"url\":\"https:\\\/\\\/www.bellunopress.it\\\/wp-content\\\/uploads\\\/2011\\\/05\\\/cropped-logo-bellunopress-.jpg\",\"contentUrl\":\"https:\\\/\\\/www.bellunopress.it\\\/wp-content\\\/uploads\\\/2011\\\/05\\\/cropped-logo-bellunopress-.jpg\",\"width\":512,\"height\":512,\"caption\":\"Bellunopress\"},\"image\":{\"@id\":\"https:\\\/\\\/www.bellunopress.it\\\/#\\\/schema\\\/logo\\\/image\\\/\"},\"sameAs\":[\"https:\\\/\\\/www.facebook.com\\\/profile.php?id=100008943462799\",\"https:\\\/\\\/x.com\\\/bellunopress\",\"https:\\\/\\\/www.linkedin.com\\\/hp\\\/?dnr=JBzUWaJfMUw8vbXJJ2tVW5-I3jZKvC4wsoxE&amp;amp;amp;amp;amp;amp;trk=nav_responsive_tab_home\",\"https:\\\/\\\/www.youtube.com\\\/channel\\\/UCxL0wu1uN0_3_7hGG0306cw\"]},{\"@type\":\"Person\",\"@id\":\"https:\\\/\\\/www.bellunopress.it\\\/#\\\/schema\\\/person\\\/79bb06722b37ece1c03d3e94beb30d73\",\"name\":\"redazione\",\"image\":{\"@type\":\"ImageObject\",\"inLanguage\":\"fr-FR\",\"@id\":\"https:\\\/\\\/secure.gravatar.com\\\/avatar\\\/37d968a2e67a6fd04c169c4bdef102d0bc5d31b2546345219e348575eb80e9a0?s=96&d=mm&r=g\",\"url\":\"https:\\\/\\\/secure.gravatar.com\\\/avatar\\\/37d968a2e67a6fd04c169c4bdef102d0bc5d31b2546345219e348575eb80e9a0?s=96&d=mm&r=g\",\"contentUrl\":\"https:\\\/\\\/secure.gravatar.com\\\/avatar\\\/37d968a2e67a6fd04c169c4bdef102d0bc5d31b2546345219e348575eb80e9a0?s=96&d=mm&r=g\",\"caption\":\"redazione\"},\"sameAs\":[\"http:\\\/\\\/www.bellunopress.it\",\"https:\\\/\\\/x.com\\\/bellunopress\"],\"url\":\"https:\\\/\\\/www.bellunopress.it\\\/fr\\\/author\\\/redazione\\\/\"}]}<\/script>\n<!-- \/ Yoast SEO plugin. -->","yoast_head_json":{"title":"\u201cWe Love Nevegal\u201d porta il primo investitore sul Colle: acquistata l\u2019ex stazione della seggiovia - Bellunopress - Dolomiti","robots":{"index":"index","follow":"follow","max-snippet":"max-snippet:-1","max-image-preview":"max-image-preview:large","max-video-preview":"max-video-preview:-1"},"canonical":"https:\/\/www.bellunopress.it\/fr\/2023\/11\/17\/we-love-nevegal-porta-il-primo-investitore-sul-colle-acquistata-lex-stazione-della-seggiovia\/","og_locale":"fr_FR","og_type":"article","og_title":"\u201cWe Love Nevegal\u201d porta il primo investitore sul Colle: acquistata l\u2019ex stazione della seggiovia - Bellunopress - Dolomiti","og_description":"L\u2019ex stazione di partenza della seggiovia Col di Gou-Monte Faverghera, edificio fatiscente e chiuso da un trentennio, ora ha un nuovo proprietario e presto diverr\u00e0 un bar ristorante con meravigliosa vista sulla Valbelluna. Ad annunciarlo \u00e8 We Love Nevegal, il progetto delle associazioni del Colle, regista dell\u2019operazione grazie al lavoro dei consulenti Uoffy Italia. L\u2019investitore [&hellip;]","og_url":"https:\/\/www.bellunopress.it\/fr\/2023\/11\/17\/we-love-nevegal-porta-il-primo-investitore-sul-colle-acquistata-lex-stazione-della-seggiovia\/","og_site_name":"Bellunopress - Dolomiti","article_publisher":"https:\/\/www.facebook.com\/profile.php?id=100008943462799","article_published_time":"2023-11-17T11:51:26+00:00","og_image":[{"width":1000,"height":623,"url":"https:\/\/www.bellunopress.it\/wp-content\/uploads\/2023\/11\/Foto-ex-Seggiovia-We-Love-Nevegal_edited.jpg","type":"image\/jpeg"}],"author":"redazione","twitter_card":"summary_large_image","twitter_creator":"@bellunopress","twitter_site":"@bellunopress","twitter_misc":{"Written by":"redazione","Est. reading time":"2 minutes"},"schema":{"@context":"https:\/\/schema.org","@graph":[{"@type":"Article","@id":"https:\/\/www.bellunopress.it\/2023\/11\/17\/we-love-nevegal-porta-il-primo-investitore-sul-colle-acquistata-lex-stazione-della-seggiovia\/#article","isPartOf":{"@id":"https:\/\/www.bellunopress.it\/2023\/11\/17\/we-love-nevegal-porta-il-primo-investitore-sul-colle-acquistata-lex-stazione-della-seggiovia\/"},"author":{"name":"redazione","@id":"https:\/\/www.bellunopress.it\/#\/schema\/person\/79bb06722b37ece1c03d3e94beb30d73"},"headline":"\u201cWe Love Nevegal\u201d porta il primo investitore sul Colle: acquistata l\u2019ex stazione della seggiovia","datePublished":"2023-11-17T11:51:26+00:00","mainEntityOfPage":{"@id":"https:\/\/www.bellunopress.it\/2023\/11\/17\/we-love-nevegal-porta-il-primo-investitore-sul-colle-acquistata-lex-stazione-della-seggiovia\/"},"wordCount":361,"publisher":{"@id":"https:\/\/www.bellunopress.it\/#organization"},"image":{"@id":"https:\/\/www.bellunopress.it\/2023\/11\/17\/we-love-nevegal-porta-il-primo-investitore-sul-colle-acquistata-lex-stazione-della-seggiovia\/#primaryimage"},"thumbnailUrl":"https:\/\/www.bellunopress.it\/wp-content\/uploads\/2023\/11\/Foto-ex-Seggiovia-We-Love-Nevegal_edited.jpg","articleSection":["Cronaca\/Politica","Lavoro, Economia, Turismo","Prima Pagina"],"inLanguage":"fr-FR"},{"@type":"WebPage","@id":"https:\/\/www.bellunopress.it\/2023\/11\/17\/we-love-nevegal-porta-il-primo-investitore-sul-colle-acquistata-lex-stazione-della-seggiovia\/","url":"https:\/\/www.bellunopress.it\/2023\/11\/17\/we-love-nevegal-porta-il-primo-investitore-sul-colle-acquistata-lex-stazione-della-seggiovia\/","name":"\u201cWe Love Nevegal\u201d porta il primo investitore sul Colle: acquistata l\u2019ex stazione della seggiovia - Bellunopress - Dolomiti","isPartOf":{"@id":"https:\/\/www.bellunopress.it\/#website"},"primaryImageOfPage":{"@id":"https:\/\/www.bellunopress.it\/2023\/11\/17\/we-love-nevegal-porta-il-primo-investitore-sul-colle-acquistata-lex-stazione-della-seggiovia\/#primaryimage"},"image":{"@id":"https:\/\/www.bellunopress.it\/2023\/11\/17\/we-love-nevegal-porta-il-primo-investitore-sul-colle-acquistata-lex-stazione-della-seggiovia\/#primaryimage"},"thumbnailUrl":"https:\/\/www.bellunopress.it\/wp-content\/uploads\/2023\/11\/Foto-ex-Seggiovia-We-Love-Nevegal_edited.jpg","datePublished":"2023-11-17T11:51:26+00:00","breadcrumb":{"@id":"https:\/\/www.bellunopress.it\/2023\/11\/17\/we-love-nevegal-porta-il-primo-investitore-sul-colle-acquistata-lex-stazione-della-seggiovia\/#breadcrumb"},"inLanguage":"fr-FR","potentialAction":[{"@type":"ReadAction","target":["https:\/\/www.bellunopress.it\/2023\/11\/17\/we-love-nevegal-porta-il-primo-investitore-sul-colle-acquistata-lex-stazione-della-seggiovia\/"]}]},{"@type":"ImageObject","inLanguage":"fr-FR","@id":"https:\/\/www.bellunopress.it\/2023\/11\/17\/we-love-nevegal-porta-il-primo-investitore-sul-colle-acquistata-lex-stazione-della-seggiovia\/#primaryimage","url":"https:\/\/www.bellunopress.it\/wp-content\/uploads\/2023\/11\/Foto-ex-Seggiovia-We-Love-Nevegal_edited.jpg","contentUrl":"https:\/\/www.bellunopress.it\/wp-content\/uploads\/2023\/11\/Foto-ex-Seggiovia-We-Love-Nevegal_edited.jpg","width":1000,"height":623},{"@type":"BreadcrumbList","@id":"https:\/\/www.bellunopress.it\/2023\/11\/17\/we-love-nevegal-porta-il-primo-investitore-sul-colle-acquistata-lex-stazione-della-seggiovia\/#breadcrumb","itemListElement":[{"@type":"ListItem","position":1,"name":"Home","item":"https:\/\/www.bellunopress.it\/"},{"@type":"ListItem","position":2,"name":"\u201cWe Love Nevegal\u201d porta il primo investitore sul Colle: acquistata l\u2019ex stazione della seggiovia"}]},{"@type":"WebSite","@id":"https:\/\/www.bellunopress.it\/#website","url":"https:\/\/www.bellunopress.it\/","name":"Bellunopress - Dolomiti","description":"e-mail: redazione@bellunopress.it","publisher":{"@id":"https:\/\/www.bellunopress.it\/#organization"},"potentialAction":[{"@type":"SearchAction","target":{"@type":"EntryPoint","urlTemplate":"https:\/\/www.bellunopress.it\/?s={search_term_string}"},"query-input":{"@type":"PropertyValueSpecification","valueRequired":true,"valueName":"search_term_string"}}],"inLanguage":"fr-FR"},{"@type":"Organization","@id":"https:\/\/www.bellunopress.it\/#organization","name":"Bellunopress","url":"https:\/\/www.bellunopress.it\/","logo":{"@type":"ImageObject","inLanguage":"fr-FR","@id":"https:\/\/www.bellunopress.it\/#\/schema\/logo\/image\/","url":"https:\/\/www.bellunopress.it\/wp-content\/uploads\/2011\/05\/cropped-logo-bellunopress-.jpg","contentUrl":"https:\/\/www.bellunopress.it\/wp-content\/uploads\/2011\/05\/cropped-logo-bellunopress-.jpg","width":512,"height":512,"caption":"Bellunopress"},"image":{"@id":"https:\/\/www.bellunopress.it\/#\/schema\/logo\/image\/"},"sameAs":["https:\/\/www.facebook.com\/profile.php?id=100008943462799","https:\/\/x.com\/bellunopress","https:\/\/www.linkedin.com\/hp\/?dnr=JBzUWaJfMUw8vbXJJ2tVW5-I3jZKvC4wsoxE&amp;amp;amp;amp;amp;amp;trk=nav_responsive_tab_home","https:\/\/www.youtube.com\/channel\/UCxL0wu1uN0_3_7hGG0306cw"]},{"@type":"Person","@id":"https:\/\/www.bellunopress.it\/#\/schema\/person\/79bb06722b37ece1c03d3e94beb30d73","name":"r\u00e9daction","image":{"@type":"ImageObject","inLanguage":"fr-FR","@id":"https:\/\/secure.gravatar.com\/avatar\/37d968a2e67a6fd04c169c4bdef102d0bc5d31b2546345219e348575eb80e9a0?s=96&d=mm&r=g","url":"https:\/\/secure.gravatar.com\/avatar\/37d968a2e67a6fd04c169c4bdef102d0bc5d31b2546345219e348575eb80e9a0?s=96&d=mm&r=g","contentUrl":"https:\/\/secure.gravatar.com\/avatar\/37d968a2e67a6fd04c169c4bdef102d0bc5d31b2546345219e348575eb80e9a0?s=96&d=mm&r=g","caption":"redazione"},"sameAs":["http:\/\/www.bellunopress.it","https:\/\/x.com\/bellunopress"],"url":"https:\/\/www.bellunopress.it\/fr\/author\/redazione\/"}]}},"_links":{"self":[{"href":"https:\/\/www.bellunopress.it\/fr\/wp-json\/wp\/v2\/posts\/145986","targetHints":{"allow":["GET"]}}],"collection":[{"href":"https:\/\/www.bellunopress.it\/fr\/wp-json\/wp\/v2\/posts"}],"about":[{"href":"https:\/\/www.bellunopress.it\/fr\/wp-json\/wp\/v2\/types\/post"}],"author":[{"embeddable":true,"href":"https:\/\/www.bellunopress.it\/fr\/wp-json\/wp\/v2\/users\/2"}],"replies":[{"embeddable":true,"href":"https:\/\/www.bellunopress.it\/fr\/wp-json\/wp\/v2\/comments?post=145986"}],"version-history":[{"count":1,"href":"https:\/\/www.bellunopress.it\/fr\/wp-json\/wp\/v2\/posts\/145986\/revisions"}],"predecessor-version":[{"id":145988,"href":"https:\/\/www.bellunopress.it\/fr\/wp-json\/wp\/v2\/posts\/145986\/revisions\/145988"}],"wp:featuredmedia":[{"embeddable":true,"href":"https:\/\/www.bellunopress.it\/fr\/wp-json\/wp\/v2\/media\/145987"}],"wp:attachment":[{"href":"https:\/\/www.bellunopress.it\/fr\/wp-json\/wp\/v2\/media?parent=145986"}],"wp:term":[{"taxonomy":"category","embeddable":true,"href":"https:\/\/www.bellunopress.it\/fr\/wp-json\/wp\/v2\/categories?post=145986"},{"taxonomy":"post_tag","embeddable":true,"href":"https:\/\/www.bellunopress.it\/fr\/wp-json\/wp\/v2\/tags?post=145986"}],"curies":[{"name":"wp","href":"https:\/\/api.w.org\/{rel}","templated":true}]}}