{"id":145982,"date":"2023-11-17T10:50:03","date_gmt":"2023-11-17T09:50:03","guid":{"rendered":"https:\/\/www.bellunopress.it\/?p=145982"},"modified":"2023-11-17T10:50:03","modified_gmt":"2023-11-17T09:50:03","slug":"cortina-ski-world-cup-il-26-gennaio-una-discesa-speciale","status":"publish","type":"post","link":"https:\/\/www.bellunopress.it\/fr\/2023\/11\/17\/cortina-ski-world-cup-il-26-gennaio-una-discesa-speciale\/","title":{"rendered":"Cortina Ski World Cup. Il 26 gennaio una discesa&#8230;speciale"},"content":{"rendered":"<figure id=\"attachment_145983\" aria-describedby=\"caption-attachment-145983\" style=\"width: 943px\" class=\"wp-caption alignleft\"><img loading=\"lazy\" decoding=\"async\" class=\"size-full wp-image-145983\" src=\"https:\/\/www.bellunopress.it\/wp-content\/uploads\/2023\/11\/CortinaSkiWorldCup-12dic1974_Anne-Marie-Moser-\u2013-Proll-vince-davanti-a-Cindy-Nelson-e-Wiltrud-Drexel_\u00a9Pentaphoto-2_edited.jpg\" alt=\"\" width=\"943\" height=\"1000\" srcset=\"https:\/\/www.bellunopress.it\/wp-content\/uploads\/2023\/11\/CortinaSkiWorldCup-12dic1974_Anne-Marie-Moser-\u2013-Proll-vince-davanti-a-Cindy-Nelson-e-Wiltrud-Drexel_\u00a9Pentaphoto-2_edited.jpg 943w, https:\/\/www.bellunopress.it\/wp-content\/uploads\/2023\/11\/CortinaSkiWorldCup-12dic1974_Anne-Marie-Moser-\u2013-Proll-vince-davanti-a-Cindy-Nelson-e-Wiltrud-Drexel_\u00a9Pentaphoto-2_edited-472x500.jpg 472w, https:\/\/www.bellunopress.it\/wp-content\/uploads\/2023\/11\/CortinaSkiWorldCup-12dic1974_Anne-Marie-Moser-\u2013-Proll-vince-davanti-a-Cindy-Nelson-e-Wiltrud-Drexel_\u00a9Pentaphoto-2_edited-696x738.jpg 696w\" sizes=\"auto, (max-width: 943px) 100vw, 943px\" \/><figcaption id=\"caption-attachment-145983\" class=\"wp-caption-text\">Cortina d&#8217;Ampezzo, Italia, dicembre 1976.<br \/>Da sinistra Elena Matous, Iran, seconda classificata, porta in trionfo la vincitrice, Marie Rose-Proell, (AUT), insieme con Brigitte Totschning-Habersatter (AUT). (Pentaphoto)<\/figcaption><\/figure>\n<p><em><strong>Tra poco pi\u00f9 di due mesi la centesima gara in Ampezzo della Coppa del mondo femminile. La prima volta fu il 12 dicembre del 1974 e a trionfare fu uno dei miti dello sci alpino, l\u2019austriaca Anne Marie Moser &#8211; Pr\u00f6ll<\/strong><\/em><\/p>\n<p>Cortina d\u2019Ampezzo, 17 novembre 2023 \u2013 Una discesa speciale. \u00c8 quella che sulla Olympia delle Tofane andr\u00e0 in scena il prossimo 26 gennaio, giornata di apertura del trittico di Cortina Ski World Cup, la Coppa del mondo femminile proposta da Fondazione Cortina. Sar\u00e0 speciale, la gara di venerd\u00ec 26 gennaio, oltre che per il fatto che si svolger\u00e0 su una delle piste pi\u00f9 iconiche del panorama dello sci mondiale e in uno degli scenari di maggior suggestione delle Dolomiti, anche perch\u00e9 sar\u00e0 la centesima gara della Coppa del Mondo femminile in Ampezzo. Un numero, 100, che testimonia dello strettissimo legame tra la Coppa del Mondo e Cortina.<\/p>\n<p>La prima assoluta della Coppa sulla Olympia fu in occasione della stagione agonistica 1974-1975. Era il 12 dicembre del 1974 e ai piedi delle Tofane si disput\u00f2 una discesa: a mettere in fila tutta la concorrenza fu non una qualunque ma una delle atlete di maggior spicco nella storia dello sci, Anne Marie Moser \u2013 Pr\u00f6ll, l\u2019austriaca che in carriera ha saputo conquistare un oro e due argenti olimpici, cinque ori, due argenti e due bronzi mondiali, sei coppe del mondo overall, sette coppe di discesa e tre coppe di gigante, sessanta due vittorie in Coppa. Numeri che, al pari della gara numero 100, impressionano.<br \/>\nAnne Marie Moser \u2013 Pr\u00f6ll sul gradino pi\u00f9 alto del podio di quella \u201cprima\u201d assoluta del 1974, dunque. Con la fuoriclasse di Kleinarl, su quel podio salirono la statunitense Cindy Nelson e un\u2019altra atleta austriaca, Wiltrud Drexel. In quel dicembre del 1974, il giorno successivo alla discesa si disput\u00f2 uno slalom, vinto dalla tedesca Rosi Mittermaier sulla francese Fabienne Serrat e su un\u2019altra atleta tedesca, Christa Zechmeister.<\/p>\n<p>L\u2019Olympia delle Tofane fu protagonista della Coppa del mondo femminile anche nelle due stagioni successive per poi tornare, dopo uno stop di quasi vent\u2019anni, nel 1993. Da quell\u2019anno si \u00e8 arrivati ininterrottamente (fatto salvo lo stop del 2020 causa Covid) ai giorni nostri. L\u2019ultima volta nel gennaio scorso, con tre giornate di gare e vittorie di Sofia Goggia (in discesa), della slovena Ilka \u0160tuhec (in discesa) e della norvegese Ragnhild Mowinkel (in superG).<\/p>\n<p>\u00abUna storia caratterizzata da grandi numeri e da grandi campionesse\u00bb sottolinea Stefano Longo, presidente di Fondazione Cortina. \u00abPer dare un\u2019idea di quello che \u00e8 stata e di quello che \u00e8 la Coppa del mondo di sci alpino a Cortina, bisogna inoltre ricordare, accanto alle 99 gare femminili di Coppa fin qui disputate, le gare dei Mondiali del 1932 e delle Olimpiadi del 1956 e, in anni pi\u00f9 recenti, le gare di Coppa del Mondo maschile e i Mondiali del 2021. Si tratta di eventi e numeri che testimoniano di una grandissima tradizione. Lo sci alpino e la Coppa del mondo sono un patrimonio importante per Cortina e per tutto il territorio bellunese e veneto, un patrimonio vivo, dinamico, fatto di persone, conoscenze, professionalit\u00e0 e passione. Per gli eventi del prossimo gennaio stiamo lavorando da tempo, determinati a far s\u00ec che, ancora una volta, l\u2019Olympia delle Tofane garantisca il massimo dello spettacolo della velocit\u00e0 femminile in linea di continuit\u00e0 con una storia di cui siamo orgogliosi\u00bb.<\/p>\n<p>Tanta parte, in questa storia, ha avuto Enrico Valle. Prima come giudice di gara, negli anni Settanta, poi a capo del Comitato permanente della Coppa del mondo, dal 1990 al 2018. \u00abA partire dai primi anni Novanta Cortina \u00e8 diventata un appuntamento fisso e di prestigio del calendario di Coppa del mondo, mi piace pensare che siamo diventati la Kitzb\u00fchel del circuito femminile\u00bb dice Valle. \u00abQuando siamo partiti, nei primissimi anni Novanta, avevamo una nazionale femminile fortissima ma mancavano delle gare in Italia. Cos\u00ec, ci siamo proposti e, senza badare a orari e fatica, abbiamo dato inizio a un\u2019avventura che \u00e8 cresciuta, si \u00e8 strutturata e che continua a essere un riferimento nel panorama dello sci. I colleghi che lavoravano in pista sono stati fenomenali, riuscendo a garantire condizioni di neve sempre perfette. La federazione internazionale ha apprezzato la nostra capacit\u00e0 organizzativa e la nostra disponibilit\u00e0 e ci ha sempre dato fiducia, tanto che quasi ad ogni stagione, fin da subito, ci ha affidato dei recuperi: nel 1993 le gare disputate furono ben sei, due discese, un superG, un gigante, uno slalom e una combinata. Il segreto: l\u2019amicizia e la passione, la capacit\u00e0 di non fermarsi davanti agli ostacoli, la voglia di sperimentare cose nuove\u00bb.<\/p>\n<p>Le gare di Cortina della Audi FIS Ski World Cup 2024 si svolgeranno da venerd\u00ec 26 a domenica 28 gennaio: venerd\u00ec 26 si disputer\u00e0 una discesa, sabato 27 un\u2019altra discesa, domenica 28 un superG.<br \/>\nIl ticketing per la tre giorni di Cortina Ski World Cup \u00e8 possibile gi\u00e0 da qualche giorno. Per esplorare le diverse possibilit\u00e0 di partecipazione (Parterre, Tribuna, Tofana Lounge e la novit\u00e0 Sparkling Corner) e acquistare i biglietti, tifosi e appassionati hanno a disposizione il sito www.cortinaskiworldcup.com.<\/p>\n<p>Fondazione Cortina \u00e8 l\u2019ente organizzatore dei grandi eventi sportivi della Regina delle Dolomiti, nonch\u00e9 braccio operativo regionale per le Olimpiadi e Paralimpiadi del 2026. Fondata da Regione Veneto, Provincia di Belluno e Comune di Cortina d\u2019Ampezzo, ha lo scopo di organizzare e promuovere attivit\u00e0, eventi e iniziative che possano inserirsi in una cornice complessiva di potenziamento e valorizzazione dell\u2019intera area veneta, in sinergia con le realt\u00e0 territoriali: Associazione Albergatori, Consorzio Impianti a Fune (Cortina Ski World) e Sci Club Cortina. A questo fine, Fondazione sviluppa collaborazioni strategiche e partnership con importanti aziende e consorzi privati, fungendo da vera e propria piattaforma di coinvolgimento. I partner interessati sono: Almaviva, Audi, Cortinabanca, Howden, Lavazza, Prosecco DOC, Umana, Acqua Dolomia, Arzan\u00e0, Atomic, Busforfun, Da Canal Trasporti e Logistica, DBA Group, Demaclenko, Dolomiti Strade, Formaggio Piave, Forst, La Cooperativa di Cortina, Leitner, Leonardo, Liski, My Venice, Parkforfun, Prinoth, PWC, Streetvox, VISA; con il supporto di: Appodia, Cilento, Energiapura ed Exclama.<br \/>\nScarica la cartella stampa di Fondazione Cortina<\/p>","protected":false},"excerpt":{"rendered":"<p>Tra poco pi\u00f9 di due mesi la centesima gara in Ampezzo della Coppa del mondo femminile. La prima volta fu il 12 dicembre del 1974 e a trionfare fu uno dei miti dello sci alpino, l\u2019austriaca Anne Marie Moser &#8211; Pr\u00f6ll Cortina d\u2019Ampezzo, 17 novembre 2023 \u2013 Una discesa speciale. \u00c8 quella che sulla Olympia [&hellip;]<\/p>\n","protected":false},"author":2,"featured_media":145983,"comment_status":"closed","ping_status":"open","sticky":false,"template":"","format":"standard","meta":{"footnotes":""},"categories":[26,4],"tags":[],"class_list":["post-145982","post","type-post","status-publish","format-standard","has-post-thumbnail","category-prima-pagina","category-sport"],"yoast_head":"<!-- This site is optimized with the Yoast SEO plugin v28.4 - https:\/\/yoast.com\/product\/yoast-seo-wordpress\/ -->\n<title>Cortina Ski World Cup. Il 26 gennaio una discesa...speciale - Bellunopress - Dolomiti<\/title>\n<meta name=\"robots\" content=\"index, follow, max-snippet:-1, max-image-preview:large, max-video-preview:-1\" \/>\n<link rel=\"canonical\" href=\"https:\/\/www.bellunopress.it\/fr\/2023\/11\/17\/cortina-ski-world-cup-il-26-gennaio-una-discesa-speciale\/\" \/>\n<meta property=\"og:locale\" content=\"fr_FR\" \/>\n<meta property=\"og:type\" content=\"article\" \/>\n<meta property=\"og:title\" content=\"Cortina Ski World Cup. Il 26 gennaio una discesa...speciale - Bellunopress - Dolomiti\" \/>\n<meta property=\"og:description\" content=\"Tra poco pi\u00f9 di due mesi la centesima gara in Ampezzo della Coppa del mondo femminile. La prima volta fu il 12 dicembre del 1974 e a trionfare fu uno dei miti dello sci alpino, l\u2019austriaca Anne Marie Moser &#8211; Pr\u00f6ll Cortina d\u2019Ampezzo, 17 novembre 2023 \u2013 Una discesa speciale. \u00c8 quella che sulla Olympia [&hellip;]\" \/>\n<meta property=\"og:url\" content=\"https:\/\/www.bellunopress.it\/fr\/2023\/11\/17\/cortina-ski-world-cup-il-26-gennaio-una-discesa-speciale\/\" \/>\n<meta property=\"og:site_name\" content=\"Bellunopress - Dolomiti\" \/>\n<meta property=\"article:publisher\" content=\"https:\/\/www.facebook.com\/profile.php?id=100008943462799\" \/>\n<meta property=\"article:published_time\" content=\"2023-11-17T09:50:03+00:00\" \/>\n<meta property=\"og:image\" content=\"https:\/\/www.bellunopress.it\/wp-content\/uploads\/2023\/11\/CortinaSkiWorldCup-12dic1974_Anne-Marie-Moser-\u2013-Proll-vince-davanti-a-Cindy-Nelson-e-Wiltrud-Drexel_\u00a9Pentaphoto-2_edited.jpg\" \/>\n\t<meta property=\"og:image:width\" content=\"943\" \/>\n\t<meta property=\"og:image:height\" content=\"1000\" \/>\n\t<meta property=\"og:image:type\" content=\"image\/jpeg\" \/>\n<meta name=\"author\" content=\"redazione\" \/>\n<meta name=\"twitter:card\" content=\"summary_large_image\" \/>\n<meta name=\"twitter:creator\" content=\"@bellunopress\" \/>\n<meta name=\"twitter:site\" content=\"@bellunopress\" \/>\n<meta name=\"twitter:label1\" content=\"\u00c9crit par\" \/>\n\t<meta name=\"twitter:data1\" content=\"redazione\" \/>\n\t<meta name=\"twitter:label2\" content=\"Dur\u00e9e de lecture estim\u00e9e\" \/>\n\t<meta name=\"twitter:data2\" content=\"5 minutes\" \/>\n<script type=\"application\/ld+json\" class=\"yoast-schema-graph\">{\"@context\":\"https:\\\/\\\/schema.org\",\"@graph\":[{\"@type\":\"Article\",\"@id\":\"https:\\\/\\\/www.bellunopress.it\\\/2023\\\/11\\\/17\\\/cortina-ski-world-cup-il-26-gennaio-una-discesa-speciale\\\/#article\",\"isPartOf\":{\"@id\":\"https:\\\/\\\/www.bellunopress.it\\\/2023\\\/11\\\/17\\\/cortina-ski-world-cup-il-26-gennaio-una-discesa-speciale\\\/\"},\"author\":{\"name\":\"redazione\",\"@id\":\"https:\\\/\\\/www.bellunopress.it\\\/#\\\/schema\\\/person\\\/79bb06722b37ece1c03d3e94beb30d73\"},\"headline\":\"Cortina Ski World Cup. Il 26 gennaio una discesa&#8230;speciale\",\"datePublished\":\"2023-11-17T09:50:03+00:00\",\"mainEntityOfPage\":{\"@id\":\"https:\\\/\\\/www.bellunopress.it\\\/2023\\\/11\\\/17\\\/cortina-ski-world-cup-il-26-gennaio-una-discesa-speciale\\\/\"},\"wordCount\":1031,\"publisher\":{\"@id\":\"https:\\\/\\\/www.bellunopress.it\\\/#organization\"},\"image\":{\"@id\":\"https:\\\/\\\/www.bellunopress.it\\\/2023\\\/11\\\/17\\\/cortina-ski-world-cup-il-26-gennaio-una-discesa-speciale\\\/#primaryimage\"},\"thumbnailUrl\":\"https:\\\/\\\/www.bellunopress.it\\\/wp-content\\\/uploads\\\/2023\\\/11\\\/CortinaSkiWorldCup-12dic1974_Anne-Marie-Moser-\u2013-Proll-vince-davanti-a-Cindy-Nelson-e-Wiltrud-Drexel_\u00a9Pentaphoto-2_edited.jpg\",\"articleSection\":[\"Prima Pagina\",\"Sport, tempo libero\"],\"inLanguage\":\"fr-FR\"},{\"@type\":\"WebPage\",\"@id\":\"https:\\\/\\\/www.bellunopress.it\\\/2023\\\/11\\\/17\\\/cortina-ski-world-cup-il-26-gennaio-una-discesa-speciale\\\/\",\"url\":\"https:\\\/\\\/www.bellunopress.it\\\/2023\\\/11\\\/17\\\/cortina-ski-world-cup-il-26-gennaio-una-discesa-speciale\\\/\",\"name\":\"Cortina Ski World Cup. Il 26 gennaio una discesa...speciale - Bellunopress - Dolomiti\",\"isPartOf\":{\"@id\":\"https:\\\/\\\/www.bellunopress.it\\\/#website\"},\"primaryImageOfPage\":{\"@id\":\"https:\\\/\\\/www.bellunopress.it\\\/2023\\\/11\\\/17\\\/cortina-ski-world-cup-il-26-gennaio-una-discesa-speciale\\\/#primaryimage\"},\"image\":{\"@id\":\"https:\\\/\\\/www.bellunopress.it\\\/2023\\\/11\\\/17\\\/cortina-ski-world-cup-il-26-gennaio-una-discesa-speciale\\\/#primaryimage\"},\"thumbnailUrl\":\"https:\\\/\\\/www.bellunopress.it\\\/wp-content\\\/uploads\\\/2023\\\/11\\\/CortinaSkiWorldCup-12dic1974_Anne-Marie-Moser-\u2013-Proll-vince-davanti-a-Cindy-Nelson-e-Wiltrud-Drexel_\u00a9Pentaphoto-2_edited.jpg\",\"datePublished\":\"2023-11-17T09:50:03+00:00\",\"breadcrumb\":{\"@id\":\"https:\\\/\\\/www.bellunopress.it\\\/2023\\\/11\\\/17\\\/cortina-ski-world-cup-il-26-gennaio-una-discesa-speciale\\\/#breadcrumb\"},\"inLanguage\":\"fr-FR\",\"potentialAction\":[{\"@type\":\"ReadAction\",\"target\":[\"https:\\\/\\\/www.bellunopress.it\\\/2023\\\/11\\\/17\\\/cortina-ski-world-cup-il-26-gennaio-una-discesa-speciale\\\/\"]}]},{\"@type\":\"ImageObject\",\"inLanguage\":\"fr-FR\",\"@id\":\"https:\\\/\\\/www.bellunopress.it\\\/2023\\\/11\\\/17\\\/cortina-ski-world-cup-il-26-gennaio-una-discesa-speciale\\\/#primaryimage\",\"url\":\"https:\\\/\\\/www.bellunopress.it\\\/wp-content\\\/uploads\\\/2023\\\/11\\\/CortinaSkiWorldCup-12dic1974_Anne-Marie-Moser-\u2013-Proll-vince-davanti-a-Cindy-Nelson-e-Wiltrud-Drexel_\u00a9Pentaphoto-2_edited.jpg\",\"contentUrl\":\"https:\\\/\\\/www.bellunopress.it\\\/wp-content\\\/uploads\\\/2023\\\/11\\\/CortinaSkiWorldCup-12dic1974_Anne-Marie-Moser-\u2013-Proll-vince-davanti-a-Cindy-Nelson-e-Wiltrud-Drexel_\u00a9Pentaphoto-2_edited.jpg\",\"width\":943,\"height\":1000,\"caption\":\"Cortina d'Ampezzo, Italia, dicembre 1976. Da sinistra Elena Matous, Iran, seconda classificata, porta in trionfo la vincitrice, Marie Rose-Proell, (AUT), insieme con Brigitte Totschning-Habersatter (AUT). (Pentaphoto)\"},{\"@type\":\"BreadcrumbList\",\"@id\":\"https:\\\/\\\/www.bellunopress.it\\\/2023\\\/11\\\/17\\\/cortina-ski-world-cup-il-26-gennaio-una-discesa-speciale\\\/#breadcrumb\",\"itemListElement\":[{\"@type\":\"ListItem\",\"position\":1,\"name\":\"Home\",\"item\":\"https:\\\/\\\/www.bellunopress.it\\\/\"},{\"@type\":\"ListItem\",\"position\":2,\"name\":\"Cortina Ski World Cup. Il 26 gennaio una discesa&#8230;speciale\"}]},{\"@type\":\"WebSite\",\"@id\":\"https:\\\/\\\/www.bellunopress.it\\\/#website\",\"url\":\"https:\\\/\\\/www.bellunopress.it\\\/\",\"name\":\"Bellunopress - Dolomiti\",\"description\":\"e-mail: redazione@bellunopress.it\",\"publisher\":{\"@id\":\"https:\\\/\\\/www.bellunopress.it\\\/#organization\"},\"potentialAction\":[{\"@type\":\"SearchAction\",\"target\":{\"@type\":\"EntryPoint\",\"urlTemplate\":\"https:\\\/\\\/www.bellunopress.it\\\/?s={search_term_string}\"},\"query-input\":{\"@type\":\"PropertyValueSpecification\",\"valueRequired\":true,\"valueName\":\"search_term_string\"}}],\"inLanguage\":\"fr-FR\"},{\"@type\":\"Organization\",\"@id\":\"https:\\\/\\\/www.bellunopress.it\\\/#organization\",\"name\":\"Bellunopress\",\"url\":\"https:\\\/\\\/www.bellunopress.it\\\/\",\"logo\":{\"@type\":\"ImageObject\",\"inLanguage\":\"fr-FR\",\"@id\":\"https:\\\/\\\/www.bellunopress.it\\\/#\\\/schema\\\/logo\\\/image\\\/\",\"url\":\"https:\\\/\\\/www.bellunopress.it\\\/wp-content\\\/uploads\\\/2011\\\/05\\\/cropped-logo-bellunopress-.jpg\",\"contentUrl\":\"https:\\\/\\\/www.bellunopress.it\\\/wp-content\\\/uploads\\\/2011\\\/05\\\/cropped-logo-bellunopress-.jpg\",\"width\":512,\"height\":512,\"caption\":\"Bellunopress\"},\"image\":{\"@id\":\"https:\\\/\\\/www.bellunopress.it\\\/#\\\/schema\\\/logo\\\/image\\\/\"},\"sameAs\":[\"https:\\\/\\\/www.facebook.com\\\/profile.php?id=100008943462799\",\"https:\\\/\\\/x.com\\\/bellunopress\",\"https:\\\/\\\/www.linkedin.com\\\/hp\\\/?dnr=JBzUWaJfMUw8vbXJJ2tVW5-I3jZKvC4wsoxE&amp;amp;amp;amp;amp;amp;trk=nav_responsive_tab_home\",\"https:\\\/\\\/www.youtube.com\\\/channel\\\/UCxL0wu1uN0_3_7hGG0306cw\"]},{\"@type\":\"Person\",\"@id\":\"https:\\\/\\\/www.bellunopress.it\\\/#\\\/schema\\\/person\\\/79bb06722b37ece1c03d3e94beb30d73\",\"name\":\"redazione\",\"image\":{\"@type\":\"ImageObject\",\"inLanguage\":\"fr-FR\",\"@id\":\"https:\\\/\\\/secure.gravatar.com\\\/avatar\\\/37d968a2e67a6fd04c169c4bdef102d0bc5d31b2546345219e348575eb80e9a0?s=96&d=mm&r=g\",\"url\":\"https:\\\/\\\/secure.gravatar.com\\\/avatar\\\/37d968a2e67a6fd04c169c4bdef102d0bc5d31b2546345219e348575eb80e9a0?s=96&d=mm&r=g\",\"contentUrl\":\"https:\\\/\\\/secure.gravatar.com\\\/avatar\\\/37d968a2e67a6fd04c169c4bdef102d0bc5d31b2546345219e348575eb80e9a0?s=96&d=mm&r=g\",\"caption\":\"redazione\"},\"sameAs\":[\"http:\\\/\\\/www.bellunopress.it\",\"https:\\\/\\\/x.com\\\/bellunopress\"],\"url\":\"https:\\\/\\\/www.bellunopress.it\\\/fr\\\/author\\\/redazione\\\/\"}]}<\/script>\n<!-- \/ Yoast SEO plugin. -->","yoast_head_json":{"title":"Cortina Ski World Cup. Il 26 gennaio una discesa...speciale - Bellunopress - Dolomiti","robots":{"index":"index","follow":"follow","max-snippet":"max-snippet:-1","max-image-preview":"max-image-preview:large","max-video-preview":"max-video-preview:-1"},"canonical":"https:\/\/www.bellunopress.it\/fr\/2023\/11\/17\/cortina-ski-world-cup-il-26-gennaio-una-discesa-speciale\/","og_locale":"fr_FR","og_type":"article","og_title":"Cortina Ski World Cup. Il 26 gennaio una discesa...speciale - Bellunopress - Dolomiti","og_description":"Tra poco pi\u00f9 di due mesi la centesima gara in Ampezzo della Coppa del mondo femminile. La prima volta fu il 12 dicembre del 1974 e a trionfare fu uno dei miti dello sci alpino, l\u2019austriaca Anne Marie Moser &#8211; Pr\u00f6ll Cortina d\u2019Ampezzo, 17 novembre 2023 \u2013 Una discesa speciale. \u00c8 quella che sulla Olympia [&hellip;]","og_url":"https:\/\/www.bellunopress.it\/fr\/2023\/11\/17\/cortina-ski-world-cup-il-26-gennaio-una-discesa-speciale\/","og_site_name":"Bellunopress - Dolomiti","article_publisher":"https:\/\/www.facebook.com\/profile.php?id=100008943462799","article_published_time":"2023-11-17T09:50:03+00:00","og_image":[{"width":943,"height":1000,"url":"https:\/\/www.bellunopress.it\/wp-content\/uploads\/2023\/11\/CortinaSkiWorldCup-12dic1974_Anne-Marie-Moser-\u2013-Proll-vince-davanti-a-Cindy-Nelson-e-Wiltrud-Drexel_\u00a9Pentaphoto-2_edited.jpg","type":"image\/jpeg"}],"author":"redazione","twitter_card":"summary_large_image","twitter_creator":"@bellunopress","twitter_site":"@bellunopress","twitter_misc":{"\u00c9crit par":"redazione","Dur\u00e9e de lecture estim\u00e9e":"5 minutes"},"schema":{"@context":"https:\/\/schema.org","@graph":[{"@type":"Article","@id":"https:\/\/www.bellunopress.it\/2023\/11\/17\/cortina-ski-world-cup-il-26-gennaio-una-discesa-speciale\/#article","isPartOf":{"@id":"https:\/\/www.bellunopress.it\/2023\/11\/17\/cortina-ski-world-cup-il-26-gennaio-una-discesa-speciale\/"},"author":{"name":"redazione","@id":"https:\/\/www.bellunopress.it\/#\/schema\/person\/79bb06722b37ece1c03d3e94beb30d73"},"headline":"Cortina Ski World Cup. Il 26 gennaio una discesa&#8230;speciale","datePublished":"2023-11-17T09:50:03+00:00","mainEntityOfPage":{"@id":"https:\/\/www.bellunopress.it\/2023\/11\/17\/cortina-ski-world-cup-il-26-gennaio-una-discesa-speciale\/"},"wordCount":1031,"publisher":{"@id":"https:\/\/www.bellunopress.it\/#organization"},"image":{"@id":"https:\/\/www.bellunopress.it\/2023\/11\/17\/cortina-ski-world-cup-il-26-gennaio-una-discesa-speciale\/#primaryimage"},"thumbnailUrl":"https:\/\/www.bellunopress.it\/wp-content\/uploads\/2023\/11\/CortinaSkiWorldCup-12dic1974_Anne-Marie-Moser-\u2013-Proll-vince-davanti-a-Cindy-Nelson-e-Wiltrud-Drexel_\u00a9Pentaphoto-2_edited.jpg","articleSection":["Prima Pagina","Sport, tempo libero"],"inLanguage":"fr-FR"},{"@type":"WebPage","@id":"https:\/\/www.bellunopress.it\/2023\/11\/17\/cortina-ski-world-cup-il-26-gennaio-una-discesa-speciale\/","url":"https:\/\/www.bellunopress.it\/2023\/11\/17\/cortina-ski-world-cup-il-26-gennaio-una-discesa-speciale\/","name":"Cortina Ski World Cup. Il 26 gennaio una discesa...speciale - Bellunopress - Dolomiti","isPartOf":{"@id":"https:\/\/www.bellunopress.it\/#website"},"primaryImageOfPage":{"@id":"https:\/\/www.bellunopress.it\/2023\/11\/17\/cortina-ski-world-cup-il-26-gennaio-una-discesa-speciale\/#primaryimage"},"image":{"@id":"https:\/\/www.bellunopress.it\/2023\/11\/17\/cortina-ski-world-cup-il-26-gennaio-una-discesa-speciale\/#primaryimage"},"thumbnailUrl":"https:\/\/www.bellunopress.it\/wp-content\/uploads\/2023\/11\/CortinaSkiWorldCup-12dic1974_Anne-Marie-Moser-\u2013-Proll-vince-davanti-a-Cindy-Nelson-e-Wiltrud-Drexel_\u00a9Pentaphoto-2_edited.jpg","datePublished":"2023-11-17T09:50:03+00:00","breadcrumb":{"@id":"https:\/\/www.bellunopress.it\/2023\/11\/17\/cortina-ski-world-cup-il-26-gennaio-una-discesa-speciale\/#breadcrumb"},"inLanguage":"fr-FR","potentialAction":[{"@type":"ReadAction","target":["https:\/\/www.bellunopress.it\/2023\/11\/17\/cortina-ski-world-cup-il-26-gennaio-una-discesa-speciale\/"]}]},{"@type":"ImageObject","inLanguage":"fr-FR","@id":"https:\/\/www.bellunopress.it\/2023\/11\/17\/cortina-ski-world-cup-il-26-gennaio-una-discesa-speciale\/#primaryimage","url":"https:\/\/www.bellunopress.it\/wp-content\/uploads\/2023\/11\/CortinaSkiWorldCup-12dic1974_Anne-Marie-Moser-\u2013-Proll-vince-davanti-a-Cindy-Nelson-e-Wiltrud-Drexel_\u00a9Pentaphoto-2_edited.jpg","contentUrl":"https:\/\/www.bellunopress.it\/wp-content\/uploads\/2023\/11\/CortinaSkiWorldCup-12dic1974_Anne-Marie-Moser-\u2013-Proll-vince-davanti-a-Cindy-Nelson-e-Wiltrud-Drexel_\u00a9Pentaphoto-2_edited.jpg","width":943,"height":1000,"caption":"Cortina d'Ampezzo, Italia, dicembre 1976. Da sinistra Elena Matous, Iran, seconda classificata, porta in trionfo la vincitrice, Marie Rose-Proell, (AUT), insieme con Brigitte Totschning-Habersatter (AUT). (Pentaphoto)"},{"@type":"BreadcrumbList","@id":"https:\/\/www.bellunopress.it\/2023\/11\/17\/cortina-ski-world-cup-il-26-gennaio-una-discesa-speciale\/#breadcrumb","itemListElement":[{"@type":"ListItem","position":1,"name":"Home","item":"https:\/\/www.bellunopress.it\/"},{"@type":"ListItem","position":2,"name":"Cortina Ski World Cup. Il 26 gennaio una discesa&#8230;speciale"}]},{"@type":"WebSite","@id":"https:\/\/www.bellunopress.it\/#website","url":"https:\/\/www.bellunopress.it\/","name":"Bellunopress - Dolomiti","description":"e-mail: redazione@bellunopress.it","publisher":{"@id":"https:\/\/www.bellunopress.it\/#organization"},"potentialAction":[{"@type":"SearchAction","target":{"@type":"EntryPoint","urlTemplate":"https:\/\/www.bellunopress.it\/?s={search_term_string}"},"query-input":{"@type":"PropertyValueSpecification","valueRequired":true,"valueName":"search_term_string"}}],"inLanguage":"fr-FR"},{"@type":"Organization","@id":"https:\/\/www.bellunopress.it\/#organization","name":"Bellunopress","url":"https:\/\/www.bellunopress.it\/","logo":{"@type":"ImageObject","inLanguage":"fr-FR","@id":"https:\/\/www.bellunopress.it\/#\/schema\/logo\/image\/","url":"https:\/\/www.bellunopress.it\/wp-content\/uploads\/2011\/05\/cropped-logo-bellunopress-.jpg","contentUrl":"https:\/\/www.bellunopress.it\/wp-content\/uploads\/2011\/05\/cropped-logo-bellunopress-.jpg","width":512,"height":512,"caption":"Bellunopress"},"image":{"@id":"https:\/\/www.bellunopress.it\/#\/schema\/logo\/image\/"},"sameAs":["https:\/\/www.facebook.com\/profile.php?id=100008943462799","https:\/\/x.com\/bellunopress","https:\/\/www.linkedin.com\/hp\/?dnr=JBzUWaJfMUw8vbXJJ2tVW5-I3jZKvC4wsoxE&amp;amp;amp;amp;amp;amp;trk=nav_responsive_tab_home","https:\/\/www.youtube.com\/channel\/UCxL0wu1uN0_3_7hGG0306cw"]},{"@type":"Person","@id":"https:\/\/www.bellunopress.it\/#\/schema\/person\/79bb06722b37ece1c03d3e94beb30d73","name":"r\u00e9daction","image":{"@type":"ImageObject","inLanguage":"fr-FR","@id":"https:\/\/secure.gravatar.com\/avatar\/37d968a2e67a6fd04c169c4bdef102d0bc5d31b2546345219e348575eb80e9a0?s=96&d=mm&r=g","url":"https:\/\/secure.gravatar.com\/avatar\/37d968a2e67a6fd04c169c4bdef102d0bc5d31b2546345219e348575eb80e9a0?s=96&d=mm&r=g","contentUrl":"https:\/\/secure.gravatar.com\/avatar\/37d968a2e67a6fd04c169c4bdef102d0bc5d31b2546345219e348575eb80e9a0?s=96&d=mm&r=g","caption":"redazione"},"sameAs":["http:\/\/www.bellunopress.it","https:\/\/x.com\/bellunopress"],"url":"https:\/\/www.bellunopress.it\/fr\/author\/redazione\/"}]}},"_links":{"self":[{"href":"https:\/\/www.bellunopress.it\/fr\/wp-json\/wp\/v2\/posts\/145982","targetHints":{"allow":["GET"]}}],"collection":[{"href":"https:\/\/www.bellunopress.it\/fr\/wp-json\/wp\/v2\/posts"}],"about":[{"href":"https:\/\/www.bellunopress.it\/fr\/wp-json\/wp\/v2\/types\/post"}],"author":[{"embeddable":true,"href":"https:\/\/www.bellunopress.it\/fr\/wp-json\/wp\/v2\/users\/2"}],"replies":[{"embeddable":true,"href":"https:\/\/www.bellunopress.it\/fr\/wp-json\/wp\/v2\/comments?post=145982"}],"version-history":[{"count":1,"href":"https:\/\/www.bellunopress.it\/fr\/wp-json\/wp\/v2\/posts\/145982\/revisions"}],"predecessor-version":[{"id":145984,"href":"https:\/\/www.bellunopress.it\/fr\/wp-json\/wp\/v2\/posts\/145982\/revisions\/145984"}],"wp:featuredmedia":[{"embeddable":true,"href":"https:\/\/www.bellunopress.it\/fr\/wp-json\/wp\/v2\/media\/145983"}],"wp:attachment":[{"href":"https:\/\/www.bellunopress.it\/fr\/wp-json\/wp\/v2\/media?parent=145982"}],"wp:term":[{"taxonomy":"category","embeddable":true,"href":"https:\/\/www.bellunopress.it\/fr\/wp-json\/wp\/v2\/categories?post=145982"},{"taxonomy":"post_tag","embeddable":true,"href":"https:\/\/www.bellunopress.it\/fr\/wp-json\/wp\/v2\/tags?post=145982"}],"curies":[{"name":"wp","href":"https:\/\/api.w.org\/{rel}","templated":true}]}}