{"id":145975,"date":"2023-11-17T08:16:27","date_gmt":"2023-11-17T07:16:27","guid":{"rendered":"https:\/\/www.bellunopress.it\/?p=145975"},"modified":"2023-11-17T08:16:27","modified_gmt":"2023-11-17T07:16:27","slug":"violenza-contro-le-donne-ponte-nelle-alpi-in-campo-con-una-serie-di-proposte","status":"publish","type":"post","link":"https:\/\/www.bellunopress.it\/fr\/2023\/11\/17\/violenza-contro-le-donne-ponte-nelle-alpi-in-campo-con-una-serie-di-proposte\/","title":{"rendered":"Violenza contro le donne: Ponte nelle Alpi in campo con una serie di proposte"},"content":{"rendered":"<p><img loading=\"lazy\" decoding=\"async\" class=\"alignleft size-full wp-image-121780\" src=\"https:\/\/www.bellunopress.it\/wp-content\/uploads\/2021\/02\/camper-polizia-questo-non-e-amore_edited.jpg\" alt=\"\" width=\"436\" height=\"240\" \/>La campagna della Polizia di Stato &#8220;Questo non \u00e8 amore&#8221;, contro la violenza sulle donne, far\u00e0 tappa a Ponte nelle Alpi: l&#8217;appuntamento \u00e8 per marted\u00ec 21 novembre, al mercato settimanale in piazza della Resistenza.<\/p>\n<p>Lo scopo? Accrescere la consapevolezza rispetto al delicato tema della violenza fisica, psicologica, economica e digitale contro le donne. Un&#8217;equipe di operatrici specializzate della Questura di Belluno sar\u00e0 a disposizione dei cittadini per ogni utile supporto e dare delucidazioni sugli strumenti di tutela e prevenzione: in pi\u00f9, verr\u00e0 distribuito materiale informativo.<\/p>\n<p>L&#8217;iniziativa \u00e8 stata accolta con entusiasmo dall&#8217;amministrazione comunale e dalla Commissione Pari Opportunit\u00e0 di Ponte nelle Alpi, da sempre attente e sensibili a simili tematiche. E desiderose di coinvolgere i giovani. Non a caso, la sensibilizzazione su un fenomeno di questo tipo rientra in un percorso di educazione civica promosso dalla scuola secondaria di primo grado &#8220;Sandro Pertini&#8221; dell&#8217;Istituto comprensivo di Ponte nelle Alpi, in sinergia con l&#8217;amministrazione comunale.<\/p>\n<p>A tale proposito, sabato 25 novembre alcune classi, accompagnate dagli insegnanti, parteciperanno alla seduta del consiglio comunale, in cui \u00e8 prevista una relazione sulle attivit\u00e0 e i servizi che il Centro antiviolenza di Belluno svolge sul territorio provinciale. Illustrer\u00e0 la presidente dell&#8217;associazione Belluno Donna, Anna Cubattoli.<\/p>\n<p>La scuola &#8220;Pertini&#8221;, inoltre, \u00e8 stata invitata a partecipare alla mostra &#8220;Non chiamatelo raptus&#8221; dell&#8217;artista Stefania Span\u00f2, in arte Anarkikka, esposta a Palazzo Piloni nella sede della Provincia di Belluno, dal 21 novembre al 5 dicembre. Un&#8217;esposizione di grande impatto, aperta all&#8217;intera cittadinanza e promossa dalla Consigliera di Parit\u00e0 provinciale, col patrocinio anche della Commissione Pari Opportunit\u00e0 di Ponte nelle Alpi. Si tratta di tavole illustrate che raccontano storie in pillole, oltre che brevi riflessioni su temi di attualit\u00e0: dall&#8217;uso di un linguaggio violento, alle molestie e discriminazioni nello studio e nel lavoro.<\/p>","protected":false},"excerpt":{"rendered":"<p>La campagna della Polizia di Stato &#8220;Questo non \u00e8 amore&#8221;, contro la violenza sulle donne, far\u00e0 tappa a Ponte nelle Alpi: l&#8217;appuntamento \u00e8 per marted\u00ec 21 novembre, al mercato settimanale in piazza della Resistenza. Lo scopo? Accrescere la consapevolezza rispetto al delicato tema della violenza fisica, psicologica, economica e digitale contro le donne. Un&#8217;equipe di [&hellip;]<\/p>\n","protected":false},"author":2,"featured_media":121780,"comment_status":"closed","ping_status":"open","sticky":false,"template":"","format":"standard","meta":{"footnotes":""},"categories":[26,8],"tags":[],"class_list":["post-145975","post","type-post","status-publish","format-standard","has-post-thumbnail","category-prima-pagina","category-societa-istituzioni"],"yoast_head":"<!-- This site is optimized with the Yoast SEO plugin v28.4 - https:\/\/yoast.com\/product\/yoast-seo-wordpress\/ -->\n<title>Violenza contro le donne: Ponte nelle Alpi in campo con una serie di proposte - Bellunopress - Dolomiti<\/title>\n<meta name=\"robots\" content=\"index, follow, max-snippet:-1, max-image-preview:large, max-video-preview:-1\" \/>\n<link rel=\"canonical\" href=\"https:\/\/www.bellunopress.it\/fr\/2023\/11\/17\/violenza-contro-le-donne-ponte-nelle-alpi-in-campo-con-una-serie-di-proposte\/\" \/>\n<meta property=\"og:locale\" content=\"fr_FR\" \/>\n<meta property=\"og:type\" content=\"article\" \/>\n<meta property=\"og:title\" content=\"Violenza contro le donne: Ponte nelle Alpi in campo con una serie di proposte - Bellunopress - Dolomiti\" \/>\n<meta property=\"og:description\" content=\"La campagna della Polizia di Stato &#8220;Questo non \u00e8 amore&#8221;, contro la violenza sulle donne, far\u00e0 tappa a Ponte nelle Alpi: l&#8217;appuntamento \u00e8 per marted\u00ec 21 novembre, al mercato settimanale in piazza della Resistenza. Lo scopo? Accrescere la consapevolezza rispetto al delicato tema della violenza fisica, psicologica, economica e digitale contro le donne. Un&#8217;equipe di [&hellip;]\" \/>\n<meta property=\"og:url\" content=\"https:\/\/www.bellunopress.it\/fr\/2023\/11\/17\/violenza-contro-le-donne-ponte-nelle-alpi-in-campo-con-una-serie-di-proposte\/\" \/>\n<meta property=\"og:site_name\" content=\"Bellunopress - Dolomiti\" \/>\n<meta property=\"article:publisher\" content=\"https:\/\/www.facebook.com\/profile.php?id=100008943462799\" \/>\n<meta property=\"article:published_time\" content=\"2023-11-17T07:16:27+00:00\" \/>\n<meta property=\"og:image\" content=\"https:\/\/www.bellunopress.it\/wp-content\/uploads\/2021\/02\/camper-polizia-questo-non-e-amore_edited.jpg\" \/>\n\t<meta property=\"og:image:width\" content=\"436\" \/>\n\t<meta property=\"og:image:height\" content=\"240\" \/>\n\t<meta property=\"og:image:type\" content=\"image\/jpeg\" \/>\n<meta name=\"author\" content=\"redazione\" \/>\n<meta name=\"twitter:card\" content=\"summary_large_image\" \/>\n<meta name=\"twitter:creator\" content=\"@bellunopress\" \/>\n<meta name=\"twitter:site\" content=\"@bellunopress\" \/>\n<meta name=\"twitter:label1\" content=\"\u00c9crit par\" \/>\n\t<meta name=\"twitter:data1\" content=\"redazione\" \/>\n\t<meta name=\"twitter:label2\" content=\"Dur\u00e9e de lecture estim\u00e9e\" \/>\n\t<meta name=\"twitter:data2\" content=\"1 minute\" \/>\n<script type=\"application\/ld+json\" class=\"yoast-schema-graph\">{\"@context\":\"https:\\\/\\\/schema.org\",\"@graph\":[{\"@type\":\"Article\",\"@id\":\"https:\\\/\\\/www.bellunopress.it\\\/2023\\\/11\\\/17\\\/violenza-contro-le-donne-ponte-nelle-alpi-in-campo-con-una-serie-di-proposte\\\/#article\",\"isPartOf\":{\"@id\":\"https:\\\/\\\/www.bellunopress.it\\\/2023\\\/11\\\/17\\\/violenza-contro-le-donne-ponte-nelle-alpi-in-campo-con-una-serie-di-proposte\\\/\"},\"author\":{\"name\":\"redazione\",\"@id\":\"https:\\\/\\\/www.bellunopress.it\\\/#\\\/schema\\\/person\\\/79bb06722b37ece1c03d3e94beb30d73\"},\"headline\":\"Violenza contro le donne: Ponte nelle Alpi in campo con una serie di proposte\",\"datePublished\":\"2023-11-17T07:16:27+00:00\",\"mainEntityOfPage\":{\"@id\":\"https:\\\/\\\/www.bellunopress.it\\\/2023\\\/11\\\/17\\\/violenza-contro-le-donne-ponte-nelle-alpi-in-campo-con-una-serie-di-proposte\\\/\"},\"wordCount\":309,\"publisher\":{\"@id\":\"https:\\\/\\\/www.bellunopress.it\\\/#organization\"},\"image\":{\"@id\":\"https:\\\/\\\/www.bellunopress.it\\\/2023\\\/11\\\/17\\\/violenza-contro-le-donne-ponte-nelle-alpi-in-campo-con-una-serie-di-proposte\\\/#primaryimage\"},\"thumbnailUrl\":\"https:\\\/\\\/www.bellunopress.it\\\/wp-content\\\/uploads\\\/2021\\\/02\\\/camper-polizia-questo-non-e-amore_edited.jpg\",\"articleSection\":[\"Prima Pagina\",\"Societ\u00e0, Associazioni, Istituzioni\"],\"inLanguage\":\"fr-FR\"},{\"@type\":\"WebPage\",\"@id\":\"https:\\\/\\\/www.bellunopress.it\\\/2023\\\/11\\\/17\\\/violenza-contro-le-donne-ponte-nelle-alpi-in-campo-con-una-serie-di-proposte\\\/\",\"url\":\"https:\\\/\\\/www.bellunopress.it\\\/2023\\\/11\\\/17\\\/violenza-contro-le-donne-ponte-nelle-alpi-in-campo-con-una-serie-di-proposte\\\/\",\"name\":\"Violenza contro le donne: Ponte nelle Alpi in campo con una serie di proposte - Bellunopress - Dolomiti\",\"isPartOf\":{\"@id\":\"https:\\\/\\\/www.bellunopress.it\\\/#website\"},\"primaryImageOfPage\":{\"@id\":\"https:\\\/\\\/www.bellunopress.it\\\/2023\\\/11\\\/17\\\/violenza-contro-le-donne-ponte-nelle-alpi-in-campo-con-una-serie-di-proposte\\\/#primaryimage\"},\"image\":{\"@id\":\"https:\\\/\\\/www.bellunopress.it\\\/2023\\\/11\\\/17\\\/violenza-contro-le-donne-ponte-nelle-alpi-in-campo-con-una-serie-di-proposte\\\/#primaryimage\"},\"thumbnailUrl\":\"https:\\\/\\\/www.bellunopress.it\\\/wp-content\\\/uploads\\\/2021\\\/02\\\/camper-polizia-questo-non-e-amore_edited.jpg\",\"datePublished\":\"2023-11-17T07:16:27+00:00\",\"breadcrumb\":{\"@id\":\"https:\\\/\\\/www.bellunopress.it\\\/2023\\\/11\\\/17\\\/violenza-contro-le-donne-ponte-nelle-alpi-in-campo-con-una-serie-di-proposte\\\/#breadcrumb\"},\"inLanguage\":\"fr-FR\",\"potentialAction\":[{\"@type\":\"ReadAction\",\"target\":[\"https:\\\/\\\/www.bellunopress.it\\\/2023\\\/11\\\/17\\\/violenza-contro-le-donne-ponte-nelle-alpi-in-campo-con-una-serie-di-proposte\\\/\"]}]},{\"@type\":\"ImageObject\",\"inLanguage\":\"fr-FR\",\"@id\":\"https:\\\/\\\/www.bellunopress.it\\\/2023\\\/11\\\/17\\\/violenza-contro-le-donne-ponte-nelle-alpi-in-campo-con-una-serie-di-proposte\\\/#primaryimage\",\"url\":\"https:\\\/\\\/www.bellunopress.it\\\/wp-content\\\/uploads\\\/2021\\\/02\\\/camper-polizia-questo-non-e-amore_edited.jpg\",\"contentUrl\":\"https:\\\/\\\/www.bellunopress.it\\\/wp-content\\\/uploads\\\/2021\\\/02\\\/camper-polizia-questo-non-e-amore_edited.jpg\",\"width\":436,\"height\":240},{\"@type\":\"BreadcrumbList\",\"@id\":\"https:\\\/\\\/www.bellunopress.it\\\/2023\\\/11\\\/17\\\/violenza-contro-le-donne-ponte-nelle-alpi-in-campo-con-una-serie-di-proposte\\\/#breadcrumb\",\"itemListElement\":[{\"@type\":\"ListItem\",\"position\":1,\"name\":\"Home\",\"item\":\"https:\\\/\\\/www.bellunopress.it\\\/\"},{\"@type\":\"ListItem\",\"position\":2,\"name\":\"Violenza contro le donne: Ponte nelle Alpi in campo con una serie di proposte\"}]},{\"@type\":\"WebSite\",\"@id\":\"https:\\\/\\\/www.bellunopress.it\\\/#website\",\"url\":\"https:\\\/\\\/www.bellunopress.it\\\/\",\"name\":\"Bellunopress - Dolomiti\",\"description\":\"e-mail: redazione@bellunopress.it\",\"publisher\":{\"@id\":\"https:\\\/\\\/www.bellunopress.it\\\/#organization\"},\"potentialAction\":[{\"@type\":\"SearchAction\",\"target\":{\"@type\":\"EntryPoint\",\"urlTemplate\":\"https:\\\/\\\/www.bellunopress.it\\\/?s={search_term_string}\"},\"query-input\":{\"@type\":\"PropertyValueSpecification\",\"valueRequired\":true,\"valueName\":\"search_term_string\"}}],\"inLanguage\":\"fr-FR\"},{\"@type\":\"Organization\",\"@id\":\"https:\\\/\\\/www.bellunopress.it\\\/#organization\",\"name\":\"Bellunopress\",\"url\":\"https:\\\/\\\/www.bellunopress.it\\\/\",\"logo\":{\"@type\":\"ImageObject\",\"inLanguage\":\"fr-FR\",\"@id\":\"https:\\\/\\\/www.bellunopress.it\\\/#\\\/schema\\\/logo\\\/image\\\/\",\"url\":\"https:\\\/\\\/www.bellunopress.it\\\/wp-content\\\/uploads\\\/2011\\\/05\\\/cropped-logo-bellunopress-.jpg\",\"contentUrl\":\"https:\\\/\\\/www.bellunopress.it\\\/wp-content\\\/uploads\\\/2011\\\/05\\\/cropped-logo-bellunopress-.jpg\",\"width\":512,\"height\":512,\"caption\":\"Bellunopress\"},\"image\":{\"@id\":\"https:\\\/\\\/www.bellunopress.it\\\/#\\\/schema\\\/logo\\\/image\\\/\"},\"sameAs\":[\"https:\\\/\\\/www.facebook.com\\\/profile.php?id=100008943462799\",\"https:\\\/\\\/x.com\\\/bellunopress\",\"https:\\\/\\\/www.linkedin.com\\\/hp\\\/?dnr=JBzUWaJfMUw8vbXJJ2tVW5-I3jZKvC4wsoxE&amp;amp;amp;amp;amp;amp;trk=nav_responsive_tab_home\",\"https:\\\/\\\/www.youtube.com\\\/channel\\\/UCxL0wu1uN0_3_7hGG0306cw\"]},{\"@type\":\"Person\",\"@id\":\"https:\\\/\\\/www.bellunopress.it\\\/#\\\/schema\\\/person\\\/79bb06722b37ece1c03d3e94beb30d73\",\"name\":\"redazione\",\"image\":{\"@type\":\"ImageObject\",\"inLanguage\":\"fr-FR\",\"@id\":\"https:\\\/\\\/secure.gravatar.com\\\/avatar\\\/37d968a2e67a6fd04c169c4bdef102d0bc5d31b2546345219e348575eb80e9a0?s=96&d=mm&r=g\",\"url\":\"https:\\\/\\\/secure.gravatar.com\\\/avatar\\\/37d968a2e67a6fd04c169c4bdef102d0bc5d31b2546345219e348575eb80e9a0?s=96&d=mm&r=g\",\"contentUrl\":\"https:\\\/\\\/secure.gravatar.com\\\/avatar\\\/37d968a2e67a6fd04c169c4bdef102d0bc5d31b2546345219e348575eb80e9a0?s=96&d=mm&r=g\",\"caption\":\"redazione\"},\"sameAs\":[\"http:\\\/\\\/www.bellunopress.it\",\"https:\\\/\\\/x.com\\\/bellunopress\"],\"url\":\"https:\\\/\\\/www.bellunopress.it\\\/fr\\\/author\\\/redazione\\\/\"}]}<\/script>\n<!-- \/ Yoast SEO plugin. -->","yoast_head_json":{"title":"Violenza contro le donne: Ponte nelle Alpi in campo con una serie di proposte - Bellunopress - Dolomiti","robots":{"index":"index","follow":"follow","max-snippet":"max-snippet:-1","max-image-preview":"max-image-preview:large","max-video-preview":"max-video-preview:-1"},"canonical":"https:\/\/www.bellunopress.it\/fr\/2023\/11\/17\/violenza-contro-le-donne-ponte-nelle-alpi-in-campo-con-una-serie-di-proposte\/","og_locale":"fr_FR","og_type":"article","og_title":"Violenza contro le donne: Ponte nelle Alpi in campo con una serie di proposte - Bellunopress - Dolomiti","og_description":"La campagna della Polizia di Stato &#8220;Questo non \u00e8 amore&#8221;, contro la violenza sulle donne, far\u00e0 tappa a Ponte nelle Alpi: l&#8217;appuntamento \u00e8 per marted\u00ec 21 novembre, al mercato settimanale in piazza della Resistenza. Lo scopo? Accrescere la consapevolezza rispetto al delicato tema della violenza fisica, psicologica, economica e digitale contro le donne. Un&#8217;equipe di [&hellip;]","og_url":"https:\/\/www.bellunopress.it\/fr\/2023\/11\/17\/violenza-contro-le-donne-ponte-nelle-alpi-in-campo-con-una-serie-di-proposte\/","og_site_name":"Bellunopress - Dolomiti","article_publisher":"https:\/\/www.facebook.com\/profile.php?id=100008943462799","article_published_time":"2023-11-17T07:16:27+00:00","og_image":[{"width":436,"height":240,"url":"https:\/\/www.bellunopress.it\/wp-content\/uploads\/2021\/02\/camper-polizia-questo-non-e-amore_edited.jpg","type":"image\/jpeg"}],"author":"redazione","twitter_card":"summary_large_image","twitter_creator":"@bellunopress","twitter_site":"@bellunopress","twitter_misc":{"\u00c9crit par":"redazione","Dur\u00e9e de lecture estim\u00e9e":"1 minute"},"schema":{"@context":"https:\/\/schema.org","@graph":[{"@type":"Article","@id":"https:\/\/www.bellunopress.it\/2023\/11\/17\/violenza-contro-le-donne-ponte-nelle-alpi-in-campo-con-una-serie-di-proposte\/#article","isPartOf":{"@id":"https:\/\/www.bellunopress.it\/2023\/11\/17\/violenza-contro-le-donne-ponte-nelle-alpi-in-campo-con-una-serie-di-proposte\/"},"author":{"name":"redazione","@id":"https:\/\/www.bellunopress.it\/#\/schema\/person\/79bb06722b37ece1c03d3e94beb30d73"},"headline":"Violenza contro le donne: Ponte nelle Alpi in campo con una serie di proposte","datePublished":"2023-11-17T07:16:27+00:00","mainEntityOfPage":{"@id":"https:\/\/www.bellunopress.it\/2023\/11\/17\/violenza-contro-le-donne-ponte-nelle-alpi-in-campo-con-una-serie-di-proposte\/"},"wordCount":309,"publisher":{"@id":"https:\/\/www.bellunopress.it\/#organization"},"image":{"@id":"https:\/\/www.bellunopress.it\/2023\/11\/17\/violenza-contro-le-donne-ponte-nelle-alpi-in-campo-con-una-serie-di-proposte\/#primaryimage"},"thumbnailUrl":"https:\/\/www.bellunopress.it\/wp-content\/uploads\/2021\/02\/camper-polizia-questo-non-e-amore_edited.jpg","articleSection":["Prima Pagina","Societ\u00e0, Associazioni, Istituzioni"],"inLanguage":"fr-FR"},{"@type":"WebPage","@id":"https:\/\/www.bellunopress.it\/2023\/11\/17\/violenza-contro-le-donne-ponte-nelle-alpi-in-campo-con-una-serie-di-proposte\/","url":"https:\/\/www.bellunopress.it\/2023\/11\/17\/violenza-contro-le-donne-ponte-nelle-alpi-in-campo-con-una-serie-di-proposte\/","name":"Violenza contro le donne: Ponte nelle Alpi in campo con una serie di proposte - Bellunopress - Dolomiti","isPartOf":{"@id":"https:\/\/www.bellunopress.it\/#website"},"primaryImageOfPage":{"@id":"https:\/\/www.bellunopress.it\/2023\/11\/17\/violenza-contro-le-donne-ponte-nelle-alpi-in-campo-con-una-serie-di-proposte\/#primaryimage"},"image":{"@id":"https:\/\/www.bellunopress.it\/2023\/11\/17\/violenza-contro-le-donne-ponte-nelle-alpi-in-campo-con-una-serie-di-proposte\/#primaryimage"},"thumbnailUrl":"https:\/\/www.bellunopress.it\/wp-content\/uploads\/2021\/02\/camper-polizia-questo-non-e-amore_edited.jpg","datePublished":"2023-11-17T07:16:27+00:00","breadcrumb":{"@id":"https:\/\/www.bellunopress.it\/2023\/11\/17\/violenza-contro-le-donne-ponte-nelle-alpi-in-campo-con-una-serie-di-proposte\/#breadcrumb"},"inLanguage":"fr-FR","potentialAction":[{"@type":"ReadAction","target":["https:\/\/www.bellunopress.it\/2023\/11\/17\/violenza-contro-le-donne-ponte-nelle-alpi-in-campo-con-una-serie-di-proposte\/"]}]},{"@type":"ImageObject","inLanguage":"fr-FR","@id":"https:\/\/www.bellunopress.it\/2023\/11\/17\/violenza-contro-le-donne-ponte-nelle-alpi-in-campo-con-una-serie-di-proposte\/#primaryimage","url":"https:\/\/www.bellunopress.it\/wp-content\/uploads\/2021\/02\/camper-polizia-questo-non-e-amore_edited.jpg","contentUrl":"https:\/\/www.bellunopress.it\/wp-content\/uploads\/2021\/02\/camper-polizia-questo-non-e-amore_edited.jpg","width":436,"height":240},{"@type":"BreadcrumbList","@id":"https:\/\/www.bellunopress.it\/2023\/11\/17\/violenza-contro-le-donne-ponte-nelle-alpi-in-campo-con-una-serie-di-proposte\/#breadcrumb","itemListElement":[{"@type":"ListItem","position":1,"name":"Home","item":"https:\/\/www.bellunopress.it\/"},{"@type":"ListItem","position":2,"name":"Violenza contro le donne: Ponte nelle Alpi in campo con una serie di proposte"}]},{"@type":"WebSite","@id":"https:\/\/www.bellunopress.it\/#website","url":"https:\/\/www.bellunopress.it\/","name":"Bellunopress - Dolomiti","description":"e-mail: redazione@bellunopress.it","publisher":{"@id":"https:\/\/www.bellunopress.it\/#organization"},"potentialAction":[{"@type":"SearchAction","target":{"@type":"EntryPoint","urlTemplate":"https:\/\/www.bellunopress.it\/?s={search_term_string}"},"query-input":{"@type":"PropertyValueSpecification","valueRequired":true,"valueName":"search_term_string"}}],"inLanguage":"fr-FR"},{"@type":"Organization","@id":"https:\/\/www.bellunopress.it\/#organization","name":"Bellunopress","url":"https:\/\/www.bellunopress.it\/","logo":{"@type":"ImageObject","inLanguage":"fr-FR","@id":"https:\/\/www.bellunopress.it\/#\/schema\/logo\/image\/","url":"https:\/\/www.bellunopress.it\/wp-content\/uploads\/2011\/05\/cropped-logo-bellunopress-.jpg","contentUrl":"https:\/\/www.bellunopress.it\/wp-content\/uploads\/2011\/05\/cropped-logo-bellunopress-.jpg","width":512,"height":512,"caption":"Bellunopress"},"image":{"@id":"https:\/\/www.bellunopress.it\/#\/schema\/logo\/image\/"},"sameAs":["https:\/\/www.facebook.com\/profile.php?id=100008943462799","https:\/\/x.com\/bellunopress","https:\/\/www.linkedin.com\/hp\/?dnr=JBzUWaJfMUw8vbXJJ2tVW5-I3jZKvC4wsoxE&amp;amp;amp;amp;amp;amp;trk=nav_responsive_tab_home","https:\/\/www.youtube.com\/channel\/UCxL0wu1uN0_3_7hGG0306cw"]},{"@type":"Person","@id":"https:\/\/www.bellunopress.it\/#\/schema\/person\/79bb06722b37ece1c03d3e94beb30d73","name":"r\u00e9daction","image":{"@type":"ImageObject","inLanguage":"fr-FR","@id":"https:\/\/secure.gravatar.com\/avatar\/37d968a2e67a6fd04c169c4bdef102d0bc5d31b2546345219e348575eb80e9a0?s=96&d=mm&r=g","url":"https:\/\/secure.gravatar.com\/avatar\/37d968a2e67a6fd04c169c4bdef102d0bc5d31b2546345219e348575eb80e9a0?s=96&d=mm&r=g","contentUrl":"https:\/\/secure.gravatar.com\/avatar\/37d968a2e67a6fd04c169c4bdef102d0bc5d31b2546345219e348575eb80e9a0?s=96&d=mm&r=g","caption":"redazione"},"sameAs":["http:\/\/www.bellunopress.it","https:\/\/x.com\/bellunopress"],"url":"https:\/\/www.bellunopress.it\/fr\/author\/redazione\/"}]}},"_links":{"self":[{"href":"https:\/\/www.bellunopress.it\/fr\/wp-json\/wp\/v2\/posts\/145975","targetHints":{"allow":["GET"]}}],"collection":[{"href":"https:\/\/www.bellunopress.it\/fr\/wp-json\/wp\/v2\/posts"}],"about":[{"href":"https:\/\/www.bellunopress.it\/fr\/wp-json\/wp\/v2\/types\/post"}],"author":[{"embeddable":true,"href":"https:\/\/www.bellunopress.it\/fr\/wp-json\/wp\/v2\/users\/2"}],"replies":[{"embeddable":true,"href":"https:\/\/www.bellunopress.it\/fr\/wp-json\/wp\/v2\/comments?post=145975"}],"version-history":[{"count":1,"href":"https:\/\/www.bellunopress.it\/fr\/wp-json\/wp\/v2\/posts\/145975\/revisions"}],"predecessor-version":[{"id":145976,"href":"https:\/\/www.bellunopress.it\/fr\/wp-json\/wp\/v2\/posts\/145975\/revisions\/145976"}],"wp:featuredmedia":[{"embeddable":true,"href":"https:\/\/www.bellunopress.it\/fr\/wp-json\/wp\/v2\/media\/121780"}],"wp:attachment":[{"href":"https:\/\/www.bellunopress.it\/fr\/wp-json\/wp\/v2\/media?parent=145975"}],"wp:term":[{"taxonomy":"category","embeddable":true,"href":"https:\/\/www.bellunopress.it\/fr\/wp-json\/wp\/v2\/categories?post=145975"},{"taxonomy":"post_tag","embeddable":true,"href":"https:\/\/www.bellunopress.it\/fr\/wp-json\/wp\/v2\/tags?post=145975"}],"curies":[{"name":"wp","href":"https:\/\/api.w.org\/{rel}","templated":true}]}}