{"id":145958,"date":"2023-11-16T15:43:44","date_gmt":"2023-11-16T14:43:44","guid":{"rendered":"https:\/\/www.bellunopress.it\/?p=145958"},"modified":"2023-11-16T15:43:44","modified_gmt":"2023-11-16T14:43:44","slug":"ponte-nelle-alpi-approvato-il-nuovo-bonus-sport-facciamo-squadra-con-le-famiglie","status":"publish","type":"post","link":"https:\/\/www.bellunopress.it\/fr\/2023\/11\/16\/ponte-nelle-alpi-approvato-il-nuovo-bonus-sport-facciamo-squadra-con-le-famiglie\/","title":{"rendered":"Ponte nelle Alpi. Approvato il nuovo &#8220;bonus sport&#8221;: \u00abFacciamo squadra con le famiglie\u00bb"},"content":{"rendered":"<figure id=\"attachment_118699\" aria-describedby=\"caption-attachment-118699\" style=\"width: 487px\" class=\"wp-caption alignleft\"><img loading=\"lazy\" decoding=\"async\" class=\"size-full wp-image-118699\" src=\"https:\/\/www.bellunopress.it\/wp-content\/uploads\/2020\/10\/Lucia-Da-Rold-vicesindaco-Ponte-nelle-Alpi_edited.jpg\" alt=\"\" width=\"487\" height=\"649\" srcset=\"https:\/\/www.bellunopress.it\/wp-content\/uploads\/2020\/10\/Lucia-Da-Rold-vicesindaco-Ponte-nelle-Alpi_edited.jpg 487w, https:\/\/www.bellunopress.it\/wp-content\/uploads\/2020\/10\/Lucia-Da-Rold-vicesindaco-Ponte-nelle-Alpi_edited-375x500.jpg 375w, https:\/\/www.bellunopress.it\/wp-content\/uploads\/2020\/10\/Lucia-Da-Rold-vicesindaco-Ponte-nelle-Alpi_edited-315x420.jpg 315w\" sizes=\"auto, (max-width: 487px) 100vw, 487px\" \/><figcaption id=\"caption-attachment-118699\" class=\"wp-caption-text\">Lucia Da Rold, vicesindaco di Ponte nelle Alpi e vicepresidente Provincia con deleghe all&#8217;edilizia scolastica, welfare, volontariato e sociale, e pari opportunit\u00e0.<\/figcaption><\/figure>\n<p>Da alcuni anni, l&#8217;amministrazione comunale di Ponte nelle Alpi aiuta le famiglie a sostenere i costi delle attivit\u00e0 sportive dei figli: calcio, ginnastica, basket, atletica, pallavolo e tante altre attivit\u00e0 possono essere praticate dai giovani con l&#8217;ausilio del &#8220;bonus sport&#8221;. L&#8217;iniziativa si intitola &#8220;Facciamo squadra con le famiglie&#8221; ed \u00e8 stata presentata ieri (mercoled\u00ec 15 novembre) dalla giunta comunale.<\/p>\n<p>Potranno partecipare al bando i genitori dei ragazzi di et\u00e0 compresa tra i 5 e i 15 anni che svolgono attivit\u00e0 con le societ\u00e0 del territorio. In merito alle graduatorie, saranno formate in base alla condizione economica del nucleo familiare e dell&#8217;Isee. E le richieste vanno presentate direttamente al Comune. Tutte le informazioni si possono trovare all&#8217;interno delle pagine web istituzionali o chiamando l&#8217;ufficio relazioni con il pubblico (0437-986724).<\/p>\n<p>Lo scorso anno, le domande sono state quasi un centinaio e la cifra totale messa a disposizione ammonta a 5.400 euro, mentre il contributo riconosciuto sar\u00e0 pari a un massimo di 100 euro per figlio. \u00abCrediamo molto nello sport &#8211; ha evidenziato la vice sindaca Lucia Da Rold &#8211; come veicolo di inclusione sociale e trasmissione di valori positivi. Stare e crescere insieme ai propri coetanei, vincere le sfide, superare se stessi e i propri limiti, rispettare gli altri e le regole, sono i presupposti dello sport. Questo bonus \u00e8 uno strumento di welfare che incentiva la pratica e aiuta le famiglie. Siamo soddisfatti, anche perch\u00e9 il &#8220;bonus sport&#8221; comunale \u00e8 stato ripreso in provincia da altre amministrazioni\u00bb.<\/p>\n<figure id=\"attachment_124209\" aria-describedby=\"caption-attachment-124209\" style=\"width: 596px\" class=\"wp-caption alignleft\"><img loading=\"lazy\" decoding=\"async\" class=\"size-full wp-image-124209\" src=\"https:\/\/www.bellunopress.it\/wp-content\/uploads\/2021\/05\/Andrea_Pontello-assessore-al-Bilancio-Ponte-nelle-Alpi_edited.jpg\" alt=\"\" width=\"596\" height=\"681\" srcset=\"https:\/\/www.bellunopress.it\/wp-content\/uploads\/2021\/05\/Andrea_Pontello-assessore-al-Bilancio-Ponte-nelle-Alpi_edited.jpg 596w, https:\/\/www.bellunopress.it\/wp-content\/uploads\/2021\/05\/Andrea_Pontello-assessore-al-Bilancio-Ponte-nelle-Alpi_edited-438x500.jpg 438w, https:\/\/www.bellunopress.it\/wp-content\/uploads\/2021\/05\/Andrea_Pontello-assessore-al-Bilancio-Ponte-nelle-Alpi_edited-368x420.jpg 368w\" sizes=\"auto, (max-width: 596px) 100vw, 596px\" \/><figcaption id=\"caption-attachment-124209\" class=\"wp-caption-text\">Andrea Pontello &#8211; Assessore al Bilancio di Ponte nelle Alpi<\/figcaption><\/figure>\n<p>Non nasconde la sua soddisfazione nemmeno l&#8217;assessore al Patrimonio e Bilancio, Andrea Pontello: \u00abRingraziamo le societ\u00e0 che si prendono cura dei nostri giovani e della gestione degli impianti sportivi. Non a caso parte importante delle spese per il funzionamento sono inserite nel bilancio comunale e, in parallelo, sono in corso interventi e opere per il miglioramento e l&#8217;efficientamento delle strutture. A breve, inoltre, uscir\u00e0 il contributo annuale per i gruppi sportivi che promuovono le attivit\u00e0 nel nostro comune: in particolare per i settori giovanili\u00bb.<\/p>\n<p>&nbsp;<\/p>","protected":false},"excerpt":{"rendered":"<p>Da alcuni anni, l&#8217;amministrazione comunale di Ponte nelle Alpi aiuta le famiglie a sostenere i costi delle attivit\u00e0 sportive dei figli: calcio, ginnastica, basket, atletica, pallavolo e tante altre attivit\u00e0 possono essere praticate dai giovani con l&#8217;ausilio del &#8220;bonus sport&#8221;. L&#8217;iniziativa si intitola &#8220;Facciamo squadra con le famiglie&#8221; ed \u00e8 stata presentata ieri (mercoled\u00ec 15 [&hellip;]<\/p>\n","protected":false},"author":2,"featured_media":118699,"comment_status":"closed","ping_status":"open","sticky":false,"template":"","format":"standard","meta":{"footnotes":""},"categories":[5],"tags":[],"class_list":["post-145958","post","type-post","status-publish","format-standard","has-post-thumbnail","category-cronaca"],"yoast_head":"<!-- This site is optimized with the Yoast SEO plugin v28.4 - https:\/\/yoast.com\/product\/yoast-seo-wordpress\/ -->\n<title>Ponte nelle Alpi. Approvato il nuovo &quot;bonus sport&quot;: \u00abFacciamo squadra con le famiglie\u00bb - Bellunopress - Dolomiti<\/title>\n<meta name=\"robots\" content=\"index, follow, max-snippet:-1, max-image-preview:large, max-video-preview:-1\" \/>\n<link rel=\"canonical\" href=\"https:\/\/www.bellunopress.it\/fr\/2023\/11\/16\/ponte-nelle-alpi-approvato-il-nuovo-bonus-sport-facciamo-squadra-con-le-famiglie\/\" \/>\n<meta property=\"og:locale\" content=\"fr_FR\" \/>\n<meta property=\"og:type\" content=\"article\" \/>\n<meta property=\"og:title\" content=\"Ponte nelle Alpi. Approvato il nuovo &quot;bonus sport&quot;: \u00abFacciamo squadra con le famiglie\u00bb - Bellunopress - Dolomiti\" \/>\n<meta property=\"og:description\" content=\"Da alcuni anni, l&#8217;amministrazione comunale di Ponte nelle Alpi aiuta le famiglie a sostenere i costi delle attivit\u00e0 sportive dei figli: calcio, ginnastica, basket, atletica, pallavolo e tante altre attivit\u00e0 possono essere praticate dai giovani con l&#8217;ausilio del &#8220;bonus sport&#8221;. L&#8217;iniziativa si intitola &#8220;Facciamo squadra con le famiglie&#8221; ed \u00e8 stata presentata ieri (mercoled\u00ec 15 [&hellip;]\" \/>\n<meta property=\"og:url\" content=\"https:\/\/www.bellunopress.it\/fr\/2023\/11\/16\/ponte-nelle-alpi-approvato-il-nuovo-bonus-sport-facciamo-squadra-con-le-famiglie\/\" \/>\n<meta property=\"og:site_name\" content=\"Bellunopress - Dolomiti\" \/>\n<meta property=\"article:publisher\" content=\"https:\/\/www.facebook.com\/profile.php?id=100008943462799\" \/>\n<meta property=\"article:published_time\" content=\"2023-11-16T14:43:44+00:00\" \/>\n<meta property=\"og:image\" content=\"https:\/\/www.bellunopress.it\/wp-content\/uploads\/2020\/10\/Lucia-Da-Rold-vicesindaco-Ponte-nelle-Alpi_edited.jpg\" \/>\n\t<meta property=\"og:image:width\" content=\"487\" \/>\n\t<meta property=\"og:image:height\" content=\"649\" \/>\n\t<meta property=\"og:image:type\" content=\"image\/jpeg\" \/>\n<meta name=\"author\" content=\"redazione\" \/>\n<meta name=\"twitter:card\" content=\"summary_large_image\" \/>\n<meta name=\"twitter:creator\" content=\"@bellunopress\" \/>\n<meta name=\"twitter:site\" content=\"@bellunopress\" \/>\n<meta name=\"twitter:label1\" content=\"Written by\" \/>\n\t<meta name=\"twitter:data1\" content=\"redazione\" \/>\n\t<meta name=\"twitter:label2\" content=\"Est. reading time\" \/>\n\t<meta name=\"twitter:data2\" content=\"2 minutes\" \/>\n<script type=\"application\/ld+json\" class=\"yoast-schema-graph\">{\"@context\":\"https:\\\/\\\/schema.org\",\"@graph\":[{\"@type\":\"Article\",\"@id\":\"https:\\\/\\\/www.bellunopress.it\\\/2023\\\/11\\\/16\\\/ponte-nelle-alpi-approvato-il-nuovo-bonus-sport-facciamo-squadra-con-le-famiglie\\\/#article\",\"isPartOf\":{\"@id\":\"https:\\\/\\\/www.bellunopress.it\\\/2023\\\/11\\\/16\\\/ponte-nelle-alpi-approvato-il-nuovo-bonus-sport-facciamo-squadra-con-le-famiglie\\\/\"},\"author\":{\"name\":\"redazione\",\"@id\":\"https:\\\/\\\/www.bellunopress.it\\\/#\\\/schema\\\/person\\\/79bb06722b37ece1c03d3e94beb30d73\"},\"headline\":\"Ponte nelle Alpi. Approvato il nuovo &#8220;bonus sport&#8221;: \u00abFacciamo squadra con le famiglie\u00bb\",\"datePublished\":\"2023-11-16T14:43:44+00:00\",\"mainEntityOfPage\":{\"@id\":\"https:\\\/\\\/www.bellunopress.it\\\/2023\\\/11\\\/16\\\/ponte-nelle-alpi-approvato-il-nuovo-bonus-sport-facciamo-squadra-con-le-famiglie\\\/\"},\"wordCount\":391,\"publisher\":{\"@id\":\"https:\\\/\\\/www.bellunopress.it\\\/#organization\"},\"image\":{\"@id\":\"https:\\\/\\\/www.bellunopress.it\\\/2023\\\/11\\\/16\\\/ponte-nelle-alpi-approvato-il-nuovo-bonus-sport-facciamo-squadra-con-le-famiglie\\\/#primaryimage\"},\"thumbnailUrl\":\"https:\\\/\\\/www.bellunopress.it\\\/wp-content\\\/uploads\\\/2020\\\/10\\\/Lucia-Da-Rold-vicesindaco-Ponte-nelle-Alpi_edited.jpg\",\"articleSection\":[\"Cronaca\\\/Politica\"],\"inLanguage\":\"fr-FR\"},{\"@type\":\"WebPage\",\"@id\":\"https:\\\/\\\/www.bellunopress.it\\\/2023\\\/11\\\/16\\\/ponte-nelle-alpi-approvato-il-nuovo-bonus-sport-facciamo-squadra-con-le-famiglie\\\/\",\"url\":\"https:\\\/\\\/www.bellunopress.it\\\/2023\\\/11\\\/16\\\/ponte-nelle-alpi-approvato-il-nuovo-bonus-sport-facciamo-squadra-con-le-famiglie\\\/\",\"name\":\"Ponte nelle Alpi. Approvato il nuovo \\\"bonus sport\\\": \u00abFacciamo squadra con le famiglie\u00bb - Bellunopress - Dolomiti\",\"isPartOf\":{\"@id\":\"https:\\\/\\\/www.bellunopress.it\\\/#website\"},\"primaryImageOfPage\":{\"@id\":\"https:\\\/\\\/www.bellunopress.it\\\/2023\\\/11\\\/16\\\/ponte-nelle-alpi-approvato-il-nuovo-bonus-sport-facciamo-squadra-con-le-famiglie\\\/#primaryimage\"},\"image\":{\"@id\":\"https:\\\/\\\/www.bellunopress.it\\\/2023\\\/11\\\/16\\\/ponte-nelle-alpi-approvato-il-nuovo-bonus-sport-facciamo-squadra-con-le-famiglie\\\/#primaryimage\"},\"thumbnailUrl\":\"https:\\\/\\\/www.bellunopress.it\\\/wp-content\\\/uploads\\\/2020\\\/10\\\/Lucia-Da-Rold-vicesindaco-Ponte-nelle-Alpi_edited.jpg\",\"datePublished\":\"2023-11-16T14:43:44+00:00\",\"breadcrumb\":{\"@id\":\"https:\\\/\\\/www.bellunopress.it\\\/2023\\\/11\\\/16\\\/ponte-nelle-alpi-approvato-il-nuovo-bonus-sport-facciamo-squadra-con-le-famiglie\\\/#breadcrumb\"},\"inLanguage\":\"fr-FR\",\"potentialAction\":[{\"@type\":\"ReadAction\",\"target\":[\"https:\\\/\\\/www.bellunopress.it\\\/2023\\\/11\\\/16\\\/ponte-nelle-alpi-approvato-il-nuovo-bonus-sport-facciamo-squadra-con-le-famiglie\\\/\"]}]},{\"@type\":\"ImageObject\",\"inLanguage\":\"fr-FR\",\"@id\":\"https:\\\/\\\/www.bellunopress.it\\\/2023\\\/11\\\/16\\\/ponte-nelle-alpi-approvato-il-nuovo-bonus-sport-facciamo-squadra-con-le-famiglie\\\/#primaryimage\",\"url\":\"https:\\\/\\\/www.bellunopress.it\\\/wp-content\\\/uploads\\\/2020\\\/10\\\/Lucia-Da-Rold-vicesindaco-Ponte-nelle-Alpi_edited.jpg\",\"contentUrl\":\"https:\\\/\\\/www.bellunopress.it\\\/wp-content\\\/uploads\\\/2020\\\/10\\\/Lucia-Da-Rold-vicesindaco-Ponte-nelle-Alpi_edited.jpg\",\"width\":487,\"height\":649,\"caption\":\"Lucia Da Rold, vicesindaco di Ponte nelle Alpi e vicepresidente Provincia con deleghe all'edilizia scolastica, welfare, volontariato e sociale, e pari opportunit\u00e0.\"},{\"@type\":\"BreadcrumbList\",\"@id\":\"https:\\\/\\\/www.bellunopress.it\\\/2023\\\/11\\\/16\\\/ponte-nelle-alpi-approvato-il-nuovo-bonus-sport-facciamo-squadra-con-le-famiglie\\\/#breadcrumb\",\"itemListElement\":[{\"@type\":\"ListItem\",\"position\":1,\"name\":\"Home\",\"item\":\"https:\\\/\\\/www.bellunopress.it\\\/\"},{\"@type\":\"ListItem\",\"position\":2,\"name\":\"Ponte nelle Alpi. Approvato il nuovo &#8220;bonus sport&#8221;: \u00abFacciamo squadra con le famiglie\u00bb\"}]},{\"@type\":\"WebSite\",\"@id\":\"https:\\\/\\\/www.bellunopress.it\\\/#website\",\"url\":\"https:\\\/\\\/www.bellunopress.it\\\/\",\"name\":\"Bellunopress - Dolomiti\",\"description\":\"e-mail: redazione@bellunopress.it\",\"publisher\":{\"@id\":\"https:\\\/\\\/www.bellunopress.it\\\/#organization\"},\"potentialAction\":[{\"@type\":\"SearchAction\",\"target\":{\"@type\":\"EntryPoint\",\"urlTemplate\":\"https:\\\/\\\/www.bellunopress.it\\\/?s={search_term_string}\"},\"query-input\":{\"@type\":\"PropertyValueSpecification\",\"valueRequired\":true,\"valueName\":\"search_term_string\"}}],\"inLanguage\":\"fr-FR\"},{\"@type\":\"Organization\",\"@id\":\"https:\\\/\\\/www.bellunopress.it\\\/#organization\",\"name\":\"Bellunopress\",\"url\":\"https:\\\/\\\/www.bellunopress.it\\\/\",\"logo\":{\"@type\":\"ImageObject\",\"inLanguage\":\"fr-FR\",\"@id\":\"https:\\\/\\\/www.bellunopress.it\\\/#\\\/schema\\\/logo\\\/image\\\/\",\"url\":\"https:\\\/\\\/www.bellunopress.it\\\/wp-content\\\/uploads\\\/2011\\\/05\\\/cropped-logo-bellunopress-.jpg\",\"contentUrl\":\"https:\\\/\\\/www.bellunopress.it\\\/wp-content\\\/uploads\\\/2011\\\/05\\\/cropped-logo-bellunopress-.jpg\",\"width\":512,\"height\":512,\"caption\":\"Bellunopress\"},\"image\":{\"@id\":\"https:\\\/\\\/www.bellunopress.it\\\/#\\\/schema\\\/logo\\\/image\\\/\"},\"sameAs\":[\"https:\\\/\\\/www.facebook.com\\\/profile.php?id=100008943462799\",\"https:\\\/\\\/x.com\\\/bellunopress\",\"https:\\\/\\\/www.linkedin.com\\\/hp\\\/?dnr=JBzUWaJfMUw8vbXJJ2tVW5-I3jZKvC4wsoxE&amp;amp;amp;amp;amp;amp;trk=nav_responsive_tab_home\",\"https:\\\/\\\/www.youtube.com\\\/channel\\\/UCxL0wu1uN0_3_7hGG0306cw\"]},{\"@type\":\"Person\",\"@id\":\"https:\\\/\\\/www.bellunopress.it\\\/#\\\/schema\\\/person\\\/79bb06722b37ece1c03d3e94beb30d73\",\"name\":\"redazione\",\"image\":{\"@type\":\"ImageObject\",\"inLanguage\":\"fr-FR\",\"@id\":\"https:\\\/\\\/secure.gravatar.com\\\/avatar\\\/37d968a2e67a6fd04c169c4bdef102d0bc5d31b2546345219e348575eb80e9a0?s=96&d=mm&r=g\",\"url\":\"https:\\\/\\\/secure.gravatar.com\\\/avatar\\\/37d968a2e67a6fd04c169c4bdef102d0bc5d31b2546345219e348575eb80e9a0?s=96&d=mm&r=g\",\"contentUrl\":\"https:\\\/\\\/secure.gravatar.com\\\/avatar\\\/37d968a2e67a6fd04c169c4bdef102d0bc5d31b2546345219e348575eb80e9a0?s=96&d=mm&r=g\",\"caption\":\"redazione\"},\"sameAs\":[\"http:\\\/\\\/www.bellunopress.it\",\"https:\\\/\\\/x.com\\\/bellunopress\"],\"url\":\"https:\\\/\\\/www.bellunopress.it\\\/fr\\\/author\\\/redazione\\\/\"}]}<\/script>\n<!-- \/ Yoast SEO plugin. -->","yoast_head_json":{"title":"Ponte nelle Alpi. Approvato il nuovo \"bonus sport\": \u00abFacciamo squadra con le famiglie\u00bb - Bellunopress - Dolomiti","robots":{"index":"index","follow":"follow","max-snippet":"max-snippet:-1","max-image-preview":"max-image-preview:large","max-video-preview":"max-video-preview:-1"},"canonical":"https:\/\/www.bellunopress.it\/fr\/2023\/11\/16\/ponte-nelle-alpi-approvato-il-nuovo-bonus-sport-facciamo-squadra-con-le-famiglie\/","og_locale":"fr_FR","og_type":"article","og_title":"Ponte nelle Alpi. Approvato il nuovo \"bonus sport\": \u00abFacciamo squadra con le famiglie\u00bb - Bellunopress - Dolomiti","og_description":"Da alcuni anni, l&#8217;amministrazione comunale di Ponte nelle Alpi aiuta le famiglie a sostenere i costi delle attivit\u00e0 sportive dei figli: calcio, ginnastica, basket, atletica, pallavolo e tante altre attivit\u00e0 possono essere praticate dai giovani con l&#8217;ausilio del &#8220;bonus sport&#8221;. L&#8217;iniziativa si intitola &#8220;Facciamo squadra con le famiglie&#8221; ed \u00e8 stata presentata ieri (mercoled\u00ec 15 [&hellip;]","og_url":"https:\/\/www.bellunopress.it\/fr\/2023\/11\/16\/ponte-nelle-alpi-approvato-il-nuovo-bonus-sport-facciamo-squadra-con-le-famiglie\/","og_site_name":"Bellunopress - Dolomiti","article_publisher":"https:\/\/www.facebook.com\/profile.php?id=100008943462799","article_published_time":"2023-11-16T14:43:44+00:00","og_image":[{"width":487,"height":649,"url":"https:\/\/www.bellunopress.it\/wp-content\/uploads\/2020\/10\/Lucia-Da-Rold-vicesindaco-Ponte-nelle-Alpi_edited.jpg","type":"image\/jpeg"}],"author":"redazione","twitter_card":"summary_large_image","twitter_creator":"@bellunopress","twitter_site":"@bellunopress","twitter_misc":{"Written by":"redazione","Est. reading time":"2 minutes"},"schema":{"@context":"https:\/\/schema.org","@graph":[{"@type":"Article","@id":"https:\/\/www.bellunopress.it\/2023\/11\/16\/ponte-nelle-alpi-approvato-il-nuovo-bonus-sport-facciamo-squadra-con-le-famiglie\/#article","isPartOf":{"@id":"https:\/\/www.bellunopress.it\/2023\/11\/16\/ponte-nelle-alpi-approvato-il-nuovo-bonus-sport-facciamo-squadra-con-le-famiglie\/"},"author":{"name":"redazione","@id":"https:\/\/www.bellunopress.it\/#\/schema\/person\/79bb06722b37ece1c03d3e94beb30d73"},"headline":"Ponte nelle Alpi. Approvato il nuovo &#8220;bonus sport&#8221;: \u00abFacciamo squadra con le famiglie\u00bb","datePublished":"2023-11-16T14:43:44+00:00","mainEntityOfPage":{"@id":"https:\/\/www.bellunopress.it\/2023\/11\/16\/ponte-nelle-alpi-approvato-il-nuovo-bonus-sport-facciamo-squadra-con-le-famiglie\/"},"wordCount":391,"publisher":{"@id":"https:\/\/www.bellunopress.it\/#organization"},"image":{"@id":"https:\/\/www.bellunopress.it\/2023\/11\/16\/ponte-nelle-alpi-approvato-il-nuovo-bonus-sport-facciamo-squadra-con-le-famiglie\/#primaryimage"},"thumbnailUrl":"https:\/\/www.bellunopress.it\/wp-content\/uploads\/2020\/10\/Lucia-Da-Rold-vicesindaco-Ponte-nelle-Alpi_edited.jpg","articleSection":["Cronaca\/Politica"],"inLanguage":"fr-FR"},{"@type":"WebPage","@id":"https:\/\/www.bellunopress.it\/2023\/11\/16\/ponte-nelle-alpi-approvato-il-nuovo-bonus-sport-facciamo-squadra-con-le-famiglie\/","url":"https:\/\/www.bellunopress.it\/2023\/11\/16\/ponte-nelle-alpi-approvato-il-nuovo-bonus-sport-facciamo-squadra-con-le-famiglie\/","name":"Ponte nelle Alpi. Approvato il nuovo \"bonus sport\": \u00abFacciamo squadra con le famiglie\u00bb - Bellunopress - Dolomiti","isPartOf":{"@id":"https:\/\/www.bellunopress.it\/#website"},"primaryImageOfPage":{"@id":"https:\/\/www.bellunopress.it\/2023\/11\/16\/ponte-nelle-alpi-approvato-il-nuovo-bonus-sport-facciamo-squadra-con-le-famiglie\/#primaryimage"},"image":{"@id":"https:\/\/www.bellunopress.it\/2023\/11\/16\/ponte-nelle-alpi-approvato-il-nuovo-bonus-sport-facciamo-squadra-con-le-famiglie\/#primaryimage"},"thumbnailUrl":"https:\/\/www.bellunopress.it\/wp-content\/uploads\/2020\/10\/Lucia-Da-Rold-vicesindaco-Ponte-nelle-Alpi_edited.jpg","datePublished":"2023-11-16T14:43:44+00:00","breadcrumb":{"@id":"https:\/\/www.bellunopress.it\/2023\/11\/16\/ponte-nelle-alpi-approvato-il-nuovo-bonus-sport-facciamo-squadra-con-le-famiglie\/#breadcrumb"},"inLanguage":"fr-FR","potentialAction":[{"@type":"ReadAction","target":["https:\/\/www.bellunopress.it\/2023\/11\/16\/ponte-nelle-alpi-approvato-il-nuovo-bonus-sport-facciamo-squadra-con-le-famiglie\/"]}]},{"@type":"ImageObject","inLanguage":"fr-FR","@id":"https:\/\/www.bellunopress.it\/2023\/11\/16\/ponte-nelle-alpi-approvato-il-nuovo-bonus-sport-facciamo-squadra-con-le-famiglie\/#primaryimage","url":"https:\/\/www.bellunopress.it\/wp-content\/uploads\/2020\/10\/Lucia-Da-Rold-vicesindaco-Ponte-nelle-Alpi_edited.jpg","contentUrl":"https:\/\/www.bellunopress.it\/wp-content\/uploads\/2020\/10\/Lucia-Da-Rold-vicesindaco-Ponte-nelle-Alpi_edited.jpg","width":487,"height":649,"caption":"Lucia Da Rold, vicesindaco di Ponte nelle Alpi e vicepresidente Provincia con deleghe all'edilizia scolastica, welfare, volontariato e sociale, e pari opportunit\u00e0."},{"@type":"BreadcrumbList","@id":"https:\/\/www.bellunopress.it\/2023\/11\/16\/ponte-nelle-alpi-approvato-il-nuovo-bonus-sport-facciamo-squadra-con-le-famiglie\/#breadcrumb","itemListElement":[{"@type":"ListItem","position":1,"name":"Home","item":"https:\/\/www.bellunopress.it\/"},{"@type":"ListItem","position":2,"name":"Ponte nelle Alpi. Approvato il nuovo &#8220;bonus sport&#8221;: \u00abFacciamo squadra con le famiglie\u00bb"}]},{"@type":"WebSite","@id":"https:\/\/www.bellunopress.it\/#website","url":"https:\/\/www.bellunopress.it\/","name":"Bellunopress - Dolomiti","description":"e-mail: redazione@bellunopress.it","publisher":{"@id":"https:\/\/www.bellunopress.it\/#organization"},"potentialAction":[{"@type":"SearchAction","target":{"@type":"EntryPoint","urlTemplate":"https:\/\/www.bellunopress.it\/?s={search_term_string}"},"query-input":{"@type":"PropertyValueSpecification","valueRequired":true,"valueName":"search_term_string"}}],"inLanguage":"fr-FR"},{"@type":"Organization","@id":"https:\/\/www.bellunopress.it\/#organization","name":"Bellunopress","url":"https:\/\/www.bellunopress.it\/","logo":{"@type":"ImageObject","inLanguage":"fr-FR","@id":"https:\/\/www.bellunopress.it\/#\/schema\/logo\/image\/","url":"https:\/\/www.bellunopress.it\/wp-content\/uploads\/2011\/05\/cropped-logo-bellunopress-.jpg","contentUrl":"https:\/\/www.bellunopress.it\/wp-content\/uploads\/2011\/05\/cropped-logo-bellunopress-.jpg","width":512,"height":512,"caption":"Bellunopress"},"image":{"@id":"https:\/\/www.bellunopress.it\/#\/schema\/logo\/image\/"},"sameAs":["https:\/\/www.facebook.com\/profile.php?id=100008943462799","https:\/\/x.com\/bellunopress","https:\/\/www.linkedin.com\/hp\/?dnr=JBzUWaJfMUw8vbXJJ2tVW5-I3jZKvC4wsoxE&amp;amp;amp;amp;amp;amp;trk=nav_responsive_tab_home","https:\/\/www.youtube.com\/channel\/UCxL0wu1uN0_3_7hGG0306cw"]},{"@type":"Person","@id":"https:\/\/www.bellunopress.it\/#\/schema\/person\/79bb06722b37ece1c03d3e94beb30d73","name":"r\u00e9daction","image":{"@type":"ImageObject","inLanguage":"fr-FR","@id":"https:\/\/secure.gravatar.com\/avatar\/37d968a2e67a6fd04c169c4bdef102d0bc5d31b2546345219e348575eb80e9a0?s=96&d=mm&r=g","url":"https:\/\/secure.gravatar.com\/avatar\/37d968a2e67a6fd04c169c4bdef102d0bc5d31b2546345219e348575eb80e9a0?s=96&d=mm&r=g","contentUrl":"https:\/\/secure.gravatar.com\/avatar\/37d968a2e67a6fd04c169c4bdef102d0bc5d31b2546345219e348575eb80e9a0?s=96&d=mm&r=g","caption":"redazione"},"sameAs":["http:\/\/www.bellunopress.it","https:\/\/x.com\/bellunopress"],"url":"https:\/\/www.bellunopress.it\/fr\/author\/redazione\/"}]}},"_links":{"self":[{"href":"https:\/\/www.bellunopress.it\/fr\/wp-json\/wp\/v2\/posts\/145958","targetHints":{"allow":["GET"]}}],"collection":[{"href":"https:\/\/www.bellunopress.it\/fr\/wp-json\/wp\/v2\/posts"}],"about":[{"href":"https:\/\/www.bellunopress.it\/fr\/wp-json\/wp\/v2\/types\/post"}],"author":[{"embeddable":true,"href":"https:\/\/www.bellunopress.it\/fr\/wp-json\/wp\/v2\/users\/2"}],"replies":[{"embeddable":true,"href":"https:\/\/www.bellunopress.it\/fr\/wp-json\/wp\/v2\/comments?post=145958"}],"version-history":[{"count":1,"href":"https:\/\/www.bellunopress.it\/fr\/wp-json\/wp\/v2\/posts\/145958\/revisions"}],"predecessor-version":[{"id":145959,"href":"https:\/\/www.bellunopress.it\/fr\/wp-json\/wp\/v2\/posts\/145958\/revisions\/145959"}],"wp:featuredmedia":[{"embeddable":true,"href":"https:\/\/www.bellunopress.it\/fr\/wp-json\/wp\/v2\/media\/118699"}],"wp:attachment":[{"href":"https:\/\/www.bellunopress.it\/fr\/wp-json\/wp\/v2\/media?parent=145958"}],"wp:term":[{"taxonomy":"category","embeddable":true,"href":"https:\/\/www.bellunopress.it\/fr\/wp-json\/wp\/v2\/categories?post=145958"},{"taxonomy":"post_tag","embeddable":true,"href":"https:\/\/www.bellunopress.it\/fr\/wp-json\/wp\/v2\/tags?post=145958"}],"curies":[{"name":"wp","href":"https:\/\/api.w.org\/{rel}","templated":true}]}}