{"id":145956,"date":"2023-11-16T12:34:34","date_gmt":"2023-11-16T11:34:34","guid":{"rendered":"https:\/\/www.bellunopress.it\/?p=145956"},"modified":"2023-11-16T15:37:40","modified_gmt":"2023-11-16T14:37:40","slug":"torna-emozioniamoci-corso-gratuito-sulle-emozioni-a-belluno-in-sala-bianchi-per-4-sabati-di-dicembre","status":"publish","type":"post","link":"https:\/\/www.bellunopress.it\/fr\/2023\/11\/16\/torna-emozioniamoci-corso-gratuito-sulle-emozioni-a-belluno-in-sala-bianchi-per-4-sabati-di-dicembre\/","title":{"rendered":"Torna &#8220;Emozioniamoci&#8221;, corso gratuito sulle emozioni. A Belluno in sala Bianchi. per 4 sabati di dicembre"},"content":{"rendered":"<p><em><strong>Per i giovani tra i 18 e i 26 anni, con la psicologa psicoterapeuta Giovanna Ninni<\/strong><\/em><\/p>\n<figure id=\"attachment_137144\" aria-describedby=\"caption-attachment-137144\" style=\"width: 802px\" class=\"wp-caption alignleft\"><img loading=\"lazy\" decoding=\"async\" class=\"size-full wp-image-137144\" src=\"https:\/\/www.bellunopress.it\/wp-content\/uploads\/2022\/10\/Roberta-Olivotto_edited.jpg\" alt=\"\" width=\"802\" height=\"1000\" srcset=\"https:\/\/www.bellunopress.it\/wp-content\/uploads\/2022\/10\/Roberta-Olivotto_edited.jpg 802w, https:\/\/www.bellunopress.it\/wp-content\/uploads\/2022\/10\/Roberta-Olivotto_edited-401x500.jpg 401w, https:\/\/www.bellunopress.it\/wp-content\/uploads\/2022\/10\/Roberta-Olivotto_edited-696x868.jpg 696w, https:\/\/www.bellunopress.it\/wp-content\/uploads\/2022\/10\/Roberta-Olivotto_edited-337x420.jpg 337w\" sizes=\"auto, (max-width: 802px) 100vw, 802px\" \/><figcaption id=\"caption-attachment-137144\" class=\"wp-caption-text\">Roberta Olivotto, assessore alle Politiche giovanili del Comune di Belluno<\/figcaption><\/figure>\n<p>Torna, dopo l\u2019esperienza della scorsa primavera, \u201cEmozioniamoci\u201d, la proposta che il Comune di Belluno organizza in collaborazione con la psicologa psicoterapeuta Giovanna Ninni.<br \/>\nSi tratta di un corso gratuito rivolto ai giovani tra i 18 e i 26 anni, dedicato alla scoperta del mondo emotivo, delle sue difficolt\u00e0 e delle sue risorse, sia personali che relazionali.<\/p>\n<p>\u201cLe emozioni, anche quelle negative, non sono nemici da combattere o da temere \u2013 commenta l\u2019assessore alle politiche giovanili, Roberta Olivotto -. Vivere le emozioni, anche quelle sgradevoli, come rabbia, paura e vergogna, \u00e8 un passaggio necessario per crescere. Le emozioni vanno accolte, ascoltate e, per superarne la sgradevolezza, comprese, per superare il disagio che esse provocano e trasformarle in risorse. Esse esistono e sono utili. Ma \u00e8 necessario quindi allenarsi a riconoscere le emozioni in s\u00e9 e negli altri, rendersi conto di come queste condizionino la nostra vita quotidiana, le nostre relazioni e la percezione di noi stessi. E\u2019 questa la ragione per cui abbiamo pensato di offrire gratuitamente a ragazze e ragazzi questo percorso condotto da una professionista che ha lungamente lavorato su questo aspetto\u201d.<\/p>\n<p>In quattro incontri di circa un\u2019ora e mezza ciascuno, che si svolgeranno nella Sala \u201cBianchi\u201d di viale Fantuzzi 11, dalle 15 alle 16.30, nei sabati del 2, 9, 16 e 23 dicembre, la psicologa psicoterapeuta Giovanni Ninni guider\u00e0 i piccoli gruppi in un percorso dedicato alle emozioni: che cosa sono, come funzionano, come si esprimono, a cosa servono e come possiamo utilizzarle per diventare pi\u00f9 felici?<br \/>\nCome recita il sottotitolo &#8220;Quando sei felice, tutto di te \u00e8 felice, perfino i capelli&#8221;, la proposta vuole offrire chiavi di lettura per un argomento cos\u00ec vasto, al fine di dare la possibilit\u00e0 alle persone di gestire al meglio, in ambito personale e anche professionale, quello che \u00e8 un autentico serbatoio di risorse.<\/p>\n<p>Chi fosse interessato alla partecipazione o volesse maggiori informazioni pu\u00f2 scrivere, prima dell\u2019inizio del corso, all\u2019indirizzo email gio.ninni53@gmail.com<\/p>","protected":false},"excerpt":{"rendered":"<p>Per i giovani tra i 18 e i 26 anni, con la psicologa psicoterapeuta Giovanna Ninni Torna, dopo l\u2019esperienza della scorsa primavera, \u201cEmozioniamoci\u201d, la proposta che il Comune di Belluno organizza in collaborazione con la psicologa psicoterapeuta Giovanna Ninni. Si tratta di un corso gratuito rivolto ai giovani tra i 18 e i 26 anni, [&hellip;]<\/p>\n","protected":false},"author":2,"featured_media":137144,"comment_status":"closed","ping_status":"open","sticky":false,"template":"","format":"standard","meta":{"footnotes":""},"categories":[25,4],"tags":[],"class_list":["post-145956","post","type-post","status-publish","format-standard","has-post-thumbnail","category-pausa-caffe","category-sport"],"yoast_head":"<!-- This site is optimized with the Yoast SEO plugin v28.4 - https:\/\/yoast.com\/product\/yoast-seo-wordpress\/ -->\n<title>Torna &quot;Emozioniamoci&quot;, corso gratuito sulle emozioni. A Belluno in sala Bianchi. per 4 sabati di dicembre - Bellunopress - Dolomiti<\/title>\n<meta name=\"robots\" content=\"index, follow, max-snippet:-1, max-image-preview:large, max-video-preview:-1\" \/>\n<link rel=\"canonical\" href=\"https:\/\/www.bellunopress.it\/fr\/2023\/11\/16\/torna-emozioniamoci-corso-gratuito-sulle-emozioni-a-belluno-in-sala-bianchi-per-4-sabati-di-dicembre\/\" \/>\n<meta property=\"og:locale\" content=\"fr_FR\" \/>\n<meta property=\"og:type\" content=\"article\" \/>\n<meta property=\"og:title\" content=\"Torna &quot;Emozioniamoci&quot;, corso gratuito sulle emozioni. A Belluno in sala Bianchi. per 4 sabati di dicembre - Bellunopress - Dolomiti\" \/>\n<meta property=\"og:description\" content=\"Per i giovani tra i 18 e i 26 anni, con la psicologa psicoterapeuta Giovanna Ninni Torna, dopo l\u2019esperienza della scorsa primavera, \u201cEmozioniamoci\u201d, la proposta che il Comune di Belluno organizza in collaborazione con la psicologa psicoterapeuta Giovanna Ninni. Si tratta di un corso gratuito rivolto ai giovani tra i 18 e i 26 anni, [&hellip;]\" \/>\n<meta property=\"og:url\" content=\"https:\/\/www.bellunopress.it\/fr\/2023\/11\/16\/torna-emozioniamoci-corso-gratuito-sulle-emozioni-a-belluno-in-sala-bianchi-per-4-sabati-di-dicembre\/\" \/>\n<meta property=\"og:site_name\" content=\"Bellunopress - Dolomiti\" \/>\n<meta property=\"article:publisher\" content=\"https:\/\/www.facebook.com\/profile.php?id=100008943462799\" \/>\n<meta property=\"article:published_time\" content=\"2023-11-16T11:34:34+00:00\" \/>\n<meta property=\"article:modified_time\" content=\"2023-11-16T14:37:40+00:00\" \/>\n<meta property=\"og:image\" content=\"https:\/\/www.bellunopress.it\/wp-content\/uploads\/2022\/10\/Roberta-Olivotto_edited.jpg\" \/>\n\t<meta property=\"og:image:width\" content=\"802\" \/>\n\t<meta property=\"og:image:height\" content=\"1000\" \/>\n\t<meta property=\"og:image:type\" content=\"image\/jpeg\" \/>\n<meta name=\"author\" content=\"redazione\" \/>\n<meta name=\"twitter:card\" content=\"summary_large_image\" \/>\n<meta name=\"twitter:creator\" content=\"@bellunopress\" \/>\n<meta name=\"twitter:site\" content=\"@bellunopress\" \/>\n<meta name=\"twitter:label1\" content=\"\u00c9crit par\" \/>\n\t<meta name=\"twitter:data1\" content=\"redazione\" \/>\n\t<meta name=\"twitter:label2\" content=\"Dur\u00e9e de lecture estim\u00e9e\" \/>\n\t<meta name=\"twitter:data2\" content=\"2 minutes\" \/>\n<script type=\"application\/ld+json\" class=\"yoast-schema-graph\">{\"@context\":\"https:\\\/\\\/schema.org\",\"@graph\":[{\"@type\":\"Article\",\"@id\":\"https:\\\/\\\/www.bellunopress.it\\\/2023\\\/11\\\/16\\\/torna-emozioniamoci-corso-gratuito-sulle-emozioni-a-belluno-in-sala-bianchi-per-4-sabati-di-dicembre\\\/#article\",\"isPartOf\":{\"@id\":\"https:\\\/\\\/www.bellunopress.it\\\/2023\\\/11\\\/16\\\/torna-emozioniamoci-corso-gratuito-sulle-emozioni-a-belluno-in-sala-bianchi-per-4-sabati-di-dicembre\\\/\"},\"author\":{\"name\":\"redazione\",\"@id\":\"https:\\\/\\\/www.bellunopress.it\\\/#\\\/schema\\\/person\\\/79bb06722b37ece1c03d3e94beb30d73\"},\"headline\":\"Torna &#8220;Emozioniamoci&#8221;, corso gratuito sulle emozioni. A Belluno in sala Bianchi. per 4 sabati di dicembre\",\"datePublished\":\"2023-11-16T11:34:34+00:00\",\"dateModified\":\"2023-11-16T14:37:40+00:00\",\"mainEntityOfPage\":{\"@id\":\"https:\\\/\\\/www.bellunopress.it\\\/2023\\\/11\\\/16\\\/torna-emozioniamoci-corso-gratuito-sulle-emozioni-a-belluno-in-sala-bianchi-per-4-sabati-di-dicembre\\\/\"},\"wordCount\":360,\"publisher\":{\"@id\":\"https:\\\/\\\/www.bellunopress.it\\\/#organization\"},\"image\":{\"@id\":\"https:\\\/\\\/www.bellunopress.it\\\/2023\\\/11\\\/16\\\/torna-emozioniamoci-corso-gratuito-sulle-emozioni-a-belluno-in-sala-bianchi-per-4-sabati-di-dicembre\\\/#primaryimage\"},\"thumbnailUrl\":\"https:\\\/\\\/www.bellunopress.it\\\/wp-content\\\/uploads\\\/2022\\\/10\\\/Roberta-Olivotto_edited.jpg\",\"articleSection\":[\"Pausa Caff\u00e8\",\"Sport, tempo libero\"],\"inLanguage\":\"fr-FR\"},{\"@type\":\"WebPage\",\"@id\":\"https:\\\/\\\/www.bellunopress.it\\\/2023\\\/11\\\/16\\\/torna-emozioniamoci-corso-gratuito-sulle-emozioni-a-belluno-in-sala-bianchi-per-4-sabati-di-dicembre\\\/\",\"url\":\"https:\\\/\\\/www.bellunopress.it\\\/2023\\\/11\\\/16\\\/torna-emozioniamoci-corso-gratuito-sulle-emozioni-a-belluno-in-sala-bianchi-per-4-sabati-di-dicembre\\\/\",\"name\":\"Torna \\\"Emozioniamoci\\\", corso gratuito sulle emozioni. A Belluno in sala Bianchi. per 4 sabati di dicembre - Bellunopress - Dolomiti\",\"isPartOf\":{\"@id\":\"https:\\\/\\\/www.bellunopress.it\\\/#website\"},\"primaryImageOfPage\":{\"@id\":\"https:\\\/\\\/www.bellunopress.it\\\/2023\\\/11\\\/16\\\/torna-emozioniamoci-corso-gratuito-sulle-emozioni-a-belluno-in-sala-bianchi-per-4-sabati-di-dicembre\\\/#primaryimage\"},\"image\":{\"@id\":\"https:\\\/\\\/www.bellunopress.it\\\/2023\\\/11\\\/16\\\/torna-emozioniamoci-corso-gratuito-sulle-emozioni-a-belluno-in-sala-bianchi-per-4-sabati-di-dicembre\\\/#primaryimage\"},\"thumbnailUrl\":\"https:\\\/\\\/www.bellunopress.it\\\/wp-content\\\/uploads\\\/2022\\\/10\\\/Roberta-Olivotto_edited.jpg\",\"datePublished\":\"2023-11-16T11:34:34+00:00\",\"dateModified\":\"2023-11-16T14:37:40+00:00\",\"breadcrumb\":{\"@id\":\"https:\\\/\\\/www.bellunopress.it\\\/2023\\\/11\\\/16\\\/torna-emozioniamoci-corso-gratuito-sulle-emozioni-a-belluno-in-sala-bianchi-per-4-sabati-di-dicembre\\\/#breadcrumb\"},\"inLanguage\":\"fr-FR\",\"potentialAction\":[{\"@type\":\"ReadAction\",\"target\":[\"https:\\\/\\\/www.bellunopress.it\\\/2023\\\/11\\\/16\\\/torna-emozioniamoci-corso-gratuito-sulle-emozioni-a-belluno-in-sala-bianchi-per-4-sabati-di-dicembre\\\/\"]}]},{\"@type\":\"ImageObject\",\"inLanguage\":\"fr-FR\",\"@id\":\"https:\\\/\\\/www.bellunopress.it\\\/2023\\\/11\\\/16\\\/torna-emozioniamoci-corso-gratuito-sulle-emozioni-a-belluno-in-sala-bianchi-per-4-sabati-di-dicembre\\\/#primaryimage\",\"url\":\"https:\\\/\\\/www.bellunopress.it\\\/wp-content\\\/uploads\\\/2022\\\/10\\\/Roberta-Olivotto_edited.jpg\",\"contentUrl\":\"https:\\\/\\\/www.bellunopress.it\\\/wp-content\\\/uploads\\\/2022\\\/10\\\/Roberta-Olivotto_edited.jpg\",\"width\":802,\"height\":1000,\"caption\":\"Roberta Olivotto, assessore alla Scuola e alle Politiche giovanili del Comune di Belluno\"},{\"@type\":\"BreadcrumbList\",\"@id\":\"https:\\\/\\\/www.bellunopress.it\\\/2023\\\/11\\\/16\\\/torna-emozioniamoci-corso-gratuito-sulle-emozioni-a-belluno-in-sala-bianchi-per-4-sabati-di-dicembre\\\/#breadcrumb\",\"itemListElement\":[{\"@type\":\"ListItem\",\"position\":1,\"name\":\"Home\",\"item\":\"https:\\\/\\\/www.bellunopress.it\\\/\"},{\"@type\":\"ListItem\",\"position\":2,\"name\":\"Torna &#8220;Emozioniamoci&#8221;, corso gratuito sulle emozioni. A Belluno in sala Bianchi. per 4 sabati di dicembre\"}]},{\"@type\":\"WebSite\",\"@id\":\"https:\\\/\\\/www.bellunopress.it\\\/#website\",\"url\":\"https:\\\/\\\/www.bellunopress.it\\\/\",\"name\":\"Bellunopress - Dolomiti\",\"description\":\"e-mail: redazione@bellunopress.it\",\"publisher\":{\"@id\":\"https:\\\/\\\/www.bellunopress.it\\\/#organization\"},\"potentialAction\":[{\"@type\":\"SearchAction\",\"target\":{\"@type\":\"EntryPoint\",\"urlTemplate\":\"https:\\\/\\\/www.bellunopress.it\\\/?s={search_term_string}\"},\"query-input\":{\"@type\":\"PropertyValueSpecification\",\"valueRequired\":true,\"valueName\":\"search_term_string\"}}],\"inLanguage\":\"fr-FR\"},{\"@type\":\"Organization\",\"@id\":\"https:\\\/\\\/www.bellunopress.it\\\/#organization\",\"name\":\"Bellunopress\",\"url\":\"https:\\\/\\\/www.bellunopress.it\\\/\",\"logo\":{\"@type\":\"ImageObject\",\"inLanguage\":\"fr-FR\",\"@id\":\"https:\\\/\\\/www.bellunopress.it\\\/#\\\/schema\\\/logo\\\/image\\\/\",\"url\":\"https:\\\/\\\/www.bellunopress.it\\\/wp-content\\\/uploads\\\/2011\\\/05\\\/cropped-logo-bellunopress-.jpg\",\"contentUrl\":\"https:\\\/\\\/www.bellunopress.it\\\/wp-content\\\/uploads\\\/2011\\\/05\\\/cropped-logo-bellunopress-.jpg\",\"width\":512,\"height\":512,\"caption\":\"Bellunopress\"},\"image\":{\"@id\":\"https:\\\/\\\/www.bellunopress.it\\\/#\\\/schema\\\/logo\\\/image\\\/\"},\"sameAs\":[\"https:\\\/\\\/www.facebook.com\\\/profile.php?id=100008943462799\",\"https:\\\/\\\/x.com\\\/bellunopress\",\"https:\\\/\\\/www.linkedin.com\\\/hp\\\/?dnr=JBzUWaJfMUw8vbXJJ2tVW5-I3jZKvC4wsoxE&amp;amp;amp;amp;amp;amp;trk=nav_responsive_tab_home\",\"https:\\\/\\\/www.youtube.com\\\/channel\\\/UCxL0wu1uN0_3_7hGG0306cw\"]},{\"@type\":\"Person\",\"@id\":\"https:\\\/\\\/www.bellunopress.it\\\/#\\\/schema\\\/person\\\/79bb06722b37ece1c03d3e94beb30d73\",\"name\":\"redazione\",\"image\":{\"@type\":\"ImageObject\",\"inLanguage\":\"fr-FR\",\"@id\":\"https:\\\/\\\/secure.gravatar.com\\\/avatar\\\/37d968a2e67a6fd04c169c4bdef102d0bc5d31b2546345219e348575eb80e9a0?s=96&d=mm&r=g\",\"url\":\"https:\\\/\\\/secure.gravatar.com\\\/avatar\\\/37d968a2e67a6fd04c169c4bdef102d0bc5d31b2546345219e348575eb80e9a0?s=96&d=mm&r=g\",\"contentUrl\":\"https:\\\/\\\/secure.gravatar.com\\\/avatar\\\/37d968a2e67a6fd04c169c4bdef102d0bc5d31b2546345219e348575eb80e9a0?s=96&d=mm&r=g\",\"caption\":\"redazione\"},\"sameAs\":[\"http:\\\/\\\/www.bellunopress.it\",\"https:\\\/\\\/x.com\\\/bellunopress\"],\"url\":\"https:\\\/\\\/www.bellunopress.it\\\/fr\\\/author\\\/redazione\\\/\"}]}<\/script>\n<!-- \/ Yoast SEO plugin. -->","yoast_head_json":{"title":"Torna \"Emozioniamoci\", corso gratuito sulle emozioni. A Belluno in sala Bianchi. per 4 sabati di dicembre - Bellunopress - Dolomiti","robots":{"index":"index","follow":"follow","max-snippet":"max-snippet:-1","max-image-preview":"max-image-preview:large","max-video-preview":"max-video-preview:-1"},"canonical":"https:\/\/www.bellunopress.it\/fr\/2023\/11\/16\/torna-emozioniamoci-corso-gratuito-sulle-emozioni-a-belluno-in-sala-bianchi-per-4-sabati-di-dicembre\/","og_locale":"fr_FR","og_type":"article","og_title":"Torna \"Emozioniamoci\", corso gratuito sulle emozioni. A Belluno in sala Bianchi. per 4 sabati di dicembre - Bellunopress - Dolomiti","og_description":"Per i giovani tra i 18 e i 26 anni, con la psicologa psicoterapeuta Giovanna Ninni Torna, dopo l\u2019esperienza della scorsa primavera, \u201cEmozioniamoci\u201d, la proposta che il Comune di Belluno organizza in collaborazione con la psicologa psicoterapeuta Giovanna Ninni. Si tratta di un corso gratuito rivolto ai giovani tra i 18 e i 26 anni, [&hellip;]","og_url":"https:\/\/www.bellunopress.it\/fr\/2023\/11\/16\/torna-emozioniamoci-corso-gratuito-sulle-emozioni-a-belluno-in-sala-bianchi-per-4-sabati-di-dicembre\/","og_site_name":"Bellunopress - Dolomiti","article_publisher":"https:\/\/www.facebook.com\/profile.php?id=100008943462799","article_published_time":"2023-11-16T11:34:34+00:00","article_modified_time":"2023-11-16T14:37:40+00:00","og_image":[{"width":802,"height":1000,"url":"https:\/\/www.bellunopress.it\/wp-content\/uploads\/2022\/10\/Roberta-Olivotto_edited.jpg","type":"image\/jpeg"}],"author":"redazione","twitter_card":"summary_large_image","twitter_creator":"@bellunopress","twitter_site":"@bellunopress","twitter_misc":{"\u00c9crit par":"redazione","Dur\u00e9e de lecture estim\u00e9e":"2 minutes"},"schema":{"@context":"https:\/\/schema.org","@graph":[{"@type":"Article","@id":"https:\/\/www.bellunopress.it\/2023\/11\/16\/torna-emozioniamoci-corso-gratuito-sulle-emozioni-a-belluno-in-sala-bianchi-per-4-sabati-di-dicembre\/#article","isPartOf":{"@id":"https:\/\/www.bellunopress.it\/2023\/11\/16\/torna-emozioniamoci-corso-gratuito-sulle-emozioni-a-belluno-in-sala-bianchi-per-4-sabati-di-dicembre\/"},"author":{"name":"redazione","@id":"https:\/\/www.bellunopress.it\/#\/schema\/person\/79bb06722b37ece1c03d3e94beb30d73"},"headline":"Torna &#8220;Emozioniamoci&#8221;, corso gratuito sulle emozioni. A Belluno in sala Bianchi. per 4 sabati di dicembre","datePublished":"2023-11-16T11:34:34+00:00","dateModified":"2023-11-16T14:37:40+00:00","mainEntityOfPage":{"@id":"https:\/\/www.bellunopress.it\/2023\/11\/16\/torna-emozioniamoci-corso-gratuito-sulle-emozioni-a-belluno-in-sala-bianchi-per-4-sabati-di-dicembre\/"},"wordCount":360,"publisher":{"@id":"https:\/\/www.bellunopress.it\/#organization"},"image":{"@id":"https:\/\/www.bellunopress.it\/2023\/11\/16\/torna-emozioniamoci-corso-gratuito-sulle-emozioni-a-belluno-in-sala-bianchi-per-4-sabati-di-dicembre\/#primaryimage"},"thumbnailUrl":"https:\/\/www.bellunopress.it\/wp-content\/uploads\/2022\/10\/Roberta-Olivotto_edited.jpg","articleSection":["Pausa Caff\u00e8","Sport, tempo libero"],"inLanguage":"fr-FR"},{"@type":"WebPage","@id":"https:\/\/www.bellunopress.it\/2023\/11\/16\/torna-emozioniamoci-corso-gratuito-sulle-emozioni-a-belluno-in-sala-bianchi-per-4-sabati-di-dicembre\/","url":"https:\/\/www.bellunopress.it\/2023\/11\/16\/torna-emozioniamoci-corso-gratuito-sulle-emozioni-a-belluno-in-sala-bianchi-per-4-sabati-di-dicembre\/","name":"Torna \"Emozioniamoci\", corso gratuito sulle emozioni. A Belluno in sala Bianchi. per 4 sabati di dicembre - Bellunopress - Dolomiti","isPartOf":{"@id":"https:\/\/www.bellunopress.it\/#website"},"primaryImageOfPage":{"@id":"https:\/\/www.bellunopress.it\/2023\/11\/16\/torna-emozioniamoci-corso-gratuito-sulle-emozioni-a-belluno-in-sala-bianchi-per-4-sabati-di-dicembre\/#primaryimage"},"image":{"@id":"https:\/\/www.bellunopress.it\/2023\/11\/16\/torna-emozioniamoci-corso-gratuito-sulle-emozioni-a-belluno-in-sala-bianchi-per-4-sabati-di-dicembre\/#primaryimage"},"thumbnailUrl":"https:\/\/www.bellunopress.it\/wp-content\/uploads\/2022\/10\/Roberta-Olivotto_edited.jpg","datePublished":"2023-11-16T11:34:34+00:00","dateModified":"2023-11-16T14:37:40+00:00","breadcrumb":{"@id":"https:\/\/www.bellunopress.it\/2023\/11\/16\/torna-emozioniamoci-corso-gratuito-sulle-emozioni-a-belluno-in-sala-bianchi-per-4-sabati-di-dicembre\/#breadcrumb"},"inLanguage":"fr-FR","potentialAction":[{"@type":"ReadAction","target":["https:\/\/www.bellunopress.it\/2023\/11\/16\/torna-emozioniamoci-corso-gratuito-sulle-emozioni-a-belluno-in-sala-bianchi-per-4-sabati-di-dicembre\/"]}]},{"@type":"ImageObject","inLanguage":"fr-FR","@id":"https:\/\/www.bellunopress.it\/2023\/11\/16\/torna-emozioniamoci-corso-gratuito-sulle-emozioni-a-belluno-in-sala-bianchi-per-4-sabati-di-dicembre\/#primaryimage","url":"https:\/\/www.bellunopress.it\/wp-content\/uploads\/2022\/10\/Roberta-Olivotto_edited.jpg","contentUrl":"https:\/\/www.bellunopress.it\/wp-content\/uploads\/2022\/10\/Roberta-Olivotto_edited.jpg","width":802,"height":1000,"caption":"Roberta Olivotto, assessore alla Scuola e alle Politiche giovanili del Comune di Belluno"},{"@type":"BreadcrumbList","@id":"https:\/\/www.bellunopress.it\/2023\/11\/16\/torna-emozioniamoci-corso-gratuito-sulle-emozioni-a-belluno-in-sala-bianchi-per-4-sabati-di-dicembre\/#breadcrumb","itemListElement":[{"@type":"ListItem","position":1,"name":"Home","item":"https:\/\/www.bellunopress.it\/"},{"@type":"ListItem","position":2,"name":"Torna &#8220;Emozioniamoci&#8221;, corso gratuito sulle emozioni. A Belluno in sala Bianchi. per 4 sabati di dicembre"}]},{"@type":"WebSite","@id":"https:\/\/www.bellunopress.it\/#website","url":"https:\/\/www.bellunopress.it\/","name":"Bellunopress - Dolomiti","description":"e-mail: redazione@bellunopress.it","publisher":{"@id":"https:\/\/www.bellunopress.it\/#organization"},"potentialAction":[{"@type":"SearchAction","target":{"@type":"EntryPoint","urlTemplate":"https:\/\/www.bellunopress.it\/?s={search_term_string}"},"query-input":{"@type":"PropertyValueSpecification","valueRequired":true,"valueName":"search_term_string"}}],"inLanguage":"fr-FR"},{"@type":"Organization","@id":"https:\/\/www.bellunopress.it\/#organization","name":"Bellunopress","url":"https:\/\/www.bellunopress.it\/","logo":{"@type":"ImageObject","inLanguage":"fr-FR","@id":"https:\/\/www.bellunopress.it\/#\/schema\/logo\/image\/","url":"https:\/\/www.bellunopress.it\/wp-content\/uploads\/2011\/05\/cropped-logo-bellunopress-.jpg","contentUrl":"https:\/\/www.bellunopress.it\/wp-content\/uploads\/2011\/05\/cropped-logo-bellunopress-.jpg","width":512,"height":512,"caption":"Bellunopress"},"image":{"@id":"https:\/\/www.bellunopress.it\/#\/schema\/logo\/image\/"},"sameAs":["https:\/\/www.facebook.com\/profile.php?id=100008943462799","https:\/\/x.com\/bellunopress","https:\/\/www.linkedin.com\/hp\/?dnr=JBzUWaJfMUw8vbXJJ2tVW5-I3jZKvC4wsoxE&amp;amp;amp;amp;amp;amp;trk=nav_responsive_tab_home","https:\/\/www.youtube.com\/channel\/UCxL0wu1uN0_3_7hGG0306cw"]},{"@type":"Person","@id":"https:\/\/www.bellunopress.it\/#\/schema\/person\/79bb06722b37ece1c03d3e94beb30d73","name":"r\u00e9daction","image":{"@type":"ImageObject","inLanguage":"fr-FR","@id":"https:\/\/secure.gravatar.com\/avatar\/37d968a2e67a6fd04c169c4bdef102d0bc5d31b2546345219e348575eb80e9a0?s=96&d=mm&r=g","url":"https:\/\/secure.gravatar.com\/avatar\/37d968a2e67a6fd04c169c4bdef102d0bc5d31b2546345219e348575eb80e9a0?s=96&d=mm&r=g","contentUrl":"https:\/\/secure.gravatar.com\/avatar\/37d968a2e67a6fd04c169c4bdef102d0bc5d31b2546345219e348575eb80e9a0?s=96&d=mm&r=g","caption":"redazione"},"sameAs":["http:\/\/www.bellunopress.it","https:\/\/x.com\/bellunopress"],"url":"https:\/\/www.bellunopress.it\/fr\/author\/redazione\/"}]}},"_links":{"self":[{"href":"https:\/\/www.bellunopress.it\/fr\/wp-json\/wp\/v2\/posts\/145956","targetHints":{"allow":["GET"]}}],"collection":[{"href":"https:\/\/www.bellunopress.it\/fr\/wp-json\/wp\/v2\/posts"}],"about":[{"href":"https:\/\/www.bellunopress.it\/fr\/wp-json\/wp\/v2\/types\/post"}],"author":[{"embeddable":true,"href":"https:\/\/www.bellunopress.it\/fr\/wp-json\/wp\/v2\/users\/2"}],"replies":[{"embeddable":true,"href":"https:\/\/www.bellunopress.it\/fr\/wp-json\/wp\/v2\/comments?post=145956"}],"version-history":[{"count":1,"href":"https:\/\/www.bellunopress.it\/fr\/wp-json\/wp\/v2\/posts\/145956\/revisions"}],"predecessor-version":[{"id":145957,"href":"https:\/\/www.bellunopress.it\/fr\/wp-json\/wp\/v2\/posts\/145956\/revisions\/145957"}],"wp:featuredmedia":[{"embeddable":true,"href":"https:\/\/www.bellunopress.it\/fr\/wp-json\/wp\/v2\/media\/137144"}],"wp:attachment":[{"href":"https:\/\/www.bellunopress.it\/fr\/wp-json\/wp\/v2\/media?parent=145956"}],"wp:term":[{"taxonomy":"category","embeddable":true,"href":"https:\/\/www.bellunopress.it\/fr\/wp-json\/wp\/v2\/categories?post=145956"},{"taxonomy":"post_tag","embeddable":true,"href":"https:\/\/www.bellunopress.it\/fr\/wp-json\/wp\/v2\/tags?post=145956"}],"curies":[{"name":"wp","href":"https:\/\/api.w.org\/{rel}","templated":true}]}}