{"id":145954,"date":"2023-11-16T12:18:16","date_gmt":"2023-11-16T11:18:16","guid":{"rendered":"https:\/\/www.bellunopress.it\/?p=145954"},"modified":"2023-11-16T15:23:32","modified_gmt":"2023-11-16T14:23:32","slug":"giornate-fai-per-le-scuole-da-lunedi-20-novembre-a-sabato-25-novembre-2023-2","status":"publish","type":"post","link":"https:\/\/www.bellunopress.it\/fr\/2023\/11\/16\/giornate-fai-per-le-scuole-da-lunedi-20-novembre-a-sabato-25-novembre-2023-2\/","title":{"rendered":"Giornate Fai per le scuole da luned\u00ec 20 novembre a sabato 25 novembre 2023"},"content":{"rendered":"<p><strong><em><img loading=\"lazy\" decoding=\"async\" class=\"alignleft size-full wp-image-145788\" src=\"https:\/\/www.bellunopress.it\/wp-content\/uploads\/2023\/11\/FAI_edited.jpg\" alt=\"\" width=\"510\" height=\"500\" srcset=\"https:\/\/www.bellunopress.it\/wp-content\/uploads\/2023\/11\/FAI_edited.jpg 510w, https:\/\/www.bellunopress.it\/wp-content\/uploads\/2023\/11\/FAI_edited-500x490.jpg 500w\" sizes=\"auto, (max-width: 510px) 100vw, 510px\" \/>Il FAI \u2013 Fondo per l\u2019Ambiente Italiano presenta la XII edizione delle\u00a0<\/em><\/strong><br \/>\n<strong><em>GIORNATE FAI PER LE SCUOLE<\/em><\/strong><br \/>\n<strong><em>Visite esclusive per le scuole a cura degli Apprendisti Ciceroni del FAI<\/em><\/strong><\/p>\n<p><strong>IN VENETO<\/strong><\/p>\n<p>Tornano nella settimana dal 20 al 25 novembre le \u201cGiornate FAI per le Scuole\u201d, manifestazione tutta dedicata alle scuole che da dodici anni il FAI \u2013 Fondo per l\u2019Ambiente Italiano ETS organizza, su modello delle Giornate FAI di Primavera e d\u2019Autunno. Protagonisti dell\u2019evento saranno gli Apprendisti Ciceroni, studenti appositamente formati dai volontari del FAI in collaborazione con i loro docenti, che accompagneranno altri studenti in visita nei Beni e nei luoghi da loro selezionati e aperti grazie al FAI, sentendosi direttamente coinvolti nella valorizzazione del loro territorio, parte attiva della loro comunit\u00e0 e diventando esempio per altri giovani in uno scambio educativo tra pari.<br \/>\nLe Delegazioni di migliaia di volontari della Fondazione, diffusi e attivi in tutte le regioni, apriranno infatti oltre duecento luoghi speciali che saranno visitati da studenti iscritti al FAI con la loro classe. Le classi \u201cAmiche FAI\u201d saranno accolte da migliaia di ragazzi che le condurranno alla scoperta di chiese, palazzi, parchi e giardini storici, monumenti e istituzioni del loro territorio, raccontandone la storia, mostrandone i capolavori e i particolari curiosi, proponendo ai loro pari un\u2019esperienza che non dimenticheranno, che li render\u00e0 cittadini pi\u00f9 consapevoli e attivi, primi difensori e promotori del patrimonio culturale dell\u2019Italia.<\/p>\n<p>Quest\u2019anno, in linea con il programma nazionale FAI per la Scuola \u201cAgri-cultura: impariamo dalla terra a curare il paesaggio\u201d, alcune aperture saranno dedicate all\u2019attivit\u00e0 che pi\u00f9 ha inciso sulla forma del paesaggio italiano, ancora sostanzialmente rurale: l\u2019Agricoltura. Verranno aperti, ad esempio, l\u2019Istituto dei Sistemi Agricoli e Forestali del Mediterraneo di Portici (NA) che afferisce al Dipartimento di Scienze Bio-Agroalimentari del CNR, la Noria di Minissale, esempio di archeologia agricola, e Villa Magnani a Pescia (PT), sede dell\u2019Istituto Tecnico Agrario D. Anzilotti.<\/p>\n<p>Le Giornate FAI per le Scuole si confermano un\u2019esperienza formativa di grande efficacia e soddisfazione per tutti: un progetto che trasforma e che ispira per il futuro, che rende protagonisti e che diffonde conoscenza e passione per la conoscenza, da cui scaturisce il desiderio di proteggere quel patrimonio per sempre e per tutti, come \u00e8 nella missione del FAI.<\/p>\n<p>La dodicesima edizione delle Giornate FAI per le Scuole si svolge con il Patrocinio della Commissione europea, del Ministero della Cultura, di tutte le Regioni e le Province Autonome italiane. Si ringraziano Regione Campania e Fondazione CARICAL per i contributi concessi. RAI \u00e8 Main Media Partner dell\u2019iniziativa.<\/p>\n<p>Il progetto sar\u00e0 sostenuto anche quest&#8217;anno da AGN ENERGIA, per l\u2019ottavo anno consecutivo sponsor principale dell\u2019evento, sempre sensibile al rispetto per l&#8217;ambiente e alle iniziative che coinvolgono la scuola. In occasione dell\u2019evento verr\u00e0 infatti lanciata una nuova edizione del contest online #LATUAIDEAGREEN: gli studenti potranno scegliere l\u2019opera di street art che ritengono pi\u00f9 significativa per riflettere sul tema del paesaggio e la sua salvaguardia e potranno vincere una bici pieghevole.<\/p>\n<p>&nbsp;<\/p>\n<p><strong>TRA I BENI APERTI IN VENETO<\/strong><\/p>\n<p>PADOVA<br \/>\nL&#8217;Arena romana dei Musei Civici Eremitani<br \/>\nL&#8217;area dell&#8217;Arena e gli attigui Giardini sono oggi un parco naturale situato nel cuore della citt\u00e0 di Padova, dove il Brenta (l&#8217;antico Medoacus) forma una grande ansa; quest&#8217;area conserva al suo interno i resti di un anfiteatro romano la cui costruzione risale all&#8217;et\u00e0 augustea (ca. 27 a.C.-14 d.C.). Dopo la caduta dell&#8217;Impero Romano, l&#8217;anfiteatro e tutta l&#8217;area caddero in rovina. Per quasi due millenni, le devastazioni causate dalle popolazioni barbariche e le numerose stratificazioni di terreno resero impossibile identificare la struttura originaria dell&#8217;edificio. Durante il Medioevo si succedettero diversi proprietari tra cui la famiglia Scrovegni. Oltre alla costruzione di un sontuoso palazzo padronale (oggi distrutto), Enrico Scrovegni fece erigere la cappella della Carit\u00e0 e chiam\u00f2 Giotto a eseguire il magnifico ciclo di affreschi che tutti conosciamo. Solo verso la fine dell&#8217;800 inizi\u00f2 lo studio vero e proprio dell&#8217;arena, divenuta propriet\u00e0 del Comune; grazie alla volont\u00e0 di alcuni sindaci e intellettuali padovani furono avviate campagne di scavi che consentirono una ricostruzione virtuale dell&#8217;anfiteatro. In tempi molto pi\u00f9 recenti l&#8217;area dell&#8217;Arena e i Giardini lungo il Piovego sono stati finalmente sistemati e valorizzati e sono diventati patrimonio dell&#8217;intera comunit\u00e0 cittadina.<br \/>\nVisite a cura degli Apprendisti Ciceroni del Liceo di Scienze Umane &#8220;Amedeo di Savoia Duca D&#8217;Aosta&#8221; di Padova.<\/p>\n<p>BASSANO DEL GRAPPA (VI)<br \/>\nPalazzo Sturm<br \/>\nPalazzo Sturm, dal cui belvedere si pu\u00f2 godere della veduta sul fiume Brenta e sul Ponte degli Alpini, fu donato al Comune di Bassano dal barone Giovanni Battista Sturm von Hirschfeld nel 1943. La preziosa dimora nell&#8217;antica contr\u00e0 Cornorotto fu voluta e commissionata da Vincenzo Ferrari, importante industriale e commerciate di sete, edificata verso la met\u00e0 del XVIII secolo. L&#8217;edificio si presenta in tutta la sua elegante imponenza, con oltre settanta stanze distribuite su sette livelli progettati dall&#8217;architetto Daniello Bernardi. Le decorazioni pittoriche all&#8217;interno del palazzo, eseguite dal pittore veronese Giorgio Anselmi nel 1760 circa, denotano un gusto che richiama la maniera dei cosiddetti trionfi barocchi romano-bolognesi. I soggetti scelti, prevalentemente mitologici e allegorici, alludono alle imprese commerciali ed economiche nella manifattura della famiglia Ferrari. Gi\u00e0 di propriet\u00e0 della famiglia Vanzo-Mercante, nel corso dell&#8217;Ottocento il palazzo ha subito alcuni ampliamenti e modifiche architettoniche, come la sopraelevazione del corpo di fabbrica, il raccordo del nuovo tetto con il coronamento della loggia-belvedere originariamente aperta su tre lati. Il palazzo ospita il Museo della Ceramica Giuseppe Roi, che raccoglie collezioni di ceramiche antiche, il Museo della Stampa Remondini, dedicato alla tipografia e calcografia della celebre famiglia di imprenditori grafici.<br \/>\nVisite a cura degli Apprendisti Ciceroni del Liceo Ginnasio Statale \u201cBrocchi\u201d e dell\u2019Istituto \u201cRemondini\u201d di Bassano del Grappa (VI).<\/p>\n<p>CAORLE (VE)<br \/>\nLa Chiesetta di Valle Tagli<br \/>\nImmersa nel verde, accanto al canale Brian, la Chiesa di Santa Maria degli Angeli in Valle Tagli ha sempre esercitato un fascino particolare. Fu costruita per volere degli antichi proprietari di Valle Tagli, Giorgio e Carlotta Romiati, tra il 1932 e il 1940. Fu chiamata Santa Maria degli Angeli in onore della Basilica di Assisi, dove la Vergine nel 1216 apparve a San Francesco, di cui Carlotta era rimasta particolarmente affascinata durante uno dei suoi viaggi. Fu la stessa Carlotta Romiati, pittrice di professione, a concepire e realizzare l&#8217;impianto decorativo della Chiesa. Fu il 1920 quando il medico Giorgio Romiati termin\u00f2 l&#8217;opera di bonifica di Valle Tagli, tenuta di famiglia che comprendeva le terre paludose lungo la costa alla destra della foce del Livenza, tra San Giorgio, Brian, Valle Altanea e Eraclea, e vi si trasfer\u00ec con la moglie, Carlotta Prosdocimi, pittrice professionista. La piccola Chiesa di Santa Maria degli Angeli fu costruita per volere della coppia tra il 1932 e il 1940. Alla decorazione della chiesa si dedic\u00f2 Carlotta in persona: ogni suo dettaglio rivela l&#8217;amore che la pittrice nutriva per la sua terra. L&#8217;interno mostra il duro lavoro e la sorprendente abilit\u00e0 artistica di Carlotta, che vi lavor\u00f2 per ben sette anni. La pittrice si ciment\u00f2 anche nella realizzazione dell&#8217;icona dorata raffigurante la Madonna con Ges\u00f9 Bambino che ancora oggi orna l&#8217;altare maggiore. La preziosit\u00e0 dell&#8217;ambiente si apprezza anche osservando i marmi policromi che ornano le pareti e le tarsie dorate delle capriate in legno del soffitto.<br \/>\nVisite a cura degli Apprendisti Ciceroni della Scuola secondaria di I grado &#8220;Antonio Fogazzaro&#8221; di La Salute di Livenza (VE) e dell\u2019Istituto Comprensivo &#8220;Rita Levi Montalcini&#8221; di Santo Stino di Livenza (VE).<\/p>\n<p>SAN STINO DI LIVENZA (VE)<br \/>\nLa Chiesa di San Marco a Corbolone<br \/>\nLa chiesa di San Marco Evangelista a Corbolone custodisce preziose opere d&#8217;arte legate alla storia del territorio. Le vicende della chiesa si intrecciano con quelle della vicina Concordia Sagittaria, dove risiedeva il Vescovo, e con le vicissitudini dell&#8217;Abbazia di Santa Maria in Silvis a Sesto al Reghena. All&#8217;interno della costruzione si trovano opere esempio della maestria dei migliori maestri del Cinquecento nell&#8217;area del Portogruarese. La storia della Parrocchia di Corbolone inizia il 30 gennaio 1424, quando il vescovo di Concordia autorizz\u00f2 il pievano della vicina Lorenzaga a recarsi a Corbolone per celebrarvi la messa la terza domenica di ogni mese. Il 20 novembre 1487 venne concesso alla villa di Corbolone di costituirsi in parrocchia, a condizione che si provvedesse alla costruzione di una chiesa, della casa per il sacerdote e a quant&#8217;altro fosse necessario per il culto divino. La prima costruzione provvisoria fu edificata nel 1502, sotto la supervisione del Vescovo di Concordia. Nel 1514, alla presenza del Vicario di Sesto al Reghena, fu posata la prima pietra dell&#8217;edifico definitivo, che vediamo ancora oggi. Del primo edificio fu conservata solo la Cappella dell&#8217;Annunciata, inglobata nel lato sinistro della Chiesa.<br \/>\nVisite a cura degli Apprendisti Ciceroni della Scuola secondaria di I grado &#8220;Giuseppe Toniolo&#8221; e dell\u2019Istituto Comprensivo &#8220;Rita Levi Montalcini&#8221; di Santo Stino di Livenza (VE).<\/p>\n<p>FOSSALTA DI PORTOGRUARO (VE)<br \/>\nIl Cortino di Fratta e il mistero del Castello scomparso<br \/>\nNel piccolo paesino di Fratta si trovava il castello in cui Carlo Altoviti, protagonista de &#8220;Le Confessioni di un Italiano&#8221; di Ippolito Nievo, trascorse l&#8217;infanzia. Del castello sono stati rinvenuti, grazie agli scavi archeologici, numerosi reperti, conservati oggi presso il Cortino di Fratta, divenuto anche sede del Museo Letterario dedicato a Ippolito Nievo. Nel sito del castello i lavori di ripristino hanno portato alla creazione di un parco, di un teatro all&#8217;aperto e del Giardino di Marte e Flora, che ospita antiche specie arboree e floreali presenti nel territorio nel Medioevo.<br \/>\nVisite a cura degli Apprendisti Ciceroni dell\u2019Istituto Comprensivo Statale &#8220;Don Agostino Toniatti&#8221; di Fossalta di Portogruaro (VE).<\/p>\n<p>&nbsp;<\/p>\n<p>&nbsp;<\/p>","protected":false},"excerpt":{"rendered":"<p>Il FAI \u2013 Fondo per l\u2019Ambiente Italiano presenta la XII edizione delle\u00a0 GIORNATE FAI PER LE SCUOLE Visite esclusive per le scuole a cura degli Apprendisti Ciceroni del FAI IN VENETO Tornano nella settimana dal 20 al 25 novembre le \u201cGiornate FAI per le Scuole\u201d, manifestazione tutta dedicata alle scuole che da dodici anni il [&hellip;]<\/p>\n","protected":false},"author":2,"featured_media":145788,"comment_status":"closed","ping_status":"open","sticky":false,"template":"","format":"standard","meta":{"footnotes":""},"categories":[26,15],"tags":[],"class_list":["post-145954","post","type-post","status-publish","format-standard","has-post-thumbnail","category-prima-pagina","category-scuola"],"yoast_head":"<!-- This site is optimized with the Yoast SEO plugin v28.4 - https:\/\/yoast.com\/product\/yoast-seo-wordpress\/ -->\n<title>Giornate Fai per le scuole da luned\u00ec 20 novembre a sabato 25 novembre 2023 - Bellunopress - Dolomiti<\/title>\n<meta name=\"robots\" content=\"index, follow, max-snippet:-1, max-image-preview:large, max-video-preview:-1\" \/>\n<link rel=\"canonical\" href=\"https:\/\/www.bellunopress.it\/fr\/2023\/11\/16\/giornate-fai-per-le-scuole-da-lunedi-20-novembre-a-sabato-25-novembre-2023-2\/\" \/>\n<meta property=\"og:locale\" content=\"fr_FR\" \/>\n<meta property=\"og:type\" content=\"article\" \/>\n<meta property=\"og:title\" content=\"Giornate Fai per le scuole da luned\u00ec 20 novembre a sabato 25 novembre 2023 - Bellunopress - Dolomiti\" \/>\n<meta property=\"og:description\" content=\"Il FAI \u2013 Fondo per l\u2019Ambiente Italiano presenta la XII edizione delle\u00a0 GIORNATE FAI PER LE SCUOLE Visite esclusive per le scuole a cura degli Apprendisti Ciceroni del FAI IN VENETO Tornano nella settimana dal 20 al 25 novembre le \u201cGiornate FAI per le Scuole\u201d, manifestazione tutta dedicata alle scuole che da dodici anni il [&hellip;]\" \/>\n<meta property=\"og:url\" content=\"https:\/\/www.bellunopress.it\/fr\/2023\/11\/16\/giornate-fai-per-le-scuole-da-lunedi-20-novembre-a-sabato-25-novembre-2023-2\/\" \/>\n<meta property=\"og:site_name\" content=\"Bellunopress - Dolomiti\" \/>\n<meta property=\"article:publisher\" content=\"https:\/\/www.facebook.com\/profile.php?id=100008943462799\" \/>\n<meta property=\"article:published_time\" content=\"2023-11-16T11:18:16+00:00\" \/>\n<meta property=\"article:modified_time\" content=\"2023-11-16T14:23:32+00:00\" \/>\n<meta property=\"og:image\" content=\"https:\/\/www.bellunopress.it\/wp-content\/uploads\/2023\/11\/FAI_edited.jpg\" \/>\n\t<meta property=\"og:image:width\" content=\"510\" \/>\n\t<meta property=\"og:image:height\" content=\"500\" \/>\n\t<meta property=\"og:image:type\" content=\"image\/jpeg\" \/>\n<meta name=\"author\" content=\"redazione\" \/>\n<meta name=\"twitter:card\" content=\"summary_large_image\" \/>\n<meta name=\"twitter:creator\" content=\"@bellunopress\" \/>\n<meta name=\"twitter:site\" content=\"@bellunopress\" \/>\n<meta name=\"twitter:label1\" content=\"Written by\" \/>\n\t<meta name=\"twitter:data1\" content=\"redazione\" \/>\n\t<meta name=\"twitter:label2\" content=\"Est. reading time\" \/>\n\t<meta name=\"twitter:data2\" content=\"8 minutes\" \/>\n<script type=\"application\/ld+json\" class=\"yoast-schema-graph\">{\"@context\":\"https:\\\/\\\/schema.org\",\"@graph\":[{\"@type\":\"Article\",\"@id\":\"https:\\\/\\\/www.bellunopress.it\\\/2023\\\/11\\\/16\\\/giornate-fai-per-le-scuole-da-lunedi-20-novembre-a-sabato-25-novembre-2023-2\\\/#article\",\"isPartOf\":{\"@id\":\"https:\\\/\\\/www.bellunopress.it\\\/2023\\\/11\\\/16\\\/giornate-fai-per-le-scuole-da-lunedi-20-novembre-a-sabato-25-novembre-2023-2\\\/\"},\"author\":{\"name\":\"redazione\",\"@id\":\"https:\\\/\\\/www.bellunopress.it\\\/#\\\/schema\\\/person\\\/79bb06722b37ece1c03d3e94beb30d73\"},\"headline\":\"Giornate Fai per le scuole da luned\u00ec 20 novembre a sabato 25 novembre 2023\",\"datePublished\":\"2023-11-16T11:18:16+00:00\",\"dateModified\":\"2023-11-16T14:23:32+00:00\",\"mainEntityOfPage\":{\"@id\":\"https:\\\/\\\/www.bellunopress.it\\\/2023\\\/11\\\/16\\\/giornate-fai-per-le-scuole-da-lunedi-20-novembre-a-sabato-25-novembre-2023-2\\\/\"},\"wordCount\":1620,\"publisher\":{\"@id\":\"https:\\\/\\\/www.bellunopress.it\\\/#organization\"},\"image\":{\"@id\":\"https:\\\/\\\/www.bellunopress.it\\\/2023\\\/11\\\/16\\\/giornate-fai-per-le-scuole-da-lunedi-20-novembre-a-sabato-25-novembre-2023-2\\\/#primaryimage\"},\"thumbnailUrl\":\"https:\\\/\\\/www.bellunopress.it\\\/wp-content\\\/uploads\\\/2023\\\/11\\\/FAI_edited.jpg\",\"articleSection\":[\"Prima Pagina\",\"Scuola\"],\"inLanguage\":\"fr-FR\"},{\"@type\":\"WebPage\",\"@id\":\"https:\\\/\\\/www.bellunopress.it\\\/2023\\\/11\\\/16\\\/giornate-fai-per-le-scuole-da-lunedi-20-novembre-a-sabato-25-novembre-2023-2\\\/\",\"url\":\"https:\\\/\\\/www.bellunopress.it\\\/2023\\\/11\\\/16\\\/giornate-fai-per-le-scuole-da-lunedi-20-novembre-a-sabato-25-novembre-2023-2\\\/\",\"name\":\"Giornate Fai per le scuole da luned\u00ec 20 novembre a sabato 25 novembre 2023 - Bellunopress - Dolomiti\",\"isPartOf\":{\"@id\":\"https:\\\/\\\/www.bellunopress.it\\\/#website\"},\"primaryImageOfPage\":{\"@id\":\"https:\\\/\\\/www.bellunopress.it\\\/2023\\\/11\\\/16\\\/giornate-fai-per-le-scuole-da-lunedi-20-novembre-a-sabato-25-novembre-2023-2\\\/#primaryimage\"},\"image\":{\"@id\":\"https:\\\/\\\/www.bellunopress.it\\\/2023\\\/11\\\/16\\\/giornate-fai-per-le-scuole-da-lunedi-20-novembre-a-sabato-25-novembre-2023-2\\\/#primaryimage\"},\"thumbnailUrl\":\"https:\\\/\\\/www.bellunopress.it\\\/wp-content\\\/uploads\\\/2023\\\/11\\\/FAI_edited.jpg\",\"datePublished\":\"2023-11-16T11:18:16+00:00\",\"dateModified\":\"2023-11-16T14:23:32+00:00\",\"breadcrumb\":{\"@id\":\"https:\\\/\\\/www.bellunopress.it\\\/2023\\\/11\\\/16\\\/giornate-fai-per-le-scuole-da-lunedi-20-novembre-a-sabato-25-novembre-2023-2\\\/#breadcrumb\"},\"inLanguage\":\"fr-FR\",\"potentialAction\":[{\"@type\":\"ReadAction\",\"target\":[\"https:\\\/\\\/www.bellunopress.it\\\/2023\\\/11\\\/16\\\/giornate-fai-per-le-scuole-da-lunedi-20-novembre-a-sabato-25-novembre-2023-2\\\/\"]}]},{\"@type\":\"ImageObject\",\"inLanguage\":\"fr-FR\",\"@id\":\"https:\\\/\\\/www.bellunopress.it\\\/2023\\\/11\\\/16\\\/giornate-fai-per-le-scuole-da-lunedi-20-novembre-a-sabato-25-novembre-2023-2\\\/#primaryimage\",\"url\":\"https:\\\/\\\/www.bellunopress.it\\\/wp-content\\\/uploads\\\/2023\\\/11\\\/FAI_edited.jpg\",\"contentUrl\":\"https:\\\/\\\/www.bellunopress.it\\\/wp-content\\\/uploads\\\/2023\\\/11\\\/FAI_edited.jpg\",\"width\":510,\"height\":500},{\"@type\":\"BreadcrumbList\",\"@id\":\"https:\\\/\\\/www.bellunopress.it\\\/2023\\\/11\\\/16\\\/giornate-fai-per-le-scuole-da-lunedi-20-novembre-a-sabato-25-novembre-2023-2\\\/#breadcrumb\",\"itemListElement\":[{\"@type\":\"ListItem\",\"position\":1,\"name\":\"Home\",\"item\":\"https:\\\/\\\/www.bellunopress.it\\\/\"},{\"@type\":\"ListItem\",\"position\":2,\"name\":\"Giornate Fai per le scuole da luned\u00ec 20 novembre a sabato 25 novembre 2023\"}]},{\"@type\":\"WebSite\",\"@id\":\"https:\\\/\\\/www.bellunopress.it\\\/#website\",\"url\":\"https:\\\/\\\/www.bellunopress.it\\\/\",\"name\":\"Bellunopress - Dolomiti\",\"description\":\"e-mail: redazione@bellunopress.it\",\"publisher\":{\"@id\":\"https:\\\/\\\/www.bellunopress.it\\\/#organization\"},\"potentialAction\":[{\"@type\":\"SearchAction\",\"target\":{\"@type\":\"EntryPoint\",\"urlTemplate\":\"https:\\\/\\\/www.bellunopress.it\\\/?s={search_term_string}\"},\"query-input\":{\"@type\":\"PropertyValueSpecification\",\"valueRequired\":true,\"valueName\":\"search_term_string\"}}],\"inLanguage\":\"fr-FR\"},{\"@type\":\"Organization\",\"@id\":\"https:\\\/\\\/www.bellunopress.it\\\/#organization\",\"name\":\"Bellunopress\",\"url\":\"https:\\\/\\\/www.bellunopress.it\\\/\",\"logo\":{\"@type\":\"ImageObject\",\"inLanguage\":\"fr-FR\",\"@id\":\"https:\\\/\\\/www.bellunopress.it\\\/#\\\/schema\\\/logo\\\/image\\\/\",\"url\":\"https:\\\/\\\/www.bellunopress.it\\\/wp-content\\\/uploads\\\/2011\\\/05\\\/cropped-logo-bellunopress-.jpg\",\"contentUrl\":\"https:\\\/\\\/www.bellunopress.it\\\/wp-content\\\/uploads\\\/2011\\\/05\\\/cropped-logo-bellunopress-.jpg\",\"width\":512,\"height\":512,\"caption\":\"Bellunopress\"},\"image\":{\"@id\":\"https:\\\/\\\/www.bellunopress.it\\\/#\\\/schema\\\/logo\\\/image\\\/\"},\"sameAs\":[\"https:\\\/\\\/www.facebook.com\\\/profile.php?id=100008943462799\",\"https:\\\/\\\/x.com\\\/bellunopress\",\"https:\\\/\\\/www.linkedin.com\\\/hp\\\/?dnr=JBzUWaJfMUw8vbXJJ2tVW5-I3jZKvC4wsoxE&amp;amp;amp;amp;amp;amp;trk=nav_responsive_tab_home\",\"https:\\\/\\\/www.youtube.com\\\/channel\\\/UCxL0wu1uN0_3_7hGG0306cw\"]},{\"@type\":\"Person\",\"@id\":\"https:\\\/\\\/www.bellunopress.it\\\/#\\\/schema\\\/person\\\/79bb06722b37ece1c03d3e94beb30d73\",\"name\":\"redazione\",\"image\":{\"@type\":\"ImageObject\",\"inLanguage\":\"fr-FR\",\"@id\":\"https:\\\/\\\/secure.gravatar.com\\\/avatar\\\/37d968a2e67a6fd04c169c4bdef102d0bc5d31b2546345219e348575eb80e9a0?s=96&d=mm&r=g\",\"url\":\"https:\\\/\\\/secure.gravatar.com\\\/avatar\\\/37d968a2e67a6fd04c169c4bdef102d0bc5d31b2546345219e348575eb80e9a0?s=96&d=mm&r=g\",\"contentUrl\":\"https:\\\/\\\/secure.gravatar.com\\\/avatar\\\/37d968a2e67a6fd04c169c4bdef102d0bc5d31b2546345219e348575eb80e9a0?s=96&d=mm&r=g\",\"caption\":\"redazione\"},\"sameAs\":[\"http:\\\/\\\/www.bellunopress.it\",\"https:\\\/\\\/x.com\\\/bellunopress\"],\"url\":\"https:\\\/\\\/www.bellunopress.it\\\/fr\\\/author\\\/redazione\\\/\"}]}<\/script>\n<!-- \/ Yoast SEO plugin. -->","yoast_head_json":{"title":"Giornate Fai per le scuole da luned\u00ec 20 novembre a sabato 25 novembre 2023 - Bellunopress - Dolomiti","robots":{"index":"index","follow":"follow","max-snippet":"max-snippet:-1","max-image-preview":"max-image-preview:large","max-video-preview":"max-video-preview:-1"},"canonical":"https:\/\/www.bellunopress.it\/fr\/2023\/11\/16\/giornate-fai-per-le-scuole-da-lunedi-20-novembre-a-sabato-25-novembre-2023-2\/","og_locale":"fr_FR","og_type":"article","og_title":"Giornate Fai per le scuole da luned\u00ec 20 novembre a sabato 25 novembre 2023 - Bellunopress - Dolomiti","og_description":"Il FAI \u2013 Fondo per l\u2019Ambiente Italiano presenta la XII edizione delle\u00a0 GIORNATE FAI PER LE SCUOLE Visite esclusive per le scuole a cura degli Apprendisti Ciceroni del FAI IN VENETO Tornano nella settimana dal 20 al 25 novembre le \u201cGiornate FAI per le Scuole\u201d, manifestazione tutta dedicata alle scuole che da dodici anni il [&hellip;]","og_url":"https:\/\/www.bellunopress.it\/fr\/2023\/11\/16\/giornate-fai-per-le-scuole-da-lunedi-20-novembre-a-sabato-25-novembre-2023-2\/","og_site_name":"Bellunopress - Dolomiti","article_publisher":"https:\/\/www.facebook.com\/profile.php?id=100008943462799","article_published_time":"2023-11-16T11:18:16+00:00","article_modified_time":"2023-11-16T14:23:32+00:00","og_image":[{"width":510,"height":500,"url":"https:\/\/www.bellunopress.it\/wp-content\/uploads\/2023\/11\/FAI_edited.jpg","type":"image\/jpeg"}],"author":"redazione","twitter_card":"summary_large_image","twitter_creator":"@bellunopress","twitter_site":"@bellunopress","twitter_misc":{"Written by":"redazione","Est. reading time":"8 minutes"},"schema":{"@context":"https:\/\/schema.org","@graph":[{"@type":"Article","@id":"https:\/\/www.bellunopress.it\/2023\/11\/16\/giornate-fai-per-le-scuole-da-lunedi-20-novembre-a-sabato-25-novembre-2023-2\/#article","isPartOf":{"@id":"https:\/\/www.bellunopress.it\/2023\/11\/16\/giornate-fai-per-le-scuole-da-lunedi-20-novembre-a-sabato-25-novembre-2023-2\/"},"author":{"name":"redazione","@id":"https:\/\/www.bellunopress.it\/#\/schema\/person\/79bb06722b37ece1c03d3e94beb30d73"},"headline":"Giornate Fai per le scuole da luned\u00ec 20 novembre a sabato 25 novembre 2023","datePublished":"2023-11-16T11:18:16+00:00","dateModified":"2023-11-16T14:23:32+00:00","mainEntityOfPage":{"@id":"https:\/\/www.bellunopress.it\/2023\/11\/16\/giornate-fai-per-le-scuole-da-lunedi-20-novembre-a-sabato-25-novembre-2023-2\/"},"wordCount":1620,"publisher":{"@id":"https:\/\/www.bellunopress.it\/#organization"},"image":{"@id":"https:\/\/www.bellunopress.it\/2023\/11\/16\/giornate-fai-per-le-scuole-da-lunedi-20-novembre-a-sabato-25-novembre-2023-2\/#primaryimage"},"thumbnailUrl":"https:\/\/www.bellunopress.it\/wp-content\/uploads\/2023\/11\/FAI_edited.jpg","articleSection":["Prima Pagina","Scuola"],"inLanguage":"fr-FR"},{"@type":"WebPage","@id":"https:\/\/www.bellunopress.it\/2023\/11\/16\/giornate-fai-per-le-scuole-da-lunedi-20-novembre-a-sabato-25-novembre-2023-2\/","url":"https:\/\/www.bellunopress.it\/2023\/11\/16\/giornate-fai-per-le-scuole-da-lunedi-20-novembre-a-sabato-25-novembre-2023-2\/","name":"Giornate Fai per le scuole da luned\u00ec 20 novembre a sabato 25 novembre 2023 - Bellunopress - Dolomiti","isPartOf":{"@id":"https:\/\/www.bellunopress.it\/#website"},"primaryImageOfPage":{"@id":"https:\/\/www.bellunopress.it\/2023\/11\/16\/giornate-fai-per-le-scuole-da-lunedi-20-novembre-a-sabato-25-novembre-2023-2\/#primaryimage"},"image":{"@id":"https:\/\/www.bellunopress.it\/2023\/11\/16\/giornate-fai-per-le-scuole-da-lunedi-20-novembre-a-sabato-25-novembre-2023-2\/#primaryimage"},"thumbnailUrl":"https:\/\/www.bellunopress.it\/wp-content\/uploads\/2023\/11\/FAI_edited.jpg","datePublished":"2023-11-16T11:18:16+00:00","dateModified":"2023-11-16T14:23:32+00:00","breadcrumb":{"@id":"https:\/\/www.bellunopress.it\/2023\/11\/16\/giornate-fai-per-le-scuole-da-lunedi-20-novembre-a-sabato-25-novembre-2023-2\/#breadcrumb"},"inLanguage":"fr-FR","potentialAction":[{"@type":"ReadAction","target":["https:\/\/www.bellunopress.it\/2023\/11\/16\/giornate-fai-per-le-scuole-da-lunedi-20-novembre-a-sabato-25-novembre-2023-2\/"]}]},{"@type":"ImageObject","inLanguage":"fr-FR","@id":"https:\/\/www.bellunopress.it\/2023\/11\/16\/giornate-fai-per-le-scuole-da-lunedi-20-novembre-a-sabato-25-novembre-2023-2\/#primaryimage","url":"https:\/\/www.bellunopress.it\/wp-content\/uploads\/2023\/11\/FAI_edited.jpg","contentUrl":"https:\/\/www.bellunopress.it\/wp-content\/uploads\/2023\/11\/FAI_edited.jpg","width":510,"height":500},{"@type":"BreadcrumbList","@id":"https:\/\/www.bellunopress.it\/2023\/11\/16\/giornate-fai-per-le-scuole-da-lunedi-20-novembre-a-sabato-25-novembre-2023-2\/#breadcrumb","itemListElement":[{"@type":"ListItem","position":1,"name":"Home","item":"https:\/\/www.bellunopress.it\/"},{"@type":"ListItem","position":2,"name":"Giornate Fai per le scuole da luned\u00ec 20 novembre a sabato 25 novembre 2023"}]},{"@type":"WebSite","@id":"https:\/\/www.bellunopress.it\/#website","url":"https:\/\/www.bellunopress.it\/","name":"Bellunopress - Dolomiti","description":"e-mail: redazione@bellunopress.it","publisher":{"@id":"https:\/\/www.bellunopress.it\/#organization"},"potentialAction":[{"@type":"SearchAction","target":{"@type":"EntryPoint","urlTemplate":"https:\/\/www.bellunopress.it\/?s={search_term_string}"},"query-input":{"@type":"PropertyValueSpecification","valueRequired":true,"valueName":"search_term_string"}}],"inLanguage":"fr-FR"},{"@type":"Organization","@id":"https:\/\/www.bellunopress.it\/#organization","name":"Bellunopress","url":"https:\/\/www.bellunopress.it\/","logo":{"@type":"ImageObject","inLanguage":"fr-FR","@id":"https:\/\/www.bellunopress.it\/#\/schema\/logo\/image\/","url":"https:\/\/www.bellunopress.it\/wp-content\/uploads\/2011\/05\/cropped-logo-bellunopress-.jpg","contentUrl":"https:\/\/www.bellunopress.it\/wp-content\/uploads\/2011\/05\/cropped-logo-bellunopress-.jpg","width":512,"height":512,"caption":"Bellunopress"},"image":{"@id":"https:\/\/www.bellunopress.it\/#\/schema\/logo\/image\/"},"sameAs":["https:\/\/www.facebook.com\/profile.php?id=100008943462799","https:\/\/x.com\/bellunopress","https:\/\/www.linkedin.com\/hp\/?dnr=JBzUWaJfMUw8vbXJJ2tVW5-I3jZKvC4wsoxE&amp;amp;amp;amp;amp;amp;trk=nav_responsive_tab_home","https:\/\/www.youtube.com\/channel\/UCxL0wu1uN0_3_7hGG0306cw"]},{"@type":"Person","@id":"https:\/\/www.bellunopress.it\/#\/schema\/person\/79bb06722b37ece1c03d3e94beb30d73","name":"r\u00e9daction","image":{"@type":"ImageObject","inLanguage":"fr-FR","@id":"https:\/\/secure.gravatar.com\/avatar\/37d968a2e67a6fd04c169c4bdef102d0bc5d31b2546345219e348575eb80e9a0?s=96&d=mm&r=g","url":"https:\/\/secure.gravatar.com\/avatar\/37d968a2e67a6fd04c169c4bdef102d0bc5d31b2546345219e348575eb80e9a0?s=96&d=mm&r=g","contentUrl":"https:\/\/secure.gravatar.com\/avatar\/37d968a2e67a6fd04c169c4bdef102d0bc5d31b2546345219e348575eb80e9a0?s=96&d=mm&r=g","caption":"redazione"},"sameAs":["http:\/\/www.bellunopress.it","https:\/\/x.com\/bellunopress"],"url":"https:\/\/www.bellunopress.it\/fr\/author\/redazione\/"}]}},"_links":{"self":[{"href":"https:\/\/www.bellunopress.it\/fr\/wp-json\/wp\/v2\/posts\/145954","targetHints":{"allow":["GET"]}}],"collection":[{"href":"https:\/\/www.bellunopress.it\/fr\/wp-json\/wp\/v2\/posts"}],"about":[{"href":"https:\/\/www.bellunopress.it\/fr\/wp-json\/wp\/v2\/types\/post"}],"author":[{"embeddable":true,"href":"https:\/\/www.bellunopress.it\/fr\/wp-json\/wp\/v2\/users\/2"}],"replies":[{"embeddable":true,"href":"https:\/\/www.bellunopress.it\/fr\/wp-json\/wp\/v2\/comments?post=145954"}],"version-history":[{"count":1,"href":"https:\/\/www.bellunopress.it\/fr\/wp-json\/wp\/v2\/posts\/145954\/revisions"}],"predecessor-version":[{"id":145955,"href":"https:\/\/www.bellunopress.it\/fr\/wp-json\/wp\/v2\/posts\/145954\/revisions\/145955"}],"wp:featuredmedia":[{"embeddable":true,"href":"https:\/\/www.bellunopress.it\/fr\/wp-json\/wp\/v2\/media\/145788"}],"wp:attachment":[{"href":"https:\/\/www.bellunopress.it\/fr\/wp-json\/wp\/v2\/media?parent=145954"}],"wp:term":[{"taxonomy":"category","embeddable":true,"href":"https:\/\/www.bellunopress.it\/fr\/wp-json\/wp\/v2\/categories?post=145954"},{"taxonomy":"post_tag","embeddable":true,"href":"https:\/\/www.bellunopress.it\/fr\/wp-json\/wp\/v2\/tags?post=145954"}],"curies":[{"name":"wp","href":"https:\/\/api.w.org\/{rel}","templated":true}]}}