{"id":145952,"date":"2023-11-16T12:04:53","date_gmt":"2023-11-16T11:04:53","guid":{"rendered":"https:\/\/www.bellunopress.it\/?p=145952"},"modified":"2023-11-16T15:09:01","modified_gmt":"2023-11-16T14:09:01","slug":"coop-alleanza-3-0-sostiene-la-campagna-contro-la-violenza-sulle-donne","status":"publish","type":"post","link":"https:\/\/www.bellunopress.it\/fr\/2023\/11\/16\/coop-alleanza-3-0-sostiene-la-campagna-contro-la-violenza-sulle-donne\/","title":{"rendered":"Coop Alleanza 3.0 sostiene la campagna contro la violenza sulle donne"},"content":{"rendered":"<p><em>Fino a fine mese soci e clienti potranno sostenere le realt\u00e0 che si occupano di donne vittime di abusi con l&#8217;1% degli acquisti di confetture e nettari Frutti di pace, i frollini Coop con confezione dedicata e la shopper &#8220;Il silenzio parla&#8221;, a firma dell&#8217;illustratrice e designer italiana Elisa Puglielli.<\/em><\/p>\n<p><em>In Veneto ne beneficeranno sei realt\u00e0 sul territorio<\/em><\/p>\n<figure id=\"attachment_120667\" aria-describedby=\"caption-attachment-120667\" style=\"width: 788px\" class=\"wp-caption alignleft\"><img loading=\"lazy\" decoding=\"async\" class=\"size-full wp-image-120667\" src=\"https:\/\/www.bellunopress.it\/wp-content\/uploads\/2021\/01\/Feltre-viale-del-piave-16-coop_edited.jpg\" alt=\"\" width=\"788\" height=\"412\" srcset=\"https:\/\/www.bellunopress.it\/wp-content\/uploads\/2021\/01\/Feltre-viale-del-piave-16-coop_edited.jpg 788w, https:\/\/www.bellunopress.it\/wp-content\/uploads\/2021\/01\/Feltre-viale-del-piave-16-coop_edited-500x261.jpg 500w, https:\/\/www.bellunopress.it\/wp-content\/uploads\/2021\/01\/Feltre-viale-del-piave-16-coop_edited-696x364.jpg 696w\" sizes=\"auto, (max-width: 788px) 100vw, 788px\" \/><figcaption id=\"caption-attachment-120667\" class=\"wp-caption-text\">Coop Alleanza 3.0 &#8211; Feltre via del Piave 16<\/figcaption><\/figure>\n<p>Coop Alleanza 3.0 continua il suo impegno al fianco delle donne vittime di violenza e su questo fenomeno gravissimo torna a puntare i riflettori in occasione del 25 novembre, Giornata internazionale contro la violenza sulle donne, con la campagna solidale &#8220;Noi ci spendiamo, e tu?&#8221;.<br \/>\nPer tutto il mese di novembre, soci e clienti acquistando confetture e i nettari Frutti di pace, i frollini Coop con confezione dedicata e la shopper &#8220;Il silenzio parla&#8221;, a firma dell&#8217;illustratrice e designer italiana Elisa Puglielli, contribuiranno con l&#8217;1% della spesa di questi prodotti, a sostenere 35 realt\u00e0 impegnate a contrastare la violenza sulle donne, offrendo loro rifugio e assistenza psicologica.<br \/>\nLe realt\u00e0 sostenute sono quelle che operano nei territori in cui \u00e8 presente Coop Alleanza 3.0, dal Friuli Venezia Giulia alla Puglia.<\/p>\n<p>In Veneto saranno sei le realt\u00e0 beneficiarie della campagna &#8220;Noi ci spendiamo, e tu?&#8221;:<\/p>\n<p>&#8211; a Belluno, Associazione Belluno Donna<\/p>\n<p>&#8211; a Padova, Centro Veneto Progetti Donna<\/p>\n<p>&#8211; a Rovigo, Centro Antiviolenza del Polesine<\/p>\n<p>&#8211; a Treviso, Centro Antiviolenza Telefono Rosa di Treviso Odv<\/p>\n<p>&#8211; a Venezia, Centro Antiviolenza del Comune di Venezia<\/p>\n<p>&#8211; a Vicenza, Associazione Donna Chiama Donna<\/p>\n<p>Per ogni shopper &#8220;Il silenzio parla&#8221; acquistata, Coop devolver\u00e0 50 centesimi all&#8217;associazione Differenza Donna per assistere le donne vittime di violenza. Inoltre, sulle confezioni dei frollini a marchio Coop sar\u00e0 inserito un messaggio che invita proprio a contattare, se vittime di violenza o stalking, il numero 1522, e sar\u00e0 presente un QR code che se inquadrato, permetter\u00e0 di ascoltare storie vere di violenza di genere, interpretate attraverso la voce di attrici, con un invito: se anche voi vivete o siete a conoscenza di vicende simili, chiamate il 1522. Rompere il silenzio incoraggia infatti altre vittime a uscire dall&#8217;isolamento e cercare aiuto.<br \/>\nInoltre, in collaborazione con le realt\u00e0 locali, Coop Alleanza 3.0 nel mese di novembre organizza numerosi incontri nei diversi territori in cui opera, per parlare del fenomeno con esperti o testimoni e continuare l&#8217;opera di sensibilizzazione e informazione sulla violenza di genere.<\/p>\n<p><strong>L&#8217;impegno della Cooperativa sul tema della violenza di genere e la campagna &#8220;Noi ci spendiamo, e tu?&#8221; nel 2022<\/strong><\/p>\n<p>Nel 2022 la campagna &#8220;Noi ci spendiamo, e tu?&#8221;, oramai distintiva di Coop Alleanza 3.0, ha sostenuto con 80 mila euro le realt\u00e0 che sul territorio si occupano di donne vittime di abusi attraverso l&#8217;1% delle vendite di specifici prodotti acquistati nel mese di novembre da soci e clienti.<br \/>\nL&#8217;impegno della Cooperativa sul tema della violenza sulle donne \u00e8 capillare e continuativo, e ha permesso di sostenere numerosi centri antiviolenza e realt\u00e0 locali sin dal 2016. Anche durante il periodo della pandemia da Covid-19 nel 2020 e durante il periodo del lockdown, la Cooperativa ha deciso di rispondere concretamente all&#8217;appello &#8220;Non sei sola!&#8221; lanciato della rete dei centri antiviolenza e delle associazioni che si occupano di donne vittime di abusi, sostenendo complessivamente con 50 mila euro le realt\u00e0 del proprio territorio che aiutano le donne in difficolt\u00e0.<\/p>\n<p>&nbsp;<\/p>\n<p><strong>I prodotti Frutti di pace<\/strong><\/p>\n<p>I prodotti Frutti di pace, confetture e nettari, sono prodotte da INSIEME, una cooperativa formata principalmente da donne che nasce nel 2003 a Bratunac nel territorio di Srebrenica, in Bosnia Erzegovina, con lo scopo di favorire il ritorno a casa dei profughi della ex-Jugoslavia, attraverso un&#8217;attivit\u00e0 basata sulla coltivazione di piccoli frutti nelle fattorie di famiglia riunite in cooperativa. Rafforzare i valori della fiducia, dell&#8217;amicizia e del rispetto nelle zone maggiormente colpite dalla ferocia della guerra \u00e8 alla base dell&#8217;attivit\u00e0 della cooperativa agricola INSIEME. Oggi la Cooperativa INSIEME riesce a sostenere i contadini nella fase della produzione e si occupa della raccolta, della surgelazione, della trasformazione e della vendita di prodotti derivati da piccoli frutti rossi \u2013 mirtilli, lamponi \u2013 prodotti tipici dell&#8217;agricoltura tradizionale dell&#8217;area.<\/p>\n<p>&nbsp;<\/p>\n<p>&nbsp;<\/p>","protected":false},"excerpt":{"rendered":"<p>Fino a fine mese soci e clienti potranno sostenere le realt\u00e0 che si occupano di donne vittime di abusi con l&#8217;1% degli acquisti di confetture e nettari Frutti di pace, i frollini Coop con confezione dedicata e la shopper &#8220;Il silenzio parla&#8221;, a firma dell&#8217;illustratrice e designer italiana Elisa Puglielli. In Veneto ne beneficeranno sei [&hellip;]<\/p>\n","protected":false},"author":2,"featured_media":120667,"comment_status":"closed","ping_status":"open","sticky":false,"template":"","format":"standard","meta":{"footnotes":""},"categories":[26,8],"tags":[],"class_list":["post-145952","post","type-post","status-publish","format-standard","has-post-thumbnail","category-prima-pagina","category-societa-istituzioni"],"yoast_head":"<!-- This site is optimized with the Yoast SEO plugin v28.4 - https:\/\/yoast.com\/product\/yoast-seo-wordpress\/ -->\n<title>Coop Alleanza 3.0 sostiene la campagna contro la violenza sulle donne - Bellunopress - Dolomiti<\/title>\n<meta name=\"robots\" content=\"index, follow, max-snippet:-1, max-image-preview:large, max-video-preview:-1\" \/>\n<link rel=\"canonical\" href=\"https:\/\/www.bellunopress.it\/fr\/2023\/11\/16\/coop-alleanza-3-0-sostiene-la-campagna-contro-la-violenza-sulle-donne\/\" \/>\n<meta property=\"og:locale\" content=\"fr_FR\" \/>\n<meta property=\"og:type\" content=\"article\" \/>\n<meta property=\"og:title\" content=\"Coop Alleanza 3.0 sostiene la campagna contro la violenza sulle donne - Bellunopress - Dolomiti\" \/>\n<meta property=\"og:description\" content=\"Fino a fine mese soci e clienti potranno sostenere le realt\u00e0 che si occupano di donne vittime di abusi con l&#8217;1% degli acquisti di confetture e nettari Frutti di pace, i frollini Coop con confezione dedicata e la shopper &#8220;Il silenzio parla&#8221;, a firma dell&#8217;illustratrice e designer italiana Elisa Puglielli. In Veneto ne beneficeranno sei [&hellip;]\" \/>\n<meta property=\"og:url\" content=\"https:\/\/www.bellunopress.it\/fr\/2023\/11\/16\/coop-alleanza-3-0-sostiene-la-campagna-contro-la-violenza-sulle-donne\/\" \/>\n<meta property=\"og:site_name\" content=\"Bellunopress - Dolomiti\" \/>\n<meta property=\"article:publisher\" content=\"https:\/\/www.facebook.com\/profile.php?id=100008943462799\" \/>\n<meta property=\"article:published_time\" content=\"2023-11-16T11:04:53+00:00\" \/>\n<meta property=\"article:modified_time\" content=\"2023-11-16T14:09:01+00:00\" \/>\n<meta property=\"og:image\" content=\"https:\/\/www.bellunopress.it\/wp-content\/uploads\/2021\/01\/Feltre-viale-del-piave-16-coop_edited.jpg\" \/>\n\t<meta property=\"og:image:width\" content=\"788\" \/>\n\t<meta property=\"og:image:height\" content=\"412\" \/>\n\t<meta property=\"og:image:type\" content=\"image\/jpeg\" \/>\n<meta name=\"author\" content=\"redazione\" \/>\n<meta name=\"twitter:card\" content=\"summary_large_image\" \/>\n<meta name=\"twitter:creator\" content=\"@bellunopress\" \/>\n<meta name=\"twitter:site\" content=\"@bellunopress\" \/>\n<meta name=\"twitter:label1\" content=\"\u00c9crit par\" \/>\n\t<meta name=\"twitter:data1\" content=\"redazione\" \/>\n\t<meta name=\"twitter:label2\" content=\"Dur\u00e9e de lecture estim\u00e9e\" \/>\n\t<meta name=\"twitter:data2\" content=\"3 minutes\" \/>\n<script type=\"application\/ld+json\" class=\"yoast-schema-graph\">{\"@context\":\"https:\\\/\\\/schema.org\",\"@graph\":[{\"@type\":\"Article\",\"@id\":\"https:\\\/\\\/www.bellunopress.it\\\/2023\\\/11\\\/16\\\/coop-alleanza-3-0-sostiene-la-campagna-contro-la-violenza-sulle-donne\\\/#article\",\"isPartOf\":{\"@id\":\"https:\\\/\\\/www.bellunopress.it\\\/2023\\\/11\\\/16\\\/coop-alleanza-3-0-sostiene-la-campagna-contro-la-violenza-sulle-donne\\\/\"},\"author\":{\"name\":\"redazione\",\"@id\":\"https:\\\/\\\/www.bellunopress.it\\\/#\\\/schema\\\/person\\\/79bb06722b37ece1c03d3e94beb30d73\"},\"headline\":\"Coop Alleanza 3.0 sostiene la campagna contro la violenza sulle donne\",\"datePublished\":\"2023-11-16T11:04:53+00:00\",\"dateModified\":\"2023-11-16T14:09:01+00:00\",\"mainEntityOfPage\":{\"@id\":\"https:\\\/\\\/www.bellunopress.it\\\/2023\\\/11\\\/16\\\/coop-alleanza-3-0-sostiene-la-campagna-contro-la-violenza-sulle-donne\\\/\"},\"wordCount\":695,\"publisher\":{\"@id\":\"https:\\\/\\\/www.bellunopress.it\\\/#organization\"},\"image\":{\"@id\":\"https:\\\/\\\/www.bellunopress.it\\\/2023\\\/11\\\/16\\\/coop-alleanza-3-0-sostiene-la-campagna-contro-la-violenza-sulle-donne\\\/#primaryimage\"},\"thumbnailUrl\":\"https:\\\/\\\/www.bellunopress.it\\\/wp-content\\\/uploads\\\/2021\\\/01\\\/Feltre-viale-del-piave-16-coop_edited.jpg\",\"articleSection\":[\"Prima Pagina\",\"Societ\u00e0, Associazioni, Istituzioni\"],\"inLanguage\":\"fr-FR\"},{\"@type\":\"WebPage\",\"@id\":\"https:\\\/\\\/www.bellunopress.it\\\/2023\\\/11\\\/16\\\/coop-alleanza-3-0-sostiene-la-campagna-contro-la-violenza-sulle-donne\\\/\",\"url\":\"https:\\\/\\\/www.bellunopress.it\\\/2023\\\/11\\\/16\\\/coop-alleanza-3-0-sostiene-la-campagna-contro-la-violenza-sulle-donne\\\/\",\"name\":\"Coop Alleanza 3.0 sostiene la campagna contro la violenza sulle donne - Bellunopress - Dolomiti\",\"isPartOf\":{\"@id\":\"https:\\\/\\\/www.bellunopress.it\\\/#website\"},\"primaryImageOfPage\":{\"@id\":\"https:\\\/\\\/www.bellunopress.it\\\/2023\\\/11\\\/16\\\/coop-alleanza-3-0-sostiene-la-campagna-contro-la-violenza-sulle-donne\\\/#primaryimage\"},\"image\":{\"@id\":\"https:\\\/\\\/www.bellunopress.it\\\/2023\\\/11\\\/16\\\/coop-alleanza-3-0-sostiene-la-campagna-contro-la-violenza-sulle-donne\\\/#primaryimage\"},\"thumbnailUrl\":\"https:\\\/\\\/www.bellunopress.it\\\/wp-content\\\/uploads\\\/2021\\\/01\\\/Feltre-viale-del-piave-16-coop_edited.jpg\",\"datePublished\":\"2023-11-16T11:04:53+00:00\",\"dateModified\":\"2023-11-16T14:09:01+00:00\",\"breadcrumb\":{\"@id\":\"https:\\\/\\\/www.bellunopress.it\\\/2023\\\/11\\\/16\\\/coop-alleanza-3-0-sostiene-la-campagna-contro-la-violenza-sulle-donne\\\/#breadcrumb\"},\"inLanguage\":\"fr-FR\",\"potentialAction\":[{\"@type\":\"ReadAction\",\"target\":[\"https:\\\/\\\/www.bellunopress.it\\\/2023\\\/11\\\/16\\\/coop-alleanza-3-0-sostiene-la-campagna-contro-la-violenza-sulle-donne\\\/\"]}]},{\"@type\":\"ImageObject\",\"inLanguage\":\"fr-FR\",\"@id\":\"https:\\\/\\\/www.bellunopress.it\\\/2023\\\/11\\\/16\\\/coop-alleanza-3-0-sostiene-la-campagna-contro-la-violenza-sulle-donne\\\/#primaryimage\",\"url\":\"https:\\\/\\\/www.bellunopress.it\\\/wp-content\\\/uploads\\\/2021\\\/01\\\/Feltre-viale-del-piave-16-coop_edited.jpg\",\"contentUrl\":\"https:\\\/\\\/www.bellunopress.it\\\/wp-content\\\/uploads\\\/2021\\\/01\\\/Feltre-viale-del-piave-16-coop_edited.jpg\",\"width\":788,\"height\":412,\"caption\":\"Coop Alleanza 3.0 - Feltre via del Piave 16\"},{\"@type\":\"BreadcrumbList\",\"@id\":\"https:\\\/\\\/www.bellunopress.it\\\/2023\\\/11\\\/16\\\/coop-alleanza-3-0-sostiene-la-campagna-contro-la-violenza-sulle-donne\\\/#breadcrumb\",\"itemListElement\":[{\"@type\":\"ListItem\",\"position\":1,\"name\":\"Home\",\"item\":\"https:\\\/\\\/www.bellunopress.it\\\/\"},{\"@type\":\"ListItem\",\"position\":2,\"name\":\"Coop Alleanza 3.0 sostiene la campagna contro la violenza sulle donne\"}]},{\"@type\":\"WebSite\",\"@id\":\"https:\\\/\\\/www.bellunopress.it\\\/#website\",\"url\":\"https:\\\/\\\/www.bellunopress.it\\\/\",\"name\":\"Bellunopress - Dolomiti\",\"description\":\"e-mail: redazione@bellunopress.it\",\"publisher\":{\"@id\":\"https:\\\/\\\/www.bellunopress.it\\\/#organization\"},\"potentialAction\":[{\"@type\":\"SearchAction\",\"target\":{\"@type\":\"EntryPoint\",\"urlTemplate\":\"https:\\\/\\\/www.bellunopress.it\\\/?s={search_term_string}\"},\"query-input\":{\"@type\":\"PropertyValueSpecification\",\"valueRequired\":true,\"valueName\":\"search_term_string\"}}],\"inLanguage\":\"fr-FR\"},{\"@type\":\"Organization\",\"@id\":\"https:\\\/\\\/www.bellunopress.it\\\/#organization\",\"name\":\"Bellunopress\",\"url\":\"https:\\\/\\\/www.bellunopress.it\\\/\",\"logo\":{\"@type\":\"ImageObject\",\"inLanguage\":\"fr-FR\",\"@id\":\"https:\\\/\\\/www.bellunopress.it\\\/#\\\/schema\\\/logo\\\/image\\\/\",\"url\":\"https:\\\/\\\/www.bellunopress.it\\\/wp-content\\\/uploads\\\/2011\\\/05\\\/cropped-logo-bellunopress-.jpg\",\"contentUrl\":\"https:\\\/\\\/www.bellunopress.it\\\/wp-content\\\/uploads\\\/2011\\\/05\\\/cropped-logo-bellunopress-.jpg\",\"width\":512,\"height\":512,\"caption\":\"Bellunopress\"},\"image\":{\"@id\":\"https:\\\/\\\/www.bellunopress.it\\\/#\\\/schema\\\/logo\\\/image\\\/\"},\"sameAs\":[\"https:\\\/\\\/www.facebook.com\\\/profile.php?id=100008943462799\",\"https:\\\/\\\/x.com\\\/bellunopress\",\"https:\\\/\\\/www.linkedin.com\\\/hp\\\/?dnr=JBzUWaJfMUw8vbXJJ2tVW5-I3jZKvC4wsoxE&amp;amp;amp;amp;amp;amp;trk=nav_responsive_tab_home\",\"https:\\\/\\\/www.youtube.com\\\/channel\\\/UCxL0wu1uN0_3_7hGG0306cw\"]},{\"@type\":\"Person\",\"@id\":\"https:\\\/\\\/www.bellunopress.it\\\/#\\\/schema\\\/person\\\/79bb06722b37ece1c03d3e94beb30d73\",\"name\":\"redazione\",\"image\":{\"@type\":\"ImageObject\",\"inLanguage\":\"fr-FR\",\"@id\":\"https:\\\/\\\/secure.gravatar.com\\\/avatar\\\/37d968a2e67a6fd04c169c4bdef102d0bc5d31b2546345219e348575eb80e9a0?s=96&d=mm&r=g\",\"url\":\"https:\\\/\\\/secure.gravatar.com\\\/avatar\\\/37d968a2e67a6fd04c169c4bdef102d0bc5d31b2546345219e348575eb80e9a0?s=96&d=mm&r=g\",\"contentUrl\":\"https:\\\/\\\/secure.gravatar.com\\\/avatar\\\/37d968a2e67a6fd04c169c4bdef102d0bc5d31b2546345219e348575eb80e9a0?s=96&d=mm&r=g\",\"caption\":\"redazione\"},\"sameAs\":[\"http:\\\/\\\/www.bellunopress.it\",\"https:\\\/\\\/x.com\\\/bellunopress\"],\"url\":\"https:\\\/\\\/www.bellunopress.it\\\/fr\\\/author\\\/redazione\\\/\"}]}<\/script>\n<!-- \/ Yoast SEO plugin. -->","yoast_head_json":{"title":"Coop Alleanza 3.0 sostiene la campagna contro la violenza sulle donne - Bellunopress - Dolomiti","robots":{"index":"index","follow":"follow","max-snippet":"max-snippet:-1","max-image-preview":"max-image-preview:large","max-video-preview":"max-video-preview:-1"},"canonical":"https:\/\/www.bellunopress.it\/fr\/2023\/11\/16\/coop-alleanza-3-0-sostiene-la-campagna-contro-la-violenza-sulle-donne\/","og_locale":"fr_FR","og_type":"article","og_title":"Coop Alleanza 3.0 sostiene la campagna contro la violenza sulle donne - Bellunopress - Dolomiti","og_description":"Fino a fine mese soci e clienti potranno sostenere le realt\u00e0 che si occupano di donne vittime di abusi con l&#8217;1% degli acquisti di confetture e nettari Frutti di pace, i frollini Coop con confezione dedicata e la shopper &#8220;Il silenzio parla&#8221;, a firma dell&#8217;illustratrice e designer italiana Elisa Puglielli. In Veneto ne beneficeranno sei [&hellip;]","og_url":"https:\/\/www.bellunopress.it\/fr\/2023\/11\/16\/coop-alleanza-3-0-sostiene-la-campagna-contro-la-violenza-sulle-donne\/","og_site_name":"Bellunopress - Dolomiti","article_publisher":"https:\/\/www.facebook.com\/profile.php?id=100008943462799","article_published_time":"2023-11-16T11:04:53+00:00","article_modified_time":"2023-11-16T14:09:01+00:00","og_image":[{"width":788,"height":412,"url":"https:\/\/www.bellunopress.it\/wp-content\/uploads\/2021\/01\/Feltre-viale-del-piave-16-coop_edited.jpg","type":"image\/jpeg"}],"author":"redazione","twitter_card":"summary_large_image","twitter_creator":"@bellunopress","twitter_site":"@bellunopress","twitter_misc":{"\u00c9crit par":"redazione","Dur\u00e9e de lecture estim\u00e9e":"3 minutes"},"schema":{"@context":"https:\/\/schema.org","@graph":[{"@type":"Article","@id":"https:\/\/www.bellunopress.it\/2023\/11\/16\/coop-alleanza-3-0-sostiene-la-campagna-contro-la-violenza-sulle-donne\/#article","isPartOf":{"@id":"https:\/\/www.bellunopress.it\/2023\/11\/16\/coop-alleanza-3-0-sostiene-la-campagna-contro-la-violenza-sulle-donne\/"},"author":{"name":"redazione","@id":"https:\/\/www.bellunopress.it\/#\/schema\/person\/79bb06722b37ece1c03d3e94beb30d73"},"headline":"Coop Alleanza 3.0 sostiene la campagna contro la violenza sulle donne","datePublished":"2023-11-16T11:04:53+00:00","dateModified":"2023-11-16T14:09:01+00:00","mainEntityOfPage":{"@id":"https:\/\/www.bellunopress.it\/2023\/11\/16\/coop-alleanza-3-0-sostiene-la-campagna-contro-la-violenza-sulle-donne\/"},"wordCount":695,"publisher":{"@id":"https:\/\/www.bellunopress.it\/#organization"},"image":{"@id":"https:\/\/www.bellunopress.it\/2023\/11\/16\/coop-alleanza-3-0-sostiene-la-campagna-contro-la-violenza-sulle-donne\/#primaryimage"},"thumbnailUrl":"https:\/\/www.bellunopress.it\/wp-content\/uploads\/2021\/01\/Feltre-viale-del-piave-16-coop_edited.jpg","articleSection":["Prima Pagina","Societ\u00e0, Associazioni, Istituzioni"],"inLanguage":"fr-FR"},{"@type":"WebPage","@id":"https:\/\/www.bellunopress.it\/2023\/11\/16\/coop-alleanza-3-0-sostiene-la-campagna-contro-la-violenza-sulle-donne\/","url":"https:\/\/www.bellunopress.it\/2023\/11\/16\/coop-alleanza-3-0-sostiene-la-campagna-contro-la-violenza-sulle-donne\/","name":"Coop Alleanza 3.0 sostiene la campagna contro la violenza sulle donne - Bellunopress - Dolomiti","isPartOf":{"@id":"https:\/\/www.bellunopress.it\/#website"},"primaryImageOfPage":{"@id":"https:\/\/www.bellunopress.it\/2023\/11\/16\/coop-alleanza-3-0-sostiene-la-campagna-contro-la-violenza-sulle-donne\/#primaryimage"},"image":{"@id":"https:\/\/www.bellunopress.it\/2023\/11\/16\/coop-alleanza-3-0-sostiene-la-campagna-contro-la-violenza-sulle-donne\/#primaryimage"},"thumbnailUrl":"https:\/\/www.bellunopress.it\/wp-content\/uploads\/2021\/01\/Feltre-viale-del-piave-16-coop_edited.jpg","datePublished":"2023-11-16T11:04:53+00:00","dateModified":"2023-11-16T14:09:01+00:00","breadcrumb":{"@id":"https:\/\/www.bellunopress.it\/2023\/11\/16\/coop-alleanza-3-0-sostiene-la-campagna-contro-la-violenza-sulle-donne\/#breadcrumb"},"inLanguage":"fr-FR","potentialAction":[{"@type":"ReadAction","target":["https:\/\/www.bellunopress.it\/2023\/11\/16\/coop-alleanza-3-0-sostiene-la-campagna-contro-la-violenza-sulle-donne\/"]}]},{"@type":"ImageObject","inLanguage":"fr-FR","@id":"https:\/\/www.bellunopress.it\/2023\/11\/16\/coop-alleanza-3-0-sostiene-la-campagna-contro-la-violenza-sulle-donne\/#primaryimage","url":"https:\/\/www.bellunopress.it\/wp-content\/uploads\/2021\/01\/Feltre-viale-del-piave-16-coop_edited.jpg","contentUrl":"https:\/\/www.bellunopress.it\/wp-content\/uploads\/2021\/01\/Feltre-viale-del-piave-16-coop_edited.jpg","width":788,"height":412,"caption":"Coop Alleanza 3.0 - Feltre via del Piave 16"},{"@type":"BreadcrumbList","@id":"https:\/\/www.bellunopress.it\/2023\/11\/16\/coop-alleanza-3-0-sostiene-la-campagna-contro-la-violenza-sulle-donne\/#breadcrumb","itemListElement":[{"@type":"ListItem","position":1,"name":"Home","item":"https:\/\/www.bellunopress.it\/"},{"@type":"ListItem","position":2,"name":"Coop Alleanza 3.0 sostiene la campagna contro la violenza sulle donne"}]},{"@type":"WebSite","@id":"https:\/\/www.bellunopress.it\/#website","url":"https:\/\/www.bellunopress.it\/","name":"Bellunopress - Dolomiti","description":"e-mail: redazione@bellunopress.it","publisher":{"@id":"https:\/\/www.bellunopress.it\/#organization"},"potentialAction":[{"@type":"SearchAction","target":{"@type":"EntryPoint","urlTemplate":"https:\/\/www.bellunopress.it\/?s={search_term_string}"},"query-input":{"@type":"PropertyValueSpecification","valueRequired":true,"valueName":"search_term_string"}}],"inLanguage":"fr-FR"},{"@type":"Organization","@id":"https:\/\/www.bellunopress.it\/#organization","name":"Bellunopress","url":"https:\/\/www.bellunopress.it\/","logo":{"@type":"ImageObject","inLanguage":"fr-FR","@id":"https:\/\/www.bellunopress.it\/#\/schema\/logo\/image\/","url":"https:\/\/www.bellunopress.it\/wp-content\/uploads\/2011\/05\/cropped-logo-bellunopress-.jpg","contentUrl":"https:\/\/www.bellunopress.it\/wp-content\/uploads\/2011\/05\/cropped-logo-bellunopress-.jpg","width":512,"height":512,"caption":"Bellunopress"},"image":{"@id":"https:\/\/www.bellunopress.it\/#\/schema\/logo\/image\/"},"sameAs":["https:\/\/www.facebook.com\/profile.php?id=100008943462799","https:\/\/x.com\/bellunopress","https:\/\/www.linkedin.com\/hp\/?dnr=JBzUWaJfMUw8vbXJJ2tVW5-I3jZKvC4wsoxE&amp;amp;amp;amp;amp;amp;trk=nav_responsive_tab_home","https:\/\/www.youtube.com\/channel\/UCxL0wu1uN0_3_7hGG0306cw"]},{"@type":"Person","@id":"https:\/\/www.bellunopress.it\/#\/schema\/person\/79bb06722b37ece1c03d3e94beb30d73","name":"r\u00e9daction","image":{"@type":"ImageObject","inLanguage":"fr-FR","@id":"https:\/\/secure.gravatar.com\/avatar\/37d968a2e67a6fd04c169c4bdef102d0bc5d31b2546345219e348575eb80e9a0?s=96&d=mm&r=g","url":"https:\/\/secure.gravatar.com\/avatar\/37d968a2e67a6fd04c169c4bdef102d0bc5d31b2546345219e348575eb80e9a0?s=96&d=mm&r=g","contentUrl":"https:\/\/secure.gravatar.com\/avatar\/37d968a2e67a6fd04c169c4bdef102d0bc5d31b2546345219e348575eb80e9a0?s=96&d=mm&r=g","caption":"redazione"},"sameAs":["http:\/\/www.bellunopress.it","https:\/\/x.com\/bellunopress"],"url":"https:\/\/www.bellunopress.it\/fr\/author\/redazione\/"}]}},"_links":{"self":[{"href":"https:\/\/www.bellunopress.it\/fr\/wp-json\/wp\/v2\/posts\/145952","targetHints":{"allow":["GET"]}}],"collection":[{"href":"https:\/\/www.bellunopress.it\/fr\/wp-json\/wp\/v2\/posts"}],"about":[{"href":"https:\/\/www.bellunopress.it\/fr\/wp-json\/wp\/v2\/types\/post"}],"author":[{"embeddable":true,"href":"https:\/\/www.bellunopress.it\/fr\/wp-json\/wp\/v2\/users\/2"}],"replies":[{"embeddable":true,"href":"https:\/\/www.bellunopress.it\/fr\/wp-json\/wp\/v2\/comments?post=145952"}],"version-history":[{"count":1,"href":"https:\/\/www.bellunopress.it\/fr\/wp-json\/wp\/v2\/posts\/145952\/revisions"}],"predecessor-version":[{"id":145953,"href":"https:\/\/www.bellunopress.it\/fr\/wp-json\/wp\/v2\/posts\/145952\/revisions\/145953"}],"wp:featuredmedia":[{"embeddable":true,"href":"https:\/\/www.bellunopress.it\/fr\/wp-json\/wp\/v2\/media\/120667"}],"wp:attachment":[{"href":"https:\/\/www.bellunopress.it\/fr\/wp-json\/wp\/v2\/media?parent=145952"}],"wp:term":[{"taxonomy":"category","embeddable":true,"href":"https:\/\/www.bellunopress.it\/fr\/wp-json\/wp\/v2\/categories?post=145952"},{"taxonomy":"post_tag","embeddable":true,"href":"https:\/\/www.bellunopress.it\/fr\/wp-json\/wp\/v2\/tags?post=145952"}],"curies":[{"name":"wp","href":"https:\/\/api.w.org\/{rel}","templated":true}]}}