{"id":145949,"date":"2023-11-16T14:03:08","date_gmt":"2023-11-16T13:03:08","guid":{"rendered":"https:\/\/www.bellunopress.it\/?p=145949"},"modified":"2023-11-16T20:14:07","modified_gmt":"2023-11-16T19:14:07","slug":"avvicendamento-ai-vertici-della-polizia-stradale-di-belluno-luciana-giorgi-subentra-a-salvatore-atorino","status":"publish","type":"post","link":"https:\/\/www.bellunopress.it\/fr\/2023\/11\/16\/avvicendamento-ai-vertici-della-polizia-stradale-di-belluno-luciana-giorgi-subentra-a-salvatore-atorino\/","title":{"rendered":"Avvicendamento ai vertici della Polizia stradale di Belluno: Luciana Giorgi subentra a Salvatore Atorino"},"content":{"rendered":"<figure id=\"attachment_145950\" aria-describedby=\"caption-attachment-145950\" style=\"width: 947px\" class=\"wp-caption alignleft\"><img loading=\"lazy\" decoding=\"async\" class=\"size-full wp-image-145950\" src=\"https:\/\/www.bellunopress.it\/wp-content\/uploads\/2023\/11\/Luciana-Giorgi-vicequestore-comandante-polizia-stradale-BL_edited.jpg\" alt=\"\" width=\"947\" height=\"1000\" srcset=\"https:\/\/www.bellunopress.it\/wp-content\/uploads\/2023\/11\/Luciana-Giorgi-vicequestore-comandante-polizia-stradale-BL_edited.jpg 947w, https:\/\/www.bellunopress.it\/wp-content\/uploads\/2023\/11\/Luciana-Giorgi-vicequestore-comandante-polizia-stradale-BL_edited-474x500.jpg 474w, https:\/\/www.bellunopress.it\/wp-content\/uploads\/2023\/11\/Luciana-Giorgi-vicequestore-comandante-polizia-stradale-BL_edited-696x735.jpg 696w\" sizes=\"auto, (max-width: 947px) 100vw, 947px\" \/><figcaption id=\"caption-attachment-145950\" class=\"wp-caption-text\">Luciana Giorgi, vicequestore, comandante della Polizia Stradale di Belluno<\/figcaption><\/figure>\n<p>Luciana Giorgi, vicequestore, dirigente della Polizia di Stato, \u00e8 il nuovo comandante della Sezione della Polizia stradale di Belluno.<\/p>\n<p>Per la prima volta la Polstrada di Belluno \u00e8 diretta da una donna, che vanta una carriera percorsa sempre nella specialit\u00e0 della Stradale. Laureata in giurisprudenza, ha frequentato il Centro Addestramento Polizia Stradale di Cesena, scuola di eccellenza della specialit\u00e0. Nel 2000 \u00e8 stata assegnata al Compartimento Lombardia. Successivamente ha assunto la dirigenza del COPS (Centro operativo Polizia Stradale) di Novate Milanese, e a scavalco la direzione della Sezione di Bergamo. Nel 2004 ha assunto il Comando della Sezione di Polizia Stradale di Novara con la Sottosezione autostradale di Novara Est, dove ha condotto importanti indagini sulla Tangentopoli novarese. Nel 2006 ha maturato una importante e utile esperienza in occasione delle Olimpiadi invernali di Torino. E\u2019 stata altres\u00ec particolarmente impegnata nelle scuole di ogni ordine e grado per l\u2019educazione stradale, nel progetto ICARO di cui \u00e8 stata referente per l\u2019anno 2020. A Milano ha fornito il servizio quotidiano di aggiornamento della viabilit\u00e0 per Canale 5. E\u2019 stata dirigente della Sezione di Polizia Stradale di Pavia e di Terni, ultima sua sede prima di Belluno, dove \u00e8 stata designata per l\u2019importante appuntamento delle Olimpiadi invernali Milano-Cortina 2026. Nel periodo in cui ha diretto la Sezione Polstrada di Terni la dottoressa Giorgi ha finalizzato l\u2019attivit\u00e0 di contrasto dei comportamenti a rischio (abuso di alcol, droga, uso del cellulare ecc), imputabili perlopi\u00f9 al comportamento umano. Soprattutto nella prevenzione delle stragi del sabato sera, ha coordinato l\u2019impiego del Laboratorio mobile forense, grazie al quale attraverso campioni salivari \u00e8 in grado di restituire un esame di secondo livello, utile all\u2019autorit\u00e0 giudiziaria.<\/p>","protected":false},"excerpt":{"rendered":"<p>Luciana Giorgi, vicequestore, dirigente della Polizia di Stato, \u00e8 il nuovo comandante della Sezione della Polizia stradale di Belluno. Per la prima volta la Polstrada di Belluno \u00e8 diretta da una donna, che vanta una carriera percorsa sempre nella specialit\u00e0 della Stradale. Laureata in giurisprudenza, ha frequentato il Centro Addestramento Polizia Stradale di Cesena, scuola [&hellip;]<\/p>\n","protected":false},"author":2,"featured_media":145950,"comment_status":"closed","ping_status":"open","sticky":false,"template":"","format":"standard","meta":{"footnotes":""},"categories":[5,26,8],"tags":[],"class_list":["post-145949","post","type-post","status-publish","format-standard","has-post-thumbnail","category-cronaca","category-prima-pagina","category-societa-istituzioni"],"yoast_head":"<!-- This site is optimized with the Yoast SEO plugin v28.4 - https:\/\/yoast.com\/product\/yoast-seo-wordpress\/ -->\n<title>Avvicendamento ai vertici della Polizia stradale di Belluno: Luciana Giorgi subentra a Salvatore Atorino - Bellunopress - Dolomiti<\/title>\n<meta name=\"robots\" content=\"index, follow, max-snippet:-1, max-image-preview:large, max-video-preview:-1\" \/>\n<link rel=\"canonical\" href=\"https:\/\/www.bellunopress.it\/fr\/2023\/11\/16\/avvicendamento-ai-vertici-della-polizia-stradale-di-belluno-luciana-giorgi-subentra-a-salvatore-atorino\/\" \/>\n<meta property=\"og:locale\" content=\"fr_FR\" \/>\n<meta property=\"og:type\" content=\"article\" \/>\n<meta property=\"og:title\" content=\"Avvicendamento ai vertici della Polizia stradale di Belluno: Luciana Giorgi subentra a Salvatore Atorino - Bellunopress - Dolomiti\" \/>\n<meta property=\"og:description\" content=\"Luciana Giorgi, vicequestore, dirigente della Polizia di Stato, \u00e8 il nuovo comandante della Sezione della Polizia stradale di Belluno. Per la prima volta la Polstrada di Belluno \u00e8 diretta da una donna, che vanta una carriera percorsa sempre nella specialit\u00e0 della Stradale. Laureata in giurisprudenza, ha frequentato il Centro Addestramento Polizia Stradale di Cesena, scuola [&hellip;]\" \/>\n<meta property=\"og:url\" content=\"https:\/\/www.bellunopress.it\/fr\/2023\/11\/16\/avvicendamento-ai-vertici-della-polizia-stradale-di-belluno-luciana-giorgi-subentra-a-salvatore-atorino\/\" \/>\n<meta property=\"og:site_name\" content=\"Bellunopress - Dolomiti\" \/>\n<meta property=\"article:publisher\" content=\"https:\/\/www.facebook.com\/profile.php?id=100008943462799\" \/>\n<meta property=\"article:published_time\" content=\"2023-11-16T13:03:08+00:00\" \/>\n<meta property=\"article:modified_time\" content=\"2023-11-16T19:14:07+00:00\" \/>\n<meta property=\"og:image\" content=\"https:\/\/www.bellunopress.it\/wp-content\/uploads\/2023\/11\/Luciana-Giorgi-vicequestore-comandante-polizia-stradale-BL_edited.jpg\" \/>\n\t<meta property=\"og:image:width\" content=\"947\" \/>\n\t<meta property=\"og:image:height\" content=\"1000\" \/>\n\t<meta property=\"og:image:type\" content=\"image\/jpeg\" \/>\n<meta name=\"author\" content=\"redazione\" \/>\n<meta name=\"twitter:card\" content=\"summary_large_image\" \/>\n<meta name=\"twitter:creator\" content=\"@bellunopress\" \/>\n<meta name=\"twitter:site\" content=\"@bellunopress\" \/>\n<meta name=\"twitter:label1\" content=\"Written by\" \/>\n\t<meta name=\"twitter:data1\" content=\"redazione\" \/>\n\t<meta name=\"twitter:label2\" content=\"Est. reading time\" \/>\n\t<meta name=\"twitter:data2\" content=\"1 minute\" \/>\n<script type=\"application\/ld+json\" class=\"yoast-schema-graph\">{\"@context\":\"https:\\\/\\\/schema.org\",\"@graph\":[{\"@type\":\"Article\",\"@id\":\"https:\\\/\\\/www.bellunopress.it\\\/2023\\\/11\\\/16\\\/avvicendamento-ai-vertici-della-polizia-stradale-di-belluno-luciana-giorgi-subentra-a-salvatore-atorino\\\/#article\",\"isPartOf\":{\"@id\":\"https:\\\/\\\/www.bellunopress.it\\\/2023\\\/11\\\/16\\\/avvicendamento-ai-vertici-della-polizia-stradale-di-belluno-luciana-giorgi-subentra-a-salvatore-atorino\\\/\"},\"author\":{\"name\":\"redazione\",\"@id\":\"https:\\\/\\\/www.bellunopress.it\\\/#\\\/schema\\\/person\\\/79bb06722b37ece1c03d3e94beb30d73\"},\"headline\":\"Avvicendamento ai vertici della Polizia stradale di Belluno: Luciana Giorgi subentra a Salvatore Atorino\",\"datePublished\":\"2023-11-16T13:03:08+00:00\",\"dateModified\":\"2023-11-16T19:14:07+00:00\",\"mainEntityOfPage\":{\"@id\":\"https:\\\/\\\/www.bellunopress.it\\\/2023\\\/11\\\/16\\\/avvicendamento-ai-vertici-della-polizia-stradale-di-belluno-luciana-giorgi-subentra-a-salvatore-atorino\\\/\"},\"wordCount\":299,\"publisher\":{\"@id\":\"https:\\\/\\\/www.bellunopress.it\\\/#organization\"},\"image\":{\"@id\":\"https:\\\/\\\/www.bellunopress.it\\\/2023\\\/11\\\/16\\\/avvicendamento-ai-vertici-della-polizia-stradale-di-belluno-luciana-giorgi-subentra-a-salvatore-atorino\\\/#primaryimage\"},\"thumbnailUrl\":\"https:\\\/\\\/www.bellunopress.it\\\/wp-content\\\/uploads\\\/2023\\\/11\\\/Luciana-Giorgi-vicequestore-comandante-polizia-stradale-BL_edited.jpg\",\"articleSection\":[\"Cronaca\\\/Politica\",\"Prima Pagina\",\"Societ\u00e0, Associazioni, Istituzioni\"],\"inLanguage\":\"fr-FR\"},{\"@type\":\"WebPage\",\"@id\":\"https:\\\/\\\/www.bellunopress.it\\\/2023\\\/11\\\/16\\\/avvicendamento-ai-vertici-della-polizia-stradale-di-belluno-luciana-giorgi-subentra-a-salvatore-atorino\\\/\",\"url\":\"https:\\\/\\\/www.bellunopress.it\\\/2023\\\/11\\\/16\\\/avvicendamento-ai-vertici-della-polizia-stradale-di-belluno-luciana-giorgi-subentra-a-salvatore-atorino\\\/\",\"name\":\"Avvicendamento ai vertici della Polizia stradale di Belluno: Luciana Giorgi subentra a Salvatore Atorino - Bellunopress - Dolomiti\",\"isPartOf\":{\"@id\":\"https:\\\/\\\/www.bellunopress.it\\\/#website\"},\"primaryImageOfPage\":{\"@id\":\"https:\\\/\\\/www.bellunopress.it\\\/2023\\\/11\\\/16\\\/avvicendamento-ai-vertici-della-polizia-stradale-di-belluno-luciana-giorgi-subentra-a-salvatore-atorino\\\/#primaryimage\"},\"image\":{\"@id\":\"https:\\\/\\\/www.bellunopress.it\\\/2023\\\/11\\\/16\\\/avvicendamento-ai-vertici-della-polizia-stradale-di-belluno-luciana-giorgi-subentra-a-salvatore-atorino\\\/#primaryimage\"},\"thumbnailUrl\":\"https:\\\/\\\/www.bellunopress.it\\\/wp-content\\\/uploads\\\/2023\\\/11\\\/Luciana-Giorgi-vicequestore-comandante-polizia-stradale-BL_edited.jpg\",\"datePublished\":\"2023-11-16T13:03:08+00:00\",\"dateModified\":\"2023-11-16T19:14:07+00:00\",\"breadcrumb\":{\"@id\":\"https:\\\/\\\/www.bellunopress.it\\\/2023\\\/11\\\/16\\\/avvicendamento-ai-vertici-della-polizia-stradale-di-belluno-luciana-giorgi-subentra-a-salvatore-atorino\\\/#breadcrumb\"},\"inLanguage\":\"fr-FR\",\"potentialAction\":[{\"@type\":\"ReadAction\",\"target\":[\"https:\\\/\\\/www.bellunopress.it\\\/2023\\\/11\\\/16\\\/avvicendamento-ai-vertici-della-polizia-stradale-di-belluno-luciana-giorgi-subentra-a-salvatore-atorino\\\/\"]}]},{\"@type\":\"ImageObject\",\"inLanguage\":\"fr-FR\",\"@id\":\"https:\\\/\\\/www.bellunopress.it\\\/2023\\\/11\\\/16\\\/avvicendamento-ai-vertici-della-polizia-stradale-di-belluno-luciana-giorgi-subentra-a-salvatore-atorino\\\/#primaryimage\",\"url\":\"https:\\\/\\\/www.bellunopress.it\\\/wp-content\\\/uploads\\\/2023\\\/11\\\/Luciana-Giorgi-vicequestore-comandante-polizia-stradale-BL_edited.jpg\",\"contentUrl\":\"https:\\\/\\\/www.bellunopress.it\\\/wp-content\\\/uploads\\\/2023\\\/11\\\/Luciana-Giorgi-vicequestore-comandante-polizia-stradale-BL_edited.jpg\",\"width\":947,\"height\":1000,\"caption\":\"Luciana Giorgi, vicequestore, comandante della Polizia Stradale di Belluno\"},{\"@type\":\"BreadcrumbList\",\"@id\":\"https:\\\/\\\/www.bellunopress.it\\\/2023\\\/11\\\/16\\\/avvicendamento-ai-vertici-della-polizia-stradale-di-belluno-luciana-giorgi-subentra-a-salvatore-atorino\\\/#breadcrumb\",\"itemListElement\":[{\"@type\":\"ListItem\",\"position\":1,\"name\":\"Home\",\"item\":\"https:\\\/\\\/www.bellunopress.it\\\/\"},{\"@type\":\"ListItem\",\"position\":2,\"name\":\"Avvicendamento ai vertici della Polizia stradale di Belluno: Luciana Giorgi subentra a Salvatore Atorino\"}]},{\"@type\":\"WebSite\",\"@id\":\"https:\\\/\\\/www.bellunopress.it\\\/#website\",\"url\":\"https:\\\/\\\/www.bellunopress.it\\\/\",\"name\":\"Bellunopress - Dolomiti\",\"description\":\"e-mail: redazione@bellunopress.it\",\"publisher\":{\"@id\":\"https:\\\/\\\/www.bellunopress.it\\\/#organization\"},\"potentialAction\":[{\"@type\":\"SearchAction\",\"target\":{\"@type\":\"EntryPoint\",\"urlTemplate\":\"https:\\\/\\\/www.bellunopress.it\\\/?s={search_term_string}\"},\"query-input\":{\"@type\":\"PropertyValueSpecification\",\"valueRequired\":true,\"valueName\":\"search_term_string\"}}],\"inLanguage\":\"fr-FR\"},{\"@type\":\"Organization\",\"@id\":\"https:\\\/\\\/www.bellunopress.it\\\/#organization\",\"name\":\"Bellunopress\",\"url\":\"https:\\\/\\\/www.bellunopress.it\\\/\",\"logo\":{\"@type\":\"ImageObject\",\"inLanguage\":\"fr-FR\",\"@id\":\"https:\\\/\\\/www.bellunopress.it\\\/#\\\/schema\\\/logo\\\/image\\\/\",\"url\":\"https:\\\/\\\/www.bellunopress.it\\\/wp-content\\\/uploads\\\/2011\\\/05\\\/cropped-logo-bellunopress-.jpg\",\"contentUrl\":\"https:\\\/\\\/www.bellunopress.it\\\/wp-content\\\/uploads\\\/2011\\\/05\\\/cropped-logo-bellunopress-.jpg\",\"width\":512,\"height\":512,\"caption\":\"Bellunopress\"},\"image\":{\"@id\":\"https:\\\/\\\/www.bellunopress.it\\\/#\\\/schema\\\/logo\\\/image\\\/\"},\"sameAs\":[\"https:\\\/\\\/www.facebook.com\\\/profile.php?id=100008943462799\",\"https:\\\/\\\/x.com\\\/bellunopress\",\"https:\\\/\\\/www.linkedin.com\\\/hp\\\/?dnr=JBzUWaJfMUw8vbXJJ2tVW5-I3jZKvC4wsoxE&amp;amp;amp;amp;amp;amp;trk=nav_responsive_tab_home\",\"https:\\\/\\\/www.youtube.com\\\/channel\\\/UCxL0wu1uN0_3_7hGG0306cw\"]},{\"@type\":\"Person\",\"@id\":\"https:\\\/\\\/www.bellunopress.it\\\/#\\\/schema\\\/person\\\/79bb06722b37ece1c03d3e94beb30d73\",\"name\":\"redazione\",\"image\":{\"@type\":\"ImageObject\",\"inLanguage\":\"fr-FR\",\"@id\":\"https:\\\/\\\/secure.gravatar.com\\\/avatar\\\/37d968a2e67a6fd04c169c4bdef102d0bc5d31b2546345219e348575eb80e9a0?s=96&d=mm&r=g\",\"url\":\"https:\\\/\\\/secure.gravatar.com\\\/avatar\\\/37d968a2e67a6fd04c169c4bdef102d0bc5d31b2546345219e348575eb80e9a0?s=96&d=mm&r=g\",\"contentUrl\":\"https:\\\/\\\/secure.gravatar.com\\\/avatar\\\/37d968a2e67a6fd04c169c4bdef102d0bc5d31b2546345219e348575eb80e9a0?s=96&d=mm&r=g\",\"caption\":\"redazione\"},\"sameAs\":[\"http:\\\/\\\/www.bellunopress.it\",\"https:\\\/\\\/x.com\\\/bellunopress\"],\"url\":\"https:\\\/\\\/www.bellunopress.it\\\/fr\\\/author\\\/redazione\\\/\"}]}<\/script>\n<!-- \/ Yoast SEO plugin. -->","yoast_head_json":{"title":"Avvicendamento ai vertici della Polizia stradale di Belluno: Luciana Giorgi subentra a Salvatore Atorino - Bellunopress - Dolomiti","robots":{"index":"index","follow":"follow","max-snippet":"max-snippet:-1","max-image-preview":"max-image-preview:large","max-video-preview":"max-video-preview:-1"},"canonical":"https:\/\/www.bellunopress.it\/fr\/2023\/11\/16\/avvicendamento-ai-vertici-della-polizia-stradale-di-belluno-luciana-giorgi-subentra-a-salvatore-atorino\/","og_locale":"fr_FR","og_type":"article","og_title":"Avvicendamento ai vertici della Polizia stradale di Belluno: Luciana Giorgi subentra a Salvatore Atorino - Bellunopress - Dolomiti","og_description":"Luciana Giorgi, vicequestore, dirigente della Polizia di Stato, \u00e8 il nuovo comandante della Sezione della Polizia stradale di Belluno. Per la prima volta la Polstrada di Belluno \u00e8 diretta da una donna, che vanta una carriera percorsa sempre nella specialit\u00e0 della Stradale. Laureata in giurisprudenza, ha frequentato il Centro Addestramento Polizia Stradale di Cesena, scuola [&hellip;]","og_url":"https:\/\/www.bellunopress.it\/fr\/2023\/11\/16\/avvicendamento-ai-vertici-della-polizia-stradale-di-belluno-luciana-giorgi-subentra-a-salvatore-atorino\/","og_site_name":"Bellunopress - Dolomiti","article_publisher":"https:\/\/www.facebook.com\/profile.php?id=100008943462799","article_published_time":"2023-11-16T13:03:08+00:00","article_modified_time":"2023-11-16T19:14:07+00:00","og_image":[{"width":947,"height":1000,"url":"https:\/\/www.bellunopress.it\/wp-content\/uploads\/2023\/11\/Luciana-Giorgi-vicequestore-comandante-polizia-stradale-BL_edited.jpg","type":"image\/jpeg"}],"author":"redazione","twitter_card":"summary_large_image","twitter_creator":"@bellunopress","twitter_site":"@bellunopress","twitter_misc":{"Written by":"redazione","Est. reading time":"1 minute"},"schema":{"@context":"https:\/\/schema.org","@graph":[{"@type":"Article","@id":"https:\/\/www.bellunopress.it\/2023\/11\/16\/avvicendamento-ai-vertici-della-polizia-stradale-di-belluno-luciana-giorgi-subentra-a-salvatore-atorino\/#article","isPartOf":{"@id":"https:\/\/www.bellunopress.it\/2023\/11\/16\/avvicendamento-ai-vertici-della-polizia-stradale-di-belluno-luciana-giorgi-subentra-a-salvatore-atorino\/"},"author":{"name":"redazione","@id":"https:\/\/www.bellunopress.it\/#\/schema\/person\/79bb06722b37ece1c03d3e94beb30d73"},"headline":"Avvicendamento ai vertici della Polizia stradale di Belluno: Luciana Giorgi subentra a Salvatore Atorino","datePublished":"2023-11-16T13:03:08+00:00","dateModified":"2023-11-16T19:14:07+00:00","mainEntityOfPage":{"@id":"https:\/\/www.bellunopress.it\/2023\/11\/16\/avvicendamento-ai-vertici-della-polizia-stradale-di-belluno-luciana-giorgi-subentra-a-salvatore-atorino\/"},"wordCount":299,"publisher":{"@id":"https:\/\/www.bellunopress.it\/#organization"},"image":{"@id":"https:\/\/www.bellunopress.it\/2023\/11\/16\/avvicendamento-ai-vertici-della-polizia-stradale-di-belluno-luciana-giorgi-subentra-a-salvatore-atorino\/#primaryimage"},"thumbnailUrl":"https:\/\/www.bellunopress.it\/wp-content\/uploads\/2023\/11\/Luciana-Giorgi-vicequestore-comandante-polizia-stradale-BL_edited.jpg","articleSection":["Cronaca\/Politica","Prima Pagina","Societ\u00e0, Associazioni, Istituzioni"],"inLanguage":"fr-FR"},{"@type":"WebPage","@id":"https:\/\/www.bellunopress.it\/2023\/11\/16\/avvicendamento-ai-vertici-della-polizia-stradale-di-belluno-luciana-giorgi-subentra-a-salvatore-atorino\/","url":"https:\/\/www.bellunopress.it\/2023\/11\/16\/avvicendamento-ai-vertici-della-polizia-stradale-di-belluno-luciana-giorgi-subentra-a-salvatore-atorino\/","name":"Avvicendamento ai vertici della Polizia stradale di Belluno: Luciana Giorgi subentra a Salvatore Atorino - Bellunopress - Dolomiti","isPartOf":{"@id":"https:\/\/www.bellunopress.it\/#website"},"primaryImageOfPage":{"@id":"https:\/\/www.bellunopress.it\/2023\/11\/16\/avvicendamento-ai-vertici-della-polizia-stradale-di-belluno-luciana-giorgi-subentra-a-salvatore-atorino\/#primaryimage"},"image":{"@id":"https:\/\/www.bellunopress.it\/2023\/11\/16\/avvicendamento-ai-vertici-della-polizia-stradale-di-belluno-luciana-giorgi-subentra-a-salvatore-atorino\/#primaryimage"},"thumbnailUrl":"https:\/\/www.bellunopress.it\/wp-content\/uploads\/2023\/11\/Luciana-Giorgi-vicequestore-comandante-polizia-stradale-BL_edited.jpg","datePublished":"2023-11-16T13:03:08+00:00","dateModified":"2023-11-16T19:14:07+00:00","breadcrumb":{"@id":"https:\/\/www.bellunopress.it\/2023\/11\/16\/avvicendamento-ai-vertici-della-polizia-stradale-di-belluno-luciana-giorgi-subentra-a-salvatore-atorino\/#breadcrumb"},"inLanguage":"fr-FR","potentialAction":[{"@type":"ReadAction","target":["https:\/\/www.bellunopress.it\/2023\/11\/16\/avvicendamento-ai-vertici-della-polizia-stradale-di-belluno-luciana-giorgi-subentra-a-salvatore-atorino\/"]}]},{"@type":"ImageObject","inLanguage":"fr-FR","@id":"https:\/\/www.bellunopress.it\/2023\/11\/16\/avvicendamento-ai-vertici-della-polizia-stradale-di-belluno-luciana-giorgi-subentra-a-salvatore-atorino\/#primaryimage","url":"https:\/\/www.bellunopress.it\/wp-content\/uploads\/2023\/11\/Luciana-Giorgi-vicequestore-comandante-polizia-stradale-BL_edited.jpg","contentUrl":"https:\/\/www.bellunopress.it\/wp-content\/uploads\/2023\/11\/Luciana-Giorgi-vicequestore-comandante-polizia-stradale-BL_edited.jpg","width":947,"height":1000,"caption":"Luciana Giorgi, vicequestore, comandante della Polizia Stradale di Belluno"},{"@type":"BreadcrumbList","@id":"https:\/\/www.bellunopress.it\/2023\/11\/16\/avvicendamento-ai-vertici-della-polizia-stradale-di-belluno-luciana-giorgi-subentra-a-salvatore-atorino\/#breadcrumb","itemListElement":[{"@type":"ListItem","position":1,"name":"Home","item":"https:\/\/www.bellunopress.it\/"},{"@type":"ListItem","position":2,"name":"Avvicendamento ai vertici della Polizia stradale di Belluno: Luciana Giorgi subentra a Salvatore Atorino"}]},{"@type":"WebSite","@id":"https:\/\/www.bellunopress.it\/#website","url":"https:\/\/www.bellunopress.it\/","name":"Bellunopress - Dolomiti","description":"e-mail: redazione@bellunopress.it","publisher":{"@id":"https:\/\/www.bellunopress.it\/#organization"},"potentialAction":[{"@type":"SearchAction","target":{"@type":"EntryPoint","urlTemplate":"https:\/\/www.bellunopress.it\/?s={search_term_string}"},"query-input":{"@type":"PropertyValueSpecification","valueRequired":true,"valueName":"search_term_string"}}],"inLanguage":"fr-FR"},{"@type":"Organization","@id":"https:\/\/www.bellunopress.it\/#organization","name":"Bellunopress","url":"https:\/\/www.bellunopress.it\/","logo":{"@type":"ImageObject","inLanguage":"fr-FR","@id":"https:\/\/www.bellunopress.it\/#\/schema\/logo\/image\/","url":"https:\/\/www.bellunopress.it\/wp-content\/uploads\/2011\/05\/cropped-logo-bellunopress-.jpg","contentUrl":"https:\/\/www.bellunopress.it\/wp-content\/uploads\/2011\/05\/cropped-logo-bellunopress-.jpg","width":512,"height":512,"caption":"Bellunopress"},"image":{"@id":"https:\/\/www.bellunopress.it\/#\/schema\/logo\/image\/"},"sameAs":["https:\/\/www.facebook.com\/profile.php?id=100008943462799","https:\/\/x.com\/bellunopress","https:\/\/www.linkedin.com\/hp\/?dnr=JBzUWaJfMUw8vbXJJ2tVW5-I3jZKvC4wsoxE&amp;amp;amp;amp;amp;amp;trk=nav_responsive_tab_home","https:\/\/www.youtube.com\/channel\/UCxL0wu1uN0_3_7hGG0306cw"]},{"@type":"Person","@id":"https:\/\/www.bellunopress.it\/#\/schema\/person\/79bb06722b37ece1c03d3e94beb30d73","name":"r\u00e9daction","image":{"@type":"ImageObject","inLanguage":"fr-FR","@id":"https:\/\/secure.gravatar.com\/avatar\/37d968a2e67a6fd04c169c4bdef102d0bc5d31b2546345219e348575eb80e9a0?s=96&d=mm&r=g","url":"https:\/\/secure.gravatar.com\/avatar\/37d968a2e67a6fd04c169c4bdef102d0bc5d31b2546345219e348575eb80e9a0?s=96&d=mm&r=g","contentUrl":"https:\/\/secure.gravatar.com\/avatar\/37d968a2e67a6fd04c169c4bdef102d0bc5d31b2546345219e348575eb80e9a0?s=96&d=mm&r=g","caption":"redazione"},"sameAs":["http:\/\/www.bellunopress.it","https:\/\/x.com\/bellunopress"],"url":"https:\/\/www.bellunopress.it\/fr\/author\/redazione\/"}]}},"_links":{"self":[{"href":"https:\/\/www.bellunopress.it\/fr\/wp-json\/wp\/v2\/posts\/145949","targetHints":{"allow":["GET"]}}],"collection":[{"href":"https:\/\/www.bellunopress.it\/fr\/wp-json\/wp\/v2\/posts"}],"about":[{"href":"https:\/\/www.bellunopress.it\/fr\/wp-json\/wp\/v2\/types\/post"}],"author":[{"embeddable":true,"href":"https:\/\/www.bellunopress.it\/fr\/wp-json\/wp\/v2\/users\/2"}],"replies":[{"embeddable":true,"href":"https:\/\/www.bellunopress.it\/fr\/wp-json\/wp\/v2\/comments?post=145949"}],"version-history":[{"count":3,"href":"https:\/\/www.bellunopress.it\/fr\/wp-json\/wp\/v2\/posts\/145949\/revisions"}],"predecessor-version":[{"id":145968,"href":"https:\/\/www.bellunopress.it\/fr\/wp-json\/wp\/v2\/posts\/145949\/revisions\/145968"}],"wp:featuredmedia":[{"embeddable":true,"href":"https:\/\/www.bellunopress.it\/fr\/wp-json\/wp\/v2\/media\/145950"}],"wp:attachment":[{"href":"https:\/\/www.bellunopress.it\/fr\/wp-json\/wp\/v2\/media?parent=145949"}],"wp:term":[{"taxonomy":"category","embeddable":true,"href":"https:\/\/www.bellunopress.it\/fr\/wp-json\/wp\/v2\/categories?post=145949"},{"taxonomy":"post_tag","embeddable":true,"href":"https:\/\/www.bellunopress.it\/fr\/wp-json\/wp\/v2\/tags?post=145949"}],"curies":[{"name":"wp","href":"https:\/\/api.w.org\/{rel}","templated":true}]}}