{"id":145946,"date":"2023-11-16T06:25:36","date_gmt":"2023-11-16T05:25:36","guid":{"rendered":"https:\/\/www.bellunopress.it\/?p=145946"},"modified":"2023-11-16T06:25:36","modified_gmt":"2023-11-16T05:25:36","slug":"dolomiti-agli-ottavi-per-la-prima-volta-nella-sua-storia","status":"publish","type":"post","link":"https:\/\/www.bellunopress.it\/fr\/2023\/11\/16\/dolomiti-agli-ottavi-per-la-prima-volta-nella-sua-storia\/","title":{"rendered":"Dolomiti agli ottavi per la prima volta nella sua storia"},"content":{"rendered":"<figure id=\"attachment_145947\" aria-describedby=\"caption-attachment-145947\" style=\"width: 1000px\" class=\"wp-caption alignleft\"><img loading=\"lazy\" decoding=\"async\" class=\"size-full wp-image-145947\" src=\"https:\/\/www.bellunopress.it\/wp-content\/uploads\/2023\/11\/Dolomiti-bellunesi-calcio-Biancheri_dopo_il_gol.jpg\" alt=\"\" width=\"1000\" height=\"666\" srcset=\"https:\/\/www.bellunopress.it\/wp-content\/uploads\/2023\/11\/Dolomiti-bellunesi-calcio-Biancheri_dopo_il_gol.jpg 1000w, https:\/\/www.bellunopress.it\/wp-content\/uploads\/2023\/11\/Dolomiti-bellunesi-calcio-Biancheri_dopo_il_gol-500x333.jpg 500w, https:\/\/www.bellunopress.it\/wp-content\/uploads\/2023\/11\/Dolomiti-bellunesi-calcio-Biancheri_dopo_il_gol-696x464.jpg 696w\" sizes=\"auto, (max-width: 1000px) 100vw, 1000px\" \/><figcaption id=\"caption-attachment-145947\" class=\"wp-caption-text\">Biancheri dopo il gol<\/figcaption><\/figure>\n<p>DOLOMITI BELLUNESI-LUPARENSE 1-0<\/p>\n<p>GOL: st 31&#8242; Biancheri.<\/p>\n<p>DOLOMITI BELLUNESI: Bresolin; Alcides, Perez, Bevilacqua, Capacchione (st 28&#8242; Grieco); Bandaogo (st 17&#8242; Baldassar), De Carli, Masut; Cozzari (st 9&#8242; Mazza); Biancheri (st 39&#8242; De Paoli), Caprioni (st 9&#8242; A. Cossalter) (in panchina: Virvilas, Fagherazzi, Tiozzo, Zanolla). Allenatore: N. Zanini.<\/p>\n<p>LUPARENSE: Ferretti, Marrone (st 39&#8242; De Zen), Blesio, Carboni, Puca, Romizi, Ferrara (st 33&#8242; Grandis), Carossa (st 1&#8242; De Cerchio), Bongiorni (st 1&#8242; Vetere), Cancello, Bigonzoni (st 21&#8242; Leveque) (in panchina: Ballato, Marino, Pozzolo, Colazzilli). Allenatore: T. Coletti.<\/p>\n<p>ARBITRO: Lorenzo Casali di Crema (assistenti: Gabriele Lombardi di Pontedera e Usman Ghani Arshad di Bergamo).<\/p>\n<p>NOTE. Spettatori: 200 circa. Ammoniti: De Carli, Carboni, Perez, A. Cossalter, Bevilacqua, mister Zanini. Angoli: 2-0 per la Luparense. Recupero: pt 0&#8242;; st 7&#8242;.<\/p>\n<p>La storia della SSD Dolomiti Bellunesi si arricchisce di un&#8217;ulteriore pagina a suo modo storica. Perch\u00e9 mai, prima d&#8217;ora, il club nato dalla fusione di Belluno, Union Feltre e San Giorgio Sedico si era spinto fino agli ottavi di finale di Coppa Italia. Il traguardo \u00e8 raggiunto in una suggestiva serata di stelle, sotto le luci dei riflettori. Al polisportivo, basta e avanza il gol di Pietro Biancheri, a un quarto d&#8217;ora dal gong, per avere ragione della Luparense e ottenere l&#8217;approdo fra le magnifiche sedici della competizione. Nel prossimo turno, i ragazzi di Zanini affronteranno a Chioggia l&#8217;Union Clodiense: l&#8217;appuntamento \u00e8 per mercoled\u00ec 29 novembre. Ma prima sar\u00e0 il caso di godersi una qualificazione che profuma d&#8217;impresa.<\/p>\n<p>SCACCHIERA &#8211; Rispetto all&#8217;ultimo match di campionato, vengono confermate solo due pedine della scacchiera: capitan Perez e Cozzari, mentre Caprioni ritrova una maglia da titolare. Come Biancheri, principale riferimento offensivo. Anche perch\u00e9 Nunic segue la gara dalla tribuna, in borghese, al pari di Toniolo: ovvero, i due artefici della qualificazione ai sedicesimi, strappata alla Virtus Bolzano, un mese fa. La gara si gioca su ritmi pi\u00f9 che discreti e, nonostante le occasioni scarseggino, a &#8220;rubare l&#8217;occhio&#8221; \u00e8 il giovane Capacchione, schierato sulla corsia di sinistra e protagonista di un paio di provvidenziali chiusure difensive. Bresolin, comunque, \u00e8 ben poco impegnato. Un po&#8217; di lavoro in pi\u00f9, invece, lo deve sbrigare il collega Ferretti, sollecitato da un tiro da fuori di Cozzari e costretto a uscire a valanga su Biancheri, a ridosso dell&#8217;intervallo.<\/p>\n<p>SUL FILO &#8211; La gara \u00e8 sul filo dell&#8217;equilibrio. Solo un episodio la pu\u00f2 sbloccare. O una giocata. E, puntuale, arriva poco oltre la mezz&#8217;ora della ripresa, quando Baldassar lavora un buon pallone sulla sinistra, guadagna il fondo e mette in mezzo per Biancheri, che \u00e8 bravo a controllare nel cuore dell&#8217;area di rigore, a girarsi spalle alla porta e a &#8220;fulminare&#8221; Ferretti con un bolide sotto la traversa. Nel finale, la Luparense prova a rimettersi in careggiata, nonostante l&#8217;inferiorit\u00e0 numerica (Puca \u00e8 stato costretto a uscire per infortunio, quando i cambi erano gi\u00e0 esauriti), ma Bresolin salva su Leveque. E i dolomitici superano pure il quarto ostacolo di coppa.<\/p>\n<p>L&#8217;ANALISI &#8211; \u00abL&#8217;approdo agli ottavi mi fa piacere &#8211; \u00e8 l&#8217;analisi di mister Nicola Zanini &#8211; anche perch\u00e9 \u00e8 figlio di una buona prestazione. Tutti i giocatori chiamati in causa hanno disputato una grande partita. In pi\u00f9, i nostri avversari sono venuti qui con la ferma volont\u00e0 di vincere e non per fare una passeggiata. Di fronte a una squadra che palleggia molto, abbiamo giocato a specchio e rischiando il quattro contro quattro dietro. Ma i nostri due centrali sono stati bravissimi ad arrivare sempre in anticipo. Al gruppo sto chiedendo coraggio. E lo hanno messo in mostra ancora una volta\u00bb.<\/p>","protected":false},"excerpt":{"rendered":"<p>DOLOMITI BELLUNESI-LUPARENSE 1-0 GOL: st 31&#8242; Biancheri. DOLOMITI BELLUNESI: Bresolin; Alcides, Perez, Bevilacqua, Capacchione (st 28&#8242; Grieco); Bandaogo (st 17&#8242; Baldassar), De Carli, Masut; Cozzari (st 9&#8242; Mazza); Biancheri (st 39&#8242; De Paoli), Caprioni (st 9&#8242; A. Cossalter) (in panchina: Virvilas, Fagherazzi, Tiozzo, Zanolla). Allenatore: N. Zanini. LUPARENSE: Ferretti, Marrone (st 39&#8242; De Zen), Blesio, [&hellip;]<\/p>\n","protected":false},"author":2,"featured_media":145947,"comment_status":"closed","ping_status":"open","sticky":false,"template":"","format":"standard","meta":{"footnotes":""},"categories":[26,4],"tags":[],"class_list":["post-145946","post","type-post","status-publish","format-standard","has-post-thumbnail","category-prima-pagina","category-sport"],"yoast_head":"<!-- This site is optimized with the Yoast SEO plugin v28.4 - https:\/\/yoast.com\/product\/yoast-seo-wordpress\/ -->\n<title>Dolomiti agli ottavi per la prima volta nella sua storia - Bellunopress - Dolomiti<\/title>\n<meta name=\"robots\" content=\"index, follow, max-snippet:-1, max-image-preview:large, max-video-preview:-1\" \/>\n<link rel=\"canonical\" href=\"https:\/\/www.bellunopress.it\/fr\/2023\/11\/16\/dolomiti-agli-ottavi-per-la-prima-volta-nella-sua-storia\/\" \/>\n<meta property=\"og:locale\" content=\"fr_FR\" \/>\n<meta property=\"og:type\" content=\"article\" \/>\n<meta property=\"og:title\" content=\"Dolomiti agli ottavi per la prima volta nella sua storia - Bellunopress - Dolomiti\" \/>\n<meta property=\"og:description\" content=\"DOLOMITI BELLUNESI-LUPARENSE 1-0 GOL: st 31&#8242; Biancheri. DOLOMITI BELLUNESI: Bresolin; Alcides, Perez, Bevilacqua, Capacchione (st 28&#8242; Grieco); Bandaogo (st 17&#8242; Baldassar), De Carli, Masut; Cozzari (st 9&#8242; Mazza); Biancheri (st 39&#8242; De Paoli), Caprioni (st 9&#8242; A. Cossalter) (in panchina: Virvilas, Fagherazzi, Tiozzo, Zanolla). Allenatore: N. Zanini. LUPARENSE: Ferretti, Marrone (st 39&#8242; De Zen), Blesio, [&hellip;]\" \/>\n<meta property=\"og:url\" content=\"https:\/\/www.bellunopress.it\/fr\/2023\/11\/16\/dolomiti-agli-ottavi-per-la-prima-volta-nella-sua-storia\/\" \/>\n<meta property=\"og:site_name\" content=\"Bellunopress - Dolomiti\" \/>\n<meta property=\"article:publisher\" content=\"https:\/\/www.facebook.com\/profile.php?id=100008943462799\" \/>\n<meta property=\"article:published_time\" content=\"2023-11-16T05:25:36+00:00\" \/>\n<meta property=\"og:image\" content=\"https:\/\/www.bellunopress.it\/wp-content\/uploads\/2023\/11\/Dolomiti-bellunesi-calcio-Biancheri_dopo_il_gol.jpg\" \/>\n\t<meta property=\"og:image:width\" content=\"1000\" \/>\n\t<meta property=\"og:image:height\" content=\"666\" \/>\n\t<meta property=\"og:image:type\" content=\"image\/jpeg\" \/>\n<meta name=\"author\" content=\"redazione\" \/>\n<meta name=\"twitter:card\" content=\"summary_large_image\" \/>\n<meta name=\"twitter:creator\" content=\"@bellunopress\" \/>\n<meta name=\"twitter:site\" content=\"@bellunopress\" \/>\n<meta name=\"twitter:label1\" content=\"Written by\" \/>\n\t<meta name=\"twitter:data1\" content=\"redazione\" \/>\n\t<meta name=\"twitter:label2\" content=\"Est. reading time\" \/>\n\t<meta name=\"twitter:data2\" content=\"3 minutes\" \/>\n<script type=\"application\/ld+json\" class=\"yoast-schema-graph\">{\"@context\":\"https:\\\/\\\/schema.org\",\"@graph\":[{\"@type\":\"Article\",\"@id\":\"https:\\\/\\\/www.bellunopress.it\\\/2023\\\/11\\\/16\\\/dolomiti-agli-ottavi-per-la-prima-volta-nella-sua-storia\\\/#article\",\"isPartOf\":{\"@id\":\"https:\\\/\\\/www.bellunopress.it\\\/2023\\\/11\\\/16\\\/dolomiti-agli-ottavi-per-la-prima-volta-nella-sua-storia\\\/\"},\"author\":{\"name\":\"redazione\",\"@id\":\"https:\\\/\\\/www.bellunopress.it\\\/#\\\/schema\\\/person\\\/79bb06722b37ece1c03d3e94beb30d73\"},\"headline\":\"Dolomiti agli ottavi per la prima volta nella sua storia\",\"datePublished\":\"2023-11-16T05:25:36+00:00\",\"mainEntityOfPage\":{\"@id\":\"https:\\\/\\\/www.bellunopress.it\\\/2023\\\/11\\\/16\\\/dolomiti-agli-ottavi-per-la-prima-volta-nella-sua-storia\\\/\"},\"wordCount\":600,\"publisher\":{\"@id\":\"https:\\\/\\\/www.bellunopress.it\\\/#organization\"},\"image\":{\"@id\":\"https:\\\/\\\/www.bellunopress.it\\\/2023\\\/11\\\/16\\\/dolomiti-agli-ottavi-per-la-prima-volta-nella-sua-storia\\\/#primaryimage\"},\"thumbnailUrl\":\"https:\\\/\\\/www.bellunopress.it\\\/wp-content\\\/uploads\\\/2023\\\/11\\\/Dolomiti-bellunesi-calcio-Biancheri_dopo_il_gol.jpg\",\"articleSection\":[\"Prima Pagina\",\"Sport, tempo libero\"],\"inLanguage\":\"fr-FR\"},{\"@type\":\"WebPage\",\"@id\":\"https:\\\/\\\/www.bellunopress.it\\\/2023\\\/11\\\/16\\\/dolomiti-agli-ottavi-per-la-prima-volta-nella-sua-storia\\\/\",\"url\":\"https:\\\/\\\/www.bellunopress.it\\\/2023\\\/11\\\/16\\\/dolomiti-agli-ottavi-per-la-prima-volta-nella-sua-storia\\\/\",\"name\":\"Dolomiti agli ottavi per la prima volta nella sua storia - Bellunopress - Dolomiti\",\"isPartOf\":{\"@id\":\"https:\\\/\\\/www.bellunopress.it\\\/#website\"},\"primaryImageOfPage\":{\"@id\":\"https:\\\/\\\/www.bellunopress.it\\\/2023\\\/11\\\/16\\\/dolomiti-agli-ottavi-per-la-prima-volta-nella-sua-storia\\\/#primaryimage\"},\"image\":{\"@id\":\"https:\\\/\\\/www.bellunopress.it\\\/2023\\\/11\\\/16\\\/dolomiti-agli-ottavi-per-la-prima-volta-nella-sua-storia\\\/#primaryimage\"},\"thumbnailUrl\":\"https:\\\/\\\/www.bellunopress.it\\\/wp-content\\\/uploads\\\/2023\\\/11\\\/Dolomiti-bellunesi-calcio-Biancheri_dopo_il_gol.jpg\",\"datePublished\":\"2023-11-16T05:25:36+00:00\",\"breadcrumb\":{\"@id\":\"https:\\\/\\\/www.bellunopress.it\\\/2023\\\/11\\\/16\\\/dolomiti-agli-ottavi-per-la-prima-volta-nella-sua-storia\\\/#breadcrumb\"},\"inLanguage\":\"fr-FR\",\"potentialAction\":[{\"@type\":\"ReadAction\",\"target\":[\"https:\\\/\\\/www.bellunopress.it\\\/2023\\\/11\\\/16\\\/dolomiti-agli-ottavi-per-la-prima-volta-nella-sua-storia\\\/\"]}]},{\"@type\":\"ImageObject\",\"inLanguage\":\"fr-FR\",\"@id\":\"https:\\\/\\\/www.bellunopress.it\\\/2023\\\/11\\\/16\\\/dolomiti-agli-ottavi-per-la-prima-volta-nella-sua-storia\\\/#primaryimage\",\"url\":\"https:\\\/\\\/www.bellunopress.it\\\/wp-content\\\/uploads\\\/2023\\\/11\\\/Dolomiti-bellunesi-calcio-Biancheri_dopo_il_gol.jpg\",\"contentUrl\":\"https:\\\/\\\/www.bellunopress.it\\\/wp-content\\\/uploads\\\/2023\\\/11\\\/Dolomiti-bellunesi-calcio-Biancheri_dopo_il_gol.jpg\",\"width\":1000,\"height\":666,\"caption\":\"Biancheri dopo il gol\"},{\"@type\":\"BreadcrumbList\",\"@id\":\"https:\\\/\\\/www.bellunopress.it\\\/2023\\\/11\\\/16\\\/dolomiti-agli-ottavi-per-la-prima-volta-nella-sua-storia\\\/#breadcrumb\",\"itemListElement\":[{\"@type\":\"ListItem\",\"position\":1,\"name\":\"Home\",\"item\":\"https:\\\/\\\/www.bellunopress.it\\\/\"},{\"@type\":\"ListItem\",\"position\":2,\"name\":\"Dolomiti agli ottavi per la prima volta nella sua storia\"}]},{\"@type\":\"WebSite\",\"@id\":\"https:\\\/\\\/www.bellunopress.it\\\/#website\",\"url\":\"https:\\\/\\\/www.bellunopress.it\\\/\",\"name\":\"Bellunopress - Dolomiti\",\"description\":\"e-mail: redazione@bellunopress.it\",\"publisher\":{\"@id\":\"https:\\\/\\\/www.bellunopress.it\\\/#organization\"},\"potentialAction\":[{\"@type\":\"SearchAction\",\"target\":{\"@type\":\"EntryPoint\",\"urlTemplate\":\"https:\\\/\\\/www.bellunopress.it\\\/?s={search_term_string}\"},\"query-input\":{\"@type\":\"PropertyValueSpecification\",\"valueRequired\":true,\"valueName\":\"search_term_string\"}}],\"inLanguage\":\"fr-FR\"},{\"@type\":\"Organization\",\"@id\":\"https:\\\/\\\/www.bellunopress.it\\\/#organization\",\"name\":\"Bellunopress\",\"url\":\"https:\\\/\\\/www.bellunopress.it\\\/\",\"logo\":{\"@type\":\"ImageObject\",\"inLanguage\":\"fr-FR\",\"@id\":\"https:\\\/\\\/www.bellunopress.it\\\/#\\\/schema\\\/logo\\\/image\\\/\",\"url\":\"https:\\\/\\\/www.bellunopress.it\\\/wp-content\\\/uploads\\\/2011\\\/05\\\/cropped-logo-bellunopress-.jpg\",\"contentUrl\":\"https:\\\/\\\/www.bellunopress.it\\\/wp-content\\\/uploads\\\/2011\\\/05\\\/cropped-logo-bellunopress-.jpg\",\"width\":512,\"height\":512,\"caption\":\"Bellunopress\"},\"image\":{\"@id\":\"https:\\\/\\\/www.bellunopress.it\\\/#\\\/schema\\\/logo\\\/image\\\/\"},\"sameAs\":[\"https:\\\/\\\/www.facebook.com\\\/profile.php?id=100008943462799\",\"https:\\\/\\\/x.com\\\/bellunopress\",\"https:\\\/\\\/www.linkedin.com\\\/hp\\\/?dnr=JBzUWaJfMUw8vbXJJ2tVW5-I3jZKvC4wsoxE&amp;amp;amp;amp;amp;amp;trk=nav_responsive_tab_home\",\"https:\\\/\\\/www.youtube.com\\\/channel\\\/UCxL0wu1uN0_3_7hGG0306cw\"]},{\"@type\":\"Person\",\"@id\":\"https:\\\/\\\/www.bellunopress.it\\\/#\\\/schema\\\/person\\\/79bb06722b37ece1c03d3e94beb30d73\",\"name\":\"redazione\",\"image\":{\"@type\":\"ImageObject\",\"inLanguage\":\"fr-FR\",\"@id\":\"https:\\\/\\\/secure.gravatar.com\\\/avatar\\\/37d968a2e67a6fd04c169c4bdef102d0bc5d31b2546345219e348575eb80e9a0?s=96&d=mm&r=g\",\"url\":\"https:\\\/\\\/secure.gravatar.com\\\/avatar\\\/37d968a2e67a6fd04c169c4bdef102d0bc5d31b2546345219e348575eb80e9a0?s=96&d=mm&r=g\",\"contentUrl\":\"https:\\\/\\\/secure.gravatar.com\\\/avatar\\\/37d968a2e67a6fd04c169c4bdef102d0bc5d31b2546345219e348575eb80e9a0?s=96&d=mm&r=g\",\"caption\":\"redazione\"},\"sameAs\":[\"http:\\\/\\\/www.bellunopress.it\",\"https:\\\/\\\/x.com\\\/bellunopress\"],\"url\":\"https:\\\/\\\/www.bellunopress.it\\\/fr\\\/author\\\/redazione\\\/\"}]}<\/script>\n<!-- \/ Yoast SEO plugin. -->","yoast_head_json":{"title":"Dolomiti agli ottavi per la prima volta nella sua storia - Bellunopress - Dolomiti","robots":{"index":"index","follow":"follow","max-snippet":"max-snippet:-1","max-image-preview":"max-image-preview:large","max-video-preview":"max-video-preview:-1"},"canonical":"https:\/\/www.bellunopress.it\/fr\/2023\/11\/16\/dolomiti-agli-ottavi-per-la-prima-volta-nella-sua-storia\/","og_locale":"fr_FR","og_type":"article","og_title":"Dolomiti agli ottavi per la prima volta nella sua storia - Bellunopress - Dolomiti","og_description":"DOLOMITI BELLUNESI-LUPARENSE 1-0 GOL: st 31&#8242; Biancheri. DOLOMITI BELLUNESI: Bresolin; Alcides, Perez, Bevilacqua, Capacchione (st 28&#8242; Grieco); Bandaogo (st 17&#8242; Baldassar), De Carli, Masut; Cozzari (st 9&#8242; Mazza); Biancheri (st 39&#8242; De Paoli), Caprioni (st 9&#8242; A. Cossalter) (in panchina: Virvilas, Fagherazzi, Tiozzo, Zanolla). Allenatore: N. Zanini. LUPARENSE: Ferretti, Marrone (st 39&#8242; De Zen), Blesio, [&hellip;]","og_url":"https:\/\/www.bellunopress.it\/fr\/2023\/11\/16\/dolomiti-agli-ottavi-per-la-prima-volta-nella-sua-storia\/","og_site_name":"Bellunopress - Dolomiti","article_publisher":"https:\/\/www.facebook.com\/profile.php?id=100008943462799","article_published_time":"2023-11-16T05:25:36+00:00","og_image":[{"width":1000,"height":666,"url":"https:\/\/www.bellunopress.it\/wp-content\/uploads\/2023\/11\/Dolomiti-bellunesi-calcio-Biancheri_dopo_il_gol.jpg","type":"image\/jpeg"}],"author":"redazione","twitter_card":"summary_large_image","twitter_creator":"@bellunopress","twitter_site":"@bellunopress","twitter_misc":{"Written by":"redazione","Est. reading time":"3 minutes"},"schema":{"@context":"https:\/\/schema.org","@graph":[{"@type":"Article","@id":"https:\/\/www.bellunopress.it\/2023\/11\/16\/dolomiti-agli-ottavi-per-la-prima-volta-nella-sua-storia\/#article","isPartOf":{"@id":"https:\/\/www.bellunopress.it\/2023\/11\/16\/dolomiti-agli-ottavi-per-la-prima-volta-nella-sua-storia\/"},"author":{"name":"redazione","@id":"https:\/\/www.bellunopress.it\/#\/schema\/person\/79bb06722b37ece1c03d3e94beb30d73"},"headline":"Dolomiti agli ottavi per la prima volta nella sua storia","datePublished":"2023-11-16T05:25:36+00:00","mainEntityOfPage":{"@id":"https:\/\/www.bellunopress.it\/2023\/11\/16\/dolomiti-agli-ottavi-per-la-prima-volta-nella-sua-storia\/"},"wordCount":600,"publisher":{"@id":"https:\/\/www.bellunopress.it\/#organization"},"image":{"@id":"https:\/\/www.bellunopress.it\/2023\/11\/16\/dolomiti-agli-ottavi-per-la-prima-volta-nella-sua-storia\/#primaryimage"},"thumbnailUrl":"https:\/\/www.bellunopress.it\/wp-content\/uploads\/2023\/11\/Dolomiti-bellunesi-calcio-Biancheri_dopo_il_gol.jpg","articleSection":["Prima Pagina","Sport, tempo libero"],"inLanguage":"fr-FR"},{"@type":"WebPage","@id":"https:\/\/www.bellunopress.it\/2023\/11\/16\/dolomiti-agli-ottavi-per-la-prima-volta-nella-sua-storia\/","url":"https:\/\/www.bellunopress.it\/2023\/11\/16\/dolomiti-agli-ottavi-per-la-prima-volta-nella-sua-storia\/","name":"Dolomiti agli ottavi per la prima volta nella sua storia - Bellunopress - Dolomiti","isPartOf":{"@id":"https:\/\/www.bellunopress.it\/#website"},"primaryImageOfPage":{"@id":"https:\/\/www.bellunopress.it\/2023\/11\/16\/dolomiti-agli-ottavi-per-la-prima-volta-nella-sua-storia\/#primaryimage"},"image":{"@id":"https:\/\/www.bellunopress.it\/2023\/11\/16\/dolomiti-agli-ottavi-per-la-prima-volta-nella-sua-storia\/#primaryimage"},"thumbnailUrl":"https:\/\/www.bellunopress.it\/wp-content\/uploads\/2023\/11\/Dolomiti-bellunesi-calcio-Biancheri_dopo_il_gol.jpg","datePublished":"2023-11-16T05:25:36+00:00","breadcrumb":{"@id":"https:\/\/www.bellunopress.it\/2023\/11\/16\/dolomiti-agli-ottavi-per-la-prima-volta-nella-sua-storia\/#breadcrumb"},"inLanguage":"fr-FR","potentialAction":[{"@type":"ReadAction","target":["https:\/\/www.bellunopress.it\/2023\/11\/16\/dolomiti-agli-ottavi-per-la-prima-volta-nella-sua-storia\/"]}]},{"@type":"ImageObject","inLanguage":"fr-FR","@id":"https:\/\/www.bellunopress.it\/2023\/11\/16\/dolomiti-agli-ottavi-per-la-prima-volta-nella-sua-storia\/#primaryimage","url":"https:\/\/www.bellunopress.it\/wp-content\/uploads\/2023\/11\/Dolomiti-bellunesi-calcio-Biancheri_dopo_il_gol.jpg","contentUrl":"https:\/\/www.bellunopress.it\/wp-content\/uploads\/2023\/11\/Dolomiti-bellunesi-calcio-Biancheri_dopo_il_gol.jpg","width":1000,"height":666,"caption":"Biancheri dopo il gol"},{"@type":"BreadcrumbList","@id":"https:\/\/www.bellunopress.it\/2023\/11\/16\/dolomiti-agli-ottavi-per-la-prima-volta-nella-sua-storia\/#breadcrumb","itemListElement":[{"@type":"ListItem","position":1,"name":"Home","item":"https:\/\/www.bellunopress.it\/"},{"@type":"ListItem","position":2,"name":"Dolomiti agli ottavi per la prima volta nella sua storia"}]},{"@type":"WebSite","@id":"https:\/\/www.bellunopress.it\/#website","url":"https:\/\/www.bellunopress.it\/","name":"Bellunopress - Dolomiti","description":"e-mail: redazione@bellunopress.it","publisher":{"@id":"https:\/\/www.bellunopress.it\/#organization"},"potentialAction":[{"@type":"SearchAction","target":{"@type":"EntryPoint","urlTemplate":"https:\/\/www.bellunopress.it\/?s={search_term_string}"},"query-input":{"@type":"PropertyValueSpecification","valueRequired":true,"valueName":"search_term_string"}}],"inLanguage":"fr-FR"},{"@type":"Organization","@id":"https:\/\/www.bellunopress.it\/#organization","name":"Bellunopress","url":"https:\/\/www.bellunopress.it\/","logo":{"@type":"ImageObject","inLanguage":"fr-FR","@id":"https:\/\/www.bellunopress.it\/#\/schema\/logo\/image\/","url":"https:\/\/www.bellunopress.it\/wp-content\/uploads\/2011\/05\/cropped-logo-bellunopress-.jpg","contentUrl":"https:\/\/www.bellunopress.it\/wp-content\/uploads\/2011\/05\/cropped-logo-bellunopress-.jpg","width":512,"height":512,"caption":"Bellunopress"},"image":{"@id":"https:\/\/www.bellunopress.it\/#\/schema\/logo\/image\/"},"sameAs":["https:\/\/www.facebook.com\/profile.php?id=100008943462799","https:\/\/x.com\/bellunopress","https:\/\/www.linkedin.com\/hp\/?dnr=JBzUWaJfMUw8vbXJJ2tVW5-I3jZKvC4wsoxE&amp;amp;amp;amp;amp;amp;trk=nav_responsive_tab_home","https:\/\/www.youtube.com\/channel\/UCxL0wu1uN0_3_7hGG0306cw"]},{"@type":"Person","@id":"https:\/\/www.bellunopress.it\/#\/schema\/person\/79bb06722b37ece1c03d3e94beb30d73","name":"r\u00e9daction","image":{"@type":"ImageObject","inLanguage":"fr-FR","@id":"https:\/\/secure.gravatar.com\/avatar\/37d968a2e67a6fd04c169c4bdef102d0bc5d31b2546345219e348575eb80e9a0?s=96&d=mm&r=g","url":"https:\/\/secure.gravatar.com\/avatar\/37d968a2e67a6fd04c169c4bdef102d0bc5d31b2546345219e348575eb80e9a0?s=96&d=mm&r=g","contentUrl":"https:\/\/secure.gravatar.com\/avatar\/37d968a2e67a6fd04c169c4bdef102d0bc5d31b2546345219e348575eb80e9a0?s=96&d=mm&r=g","caption":"redazione"},"sameAs":["http:\/\/www.bellunopress.it","https:\/\/x.com\/bellunopress"],"url":"https:\/\/www.bellunopress.it\/fr\/author\/redazione\/"}]}},"_links":{"self":[{"href":"https:\/\/www.bellunopress.it\/fr\/wp-json\/wp\/v2\/posts\/145946","targetHints":{"allow":["GET"]}}],"collection":[{"href":"https:\/\/www.bellunopress.it\/fr\/wp-json\/wp\/v2\/posts"}],"about":[{"href":"https:\/\/www.bellunopress.it\/fr\/wp-json\/wp\/v2\/types\/post"}],"author":[{"embeddable":true,"href":"https:\/\/www.bellunopress.it\/fr\/wp-json\/wp\/v2\/users\/2"}],"replies":[{"embeddable":true,"href":"https:\/\/www.bellunopress.it\/fr\/wp-json\/wp\/v2\/comments?post=145946"}],"version-history":[{"count":1,"href":"https:\/\/www.bellunopress.it\/fr\/wp-json\/wp\/v2\/posts\/145946\/revisions"}],"predecessor-version":[{"id":145948,"href":"https:\/\/www.bellunopress.it\/fr\/wp-json\/wp\/v2\/posts\/145946\/revisions\/145948"}],"wp:featuredmedia":[{"embeddable":true,"href":"https:\/\/www.bellunopress.it\/fr\/wp-json\/wp\/v2\/media\/145947"}],"wp:attachment":[{"href":"https:\/\/www.bellunopress.it\/fr\/wp-json\/wp\/v2\/media?parent=145946"}],"wp:term":[{"taxonomy":"category","embeddable":true,"href":"https:\/\/www.bellunopress.it\/fr\/wp-json\/wp\/v2\/categories?post=145946"},{"taxonomy":"post_tag","embeddable":true,"href":"https:\/\/www.bellunopress.it\/fr\/wp-json\/wp\/v2\/tags?post=145946"}],"curies":[{"name":"wp","href":"https:\/\/api.w.org\/{rel}","templated":true}]}}